{"id":136702,"date":"2022-04-14T17:34:20","date_gmt":"2022-04-15T00:34:20","guid":{"rendered":"https:\/\/www.sonoraenequipo.com.mx\/?p=136702"},"modified":"2022-04-14T17:34:20","modified_gmt":"2022-04-15T00:34:20","slug":"inflacion-en-espana-se-dispara-al-98-el-mas-alto-en-37-anos-por-aumentos-en-energeticos-y-alimentos","status":"publish","type":"post","link":"https:\/\/www.sonoraenequipo.com.mx\/inflacion-en-espana-se-dispara-al-98-el-mas-alto-en-37-anos-por-aumentos-en-energeticos-y-alimentos\/","title":{"rendered":"Inflaci\u00f3n en Espa\u00f1a se dispara al 9,8% el m\u00e1s alto en 37 a\u00f1os, por aumentos en energ\u00e9ticos y alimentos"},"content":{"rendered":"<p>&nbsp;<\/p>\n<p>MADRID,ESPA\u00d1A.\u25ac La electricidad se encarece un 107,8% en el \u00faltimo a\u00f1o, incluyendo las rebajas de impuestos, y los combustibles l\u00edquidos se disparan un 83% MADRID, 13 Abr. (El \u00cdndice de Precios de Consumo (IPC) subi\u00f3 un 3% en marzo en relaci\u00f3n al mes anterior y elev\u00f3 de golpe su tasa interanual m\u00e1s de dos puntos, hasta el 9,8%, su valor m\u00e1s alto en 37 a\u00f1os, concretamente desde mayo de 1985, seg\u00fan los datos definitivos publicados este mi\u00e9rcoles por el Instituto Nacional de Estad\u00edstica &#8230;, inform\u00f3 la agencia Europa Press con datos de INE instituto nacional de estad\u00edstica.<\/p>\n<p>&nbsp;<\/p>\n<p>Leer m\u00e1s: <a href=\"https:\/\/www.europapress.es\/economia\/macroeconomia-00338\/noticia-ine-confirma-ipc-marzo-escala-98-tasa-mas-alta-37-anos-luz-gasolinas-alimentos-20220413090036.html?utm_source=boletin&amp;utm_medium=email&amp;utm_campaign=ultimahora\">https:\/\/www.europapress.es\/economia\/macroeconomia-00338\/noticia-ine-confirma-ipc-marzo-escala-98-tasa-mas-alta-37-anos-luz-gasolinas-alimentos-20220413090036.html?utm_source=boletin&amp;utm_medium=email&amp;utm_campaign=ultimahora<\/a><\/p>\n<p>&nbsp;<\/p>\n<p><strong>Fecha de Publicaci\u00f3n jueves\/ 14 \/ abril\/ 2022<\/strong><\/p>\n<p>&nbsp;<\/p>\n","protected":false},"excerpt":{"rendered":"<p>&nbsp; MADRID,ESPA\u00d1A.\u25ac La electricidad se encarece un 107,8% en el \u00faltimo a\u00f1o, incluyendo las rebajas&#8230;<\/p>\n","protected":false},"author":24,"featured_media":136703,"comment_status":"open","ping_status":"open","sticky":false,"template":"","format":"standard","meta":{"_monsterinsights_skip_tracking":false,"_monsterinsights_sitenote_active":false,"_monsterinsights_sitenote_note":"","_monsterinsights_sitenote_category":0,"footnotes":""},"categories":[3],"tags":[],"class_list":["post"],"yoast_head":" \n<title>Sonora en Equipo. Inflaci\u00f3n en Espa\u00f1a se dispara al 9,8% el m\u00e1s alto en 37 a\u00f1os, por aumentos en energ\u00e9ticos y alimentos MUNDO<\/title>\n<meta name=\"description\" content=\"&nbsp; MADRID,ESPA\u00d1A.\u25ac La electricidad se encarece un 107,8% en el \u00faltimo a\u00f1o, incluyendo las rebajas de impuestos, y los combustibles l\u00edquidos se En Sonora en Equipo publicamos toda la informaci\u00f3n de Sonora, M\u00e9xico y el Mundo de manera oportuna y busca que la libertad de expresi\u00f3n sea real. Visita nuestro medio informativo publicado desde Hermosillo, Sonora. %\" \/>\n<meta name=\"robots\" content=\"index, follow, max-snippet:-1, max-image-preview:large, max-video-preview:-1\" \/>\n<link rel=\"canonical\" href=\"https:\/\/www.sonoraenequipo.com.mx\/inflacion-en-espana-se-dispara-al-98-el-mas-alto-en-37-anos-por-aumentos-en-energeticos-y-alimentos\/\" \/>\n<meta property=\"og:locale\" content=\"es_ES\" \/>\n<meta property=\"og:type\" content=\"article\" \/>\n<meta property=\"og:title\" content=\"Sonora en Equipo. Inflaci\u00f3n en Espa\u00f1a se dispara al 9,8% el m\u00e1s alto en 37 a\u00f1os, por aumentos en energ\u00e9ticos y alimentos MUNDO\" \/>\n<meta property=\"og:description\" content=\"&nbsp; MADRID,ESPA\u00d1A.\u25ac La electricidad se encarece un 107,8% en el \u00faltimo a\u00f1o, incluyendo las rebajas de impuestos, y los combustibles l\u00edquidos se En Sonora en Equipo publicamos toda la informaci\u00f3n de Sonora, M\u00e9xico y el Mundo de manera oportuna y busca que la libertad de expresi\u00f3n sea real. Visita nuestro medio informativo publicado desde Hermosillo, Sonora. %\" \/>\n<meta property=\"og:url\" content=\"https:\/\/www.sonoraenequipo.com.mx\/inflacion-en-espana-se-dispara-al-98-el-mas-alto-en-37-anos-por-aumentos-en-energeticos-y-alimentos\/\" \/>\n<meta property=\"og:site_name\" content=\"Sonora en Equipo.\" \/>\n<meta property=\"article:publisher\" content=\"https:\/\/www.facebook.com\/SonoraEE\/\" \/>\n<meta property=\"article:published_time\" content=\"2022-04-15T00:34:20+00:00\" \/>\n<meta property=\"og:image\" content=\"https:\/\/www.sonoraenequipo.com.mx\/storage\/2022\/04\/ipc-espana.jpg\" \/>\n\t<meta property=\"og:image:width\" content=\"700\" \/>\n\t<meta property=\"og:image:height\" content=\"400\" \/>\n\t<meta property=\"og:image:type\" content=\"image\/jpeg\" \/>\n<meta name=\"author\" content=\"Dionisio Estrada\" \/>\n<meta name=\"twitter:card\" content=\"summary_large_image\" \/>\n<meta name=\"twitter:creator\" content=\"@sonoraenequipo\" \/>\n<meta name=\"twitter:site\" content=\"@sonoraenequipo\" \/>\n<meta name=\"twitter:label1\" content=\"Escrito por\" \/>\n\t<meta name=\"twitter:data1\" content=\"Dionisio Estrada\" \/>\n\t<meta name=\"twitter:label2\" content=\"Tiempo de lectura\" \/>\n\t<meta name=\"twitter:data2\" content=\"1 minuto\" \/>\n<script type=\"application\/ld+json\" class=\"yoast-schema-graph\">{\"@context\":\"https:\/\/schema.org\",\"@graph\":[{\"@type\":\"Article\",\"@id\":\"https:\/\/www.sonoraenequipo.com.mx\/inflacion-en-espana-se-dispara-al-98-el-mas-alto-en-37-anos-por-aumentos-en-energeticos-y-alimentos\/#article\",\"isPartOf\":{\"@id\":\"https:\/\/www.sonoraenequipo.com.mx\/inflacion-en-espana-se-dispara-al-98-el-mas-alto-en-37-anos-por-aumentos-en-energeticos-y-alimentos\/\"},\"author\":{\"name\":\"Dionisio Estrada\",\"@id\":\"https:\/\/www.sonoraenequipo.com.mx\/#\/schema\/person\/0f77f045cfa5d412273a32be74d5b2f2\"},\"headline\":\"Inflaci\u00f3n en Espa\u00f1a se dispara al 9,8% el m\u00e1s alto en 37 a\u00f1os, por aumentos en energ\u00e9ticos y alimentos\",\"datePublished\":\"2022-04-15T00:34:20+00:00\",\"mainEntityOfPage\":{\"@id\":\"https:\/\/www.sonoraenequipo.com.mx\/inflacion-en-espana-se-dispara-al-98-el-mas-alto-en-37-anos-por-aumentos-en-energeticos-y-alimentos\/\"},\"wordCount\":157,\"commentCount\":0,\"publisher\":{\"@id\":\"https:\/\/www.sonoraenequipo.com.mx\/#organization\"},\"image\":{\"@id\":\"https:\/\/www.sonoraenequipo.com.mx\/inflacion-en-espana-se-dispara-al-98-el-mas-alto-en-37-anos-por-aumentos-en-energeticos-y-alimentos\/#primaryimage\"},\"thumbnailUrl\":\"https:\/\/www.sonoraenequipo.com.mx\/storage\/2022\/04\/ipc-espana.jpg\",\"articleSection\":[\"MUNDO\"],\"inLanguage\":\"es\",\"potentialAction\":[{\"@type\":\"CommentAction\",\"name\":\"Comment\",\"target\":[\"https:\/\/www.sonoraenequipo.com.mx\/inflacion-en-espana-se-dispara-al-98-el-mas-alto-en-37-anos-por-aumentos-en-energeticos-y-alimentos\/#respond\"]}]},{\"@type\":\"WebPage\",\"@id\":\"https:\/\/www.sonoraenequipo.com.mx\/inflacion-en-espana-se-dispara-al-98-el-mas-alto-en-37-anos-por-aumentos-en-energeticos-y-alimentos\/\",\"url\":\"https:\/\/www.sonoraenequipo.com.mx\/inflacion-en-espana-se-dispara-al-98-el-mas-alto-en-37-anos-por-aumentos-en-energeticos-y-alimentos\/\",\"name\":\"Sonora en Equipo. Inflaci\u00f3n en Espa\u00f1a se dispara al 9,8% el m\u00e1s alto en 37 a\u00f1os, por aumentos en energ\u00e9ticos y alimentos MUNDO\",\"isPartOf\":{\"@id\":\"https:\/\/www.sonoraenequipo.com.mx\/#website\"},\"primaryImageOfPage\":{\"@id\":\"https:\/\/www.sonoraenequipo.com.mx\/inflacion-en-espana-se-dispara-al-98-el-mas-alto-en-37-anos-por-aumentos-en-energeticos-y-alimentos\/#primaryimage\"},\"image\":{\"@id\":\"https:\/\/www.sonoraenequipo.com.mx\/inflacion-en-espana-se-dispara-al-98-el-mas-alto-en-37-anos-por-aumentos-en-energeticos-y-alimentos\/#primaryimage\"},\"thumbnailUrl\":\"https:\/\/www.sonoraenequipo.com.mx\/storage\/2022\/04\/ipc-espana.jpg\",\"datePublished\":\"2022-04-15T00:34:20+00:00\",\"description\":\"&nbsp; MADRID,ESPA\u00d1A.\u25ac La electricidad se encarece un 107,8% en el \u00faltimo a\u00f1o, incluyendo las rebajas de impuestos, y los combustibles l\u00edquidos se En Sonora en Equipo publicamos toda la informaci\u00f3n de Sonora, M\u00e9xico y el Mundo de manera oportuna y busca que la libertad de expresi\u00f3n sea real. Visita nuestro medio informativo publicado desde Hermosillo, Sonora. %\",\"breadcrumb\":{\"@id\":\"https:\/\/www.sonoraenequipo.com.mx\/inflacion-en-espana-se-dispara-al-98-el-mas-alto-en-37-anos-por-aumentos-en-energeticos-y-alimentos\/#breadcrumb\"},\"inLanguage\":\"es\",\"potentialAction\":[{\"@type\":\"ReadAction\",\"target\":[\"https:\/\/www.sonoraenequipo.com.mx\/inflacion-en-espana-se-dispara-al-98-el-mas-alto-en-37-anos-por-aumentos-en-energeticos-y-alimentos\/\"]}]},{\"@type\":\"ImageObject\",\"inLanguage\":\"es\",\"@id\":\"https:\/\/www.sonoraenequipo.com.mx\/inflacion-en-espana-se-dispara-al-98-el-mas-alto-en-37-anos-por-aumentos-en-energeticos-y-alimentos\/#primaryimage\",\"url\":\"https:\/\/www.sonoraenequipo.com.mx\/storage\/2022\/04\/ipc-espana.jpg\",\"contentUrl\":\"https:\/\/www.sonoraenequipo.com.mx\/storage\/2022\/04\/ipc-espana.jpg\",\"width\":700,\"height\":400,\"caption\":\"Un hombre hace la compra en un supermercado en Madrid.JUAN BARBOSA\"},{\"@type\":\"BreadcrumbList\",\"@id\":\"https:\/\/www.sonoraenequipo.com.mx\/inflacion-en-espana-se-dispara-al-98-el-mas-alto-en-37-anos-por-aumentos-en-energeticos-y-alimentos\/#breadcrumb\",\"itemListElement\":[{\"@type\":\"ListItem\",\"position\":1,\"name\":\"Portada\",\"item\":\"https:\/\/www.sonoraenequipo.com.mx\/\"},{\"@type\":\"ListItem\",\"position\":2,\"name\":\"Inflaci\u00f3n en Espa\u00f1a se dispara al 9,8% el m\u00e1s alto en 37 a\u00f1os, por aumentos en energ\u00e9ticos y alimentos\"}]},{\"@type\":\"WebSite\",\"@id\":\"https:\/\/www.sonoraenequipo.com.mx\/#website\",\"url\":\"https:\/\/www.sonoraenequipo.com.mx\/\",\"name\":\"Sonora en Equipo.\",\"description\":\"Diario en l\u00ednea con Noticias desde Hermosillo, Sonora\",\"publisher\":{\"@id\":\"https:\/\/www.sonoraenequipo.com.mx\/#organization\"},\"potentialAction\":[{\"@type\":\"SearchAction\",\"target\":{\"@type\":\"EntryPoint\",\"urlTemplate\":\"https:\/\/www.sonoraenequipo.com.mx\/?s={search_term_string}\"},\"query-input\":{\"@type\":\"PropertyValueSpecification\",\"valueRequired\":true,\"valueName\":\"search_term_string\"}}],\"inLanguage\":\"es\"},{\"@type\":\"Organization\",\"@id\":\"https:\/\/www.sonoraenequipo.com.mx\/#organization\",\"name\":\"Sonoraenequipo.com.mx\",\"url\":\"https:\/\/www.sonoraenequipo.com.mx\/\",\"logo\":{\"@type\":\"ImageObject\",\"inLanguage\":\"es\",\"@id\":\"https:\/\/www.sonoraenequipo.com.mx\/#\/schema\/logo\/image\/\",\"url\":\"https:\/\/www.sonoraenequipo.com.mx\/storage\/2019\/01\/sonoraenequipo_opt.png\",\"contentUrl\":\"https:\/\/www.sonoraenequipo.com.mx\/storage\/2019\/01\/sonoraenequipo_opt.png\",\"width\":375,\"height\":125,\"caption\":\"Sonoraenequipo.com.mx\"},\"image\":{\"@id\":\"https:\/\/www.sonoraenequipo.com.mx\/#\/schema\/logo\/image\/\"},\"sameAs\":[\"https:\/\/www.facebook.com\/SonoraEE\/\",\"https:\/\/x.com\/sonoraenequipo\",\"https:\/\/www.youtube.com\/channel\/UC338nW-lPEYmJQs4ZABQ1SQ\"]},{\"@type\":\"Person\",\"@id\":\"https:\/\/www.sonoraenequipo.com.mx\/#\/schema\/person\/0f77f045cfa5d412273a32be74d5b2f2\",\"name\":\"Dionisio Estrada\",\"image\":{\"@type\":\"ImageObject\",\"inLanguage\":\"es\",\"@id\":\"https:\/\/www.sonoraenequipo.com.mx\/#\/schema\/person\/image\/\",\"url\":\"https:\/\/secure.gravatar.com\/avatar\/73cdb642943186932636839910e38e7e207b5dc721341976549771f10ccb3a23?s=96&d=blank&r=g\",\"contentUrl\":\"https:\/\/secure.gravatar.com\/avatar\/73cdb642943186932636839910e38e7e207b5dc721341976549771f10ccb3a23?s=96&d=blank&r=g\",\"caption\":\"Dionisio Estrada\"}}]}<\/script>\n ","yoast_head_json":{"title":"Sonora en Equipo. Inflaci\u00f3n en Espa\u00f1a se dispara al 9,8% el m\u00e1s alto en 37 a\u00f1os, por aumentos en energ\u00e9ticos y alimentos MUNDO","description":"&nbsp; MADRID,ESPA\u00d1A.\u25ac La electricidad se encarece un 107,8% en el \u00faltimo a\u00f1o, incluyendo las rebajas de impuestos, y los combustibles l\u00edquidos se En Sonora en Equipo publicamos toda la informaci\u00f3n de Sonora, M\u00e9xico y el Mundo de manera oportuna y busca que la libertad de expresi\u00f3n sea real. Visita nuestro medio informativo publicado desde Hermosillo, Sonora. %","robots":{"index":"index","follow":"follow","max-snippet":"max-snippet:-1","max-image-preview":"max-image-preview:large","max-video-preview":"max-video-preview:-1"},"canonical":"https:\/\/www.sonoraenequipo.com.mx\/inflacion-en-espana-se-dispara-al-98-el-mas-alto-en-37-anos-por-aumentos-en-energeticos-y-alimentos\/","og_locale":"es_ES","og_type":"article","og_title":"Sonora en Equipo. Inflaci\u00f3n en Espa\u00f1a se dispara al 9,8% el m\u00e1s alto en 37 a\u00f1os, por aumentos en energ\u00e9ticos y alimentos MUNDO","og_description":"&nbsp; MADRID,ESPA\u00d1A.\u25ac La electricidad se encarece un 107,8% en el \u00faltimo a\u00f1o, incluyendo las rebajas de impuestos, y los combustibles l\u00edquidos se En Sonora en Equipo publicamos toda la informaci\u00f3n de Sonora, M\u00e9xico y el Mundo de manera oportuna y busca que la libertad de expresi\u00f3n sea real. Visita nuestro medio informativo publicado desde Hermosillo, Sonora. %","og_url":"https:\/\/www.sonoraenequipo.com.mx\/inflacion-en-espana-se-dispara-al-98-el-mas-alto-en-37-anos-por-aumentos-en-energeticos-y-alimentos\/","og_site_name":"Sonora en Equipo.","article_publisher":"https:\/\/www.facebook.com\/SonoraEE\/","article_published_time":"2022-04-15T00:34:20+00:00","og_image":[{"width":700,"height":400,"url":"https:\/\/www.sonoraenequipo.com.mx\/storage\/2022\/04\/ipc-espana.jpg","type":"image\/jpeg"}],"author":"Dionisio Estrada","twitter_card":"summary_large_image","twitter_creator":"@sonoraenequipo","twitter_site":"@sonoraenequipo","twitter_misc":{"Escrito por":"Dionisio Estrada","Tiempo de lectura":"1 minuto"},"schema":{"@context":"https:\/\/schema.org","@graph":[{"@type":"Article","@id":"https:\/\/www.sonoraenequipo.com.mx\/inflacion-en-espana-se-dispara-al-98-el-mas-alto-en-37-anos-por-aumentos-en-energeticos-y-alimentos\/#article","isPartOf":{"@id":"https:\/\/www.sonoraenequipo.com.mx\/inflacion-en-espana-se-dispara-al-98-el-mas-alto-en-37-anos-por-aumentos-en-energeticos-y-alimentos\/"},"author":{"name":"Dionisio Estrada","@id":"https:\/\/www.sonoraenequipo.com.mx\/#\/schema\/person\/0f77f045cfa5d412273a32be74d5b2f2"},"headline":"Inflaci\u00f3n en Espa\u00f1a se dispara al 9,8% el m\u00e1s alto en 37 a\u00f1os, por aumentos en energ\u00e9ticos y alimentos","datePublished":"2022-04-15T00:34:20+00:00","mainEntityOfPage":{"@id":"https:\/\/www.sonoraenequipo.com.mx\/inflacion-en-espana-se-dispara-al-98-el-mas-alto-en-37-anos-por-aumentos-en-energeticos-y-alimentos\/"},"wordCount":157,"commentCount":0,"publisher":{"@id":"https:\/\/www.sonoraenequipo.com.mx\/#organization"},"image":{"@id":"https:\/\/www.sonoraenequipo.com.mx\/inflacion-en-espana-se-dispara-al-98-el-mas-alto-en-37-anos-por-aumentos-en-energeticos-y-alimentos\/#primaryimage"},"thumbnailUrl":"https:\/\/www.sonoraenequipo.com.mx\/storage\/2022\/04\/ipc-espana.jpg","articleSection":["MUNDO"],"inLanguage":"es","potentialAction":[{"@type":"CommentAction","name":"Comment","target":["https:\/\/www.sonoraenequipo.com.mx\/inflacion-en-espana-se-dispara-al-98-el-mas-alto-en-37-anos-por-aumentos-en-energeticos-y-alimentos\/#respond"]}]},{"@type":"WebPage","@id":"https:\/\/www.sonoraenequipo.com.mx\/inflacion-en-espana-se-dispara-al-98-el-mas-alto-en-37-anos-por-aumentos-en-energeticos-y-alimentos\/","url":"https:\/\/www.sonoraenequipo.com.mx\/inflacion-en-espana-se-dispara-al-98-el-mas-alto-en-37-anos-por-aumentos-en-energeticos-y-alimentos\/","name":"Sonora en Equipo. Inflaci\u00f3n en Espa\u00f1a se dispara al 9,8% el m\u00e1s alto en 37 a\u00f1os, por aumentos en energ\u00e9ticos y alimentos MUNDO","isPartOf":{"@id":"https:\/\/www.sonoraenequipo.com.mx\/#website"},"primaryImageOfPage":{"@id":"https:\/\/www.sonoraenequipo.com.mx\/inflacion-en-espana-se-dispara-al-98-el-mas-alto-en-37-anos-por-aumentos-en-energeticos-y-alimentos\/#primaryimage"},"image":{"@id":"https:\/\/www.sonoraenequipo.com.mx\/inflacion-en-espana-se-dispara-al-98-el-mas-alto-en-37-anos-por-aumentos-en-energeticos-y-alimentos\/#primaryimage"},"thumbnailUrl":"https:\/\/www.sonoraenequipo.com.mx\/storage\/2022\/04\/ipc-espana.jpg","datePublished":"2022-04-15T00:34:20+00:00","description":"&nbsp; MADRID,ESPA\u00d1A.\u25ac La electricidad se encarece un 107,8% en el \u00faltimo a\u00f1o, incluyendo las rebajas de impuestos, y los combustibles l\u00edquidos se En Sonora en Equipo publicamos toda la informaci\u00f3n de Sonora, M\u00e9xico y el Mundo de manera oportuna y busca que la libertad de expresi\u00f3n sea real. Visita nuestro medio informativo publicado desde Hermosillo, Sonora. %","breadcrumb":{"@id":"https:\/\/www.sonoraenequipo.com.mx\/inflacion-en-espana-se-dispara-al-98-el-mas-alto-en-37-anos-por-aumentos-en-energeticos-y-alimentos\/#breadcrumb"},"inLanguage":"es","potentialAction":[{"@type":"ReadAction","target":["https:\/\/www.sonoraenequipo.com.mx\/inflacion-en-espana-se-dispara-al-98-el-mas-alto-en-37-anos-por-aumentos-en-energeticos-y-alimentos\/"]}]},{"@type":"ImageObject","inLanguage":"es","@id":"https:\/\/www.sonoraenequipo.com.mx\/inflacion-en-espana-se-dispara-al-98-el-mas-alto-en-37-anos-por-aumentos-en-energeticos-y-alimentos\/#primaryimage","url":"https:\/\/www.sonoraenequipo.com.mx\/storage\/2022\/04\/ipc-espana.jpg","contentUrl":"https:\/\/www.sonoraenequipo.com.mx\/storage\/2022\/04\/ipc-espana.jpg","width":700,"height":400,"caption":"Un hombre hace la compra en un supermercado en Madrid.JUAN BARBOSA"},{"@type":"BreadcrumbList","@id":"https:\/\/www.sonoraenequipo.com.mx\/inflacion-en-espana-se-dispara-al-98-el-mas-alto-en-37-anos-por-aumentos-en-energeticos-y-alimentos\/#breadcrumb","itemListElement":[{"@type":"ListItem","position":1,"name":"Portada","item":"https:\/\/www.sonoraenequipo.com.mx\/"},{"@type":"ListItem","position":2,"name":"Inflaci\u00f3n en Espa\u00f1a se dispara al 9,8% el m\u00e1s alto en 37 a\u00f1os, por aumentos en energ\u00e9ticos y alimentos"}]},{"@type":"WebSite","@id":"https:\/\/www.sonoraenequipo.com.mx\/#website","url":"https:\/\/www.sonoraenequipo.com.mx\/","name":"Sonora en Equipo.","description":"Diario en l\u00ednea con Noticias desde Hermosillo, Sonora","publisher":{"@id":"https:\/\/www.sonoraenequipo.com.mx\/#organization"},"potentialAction":[{"@type":"SearchAction","target":{"@type":"EntryPoint","urlTemplate":"https:\/\/www.sonoraenequipo.com.mx\/?s={search_term_string}"},"query-input":{"@type":"PropertyValueSpecification","valueRequired":true,"valueName":"search_term_string"}}],"inLanguage":"es"},{"@type":"Organization","@id":"https:\/\/www.sonoraenequipo.com.mx\/#organization","name":"Sonoraenequipo.com.mx","url":"https:\/\/www.sonoraenequipo.com.mx\/","logo":{"@type":"ImageObject","inLanguage":"es","@id":"https:\/\/www.sonoraenequipo.com.mx\/#\/schema\/logo\/image\/","url":"https:\/\/www.sonoraenequipo.com.mx\/storage\/2019\/01\/sonoraenequipo_opt.png","contentUrl":"https:\/\/www.sonoraenequipo.com.mx\/storage\/2019\/01\/sonoraenequipo_opt.png","width":375,"height":125,"caption":"Sonoraenequipo.com.mx"},"image":{"@id":"https:\/\/www.sonoraenequipo.com.mx\/#\/schema\/logo\/image\/"},"sameAs":["https:\/\/www.facebook.com\/SonoraEE\/","https:\/\/x.com\/sonoraenequipo","https:\/\/www.youtube.com\/channel\/UC338nW-lPEYmJQs4ZABQ1SQ"]},{"@type":"Person","@id":"https:\/\/www.sonoraenequipo.com.mx\/#\/schema\/person\/0f77f045cfa5d412273a32be74d5b2f2","name":"Dionisio Estrada","image":{"@type":"ImageObject","inLanguage":"es","@id":"https:\/\/www.sonoraenequipo.com.mx\/#\/schema\/person\/image\/","url":"https:\/\/secure.gravatar.com\/avatar\/73cdb642943186932636839910e38e7e207b5dc721341976549771f10ccb3a23?s=96&d=blank&r=g","contentUrl":"https:\/\/secure.gravatar.com\/avatar\/73cdb642943186932636839910e38e7e207b5dc721341976549771f10ccb3a23?s=96&d=blank&r=g","caption":"Dionisio Estrada"}}]}},"jetpack_featured_media_url":"https:\/\/www.sonoraenequipo.com.mx\/storage\/2022\/04\/ipc-espana.jpg","_links":{"self":[{"href":"https:\/\/www.sonoraenequipo.com.mx\/api\/wp\/v2\/posts\/136702","targetHints":{"allow":["GET"]}}],"collection":[{"href":"https:\/\/www.sonoraenequipo.com.mx\/api\/wp\/v2\/posts"}],"about":[{"href":"https:\/\/www.sonoraenequipo.com.mx\/api\/wp\/v2\/types\/post"}],"author":[{"embeddable":true,"href":"https:\/\/www.sonoraenequipo.com.mx\/api\/wp\/v2\/users\/24"}],"replies":[{"embeddable":true,"href":"https:\/\/www.sonoraenequipo.com.mx\/api\/wp\/v2\/comments?post=136702"}],"version-history":[{"count":1,"href":"https:\/\/www.sonoraenequipo.com.mx\/api\/wp\/v2\/posts\/136702\/revisions"}],"predecessor-version":[{"id":136704,"href":"https:\/\/www.sonoraenequipo.com.mx\/api\/wp\/v2\/posts\/136702\/revisions\/136704"}],"wp:featuredmedia":[{"embeddable":true,"href":"https:\/\/www.sonoraenequipo.com.mx\/api\/wp\/v2\/media\/136703"}],"wp:attachment":[{"href":"https:\/\/www.sonoraenequipo.com.mx\/api\/wp\/v2\/media?parent=136702"}],"wp:term":[{"taxonomy":"category","embeddable":true,"href":"https:\/\/www.sonoraenequipo.com.mx\/api\/wp\/v2\/categories?post=136702"},{"taxonomy":"post_tag","embeddable":true,"href":"https:\/\/www.sonoraenequipo.com.mx\/api\/wp\/v2\/tags?post=136702"}],"curies":[{"name":"wp","href":"https:\/\/api.w.org\/{rel}","templated":true}]}}