{"id":136706,"date":"2022-04-14T19:15:25","date_gmt":"2022-04-15T02:15:25","guid":{"rendered":"https:\/\/www.sonoraenequipo.com.mx\/?p=136706"},"modified":"2022-04-14T22:19:42","modified_gmt":"2022-04-15T05:19:42","slug":"principe-saudi-rechaza-oferta-de-musk-para-comprar-twitter","status":"publish","type":"post","link":"https:\/\/www.sonoraenequipo.com.mx\/principe-saudi-rechaza-oferta-de-musk-para-comprar-twitter\/","title":{"rendered":"Pr\u00edncipe saud\u00ed rechaza oferta de Musk para comprar Twitter"},"content":{"rendered":"<p>ARABIA SAUDITA. \u2014 El pr\u00edncipe saud\u00ed Al Waleed bin Talal afirm\u00f3 este jueves que, como uno de los principales accionistas de Twitter, rechaza la oferta del multimillonario sudafricano Elon Musk, consejero delegado de Tesla, de 43,000 millones de d\u00f3lares (cerca de 40,000 millones de euros) para comprar la red social.<\/p>\n<p>&nbsp;<\/p>\n<p> <\/p>\n<p>&nbsp;<\/p>\n<p>\u201cNo creo que la oferta propuesta por Elon Musk (54.20 d\u00f3lares por acci\u00f3n) se acerque al valor intr\u00ednseco de Twitter dadas sus perspectivas de crecimiento\u201d, dijo el pr\u00edncipe en su cuenta oficial de Twitter.<\/p>\n<p>&nbsp;<\/p>\n<p><em>\u201cSiendo uno de los mayores accionistas a largo plazo de Twitter, Kingdom Holding Company (KHC) y yo rechazamos esta oferta<\/em>\u201d, afirm\u00f3 en la publicaci\u00f3n.<\/p>\n<p>&nbsp;<\/p>\n<p>&nbsp;<\/p>\n<p>En un aviso enviado a la Comisi\u00f3n de Bolsa y Valores de EEUU (SEC), Musk -considerado el hombre m\u00e1s rico del mundo seg\u00fan Forbes-, ofreci\u00f3 54.20 d\u00f3lares por acci\u00f3n en efectivo.<\/p>\n<p>&nbsp;<\/p>\n<p>&nbsp;<\/p>\n<p>Esta cifra representa una prima del 54% sobre el precio de cierre del pasado 28 de enero, el d\u00eda antes de que el multimillonario empezara a invertir en Twitter.<\/p>\n<p>&nbsp;<\/p>\n<p>&nbsp;<\/p>\n<p>En la actualidad el consejero delegado de Tesla posee en torno al 9% del total de acciones de Twitter, lo que lo convierte en el mayor accionista de la red social.<\/p>\n<p>&nbsp;<\/p>\n<p>&nbsp;<\/p>\n<p>Elon Musk lleva meses siendo muy cr\u00edtico con la red social y ha puesto en duda que sus normas se adhirieran \u201crigurosamente\u201d al principio de la libertad de expresi\u00f3n.<\/p>\n<p>&nbsp;<\/p>\n<p>&nbsp;<\/p>\n<p>La oferta llega despu\u00e9s de varios d\u00edas copados de titulares sobre Musk y Twitter y en los que ha habido mucha confusi\u00f3n en torno al papel que iba a desempe\u00f1ar en la empresa.<\/p>\n<p>&nbsp;<\/p>\n<p>&nbsp;<\/p>\n<p>La \u00faltima de aquellas noticias se produjo el domingo, cuando se revel\u00f3 que Musk finalmente no formar\u00eda parte de la junta directiva de Twitter, despu\u00e9s de que la semana anterior se hubiera anunciado lo contrario.<\/p>\n<p>&nbsp;<\/p>\n<p>&nbsp;<\/p>\n<p>(publicado el 14\/04\/2022 \/Con informaci\u00f3n de EFE)<\/p>\n","protected":false},"excerpt":{"rendered":"<p>ARABIA SAUDITA. \u2014 El pr\u00edncipe saud\u00ed Al Waleed bin Talal afirm\u00f3 este jueves que, como&#8230;<\/p>\n","protected":false},"author":1,"featured_media":136708,"comment_status":"open","ping_status":"open","sticky":false,"template":"","format":"standard","meta":{"_monsterinsights_skip_tracking":false,"_monsterinsights_sitenote_active":false,"_monsterinsights_sitenote_note":"","_monsterinsights_sitenote_category":0,"footnotes":""},"categories":[3],"tags":[],"class_list":["post"],"yoast_head":" \n<title>Sonora en Equipo. Pr\u00edncipe saud\u00ed rechaza oferta de Musk para comprar Twitter MUNDO<\/title>\n<meta name=\"description\" content=\"ARABIA SAUDITA. \u2014 El pr\u00edncipe saud\u00ed Al Waleed bin Talal afirm\u00f3 este jueves que, como uno de los principales accionistas de Twitter, rechaza la oferta del En Sonora en Equipo publicamos toda la informaci\u00f3n de Sonora, M\u00e9xico y el Mundo de manera oportuna y busca que la libertad de expresi\u00f3n sea real. Visita nuestro medio informativo publicado desde Hermosillo, Sonora. %\" \/>\n<meta name=\"robots\" content=\"index, follow, max-snippet:-1, max-image-preview:large, max-video-preview:-1\" \/>\n<link rel=\"canonical\" href=\"https:\/\/www.sonoraenequipo.com.mx\/principe-saudi-rechaza-oferta-de-musk-para-comprar-twitter\/\" \/>\n<meta property=\"og:locale\" content=\"es_ES\" \/>\n<meta property=\"og:type\" content=\"article\" \/>\n<meta property=\"og:title\" content=\"Sonora en Equipo. Pr\u00edncipe saud\u00ed rechaza oferta de Musk para comprar Twitter MUNDO\" \/>\n<meta property=\"og:description\" content=\"ARABIA SAUDITA. \u2014 El pr\u00edncipe saud\u00ed Al Waleed bin Talal afirm\u00f3 este jueves que, como uno de los principales accionistas de Twitter, rechaza la oferta del En Sonora en Equipo publicamos toda la informaci\u00f3n de Sonora, M\u00e9xico y el Mundo de manera oportuna y busca que la libertad de expresi\u00f3n sea real. Visita nuestro medio informativo publicado desde Hermosillo, Sonora. %\" \/>\n<meta property=\"og:url\" content=\"https:\/\/www.sonoraenequipo.com.mx\/principe-saudi-rechaza-oferta-de-musk-para-comprar-twitter\/\" \/>\n<meta property=\"og:site_name\" content=\"Sonora en Equipo.\" \/>\n<meta property=\"article:publisher\" content=\"https:\/\/www.facebook.com\/SonoraEE\/\" \/>\n<meta property=\"article:author\" content=\"https:\/\/www.facebook.com\/SonoraEE\" \/>\n<meta property=\"article:published_time\" content=\"2022-04-15T02:15:25+00:00\" \/>\n<meta property=\"article:modified_time\" content=\"2022-04-15T05:19:42+00:00\" \/>\n<meta property=\"og:image\" content=\"https:\/\/www.sonoraenequipo.com.mx\/storage\/2022\/04\/principe-saudi.jpg\" \/>\n\t<meta property=\"og:image:width\" content=\"700\" \/>\n\t<meta property=\"og:image:height\" content=\"400\" \/>\n\t<meta property=\"og:image:type\" content=\"image\/jpeg\" \/>\n<meta name=\"author\" content=\"enequipo\" \/>\n<meta name=\"twitter:card\" content=\"summary_large_image\" \/>\n<meta name=\"twitter:creator\" content=\"@sonoraenequipo\" \/>\n<meta name=\"twitter:site\" content=\"@sonoraenequipo\" \/>\n<meta name=\"twitter:label1\" content=\"Escrito por\" \/>\n\t<meta name=\"twitter:data1\" content=\"enequipo\" \/>\n\t<meta name=\"twitter:label2\" content=\"Tiempo de lectura\" \/>\n\t<meta name=\"twitter:data2\" content=\"2 minutos\" \/>\n<script type=\"application\/ld+json\" class=\"yoast-schema-graph\">{\"@context\":\"https:\/\/schema.org\",\"@graph\":[{\"@type\":\"Article\",\"@id\":\"https:\/\/www.sonoraenequipo.com.mx\/principe-saudi-rechaza-oferta-de-musk-para-comprar-twitter\/#article\",\"isPartOf\":{\"@id\":\"https:\/\/www.sonoraenequipo.com.mx\/principe-saudi-rechaza-oferta-de-musk-para-comprar-twitter\/\"},\"author\":{\"name\":\"enequipo\",\"@id\":\"https:\/\/www.sonoraenequipo.com.mx\/#\/schema\/person\/50102df0fb23a8fa9e8effad8fa81386\"},\"headline\":\"Pr\u00edncipe saud\u00ed rechaza oferta de Musk para comprar Twitter\",\"datePublished\":\"2022-04-15T02:15:25+00:00\",\"dateModified\":\"2022-04-15T05:19:42+00:00\",\"mainEntityOfPage\":{\"@id\":\"https:\/\/www.sonoraenequipo.com.mx\/principe-saudi-rechaza-oferta-de-musk-para-comprar-twitter\/\"},\"wordCount\":343,\"commentCount\":0,\"publisher\":{\"@id\":\"https:\/\/www.sonoraenequipo.com.mx\/#organization\"},\"image\":{\"@id\":\"https:\/\/www.sonoraenequipo.com.mx\/principe-saudi-rechaza-oferta-de-musk-para-comprar-twitter\/#primaryimage\"},\"thumbnailUrl\":\"https:\/\/www.sonoraenequipo.com.mx\/storage\/2022\/04\/principe-saudi.jpg\",\"articleSection\":[\"MUNDO\"],\"inLanguage\":\"es\",\"potentialAction\":[{\"@type\":\"CommentAction\",\"name\":\"Comment\",\"target\":[\"https:\/\/www.sonoraenequipo.com.mx\/principe-saudi-rechaza-oferta-de-musk-para-comprar-twitter\/#respond\"]}]},{\"@type\":\"WebPage\",\"@id\":\"https:\/\/www.sonoraenequipo.com.mx\/principe-saudi-rechaza-oferta-de-musk-para-comprar-twitter\/\",\"url\":\"https:\/\/www.sonoraenequipo.com.mx\/principe-saudi-rechaza-oferta-de-musk-para-comprar-twitter\/\",\"name\":\"Sonora en Equipo. Pr\u00edncipe saud\u00ed rechaza oferta de Musk para comprar Twitter MUNDO\",\"isPartOf\":{\"@id\":\"https:\/\/www.sonoraenequipo.com.mx\/#website\"},\"primaryImageOfPage\":{\"@id\":\"https:\/\/www.sonoraenequipo.com.mx\/principe-saudi-rechaza-oferta-de-musk-para-comprar-twitter\/#primaryimage\"},\"image\":{\"@id\":\"https:\/\/www.sonoraenequipo.com.mx\/principe-saudi-rechaza-oferta-de-musk-para-comprar-twitter\/#primaryimage\"},\"thumbnailUrl\":\"https:\/\/www.sonoraenequipo.com.mx\/storage\/2022\/04\/principe-saudi.jpg\",\"datePublished\":\"2022-04-15T02:15:25+00:00\",\"dateModified\":\"2022-04-15T05:19:42+00:00\",\"description\":\"ARABIA SAUDITA. \u2014 El pr\u00edncipe saud\u00ed Al Waleed bin Talal afirm\u00f3 este jueves que, como uno de los principales accionistas de Twitter, rechaza la oferta del En Sonora en Equipo publicamos toda la informaci\u00f3n de Sonora, M\u00e9xico y el Mundo de manera oportuna y busca que la libertad de expresi\u00f3n sea real. Visita nuestro medio informativo publicado desde Hermosillo, Sonora. %\",\"breadcrumb\":{\"@id\":\"https:\/\/www.sonoraenequipo.com.mx\/principe-saudi-rechaza-oferta-de-musk-para-comprar-twitter\/#breadcrumb\"},\"inLanguage\":\"es\",\"potentialAction\":[{\"@type\":\"ReadAction\",\"target\":[\"https:\/\/www.sonoraenequipo.com.mx\/principe-saudi-rechaza-oferta-de-musk-para-comprar-twitter\/\"]}]},{\"@type\":\"ImageObject\",\"inLanguage\":\"es\",\"@id\":\"https:\/\/www.sonoraenequipo.com.mx\/principe-saudi-rechaza-oferta-de-musk-para-comprar-twitter\/#primaryimage\",\"url\":\"https:\/\/www.sonoraenequipo.com.mx\/storage\/2022\/04\/principe-saudi.jpg\",\"contentUrl\":\"https:\/\/www.sonoraenequipo.com.mx\/storage\/2022\/04\/principe-saudi.jpg\",\"width\":700,\"height\":400},{\"@type\":\"BreadcrumbList\",\"@id\":\"https:\/\/www.sonoraenequipo.com.mx\/principe-saudi-rechaza-oferta-de-musk-para-comprar-twitter\/#breadcrumb\",\"itemListElement\":[{\"@type\":\"ListItem\",\"position\":1,\"name\":\"Portada\",\"item\":\"https:\/\/www.sonoraenequipo.com.mx\/\"},{\"@type\":\"ListItem\",\"position\":2,\"name\":\"Pr\u00edncipe saud\u00ed rechaza oferta de Musk para comprar Twitter\"}]},{\"@type\":\"WebSite\",\"@id\":\"https:\/\/www.sonoraenequipo.com.mx\/#website\",\"url\":\"https:\/\/www.sonoraenequipo.com.mx\/\",\"name\":\"Sonora en Equipo.\",\"description\":\"Diario en l\u00ednea con Noticias desde Hermosillo, Sonora\",\"publisher\":{\"@id\":\"https:\/\/www.sonoraenequipo.com.mx\/#organization\"},\"potentialAction\":[{\"@type\":\"SearchAction\",\"target\":{\"@type\":\"EntryPoint\",\"urlTemplate\":\"https:\/\/www.sonoraenequipo.com.mx\/?s={search_term_string}\"},\"query-input\":{\"@type\":\"PropertyValueSpecification\",\"valueRequired\":true,\"valueName\":\"search_term_string\"}}],\"inLanguage\":\"es\"},{\"@type\":\"Organization\",\"@id\":\"https:\/\/www.sonoraenequipo.com.mx\/#organization\",\"name\":\"Sonoraenequipo.com.mx\",\"url\":\"https:\/\/www.sonoraenequipo.com.mx\/\",\"logo\":{\"@type\":\"ImageObject\",\"inLanguage\":\"es\",\"@id\":\"https:\/\/www.sonoraenequipo.com.mx\/#\/schema\/logo\/image\/\",\"url\":\"https:\/\/www.sonoraenequipo.com.mx\/storage\/2019\/01\/sonoraenequipo_opt.png\",\"contentUrl\":\"https:\/\/www.sonoraenequipo.com.mx\/storage\/2019\/01\/sonoraenequipo_opt.png\",\"width\":375,\"height\":125,\"caption\":\"Sonoraenequipo.com.mx\"},\"image\":{\"@id\":\"https:\/\/www.sonoraenequipo.com.mx\/#\/schema\/logo\/image\/\"},\"sameAs\":[\"https:\/\/www.facebook.com\/SonoraEE\/\",\"https:\/\/x.com\/sonoraenequipo\",\"https:\/\/www.youtube.com\/channel\/UC338nW-lPEYmJQs4ZABQ1SQ\"]},{\"@type\":\"Person\",\"@id\":\"https:\/\/www.sonoraenequipo.com.mx\/#\/schema\/person\/50102df0fb23a8fa9e8effad8fa81386\",\"name\":\"enequipo\",\"image\":{\"@type\":\"ImageObject\",\"inLanguage\":\"es\",\"@id\":\"https:\/\/www.sonoraenequipo.com.mx\/#\/schema\/person\/image\/\",\"url\":\"https:\/\/secure.gravatar.com\/avatar\/049821681b589dabc0bc20695993ccebb09f5b5d4d790cd9251b97faac7c652b?s=96&d=blank&r=g\",\"contentUrl\":\"https:\/\/secure.gravatar.com\/avatar\/049821681b589dabc0bc20695993ccebb09f5b5d4d790cd9251b97faac7c652b?s=96&d=blank&r=g\",\"caption\":\"enequipo\"},\"sameAs\":[\"https:\/\/www.facebook.com\/SonoraEE\"]}]}<\/script>\n ","yoast_head_json":{"title":"Sonora en Equipo. Pr\u00edncipe saud\u00ed rechaza oferta de Musk para comprar Twitter MUNDO","description":"ARABIA SAUDITA. \u2014 El pr\u00edncipe saud\u00ed Al Waleed bin Talal afirm\u00f3 este jueves que, como uno de los principales accionistas de Twitter, rechaza la oferta del En Sonora en Equipo publicamos toda la informaci\u00f3n de Sonora, M\u00e9xico y el Mundo de manera oportuna y busca que la libertad de expresi\u00f3n sea real. Visita nuestro medio informativo publicado desde Hermosillo, Sonora. %","robots":{"index":"index","follow":"follow","max-snippet":"max-snippet:-1","max-image-preview":"max-image-preview:large","max-video-preview":"max-video-preview:-1"},"canonical":"https:\/\/www.sonoraenequipo.com.mx\/principe-saudi-rechaza-oferta-de-musk-para-comprar-twitter\/","og_locale":"es_ES","og_type":"article","og_title":"Sonora en Equipo. Pr\u00edncipe saud\u00ed rechaza oferta de Musk para comprar Twitter MUNDO","og_description":"ARABIA SAUDITA. \u2014 El pr\u00edncipe saud\u00ed Al Waleed bin Talal afirm\u00f3 este jueves que, como uno de los principales accionistas de Twitter, rechaza la oferta del En Sonora en Equipo publicamos toda la informaci\u00f3n de Sonora, M\u00e9xico y el Mundo de manera oportuna y busca que la libertad de expresi\u00f3n sea real. Visita nuestro medio informativo publicado desde Hermosillo, Sonora. %","og_url":"https:\/\/www.sonoraenequipo.com.mx\/principe-saudi-rechaza-oferta-de-musk-para-comprar-twitter\/","og_site_name":"Sonora en Equipo.","article_publisher":"https:\/\/www.facebook.com\/SonoraEE\/","article_author":"https:\/\/www.facebook.com\/SonoraEE","article_published_time":"2022-04-15T02:15:25+00:00","article_modified_time":"2022-04-15T05:19:42+00:00","og_image":[{"width":700,"height":400,"url":"https:\/\/www.sonoraenequipo.com.mx\/storage\/2022\/04\/principe-saudi.jpg","type":"image\/jpeg"}],"author":"enequipo","twitter_card":"summary_large_image","twitter_creator":"@sonoraenequipo","twitter_site":"@sonoraenequipo","twitter_misc":{"Escrito por":"enequipo","Tiempo de lectura":"2 minutos"},"schema":{"@context":"https:\/\/schema.org","@graph":[{"@type":"Article","@id":"https:\/\/www.sonoraenequipo.com.mx\/principe-saudi-rechaza-oferta-de-musk-para-comprar-twitter\/#article","isPartOf":{"@id":"https:\/\/www.sonoraenequipo.com.mx\/principe-saudi-rechaza-oferta-de-musk-para-comprar-twitter\/"},"author":{"name":"enequipo","@id":"https:\/\/www.sonoraenequipo.com.mx\/#\/schema\/person\/50102df0fb23a8fa9e8effad8fa81386"},"headline":"Pr\u00edncipe saud\u00ed rechaza oferta de Musk para comprar Twitter","datePublished":"2022-04-15T02:15:25+00:00","dateModified":"2022-04-15T05:19:42+00:00","mainEntityOfPage":{"@id":"https:\/\/www.sonoraenequipo.com.mx\/principe-saudi-rechaza-oferta-de-musk-para-comprar-twitter\/"},"wordCount":343,"commentCount":0,"publisher":{"@id":"https:\/\/www.sonoraenequipo.com.mx\/#organization"},"image":{"@id":"https:\/\/www.sonoraenequipo.com.mx\/principe-saudi-rechaza-oferta-de-musk-para-comprar-twitter\/#primaryimage"},"thumbnailUrl":"https:\/\/www.sonoraenequipo.com.mx\/storage\/2022\/04\/principe-saudi.jpg","articleSection":["MUNDO"],"inLanguage":"es","potentialAction":[{"@type":"CommentAction","name":"Comment","target":["https:\/\/www.sonoraenequipo.com.mx\/principe-saudi-rechaza-oferta-de-musk-para-comprar-twitter\/#respond"]}]},{"@type":"WebPage","@id":"https:\/\/www.sonoraenequipo.com.mx\/principe-saudi-rechaza-oferta-de-musk-para-comprar-twitter\/","url":"https:\/\/www.sonoraenequipo.com.mx\/principe-saudi-rechaza-oferta-de-musk-para-comprar-twitter\/","name":"Sonora en Equipo. Pr\u00edncipe saud\u00ed rechaza oferta de Musk para comprar Twitter MUNDO","isPartOf":{"@id":"https:\/\/www.sonoraenequipo.com.mx\/#website"},"primaryImageOfPage":{"@id":"https:\/\/www.sonoraenequipo.com.mx\/principe-saudi-rechaza-oferta-de-musk-para-comprar-twitter\/#primaryimage"},"image":{"@id":"https:\/\/www.sonoraenequipo.com.mx\/principe-saudi-rechaza-oferta-de-musk-para-comprar-twitter\/#primaryimage"},"thumbnailUrl":"https:\/\/www.sonoraenequipo.com.mx\/storage\/2022\/04\/principe-saudi.jpg","datePublished":"2022-04-15T02:15:25+00:00","dateModified":"2022-04-15T05:19:42+00:00","description":"ARABIA SAUDITA. \u2014 El pr\u00edncipe saud\u00ed Al Waleed bin Talal afirm\u00f3 este jueves que, como uno de los principales accionistas de Twitter, rechaza la oferta del En Sonora en Equipo publicamos toda la informaci\u00f3n de Sonora, M\u00e9xico y el Mundo de manera oportuna y busca que la libertad de expresi\u00f3n sea real. Visita nuestro medio informativo publicado desde Hermosillo, Sonora. %","breadcrumb":{"@id":"https:\/\/www.sonoraenequipo.com.mx\/principe-saudi-rechaza-oferta-de-musk-para-comprar-twitter\/#breadcrumb"},"inLanguage":"es","potentialAction":[{"@type":"ReadAction","target":["https:\/\/www.sonoraenequipo.com.mx\/principe-saudi-rechaza-oferta-de-musk-para-comprar-twitter\/"]}]},{"@type":"ImageObject","inLanguage":"es","@id":"https:\/\/www.sonoraenequipo.com.mx\/principe-saudi-rechaza-oferta-de-musk-para-comprar-twitter\/#primaryimage","url":"https:\/\/www.sonoraenequipo.com.mx\/storage\/2022\/04\/principe-saudi.jpg","contentUrl":"https:\/\/www.sonoraenequipo.com.mx\/storage\/2022\/04\/principe-saudi.jpg","width":700,"height":400},{"@type":"BreadcrumbList","@id":"https:\/\/www.sonoraenequipo.com.mx\/principe-saudi-rechaza-oferta-de-musk-para-comprar-twitter\/#breadcrumb","itemListElement":[{"@type":"ListItem","position":1,"name":"Portada","item":"https:\/\/www.sonoraenequipo.com.mx\/"},{"@type":"ListItem","position":2,"name":"Pr\u00edncipe saud\u00ed rechaza oferta de Musk para comprar Twitter"}]},{"@type":"WebSite","@id":"https:\/\/www.sonoraenequipo.com.mx\/#website","url":"https:\/\/www.sonoraenequipo.com.mx\/","name":"Sonora en Equipo.","description":"Diario en l\u00ednea con Noticias desde Hermosillo, Sonora","publisher":{"@id":"https:\/\/www.sonoraenequipo.com.mx\/#organization"},"potentialAction":[{"@type":"SearchAction","target":{"@type":"EntryPoint","urlTemplate":"https:\/\/www.sonoraenequipo.com.mx\/?s={search_term_string}"},"query-input":{"@type":"PropertyValueSpecification","valueRequired":true,"valueName":"search_term_string"}}],"inLanguage":"es"},{"@type":"Organization","@id":"https:\/\/www.sonoraenequipo.com.mx\/#organization","name":"Sonoraenequipo.com.mx","url":"https:\/\/www.sonoraenequipo.com.mx\/","logo":{"@type":"ImageObject","inLanguage":"es","@id":"https:\/\/www.sonoraenequipo.com.mx\/#\/schema\/logo\/image\/","url":"https:\/\/www.sonoraenequipo.com.mx\/storage\/2019\/01\/sonoraenequipo_opt.png","contentUrl":"https:\/\/www.sonoraenequipo.com.mx\/storage\/2019\/01\/sonoraenequipo_opt.png","width":375,"height":125,"caption":"Sonoraenequipo.com.mx"},"image":{"@id":"https:\/\/www.sonoraenequipo.com.mx\/#\/schema\/logo\/image\/"},"sameAs":["https:\/\/www.facebook.com\/SonoraEE\/","https:\/\/x.com\/sonoraenequipo","https:\/\/www.youtube.com\/channel\/UC338nW-lPEYmJQs4ZABQ1SQ"]},{"@type":"Person","@id":"https:\/\/www.sonoraenequipo.com.mx\/#\/schema\/person\/50102df0fb23a8fa9e8effad8fa81386","name":"enequipo","image":{"@type":"ImageObject","inLanguage":"es","@id":"https:\/\/www.sonoraenequipo.com.mx\/#\/schema\/person\/image\/","url":"https:\/\/secure.gravatar.com\/avatar\/049821681b589dabc0bc20695993ccebb09f5b5d4d790cd9251b97faac7c652b?s=96&d=blank&r=g","contentUrl":"https:\/\/secure.gravatar.com\/avatar\/049821681b589dabc0bc20695993ccebb09f5b5d4d790cd9251b97faac7c652b?s=96&d=blank&r=g","caption":"enequipo"},"sameAs":["https:\/\/www.facebook.com\/SonoraEE"]}]}},"jetpack_featured_media_url":"https:\/\/www.sonoraenequipo.com.mx\/storage\/2022\/04\/principe-saudi.jpg","_links":{"self":[{"href":"https:\/\/www.sonoraenequipo.com.mx\/api\/wp\/v2\/posts\/136706","targetHints":{"allow":["GET"]}}],"collection":[{"href":"https:\/\/www.sonoraenequipo.com.mx\/api\/wp\/v2\/posts"}],"about":[{"href":"https:\/\/www.sonoraenequipo.com.mx\/api\/wp\/v2\/types\/post"}],"author":[{"embeddable":true,"href":"https:\/\/www.sonoraenequipo.com.mx\/api\/wp\/v2\/users\/1"}],"replies":[{"embeddable":true,"href":"https:\/\/www.sonoraenequipo.com.mx\/api\/wp\/v2\/comments?post=136706"}],"version-history":[{"count":1,"href":"https:\/\/www.sonoraenequipo.com.mx\/api\/wp\/v2\/posts\/136706\/revisions"}],"predecessor-version":[{"id":136710,"href":"https:\/\/www.sonoraenequipo.com.mx\/api\/wp\/v2\/posts\/136706\/revisions\/136710"}],"wp:featuredmedia":[{"embeddable":true,"href":"https:\/\/www.sonoraenequipo.com.mx\/api\/wp\/v2\/media\/136708"}],"wp:attachment":[{"href":"https:\/\/www.sonoraenequipo.com.mx\/api\/wp\/v2\/media?parent=136706"}],"wp:term":[{"taxonomy":"category","embeddable":true,"href":"https:\/\/www.sonoraenequipo.com.mx\/api\/wp\/v2\/categories?post=136706"},{"taxonomy":"post_tag","embeddable":true,"href":"https:\/\/www.sonoraenequipo.com.mx\/api\/wp\/v2\/tags?post=136706"}],"curies":[{"name":"wp","href":"https:\/\/api.w.org\/{rel}","templated":true}]}}