{"id":136712,"date":"2022-04-14T22:40:22","date_gmt":"2022-04-15T05:40:22","guid":{"rendered":"https:\/\/www.sonoraenequipo.com.mx\/?p=136712"},"modified":"2022-04-15T19:39:33","modified_gmt":"2022-04-16T02:39:33","slug":"asos-covid-19-en-el-mundo-superan-los-500-millones-por-subvariante-ba-2","status":"publish","type":"post","link":"https:\/\/www.sonoraenequipo.com.mx\/asos-covid-19-en-el-mundo-superan-los-500-millones-por-subvariante-ba-2\/","title":{"rendered":"Casos COVID-19 en el mundo superan los 500 millones por subvariante BA.2"},"content":{"rendered":"<p>CIUDAD DE M\u00c9XICO. MX. \u2014 El jueves (14.04.2022) se superaron los 500 millones de casos de COVID-19 en todo el mundo, seg\u00fan un recuento de Reuters, a medida que la altamente contagiosa subvariante BA.2 de \u00f3micron aumenta en muchos pa\u00edses de Europa y Asia.<\/p>\n<p>&nbsp;<\/p>\n<p> <\/p>\n<p>&nbsp;<\/p>\n<p>El aumento de la BA.2 se ha atribuido a los recientes repuntes en China, as\u00ed como al r\u00e9cord de infecciones en Europa. Se la ha denominado \u201cvariante sigilosa\u201d porque es algo m\u00e1s dif\u00edcil de rastrear que otras.<\/p>\n<p>&nbsp;<\/p>\n<p>Corea del Sur lidera la media diaria de nuevos casos, registrando m\u00e1s de 182,000 nuevas infecciones al d\u00eda y representando uno de cada cuatro contagios de coronavirus a nivel mundial, seg\u00fan un an\u00e1lisis de Reuters.<\/p>\n<p>&nbsp;<\/p>\n<p>Los nuevos casos aumentan en 20 de los m\u00e1s de 240 pa\u00edses y territorios rastreados, incluidos Taiw\u00e1n, Tailandia y But\u00e1n.<\/p>\n<p>&nbsp;<\/p>\n<p>Shangh\u00e1i est\u00e1 luchando contra el peor brote de COVID-19 en China desde que el virus surgi\u00f3 por primera vez en Wuhan a finales de 2019, con casi 25.000 nuevos casos locales reportados, aunque la pol\u00edtica de cuarentena de la ciudad es criticada por separar a los ni\u00f1os de sus padres y poner a los casos asintom\u00e1ticos con los que tienen s\u00edntomas.<\/p>\n<p>&nbsp;<\/p>\n<p>\u201cLa prevenci\u00f3n y el control de la epidemia en Shangh\u00e1i est\u00e1n en la etapa m\u00e1s dif\u00edcil y m\u00e1s cr\u00edtica\u201d, dijo Wu Qianyu, funcionario de la comisi\u00f3n municipal de salud, en una sesi\u00f3n informativa.<\/p>\n<p>&nbsp;<\/p>\n<p>&nbsp;<\/p>\n<p>Europa y EEUU siguen afectados<\/p>\n<p>&nbsp;<\/p>\n<p>En algunos pa\u00edses europeos se est\u00e1 produciendo un aumento m\u00e1s lento de los nuevos casos, o incluso un descenso, pero la regi\u00f3n sigue registrando m\u00e1s de un mill\u00f3n de casos cada dos d\u00edas, seg\u00fan el recuento de Reuters.<\/p>\n<p>&nbsp;<\/p>\n<p>En Alemania, la media de siete d\u00edas de nuevos contagios baj\u00f3 y se sit\u00faa ahora en el 59% de su pico anterior a fines de marzo. Los nuevos casos tambi\u00e9n est\u00e1n disminuyendo en el Reino Unido e Italia, mientras que se mantienen estables en Francia.<\/p>\n<p>&nbsp;<\/p>\n<p>En general, los casos de COVID-19 en Estados Unidos han disminuido mucho tras tocar niveles r\u00e9cord en enero, pero el resurgimiento de casos en partes de Asia y Europa ha hecho temer que se produzca otra oleada en el pa\u00eds norteamericano.<\/p>\n<p>&nbsp;<\/p>\n<p>La BA.2 representa en la actualidad cerca del 86% de todos los casos secuenciados en el mundo, seg\u00fan la Organizaci\u00f3n Mundial de la Salud. Se sabe que es m\u00e1s transmisible que las subvariantes BA.1 y BA.1.1 de \u00f3micron. Sin embargo, las pruebas obtenidas hasta ahora sugieren que la BA.2 no tiene m\u00e1s probabilidades de causar una enfermedad grave.<\/p>\n<p>&nbsp;<\/p>\n<p>Los cient\u00edficos siguen insistiendo en que las vacunas son fundamentales para evitar los estragos que puede causar el virus.<\/p>\n<p>&nbsp;<\/p>\n<p>Cerca del 64,8% de la poblaci\u00f3n mundial ha recibido al menos una dosis de la vacuna contra el COVID-19, aunque s\u00f3lo el 14.8% de los habitantes de los pa\u00edses de bajos ingresos ha recibido al menos una dosis, seg\u00fan cifras de Our World in Data.<\/p>\n<p>&nbsp;<\/p>\n<p>Aunque los casos se han disparado en Europa y Asia recientemente, Estados Unidos sigue siendo el pa\u00eds con el mayor n\u00famero de infecciones por COVID-19 desde el inicio de la pandemia, con 80.41 millones, seguido de India, con 43.04 millones, y Brasil, con 30.14 millones.<\/p>\n<p>&nbsp;<\/p>\n<p>Desde 2020, alrededor del 37% de los casos de COVID-19 en el mundo se han producido en Europa, el 21% en Asia y el 17% en Am\u00e9rica del Norte.<\/p>\n<p>&nbsp;<\/p>\n<p>Alrededor de 6.5 millones de personas han perdido la vida por el COVID-19 desde que comenz\u00f3 la pandemia. Estados Unidos ha registrado el mayor n\u00famero de muertes, seguido de Rusia, Brasil e India.<\/p>\n<p>&nbsp;<\/p>\n<p>&nbsp;<\/p>\n<p>&nbsp;<\/p>\n<p>(Publicada el 14\/04\/2022 \/Con informaci\u00f3n de REUTERS)<\/p>\n","protected":false},"excerpt":{"rendered":"<p>CIUDAD DE M\u00c9XICO. MX. \u2014 El jueves (14.04.2022) se superaron los 500 millones de casos&#8230;<\/p>\n","protected":false},"author":1,"featured_media":136713,"comment_status":"open","ping_status":"open","sticky":false,"template":"","format":"standard","meta":{"_monsterinsights_skip_tracking":false,"_monsterinsights_sitenote_active":false,"_monsterinsights_sitenote_note":"","_monsterinsights_sitenote_category":0,"footnotes":""},"categories":[3],"tags":[],"class_list":["post"],"yoast_head":" \n<title>Sonora en Equipo. Casos COVID-19 en el mundo superan los 500 millones por subvariante BA.2<\/title>\n<meta name=\"description\" content=\"CIUDAD DE M\u00c9XICO. MX. \u2014 El jueves (14.04.2022) se superaron los 500 millones de casos de COVID-19 en todo el mundo, seg\u00fan un recuento de Reuters, a medida En Sonora en Equipo publicamos toda la informaci\u00f3n de Sonora, M\u00e9xico y el Mundo de manera oportuna y busca que la libertad de expresi\u00f3n sea real. Visita nuestro medio informativo publicado desde Hermosillo, Sonora. %\" \/>\n<meta name=\"robots\" content=\"index, follow, max-snippet:-1, max-image-preview:large, max-video-preview:-1\" \/>\n<link rel=\"canonical\" href=\"https:\/\/www.sonoraenequipo.com.mx\/asos-covid-19-en-el-mundo-superan-los-500-millones-por-subvariante-ba-2\/\" \/>\n<meta property=\"og:locale\" content=\"es_ES\" \/>\n<meta property=\"og:type\" content=\"article\" \/>\n<meta property=\"og:title\" content=\"Sonora en Equipo. Casos COVID-19 en el mundo superan los 500 millones por subvariante BA.2\" \/>\n<meta property=\"og:description\" content=\"CIUDAD DE M\u00c9XICO. MX. \u2014 El jueves (14.04.2022) se superaron los 500 millones de casos de COVID-19 en todo el mundo, seg\u00fan un recuento de Reuters, a medida En Sonora en Equipo publicamos toda la informaci\u00f3n de Sonora, M\u00e9xico y el Mundo de manera oportuna y busca que la libertad de expresi\u00f3n sea real. Visita nuestro medio informativo publicado desde Hermosillo, Sonora. %\" \/>\n<meta property=\"og:url\" content=\"https:\/\/www.sonoraenequipo.com.mx\/asos-covid-19-en-el-mundo-superan-los-500-millones-por-subvariante-ba-2\/\" \/>\n<meta property=\"og:site_name\" content=\"Sonora en Equipo.\" \/>\n<meta property=\"article:publisher\" content=\"https:\/\/www.facebook.com\/SonoraEE\/\" \/>\n<meta property=\"article:author\" content=\"https:\/\/www.facebook.com\/SonoraEE\" \/>\n<meta property=\"article:published_time\" content=\"2022-04-15T05:40:22+00:00\" \/>\n<meta property=\"article:modified_time\" content=\"2022-04-16T02:39:33+00:00\" \/>\n<meta property=\"og:image\" content=\"https:\/\/www.sonoraenequipo.com.mx\/storage\/2022\/04\/covid19-variante-B2.jpg\" \/>\n\t<meta property=\"og:image:width\" content=\"700\" \/>\n\t<meta property=\"og:image:height\" content=\"400\" \/>\n\t<meta property=\"og:image:type\" content=\"image\/jpeg\" \/>\n<meta name=\"author\" content=\"enequipo\" \/>\n<meta name=\"twitter:card\" content=\"summary_large_image\" \/>\n<meta name=\"twitter:creator\" content=\"@sonoraenequipo\" \/>\n<meta name=\"twitter:site\" content=\"@sonoraenequipo\" \/>\n<meta name=\"twitter:label1\" content=\"Escrito por\" \/>\n\t<meta name=\"twitter:data1\" content=\"enequipo\" \/>\n\t<meta name=\"twitter:label2\" content=\"Tiempo de lectura\" \/>\n\t<meta name=\"twitter:data2\" content=\"3 minutos\" \/>\n<script type=\"application\/ld+json\" class=\"yoast-schema-graph\">{\"@context\":\"https:\/\/schema.org\",\"@graph\":[{\"@type\":\"Article\",\"@id\":\"https:\/\/www.sonoraenequipo.com.mx\/asos-covid-19-en-el-mundo-superan-los-500-millones-por-subvariante-ba-2\/#article\",\"isPartOf\":{\"@id\":\"https:\/\/www.sonoraenequipo.com.mx\/asos-covid-19-en-el-mundo-superan-los-500-millones-por-subvariante-ba-2\/\"},\"author\":{\"name\":\"enequipo\",\"@id\":\"https:\/\/www.sonoraenequipo.com.mx\/#\/schema\/person\/50102df0fb23a8fa9e8effad8fa81386\"},\"headline\":\"Casos COVID-19 en el mundo superan los 500 millones por subvariante BA.2\",\"datePublished\":\"2022-04-15T05:40:22+00:00\",\"dateModified\":\"2022-04-16T02:39:33+00:00\",\"mainEntityOfPage\":{\"@id\":\"https:\/\/www.sonoraenequipo.com.mx\/asos-covid-19-en-el-mundo-superan-los-500-millones-por-subvariante-ba-2\/\"},\"wordCount\":660,\"commentCount\":0,\"publisher\":{\"@id\":\"https:\/\/www.sonoraenequipo.com.mx\/#organization\"},\"image\":{\"@id\":\"https:\/\/www.sonoraenequipo.com.mx\/asos-covid-19-en-el-mundo-superan-los-500-millones-por-subvariante-ba-2\/#primaryimage\"},\"thumbnailUrl\":\"https:\/\/www.sonoraenequipo.com.mx\/storage\/2022\/04\/covid19-variante-B2.jpg\",\"articleSection\":[\"MUNDO\"],\"inLanguage\":\"es\",\"potentialAction\":[{\"@type\":\"CommentAction\",\"name\":\"Comment\",\"target\":[\"https:\/\/www.sonoraenequipo.com.mx\/asos-covid-19-en-el-mundo-superan-los-500-millones-por-subvariante-ba-2\/#respond\"]}]},{\"@type\":\"WebPage\",\"@id\":\"https:\/\/www.sonoraenequipo.com.mx\/asos-covid-19-en-el-mundo-superan-los-500-millones-por-subvariante-ba-2\/\",\"url\":\"https:\/\/www.sonoraenequipo.com.mx\/asos-covid-19-en-el-mundo-superan-los-500-millones-por-subvariante-ba-2\/\",\"name\":\"Sonora en Equipo. Casos COVID-19 en el mundo superan los 500 millones por subvariante BA.2\",\"isPartOf\":{\"@id\":\"https:\/\/www.sonoraenequipo.com.mx\/#website\"},\"primaryImageOfPage\":{\"@id\":\"https:\/\/www.sonoraenequipo.com.mx\/asos-covid-19-en-el-mundo-superan-los-500-millones-por-subvariante-ba-2\/#primaryimage\"},\"image\":{\"@id\":\"https:\/\/www.sonoraenequipo.com.mx\/asos-covid-19-en-el-mundo-superan-los-500-millones-por-subvariante-ba-2\/#primaryimage\"},\"thumbnailUrl\":\"https:\/\/www.sonoraenequipo.com.mx\/storage\/2022\/04\/covid19-variante-B2.jpg\",\"datePublished\":\"2022-04-15T05:40:22+00:00\",\"dateModified\":\"2022-04-16T02:39:33+00:00\",\"description\":\"CIUDAD DE M\u00c9XICO. MX. \u2014 El jueves (14.04.2022) se superaron los 500 millones de casos de COVID-19 en todo el mundo, seg\u00fan un recuento de Reuters, a medida En Sonora en Equipo publicamos toda la informaci\u00f3n de Sonora, M\u00e9xico y el Mundo de manera oportuna y busca que la libertad de expresi\u00f3n sea real. Visita nuestro medio informativo publicado desde Hermosillo, Sonora. %\",\"breadcrumb\":{\"@id\":\"https:\/\/www.sonoraenequipo.com.mx\/asos-covid-19-en-el-mundo-superan-los-500-millones-por-subvariante-ba-2\/#breadcrumb\"},\"inLanguage\":\"es\",\"potentialAction\":[{\"@type\":\"ReadAction\",\"target\":[\"https:\/\/www.sonoraenequipo.com.mx\/asos-covid-19-en-el-mundo-superan-los-500-millones-por-subvariante-ba-2\/\"]}]},{\"@type\":\"ImageObject\",\"inLanguage\":\"es\",\"@id\":\"https:\/\/www.sonoraenequipo.com.mx\/asos-covid-19-en-el-mundo-superan-los-500-millones-por-subvariante-ba-2\/#primaryimage\",\"url\":\"https:\/\/www.sonoraenequipo.com.mx\/storage\/2022\/04\/covid19-variante-B2.jpg\",\"contentUrl\":\"https:\/\/www.sonoraenequipo.com.mx\/storage\/2022\/04\/covid19-variante-B2.jpg\",\"width\":700,\"height\":400},{\"@type\":\"BreadcrumbList\",\"@id\":\"https:\/\/www.sonoraenequipo.com.mx\/asos-covid-19-en-el-mundo-superan-los-500-millones-por-subvariante-ba-2\/#breadcrumb\",\"itemListElement\":[{\"@type\":\"ListItem\",\"position\":1,\"name\":\"Portada\",\"item\":\"https:\/\/www.sonoraenequipo.com.mx\/\"},{\"@type\":\"ListItem\",\"position\":2,\"name\":\"Casos COVID-19 en el mundo superan los 500 millones por subvariante BA.2\"}]},{\"@type\":\"WebSite\",\"@id\":\"https:\/\/www.sonoraenequipo.com.mx\/#website\",\"url\":\"https:\/\/www.sonoraenequipo.com.mx\/\",\"name\":\"Sonora en Equipo.\",\"description\":\"Diario en l\u00ednea con Noticias desde Hermosillo, Sonora\",\"publisher\":{\"@id\":\"https:\/\/www.sonoraenequipo.com.mx\/#organization\"},\"potentialAction\":[{\"@type\":\"SearchAction\",\"target\":{\"@type\":\"EntryPoint\",\"urlTemplate\":\"https:\/\/www.sonoraenequipo.com.mx\/?s={search_term_string}\"},\"query-input\":{\"@type\":\"PropertyValueSpecification\",\"valueRequired\":true,\"valueName\":\"search_term_string\"}}],\"inLanguage\":\"es\"},{\"@type\":\"Organization\",\"@id\":\"https:\/\/www.sonoraenequipo.com.mx\/#organization\",\"name\":\"Sonoraenequipo.com.mx\",\"url\":\"https:\/\/www.sonoraenequipo.com.mx\/\",\"logo\":{\"@type\":\"ImageObject\",\"inLanguage\":\"es\",\"@id\":\"https:\/\/www.sonoraenequipo.com.mx\/#\/schema\/logo\/image\/\",\"url\":\"https:\/\/www.sonoraenequipo.com.mx\/storage\/2019\/01\/sonoraenequipo_opt.png\",\"contentUrl\":\"https:\/\/www.sonoraenequipo.com.mx\/storage\/2019\/01\/sonoraenequipo_opt.png\",\"width\":375,\"height\":125,\"caption\":\"Sonoraenequipo.com.mx\"},\"image\":{\"@id\":\"https:\/\/www.sonoraenequipo.com.mx\/#\/schema\/logo\/image\/\"},\"sameAs\":[\"https:\/\/www.facebook.com\/SonoraEE\/\",\"https:\/\/x.com\/sonoraenequipo\",\"https:\/\/www.youtube.com\/channel\/UC338nW-lPEYmJQs4ZABQ1SQ\"]},{\"@type\":\"Person\",\"@id\":\"https:\/\/www.sonoraenequipo.com.mx\/#\/schema\/person\/50102df0fb23a8fa9e8effad8fa81386\",\"name\":\"enequipo\",\"image\":{\"@type\":\"ImageObject\",\"inLanguage\":\"es\",\"@id\":\"https:\/\/www.sonoraenequipo.com.mx\/#\/schema\/person\/image\/\",\"url\":\"https:\/\/secure.gravatar.com\/avatar\/049821681b589dabc0bc20695993ccebb09f5b5d4d790cd9251b97faac7c652b?s=96&d=blank&r=g\",\"contentUrl\":\"https:\/\/secure.gravatar.com\/avatar\/049821681b589dabc0bc20695993ccebb09f5b5d4d790cd9251b97faac7c652b?s=96&d=blank&r=g\",\"caption\":\"enequipo\"},\"sameAs\":[\"https:\/\/www.facebook.com\/SonoraEE\"]}]}<\/script>\n ","yoast_head_json":{"title":"Sonora en Equipo. Casos COVID-19 en el mundo superan los 500 millones por subvariante BA.2","description":"CIUDAD DE M\u00c9XICO. MX. \u2014 El jueves (14.04.2022) se superaron los 500 millones de casos de COVID-19 en todo el mundo, seg\u00fan un recuento de Reuters, a medida En Sonora en Equipo publicamos toda la informaci\u00f3n de Sonora, M\u00e9xico y el Mundo de manera oportuna y busca que la libertad de expresi\u00f3n sea real. Visita nuestro medio informativo publicado desde Hermosillo, Sonora. %","robots":{"index":"index","follow":"follow","max-snippet":"max-snippet:-1","max-image-preview":"max-image-preview:large","max-video-preview":"max-video-preview:-1"},"canonical":"https:\/\/www.sonoraenequipo.com.mx\/asos-covid-19-en-el-mundo-superan-los-500-millones-por-subvariante-ba-2\/","og_locale":"es_ES","og_type":"article","og_title":"Sonora en Equipo. Casos COVID-19 en el mundo superan los 500 millones por subvariante BA.2","og_description":"CIUDAD DE M\u00c9XICO. MX. \u2014 El jueves (14.04.2022) se superaron los 500 millones de casos de COVID-19 en todo el mundo, seg\u00fan un recuento de Reuters, a medida En Sonora en Equipo publicamos toda la informaci\u00f3n de Sonora, M\u00e9xico y el Mundo de manera oportuna y busca que la libertad de expresi\u00f3n sea real. Visita nuestro medio informativo publicado desde Hermosillo, Sonora. %","og_url":"https:\/\/www.sonoraenequipo.com.mx\/asos-covid-19-en-el-mundo-superan-los-500-millones-por-subvariante-ba-2\/","og_site_name":"Sonora en Equipo.","article_publisher":"https:\/\/www.facebook.com\/SonoraEE\/","article_author":"https:\/\/www.facebook.com\/SonoraEE","article_published_time":"2022-04-15T05:40:22+00:00","article_modified_time":"2022-04-16T02:39:33+00:00","og_image":[{"width":700,"height":400,"url":"https:\/\/www.sonoraenequipo.com.mx\/storage\/2022\/04\/covid19-variante-B2.jpg","type":"image\/jpeg"}],"author":"enequipo","twitter_card":"summary_large_image","twitter_creator":"@sonoraenequipo","twitter_site":"@sonoraenequipo","twitter_misc":{"Escrito por":"enequipo","Tiempo de lectura":"3 minutos"},"schema":{"@context":"https:\/\/schema.org","@graph":[{"@type":"Article","@id":"https:\/\/www.sonoraenequipo.com.mx\/asos-covid-19-en-el-mundo-superan-los-500-millones-por-subvariante-ba-2\/#article","isPartOf":{"@id":"https:\/\/www.sonoraenequipo.com.mx\/asos-covid-19-en-el-mundo-superan-los-500-millones-por-subvariante-ba-2\/"},"author":{"name":"enequipo","@id":"https:\/\/www.sonoraenequipo.com.mx\/#\/schema\/person\/50102df0fb23a8fa9e8effad8fa81386"},"headline":"Casos COVID-19 en el mundo superan los 500 millones por subvariante BA.2","datePublished":"2022-04-15T05:40:22+00:00","dateModified":"2022-04-16T02:39:33+00:00","mainEntityOfPage":{"@id":"https:\/\/www.sonoraenequipo.com.mx\/asos-covid-19-en-el-mundo-superan-los-500-millones-por-subvariante-ba-2\/"},"wordCount":660,"commentCount":0,"publisher":{"@id":"https:\/\/www.sonoraenequipo.com.mx\/#organization"},"image":{"@id":"https:\/\/www.sonoraenequipo.com.mx\/asos-covid-19-en-el-mundo-superan-los-500-millones-por-subvariante-ba-2\/#primaryimage"},"thumbnailUrl":"https:\/\/www.sonoraenequipo.com.mx\/storage\/2022\/04\/covid19-variante-B2.jpg","articleSection":["MUNDO"],"inLanguage":"es","potentialAction":[{"@type":"CommentAction","name":"Comment","target":["https:\/\/www.sonoraenequipo.com.mx\/asos-covid-19-en-el-mundo-superan-los-500-millones-por-subvariante-ba-2\/#respond"]}]},{"@type":"WebPage","@id":"https:\/\/www.sonoraenequipo.com.mx\/asos-covid-19-en-el-mundo-superan-los-500-millones-por-subvariante-ba-2\/","url":"https:\/\/www.sonoraenequipo.com.mx\/asos-covid-19-en-el-mundo-superan-los-500-millones-por-subvariante-ba-2\/","name":"Sonora en Equipo. Casos COVID-19 en el mundo superan los 500 millones por subvariante BA.2","isPartOf":{"@id":"https:\/\/www.sonoraenequipo.com.mx\/#website"},"primaryImageOfPage":{"@id":"https:\/\/www.sonoraenequipo.com.mx\/asos-covid-19-en-el-mundo-superan-los-500-millones-por-subvariante-ba-2\/#primaryimage"},"image":{"@id":"https:\/\/www.sonoraenequipo.com.mx\/asos-covid-19-en-el-mundo-superan-los-500-millones-por-subvariante-ba-2\/#primaryimage"},"thumbnailUrl":"https:\/\/www.sonoraenequipo.com.mx\/storage\/2022\/04\/covid19-variante-B2.jpg","datePublished":"2022-04-15T05:40:22+00:00","dateModified":"2022-04-16T02:39:33+00:00","description":"CIUDAD DE M\u00c9XICO. MX. \u2014 El jueves (14.04.2022) se superaron los 500 millones de casos de COVID-19 en todo el mundo, seg\u00fan un recuento de Reuters, a medida En Sonora en Equipo publicamos toda la informaci\u00f3n de Sonora, M\u00e9xico y el Mundo de manera oportuna y busca que la libertad de expresi\u00f3n sea real. Visita nuestro medio informativo publicado desde Hermosillo, Sonora. %","breadcrumb":{"@id":"https:\/\/www.sonoraenequipo.com.mx\/asos-covid-19-en-el-mundo-superan-los-500-millones-por-subvariante-ba-2\/#breadcrumb"},"inLanguage":"es","potentialAction":[{"@type":"ReadAction","target":["https:\/\/www.sonoraenequipo.com.mx\/asos-covid-19-en-el-mundo-superan-los-500-millones-por-subvariante-ba-2\/"]}]},{"@type":"ImageObject","inLanguage":"es","@id":"https:\/\/www.sonoraenequipo.com.mx\/asos-covid-19-en-el-mundo-superan-los-500-millones-por-subvariante-ba-2\/#primaryimage","url":"https:\/\/www.sonoraenequipo.com.mx\/storage\/2022\/04\/covid19-variante-B2.jpg","contentUrl":"https:\/\/www.sonoraenequipo.com.mx\/storage\/2022\/04\/covid19-variante-B2.jpg","width":700,"height":400},{"@type":"BreadcrumbList","@id":"https:\/\/www.sonoraenequipo.com.mx\/asos-covid-19-en-el-mundo-superan-los-500-millones-por-subvariante-ba-2\/#breadcrumb","itemListElement":[{"@type":"ListItem","position":1,"name":"Portada","item":"https:\/\/www.sonoraenequipo.com.mx\/"},{"@type":"ListItem","position":2,"name":"Casos COVID-19 en el mundo superan los 500 millones por subvariante BA.2"}]},{"@type":"WebSite","@id":"https:\/\/www.sonoraenequipo.com.mx\/#website","url":"https:\/\/www.sonoraenequipo.com.mx\/","name":"Sonora en Equipo.","description":"Diario en l\u00ednea con Noticias desde Hermosillo, Sonora","publisher":{"@id":"https:\/\/www.sonoraenequipo.com.mx\/#organization"},"potentialAction":[{"@type":"SearchAction","target":{"@type":"EntryPoint","urlTemplate":"https:\/\/www.sonoraenequipo.com.mx\/?s={search_term_string}"},"query-input":{"@type":"PropertyValueSpecification","valueRequired":true,"valueName":"search_term_string"}}],"inLanguage":"es"},{"@type":"Organization","@id":"https:\/\/www.sonoraenequipo.com.mx\/#organization","name":"Sonoraenequipo.com.mx","url":"https:\/\/www.sonoraenequipo.com.mx\/","logo":{"@type":"ImageObject","inLanguage":"es","@id":"https:\/\/www.sonoraenequipo.com.mx\/#\/schema\/logo\/image\/","url":"https:\/\/www.sonoraenequipo.com.mx\/storage\/2019\/01\/sonoraenequipo_opt.png","contentUrl":"https:\/\/www.sonoraenequipo.com.mx\/storage\/2019\/01\/sonoraenequipo_opt.png","width":375,"height":125,"caption":"Sonoraenequipo.com.mx"},"image":{"@id":"https:\/\/www.sonoraenequipo.com.mx\/#\/schema\/logo\/image\/"},"sameAs":["https:\/\/www.facebook.com\/SonoraEE\/","https:\/\/x.com\/sonoraenequipo","https:\/\/www.youtube.com\/channel\/UC338nW-lPEYmJQs4ZABQ1SQ"]},{"@type":"Person","@id":"https:\/\/www.sonoraenequipo.com.mx\/#\/schema\/person\/50102df0fb23a8fa9e8effad8fa81386","name":"enequipo","image":{"@type":"ImageObject","inLanguage":"es","@id":"https:\/\/www.sonoraenequipo.com.mx\/#\/schema\/person\/image\/","url":"https:\/\/secure.gravatar.com\/avatar\/049821681b589dabc0bc20695993ccebb09f5b5d4d790cd9251b97faac7c652b?s=96&d=blank&r=g","contentUrl":"https:\/\/secure.gravatar.com\/avatar\/049821681b589dabc0bc20695993ccebb09f5b5d4d790cd9251b97faac7c652b?s=96&d=blank&r=g","caption":"enequipo"},"sameAs":["https:\/\/www.facebook.com\/SonoraEE"]}]}},"jetpack_featured_media_url":"https:\/\/www.sonoraenequipo.com.mx\/storage\/2022\/04\/covid19-variante-B2.jpg","_links":{"self":[{"href":"https:\/\/www.sonoraenequipo.com.mx\/api\/wp\/v2\/posts\/136712","targetHints":{"allow":["GET"]}}],"collection":[{"href":"https:\/\/www.sonoraenequipo.com.mx\/api\/wp\/v2\/posts"}],"about":[{"href":"https:\/\/www.sonoraenequipo.com.mx\/api\/wp\/v2\/types\/post"}],"author":[{"embeddable":true,"href":"https:\/\/www.sonoraenequipo.com.mx\/api\/wp\/v2\/users\/1"}],"replies":[{"embeddable":true,"href":"https:\/\/www.sonoraenequipo.com.mx\/api\/wp\/v2\/comments?post=136712"}],"version-history":[{"count":2,"href":"https:\/\/www.sonoraenequipo.com.mx\/api\/wp\/v2\/posts\/136712\/revisions"}],"predecessor-version":[{"id":136727,"href":"https:\/\/www.sonoraenequipo.com.mx\/api\/wp\/v2\/posts\/136712\/revisions\/136727"}],"wp:featuredmedia":[{"embeddable":true,"href":"https:\/\/www.sonoraenequipo.com.mx\/api\/wp\/v2\/media\/136713"}],"wp:attachment":[{"href":"https:\/\/www.sonoraenequipo.com.mx\/api\/wp\/v2\/media?parent=136712"}],"wp:term":[{"taxonomy":"category","embeddable":true,"href":"https:\/\/www.sonoraenequipo.com.mx\/api\/wp\/v2\/categories?post=136712"},{"taxonomy":"post_tag","embeddable":true,"href":"https:\/\/www.sonoraenequipo.com.mx\/api\/wp\/v2\/tags?post=136712"}],"curies":[{"name":"wp","href":"https:\/\/api.w.org\/{rel}","templated":true}]}}