{"id":136720,"date":"2022-04-14T20:25:08","date_gmt":"2022-04-15T03:25:08","guid":{"rendered":"https:\/\/www.sonoraenequipo.com.mx\/?p=136720"},"modified":"2022-04-15T19:10:23","modified_gmt":"2022-04-16T02:10:23","slug":"el-isj-en-coordinacion-con-el-ayuntamiento-de-agua-prieta-inicia-sonora-respira","status":"publish","type":"post","link":"https:\/\/www.sonoraenequipo.com.mx\/el-isj-en-coordinacion-con-el-ayuntamiento-de-agua-prieta-inicia-sonora-respira\/","title":{"rendered":"El ISJ, en coordinaci\u00f3n con el ayuntamiento de Agua Prieta, inicia Sonora Respira"},"content":{"rendered":"<p><strong>AGUA PRIETA, SONORA. MX. \u2014\u00a0<\/strong>\u00a0 En coordinaci\u00f3n con el alcalde de Agua Prieta, Jes\u00fas Alfonso Monta\u00f1o Durazo y el titular de la juventud de este municipio, Luis H\u00e9ctor Escobar Romero, la directora del Instituto Sonorense de la Juventud (ISJ), Rebeca Valenzuela \u00c1lvarez, inici\u00f3 en la plaza Plan de Agua Prieta, la primera jornada de plantaci\u00f3n de \u00e1rboles como parte del programa Sonora Respira.<\/p>\n<p>&nbsp;<\/p>\n<p> <\/p>\n<p>&nbsp;<\/p>\n<p>Se trata de una iniciativa que, en coordinaci\u00f3n con cada ayuntamiento, asignar\u00eda un espacio p\u00fablico para que las juventudes locales lo foresten o reforesten seg\u00fan sea el caso, partiendo de un diagn\u00f3stico sobre las plantas end\u00e9micas de cada regi\u00f3n, as\u00ed como su proceso de cuidado y acompa\u00f1amiento, creando entornos ecol\u00f3gicos en los 72 municipios sonorenses.<\/p>\n<p>&nbsp;<\/p>\n<p>&nbsp;<\/p>\n<p>El presidente Monta\u00f1o Durazo reiter\u00f3 que \u00abeste acto es solo el inicio de la creaci\u00f3n de nuevos pulmones para nuestra ciudad\u201d, en referencia a la nueva familia de \u00e1rboles que fueron plantados para renovar el aire del sector.<\/p>\n<p>&nbsp;<\/p>\n<p>Por su parte, la directora del ISJ agradeci\u00f3 a las decenas de j\u00f3venes aguapretenses que apoyaron en esta jornada, al alcalde Jes\u00fas Monta\u00f1o y al titular de la juventud, H\u00e9ctor Escobar, que fueron los primeros en levantar la mano para crear los espacios verdes y comprometi\u00e9ndose al cuidado necesario para que estos sauces sean en corto plazo un pulm\u00f3n para esta ciudad.<\/p>\n<p>&nbsp;<\/p>\n<p>Como parte del mismo programa, tambi\u00e9n se instalaron seis contenedores de basura fabricados de material reciclado por artistas locales.<\/p>\n<p>&nbsp;<\/p>\n<p><strong>Supervisa las actividades de los Centros de Bienestar Juvenil<\/strong><\/p>\n<p>&nbsp;<\/p>\n<p>En esta gira de trabajo en la frontera, la directora del ISJ aprovech\u00f3 para supervisar y motivar a los ni\u00f1os, ni\u00f1as y j\u00f3venes participantes en los Centros de Bienestar Juvenil (CBJ) de Agua Prieta, Nogales y Santa Ana.<\/p>\n<p>&nbsp;<\/p>\n<p>El lanzamiento de estos Centros, que en coordinaci\u00f3n con la Secretar\u00eda de Seguridad P\u00fablica (SSP) y la Secretar\u00eda de Educaci\u00f3n P\u00fablica (SEC), rebas\u00f3 las expectativas con mas de tres mil asistentes en nueve municipios del estado, recibiendo talleres de b\u00e1squetbol, v\u00f3leibol, futbol, defensa personal, arte y cultura as\u00ed como, Lengua de Se\u00f1as Mexicana, asesor\u00eda psicol\u00f3gica y nutricional de manera totalmente gratuita.<\/p>\n<p>&nbsp;<\/p>\n<p>Este jueves es el \u00faltimo d\u00eda de los centros que, gracias al compromiso de mas de 80 instructores calificados, fueron todo un \u00e9xito para la contribuci\u00f3n en la formaci\u00f3n de habilidades art\u00edsticas y deportivas en todos los ni\u00f1os ni\u00f1as y j\u00f3venes participantes.<\/p>\n<p>&nbsp;<\/p>\n<p>&nbsp;<\/p>\n<p>&nbsp;<\/p>\n<p>(Publicada el 14\/04\/2022 \/Con informaci\u00f3n de GOB SON 0422108)<\/p>\n","protected":false},"excerpt":{"rendered":"<p>AGUA PRIETA, SONORA. MX. \u2014\u00a0\u00a0 En coordinaci\u00f3n con el alcalde de Agua Prieta, Jes\u00fas Alfonso&#8230;<\/p>\n","protected":false},"author":1,"featured_media":136721,"comment_status":"open","ping_status":"open","sticky":false,"template":"","format":"standard","meta":{"_monsterinsights_skip_tracking":false,"_monsterinsights_sitenote_active":false,"_monsterinsights_sitenote_note":"","_monsterinsights_sitenote_category":0,"footnotes":""},"categories":[22],"tags":[],"class_list":["post"],"yoast_head":" \n<title>Sonora en Equipo. El ISJ, en coordinaci\u00f3n con el ayuntamiento de Agua Prieta, inicia Sonora Respira Sonora<\/title>\n<meta name=\"description\" content=\"AGUA PRIETA, SONORA. MX. \u2014\u00a0\u00a0 En coordinaci\u00f3n con el alcalde de Agua Prieta, Jes\u00fas Alfonso Monta\u00f1o Durazo y el titular de la juventud de este municipio, En Sonora en Equipo publicamos toda la informaci\u00f3n de Sonora, M\u00e9xico y el Mundo de manera oportuna y busca que la libertad de expresi\u00f3n sea real. Visita nuestro medio informativo publicado desde Hermosillo, Sonora. %\" \/>\n<meta name=\"robots\" content=\"index, follow, max-snippet:-1, max-image-preview:large, max-video-preview:-1\" \/>\n<link rel=\"canonical\" href=\"https:\/\/www.sonoraenequipo.com.mx\/el-isj-en-coordinacion-con-el-ayuntamiento-de-agua-prieta-inicia-sonora-respira\/\" \/>\n<meta property=\"og:locale\" content=\"es_ES\" \/>\n<meta property=\"og:type\" content=\"article\" \/>\n<meta property=\"og:title\" content=\"Sonora en Equipo. El ISJ, en coordinaci\u00f3n con el ayuntamiento de Agua Prieta, inicia Sonora Respira Sonora\" \/>\n<meta property=\"og:description\" content=\"AGUA PRIETA, SONORA. MX. \u2014\u00a0\u00a0 En coordinaci\u00f3n con el alcalde de Agua Prieta, Jes\u00fas Alfonso Monta\u00f1o Durazo y el titular de la juventud de este municipio, En Sonora en Equipo publicamos toda la informaci\u00f3n de Sonora, M\u00e9xico y el Mundo de manera oportuna y busca que la libertad de expresi\u00f3n sea real. Visita nuestro medio informativo publicado desde Hermosillo, Sonora. %\" \/>\n<meta property=\"og:url\" content=\"https:\/\/www.sonoraenequipo.com.mx\/el-isj-en-coordinacion-con-el-ayuntamiento-de-agua-prieta-inicia-sonora-respira\/\" \/>\n<meta property=\"og:site_name\" content=\"Sonora en Equipo.\" \/>\n<meta property=\"article:publisher\" content=\"https:\/\/www.facebook.com\/SonoraEE\/\" \/>\n<meta property=\"article:author\" content=\"https:\/\/www.facebook.com\/SonoraEE\" \/>\n<meta property=\"article:published_time\" content=\"2022-04-15T03:25:08+00:00\" \/>\n<meta property=\"article:modified_time\" content=\"2022-04-16T02:10:23+00:00\" \/>\n<meta property=\"og:image\" content=\"https:\/\/www.sonoraenequipo.com.mx\/storage\/2022\/04\/ISJ-y-Ayuntamiento-APSON.jpg\" \/>\n\t<meta property=\"og:image:width\" content=\"1200\" \/>\n\t<meta property=\"og:image:height\" content=\"675\" \/>\n\t<meta property=\"og:image:type\" content=\"image\/jpeg\" \/>\n<meta name=\"author\" content=\"enequipo\" \/>\n<meta name=\"twitter:card\" content=\"summary_large_image\" \/>\n<meta name=\"twitter:creator\" content=\"@sonoraenequipo\" \/>\n<meta name=\"twitter:site\" content=\"@sonoraenequipo\" \/>\n<meta name=\"twitter:label1\" content=\"Escrito por\" \/>\n\t<meta name=\"twitter:data1\" content=\"enequipo\" \/>\n\t<meta name=\"twitter:label2\" content=\"Tiempo de lectura\" \/>\n\t<meta name=\"twitter:data2\" content=\"2 minutos\" \/>\n<script type=\"application\/ld+json\" class=\"yoast-schema-graph\">{\"@context\":\"https:\/\/schema.org\",\"@graph\":[{\"@type\":\"Article\",\"@id\":\"https:\/\/www.sonoraenequipo.com.mx\/el-isj-en-coordinacion-con-el-ayuntamiento-de-agua-prieta-inicia-sonora-respira\/#article\",\"isPartOf\":{\"@id\":\"https:\/\/www.sonoraenequipo.com.mx\/el-isj-en-coordinacion-con-el-ayuntamiento-de-agua-prieta-inicia-sonora-respira\/\"},\"author\":{\"name\":\"enequipo\",\"@id\":\"https:\/\/www.sonoraenequipo.com.mx\/#\/schema\/person\/50102df0fb23a8fa9e8effad8fa81386\"},\"headline\":\"El ISJ, en coordinaci\u00f3n con el ayuntamiento de Agua Prieta, inicia Sonora Respira\",\"datePublished\":\"2022-04-15T03:25:08+00:00\",\"dateModified\":\"2022-04-16T02:10:23+00:00\",\"mainEntityOfPage\":{\"@id\":\"https:\/\/www.sonoraenequipo.com.mx\/el-isj-en-coordinacion-con-el-ayuntamiento-de-agua-prieta-inicia-sonora-respira\/\"},\"wordCount\":463,\"commentCount\":0,\"publisher\":{\"@id\":\"https:\/\/www.sonoraenequipo.com.mx\/#organization\"},\"image\":{\"@id\":\"https:\/\/www.sonoraenequipo.com.mx\/el-isj-en-coordinacion-con-el-ayuntamiento-de-agua-prieta-inicia-sonora-respira\/#primaryimage\"},\"thumbnailUrl\":\"https:\/\/www.sonoraenequipo.com.mx\/storage\/2022\/04\/ISJ-y-Ayuntamiento-APSON.jpg\",\"articleSection\":[\"Sonora\"],\"inLanguage\":\"es\",\"potentialAction\":[{\"@type\":\"CommentAction\",\"name\":\"Comment\",\"target\":[\"https:\/\/www.sonoraenequipo.com.mx\/el-isj-en-coordinacion-con-el-ayuntamiento-de-agua-prieta-inicia-sonora-respira\/#respond\"]}]},{\"@type\":\"WebPage\",\"@id\":\"https:\/\/www.sonoraenequipo.com.mx\/el-isj-en-coordinacion-con-el-ayuntamiento-de-agua-prieta-inicia-sonora-respira\/\",\"url\":\"https:\/\/www.sonoraenequipo.com.mx\/el-isj-en-coordinacion-con-el-ayuntamiento-de-agua-prieta-inicia-sonora-respira\/\",\"name\":\"Sonora en Equipo. El ISJ, en coordinaci\u00f3n con el ayuntamiento de Agua Prieta, inicia Sonora Respira Sonora\",\"isPartOf\":{\"@id\":\"https:\/\/www.sonoraenequipo.com.mx\/#website\"},\"primaryImageOfPage\":{\"@id\":\"https:\/\/www.sonoraenequipo.com.mx\/el-isj-en-coordinacion-con-el-ayuntamiento-de-agua-prieta-inicia-sonora-respira\/#primaryimage\"},\"image\":{\"@id\":\"https:\/\/www.sonoraenequipo.com.mx\/el-isj-en-coordinacion-con-el-ayuntamiento-de-agua-prieta-inicia-sonora-respira\/#primaryimage\"},\"thumbnailUrl\":\"https:\/\/www.sonoraenequipo.com.mx\/storage\/2022\/04\/ISJ-y-Ayuntamiento-APSON.jpg\",\"datePublished\":\"2022-04-15T03:25:08+00:00\",\"dateModified\":\"2022-04-16T02:10:23+00:00\",\"description\":\"AGUA PRIETA, SONORA. MX. \u2014\u00a0\u00a0 En coordinaci\u00f3n con el alcalde de Agua Prieta, Jes\u00fas Alfonso Monta\u00f1o Durazo y el titular de la juventud de este municipio, En Sonora en Equipo publicamos toda la informaci\u00f3n de Sonora, M\u00e9xico y el Mundo de manera oportuna y busca que la libertad de expresi\u00f3n sea real. Visita nuestro medio informativo publicado desde Hermosillo, Sonora. %\",\"breadcrumb\":{\"@id\":\"https:\/\/www.sonoraenequipo.com.mx\/el-isj-en-coordinacion-con-el-ayuntamiento-de-agua-prieta-inicia-sonora-respira\/#breadcrumb\"},\"inLanguage\":\"es\",\"potentialAction\":[{\"@type\":\"ReadAction\",\"target\":[\"https:\/\/www.sonoraenequipo.com.mx\/el-isj-en-coordinacion-con-el-ayuntamiento-de-agua-prieta-inicia-sonora-respira\/\"]}]},{\"@type\":\"ImageObject\",\"inLanguage\":\"es\",\"@id\":\"https:\/\/www.sonoraenequipo.com.mx\/el-isj-en-coordinacion-con-el-ayuntamiento-de-agua-prieta-inicia-sonora-respira\/#primaryimage\",\"url\":\"https:\/\/www.sonoraenequipo.com.mx\/storage\/2022\/04\/ISJ-y-Ayuntamiento-APSON.jpg\",\"contentUrl\":\"https:\/\/www.sonoraenequipo.com.mx\/storage\/2022\/04\/ISJ-y-Ayuntamiento-APSON.jpg\",\"width\":1200,\"height\":675},{\"@type\":\"BreadcrumbList\",\"@id\":\"https:\/\/www.sonoraenequipo.com.mx\/el-isj-en-coordinacion-con-el-ayuntamiento-de-agua-prieta-inicia-sonora-respira\/#breadcrumb\",\"itemListElement\":[{\"@type\":\"ListItem\",\"position\":1,\"name\":\"Portada\",\"item\":\"https:\/\/www.sonoraenequipo.com.mx\/\"},{\"@type\":\"ListItem\",\"position\":2,\"name\":\"El ISJ, en coordinaci\u00f3n con el ayuntamiento de Agua Prieta, inicia Sonora Respira\"}]},{\"@type\":\"WebSite\",\"@id\":\"https:\/\/www.sonoraenequipo.com.mx\/#website\",\"url\":\"https:\/\/www.sonoraenequipo.com.mx\/\",\"name\":\"Sonora en Equipo.\",\"description\":\"Diario en l\u00ednea con Noticias desde Hermosillo, Sonora\",\"publisher\":{\"@id\":\"https:\/\/www.sonoraenequipo.com.mx\/#organization\"},\"potentialAction\":[{\"@type\":\"SearchAction\",\"target\":{\"@type\":\"EntryPoint\",\"urlTemplate\":\"https:\/\/www.sonoraenequipo.com.mx\/?s={search_term_string}\"},\"query-input\":{\"@type\":\"PropertyValueSpecification\",\"valueRequired\":true,\"valueName\":\"search_term_string\"}}],\"inLanguage\":\"es\"},{\"@type\":\"Organization\",\"@id\":\"https:\/\/www.sonoraenequipo.com.mx\/#organization\",\"name\":\"Sonoraenequipo.com.mx\",\"url\":\"https:\/\/www.sonoraenequipo.com.mx\/\",\"logo\":{\"@type\":\"ImageObject\",\"inLanguage\":\"es\",\"@id\":\"https:\/\/www.sonoraenequipo.com.mx\/#\/schema\/logo\/image\/\",\"url\":\"https:\/\/www.sonoraenequipo.com.mx\/storage\/2019\/01\/sonoraenequipo_opt.png\",\"contentUrl\":\"https:\/\/www.sonoraenequipo.com.mx\/storage\/2019\/01\/sonoraenequipo_opt.png\",\"width\":375,\"height\":125,\"caption\":\"Sonoraenequipo.com.mx\"},\"image\":{\"@id\":\"https:\/\/www.sonoraenequipo.com.mx\/#\/schema\/logo\/image\/\"},\"sameAs\":[\"https:\/\/www.facebook.com\/SonoraEE\/\",\"https:\/\/x.com\/sonoraenequipo\",\"https:\/\/www.youtube.com\/channel\/UC338nW-lPEYmJQs4ZABQ1SQ\"]},{\"@type\":\"Person\",\"@id\":\"https:\/\/www.sonoraenequipo.com.mx\/#\/schema\/person\/50102df0fb23a8fa9e8effad8fa81386\",\"name\":\"enequipo\",\"image\":{\"@type\":\"ImageObject\",\"inLanguage\":\"es\",\"@id\":\"https:\/\/www.sonoraenequipo.com.mx\/#\/schema\/person\/image\/\",\"url\":\"https:\/\/secure.gravatar.com\/avatar\/049821681b589dabc0bc20695993ccebb09f5b5d4d790cd9251b97faac7c652b?s=96&d=blank&r=g\",\"contentUrl\":\"https:\/\/secure.gravatar.com\/avatar\/049821681b589dabc0bc20695993ccebb09f5b5d4d790cd9251b97faac7c652b?s=96&d=blank&r=g\",\"caption\":\"enequipo\"},\"sameAs\":[\"https:\/\/www.facebook.com\/SonoraEE\"]}]}<\/script>\n ","yoast_head_json":{"title":"Sonora en Equipo. El ISJ, en coordinaci\u00f3n con el ayuntamiento de Agua Prieta, inicia Sonora Respira Sonora","description":"AGUA PRIETA, SONORA. MX. \u2014\u00a0\u00a0 En coordinaci\u00f3n con el alcalde de Agua Prieta, Jes\u00fas Alfonso Monta\u00f1o Durazo y el titular de la juventud de este municipio, En Sonora en Equipo publicamos toda la informaci\u00f3n de Sonora, M\u00e9xico y el Mundo de manera oportuna y busca que la libertad de expresi\u00f3n sea real. Visita nuestro medio informativo publicado desde Hermosillo, Sonora. %","robots":{"index":"index","follow":"follow","max-snippet":"max-snippet:-1","max-image-preview":"max-image-preview:large","max-video-preview":"max-video-preview:-1"},"canonical":"https:\/\/www.sonoraenequipo.com.mx\/el-isj-en-coordinacion-con-el-ayuntamiento-de-agua-prieta-inicia-sonora-respira\/","og_locale":"es_ES","og_type":"article","og_title":"Sonora en Equipo. El ISJ, en coordinaci\u00f3n con el ayuntamiento de Agua Prieta, inicia Sonora Respira Sonora","og_description":"AGUA PRIETA, SONORA. MX. \u2014\u00a0\u00a0 En coordinaci\u00f3n con el alcalde de Agua Prieta, Jes\u00fas Alfonso Monta\u00f1o Durazo y el titular de la juventud de este municipio, En Sonora en Equipo publicamos toda la informaci\u00f3n de Sonora, M\u00e9xico y el Mundo de manera oportuna y busca que la libertad de expresi\u00f3n sea real. Visita nuestro medio informativo publicado desde Hermosillo, Sonora. %","og_url":"https:\/\/www.sonoraenequipo.com.mx\/el-isj-en-coordinacion-con-el-ayuntamiento-de-agua-prieta-inicia-sonora-respira\/","og_site_name":"Sonora en Equipo.","article_publisher":"https:\/\/www.facebook.com\/SonoraEE\/","article_author":"https:\/\/www.facebook.com\/SonoraEE","article_published_time":"2022-04-15T03:25:08+00:00","article_modified_time":"2022-04-16T02:10:23+00:00","og_image":[{"width":1200,"height":675,"url":"https:\/\/www.sonoraenequipo.com.mx\/storage\/2022\/04\/ISJ-y-Ayuntamiento-APSON.jpg","type":"image\/jpeg"}],"author":"enequipo","twitter_card":"summary_large_image","twitter_creator":"@sonoraenequipo","twitter_site":"@sonoraenequipo","twitter_misc":{"Escrito por":"enequipo","Tiempo de lectura":"2 minutos"},"schema":{"@context":"https:\/\/schema.org","@graph":[{"@type":"Article","@id":"https:\/\/www.sonoraenequipo.com.mx\/el-isj-en-coordinacion-con-el-ayuntamiento-de-agua-prieta-inicia-sonora-respira\/#article","isPartOf":{"@id":"https:\/\/www.sonoraenequipo.com.mx\/el-isj-en-coordinacion-con-el-ayuntamiento-de-agua-prieta-inicia-sonora-respira\/"},"author":{"name":"enequipo","@id":"https:\/\/www.sonoraenequipo.com.mx\/#\/schema\/person\/50102df0fb23a8fa9e8effad8fa81386"},"headline":"El ISJ, en coordinaci\u00f3n con el ayuntamiento de Agua Prieta, inicia Sonora Respira","datePublished":"2022-04-15T03:25:08+00:00","dateModified":"2022-04-16T02:10:23+00:00","mainEntityOfPage":{"@id":"https:\/\/www.sonoraenequipo.com.mx\/el-isj-en-coordinacion-con-el-ayuntamiento-de-agua-prieta-inicia-sonora-respira\/"},"wordCount":463,"commentCount":0,"publisher":{"@id":"https:\/\/www.sonoraenequipo.com.mx\/#organization"},"image":{"@id":"https:\/\/www.sonoraenequipo.com.mx\/el-isj-en-coordinacion-con-el-ayuntamiento-de-agua-prieta-inicia-sonora-respira\/#primaryimage"},"thumbnailUrl":"https:\/\/www.sonoraenequipo.com.mx\/storage\/2022\/04\/ISJ-y-Ayuntamiento-APSON.jpg","articleSection":["Sonora"],"inLanguage":"es","potentialAction":[{"@type":"CommentAction","name":"Comment","target":["https:\/\/www.sonoraenequipo.com.mx\/el-isj-en-coordinacion-con-el-ayuntamiento-de-agua-prieta-inicia-sonora-respira\/#respond"]}]},{"@type":"WebPage","@id":"https:\/\/www.sonoraenequipo.com.mx\/el-isj-en-coordinacion-con-el-ayuntamiento-de-agua-prieta-inicia-sonora-respira\/","url":"https:\/\/www.sonoraenequipo.com.mx\/el-isj-en-coordinacion-con-el-ayuntamiento-de-agua-prieta-inicia-sonora-respira\/","name":"Sonora en Equipo. El ISJ, en coordinaci\u00f3n con el ayuntamiento de Agua Prieta, inicia Sonora Respira Sonora","isPartOf":{"@id":"https:\/\/www.sonoraenequipo.com.mx\/#website"},"primaryImageOfPage":{"@id":"https:\/\/www.sonoraenequipo.com.mx\/el-isj-en-coordinacion-con-el-ayuntamiento-de-agua-prieta-inicia-sonora-respira\/#primaryimage"},"image":{"@id":"https:\/\/www.sonoraenequipo.com.mx\/el-isj-en-coordinacion-con-el-ayuntamiento-de-agua-prieta-inicia-sonora-respira\/#primaryimage"},"thumbnailUrl":"https:\/\/www.sonoraenequipo.com.mx\/storage\/2022\/04\/ISJ-y-Ayuntamiento-APSON.jpg","datePublished":"2022-04-15T03:25:08+00:00","dateModified":"2022-04-16T02:10:23+00:00","description":"AGUA PRIETA, SONORA. MX. \u2014\u00a0\u00a0 En coordinaci\u00f3n con el alcalde de Agua Prieta, Jes\u00fas Alfonso Monta\u00f1o Durazo y el titular de la juventud de este municipio, En Sonora en Equipo publicamos toda la informaci\u00f3n de Sonora, M\u00e9xico y el Mundo de manera oportuna y busca que la libertad de expresi\u00f3n sea real. Visita nuestro medio informativo publicado desde Hermosillo, Sonora. %","breadcrumb":{"@id":"https:\/\/www.sonoraenequipo.com.mx\/el-isj-en-coordinacion-con-el-ayuntamiento-de-agua-prieta-inicia-sonora-respira\/#breadcrumb"},"inLanguage":"es","potentialAction":[{"@type":"ReadAction","target":["https:\/\/www.sonoraenequipo.com.mx\/el-isj-en-coordinacion-con-el-ayuntamiento-de-agua-prieta-inicia-sonora-respira\/"]}]},{"@type":"ImageObject","inLanguage":"es","@id":"https:\/\/www.sonoraenequipo.com.mx\/el-isj-en-coordinacion-con-el-ayuntamiento-de-agua-prieta-inicia-sonora-respira\/#primaryimage","url":"https:\/\/www.sonoraenequipo.com.mx\/storage\/2022\/04\/ISJ-y-Ayuntamiento-APSON.jpg","contentUrl":"https:\/\/www.sonoraenequipo.com.mx\/storage\/2022\/04\/ISJ-y-Ayuntamiento-APSON.jpg","width":1200,"height":675},{"@type":"BreadcrumbList","@id":"https:\/\/www.sonoraenequipo.com.mx\/el-isj-en-coordinacion-con-el-ayuntamiento-de-agua-prieta-inicia-sonora-respira\/#breadcrumb","itemListElement":[{"@type":"ListItem","position":1,"name":"Portada","item":"https:\/\/www.sonoraenequipo.com.mx\/"},{"@type":"ListItem","position":2,"name":"El ISJ, en coordinaci\u00f3n con el ayuntamiento de Agua Prieta, inicia Sonora Respira"}]},{"@type":"WebSite","@id":"https:\/\/www.sonoraenequipo.com.mx\/#website","url":"https:\/\/www.sonoraenequipo.com.mx\/","name":"Sonora en Equipo.","description":"Diario en l\u00ednea con Noticias desde Hermosillo, Sonora","publisher":{"@id":"https:\/\/www.sonoraenequipo.com.mx\/#organization"},"potentialAction":[{"@type":"SearchAction","target":{"@type":"EntryPoint","urlTemplate":"https:\/\/www.sonoraenequipo.com.mx\/?s={search_term_string}"},"query-input":{"@type":"PropertyValueSpecification","valueRequired":true,"valueName":"search_term_string"}}],"inLanguage":"es"},{"@type":"Organization","@id":"https:\/\/www.sonoraenequipo.com.mx\/#organization","name":"Sonoraenequipo.com.mx","url":"https:\/\/www.sonoraenequipo.com.mx\/","logo":{"@type":"ImageObject","inLanguage":"es","@id":"https:\/\/www.sonoraenequipo.com.mx\/#\/schema\/logo\/image\/","url":"https:\/\/www.sonoraenequipo.com.mx\/storage\/2019\/01\/sonoraenequipo_opt.png","contentUrl":"https:\/\/www.sonoraenequipo.com.mx\/storage\/2019\/01\/sonoraenequipo_opt.png","width":375,"height":125,"caption":"Sonoraenequipo.com.mx"},"image":{"@id":"https:\/\/www.sonoraenequipo.com.mx\/#\/schema\/logo\/image\/"},"sameAs":["https:\/\/www.facebook.com\/SonoraEE\/","https:\/\/x.com\/sonoraenequipo","https:\/\/www.youtube.com\/channel\/UC338nW-lPEYmJQs4ZABQ1SQ"]},{"@type":"Person","@id":"https:\/\/www.sonoraenequipo.com.mx\/#\/schema\/person\/50102df0fb23a8fa9e8effad8fa81386","name":"enequipo","image":{"@type":"ImageObject","inLanguage":"es","@id":"https:\/\/www.sonoraenequipo.com.mx\/#\/schema\/person\/image\/","url":"https:\/\/secure.gravatar.com\/avatar\/049821681b589dabc0bc20695993ccebb09f5b5d4d790cd9251b97faac7c652b?s=96&d=blank&r=g","contentUrl":"https:\/\/secure.gravatar.com\/avatar\/049821681b589dabc0bc20695993ccebb09f5b5d4d790cd9251b97faac7c652b?s=96&d=blank&r=g","caption":"enequipo"},"sameAs":["https:\/\/www.facebook.com\/SonoraEE"]}]}},"jetpack_featured_media_url":"https:\/\/www.sonoraenequipo.com.mx\/storage\/2022\/04\/ISJ-y-Ayuntamiento-APSON.jpg","_links":{"self":[{"href":"https:\/\/www.sonoraenequipo.com.mx\/api\/wp\/v2\/posts\/136720","targetHints":{"allow":["GET"]}}],"collection":[{"href":"https:\/\/www.sonoraenequipo.com.mx\/api\/wp\/v2\/posts"}],"about":[{"href":"https:\/\/www.sonoraenequipo.com.mx\/api\/wp\/v2\/types\/post"}],"author":[{"embeddable":true,"href":"https:\/\/www.sonoraenequipo.com.mx\/api\/wp\/v2\/users\/1"}],"replies":[{"embeddable":true,"href":"https:\/\/www.sonoraenequipo.com.mx\/api\/wp\/v2\/comments?post=136720"}],"version-history":[{"count":1,"href":"https:\/\/www.sonoraenequipo.com.mx\/api\/wp\/v2\/posts\/136720\/revisions"}],"predecessor-version":[{"id":136723,"href":"https:\/\/www.sonoraenequipo.com.mx\/api\/wp\/v2\/posts\/136720\/revisions\/136723"}],"wp:featuredmedia":[{"embeddable":true,"href":"https:\/\/www.sonoraenequipo.com.mx\/api\/wp\/v2\/media\/136721"}],"wp:attachment":[{"href":"https:\/\/www.sonoraenequipo.com.mx\/api\/wp\/v2\/media?parent=136720"}],"wp:term":[{"taxonomy":"category","embeddable":true,"href":"https:\/\/www.sonoraenequipo.com.mx\/api\/wp\/v2\/categories?post=136720"},{"taxonomy":"post_tag","embeddable":true,"href":"https:\/\/www.sonoraenequipo.com.mx\/api\/wp\/v2\/tags?post=136720"}],"curies":[{"name":"wp","href":"https:\/\/api.w.org\/{rel}","templated":true}]}}