{"id":136724,"date":"2022-04-14T21:36:03","date_gmt":"2022-04-15T04:36:03","guid":{"rendered":"https:\/\/www.sonoraenequipo.com.mx\/?p=136724"},"modified":"2022-04-15T19:31:21","modified_gmt":"2022-04-16T02:31:21","slug":"prevencion-es-clave-para-tener-una-semana-santa-segura-salud-sonora-2","status":"publish","type":"post","link":"https:\/\/www.sonoraenequipo.com.mx\/prevencion-es-clave-para-tener-una-semana-santa-segura-salud-sonora-2\/","title":{"rendered":"Prevenci\u00f3n es clave para tener una Semana Santa segura: Salud Sonora"},"content":{"rendered":"<p><strong>HERMOSILLO, SONORA. MX. \u2014\u00a0<\/strong> Salir a carretera para viaje de placer o de negocios no debe tomarse a la ligera ya que el 75 por ciento de los accidentes en auto son causados por descuidos y omisiones humanas, advirti\u00f3 Jorge Arturo Vega, coordinador del Consejo Estatal para la Prevenci\u00f3n de los Accidentes (COEPRA), quien agreg\u00f3 que es la prevenci\u00f3n la que juega un papel importante para tener unas vacaciones seguras.<\/p>\n<p>&nbsp;<\/p>\n<p>&nbsp;<\/p>\n<p> <\/p>\n<p>&nbsp;<\/p>\n<p>Lo anterior, al explicar la estrategia para prevenir accidentes impulsada por la Secretar\u00eda de Salud, llamada \u201cTodos Evitando lo Evitable\u201d.<\/p>\n<p>&nbsp;<\/p>\n<p><em>\u201cQueremos evitar que la gente se nos lesione y esta campa\u00f1a va dirigida exactamente a eso: a la prevenci\u00f3n, para que todos podamos prevenir un accidente en carretera, en casa o en puntos de recreo y es bien sencillo. La idea es que la gente se sensibilice y tome conciencia en la prevenci\u00f3n de accidentes\u201d,<\/em> resalt\u00f3.<\/p>\n<p>&nbsp;<\/p>\n<p>Jorge Arturo Vega, coordinador de Coepra, reiter\u00f3 que los viajes en carretera deben ser tomados con cautela, considerando importantes aspectos como: la duraci\u00f3n de los viajes, pero sobre todo la condici\u00f3n mec\u00e1nica de los veh\u00edculos propios o rentados.<\/p>\n<p>&nbsp;<\/p>\n<p>Expuso que el 75 por ciento de los accidentes automovil\u00edsticos son causados por factores humanos, es decir, descuidos como usar el celular, cambiar la m\u00fasica o la estaci\u00f3n de radio.<\/p>\n<p>&nbsp;<\/p>\n<p>Indic\u00f3 que esos segundos de descuido pueden causar accidentes con resultados fatales, adem\u00e1s de que el alcohol, la velocidad, los distractores y no revisar el correcto funcionamiento de nuestros veh\u00edculos son una f\u00f3rmula desastrosa para causar los mismos.<\/p>\n<p>&nbsp;<\/p>\n<p>Jorge Arturo Vega solicit\u00f3 a los vacacionistas que, antes de salir de sus casas, realicen un itinerario y an\u00e1lisis de riesgo del viaje en el que consideren primero la seguridad de los pasajeros menores de edad o con requerimientos especiales, condiciones mec\u00e1nicas del carro acorde al destino para sus vacaciones, trazar las rutas, condiciones climatol\u00f3gicas y del terreno, llevar ropa adecuada, saber si hay o no se\u00f1al celular y llevar consigo un botiqu\u00edn.<\/p>\n<p>&nbsp;<\/p>\n<p>&nbsp;<\/p>\n<p>&nbsp;<\/p>\n<p>(Publicada el 14\/04\/2022\/Con informaci\u00f3n de GOBSON. 0422110)<\/p>\n","protected":false},"excerpt":{"rendered":"<p>HERMOSILLO, SONORA. MX. \u2014\u00a0 Salir a carretera para viaje de placer o de negocios no&#8230;<\/p>\n","protected":false},"author":1,"featured_media":136725,"comment_status":"open","ping_status":"open","sticky":false,"template":"","format":"standard","meta":{"_monsterinsights_skip_tracking":false,"_monsterinsights_sitenote_active":false,"_monsterinsights_sitenote_note":"","_monsterinsights_sitenote_category":0,"footnotes":""},"categories":[22],"tags":[],"class_list":["post"],"yoast_head":" \n<title>Sonora en Equipo. Prevenci\u00f3n es clave para tener una Semana Santa segura: Salud Sonora Sonora<\/title>\n<meta name=\"description\" content=\"HERMOSILLO, SONORA. MX. \u2014\u00a0 Salir a carretera para viaje de placer o de negocios no debe tomarse a la ligera ya que el 75 por ciento de los accidentes en En Sonora en Equipo publicamos toda la informaci\u00f3n de Sonora, M\u00e9xico y el Mundo de manera oportuna y busca que la libertad de expresi\u00f3n sea real. Visita nuestro medio informativo publicado desde Hermosillo, Sonora. %\" \/>\n<meta name=\"robots\" content=\"index, follow, max-snippet:-1, max-image-preview:large, max-video-preview:-1\" \/>\n<link rel=\"canonical\" href=\"https:\/\/www.sonoraenequipo.com.mx\/prevencion-es-clave-para-tener-una-semana-santa-segura-salud-sonora-2\/\" \/>\n<meta property=\"og:locale\" content=\"es_ES\" \/>\n<meta property=\"og:type\" content=\"article\" \/>\n<meta property=\"og:title\" content=\"Sonora en Equipo. Prevenci\u00f3n es clave para tener una Semana Santa segura: Salud Sonora Sonora\" \/>\n<meta property=\"og:description\" content=\"HERMOSILLO, SONORA. MX. \u2014\u00a0 Salir a carretera para viaje de placer o de negocios no debe tomarse a la ligera ya que el 75 por ciento de los accidentes en En Sonora en Equipo publicamos toda la informaci\u00f3n de Sonora, M\u00e9xico y el Mundo de manera oportuna y busca que la libertad de expresi\u00f3n sea real. Visita nuestro medio informativo publicado desde Hermosillo, Sonora. %\" \/>\n<meta property=\"og:url\" content=\"https:\/\/www.sonoraenequipo.com.mx\/prevencion-es-clave-para-tener-una-semana-santa-segura-salud-sonora-2\/\" \/>\n<meta property=\"og:site_name\" content=\"Sonora en Equipo.\" \/>\n<meta property=\"article:publisher\" content=\"https:\/\/www.facebook.com\/SonoraEE\/\" \/>\n<meta property=\"article:author\" content=\"https:\/\/www.facebook.com\/SonoraEE\" \/>\n<meta property=\"article:published_time\" content=\"2022-04-15T04:36:03+00:00\" \/>\n<meta property=\"article:modified_time\" content=\"2022-04-16T02:31:21+00:00\" \/>\n<meta property=\"og:image\" content=\"https:\/\/www.sonoraenequipo.com.mx\/storage\/2022\/04\/prevencion-saludsonora.jpg\" \/>\n\t<meta property=\"og:image:width\" content=\"700\" \/>\n\t<meta property=\"og:image:height\" content=\"400\" \/>\n\t<meta property=\"og:image:type\" content=\"image\/jpeg\" \/>\n<meta name=\"author\" content=\"enequipo\" \/>\n<meta name=\"twitter:card\" content=\"summary_large_image\" \/>\n<meta name=\"twitter:creator\" content=\"@sonoraenequipo\" \/>\n<meta name=\"twitter:site\" content=\"@sonoraenequipo\" \/>\n<meta name=\"twitter:label1\" content=\"Escrito por\" \/>\n\t<meta name=\"twitter:data1\" content=\"enequipo\" \/>\n\t<meta name=\"twitter:label2\" content=\"Tiempo de lectura\" \/>\n\t<meta name=\"twitter:data2\" content=\"2 minutos\" \/>\n<script type=\"application\/ld+json\" class=\"yoast-schema-graph\">{\"@context\":\"https:\/\/schema.org\",\"@graph\":[{\"@type\":\"Article\",\"@id\":\"https:\/\/www.sonoraenequipo.com.mx\/prevencion-es-clave-para-tener-una-semana-santa-segura-salud-sonora-2\/#article\",\"isPartOf\":{\"@id\":\"https:\/\/www.sonoraenequipo.com.mx\/prevencion-es-clave-para-tener-una-semana-santa-segura-salud-sonora-2\/\"},\"author\":{\"name\":\"enequipo\",\"@id\":\"https:\/\/www.sonoraenequipo.com.mx\/#\/schema\/person\/50102df0fb23a8fa9e8effad8fa81386\"},\"headline\":\"Prevenci\u00f3n es clave para tener una Semana Santa segura: Salud Sonora\",\"datePublished\":\"2022-04-15T04:36:03+00:00\",\"dateModified\":\"2022-04-16T02:31:21+00:00\",\"mainEntityOfPage\":{\"@id\":\"https:\/\/www.sonoraenequipo.com.mx\/prevencion-es-clave-para-tener-una-semana-santa-segura-salud-sonora-2\/\"},\"wordCount\":373,\"commentCount\":0,\"publisher\":{\"@id\":\"https:\/\/www.sonoraenequipo.com.mx\/#organization\"},\"image\":{\"@id\":\"https:\/\/www.sonoraenequipo.com.mx\/prevencion-es-clave-para-tener-una-semana-santa-segura-salud-sonora-2\/#primaryimage\"},\"thumbnailUrl\":\"https:\/\/www.sonoraenequipo.com.mx\/storage\/2022\/04\/prevencion-saludsonora.jpg\",\"articleSection\":[\"Sonora\"],\"inLanguage\":\"es\",\"potentialAction\":[{\"@type\":\"CommentAction\",\"name\":\"Comment\",\"target\":[\"https:\/\/www.sonoraenequipo.com.mx\/prevencion-es-clave-para-tener-una-semana-santa-segura-salud-sonora-2\/#respond\"]}]},{\"@type\":\"WebPage\",\"@id\":\"https:\/\/www.sonoraenequipo.com.mx\/prevencion-es-clave-para-tener-una-semana-santa-segura-salud-sonora-2\/\",\"url\":\"https:\/\/www.sonoraenequipo.com.mx\/prevencion-es-clave-para-tener-una-semana-santa-segura-salud-sonora-2\/\",\"name\":\"Sonora en Equipo. Prevenci\u00f3n es clave para tener una Semana Santa segura: Salud Sonora Sonora\",\"isPartOf\":{\"@id\":\"https:\/\/www.sonoraenequipo.com.mx\/#website\"},\"primaryImageOfPage\":{\"@id\":\"https:\/\/www.sonoraenequipo.com.mx\/prevencion-es-clave-para-tener-una-semana-santa-segura-salud-sonora-2\/#primaryimage\"},\"image\":{\"@id\":\"https:\/\/www.sonoraenequipo.com.mx\/prevencion-es-clave-para-tener-una-semana-santa-segura-salud-sonora-2\/#primaryimage\"},\"thumbnailUrl\":\"https:\/\/www.sonoraenequipo.com.mx\/storage\/2022\/04\/prevencion-saludsonora.jpg\",\"datePublished\":\"2022-04-15T04:36:03+00:00\",\"dateModified\":\"2022-04-16T02:31:21+00:00\",\"description\":\"HERMOSILLO, SONORA. MX. \u2014\u00a0 Salir a carretera para viaje de placer o de negocios no debe tomarse a la ligera ya que el 75 por ciento de los accidentes en En Sonora en Equipo publicamos toda la informaci\u00f3n de Sonora, M\u00e9xico y el Mundo de manera oportuna y busca que la libertad de expresi\u00f3n sea real. Visita nuestro medio informativo publicado desde Hermosillo, Sonora. %\",\"breadcrumb\":{\"@id\":\"https:\/\/www.sonoraenequipo.com.mx\/prevencion-es-clave-para-tener-una-semana-santa-segura-salud-sonora-2\/#breadcrumb\"},\"inLanguage\":\"es\",\"potentialAction\":[{\"@type\":\"ReadAction\",\"target\":[\"https:\/\/www.sonoraenequipo.com.mx\/prevencion-es-clave-para-tener-una-semana-santa-segura-salud-sonora-2\/\"]}]},{\"@type\":\"ImageObject\",\"inLanguage\":\"es\",\"@id\":\"https:\/\/www.sonoraenequipo.com.mx\/prevencion-es-clave-para-tener-una-semana-santa-segura-salud-sonora-2\/#primaryimage\",\"url\":\"https:\/\/www.sonoraenequipo.com.mx\/storage\/2022\/04\/prevencion-saludsonora.jpg\",\"contentUrl\":\"https:\/\/www.sonoraenequipo.com.mx\/storage\/2022\/04\/prevencion-saludsonora.jpg\",\"width\":700,\"height\":400},{\"@type\":\"BreadcrumbList\",\"@id\":\"https:\/\/www.sonoraenequipo.com.mx\/prevencion-es-clave-para-tener-una-semana-santa-segura-salud-sonora-2\/#breadcrumb\",\"itemListElement\":[{\"@type\":\"ListItem\",\"position\":1,\"name\":\"Portada\",\"item\":\"https:\/\/www.sonoraenequipo.com.mx\/\"},{\"@type\":\"ListItem\",\"position\":2,\"name\":\"Prevenci\u00f3n es clave para tener una Semana Santa segura: Salud Sonora\"}]},{\"@type\":\"WebSite\",\"@id\":\"https:\/\/www.sonoraenequipo.com.mx\/#website\",\"url\":\"https:\/\/www.sonoraenequipo.com.mx\/\",\"name\":\"Sonora en Equipo.\",\"description\":\"Diario en l\u00ednea con Noticias desde Hermosillo, Sonora\",\"publisher\":{\"@id\":\"https:\/\/www.sonoraenequipo.com.mx\/#organization\"},\"potentialAction\":[{\"@type\":\"SearchAction\",\"target\":{\"@type\":\"EntryPoint\",\"urlTemplate\":\"https:\/\/www.sonoraenequipo.com.mx\/?s={search_term_string}\"},\"query-input\":{\"@type\":\"PropertyValueSpecification\",\"valueRequired\":true,\"valueName\":\"search_term_string\"}}],\"inLanguage\":\"es\"},{\"@type\":\"Organization\",\"@id\":\"https:\/\/www.sonoraenequipo.com.mx\/#organization\",\"name\":\"Sonoraenequipo.com.mx\",\"url\":\"https:\/\/www.sonoraenequipo.com.mx\/\",\"logo\":{\"@type\":\"ImageObject\",\"inLanguage\":\"es\",\"@id\":\"https:\/\/www.sonoraenequipo.com.mx\/#\/schema\/logo\/image\/\",\"url\":\"https:\/\/www.sonoraenequipo.com.mx\/storage\/2019\/01\/sonoraenequipo_opt.png\",\"contentUrl\":\"https:\/\/www.sonoraenequipo.com.mx\/storage\/2019\/01\/sonoraenequipo_opt.png\",\"width\":375,\"height\":125,\"caption\":\"Sonoraenequipo.com.mx\"},\"image\":{\"@id\":\"https:\/\/www.sonoraenequipo.com.mx\/#\/schema\/logo\/image\/\"},\"sameAs\":[\"https:\/\/www.facebook.com\/SonoraEE\/\",\"https:\/\/x.com\/sonoraenequipo\",\"https:\/\/www.youtube.com\/channel\/UC338nW-lPEYmJQs4ZABQ1SQ\"]},{\"@type\":\"Person\",\"@id\":\"https:\/\/www.sonoraenequipo.com.mx\/#\/schema\/person\/50102df0fb23a8fa9e8effad8fa81386\",\"name\":\"enequipo\",\"image\":{\"@type\":\"ImageObject\",\"inLanguage\":\"es\",\"@id\":\"https:\/\/www.sonoraenequipo.com.mx\/#\/schema\/person\/image\/\",\"url\":\"https:\/\/secure.gravatar.com\/avatar\/049821681b589dabc0bc20695993ccebb09f5b5d4d790cd9251b97faac7c652b?s=96&d=blank&r=g\",\"contentUrl\":\"https:\/\/secure.gravatar.com\/avatar\/049821681b589dabc0bc20695993ccebb09f5b5d4d790cd9251b97faac7c652b?s=96&d=blank&r=g\",\"caption\":\"enequipo\"},\"sameAs\":[\"https:\/\/www.facebook.com\/SonoraEE\"]}]}<\/script>\n ","yoast_head_json":{"title":"Sonora en Equipo. Prevenci\u00f3n es clave para tener una Semana Santa segura: Salud Sonora Sonora","description":"HERMOSILLO, SONORA. MX. \u2014\u00a0 Salir a carretera para viaje de placer o de negocios no debe tomarse a la ligera ya que el 75 por ciento de los accidentes en En Sonora en Equipo publicamos toda la informaci\u00f3n de Sonora, M\u00e9xico y el Mundo de manera oportuna y busca que la libertad de expresi\u00f3n sea real. Visita nuestro medio informativo publicado desde Hermosillo, Sonora. %","robots":{"index":"index","follow":"follow","max-snippet":"max-snippet:-1","max-image-preview":"max-image-preview:large","max-video-preview":"max-video-preview:-1"},"canonical":"https:\/\/www.sonoraenequipo.com.mx\/prevencion-es-clave-para-tener-una-semana-santa-segura-salud-sonora-2\/","og_locale":"es_ES","og_type":"article","og_title":"Sonora en Equipo. Prevenci\u00f3n es clave para tener una Semana Santa segura: Salud Sonora Sonora","og_description":"HERMOSILLO, SONORA. MX. \u2014\u00a0 Salir a carretera para viaje de placer o de negocios no debe tomarse a la ligera ya que el 75 por ciento de los accidentes en En Sonora en Equipo publicamos toda la informaci\u00f3n de Sonora, M\u00e9xico y el Mundo de manera oportuna y busca que la libertad de expresi\u00f3n sea real. Visita nuestro medio informativo publicado desde Hermosillo, Sonora. %","og_url":"https:\/\/www.sonoraenequipo.com.mx\/prevencion-es-clave-para-tener-una-semana-santa-segura-salud-sonora-2\/","og_site_name":"Sonora en Equipo.","article_publisher":"https:\/\/www.facebook.com\/SonoraEE\/","article_author":"https:\/\/www.facebook.com\/SonoraEE","article_published_time":"2022-04-15T04:36:03+00:00","article_modified_time":"2022-04-16T02:31:21+00:00","og_image":[{"width":700,"height":400,"url":"https:\/\/www.sonoraenequipo.com.mx\/storage\/2022\/04\/prevencion-saludsonora.jpg","type":"image\/jpeg"}],"author":"enequipo","twitter_card":"summary_large_image","twitter_creator":"@sonoraenequipo","twitter_site":"@sonoraenequipo","twitter_misc":{"Escrito por":"enequipo","Tiempo de lectura":"2 minutos"},"schema":{"@context":"https:\/\/schema.org","@graph":[{"@type":"Article","@id":"https:\/\/www.sonoraenequipo.com.mx\/prevencion-es-clave-para-tener-una-semana-santa-segura-salud-sonora-2\/#article","isPartOf":{"@id":"https:\/\/www.sonoraenequipo.com.mx\/prevencion-es-clave-para-tener-una-semana-santa-segura-salud-sonora-2\/"},"author":{"name":"enequipo","@id":"https:\/\/www.sonoraenequipo.com.mx\/#\/schema\/person\/50102df0fb23a8fa9e8effad8fa81386"},"headline":"Prevenci\u00f3n es clave para tener una Semana Santa segura: Salud Sonora","datePublished":"2022-04-15T04:36:03+00:00","dateModified":"2022-04-16T02:31:21+00:00","mainEntityOfPage":{"@id":"https:\/\/www.sonoraenequipo.com.mx\/prevencion-es-clave-para-tener-una-semana-santa-segura-salud-sonora-2\/"},"wordCount":373,"commentCount":0,"publisher":{"@id":"https:\/\/www.sonoraenequipo.com.mx\/#organization"},"image":{"@id":"https:\/\/www.sonoraenequipo.com.mx\/prevencion-es-clave-para-tener-una-semana-santa-segura-salud-sonora-2\/#primaryimage"},"thumbnailUrl":"https:\/\/www.sonoraenequipo.com.mx\/storage\/2022\/04\/prevencion-saludsonora.jpg","articleSection":["Sonora"],"inLanguage":"es","potentialAction":[{"@type":"CommentAction","name":"Comment","target":["https:\/\/www.sonoraenequipo.com.mx\/prevencion-es-clave-para-tener-una-semana-santa-segura-salud-sonora-2\/#respond"]}]},{"@type":"WebPage","@id":"https:\/\/www.sonoraenequipo.com.mx\/prevencion-es-clave-para-tener-una-semana-santa-segura-salud-sonora-2\/","url":"https:\/\/www.sonoraenequipo.com.mx\/prevencion-es-clave-para-tener-una-semana-santa-segura-salud-sonora-2\/","name":"Sonora en Equipo. Prevenci\u00f3n es clave para tener una Semana Santa segura: Salud Sonora Sonora","isPartOf":{"@id":"https:\/\/www.sonoraenequipo.com.mx\/#website"},"primaryImageOfPage":{"@id":"https:\/\/www.sonoraenequipo.com.mx\/prevencion-es-clave-para-tener-una-semana-santa-segura-salud-sonora-2\/#primaryimage"},"image":{"@id":"https:\/\/www.sonoraenequipo.com.mx\/prevencion-es-clave-para-tener-una-semana-santa-segura-salud-sonora-2\/#primaryimage"},"thumbnailUrl":"https:\/\/www.sonoraenequipo.com.mx\/storage\/2022\/04\/prevencion-saludsonora.jpg","datePublished":"2022-04-15T04:36:03+00:00","dateModified":"2022-04-16T02:31:21+00:00","description":"HERMOSILLO, SONORA. MX. \u2014\u00a0 Salir a carretera para viaje de placer o de negocios no debe tomarse a la ligera ya que el 75 por ciento de los accidentes en En Sonora en Equipo publicamos toda la informaci\u00f3n de Sonora, M\u00e9xico y el Mundo de manera oportuna y busca que la libertad de expresi\u00f3n sea real. Visita nuestro medio informativo publicado desde Hermosillo, Sonora. %","breadcrumb":{"@id":"https:\/\/www.sonoraenequipo.com.mx\/prevencion-es-clave-para-tener-una-semana-santa-segura-salud-sonora-2\/#breadcrumb"},"inLanguage":"es","potentialAction":[{"@type":"ReadAction","target":["https:\/\/www.sonoraenequipo.com.mx\/prevencion-es-clave-para-tener-una-semana-santa-segura-salud-sonora-2\/"]}]},{"@type":"ImageObject","inLanguage":"es","@id":"https:\/\/www.sonoraenequipo.com.mx\/prevencion-es-clave-para-tener-una-semana-santa-segura-salud-sonora-2\/#primaryimage","url":"https:\/\/www.sonoraenequipo.com.mx\/storage\/2022\/04\/prevencion-saludsonora.jpg","contentUrl":"https:\/\/www.sonoraenequipo.com.mx\/storage\/2022\/04\/prevencion-saludsonora.jpg","width":700,"height":400},{"@type":"BreadcrumbList","@id":"https:\/\/www.sonoraenequipo.com.mx\/prevencion-es-clave-para-tener-una-semana-santa-segura-salud-sonora-2\/#breadcrumb","itemListElement":[{"@type":"ListItem","position":1,"name":"Portada","item":"https:\/\/www.sonoraenequipo.com.mx\/"},{"@type":"ListItem","position":2,"name":"Prevenci\u00f3n es clave para tener una Semana Santa segura: Salud Sonora"}]},{"@type":"WebSite","@id":"https:\/\/www.sonoraenequipo.com.mx\/#website","url":"https:\/\/www.sonoraenequipo.com.mx\/","name":"Sonora en Equipo.","description":"Diario en l\u00ednea con Noticias desde Hermosillo, Sonora","publisher":{"@id":"https:\/\/www.sonoraenequipo.com.mx\/#organization"},"potentialAction":[{"@type":"SearchAction","target":{"@type":"EntryPoint","urlTemplate":"https:\/\/www.sonoraenequipo.com.mx\/?s={search_term_string}"},"query-input":{"@type":"PropertyValueSpecification","valueRequired":true,"valueName":"search_term_string"}}],"inLanguage":"es"},{"@type":"Organization","@id":"https:\/\/www.sonoraenequipo.com.mx\/#organization","name":"Sonoraenequipo.com.mx","url":"https:\/\/www.sonoraenequipo.com.mx\/","logo":{"@type":"ImageObject","inLanguage":"es","@id":"https:\/\/www.sonoraenequipo.com.mx\/#\/schema\/logo\/image\/","url":"https:\/\/www.sonoraenequipo.com.mx\/storage\/2019\/01\/sonoraenequipo_opt.png","contentUrl":"https:\/\/www.sonoraenequipo.com.mx\/storage\/2019\/01\/sonoraenequipo_opt.png","width":375,"height":125,"caption":"Sonoraenequipo.com.mx"},"image":{"@id":"https:\/\/www.sonoraenequipo.com.mx\/#\/schema\/logo\/image\/"},"sameAs":["https:\/\/www.facebook.com\/SonoraEE\/","https:\/\/x.com\/sonoraenequipo","https:\/\/www.youtube.com\/channel\/UC338nW-lPEYmJQs4ZABQ1SQ"]},{"@type":"Person","@id":"https:\/\/www.sonoraenequipo.com.mx\/#\/schema\/person\/50102df0fb23a8fa9e8effad8fa81386","name":"enequipo","image":{"@type":"ImageObject","inLanguage":"es","@id":"https:\/\/www.sonoraenequipo.com.mx\/#\/schema\/person\/image\/","url":"https:\/\/secure.gravatar.com\/avatar\/049821681b589dabc0bc20695993ccebb09f5b5d4d790cd9251b97faac7c652b?s=96&d=blank&r=g","contentUrl":"https:\/\/secure.gravatar.com\/avatar\/049821681b589dabc0bc20695993ccebb09f5b5d4d790cd9251b97faac7c652b?s=96&d=blank&r=g","caption":"enequipo"},"sameAs":["https:\/\/www.facebook.com\/SonoraEE"]}]}},"jetpack_featured_media_url":"https:\/\/www.sonoraenequipo.com.mx\/storage\/2022\/04\/prevencion-saludsonora.jpg","_links":{"self":[{"href":"https:\/\/www.sonoraenequipo.com.mx\/api\/wp\/v2\/posts\/136724","targetHints":{"allow":["GET"]}}],"collection":[{"href":"https:\/\/www.sonoraenequipo.com.mx\/api\/wp\/v2\/posts"}],"about":[{"href":"https:\/\/www.sonoraenequipo.com.mx\/api\/wp\/v2\/types\/post"}],"author":[{"embeddable":true,"href":"https:\/\/www.sonoraenequipo.com.mx\/api\/wp\/v2\/users\/1"}],"replies":[{"embeddable":true,"href":"https:\/\/www.sonoraenequipo.com.mx\/api\/wp\/v2\/comments?post=136724"}],"version-history":[{"count":1,"href":"https:\/\/www.sonoraenequipo.com.mx\/api\/wp\/v2\/posts\/136724\/revisions"}],"predecessor-version":[{"id":136726,"href":"https:\/\/www.sonoraenequipo.com.mx\/api\/wp\/v2\/posts\/136724\/revisions\/136726"}],"wp:featuredmedia":[{"embeddable":true,"href":"https:\/\/www.sonoraenequipo.com.mx\/api\/wp\/v2\/media\/136725"}],"wp:attachment":[{"href":"https:\/\/www.sonoraenequipo.com.mx\/api\/wp\/v2\/media?parent=136724"}],"wp:term":[{"taxonomy":"category","embeddable":true,"href":"https:\/\/www.sonoraenequipo.com.mx\/api\/wp\/v2\/categories?post=136724"},{"taxonomy":"post_tag","embeddable":true,"href":"https:\/\/www.sonoraenequipo.com.mx\/api\/wp\/v2\/tags?post=136724"}],"curies":[{"name":"wp","href":"https:\/\/api.w.org\/{rel}","templated":true}]}}