{"id":136736,"date":"2022-04-15T06:08:45","date_gmt":"2022-04-15T13:08:45","guid":{"rendered":"https:\/\/www.sonoraenequipo.com.mx\/?p=136736"},"modified":"2022-04-15T21:18:39","modified_gmt":"2022-04-16T04:18:39","slug":"uth-brindara-servicios-de-asesoria-al-sector-empresarial-y-publico-en-general","status":"publish","type":"post","link":"https:\/\/www.sonoraenequipo.com.mx\/uth-brindara-servicios-de-asesoria-al-sector-empresarial-y-publico-en-general\/","title":{"rendered":"UTH Brindar\u00e1 servicios de asesor\u00eda al sector empresarial y p\u00fablico en general."},"content":{"rendered":"<p><strong>HERMOSILLO, SONORA. MX. \u2014\u00a0<\/strong> Como parte de la ampliaci\u00f3n de los servicios a la industria y al p\u00fablico en general, el pr\u00f3ximo 3 de mayo abrir\u00e1 sus puertas el Centro de Idiomas de la Universidad Tecnol\u00f3gica de Hermosillo (UTH), anunci\u00f3 Abel Leyva Castellanos.<\/p>\n<p>&nbsp;<\/p>\n<p>&nbsp;<\/p>\n<p> <\/p>\n<p>&nbsp;<\/p>\n<p>El rector de la UTH detall\u00f3 que el centro estar\u00e1 disponible para cualquier persona interesada, a partir de los 15 a\u00f1os, con cursos de cuatro horas semanales en modalidad presencial y en l\u00ednea, lo que representa una opci\u00f3n que se ajusta a las necesidades de cada participante.<\/p>\n<p>&nbsp;<\/p>\n<p>&nbsp;<\/p>\n<p>El horario, agreg\u00f3, puede ser de 9:00 a las 11:00 horas y de las 11:00 a las 13:00 horas, mientras que por la tarde podr\u00e1n elegir de las 16:00 a las 18:00 horas y de las 18:00 a las 21:00 horas los d\u00edas lunes y mi\u00e9rcoles o martes y jueves.<\/p>\n<p>&nbsp;<\/p>\n<p>&nbsp;<\/p>\n<p>&nbsp;<\/p>\n<p>\u201cOtra de las ventajas para los interesados es que no se requiere conocimientos previos del idioma ingl\u00e9s y una vez que se aplica la evaluaci\u00f3n inicial, se les asigna un nivel de acuerdo al resultado que obtengan, por lo que no es necesario haber estudiado la lengua con anterioridad o contar con alg\u00fan certificado que avale su dominio\u201d, manifest\u00f3.<\/p>\n<p>&nbsp;<\/p>\n<p>Leyva Castellanos coment\u00f3 que, al finalizar los niveles del curso, los cuales tienen una duraci\u00f3n de 60 horas, se otorga una certificaci\u00f3n por la Western New M\u00e9xico University, WNMU, dando fe de que se completaron los estudios.<\/p>\n<p>&nbsp;<\/p>\n<p>(Publicada el 15\/04\/2022 \/Con informaci\u00f3n de GOBSON 0422-115)<\/p>\n","protected":false},"excerpt":{"rendered":"<p>HERMOSILLO, SONORA. MX. \u2014\u00a0 Como parte de la ampliaci\u00f3n de los servicios a la industria&#8230;<\/p>\n","protected":false},"author":1,"featured_media":136737,"comment_status":"open","ping_status":"open","sticky":false,"template":"","format":"standard","meta":{"_monsterinsights_skip_tracking":false,"_monsterinsights_sitenote_active":false,"_monsterinsights_sitenote_note":"","_monsterinsights_sitenote_category":0,"footnotes":""},"categories":[22],"tags":[],"class_list":["post"],"yoast_head":" \n<title>Sonora en Equipo. UTH Brindar\u00e1 servicios de asesor\u00eda al sector empresarial y p\u00fablico en general. Sonora<\/title>\n<meta name=\"description\" content=\"HERMOSILLO, SONORA. MX. \u2014\u00a0 Como parte de la ampliaci\u00f3n de los servicios a la industria y al p\u00fablico en general, el pr\u00f3ximo 3 de mayo abrir\u00e1 sus puertas el En Sonora en Equipo publicamos toda la informaci\u00f3n de Sonora, M\u00e9xico y el Mundo de manera oportuna y busca que la libertad de expresi\u00f3n sea real. Visita nuestro medio informativo publicado desde Hermosillo, Sonora. %\" \/>\n<meta name=\"robots\" content=\"index, follow, max-snippet:-1, max-image-preview:large, max-video-preview:-1\" \/>\n<link rel=\"canonical\" href=\"https:\/\/www.sonoraenequipo.com.mx\/uth-brindara-servicios-de-asesoria-al-sector-empresarial-y-publico-en-general\/\" \/>\n<meta property=\"og:locale\" content=\"es_ES\" \/>\n<meta property=\"og:type\" content=\"article\" \/>\n<meta property=\"og:title\" content=\"Sonora en Equipo. UTH Brindar\u00e1 servicios de asesor\u00eda al sector empresarial y p\u00fablico en general. Sonora\" \/>\n<meta property=\"og:description\" content=\"HERMOSILLO, SONORA. MX. \u2014\u00a0 Como parte de la ampliaci\u00f3n de los servicios a la industria y al p\u00fablico en general, el pr\u00f3ximo 3 de mayo abrir\u00e1 sus puertas el En Sonora en Equipo publicamos toda la informaci\u00f3n de Sonora, M\u00e9xico y el Mundo de manera oportuna y busca que la libertad de expresi\u00f3n sea real. Visita nuestro medio informativo publicado desde Hermosillo, Sonora. %\" \/>\n<meta property=\"og:url\" content=\"https:\/\/www.sonoraenequipo.com.mx\/uth-brindara-servicios-de-asesoria-al-sector-empresarial-y-publico-en-general\/\" \/>\n<meta property=\"og:site_name\" content=\"Sonora en Equipo.\" \/>\n<meta property=\"article:publisher\" content=\"https:\/\/www.facebook.com\/SonoraEE\/\" \/>\n<meta property=\"article:author\" content=\"https:\/\/www.facebook.com\/SonoraEE\" \/>\n<meta property=\"article:published_time\" content=\"2022-04-15T13:08:45+00:00\" \/>\n<meta property=\"article:modified_time\" content=\"2022-04-16T04:18:39+00:00\" \/>\n<meta property=\"og:image\" content=\"https:\/\/www.sonoraenequipo.com.mx\/storage\/2022\/04\/uth-.jpg\" \/>\n\t<meta property=\"og:image:width\" content=\"700\" \/>\n\t<meta property=\"og:image:height\" content=\"400\" \/>\n\t<meta property=\"og:image:type\" content=\"image\/jpeg\" \/>\n<meta name=\"author\" content=\"enequipo\" \/>\n<meta name=\"twitter:card\" content=\"summary_large_image\" \/>\n<meta name=\"twitter:creator\" content=\"@sonoraenequipo\" \/>\n<meta name=\"twitter:site\" content=\"@sonoraenequipo\" \/>\n<meta name=\"twitter:label1\" content=\"Escrito por\" \/>\n\t<meta name=\"twitter:data1\" content=\"enequipo\" \/>\n\t<meta name=\"twitter:label2\" content=\"Tiempo de lectura\" \/>\n\t<meta name=\"twitter:data2\" content=\"2 minutos\" \/>\n<script type=\"application\/ld+json\" class=\"yoast-schema-graph\">{\"@context\":\"https:\/\/schema.org\",\"@graph\":[{\"@type\":\"Article\",\"@id\":\"https:\/\/www.sonoraenequipo.com.mx\/uth-brindara-servicios-de-asesoria-al-sector-empresarial-y-publico-en-general\/#article\",\"isPartOf\":{\"@id\":\"https:\/\/www.sonoraenequipo.com.mx\/uth-brindara-servicios-de-asesoria-al-sector-empresarial-y-publico-en-general\/\"},\"author\":{\"name\":\"enequipo\",\"@id\":\"https:\/\/www.sonoraenequipo.com.mx\/#\/schema\/person\/50102df0fb23a8fa9e8effad8fa81386\"},\"headline\":\"UTH Brindar\u00e1 servicios de asesor\u00eda al sector empresarial y p\u00fablico en general.\",\"datePublished\":\"2022-04-15T13:08:45+00:00\",\"dateModified\":\"2022-04-16T04:18:39+00:00\",\"mainEntityOfPage\":{\"@id\":\"https:\/\/www.sonoraenequipo.com.mx\/uth-brindara-servicios-de-asesoria-al-sector-empresarial-y-publico-en-general\/\"},\"wordCount\":272,\"commentCount\":0,\"publisher\":{\"@id\":\"https:\/\/www.sonoraenequipo.com.mx\/#organization\"},\"image\":{\"@id\":\"https:\/\/www.sonoraenequipo.com.mx\/uth-brindara-servicios-de-asesoria-al-sector-empresarial-y-publico-en-general\/#primaryimage\"},\"thumbnailUrl\":\"https:\/\/www.sonoraenequipo.com.mx\/storage\/2022\/04\/uth-.jpg\",\"articleSection\":[\"Sonora\"],\"inLanguage\":\"es\",\"potentialAction\":[{\"@type\":\"CommentAction\",\"name\":\"Comment\",\"target\":[\"https:\/\/www.sonoraenequipo.com.mx\/uth-brindara-servicios-de-asesoria-al-sector-empresarial-y-publico-en-general\/#respond\"]}]},{\"@type\":\"WebPage\",\"@id\":\"https:\/\/www.sonoraenequipo.com.mx\/uth-brindara-servicios-de-asesoria-al-sector-empresarial-y-publico-en-general\/\",\"url\":\"https:\/\/www.sonoraenequipo.com.mx\/uth-brindara-servicios-de-asesoria-al-sector-empresarial-y-publico-en-general\/\",\"name\":\"Sonora en Equipo. UTH Brindar\u00e1 servicios de asesor\u00eda al sector empresarial y p\u00fablico en general. Sonora\",\"isPartOf\":{\"@id\":\"https:\/\/www.sonoraenequipo.com.mx\/#website\"},\"primaryImageOfPage\":{\"@id\":\"https:\/\/www.sonoraenequipo.com.mx\/uth-brindara-servicios-de-asesoria-al-sector-empresarial-y-publico-en-general\/#primaryimage\"},\"image\":{\"@id\":\"https:\/\/www.sonoraenequipo.com.mx\/uth-brindara-servicios-de-asesoria-al-sector-empresarial-y-publico-en-general\/#primaryimage\"},\"thumbnailUrl\":\"https:\/\/www.sonoraenequipo.com.mx\/storage\/2022\/04\/uth-.jpg\",\"datePublished\":\"2022-04-15T13:08:45+00:00\",\"dateModified\":\"2022-04-16T04:18:39+00:00\",\"description\":\"HERMOSILLO, SONORA. MX. \u2014\u00a0 Como parte de la ampliaci\u00f3n de los servicios a la industria y al p\u00fablico en general, el pr\u00f3ximo 3 de mayo abrir\u00e1 sus puertas el En Sonora en Equipo publicamos toda la informaci\u00f3n de Sonora, M\u00e9xico y el Mundo de manera oportuna y busca que la libertad de expresi\u00f3n sea real. Visita nuestro medio informativo publicado desde Hermosillo, Sonora. %\",\"breadcrumb\":{\"@id\":\"https:\/\/www.sonoraenequipo.com.mx\/uth-brindara-servicios-de-asesoria-al-sector-empresarial-y-publico-en-general\/#breadcrumb\"},\"inLanguage\":\"es\",\"potentialAction\":[{\"@type\":\"ReadAction\",\"target\":[\"https:\/\/www.sonoraenequipo.com.mx\/uth-brindara-servicios-de-asesoria-al-sector-empresarial-y-publico-en-general\/\"]}]},{\"@type\":\"ImageObject\",\"inLanguage\":\"es\",\"@id\":\"https:\/\/www.sonoraenequipo.com.mx\/uth-brindara-servicios-de-asesoria-al-sector-empresarial-y-publico-en-general\/#primaryimage\",\"url\":\"https:\/\/www.sonoraenequipo.com.mx\/storage\/2022\/04\/uth-.jpg\",\"contentUrl\":\"https:\/\/www.sonoraenequipo.com.mx\/storage\/2022\/04\/uth-.jpg\",\"width\":700,\"height\":400},{\"@type\":\"BreadcrumbList\",\"@id\":\"https:\/\/www.sonoraenequipo.com.mx\/uth-brindara-servicios-de-asesoria-al-sector-empresarial-y-publico-en-general\/#breadcrumb\",\"itemListElement\":[{\"@type\":\"ListItem\",\"position\":1,\"name\":\"Portada\",\"item\":\"https:\/\/www.sonoraenequipo.com.mx\/\"},{\"@type\":\"ListItem\",\"position\":2,\"name\":\"UTH Brindar\u00e1 servicios de asesor\u00eda al sector empresarial y p\u00fablico en general.\"}]},{\"@type\":\"WebSite\",\"@id\":\"https:\/\/www.sonoraenequipo.com.mx\/#website\",\"url\":\"https:\/\/www.sonoraenequipo.com.mx\/\",\"name\":\"Sonora en Equipo.\",\"description\":\"Diario en l\u00ednea con Noticias desde Hermosillo, Sonora\",\"publisher\":{\"@id\":\"https:\/\/www.sonoraenequipo.com.mx\/#organization\"},\"potentialAction\":[{\"@type\":\"SearchAction\",\"target\":{\"@type\":\"EntryPoint\",\"urlTemplate\":\"https:\/\/www.sonoraenequipo.com.mx\/?s={search_term_string}\"},\"query-input\":{\"@type\":\"PropertyValueSpecification\",\"valueRequired\":true,\"valueName\":\"search_term_string\"}}],\"inLanguage\":\"es\"},{\"@type\":\"Organization\",\"@id\":\"https:\/\/www.sonoraenequipo.com.mx\/#organization\",\"name\":\"Sonoraenequipo.com.mx\",\"url\":\"https:\/\/www.sonoraenequipo.com.mx\/\",\"logo\":{\"@type\":\"ImageObject\",\"inLanguage\":\"es\",\"@id\":\"https:\/\/www.sonoraenequipo.com.mx\/#\/schema\/logo\/image\/\",\"url\":\"https:\/\/www.sonoraenequipo.com.mx\/storage\/2019\/01\/sonoraenequipo_opt.png\",\"contentUrl\":\"https:\/\/www.sonoraenequipo.com.mx\/storage\/2019\/01\/sonoraenequipo_opt.png\",\"width\":375,\"height\":125,\"caption\":\"Sonoraenequipo.com.mx\"},\"image\":{\"@id\":\"https:\/\/www.sonoraenequipo.com.mx\/#\/schema\/logo\/image\/\"},\"sameAs\":[\"https:\/\/www.facebook.com\/SonoraEE\/\",\"https:\/\/x.com\/sonoraenequipo\",\"https:\/\/www.youtube.com\/channel\/UC338nW-lPEYmJQs4ZABQ1SQ\"]},{\"@type\":\"Person\",\"@id\":\"https:\/\/www.sonoraenequipo.com.mx\/#\/schema\/person\/50102df0fb23a8fa9e8effad8fa81386\",\"name\":\"enequipo\",\"image\":{\"@type\":\"ImageObject\",\"inLanguage\":\"es\",\"@id\":\"https:\/\/www.sonoraenequipo.com.mx\/#\/schema\/person\/image\/\",\"url\":\"https:\/\/secure.gravatar.com\/avatar\/049821681b589dabc0bc20695993ccebb09f5b5d4d790cd9251b97faac7c652b?s=96&d=blank&r=g\",\"contentUrl\":\"https:\/\/secure.gravatar.com\/avatar\/049821681b589dabc0bc20695993ccebb09f5b5d4d790cd9251b97faac7c652b?s=96&d=blank&r=g\",\"caption\":\"enequipo\"},\"sameAs\":[\"https:\/\/www.facebook.com\/SonoraEE\"]}]}<\/script>\n ","yoast_head_json":{"title":"Sonora en Equipo. UTH Brindar\u00e1 servicios de asesor\u00eda al sector empresarial y p\u00fablico en general. Sonora","description":"HERMOSILLO, SONORA. MX. \u2014\u00a0 Como parte de la ampliaci\u00f3n de los servicios a la industria y al p\u00fablico en general, el pr\u00f3ximo 3 de mayo abrir\u00e1 sus puertas el En Sonora en Equipo publicamos toda la informaci\u00f3n de Sonora, M\u00e9xico y el Mundo de manera oportuna y busca que la libertad de expresi\u00f3n sea real. Visita nuestro medio informativo publicado desde Hermosillo, Sonora. %","robots":{"index":"index","follow":"follow","max-snippet":"max-snippet:-1","max-image-preview":"max-image-preview:large","max-video-preview":"max-video-preview:-1"},"canonical":"https:\/\/www.sonoraenequipo.com.mx\/uth-brindara-servicios-de-asesoria-al-sector-empresarial-y-publico-en-general\/","og_locale":"es_ES","og_type":"article","og_title":"Sonora en Equipo. UTH Brindar\u00e1 servicios de asesor\u00eda al sector empresarial y p\u00fablico en general. Sonora","og_description":"HERMOSILLO, SONORA. MX. \u2014\u00a0 Como parte de la ampliaci\u00f3n de los servicios a la industria y al p\u00fablico en general, el pr\u00f3ximo 3 de mayo abrir\u00e1 sus puertas el En Sonora en Equipo publicamos toda la informaci\u00f3n de Sonora, M\u00e9xico y el Mundo de manera oportuna y busca que la libertad de expresi\u00f3n sea real. Visita nuestro medio informativo publicado desde Hermosillo, Sonora. %","og_url":"https:\/\/www.sonoraenequipo.com.mx\/uth-brindara-servicios-de-asesoria-al-sector-empresarial-y-publico-en-general\/","og_site_name":"Sonora en Equipo.","article_publisher":"https:\/\/www.facebook.com\/SonoraEE\/","article_author":"https:\/\/www.facebook.com\/SonoraEE","article_published_time":"2022-04-15T13:08:45+00:00","article_modified_time":"2022-04-16T04:18:39+00:00","og_image":[{"width":700,"height":400,"url":"https:\/\/www.sonoraenequipo.com.mx\/storage\/2022\/04\/uth-.jpg","type":"image\/jpeg"}],"author":"enequipo","twitter_card":"summary_large_image","twitter_creator":"@sonoraenequipo","twitter_site":"@sonoraenequipo","twitter_misc":{"Escrito por":"enequipo","Tiempo de lectura":"2 minutos"},"schema":{"@context":"https:\/\/schema.org","@graph":[{"@type":"Article","@id":"https:\/\/www.sonoraenequipo.com.mx\/uth-brindara-servicios-de-asesoria-al-sector-empresarial-y-publico-en-general\/#article","isPartOf":{"@id":"https:\/\/www.sonoraenequipo.com.mx\/uth-brindara-servicios-de-asesoria-al-sector-empresarial-y-publico-en-general\/"},"author":{"name":"enequipo","@id":"https:\/\/www.sonoraenequipo.com.mx\/#\/schema\/person\/50102df0fb23a8fa9e8effad8fa81386"},"headline":"UTH Brindar\u00e1 servicios de asesor\u00eda al sector empresarial y p\u00fablico en general.","datePublished":"2022-04-15T13:08:45+00:00","dateModified":"2022-04-16T04:18:39+00:00","mainEntityOfPage":{"@id":"https:\/\/www.sonoraenequipo.com.mx\/uth-brindara-servicios-de-asesoria-al-sector-empresarial-y-publico-en-general\/"},"wordCount":272,"commentCount":0,"publisher":{"@id":"https:\/\/www.sonoraenequipo.com.mx\/#organization"},"image":{"@id":"https:\/\/www.sonoraenequipo.com.mx\/uth-brindara-servicios-de-asesoria-al-sector-empresarial-y-publico-en-general\/#primaryimage"},"thumbnailUrl":"https:\/\/www.sonoraenequipo.com.mx\/storage\/2022\/04\/uth-.jpg","articleSection":["Sonora"],"inLanguage":"es","potentialAction":[{"@type":"CommentAction","name":"Comment","target":["https:\/\/www.sonoraenequipo.com.mx\/uth-brindara-servicios-de-asesoria-al-sector-empresarial-y-publico-en-general\/#respond"]}]},{"@type":"WebPage","@id":"https:\/\/www.sonoraenequipo.com.mx\/uth-brindara-servicios-de-asesoria-al-sector-empresarial-y-publico-en-general\/","url":"https:\/\/www.sonoraenequipo.com.mx\/uth-brindara-servicios-de-asesoria-al-sector-empresarial-y-publico-en-general\/","name":"Sonora en Equipo. UTH Brindar\u00e1 servicios de asesor\u00eda al sector empresarial y p\u00fablico en general. Sonora","isPartOf":{"@id":"https:\/\/www.sonoraenequipo.com.mx\/#website"},"primaryImageOfPage":{"@id":"https:\/\/www.sonoraenequipo.com.mx\/uth-brindara-servicios-de-asesoria-al-sector-empresarial-y-publico-en-general\/#primaryimage"},"image":{"@id":"https:\/\/www.sonoraenequipo.com.mx\/uth-brindara-servicios-de-asesoria-al-sector-empresarial-y-publico-en-general\/#primaryimage"},"thumbnailUrl":"https:\/\/www.sonoraenequipo.com.mx\/storage\/2022\/04\/uth-.jpg","datePublished":"2022-04-15T13:08:45+00:00","dateModified":"2022-04-16T04:18:39+00:00","description":"HERMOSILLO, SONORA. MX. \u2014\u00a0 Como parte de la ampliaci\u00f3n de los servicios a la industria y al p\u00fablico en general, el pr\u00f3ximo 3 de mayo abrir\u00e1 sus puertas el En Sonora en Equipo publicamos toda la informaci\u00f3n de Sonora, M\u00e9xico y el Mundo de manera oportuna y busca que la libertad de expresi\u00f3n sea real. Visita nuestro medio informativo publicado desde Hermosillo, Sonora. %","breadcrumb":{"@id":"https:\/\/www.sonoraenequipo.com.mx\/uth-brindara-servicios-de-asesoria-al-sector-empresarial-y-publico-en-general\/#breadcrumb"},"inLanguage":"es","potentialAction":[{"@type":"ReadAction","target":["https:\/\/www.sonoraenequipo.com.mx\/uth-brindara-servicios-de-asesoria-al-sector-empresarial-y-publico-en-general\/"]}]},{"@type":"ImageObject","inLanguage":"es","@id":"https:\/\/www.sonoraenequipo.com.mx\/uth-brindara-servicios-de-asesoria-al-sector-empresarial-y-publico-en-general\/#primaryimage","url":"https:\/\/www.sonoraenequipo.com.mx\/storage\/2022\/04\/uth-.jpg","contentUrl":"https:\/\/www.sonoraenequipo.com.mx\/storage\/2022\/04\/uth-.jpg","width":700,"height":400},{"@type":"BreadcrumbList","@id":"https:\/\/www.sonoraenequipo.com.mx\/uth-brindara-servicios-de-asesoria-al-sector-empresarial-y-publico-en-general\/#breadcrumb","itemListElement":[{"@type":"ListItem","position":1,"name":"Portada","item":"https:\/\/www.sonoraenequipo.com.mx\/"},{"@type":"ListItem","position":2,"name":"UTH Brindar\u00e1 servicios de asesor\u00eda al sector empresarial y p\u00fablico en general."}]},{"@type":"WebSite","@id":"https:\/\/www.sonoraenequipo.com.mx\/#website","url":"https:\/\/www.sonoraenequipo.com.mx\/","name":"Sonora en Equipo.","description":"Diario en l\u00ednea con Noticias desde Hermosillo, Sonora","publisher":{"@id":"https:\/\/www.sonoraenequipo.com.mx\/#organization"},"potentialAction":[{"@type":"SearchAction","target":{"@type":"EntryPoint","urlTemplate":"https:\/\/www.sonoraenequipo.com.mx\/?s={search_term_string}"},"query-input":{"@type":"PropertyValueSpecification","valueRequired":true,"valueName":"search_term_string"}}],"inLanguage":"es"},{"@type":"Organization","@id":"https:\/\/www.sonoraenequipo.com.mx\/#organization","name":"Sonoraenequipo.com.mx","url":"https:\/\/www.sonoraenequipo.com.mx\/","logo":{"@type":"ImageObject","inLanguage":"es","@id":"https:\/\/www.sonoraenequipo.com.mx\/#\/schema\/logo\/image\/","url":"https:\/\/www.sonoraenequipo.com.mx\/storage\/2019\/01\/sonoraenequipo_opt.png","contentUrl":"https:\/\/www.sonoraenequipo.com.mx\/storage\/2019\/01\/sonoraenequipo_opt.png","width":375,"height":125,"caption":"Sonoraenequipo.com.mx"},"image":{"@id":"https:\/\/www.sonoraenequipo.com.mx\/#\/schema\/logo\/image\/"},"sameAs":["https:\/\/www.facebook.com\/SonoraEE\/","https:\/\/x.com\/sonoraenequipo","https:\/\/www.youtube.com\/channel\/UC338nW-lPEYmJQs4ZABQ1SQ"]},{"@type":"Person","@id":"https:\/\/www.sonoraenequipo.com.mx\/#\/schema\/person\/50102df0fb23a8fa9e8effad8fa81386","name":"enequipo","image":{"@type":"ImageObject","inLanguage":"es","@id":"https:\/\/www.sonoraenequipo.com.mx\/#\/schema\/person\/image\/","url":"https:\/\/secure.gravatar.com\/avatar\/049821681b589dabc0bc20695993ccebb09f5b5d4d790cd9251b97faac7c652b?s=96&d=blank&r=g","contentUrl":"https:\/\/secure.gravatar.com\/avatar\/049821681b589dabc0bc20695993ccebb09f5b5d4d790cd9251b97faac7c652b?s=96&d=blank&r=g","caption":"enequipo"},"sameAs":["https:\/\/www.facebook.com\/SonoraEE"]}]}},"jetpack_featured_media_url":"https:\/\/www.sonoraenequipo.com.mx\/storage\/2022\/04\/uth-.jpg","_links":{"self":[{"href":"https:\/\/www.sonoraenequipo.com.mx\/api\/wp\/v2\/posts\/136736","targetHints":{"allow":["GET"]}}],"collection":[{"href":"https:\/\/www.sonoraenequipo.com.mx\/api\/wp\/v2\/posts"}],"about":[{"href":"https:\/\/www.sonoraenequipo.com.mx\/api\/wp\/v2\/types\/post"}],"author":[{"embeddable":true,"href":"https:\/\/www.sonoraenequipo.com.mx\/api\/wp\/v2\/users\/1"}],"replies":[{"embeddable":true,"href":"https:\/\/www.sonoraenequipo.com.mx\/api\/wp\/v2\/comments?post=136736"}],"version-history":[{"count":2,"href":"https:\/\/www.sonoraenequipo.com.mx\/api\/wp\/v2\/posts\/136736\/revisions"}],"predecessor-version":[{"id":136739,"href":"https:\/\/www.sonoraenequipo.com.mx\/api\/wp\/v2\/posts\/136736\/revisions\/136739"}],"wp:featuredmedia":[{"embeddable":true,"href":"https:\/\/www.sonoraenequipo.com.mx\/api\/wp\/v2\/media\/136737"}],"wp:attachment":[{"href":"https:\/\/www.sonoraenequipo.com.mx\/api\/wp\/v2\/media?parent=136736"}],"wp:term":[{"taxonomy":"category","embeddable":true,"href":"https:\/\/www.sonoraenequipo.com.mx\/api\/wp\/v2\/categories?post=136736"},{"taxonomy":"post_tag","embeddable":true,"href":"https:\/\/www.sonoraenequipo.com.mx\/api\/wp\/v2\/tags?post=136736"}],"curies":[{"name":"wp","href":"https:\/\/api.w.org\/{rel}","templated":true}]}}