{"id":136745,"date":"2022-04-15T08:00:21","date_gmt":"2022-04-15T15:00:21","guid":{"rendered":"https:\/\/www.sonoraenequipo.com.mx\/?p=136745"},"modified":"2022-04-15T22:46:13","modified_gmt":"2022-04-16T05:46:13","slug":"en-bahia-de-kino-habilitan-bulevar-mar-de-cortes-a-un-solo-sentido","status":"publish","type":"post","link":"https:\/\/www.sonoraenequipo.com.mx\/en-bahia-de-kino-habilitan-bulevar-mar-de-cortes-a-un-solo-sentido\/","title":{"rendered":"En Bah\u00eda de Kino habilitan bulevar Mar de Cort\u00e9s a un solo sentido"},"content":{"rendered":"<p><strong>HERMOSILLO, SONORA. MX. \u2014 <\/strong>Desde las 14:00 horas del jueves 14 de abril, el personal del Departamento de Tr\u00e1nsito habilit\u00f3 en un solo sentido la circulaci\u00f3n de veh\u00edculos por el bulevar Mar de Cort\u00e9s, desde el entronque con el camino alterno.<\/p>\n<p>&nbsp;<\/p>\n<p> <\/p>\n<p>Francisco Javier Galaviz Arredondo, director de Tr\u00e1nsito, inform\u00f3 que el cambio de sentido se dio desde las 14:00 horas y se mantendr\u00e1 hasta el pr\u00f3ximo domingo 17 de abril.<\/p>\n<p>&nbsp;<\/p>\n<p>&nbsp;<\/p>\n<p>Agreg\u00f3 que este cambio de vialidad viene a dar mayor fluidez al tr\u00e1nsito de veh\u00edculos, mientras que el regreso hacia Bah\u00eda de Kino pueblo se puede realizar por el camino alterno, que se ubica al norte de la calle principal.<\/p>\n<p>&nbsp;<\/p>\n<p>Galaviz Arredondo emiti\u00f3 recomendaciones para las personas que viajar\u00e1n a los distintos destinos tur\u00edsticos de nuestro municipio, como revisar las condiciones mec\u00e1nicas de los veh\u00edculos, as\u00ed como el estado de las llantas.<\/p>\n<p>&nbsp;<\/p>\n<p>Agreg\u00f3 que se debe viajar con refacci\u00f3n y herramientas para el cambio de neum\u00e1tico, as\u00ed como con todas las luces de la unidad en buen estado.<\/p>\n<p>&nbsp;<\/p>\n<p>Asegur\u00f3 que en las carreteras del municipio se implementaron operativos carruseles para el control de velocidad en el viaje, adem\u00e1s de tener distintos puntos de supervisi\u00f3n y control para evitar accidentes.<\/p>\n<p>&nbsp;<\/p>\n<p>&nbsp;<\/p>\n<p>Pidi\u00f3 a los conductores ser responsables y no combinar el volante con la ingesta de alcohol.<\/p>\n<p>&nbsp;<\/p>\n<p>&nbsp;<\/p>\n<p>(Publicada el 15\/04\/2022 \/Con informaci\u00f3n de GOB HMO 1514)<\/p>\n","protected":false},"excerpt":{"rendered":"<p>HERMOSILLO, SONORA. MX. \u2014 Desde las 14:00 horas del jueves 14 de abril, el personal&#8230;<\/p>\n","protected":false},"author":1,"featured_media":136746,"comment_status":"open","ping_status":"open","sticky":false,"template":"","format":"standard","meta":{"_monsterinsights_skip_tracking":false,"_monsterinsights_sitenote_active":false,"_monsterinsights_sitenote_note":"","_monsterinsights_sitenote_category":0,"footnotes":""},"categories":[4],"tags":[],"class_list":["post"],"yoast_head":" \n<title>Sonora en Equipo. En Bah\u00eda de Kino habilitan bulevar Mar de Cort\u00e9s a un solo sentido Municipios<\/title>\n<meta name=\"description\" content=\"HERMOSILLO, SONORA. MX. \u2014 Desde las 14:00 horas del jueves 14 de abril, el personal del Departamento de Tr\u00e1nsito habilit\u00f3 en un solo sentido la En Sonora en Equipo publicamos toda la informaci\u00f3n de Sonora, M\u00e9xico y el Mundo de manera oportuna y busca que la libertad de expresi\u00f3n sea real. Visita nuestro medio informativo publicado desde Hermosillo, Sonora. %\" \/>\n<meta name=\"robots\" content=\"index, follow, max-snippet:-1, max-image-preview:large, max-video-preview:-1\" \/>\n<link rel=\"canonical\" href=\"https:\/\/www.sonoraenequipo.com.mx\/en-bahia-de-kino-habilitan-bulevar-mar-de-cortes-a-un-solo-sentido\/\" \/>\n<meta property=\"og:locale\" content=\"es_ES\" \/>\n<meta property=\"og:type\" content=\"article\" \/>\n<meta property=\"og:title\" content=\"Sonora en Equipo. En Bah\u00eda de Kino habilitan bulevar Mar de Cort\u00e9s a un solo sentido Municipios\" \/>\n<meta property=\"og:description\" content=\"HERMOSILLO, SONORA. MX. \u2014 Desde las 14:00 horas del jueves 14 de abril, el personal del Departamento de Tr\u00e1nsito habilit\u00f3 en un solo sentido la En Sonora en Equipo publicamos toda la informaci\u00f3n de Sonora, M\u00e9xico y el Mundo de manera oportuna y busca que la libertad de expresi\u00f3n sea real. Visita nuestro medio informativo publicado desde Hermosillo, Sonora. %\" \/>\n<meta property=\"og:url\" content=\"https:\/\/www.sonoraenequipo.com.mx\/en-bahia-de-kino-habilitan-bulevar-mar-de-cortes-a-un-solo-sentido\/\" \/>\n<meta property=\"og:site_name\" content=\"Sonora en Equipo.\" \/>\n<meta property=\"article:publisher\" content=\"https:\/\/www.facebook.com\/SonoraEE\/\" \/>\n<meta property=\"article:author\" content=\"https:\/\/www.facebook.com\/SonoraEE\" \/>\n<meta property=\"article:published_time\" content=\"2022-04-15T15:00:21+00:00\" \/>\n<meta property=\"article:modified_time\" content=\"2022-04-16T05:46:13+00:00\" \/>\n<meta property=\"og:image\" content=\"https:\/\/www.sonoraenequipo.com.mx\/storage\/2022\/04\/IMG-20220414-WA0419.jpg\" \/>\n\t<meta property=\"og:image:width\" content=\"700\" \/>\n\t<meta property=\"og:image:height\" content=\"400\" \/>\n\t<meta property=\"og:image:type\" content=\"image\/jpeg\" \/>\n<meta name=\"author\" content=\"enequipo\" \/>\n<meta name=\"twitter:card\" content=\"summary_large_image\" \/>\n<meta name=\"twitter:creator\" content=\"@sonoraenequipo\" \/>\n<meta name=\"twitter:site\" content=\"@sonoraenequipo\" \/>\n<meta name=\"twitter:label1\" content=\"Escrito por\" \/>\n\t<meta name=\"twitter:data1\" content=\"enequipo\" \/>\n\t<meta name=\"twitter:label2\" content=\"Tiempo de lectura\" \/>\n\t<meta name=\"twitter:data2\" content=\"2 minutos\" \/>\n<script type=\"application\/ld+json\" class=\"yoast-schema-graph\">{\"@context\":\"https:\/\/schema.org\",\"@graph\":[{\"@type\":\"Article\",\"@id\":\"https:\/\/www.sonoraenequipo.com.mx\/en-bahia-de-kino-habilitan-bulevar-mar-de-cortes-a-un-solo-sentido\/#article\",\"isPartOf\":{\"@id\":\"https:\/\/www.sonoraenequipo.com.mx\/en-bahia-de-kino-habilitan-bulevar-mar-de-cortes-a-un-solo-sentido\/\"},\"author\":{\"name\":\"enequipo\",\"@id\":\"https:\/\/www.sonoraenequipo.com.mx\/#\/schema\/person\/50102df0fb23a8fa9e8effad8fa81386\"},\"headline\":\"En Bah\u00eda de Kino habilitan bulevar Mar de Cort\u00e9s a un solo sentido\",\"datePublished\":\"2022-04-15T15:00:21+00:00\",\"dateModified\":\"2022-04-16T05:46:13+00:00\",\"mainEntityOfPage\":{\"@id\":\"https:\/\/www.sonoraenequipo.com.mx\/en-bahia-de-kino-habilitan-bulevar-mar-de-cortes-a-un-solo-sentido\/\"},\"wordCount\":260,\"commentCount\":0,\"publisher\":{\"@id\":\"https:\/\/www.sonoraenequipo.com.mx\/#organization\"},\"image\":{\"@id\":\"https:\/\/www.sonoraenequipo.com.mx\/en-bahia-de-kino-habilitan-bulevar-mar-de-cortes-a-un-solo-sentido\/#primaryimage\"},\"thumbnailUrl\":\"https:\/\/www.sonoraenequipo.com.mx\/storage\/2022\/04\/IMG-20220414-WA0419.jpg\",\"articleSection\":[\"Municipios\"],\"inLanguage\":\"es\",\"potentialAction\":[{\"@type\":\"CommentAction\",\"name\":\"Comment\",\"target\":[\"https:\/\/www.sonoraenequipo.com.mx\/en-bahia-de-kino-habilitan-bulevar-mar-de-cortes-a-un-solo-sentido\/#respond\"]}]},{\"@type\":\"WebPage\",\"@id\":\"https:\/\/www.sonoraenequipo.com.mx\/en-bahia-de-kino-habilitan-bulevar-mar-de-cortes-a-un-solo-sentido\/\",\"url\":\"https:\/\/www.sonoraenequipo.com.mx\/en-bahia-de-kino-habilitan-bulevar-mar-de-cortes-a-un-solo-sentido\/\",\"name\":\"Sonora en Equipo. En Bah\u00eda de Kino habilitan bulevar Mar de Cort\u00e9s a un solo sentido Municipios\",\"isPartOf\":{\"@id\":\"https:\/\/www.sonoraenequipo.com.mx\/#website\"},\"primaryImageOfPage\":{\"@id\":\"https:\/\/www.sonoraenequipo.com.mx\/en-bahia-de-kino-habilitan-bulevar-mar-de-cortes-a-un-solo-sentido\/#primaryimage\"},\"image\":{\"@id\":\"https:\/\/www.sonoraenequipo.com.mx\/en-bahia-de-kino-habilitan-bulevar-mar-de-cortes-a-un-solo-sentido\/#primaryimage\"},\"thumbnailUrl\":\"https:\/\/www.sonoraenequipo.com.mx\/storage\/2022\/04\/IMG-20220414-WA0419.jpg\",\"datePublished\":\"2022-04-15T15:00:21+00:00\",\"dateModified\":\"2022-04-16T05:46:13+00:00\",\"description\":\"HERMOSILLO, SONORA. MX. \u2014 Desde las 14:00 horas del jueves 14 de abril, el personal del Departamento de Tr\u00e1nsito habilit\u00f3 en un solo sentido la En Sonora en Equipo publicamos toda la informaci\u00f3n de Sonora, M\u00e9xico y el Mundo de manera oportuna y busca que la libertad de expresi\u00f3n sea real. Visita nuestro medio informativo publicado desde Hermosillo, Sonora. %\",\"breadcrumb\":{\"@id\":\"https:\/\/www.sonoraenequipo.com.mx\/en-bahia-de-kino-habilitan-bulevar-mar-de-cortes-a-un-solo-sentido\/#breadcrumb\"},\"inLanguage\":\"es\",\"potentialAction\":[{\"@type\":\"ReadAction\",\"target\":[\"https:\/\/www.sonoraenequipo.com.mx\/en-bahia-de-kino-habilitan-bulevar-mar-de-cortes-a-un-solo-sentido\/\"]}]},{\"@type\":\"ImageObject\",\"inLanguage\":\"es\",\"@id\":\"https:\/\/www.sonoraenequipo.com.mx\/en-bahia-de-kino-habilitan-bulevar-mar-de-cortes-a-un-solo-sentido\/#primaryimage\",\"url\":\"https:\/\/www.sonoraenequipo.com.mx\/storage\/2022\/04\/IMG-20220414-WA0419.jpg\",\"contentUrl\":\"https:\/\/www.sonoraenequipo.com.mx\/storage\/2022\/04\/IMG-20220414-WA0419.jpg\",\"width\":700,\"height\":400},{\"@type\":\"BreadcrumbList\",\"@id\":\"https:\/\/www.sonoraenequipo.com.mx\/en-bahia-de-kino-habilitan-bulevar-mar-de-cortes-a-un-solo-sentido\/#breadcrumb\",\"itemListElement\":[{\"@type\":\"ListItem\",\"position\":1,\"name\":\"Portada\",\"item\":\"https:\/\/www.sonoraenequipo.com.mx\/\"},{\"@type\":\"ListItem\",\"position\":2,\"name\":\"En Bah\u00eda de Kino habilitan bulevar Mar de Cort\u00e9s a un solo sentido\"}]},{\"@type\":\"WebSite\",\"@id\":\"https:\/\/www.sonoraenequipo.com.mx\/#website\",\"url\":\"https:\/\/www.sonoraenequipo.com.mx\/\",\"name\":\"Sonora en Equipo.\",\"description\":\"Diario en l\u00ednea con Noticias desde Hermosillo, Sonora\",\"publisher\":{\"@id\":\"https:\/\/www.sonoraenequipo.com.mx\/#organization\"},\"potentialAction\":[{\"@type\":\"SearchAction\",\"target\":{\"@type\":\"EntryPoint\",\"urlTemplate\":\"https:\/\/www.sonoraenequipo.com.mx\/?s={search_term_string}\"},\"query-input\":{\"@type\":\"PropertyValueSpecification\",\"valueRequired\":true,\"valueName\":\"search_term_string\"}}],\"inLanguage\":\"es\"},{\"@type\":\"Organization\",\"@id\":\"https:\/\/www.sonoraenequipo.com.mx\/#organization\",\"name\":\"Sonoraenequipo.com.mx\",\"url\":\"https:\/\/www.sonoraenequipo.com.mx\/\",\"logo\":{\"@type\":\"ImageObject\",\"inLanguage\":\"es\",\"@id\":\"https:\/\/www.sonoraenequipo.com.mx\/#\/schema\/logo\/image\/\",\"url\":\"https:\/\/www.sonoraenequipo.com.mx\/storage\/2019\/01\/sonoraenequipo_opt.png\",\"contentUrl\":\"https:\/\/www.sonoraenequipo.com.mx\/storage\/2019\/01\/sonoraenequipo_opt.png\",\"width\":375,\"height\":125,\"caption\":\"Sonoraenequipo.com.mx\"},\"image\":{\"@id\":\"https:\/\/www.sonoraenequipo.com.mx\/#\/schema\/logo\/image\/\"},\"sameAs\":[\"https:\/\/www.facebook.com\/SonoraEE\/\",\"https:\/\/x.com\/sonoraenequipo\",\"https:\/\/www.youtube.com\/channel\/UC338nW-lPEYmJQs4ZABQ1SQ\"]},{\"@type\":\"Person\",\"@id\":\"https:\/\/www.sonoraenequipo.com.mx\/#\/schema\/person\/50102df0fb23a8fa9e8effad8fa81386\",\"name\":\"enequipo\",\"image\":{\"@type\":\"ImageObject\",\"inLanguage\":\"es\",\"@id\":\"https:\/\/www.sonoraenequipo.com.mx\/#\/schema\/person\/image\/\",\"url\":\"https:\/\/secure.gravatar.com\/avatar\/049821681b589dabc0bc20695993ccebb09f5b5d4d790cd9251b97faac7c652b?s=96&d=blank&r=g\",\"contentUrl\":\"https:\/\/secure.gravatar.com\/avatar\/049821681b589dabc0bc20695993ccebb09f5b5d4d790cd9251b97faac7c652b?s=96&d=blank&r=g\",\"caption\":\"enequipo\"},\"sameAs\":[\"https:\/\/www.facebook.com\/SonoraEE\"]}]}<\/script>\n ","yoast_head_json":{"title":"Sonora en Equipo. En Bah\u00eda de Kino habilitan bulevar Mar de Cort\u00e9s a un solo sentido Municipios","description":"HERMOSILLO, SONORA. MX. \u2014 Desde las 14:00 horas del jueves 14 de abril, el personal del Departamento de Tr\u00e1nsito habilit\u00f3 en un solo sentido la En Sonora en Equipo publicamos toda la informaci\u00f3n de Sonora, M\u00e9xico y el Mundo de manera oportuna y busca que la libertad de expresi\u00f3n sea real. Visita nuestro medio informativo publicado desde Hermosillo, Sonora. %","robots":{"index":"index","follow":"follow","max-snippet":"max-snippet:-1","max-image-preview":"max-image-preview:large","max-video-preview":"max-video-preview:-1"},"canonical":"https:\/\/www.sonoraenequipo.com.mx\/en-bahia-de-kino-habilitan-bulevar-mar-de-cortes-a-un-solo-sentido\/","og_locale":"es_ES","og_type":"article","og_title":"Sonora en Equipo. En Bah\u00eda de Kino habilitan bulevar Mar de Cort\u00e9s a un solo sentido Municipios","og_description":"HERMOSILLO, SONORA. MX. \u2014 Desde las 14:00 horas del jueves 14 de abril, el personal del Departamento de Tr\u00e1nsito habilit\u00f3 en un solo sentido la En Sonora en Equipo publicamos toda la informaci\u00f3n de Sonora, M\u00e9xico y el Mundo de manera oportuna y busca que la libertad de expresi\u00f3n sea real. Visita nuestro medio informativo publicado desde Hermosillo, Sonora. %","og_url":"https:\/\/www.sonoraenequipo.com.mx\/en-bahia-de-kino-habilitan-bulevar-mar-de-cortes-a-un-solo-sentido\/","og_site_name":"Sonora en Equipo.","article_publisher":"https:\/\/www.facebook.com\/SonoraEE\/","article_author":"https:\/\/www.facebook.com\/SonoraEE","article_published_time":"2022-04-15T15:00:21+00:00","article_modified_time":"2022-04-16T05:46:13+00:00","og_image":[{"width":700,"height":400,"url":"https:\/\/www.sonoraenequipo.com.mx\/storage\/2022\/04\/IMG-20220414-WA0419.jpg","type":"image\/jpeg"}],"author":"enequipo","twitter_card":"summary_large_image","twitter_creator":"@sonoraenequipo","twitter_site":"@sonoraenequipo","twitter_misc":{"Escrito por":"enequipo","Tiempo de lectura":"2 minutos"},"schema":{"@context":"https:\/\/schema.org","@graph":[{"@type":"Article","@id":"https:\/\/www.sonoraenequipo.com.mx\/en-bahia-de-kino-habilitan-bulevar-mar-de-cortes-a-un-solo-sentido\/#article","isPartOf":{"@id":"https:\/\/www.sonoraenequipo.com.mx\/en-bahia-de-kino-habilitan-bulevar-mar-de-cortes-a-un-solo-sentido\/"},"author":{"name":"enequipo","@id":"https:\/\/www.sonoraenequipo.com.mx\/#\/schema\/person\/50102df0fb23a8fa9e8effad8fa81386"},"headline":"En Bah\u00eda de Kino habilitan bulevar Mar de Cort\u00e9s a un solo sentido","datePublished":"2022-04-15T15:00:21+00:00","dateModified":"2022-04-16T05:46:13+00:00","mainEntityOfPage":{"@id":"https:\/\/www.sonoraenequipo.com.mx\/en-bahia-de-kino-habilitan-bulevar-mar-de-cortes-a-un-solo-sentido\/"},"wordCount":260,"commentCount":0,"publisher":{"@id":"https:\/\/www.sonoraenequipo.com.mx\/#organization"},"image":{"@id":"https:\/\/www.sonoraenequipo.com.mx\/en-bahia-de-kino-habilitan-bulevar-mar-de-cortes-a-un-solo-sentido\/#primaryimage"},"thumbnailUrl":"https:\/\/www.sonoraenequipo.com.mx\/storage\/2022\/04\/IMG-20220414-WA0419.jpg","articleSection":["Municipios"],"inLanguage":"es","potentialAction":[{"@type":"CommentAction","name":"Comment","target":["https:\/\/www.sonoraenequipo.com.mx\/en-bahia-de-kino-habilitan-bulevar-mar-de-cortes-a-un-solo-sentido\/#respond"]}]},{"@type":"WebPage","@id":"https:\/\/www.sonoraenequipo.com.mx\/en-bahia-de-kino-habilitan-bulevar-mar-de-cortes-a-un-solo-sentido\/","url":"https:\/\/www.sonoraenequipo.com.mx\/en-bahia-de-kino-habilitan-bulevar-mar-de-cortes-a-un-solo-sentido\/","name":"Sonora en Equipo. En Bah\u00eda de Kino habilitan bulevar Mar de Cort\u00e9s a un solo sentido Municipios","isPartOf":{"@id":"https:\/\/www.sonoraenequipo.com.mx\/#website"},"primaryImageOfPage":{"@id":"https:\/\/www.sonoraenequipo.com.mx\/en-bahia-de-kino-habilitan-bulevar-mar-de-cortes-a-un-solo-sentido\/#primaryimage"},"image":{"@id":"https:\/\/www.sonoraenequipo.com.mx\/en-bahia-de-kino-habilitan-bulevar-mar-de-cortes-a-un-solo-sentido\/#primaryimage"},"thumbnailUrl":"https:\/\/www.sonoraenequipo.com.mx\/storage\/2022\/04\/IMG-20220414-WA0419.jpg","datePublished":"2022-04-15T15:00:21+00:00","dateModified":"2022-04-16T05:46:13+00:00","description":"HERMOSILLO, SONORA. MX. \u2014 Desde las 14:00 horas del jueves 14 de abril, el personal del Departamento de Tr\u00e1nsito habilit\u00f3 en un solo sentido la En Sonora en Equipo publicamos toda la informaci\u00f3n de Sonora, M\u00e9xico y el Mundo de manera oportuna y busca que la libertad de expresi\u00f3n sea real. Visita nuestro medio informativo publicado desde Hermosillo, Sonora. %","breadcrumb":{"@id":"https:\/\/www.sonoraenequipo.com.mx\/en-bahia-de-kino-habilitan-bulevar-mar-de-cortes-a-un-solo-sentido\/#breadcrumb"},"inLanguage":"es","potentialAction":[{"@type":"ReadAction","target":["https:\/\/www.sonoraenequipo.com.mx\/en-bahia-de-kino-habilitan-bulevar-mar-de-cortes-a-un-solo-sentido\/"]}]},{"@type":"ImageObject","inLanguage":"es","@id":"https:\/\/www.sonoraenequipo.com.mx\/en-bahia-de-kino-habilitan-bulevar-mar-de-cortes-a-un-solo-sentido\/#primaryimage","url":"https:\/\/www.sonoraenequipo.com.mx\/storage\/2022\/04\/IMG-20220414-WA0419.jpg","contentUrl":"https:\/\/www.sonoraenequipo.com.mx\/storage\/2022\/04\/IMG-20220414-WA0419.jpg","width":700,"height":400},{"@type":"BreadcrumbList","@id":"https:\/\/www.sonoraenequipo.com.mx\/en-bahia-de-kino-habilitan-bulevar-mar-de-cortes-a-un-solo-sentido\/#breadcrumb","itemListElement":[{"@type":"ListItem","position":1,"name":"Portada","item":"https:\/\/www.sonoraenequipo.com.mx\/"},{"@type":"ListItem","position":2,"name":"En Bah\u00eda de Kino habilitan bulevar Mar de Cort\u00e9s a un solo sentido"}]},{"@type":"WebSite","@id":"https:\/\/www.sonoraenequipo.com.mx\/#website","url":"https:\/\/www.sonoraenequipo.com.mx\/","name":"Sonora en Equipo.","description":"Diario en l\u00ednea con Noticias desde Hermosillo, Sonora","publisher":{"@id":"https:\/\/www.sonoraenequipo.com.mx\/#organization"},"potentialAction":[{"@type":"SearchAction","target":{"@type":"EntryPoint","urlTemplate":"https:\/\/www.sonoraenequipo.com.mx\/?s={search_term_string}"},"query-input":{"@type":"PropertyValueSpecification","valueRequired":true,"valueName":"search_term_string"}}],"inLanguage":"es"},{"@type":"Organization","@id":"https:\/\/www.sonoraenequipo.com.mx\/#organization","name":"Sonoraenequipo.com.mx","url":"https:\/\/www.sonoraenequipo.com.mx\/","logo":{"@type":"ImageObject","inLanguage":"es","@id":"https:\/\/www.sonoraenequipo.com.mx\/#\/schema\/logo\/image\/","url":"https:\/\/www.sonoraenequipo.com.mx\/storage\/2019\/01\/sonoraenequipo_opt.png","contentUrl":"https:\/\/www.sonoraenequipo.com.mx\/storage\/2019\/01\/sonoraenequipo_opt.png","width":375,"height":125,"caption":"Sonoraenequipo.com.mx"},"image":{"@id":"https:\/\/www.sonoraenequipo.com.mx\/#\/schema\/logo\/image\/"},"sameAs":["https:\/\/www.facebook.com\/SonoraEE\/","https:\/\/x.com\/sonoraenequipo","https:\/\/www.youtube.com\/channel\/UC338nW-lPEYmJQs4ZABQ1SQ"]},{"@type":"Person","@id":"https:\/\/www.sonoraenequipo.com.mx\/#\/schema\/person\/50102df0fb23a8fa9e8effad8fa81386","name":"enequipo","image":{"@type":"ImageObject","inLanguage":"es","@id":"https:\/\/www.sonoraenequipo.com.mx\/#\/schema\/person\/image\/","url":"https:\/\/secure.gravatar.com\/avatar\/049821681b589dabc0bc20695993ccebb09f5b5d4d790cd9251b97faac7c652b?s=96&d=blank&r=g","contentUrl":"https:\/\/secure.gravatar.com\/avatar\/049821681b589dabc0bc20695993ccebb09f5b5d4d790cd9251b97faac7c652b?s=96&d=blank&r=g","caption":"enequipo"},"sameAs":["https:\/\/www.facebook.com\/SonoraEE"]}]}},"jetpack_featured_media_url":"https:\/\/www.sonoraenequipo.com.mx\/storage\/2022\/04\/IMG-20220414-WA0419.jpg","_links":{"self":[{"href":"https:\/\/www.sonoraenequipo.com.mx\/api\/wp\/v2\/posts\/136745","targetHints":{"allow":["GET"]}}],"collection":[{"href":"https:\/\/www.sonoraenequipo.com.mx\/api\/wp\/v2\/posts"}],"about":[{"href":"https:\/\/www.sonoraenequipo.com.mx\/api\/wp\/v2\/types\/post"}],"author":[{"embeddable":true,"href":"https:\/\/www.sonoraenequipo.com.mx\/api\/wp\/v2\/users\/1"}],"replies":[{"embeddable":true,"href":"https:\/\/www.sonoraenequipo.com.mx\/api\/wp\/v2\/comments?post=136745"}],"version-history":[{"count":1,"href":"https:\/\/www.sonoraenequipo.com.mx\/api\/wp\/v2\/posts\/136745\/revisions"}],"predecessor-version":[{"id":136747,"href":"https:\/\/www.sonoraenequipo.com.mx\/api\/wp\/v2\/posts\/136745\/revisions\/136747"}],"wp:featuredmedia":[{"embeddable":true,"href":"https:\/\/www.sonoraenequipo.com.mx\/api\/wp\/v2\/media\/136746"}],"wp:attachment":[{"href":"https:\/\/www.sonoraenequipo.com.mx\/api\/wp\/v2\/media?parent=136745"}],"wp:term":[{"taxonomy":"category","embeddable":true,"href":"https:\/\/www.sonoraenequipo.com.mx\/api\/wp\/v2\/categories?post=136745"},{"taxonomy":"post_tag","embeddable":true,"href":"https:\/\/www.sonoraenequipo.com.mx\/api\/wp\/v2\/tags?post=136745"}],"curies":[{"name":"wp","href":"https:\/\/api.w.org\/{rel}","templated":true}]}}