{"id":136764,"date":"2022-04-15T17:50:52","date_gmt":"2022-04-16T00:50:52","guid":{"rendered":"https:\/\/www.sonoraenequipo.com.mx\/?p=136764"},"modified":"2022-04-16T11:04:37","modified_gmt":"2022-04-16T18:04:37","slug":"piden-a-legisladores-definirse-sobre-reforma-electrica","status":"publish","type":"post","link":"https:\/\/www.sonoraenequipo.com.mx\/piden-a-legisladores-definirse-sobre-reforma-electrica\/","title":{"rendered":"Piden a legisladores definirse sobre reforma el\u00e9ctrica"},"content":{"rendered":"<p><strong>CIUDAD DE M\u00c9XICO. M<\/strong>X. \u2014 Con mensajes en redes sociales y hasta protestas en sus estados, morenistas presionan a legisladores de Oposici\u00f3n para que voten por la reforma el\u00e9ctrica el pr\u00f3ximo domingo.<\/p>\n<p>&nbsp;<\/p>\n<p> <\/p>\n<p>&nbsp;<\/p>\n<p>&nbsp;<\/p>\n<p>A la batalla por conseguir votos se han unido gobernadores, como la Mandataria de Campeche, Layda Sansores, que advirti\u00f3 al diputado priista Pablo Angulo, que de la traici\u00f3n nadie se salva.<\/p>\n<p>&nbsp;<\/p>\n<p>&nbsp;<\/p>\n<p>Los diputados del PAN, PRD y PRI han respondido a mensajes, dando sus argumentos del porqu\u00e9 votar\u00e1n en contra, mientras otros publicaron im\u00e1genes con la leyenda \u201cContra la Ley Bartlett\u201d.<\/p>\n<p>&nbsp;<\/p>\n<p>&nbsp;<\/p>\n<p>En su cuenta de Twitter, Morena public\u00f3 im\u00e1genes de decenas de legisladores, con sus direcciones de redes sociales, y pidi\u00f3 a los ciudadanos presionarlos para que rectifiquen su postura.<\/p>\n<p>&nbsp;<\/p>\n<p>\u201c<em>Es momento de definiciones. Si vives en Baja California, Baja California Sur, Chihuahua, Durango, Jalisco, Nayarit, Sinaloa o Sonora, ellos son los diputados a los que tienes que exigir que defiendan los intereses de M\u00e9xico. \u00a1Todas y todos a respaldar la Reforma El\u00e9ctrica!\u201d,<\/em> demand\u00f3.<\/p>\n<p>&nbsp;<\/p>\n<p>Esos gr\u00e1ficos fueron usados por usuarios de Twitter, quienes etiquetaron al diputado de su distrito para demandarle <em>\u201cno traicionar al pueblo\u201d.<\/em><\/p>\n<p>&nbsp;<\/p>\n<p><em>\u201c\u00bfYa me puedo re\u00edr, o esperamos al domingo para ver las caras de derrota de @lopezobrador #Morena y sus r\u00e9moras?<\/em><\/p>\n<p>&nbsp;<\/p>\n<p><em>\u201cUstedes no votaron por @diputadospan porque claramente les dijimos que no apoyar\u00edamos la destrucci\u00f3n del medio ambiente, as\u00ed que no les debemos nada, ni el saludo\u201d<\/em>, respondi\u00f3 la diputada panista Ana Teresa Aranda al usuario YoSoy4T.<\/p>\n<p>&nbsp;<\/p>\n<p>En Campeche, morenistas, encabezados por la diputada local Elisa Hern\u00e1ndez, protestaron en la sede del PRI estatal, donde realizaron pintas contra los legisladores priistas Alejandro Moreno y Pablo Angulo, a quienes les pusieron<em> \u201cvende patrias\u201d.<\/em><\/p>\n<p>&nbsp;<\/p>\n<p>En respuesta, el l\u00edder de ese partido en la entidad, Ram\u00f3n Santini, envi\u00f3 una carta a la Gobernadora Layda Sansores y otros funcionarios, para exigirles reguardar las instalaciones.<\/p>\n<p>&nbsp;<\/p>\n<p><em>\u201cHacemos responsable a grupos orquestados por Morena, seg\u00fan consta en videos y redes sociales, del desenlace que pueden tener las amenazas p\u00fablicas que han realizado sobre la intenci\u00f3n de destruir el inmueble\u201d,<\/em> acus\u00f3.<\/p>\n<p>&nbsp;<\/p>\n<p>Sin embargo, horas antes, la propia Mandataria estatal presion\u00f3 a Angulo en sus redes sociales.<\/p>\n<p>&nbsp;<\/p>\n<p>\u201c<em>Lo primero que debe saber el se\u00f1orito diputado es que \u00e9l no est\u00e1 para recitarnos los argumentos falaces que le dictan aquellos que considera sus amos.<\/em><\/p>\n<p>&nbsp;<\/p>\n<p><em>\u201c\u00c9l es representante de la Naci\u00f3n y de quienes votaron por \u00e9l y debe votar como el pueblo mande. Recuerda que de la traici\u00f3n nadie se levanta\u201d,<\/em> le dijo.<\/p>\n<p>Enseguida, el legislador le respondi\u00f3 que le explicar\u00eda en varios tuits por qu\u00e9 la reforma el\u00e9ctrica es un da\u00f1o para el Pa\u00eds.<\/p>\n<p>&nbsp;<\/p>\n<p>En Veracruz, en el Municipio de Perote, morenistas realizaron una marcha para exigir al diputado panista Jos\u00e9 Yunes votar a favor de la reforma.<\/p>\n<p>&nbsp;<\/p>\n<p>Los coordinadores parlamentarios del PRI y PAN insistieron en que no cambiar\u00e1n su postura.<\/p>\n<p>&nbsp;<\/p>\n<p>\u201cNi el pr\u00f3ximo Domingo de Resurrecci\u00f3n #Morena en la @Mx_Diputados va a lograr revivir la iniciativa de #ReformaEl\u00e9ctrica del Ejecutivo, pues naci\u00f3 muerta y as\u00ed se va a quedar. Estamos listos para evitar cualquier albazo\u201d, escribi\u00f3 el l\u00edder panista Jorge Romero.<\/p>\n<p>&nbsp;<\/p>\n<p>En un comunicado, su hom\u00f3logo del PRI, Rub\u00e9n Moreira, asegur\u00f3 que tomaran todas las provisiones para que ning\u00fan bloqueo les impida estar el domingo en San L\u00e1zaro.<\/p>\n<p>&nbsp;<\/p>\n<p><em>\u201cQui<\/em>en falte<em> sin causa justificada se entender\u00e1 que apoya la iniciativa que recibimos, quien vote a favor est\u00e1 faltando con el mandato del \u00f3rgano de gobierno priista. Ah\u00ed estaremos el domingo. Est\u00e1 PRI est\u00e1 unido<\/em>\u201d, inform\u00f3.<\/p>\n<p>&nbsp;<\/p>\n<p>Sin embargo, los morenistas tambi\u00e9n lanzaron advertencias a sus propios compa\u00f1eros para que no falten.<\/p>\n<p>&nbsp;<\/p>\n<p><em>\u201cLlueva, truene o relampaguee, las y los 202 legisladores de morena tendremos que estar para votar la #ReformaEl\u00e9ctrica, porque las ausencias cuentan y si alguien piensa faltar, mejor que pida licencia o de lo contrario se considerar\u00e1 traidor a la patria<\/em>\u201d, escribi\u00f3 el diputado Emmanuel Reyes.<\/p>\n<p>&nbsp;<\/p>\n<p>&nbsp;<\/p>\n<p>Los legisladores de ese partido, incrementaron su actividad hablando de las bondades de la reforma.<\/p>\n<p>&nbsp;<\/p>\n<p>(Publicada el 15\/04\/2022<\/p>\n","protected":false},"excerpt":{"rendered":"<p>CIUDAD DE M\u00c9XICO. MX. \u2014 Con mensajes en redes sociales y hasta protestas en sus&#8230;<\/p>\n","protected":false},"author":1,"featured_media":136766,"comment_status":"open","ping_status":"open","sticky":false,"template":"","format":"standard","meta":{"_monsterinsights_skip_tracking":false,"_monsterinsights_sitenote_active":false,"_monsterinsights_sitenote_note":"","_monsterinsights_sitenote_category":0,"footnotes":""},"categories":[5],"tags":[],"class_list":["post"],"yoast_head":" \n<title>Sonora en Equipo. Piden a legisladores definirse sobre reforma el\u00e9ctrica Rep\u00fablica<\/title>\n<meta name=\"description\" content=\"CIUDAD DE M\u00c9XICO. MX. \u2014 Con mensajes en redes sociales y hasta protestas en sus estados, morenistas presionan a legisladores de Oposici\u00f3n para que voten En Sonora en Equipo publicamos toda la informaci\u00f3n de Sonora, M\u00e9xico y el Mundo de manera oportuna y busca que la libertad de expresi\u00f3n sea real. Visita nuestro medio informativo publicado desde Hermosillo, Sonora. %\" \/>\n<meta name=\"robots\" content=\"index, follow, max-snippet:-1, max-image-preview:large, max-video-preview:-1\" \/>\n<link rel=\"canonical\" href=\"https:\/\/www.sonoraenequipo.com.mx\/piden-a-legisladores-definirse-sobre-reforma-electrica\/\" \/>\n<meta property=\"og:locale\" content=\"es_ES\" \/>\n<meta property=\"og:type\" content=\"article\" \/>\n<meta property=\"og:title\" content=\"Sonora en Equipo. Piden a legisladores definirse sobre reforma el\u00e9ctrica Rep\u00fablica\" \/>\n<meta property=\"og:description\" content=\"CIUDAD DE M\u00c9XICO. MX. \u2014 Con mensajes en redes sociales y hasta protestas en sus estados, morenistas presionan a legisladores de Oposici\u00f3n para que voten En Sonora en Equipo publicamos toda la informaci\u00f3n de Sonora, M\u00e9xico y el Mundo de manera oportuna y busca que la libertad de expresi\u00f3n sea real. Visita nuestro medio informativo publicado desde Hermosillo, Sonora. %\" \/>\n<meta property=\"og:url\" content=\"https:\/\/www.sonoraenequipo.com.mx\/piden-a-legisladores-definirse-sobre-reforma-electrica\/\" \/>\n<meta property=\"og:site_name\" content=\"Sonora en Equipo.\" \/>\n<meta property=\"article:publisher\" content=\"https:\/\/www.facebook.com\/SonoraEE\/\" \/>\n<meta property=\"article:author\" content=\"https:\/\/www.facebook.com\/SonoraEE\" \/>\n<meta property=\"article:published_time\" content=\"2022-04-16T00:50:52+00:00\" \/>\n<meta property=\"article:modified_time\" content=\"2022-04-16T18:04:37+00:00\" \/>\n<meta property=\"og:image\" content=\"https:\/\/www.sonoraenequipo.com.mx\/storage\/2022\/04\/Reforma-Electrica16...jpg\" \/>\n\t<meta property=\"og:image:width\" content=\"700\" \/>\n\t<meta property=\"og:image:height\" content=\"400\" \/>\n\t<meta property=\"og:image:type\" content=\"image\/jpeg\" \/>\n<meta name=\"author\" content=\"enequipo\" \/>\n<meta name=\"twitter:card\" content=\"summary_large_image\" \/>\n<meta name=\"twitter:creator\" content=\"@sonoraenequipo\" \/>\n<meta name=\"twitter:site\" content=\"@sonoraenequipo\" \/>\n<meta name=\"twitter:label1\" content=\"Escrito por\" \/>\n\t<meta name=\"twitter:data1\" content=\"enequipo\" \/>\n\t<meta name=\"twitter:label2\" content=\"Tiempo de lectura\" \/>\n\t<meta name=\"twitter:data2\" content=\"3 minutos\" \/>\n<script type=\"application\/ld+json\" class=\"yoast-schema-graph\">{\"@context\":\"https:\/\/schema.org\",\"@graph\":[{\"@type\":\"Article\",\"@id\":\"https:\/\/www.sonoraenequipo.com.mx\/piden-a-legisladores-definirse-sobre-reforma-electrica\/#article\",\"isPartOf\":{\"@id\":\"https:\/\/www.sonoraenequipo.com.mx\/piden-a-legisladores-definirse-sobre-reforma-electrica\/\"},\"author\":{\"name\":\"enequipo\",\"@id\":\"https:\/\/www.sonoraenequipo.com.mx\/#\/schema\/person\/50102df0fb23a8fa9e8effad8fa81386\"},\"headline\":\"Piden a legisladores definirse sobre reforma el\u00e9ctrica\",\"datePublished\":\"2022-04-16T00:50:52+00:00\",\"dateModified\":\"2022-04-16T18:04:37+00:00\",\"mainEntityOfPage\":{\"@id\":\"https:\/\/www.sonoraenequipo.com.mx\/piden-a-legisladores-definirse-sobre-reforma-electrica\/\"},\"wordCount\":726,\"commentCount\":0,\"publisher\":{\"@id\":\"https:\/\/www.sonoraenequipo.com.mx\/#organization\"},\"image\":{\"@id\":\"https:\/\/www.sonoraenequipo.com.mx\/piden-a-legisladores-definirse-sobre-reforma-electrica\/#primaryimage\"},\"thumbnailUrl\":\"https:\/\/www.sonoraenequipo.com.mx\/storage\/2022\/04\/Reforma-Electrica16...jpg\",\"articleSection\":[\"Rep\u00fablica\"],\"inLanguage\":\"es\",\"potentialAction\":[{\"@type\":\"CommentAction\",\"name\":\"Comment\",\"target\":[\"https:\/\/www.sonoraenequipo.com.mx\/piden-a-legisladores-definirse-sobre-reforma-electrica\/#respond\"]}]},{\"@type\":\"WebPage\",\"@id\":\"https:\/\/www.sonoraenequipo.com.mx\/piden-a-legisladores-definirse-sobre-reforma-electrica\/\",\"url\":\"https:\/\/www.sonoraenequipo.com.mx\/piden-a-legisladores-definirse-sobre-reforma-electrica\/\",\"name\":\"Sonora en Equipo. Piden a legisladores definirse sobre reforma el\u00e9ctrica Rep\u00fablica\",\"isPartOf\":{\"@id\":\"https:\/\/www.sonoraenequipo.com.mx\/#website\"},\"primaryImageOfPage\":{\"@id\":\"https:\/\/www.sonoraenequipo.com.mx\/piden-a-legisladores-definirse-sobre-reforma-electrica\/#primaryimage\"},\"image\":{\"@id\":\"https:\/\/www.sonoraenequipo.com.mx\/piden-a-legisladores-definirse-sobre-reforma-electrica\/#primaryimage\"},\"thumbnailUrl\":\"https:\/\/www.sonoraenequipo.com.mx\/storage\/2022\/04\/Reforma-Electrica16...jpg\",\"datePublished\":\"2022-04-16T00:50:52+00:00\",\"dateModified\":\"2022-04-16T18:04:37+00:00\",\"description\":\"CIUDAD DE M\u00c9XICO. MX. \u2014 Con mensajes en redes sociales y hasta protestas en sus estados, morenistas presionan a legisladores de Oposici\u00f3n para que voten En Sonora en Equipo publicamos toda la informaci\u00f3n de Sonora, M\u00e9xico y el Mundo de manera oportuna y busca que la libertad de expresi\u00f3n sea real. Visita nuestro medio informativo publicado desde Hermosillo, Sonora. %\",\"breadcrumb\":{\"@id\":\"https:\/\/www.sonoraenequipo.com.mx\/piden-a-legisladores-definirse-sobre-reforma-electrica\/#breadcrumb\"},\"inLanguage\":\"es\",\"potentialAction\":[{\"@type\":\"ReadAction\",\"target\":[\"https:\/\/www.sonoraenequipo.com.mx\/piden-a-legisladores-definirse-sobre-reforma-electrica\/\"]}]},{\"@type\":\"ImageObject\",\"inLanguage\":\"es\",\"@id\":\"https:\/\/www.sonoraenequipo.com.mx\/piden-a-legisladores-definirse-sobre-reforma-electrica\/#primaryimage\",\"url\":\"https:\/\/www.sonoraenequipo.com.mx\/storage\/2022\/04\/Reforma-Electrica16...jpg\",\"contentUrl\":\"https:\/\/www.sonoraenequipo.com.mx\/storage\/2022\/04\/Reforma-Electrica16...jpg\",\"width\":700,\"height\":400},{\"@type\":\"BreadcrumbList\",\"@id\":\"https:\/\/www.sonoraenequipo.com.mx\/piden-a-legisladores-definirse-sobre-reforma-electrica\/#breadcrumb\",\"itemListElement\":[{\"@type\":\"ListItem\",\"position\":1,\"name\":\"Portada\",\"item\":\"https:\/\/www.sonoraenequipo.com.mx\/\"},{\"@type\":\"ListItem\",\"position\":2,\"name\":\"Piden a legisladores definirse sobre reforma el\u00e9ctrica\"}]},{\"@type\":\"WebSite\",\"@id\":\"https:\/\/www.sonoraenequipo.com.mx\/#website\",\"url\":\"https:\/\/www.sonoraenequipo.com.mx\/\",\"name\":\"Sonora en Equipo.\",\"description\":\"Diario en l\u00ednea con Noticias desde Hermosillo, Sonora\",\"publisher\":{\"@id\":\"https:\/\/www.sonoraenequipo.com.mx\/#organization\"},\"potentialAction\":[{\"@type\":\"SearchAction\",\"target\":{\"@type\":\"EntryPoint\",\"urlTemplate\":\"https:\/\/www.sonoraenequipo.com.mx\/?s={search_term_string}\"},\"query-input\":{\"@type\":\"PropertyValueSpecification\",\"valueRequired\":true,\"valueName\":\"search_term_string\"}}],\"inLanguage\":\"es\"},{\"@type\":\"Organization\",\"@id\":\"https:\/\/www.sonoraenequipo.com.mx\/#organization\",\"name\":\"Sonoraenequipo.com.mx\",\"url\":\"https:\/\/www.sonoraenequipo.com.mx\/\",\"logo\":{\"@type\":\"ImageObject\",\"inLanguage\":\"es\",\"@id\":\"https:\/\/www.sonoraenequipo.com.mx\/#\/schema\/logo\/image\/\",\"url\":\"https:\/\/www.sonoraenequipo.com.mx\/storage\/2019\/01\/sonoraenequipo_opt.png\",\"contentUrl\":\"https:\/\/www.sonoraenequipo.com.mx\/storage\/2019\/01\/sonoraenequipo_opt.png\",\"width\":375,\"height\":125,\"caption\":\"Sonoraenequipo.com.mx\"},\"image\":{\"@id\":\"https:\/\/www.sonoraenequipo.com.mx\/#\/schema\/logo\/image\/\"},\"sameAs\":[\"https:\/\/www.facebook.com\/SonoraEE\/\",\"https:\/\/x.com\/sonoraenequipo\",\"https:\/\/www.youtube.com\/channel\/UC338nW-lPEYmJQs4ZABQ1SQ\"]},{\"@type\":\"Person\",\"@id\":\"https:\/\/www.sonoraenequipo.com.mx\/#\/schema\/person\/50102df0fb23a8fa9e8effad8fa81386\",\"name\":\"enequipo\",\"image\":{\"@type\":\"ImageObject\",\"inLanguage\":\"es\",\"@id\":\"https:\/\/www.sonoraenequipo.com.mx\/#\/schema\/person\/image\/\",\"url\":\"https:\/\/secure.gravatar.com\/avatar\/049821681b589dabc0bc20695993ccebb09f5b5d4d790cd9251b97faac7c652b?s=96&d=blank&r=g\",\"contentUrl\":\"https:\/\/secure.gravatar.com\/avatar\/049821681b589dabc0bc20695993ccebb09f5b5d4d790cd9251b97faac7c652b?s=96&d=blank&r=g\",\"caption\":\"enequipo\"},\"sameAs\":[\"https:\/\/www.facebook.com\/SonoraEE\"]}]}<\/script>\n ","yoast_head_json":{"title":"Sonora en Equipo. Piden a legisladores definirse sobre reforma el\u00e9ctrica Rep\u00fablica","description":"CIUDAD DE M\u00c9XICO. MX. \u2014 Con mensajes en redes sociales y hasta protestas en sus estados, morenistas presionan a legisladores de Oposici\u00f3n para que voten En Sonora en Equipo publicamos toda la informaci\u00f3n de Sonora, M\u00e9xico y el Mundo de manera oportuna y busca que la libertad de expresi\u00f3n sea real. Visita nuestro medio informativo publicado desde Hermosillo, Sonora. %","robots":{"index":"index","follow":"follow","max-snippet":"max-snippet:-1","max-image-preview":"max-image-preview:large","max-video-preview":"max-video-preview:-1"},"canonical":"https:\/\/www.sonoraenequipo.com.mx\/piden-a-legisladores-definirse-sobre-reforma-electrica\/","og_locale":"es_ES","og_type":"article","og_title":"Sonora en Equipo. Piden a legisladores definirse sobre reforma el\u00e9ctrica Rep\u00fablica","og_description":"CIUDAD DE M\u00c9XICO. MX. \u2014 Con mensajes en redes sociales y hasta protestas en sus estados, morenistas presionan a legisladores de Oposici\u00f3n para que voten En Sonora en Equipo publicamos toda la informaci\u00f3n de Sonora, M\u00e9xico y el Mundo de manera oportuna y busca que la libertad de expresi\u00f3n sea real. Visita nuestro medio informativo publicado desde Hermosillo, Sonora. %","og_url":"https:\/\/www.sonoraenequipo.com.mx\/piden-a-legisladores-definirse-sobre-reforma-electrica\/","og_site_name":"Sonora en Equipo.","article_publisher":"https:\/\/www.facebook.com\/SonoraEE\/","article_author":"https:\/\/www.facebook.com\/SonoraEE","article_published_time":"2022-04-16T00:50:52+00:00","article_modified_time":"2022-04-16T18:04:37+00:00","og_image":[{"width":700,"height":400,"url":"https:\/\/www.sonoraenequipo.com.mx\/storage\/2022\/04\/Reforma-Electrica16...jpg","type":"image\/jpeg"}],"author":"enequipo","twitter_card":"summary_large_image","twitter_creator":"@sonoraenequipo","twitter_site":"@sonoraenequipo","twitter_misc":{"Escrito por":"enequipo","Tiempo de lectura":"3 minutos"},"schema":{"@context":"https:\/\/schema.org","@graph":[{"@type":"Article","@id":"https:\/\/www.sonoraenequipo.com.mx\/piden-a-legisladores-definirse-sobre-reforma-electrica\/#article","isPartOf":{"@id":"https:\/\/www.sonoraenequipo.com.mx\/piden-a-legisladores-definirse-sobre-reforma-electrica\/"},"author":{"name":"enequipo","@id":"https:\/\/www.sonoraenequipo.com.mx\/#\/schema\/person\/50102df0fb23a8fa9e8effad8fa81386"},"headline":"Piden a legisladores definirse sobre reforma el\u00e9ctrica","datePublished":"2022-04-16T00:50:52+00:00","dateModified":"2022-04-16T18:04:37+00:00","mainEntityOfPage":{"@id":"https:\/\/www.sonoraenequipo.com.mx\/piden-a-legisladores-definirse-sobre-reforma-electrica\/"},"wordCount":726,"commentCount":0,"publisher":{"@id":"https:\/\/www.sonoraenequipo.com.mx\/#organization"},"image":{"@id":"https:\/\/www.sonoraenequipo.com.mx\/piden-a-legisladores-definirse-sobre-reforma-electrica\/#primaryimage"},"thumbnailUrl":"https:\/\/www.sonoraenequipo.com.mx\/storage\/2022\/04\/Reforma-Electrica16...jpg","articleSection":["Rep\u00fablica"],"inLanguage":"es","potentialAction":[{"@type":"CommentAction","name":"Comment","target":["https:\/\/www.sonoraenequipo.com.mx\/piden-a-legisladores-definirse-sobre-reforma-electrica\/#respond"]}]},{"@type":"WebPage","@id":"https:\/\/www.sonoraenequipo.com.mx\/piden-a-legisladores-definirse-sobre-reforma-electrica\/","url":"https:\/\/www.sonoraenequipo.com.mx\/piden-a-legisladores-definirse-sobre-reforma-electrica\/","name":"Sonora en Equipo. Piden a legisladores definirse sobre reforma el\u00e9ctrica Rep\u00fablica","isPartOf":{"@id":"https:\/\/www.sonoraenequipo.com.mx\/#website"},"primaryImageOfPage":{"@id":"https:\/\/www.sonoraenequipo.com.mx\/piden-a-legisladores-definirse-sobre-reforma-electrica\/#primaryimage"},"image":{"@id":"https:\/\/www.sonoraenequipo.com.mx\/piden-a-legisladores-definirse-sobre-reforma-electrica\/#primaryimage"},"thumbnailUrl":"https:\/\/www.sonoraenequipo.com.mx\/storage\/2022\/04\/Reforma-Electrica16...jpg","datePublished":"2022-04-16T00:50:52+00:00","dateModified":"2022-04-16T18:04:37+00:00","description":"CIUDAD DE M\u00c9XICO. MX. \u2014 Con mensajes en redes sociales y hasta protestas en sus estados, morenistas presionan a legisladores de Oposici\u00f3n para que voten En Sonora en Equipo publicamos toda la informaci\u00f3n de Sonora, M\u00e9xico y el Mundo de manera oportuna y busca que la libertad de expresi\u00f3n sea real. Visita nuestro medio informativo publicado desde Hermosillo, Sonora. %","breadcrumb":{"@id":"https:\/\/www.sonoraenequipo.com.mx\/piden-a-legisladores-definirse-sobre-reforma-electrica\/#breadcrumb"},"inLanguage":"es","potentialAction":[{"@type":"ReadAction","target":["https:\/\/www.sonoraenequipo.com.mx\/piden-a-legisladores-definirse-sobre-reforma-electrica\/"]}]},{"@type":"ImageObject","inLanguage":"es","@id":"https:\/\/www.sonoraenequipo.com.mx\/piden-a-legisladores-definirse-sobre-reforma-electrica\/#primaryimage","url":"https:\/\/www.sonoraenequipo.com.mx\/storage\/2022\/04\/Reforma-Electrica16...jpg","contentUrl":"https:\/\/www.sonoraenequipo.com.mx\/storage\/2022\/04\/Reforma-Electrica16...jpg","width":700,"height":400},{"@type":"BreadcrumbList","@id":"https:\/\/www.sonoraenequipo.com.mx\/piden-a-legisladores-definirse-sobre-reforma-electrica\/#breadcrumb","itemListElement":[{"@type":"ListItem","position":1,"name":"Portada","item":"https:\/\/www.sonoraenequipo.com.mx\/"},{"@type":"ListItem","position":2,"name":"Piden a legisladores definirse sobre reforma el\u00e9ctrica"}]},{"@type":"WebSite","@id":"https:\/\/www.sonoraenequipo.com.mx\/#website","url":"https:\/\/www.sonoraenequipo.com.mx\/","name":"Sonora en Equipo.","description":"Diario en l\u00ednea con Noticias desde Hermosillo, Sonora","publisher":{"@id":"https:\/\/www.sonoraenequipo.com.mx\/#organization"},"potentialAction":[{"@type":"SearchAction","target":{"@type":"EntryPoint","urlTemplate":"https:\/\/www.sonoraenequipo.com.mx\/?s={search_term_string}"},"query-input":{"@type":"PropertyValueSpecification","valueRequired":true,"valueName":"search_term_string"}}],"inLanguage":"es"},{"@type":"Organization","@id":"https:\/\/www.sonoraenequipo.com.mx\/#organization","name":"Sonoraenequipo.com.mx","url":"https:\/\/www.sonoraenequipo.com.mx\/","logo":{"@type":"ImageObject","inLanguage":"es","@id":"https:\/\/www.sonoraenequipo.com.mx\/#\/schema\/logo\/image\/","url":"https:\/\/www.sonoraenequipo.com.mx\/storage\/2019\/01\/sonoraenequipo_opt.png","contentUrl":"https:\/\/www.sonoraenequipo.com.mx\/storage\/2019\/01\/sonoraenequipo_opt.png","width":375,"height":125,"caption":"Sonoraenequipo.com.mx"},"image":{"@id":"https:\/\/www.sonoraenequipo.com.mx\/#\/schema\/logo\/image\/"},"sameAs":["https:\/\/www.facebook.com\/SonoraEE\/","https:\/\/x.com\/sonoraenequipo","https:\/\/www.youtube.com\/channel\/UC338nW-lPEYmJQs4ZABQ1SQ"]},{"@type":"Person","@id":"https:\/\/www.sonoraenequipo.com.mx\/#\/schema\/person\/50102df0fb23a8fa9e8effad8fa81386","name":"enequipo","image":{"@type":"ImageObject","inLanguage":"es","@id":"https:\/\/www.sonoraenequipo.com.mx\/#\/schema\/person\/image\/","url":"https:\/\/secure.gravatar.com\/avatar\/049821681b589dabc0bc20695993ccebb09f5b5d4d790cd9251b97faac7c652b?s=96&d=blank&r=g","contentUrl":"https:\/\/secure.gravatar.com\/avatar\/049821681b589dabc0bc20695993ccebb09f5b5d4d790cd9251b97faac7c652b?s=96&d=blank&r=g","caption":"enequipo"},"sameAs":["https:\/\/www.facebook.com\/SonoraEE"]}]}},"jetpack_featured_media_url":"https:\/\/www.sonoraenequipo.com.mx\/storage\/2022\/04\/Reforma-Electrica16...jpg","_links":{"self":[{"href":"https:\/\/www.sonoraenequipo.com.mx\/api\/wp\/v2\/posts\/136764","targetHints":{"allow":["GET"]}}],"collection":[{"href":"https:\/\/www.sonoraenequipo.com.mx\/api\/wp\/v2\/posts"}],"about":[{"href":"https:\/\/www.sonoraenequipo.com.mx\/api\/wp\/v2\/types\/post"}],"author":[{"embeddable":true,"href":"https:\/\/www.sonoraenequipo.com.mx\/api\/wp\/v2\/users\/1"}],"replies":[{"embeddable":true,"href":"https:\/\/www.sonoraenequipo.com.mx\/api\/wp\/v2\/comments?post=136764"}],"version-history":[{"count":1,"href":"https:\/\/www.sonoraenequipo.com.mx\/api\/wp\/v2\/posts\/136764\/revisions"}],"predecessor-version":[{"id":136769,"href":"https:\/\/www.sonoraenequipo.com.mx\/api\/wp\/v2\/posts\/136764\/revisions\/136769"}],"wp:featuredmedia":[{"embeddable":true,"href":"https:\/\/www.sonoraenequipo.com.mx\/api\/wp\/v2\/media\/136766"}],"wp:attachment":[{"href":"https:\/\/www.sonoraenequipo.com.mx\/api\/wp\/v2\/media?parent=136764"}],"wp:term":[{"taxonomy":"category","embeddable":true,"href":"https:\/\/www.sonoraenequipo.com.mx\/api\/wp\/v2\/categories?post=136764"},{"taxonomy":"post_tag","embeddable":true,"href":"https:\/\/www.sonoraenequipo.com.mx\/api\/wp\/v2\/tags?post=136764"}],"curies":[{"name":"wp","href":"https:\/\/api.w.org\/{rel}","templated":true}]}}