{"id":136780,"date":"2022-04-15T19:15:49","date_gmt":"2022-04-16T02:15:49","guid":{"rendered":"https:\/\/www.sonoraenequipo.com.mx\/?p=136780"},"modified":"2022-04-17T20:19:14","modified_gmt":"2022-04-18T03:19:14","slug":"preocupante-la-sequia-que-se-presenta-en-los-estdos-de-mexico","status":"publish","type":"post","link":"https:\/\/www.sonoraenequipo.com.mx\/preocupante-la-sequia-que-se-presenta-en-los-estdos-de-mexico\/","title":{"rendered":"Preocupante la sequ\u00eda que se presenta en los estdos de M\u00e9xico"},"content":{"rendered":"<p><strong>CIUDAD DE M\u00c9XICO. MX. \u2014<\/strong> Al problema de la pandemia se le suma la falta de agua, porque a pesar de algunas lluvias que se registraron en las \u00faltimas semanas de marzo, la mitad del territorio nacional registra situaci\u00f3n de sequ\u00eda, lo que de alguna manera afecta la siembra de algunos estados, asegur\u00f3 el Grupo Consultor de Mercados Agr\u00edcolas (GCMA).<\/p>\n<p>&nbsp;<\/p>\n<p> <\/p>\n<p>&nbsp;<\/p>\n<p>Una panorama preocupante es el que se registra en Sonora con sus 72 municipios con sequ\u00eda total; Durango con 39 municipios en la misma condici\u00f3n; Baja California con 5 y Sinaloa con 18, en esta misma situaci\u00f3n.<\/p>\n<p>&nbsp;<\/p>\n<p>En contraste, los es- tados con mayor precipitaci\u00f3n fueron Nayarit, Michoac\u00e1n y Jalisco. El porcentaje de mu- nicipios con sequ\u00eda en la segunda quincena de marzo, que va de \u201canormalmente seco\u201d a \u201cexcepcional\u201d en todo el pa\u00eds, fue de 50.4%, lo que se traduce en casi 29% m\u00e1s de lo visto en la primera quincenade marzo.<\/p>\n<p>&nbsp;<\/p>\n<p>La mayor parte de las lluvias en estas \u00faltimas semanas de marzo se registraron en el sur del pa\u00eds, en la pen\u00ednsula de Yucat\u00e1n, y en el Noroeste y Norte hubo precipitaciones aisladas, mientras que en el resto del pa\u00eds las lluvias est\u00e1n \u201cpor debajo del promedio\u201d.<\/p>\n<p>&nbsp;<\/p>\n<p>En el Monitor de sequ\u00eda en M\u00e9xico, GCMA afirm\u00f3 que \u201cla escasez de lluvia propici\u00f3 el incremento de \u00e1reas con sequ\u00eda de moderada a severa en el noroeste, centro norte y occidente. La sequ\u00eda extrema aument\u00f3 en el norte y noreste del pa\u00eds\u201d.<\/p>\n<p>&nbsp;<\/p>\n<p>&nbsp;<\/p>\n<p>(Publicada el 15\/04\/2022<\/p>\n","protected":false},"excerpt":{"rendered":"<p>CIUDAD DE M\u00c9XICO. MX. \u2014 Al problema de la pandemia se le suma la falta&#8230;<\/p>\n","protected":false},"author":1,"featured_media":136782,"comment_status":"open","ping_status":"open","sticky":false,"template":"","format":"standard","meta":{"_monsterinsights_skip_tracking":false,"_monsterinsights_sitenote_active":false,"_monsterinsights_sitenote_note":"","_monsterinsights_sitenote_category":0,"footnotes":""},"categories":[5],"tags":[],"class_list":["post"],"yoast_head":" \n<title>Sonora en Equipo. Preocupante la sequ\u00eda que se presenta en los estdos de M\u00e9xico Rep\u00fablica<\/title>\n<meta name=\"description\" content=\"CIUDAD DE M\u00c9XICO. MX. \u2014 Al problema de la pandemia se le suma la falta de agua, porque a pesar de algunas lluvias que se registraron en las \u00faltimas En Sonora en Equipo publicamos toda la informaci\u00f3n de Sonora, M\u00e9xico y el Mundo de manera oportuna y busca que la libertad de expresi\u00f3n sea real. Visita nuestro medio informativo publicado desde Hermosillo, Sonora. %\" \/>\n<meta name=\"robots\" content=\"index, follow, max-snippet:-1, max-image-preview:large, max-video-preview:-1\" \/>\n<link rel=\"canonical\" href=\"https:\/\/www.sonoraenequipo.com.mx\/preocupante-la-sequia-que-se-presenta-en-los-estdos-de-mexico\/\" \/>\n<meta property=\"og:locale\" content=\"es_ES\" \/>\n<meta property=\"og:type\" content=\"article\" \/>\n<meta property=\"og:title\" content=\"Sonora en Equipo. Preocupante la sequ\u00eda que se presenta en los estdos de M\u00e9xico Rep\u00fablica\" \/>\n<meta property=\"og:description\" content=\"CIUDAD DE M\u00c9XICO. MX. \u2014 Al problema de la pandemia se le suma la falta de agua, porque a pesar de algunas lluvias que se registraron en las \u00faltimas En Sonora en Equipo publicamos toda la informaci\u00f3n de Sonora, M\u00e9xico y el Mundo de manera oportuna y busca que la libertad de expresi\u00f3n sea real. Visita nuestro medio informativo publicado desde Hermosillo, Sonora. %\" \/>\n<meta property=\"og:url\" content=\"https:\/\/www.sonoraenequipo.com.mx\/preocupante-la-sequia-que-se-presenta-en-los-estdos-de-mexico\/\" \/>\n<meta property=\"og:site_name\" content=\"Sonora en Equipo.\" \/>\n<meta property=\"article:publisher\" content=\"https:\/\/www.facebook.com\/SonoraEE\/\" \/>\n<meta property=\"article:author\" content=\"https:\/\/www.facebook.com\/SonoraEE\" \/>\n<meta property=\"article:published_time\" content=\"2022-04-16T02:15:49+00:00\" \/>\n<meta property=\"article:modified_time\" content=\"2022-04-18T03:19:14+00:00\" \/>\n<meta property=\"og:image\" content=\"https:\/\/www.sonoraenequipo.com.mx\/storage\/2022\/04\/Coahuila-con-sequia-extrema.jpg\" \/>\n\t<meta property=\"og:image:width\" content=\"700\" \/>\n\t<meta property=\"og:image:height\" content=\"400\" \/>\n\t<meta property=\"og:image:type\" content=\"image\/jpeg\" \/>\n<meta name=\"author\" content=\"enequipo\" \/>\n<meta name=\"twitter:card\" content=\"summary_large_image\" \/>\n<meta name=\"twitter:creator\" content=\"@sonoraenequipo\" \/>\n<meta name=\"twitter:site\" content=\"@sonoraenequipo\" \/>\n<meta name=\"twitter:label1\" content=\"Escrito por\" \/>\n\t<meta name=\"twitter:data1\" content=\"enequipo\" \/>\n\t<meta name=\"twitter:label2\" content=\"Tiempo de lectura\" \/>\n\t<meta name=\"twitter:data2\" content=\"2 minutos\" \/>\n<script type=\"application\/ld+json\" class=\"yoast-schema-graph\">{\"@context\":\"https:\/\/schema.org\",\"@graph\":[{\"@type\":\"Article\",\"@id\":\"https:\/\/www.sonoraenequipo.com.mx\/preocupante-la-sequia-que-se-presenta-en-los-estdos-de-mexico\/#article\",\"isPartOf\":{\"@id\":\"https:\/\/www.sonoraenequipo.com.mx\/preocupante-la-sequia-que-se-presenta-en-los-estdos-de-mexico\/\"},\"author\":{\"name\":\"enequipo\",\"@id\":\"https:\/\/www.sonoraenequipo.com.mx\/#\/schema\/person\/50102df0fb23a8fa9e8effad8fa81386\"},\"headline\":\"Preocupante la sequ\u00eda que se presenta en los estdos de M\u00e9xico\",\"datePublished\":\"2022-04-16T02:15:49+00:00\",\"dateModified\":\"2022-04-18T03:19:14+00:00\",\"mainEntityOfPage\":{\"@id\":\"https:\/\/www.sonoraenequipo.com.mx\/preocupante-la-sequia-que-se-presenta-en-los-estdos-de-mexico\/\"},\"wordCount\":280,\"commentCount\":0,\"publisher\":{\"@id\":\"https:\/\/www.sonoraenequipo.com.mx\/#organization\"},\"image\":{\"@id\":\"https:\/\/www.sonoraenequipo.com.mx\/preocupante-la-sequia-que-se-presenta-en-los-estdos-de-mexico\/#primaryimage\"},\"thumbnailUrl\":\"https:\/\/www.sonoraenequipo.com.mx\/storage\/2022\/04\/Coahuila-con-sequia-extrema.jpg\",\"articleSection\":[\"Rep\u00fablica\"],\"inLanguage\":\"es\",\"potentialAction\":[{\"@type\":\"CommentAction\",\"name\":\"Comment\",\"target\":[\"https:\/\/www.sonoraenequipo.com.mx\/preocupante-la-sequia-que-se-presenta-en-los-estdos-de-mexico\/#respond\"]}]},{\"@type\":\"WebPage\",\"@id\":\"https:\/\/www.sonoraenequipo.com.mx\/preocupante-la-sequia-que-se-presenta-en-los-estdos-de-mexico\/\",\"url\":\"https:\/\/www.sonoraenequipo.com.mx\/preocupante-la-sequia-que-se-presenta-en-los-estdos-de-mexico\/\",\"name\":\"Sonora en Equipo. Preocupante la sequ\u00eda que se presenta en los estdos de M\u00e9xico Rep\u00fablica\",\"isPartOf\":{\"@id\":\"https:\/\/www.sonoraenequipo.com.mx\/#website\"},\"primaryImageOfPage\":{\"@id\":\"https:\/\/www.sonoraenequipo.com.mx\/preocupante-la-sequia-que-se-presenta-en-los-estdos-de-mexico\/#primaryimage\"},\"image\":{\"@id\":\"https:\/\/www.sonoraenequipo.com.mx\/preocupante-la-sequia-que-se-presenta-en-los-estdos-de-mexico\/#primaryimage\"},\"thumbnailUrl\":\"https:\/\/www.sonoraenequipo.com.mx\/storage\/2022\/04\/Coahuila-con-sequia-extrema.jpg\",\"datePublished\":\"2022-04-16T02:15:49+00:00\",\"dateModified\":\"2022-04-18T03:19:14+00:00\",\"description\":\"CIUDAD DE M\u00c9XICO. MX. \u2014 Al problema de la pandemia se le suma la falta de agua, porque a pesar de algunas lluvias que se registraron en las \u00faltimas En Sonora en Equipo publicamos toda la informaci\u00f3n de Sonora, M\u00e9xico y el Mundo de manera oportuna y busca que la libertad de expresi\u00f3n sea real. Visita nuestro medio informativo publicado desde Hermosillo, Sonora. %\",\"breadcrumb\":{\"@id\":\"https:\/\/www.sonoraenequipo.com.mx\/preocupante-la-sequia-que-se-presenta-en-los-estdos-de-mexico\/#breadcrumb\"},\"inLanguage\":\"es\",\"potentialAction\":[{\"@type\":\"ReadAction\",\"target\":[\"https:\/\/www.sonoraenequipo.com.mx\/preocupante-la-sequia-que-se-presenta-en-los-estdos-de-mexico\/\"]}]},{\"@type\":\"ImageObject\",\"inLanguage\":\"es\",\"@id\":\"https:\/\/www.sonoraenequipo.com.mx\/preocupante-la-sequia-que-se-presenta-en-los-estdos-de-mexico\/#primaryimage\",\"url\":\"https:\/\/www.sonoraenequipo.com.mx\/storage\/2022\/04\/Coahuila-con-sequia-extrema.jpg\",\"contentUrl\":\"https:\/\/www.sonoraenequipo.com.mx\/storage\/2022\/04\/Coahuila-con-sequia-extrema.jpg\",\"width\":700,\"height\":400},{\"@type\":\"BreadcrumbList\",\"@id\":\"https:\/\/www.sonoraenequipo.com.mx\/preocupante-la-sequia-que-se-presenta-en-los-estdos-de-mexico\/#breadcrumb\",\"itemListElement\":[{\"@type\":\"ListItem\",\"position\":1,\"name\":\"Portada\",\"item\":\"https:\/\/www.sonoraenequipo.com.mx\/\"},{\"@type\":\"ListItem\",\"position\":2,\"name\":\"Preocupante la sequ\u00eda que se presenta en los estdos de M\u00e9xico\"}]},{\"@type\":\"WebSite\",\"@id\":\"https:\/\/www.sonoraenequipo.com.mx\/#website\",\"url\":\"https:\/\/www.sonoraenequipo.com.mx\/\",\"name\":\"Sonora en Equipo.\",\"description\":\"Diario en l\u00ednea con Noticias desde Hermosillo, Sonora\",\"publisher\":{\"@id\":\"https:\/\/www.sonoraenequipo.com.mx\/#organization\"},\"potentialAction\":[{\"@type\":\"SearchAction\",\"target\":{\"@type\":\"EntryPoint\",\"urlTemplate\":\"https:\/\/www.sonoraenequipo.com.mx\/?s={search_term_string}\"},\"query-input\":{\"@type\":\"PropertyValueSpecification\",\"valueRequired\":true,\"valueName\":\"search_term_string\"}}],\"inLanguage\":\"es\"},{\"@type\":\"Organization\",\"@id\":\"https:\/\/www.sonoraenequipo.com.mx\/#organization\",\"name\":\"Sonoraenequipo.com.mx\",\"url\":\"https:\/\/www.sonoraenequipo.com.mx\/\",\"logo\":{\"@type\":\"ImageObject\",\"inLanguage\":\"es\",\"@id\":\"https:\/\/www.sonoraenequipo.com.mx\/#\/schema\/logo\/image\/\",\"url\":\"https:\/\/www.sonoraenequipo.com.mx\/storage\/2019\/01\/sonoraenequipo_opt.png\",\"contentUrl\":\"https:\/\/www.sonoraenequipo.com.mx\/storage\/2019\/01\/sonoraenequipo_opt.png\",\"width\":375,\"height\":125,\"caption\":\"Sonoraenequipo.com.mx\"},\"image\":{\"@id\":\"https:\/\/www.sonoraenequipo.com.mx\/#\/schema\/logo\/image\/\"},\"sameAs\":[\"https:\/\/www.facebook.com\/SonoraEE\/\",\"https:\/\/x.com\/sonoraenequipo\",\"https:\/\/www.youtube.com\/channel\/UC338nW-lPEYmJQs4ZABQ1SQ\"]},{\"@type\":\"Person\",\"@id\":\"https:\/\/www.sonoraenequipo.com.mx\/#\/schema\/person\/50102df0fb23a8fa9e8effad8fa81386\",\"name\":\"enequipo\",\"image\":{\"@type\":\"ImageObject\",\"inLanguage\":\"es\",\"@id\":\"https:\/\/www.sonoraenequipo.com.mx\/#\/schema\/person\/image\/\",\"url\":\"https:\/\/secure.gravatar.com\/avatar\/049821681b589dabc0bc20695993ccebb09f5b5d4d790cd9251b97faac7c652b?s=96&d=blank&r=g\",\"contentUrl\":\"https:\/\/secure.gravatar.com\/avatar\/049821681b589dabc0bc20695993ccebb09f5b5d4d790cd9251b97faac7c652b?s=96&d=blank&r=g\",\"caption\":\"enequipo\"},\"sameAs\":[\"https:\/\/www.facebook.com\/SonoraEE\"]}]}<\/script>\n ","yoast_head_json":{"title":"Sonora en Equipo. Preocupante la sequ\u00eda que se presenta en los estdos de M\u00e9xico Rep\u00fablica","description":"CIUDAD DE M\u00c9XICO. MX. \u2014 Al problema de la pandemia se le suma la falta de agua, porque a pesar de algunas lluvias que se registraron en las \u00faltimas En Sonora en Equipo publicamos toda la informaci\u00f3n de Sonora, M\u00e9xico y el Mundo de manera oportuna y busca que la libertad de expresi\u00f3n sea real. Visita nuestro medio informativo publicado desde Hermosillo, Sonora. %","robots":{"index":"index","follow":"follow","max-snippet":"max-snippet:-1","max-image-preview":"max-image-preview:large","max-video-preview":"max-video-preview:-1"},"canonical":"https:\/\/www.sonoraenequipo.com.mx\/preocupante-la-sequia-que-se-presenta-en-los-estdos-de-mexico\/","og_locale":"es_ES","og_type":"article","og_title":"Sonora en Equipo. Preocupante la sequ\u00eda que se presenta en los estdos de M\u00e9xico Rep\u00fablica","og_description":"CIUDAD DE M\u00c9XICO. MX. \u2014 Al problema de la pandemia se le suma la falta de agua, porque a pesar de algunas lluvias que se registraron en las \u00faltimas En Sonora en Equipo publicamos toda la informaci\u00f3n de Sonora, M\u00e9xico y el Mundo de manera oportuna y busca que la libertad de expresi\u00f3n sea real. Visita nuestro medio informativo publicado desde Hermosillo, Sonora. %","og_url":"https:\/\/www.sonoraenequipo.com.mx\/preocupante-la-sequia-que-se-presenta-en-los-estdos-de-mexico\/","og_site_name":"Sonora en Equipo.","article_publisher":"https:\/\/www.facebook.com\/SonoraEE\/","article_author":"https:\/\/www.facebook.com\/SonoraEE","article_published_time":"2022-04-16T02:15:49+00:00","article_modified_time":"2022-04-18T03:19:14+00:00","og_image":[{"width":700,"height":400,"url":"https:\/\/www.sonoraenequipo.com.mx\/storage\/2022\/04\/Coahuila-con-sequia-extrema.jpg","type":"image\/jpeg"}],"author":"enequipo","twitter_card":"summary_large_image","twitter_creator":"@sonoraenequipo","twitter_site":"@sonoraenequipo","twitter_misc":{"Escrito por":"enequipo","Tiempo de lectura":"2 minutos"},"schema":{"@context":"https:\/\/schema.org","@graph":[{"@type":"Article","@id":"https:\/\/www.sonoraenequipo.com.mx\/preocupante-la-sequia-que-se-presenta-en-los-estdos-de-mexico\/#article","isPartOf":{"@id":"https:\/\/www.sonoraenequipo.com.mx\/preocupante-la-sequia-que-se-presenta-en-los-estdos-de-mexico\/"},"author":{"name":"enequipo","@id":"https:\/\/www.sonoraenequipo.com.mx\/#\/schema\/person\/50102df0fb23a8fa9e8effad8fa81386"},"headline":"Preocupante la sequ\u00eda que se presenta en los estdos de M\u00e9xico","datePublished":"2022-04-16T02:15:49+00:00","dateModified":"2022-04-18T03:19:14+00:00","mainEntityOfPage":{"@id":"https:\/\/www.sonoraenequipo.com.mx\/preocupante-la-sequia-que-se-presenta-en-los-estdos-de-mexico\/"},"wordCount":280,"commentCount":0,"publisher":{"@id":"https:\/\/www.sonoraenequipo.com.mx\/#organization"},"image":{"@id":"https:\/\/www.sonoraenequipo.com.mx\/preocupante-la-sequia-que-se-presenta-en-los-estdos-de-mexico\/#primaryimage"},"thumbnailUrl":"https:\/\/www.sonoraenequipo.com.mx\/storage\/2022\/04\/Coahuila-con-sequia-extrema.jpg","articleSection":["Rep\u00fablica"],"inLanguage":"es","potentialAction":[{"@type":"CommentAction","name":"Comment","target":["https:\/\/www.sonoraenequipo.com.mx\/preocupante-la-sequia-que-se-presenta-en-los-estdos-de-mexico\/#respond"]}]},{"@type":"WebPage","@id":"https:\/\/www.sonoraenequipo.com.mx\/preocupante-la-sequia-que-se-presenta-en-los-estdos-de-mexico\/","url":"https:\/\/www.sonoraenequipo.com.mx\/preocupante-la-sequia-que-se-presenta-en-los-estdos-de-mexico\/","name":"Sonora en Equipo. Preocupante la sequ\u00eda que se presenta en los estdos de M\u00e9xico Rep\u00fablica","isPartOf":{"@id":"https:\/\/www.sonoraenequipo.com.mx\/#website"},"primaryImageOfPage":{"@id":"https:\/\/www.sonoraenequipo.com.mx\/preocupante-la-sequia-que-se-presenta-en-los-estdos-de-mexico\/#primaryimage"},"image":{"@id":"https:\/\/www.sonoraenequipo.com.mx\/preocupante-la-sequia-que-se-presenta-en-los-estdos-de-mexico\/#primaryimage"},"thumbnailUrl":"https:\/\/www.sonoraenequipo.com.mx\/storage\/2022\/04\/Coahuila-con-sequia-extrema.jpg","datePublished":"2022-04-16T02:15:49+00:00","dateModified":"2022-04-18T03:19:14+00:00","description":"CIUDAD DE M\u00c9XICO. MX. \u2014 Al problema de la pandemia se le suma la falta de agua, porque a pesar de algunas lluvias que se registraron en las \u00faltimas En Sonora en Equipo publicamos toda la informaci\u00f3n de Sonora, M\u00e9xico y el Mundo de manera oportuna y busca que la libertad de expresi\u00f3n sea real. Visita nuestro medio informativo publicado desde Hermosillo, Sonora. %","breadcrumb":{"@id":"https:\/\/www.sonoraenequipo.com.mx\/preocupante-la-sequia-que-se-presenta-en-los-estdos-de-mexico\/#breadcrumb"},"inLanguage":"es","potentialAction":[{"@type":"ReadAction","target":["https:\/\/www.sonoraenequipo.com.mx\/preocupante-la-sequia-que-se-presenta-en-los-estdos-de-mexico\/"]}]},{"@type":"ImageObject","inLanguage":"es","@id":"https:\/\/www.sonoraenequipo.com.mx\/preocupante-la-sequia-que-se-presenta-en-los-estdos-de-mexico\/#primaryimage","url":"https:\/\/www.sonoraenequipo.com.mx\/storage\/2022\/04\/Coahuila-con-sequia-extrema.jpg","contentUrl":"https:\/\/www.sonoraenequipo.com.mx\/storage\/2022\/04\/Coahuila-con-sequia-extrema.jpg","width":700,"height":400},{"@type":"BreadcrumbList","@id":"https:\/\/www.sonoraenequipo.com.mx\/preocupante-la-sequia-que-se-presenta-en-los-estdos-de-mexico\/#breadcrumb","itemListElement":[{"@type":"ListItem","position":1,"name":"Portada","item":"https:\/\/www.sonoraenequipo.com.mx\/"},{"@type":"ListItem","position":2,"name":"Preocupante la sequ\u00eda que se presenta en los estdos de M\u00e9xico"}]},{"@type":"WebSite","@id":"https:\/\/www.sonoraenequipo.com.mx\/#website","url":"https:\/\/www.sonoraenequipo.com.mx\/","name":"Sonora en Equipo.","description":"Diario en l\u00ednea con Noticias desde Hermosillo, Sonora","publisher":{"@id":"https:\/\/www.sonoraenequipo.com.mx\/#organization"},"potentialAction":[{"@type":"SearchAction","target":{"@type":"EntryPoint","urlTemplate":"https:\/\/www.sonoraenequipo.com.mx\/?s={search_term_string}"},"query-input":{"@type":"PropertyValueSpecification","valueRequired":true,"valueName":"search_term_string"}}],"inLanguage":"es"},{"@type":"Organization","@id":"https:\/\/www.sonoraenequipo.com.mx\/#organization","name":"Sonoraenequipo.com.mx","url":"https:\/\/www.sonoraenequipo.com.mx\/","logo":{"@type":"ImageObject","inLanguage":"es","@id":"https:\/\/www.sonoraenequipo.com.mx\/#\/schema\/logo\/image\/","url":"https:\/\/www.sonoraenequipo.com.mx\/storage\/2019\/01\/sonoraenequipo_opt.png","contentUrl":"https:\/\/www.sonoraenequipo.com.mx\/storage\/2019\/01\/sonoraenequipo_opt.png","width":375,"height":125,"caption":"Sonoraenequipo.com.mx"},"image":{"@id":"https:\/\/www.sonoraenequipo.com.mx\/#\/schema\/logo\/image\/"},"sameAs":["https:\/\/www.facebook.com\/SonoraEE\/","https:\/\/x.com\/sonoraenequipo","https:\/\/www.youtube.com\/channel\/UC338nW-lPEYmJQs4ZABQ1SQ"]},{"@type":"Person","@id":"https:\/\/www.sonoraenequipo.com.mx\/#\/schema\/person\/50102df0fb23a8fa9e8effad8fa81386","name":"enequipo","image":{"@type":"ImageObject","inLanguage":"es","@id":"https:\/\/www.sonoraenequipo.com.mx\/#\/schema\/person\/image\/","url":"https:\/\/secure.gravatar.com\/avatar\/049821681b589dabc0bc20695993ccebb09f5b5d4d790cd9251b97faac7c652b?s=96&d=blank&r=g","contentUrl":"https:\/\/secure.gravatar.com\/avatar\/049821681b589dabc0bc20695993ccebb09f5b5d4d790cd9251b97faac7c652b?s=96&d=blank&r=g","caption":"enequipo"},"sameAs":["https:\/\/www.facebook.com\/SonoraEE"]}]}},"jetpack_featured_media_url":"https:\/\/www.sonoraenequipo.com.mx\/storage\/2022\/04\/Coahuila-con-sequia-extrema.jpg","_links":{"self":[{"href":"https:\/\/www.sonoraenequipo.com.mx\/api\/wp\/v2\/posts\/136780","targetHints":{"allow":["GET"]}}],"collection":[{"href":"https:\/\/www.sonoraenequipo.com.mx\/api\/wp\/v2\/posts"}],"about":[{"href":"https:\/\/www.sonoraenequipo.com.mx\/api\/wp\/v2\/types\/post"}],"author":[{"embeddable":true,"href":"https:\/\/www.sonoraenequipo.com.mx\/api\/wp\/v2\/users\/1"}],"replies":[{"embeddable":true,"href":"https:\/\/www.sonoraenequipo.com.mx\/api\/wp\/v2\/comments?post=136780"}],"version-history":[{"count":1,"href":"https:\/\/www.sonoraenequipo.com.mx\/api\/wp\/v2\/posts\/136780\/revisions"}],"predecessor-version":[{"id":136783,"href":"https:\/\/www.sonoraenequipo.com.mx\/api\/wp\/v2\/posts\/136780\/revisions\/136783"}],"wp:featuredmedia":[{"embeddable":true,"href":"https:\/\/www.sonoraenequipo.com.mx\/api\/wp\/v2\/media\/136782"}],"wp:attachment":[{"href":"https:\/\/www.sonoraenequipo.com.mx\/api\/wp\/v2\/media?parent=136780"}],"wp:term":[{"taxonomy":"category","embeddable":true,"href":"https:\/\/www.sonoraenequipo.com.mx\/api\/wp\/v2\/categories?post=136780"},{"taxonomy":"post_tag","embeddable":true,"href":"https:\/\/www.sonoraenequipo.com.mx\/api\/wp\/v2\/tags?post=136780"}],"curies":[{"name":"wp","href":"https:\/\/api.w.org\/{rel}","templated":true}]}}