{"id":136781,"date":"2022-04-16T13:04:42","date_gmt":"2022-04-16T20:04:42","guid":{"rendered":"https:\/\/www.sonoraenequipo.com.mx\/?p=136781"},"modified":"2022-04-17T20:14:53","modified_gmt":"2022-04-18T03:14:53","slug":"avanzamos-para-rescatar-los-espacios-publicos-de-sonora-gobernador-alfonso-durazo-2","status":"publish","type":"post","link":"https:\/\/www.sonoraenequipo.com.mx\/avanzamos-para-rescatar-los-espacios-publicos-de-sonora-gobernador-alfonso-durazo-2\/","title":{"rendered":"Avanzamos para rescatar los espacios p\u00fablicos de Sonora: gobernador Alfonso Durazo"},"content":{"rendered":"<p><strong>HERMOSILLO, SONORA,MX.<\/strong><strong>\u25ac<\/strong> La participaci\u00f3n social, sumada a los esfuerzos de una administraci\u00f3n p\u00fablica comprometida, est\u00e1n haciendo posible el rescate de los espacios p\u00fablicos de la entidad que, a la fecha, se encuentran en situaci\u00f3n de abandono, afirm\u00f3 Alfonso Durazo Monta\u00f1o.<\/p>\n<p>&nbsp;<\/p>\n<p>Durante la entrega del parque La Esperanza, en Caborca, el mandatario sonorense explic\u00f3 que mediante esfuerzos entre grupos de artistas, empresariado y gobierno se busca el rescate de parques, canchas deportivas, \u00e1reas verdes y otros espacios destinados a la sana diversi\u00f3n, el esparcimiento y el deporte en todo el territorio estatal.<\/p>\n<p>&nbsp;<\/p>\n<p>\u201cLa cohesi\u00f3n de este proyecto es el compromiso social y eso es lo que yo celebro en esta ocasi\u00f3n; vamos a rescatar todos los espacios p\u00fablicos, deportivos, culturales que hoy est\u00e1n abandonados en el estado y ese compromiso lo vamos a cumplir a m\u00e1s tardar en diciembre del pr\u00f3ximo a\u00f1o\u201d, afirm\u00f3 el gobernador.<\/p>\n<p>&nbsp;<\/p>\n<p>Del mismo modo, destac\u00f3 que por parte de su gobierno no se dirigir\u00e1n recursos a obras fara\u00f3nicas innecesarias, pues el presupuesto debe aplicarse en estricto orden de necesidades sociales, por lo que, antes que nada, deben resolverse las solicitudes m\u00e1s sentidas de la gente.<\/p>\n<p>&nbsp;<\/p>\n<p>Entre dichas necesidades, apunt\u00f3, est\u00e1n aquellas que tienen los j\u00f3venes de Sonora, principalmente por la falta de foros para dar a conocer sus expresiones, sean estas culturales, deportivas o sociales, por lo que este programa conjunto ser\u00e1 una forma de cumplir con ellos.<\/p>\n<p>&nbsp;<\/p>\n<p>\u201cNo voy a embarcar a mi gobierno con recursos del gobierno del estado en obras fara\u00f3nicas&#8230; vamos a resolver lo prioritario de la gente y algo prioritario son estos espacios que dan oportunidades de expresi\u00f3n deportiva, expresi\u00f3n art\u00edstica, expresi\u00f3n cultural a nuestros j\u00f3venes\u201d, afirm\u00f3.<\/p>\n<p><strong>Fecha de Publicaci\u00f3n s\u00e1bado\/ 16 \/ abril\/ 2022 <\/strong><\/p>\n","protected":false},"excerpt":{"rendered":"<p>HERMOSILLO, SONORA,MX.\u25ac La participaci\u00f3n social, sumada a los esfuerzos de una administraci\u00f3n p\u00fablica comprometida, est\u00e1n&#8230;<\/p>\n","protected":false},"author":1,"featured_media":0,"comment_status":"open","ping_status":"open","sticky":false,"template":"","format":"standard","meta":{"_monsterinsights_skip_tracking":false,"_monsterinsights_sitenote_active":false,"_monsterinsights_sitenote_note":"","_monsterinsights_sitenote_category":0,"footnotes":""},"categories":[22],"tags":[],"class_list":["post"],"yoast_head":" \n<title>Sonora en Equipo. Avanzamos para rescatar los espacios p\u00fablicos de Sonora: gobernador Alfonso Durazo<\/title>\n<meta name=\"description\" content=\"HERMOSILLO, SONORA,MX.\u25ac La participaci\u00f3n social, sumada a los esfuerzos de una administraci\u00f3n p\u00fablica comprometida, est\u00e1n haciendo posible el rescate de En Sonora en Equipo publicamos toda la informaci\u00f3n de Sonora, M\u00e9xico y el Mundo de manera oportuna y busca que la libertad de expresi\u00f3n sea real. Visita nuestro medio informativo publicado desde Hermosillo, Sonora. %\" \/>\n<meta name=\"robots\" content=\"index, follow, max-snippet:-1, max-image-preview:large, max-video-preview:-1\" \/>\n<link rel=\"canonical\" href=\"https:\/\/www.sonoraenequipo.com.mx\/avanzamos-para-rescatar-los-espacios-publicos-de-sonora-gobernador-alfonso-durazo-2\/\" \/>\n<meta property=\"og:locale\" content=\"es_ES\" \/>\n<meta property=\"og:type\" content=\"article\" \/>\n<meta property=\"og:title\" content=\"Sonora en Equipo. Avanzamos para rescatar los espacios p\u00fablicos de Sonora: gobernador Alfonso Durazo\" \/>\n<meta property=\"og:description\" content=\"HERMOSILLO, SONORA,MX.\u25ac La participaci\u00f3n social, sumada a los esfuerzos de una administraci\u00f3n p\u00fablica comprometida, est\u00e1n haciendo posible el rescate de En Sonora en Equipo publicamos toda la informaci\u00f3n de Sonora, M\u00e9xico y el Mundo de manera oportuna y busca que la libertad de expresi\u00f3n sea real. Visita nuestro medio informativo publicado desde Hermosillo, Sonora. %\" \/>\n<meta property=\"og:url\" content=\"https:\/\/www.sonoraenequipo.com.mx\/avanzamos-para-rescatar-los-espacios-publicos-de-sonora-gobernador-alfonso-durazo-2\/\" \/>\n<meta property=\"og:site_name\" content=\"Sonora en Equipo.\" \/>\n<meta property=\"article:publisher\" content=\"https:\/\/www.facebook.com\/SonoraEE\/\" \/>\n<meta property=\"article:author\" content=\"https:\/\/www.facebook.com\/SonoraEE\" \/>\n<meta property=\"article:published_time\" content=\"2022-04-16T20:04:42+00:00\" \/>\n<meta property=\"article:modified_time\" content=\"2022-04-18T03:14:53+00:00\" \/>\n<meta name=\"author\" content=\"enequipo\" \/>\n<meta name=\"twitter:card\" content=\"summary_large_image\" \/>\n<meta name=\"twitter:creator\" content=\"@sonoraenequipo\" \/>\n<meta name=\"twitter:site\" content=\"@sonoraenequipo\" \/>\n<meta name=\"twitter:label1\" content=\"Escrito por\" \/>\n\t<meta name=\"twitter:data1\" content=\"enequipo\" \/>\n\t<meta name=\"twitter:label2\" content=\"Tiempo de lectura\" \/>\n\t<meta name=\"twitter:data2\" content=\"2 minutos\" \/>\n<script type=\"application\/ld+json\" class=\"yoast-schema-graph\">{\"@context\":\"https:\/\/schema.org\",\"@graph\":[{\"@type\":\"Article\",\"@id\":\"https:\/\/www.sonoraenequipo.com.mx\/avanzamos-para-rescatar-los-espacios-publicos-de-sonora-gobernador-alfonso-durazo-2\/#article\",\"isPartOf\":{\"@id\":\"https:\/\/www.sonoraenequipo.com.mx\/avanzamos-para-rescatar-los-espacios-publicos-de-sonora-gobernador-alfonso-durazo-2\/\"},\"author\":{\"name\":\"enequipo\",\"@id\":\"https:\/\/www.sonoraenequipo.com.mx\/#\/schema\/person\/50102df0fb23a8fa9e8effad8fa81386\"},\"headline\":\"Avanzamos para rescatar los espacios p\u00fablicos de Sonora: gobernador Alfonso Durazo\",\"datePublished\":\"2022-04-16T20:04:42+00:00\",\"dateModified\":\"2022-04-18T03:14:53+00:00\",\"mainEntityOfPage\":{\"@id\":\"https:\/\/www.sonoraenequipo.com.mx\/avanzamos-para-rescatar-los-espacios-publicos-de-sonora-gobernador-alfonso-durazo-2\/\"},\"wordCount\":326,\"commentCount\":0,\"publisher\":{\"@id\":\"https:\/\/www.sonoraenequipo.com.mx\/#organization\"},\"articleSection\":[\"Sonora\"],\"inLanguage\":\"es\",\"potentialAction\":[{\"@type\":\"CommentAction\",\"name\":\"Comment\",\"target\":[\"https:\/\/www.sonoraenequipo.com.mx\/avanzamos-para-rescatar-los-espacios-publicos-de-sonora-gobernador-alfonso-durazo-2\/#respond\"]}]},{\"@type\":\"WebPage\",\"@id\":\"https:\/\/www.sonoraenequipo.com.mx\/avanzamos-para-rescatar-los-espacios-publicos-de-sonora-gobernador-alfonso-durazo-2\/\",\"url\":\"https:\/\/www.sonoraenequipo.com.mx\/avanzamos-para-rescatar-los-espacios-publicos-de-sonora-gobernador-alfonso-durazo-2\/\",\"name\":\"Sonora en Equipo. Avanzamos para rescatar los espacios p\u00fablicos de Sonora: gobernador Alfonso Durazo\",\"isPartOf\":{\"@id\":\"https:\/\/www.sonoraenequipo.com.mx\/#website\"},\"datePublished\":\"2022-04-16T20:04:42+00:00\",\"dateModified\":\"2022-04-18T03:14:53+00:00\",\"description\":\"HERMOSILLO, SONORA,MX.\u25ac La participaci\u00f3n social, sumada a los esfuerzos de una administraci\u00f3n p\u00fablica comprometida, est\u00e1n haciendo posible el rescate de En Sonora en Equipo publicamos toda la informaci\u00f3n de Sonora, M\u00e9xico y el Mundo de manera oportuna y busca que la libertad de expresi\u00f3n sea real. Visita nuestro medio informativo publicado desde Hermosillo, Sonora. %\",\"breadcrumb\":{\"@id\":\"https:\/\/www.sonoraenequipo.com.mx\/avanzamos-para-rescatar-los-espacios-publicos-de-sonora-gobernador-alfonso-durazo-2\/#breadcrumb\"},\"inLanguage\":\"es\",\"potentialAction\":[{\"@type\":\"ReadAction\",\"target\":[\"https:\/\/www.sonoraenequipo.com.mx\/avanzamos-para-rescatar-los-espacios-publicos-de-sonora-gobernador-alfonso-durazo-2\/\"]}]},{\"@type\":\"BreadcrumbList\",\"@id\":\"https:\/\/www.sonoraenequipo.com.mx\/avanzamos-para-rescatar-los-espacios-publicos-de-sonora-gobernador-alfonso-durazo-2\/#breadcrumb\",\"itemListElement\":[{\"@type\":\"ListItem\",\"position\":1,\"name\":\"Portada\",\"item\":\"https:\/\/www.sonoraenequipo.com.mx\/\"},{\"@type\":\"ListItem\",\"position\":2,\"name\":\"Avanzamos para rescatar los espacios p\u00fablicos de Sonora: gobernador Alfonso Durazo\"}]},{\"@type\":\"WebSite\",\"@id\":\"https:\/\/www.sonoraenequipo.com.mx\/#website\",\"url\":\"https:\/\/www.sonoraenequipo.com.mx\/\",\"name\":\"Sonora en Equipo.\",\"description\":\"Diario en l\u00ednea con Noticias desde Hermosillo, Sonora\",\"publisher\":{\"@id\":\"https:\/\/www.sonoraenequipo.com.mx\/#organization\"},\"potentialAction\":[{\"@type\":\"SearchAction\",\"target\":{\"@type\":\"EntryPoint\",\"urlTemplate\":\"https:\/\/www.sonoraenequipo.com.mx\/?s={search_term_string}\"},\"query-input\":{\"@type\":\"PropertyValueSpecification\",\"valueRequired\":true,\"valueName\":\"search_term_string\"}}],\"inLanguage\":\"es\"},{\"@type\":\"Organization\",\"@id\":\"https:\/\/www.sonoraenequipo.com.mx\/#organization\",\"name\":\"Sonoraenequipo.com.mx\",\"url\":\"https:\/\/www.sonoraenequipo.com.mx\/\",\"logo\":{\"@type\":\"ImageObject\",\"inLanguage\":\"es\",\"@id\":\"https:\/\/www.sonoraenequipo.com.mx\/#\/schema\/logo\/image\/\",\"url\":\"https:\/\/www.sonoraenequipo.com.mx\/storage\/2019\/01\/sonoraenequipo_opt.png\",\"contentUrl\":\"https:\/\/www.sonoraenequipo.com.mx\/storage\/2019\/01\/sonoraenequipo_opt.png\",\"width\":375,\"height\":125,\"caption\":\"Sonoraenequipo.com.mx\"},\"image\":{\"@id\":\"https:\/\/www.sonoraenequipo.com.mx\/#\/schema\/logo\/image\/\"},\"sameAs\":[\"https:\/\/www.facebook.com\/SonoraEE\/\",\"https:\/\/x.com\/sonoraenequipo\",\"https:\/\/www.youtube.com\/channel\/UC338nW-lPEYmJQs4ZABQ1SQ\"]},{\"@type\":\"Person\",\"@id\":\"https:\/\/www.sonoraenequipo.com.mx\/#\/schema\/person\/50102df0fb23a8fa9e8effad8fa81386\",\"name\":\"enequipo\",\"image\":{\"@type\":\"ImageObject\",\"inLanguage\":\"es\",\"@id\":\"https:\/\/www.sonoraenequipo.com.mx\/#\/schema\/person\/image\/\",\"url\":\"https:\/\/secure.gravatar.com\/avatar\/049821681b589dabc0bc20695993ccebb09f5b5d4d790cd9251b97faac7c652b?s=96&d=blank&r=g\",\"contentUrl\":\"https:\/\/secure.gravatar.com\/avatar\/049821681b589dabc0bc20695993ccebb09f5b5d4d790cd9251b97faac7c652b?s=96&d=blank&r=g\",\"caption\":\"enequipo\"},\"sameAs\":[\"https:\/\/www.facebook.com\/SonoraEE\"]}]}<\/script>\n ","yoast_head_json":{"title":"Sonora en Equipo. Avanzamos para rescatar los espacios p\u00fablicos de Sonora: gobernador Alfonso Durazo","description":"HERMOSILLO, SONORA,MX.\u25ac La participaci\u00f3n social, sumada a los esfuerzos de una administraci\u00f3n p\u00fablica comprometida, est\u00e1n haciendo posible el rescate de En Sonora en Equipo publicamos toda la informaci\u00f3n de Sonora, M\u00e9xico y el Mundo de manera oportuna y busca que la libertad de expresi\u00f3n sea real. Visita nuestro medio informativo publicado desde Hermosillo, Sonora. %","robots":{"index":"index","follow":"follow","max-snippet":"max-snippet:-1","max-image-preview":"max-image-preview:large","max-video-preview":"max-video-preview:-1"},"canonical":"https:\/\/www.sonoraenequipo.com.mx\/avanzamos-para-rescatar-los-espacios-publicos-de-sonora-gobernador-alfonso-durazo-2\/","og_locale":"es_ES","og_type":"article","og_title":"Sonora en Equipo. Avanzamos para rescatar los espacios p\u00fablicos de Sonora: gobernador Alfonso Durazo","og_description":"HERMOSILLO, SONORA,MX.\u25ac La participaci\u00f3n social, sumada a los esfuerzos de una administraci\u00f3n p\u00fablica comprometida, est\u00e1n haciendo posible el rescate de En Sonora en Equipo publicamos toda la informaci\u00f3n de Sonora, M\u00e9xico y el Mundo de manera oportuna y busca que la libertad de expresi\u00f3n sea real. Visita nuestro medio informativo publicado desde Hermosillo, Sonora. %","og_url":"https:\/\/www.sonoraenequipo.com.mx\/avanzamos-para-rescatar-los-espacios-publicos-de-sonora-gobernador-alfonso-durazo-2\/","og_site_name":"Sonora en Equipo.","article_publisher":"https:\/\/www.facebook.com\/SonoraEE\/","article_author":"https:\/\/www.facebook.com\/SonoraEE","article_published_time":"2022-04-16T20:04:42+00:00","article_modified_time":"2022-04-18T03:14:53+00:00","author":"enequipo","twitter_card":"summary_large_image","twitter_creator":"@sonoraenequipo","twitter_site":"@sonoraenequipo","twitter_misc":{"Escrito por":"enequipo","Tiempo de lectura":"2 minutos"},"schema":{"@context":"https:\/\/schema.org","@graph":[{"@type":"Article","@id":"https:\/\/www.sonoraenequipo.com.mx\/avanzamos-para-rescatar-los-espacios-publicos-de-sonora-gobernador-alfonso-durazo-2\/#article","isPartOf":{"@id":"https:\/\/www.sonoraenequipo.com.mx\/avanzamos-para-rescatar-los-espacios-publicos-de-sonora-gobernador-alfonso-durazo-2\/"},"author":{"name":"enequipo","@id":"https:\/\/www.sonoraenequipo.com.mx\/#\/schema\/person\/50102df0fb23a8fa9e8effad8fa81386"},"headline":"Avanzamos para rescatar los espacios p\u00fablicos de Sonora: gobernador Alfonso Durazo","datePublished":"2022-04-16T20:04:42+00:00","dateModified":"2022-04-18T03:14:53+00:00","mainEntityOfPage":{"@id":"https:\/\/www.sonoraenequipo.com.mx\/avanzamos-para-rescatar-los-espacios-publicos-de-sonora-gobernador-alfonso-durazo-2\/"},"wordCount":326,"commentCount":0,"publisher":{"@id":"https:\/\/www.sonoraenequipo.com.mx\/#organization"},"articleSection":["Sonora"],"inLanguage":"es","potentialAction":[{"@type":"CommentAction","name":"Comment","target":["https:\/\/www.sonoraenequipo.com.mx\/avanzamos-para-rescatar-los-espacios-publicos-de-sonora-gobernador-alfonso-durazo-2\/#respond"]}]},{"@type":"WebPage","@id":"https:\/\/www.sonoraenequipo.com.mx\/avanzamos-para-rescatar-los-espacios-publicos-de-sonora-gobernador-alfonso-durazo-2\/","url":"https:\/\/www.sonoraenequipo.com.mx\/avanzamos-para-rescatar-los-espacios-publicos-de-sonora-gobernador-alfonso-durazo-2\/","name":"Sonora en Equipo. Avanzamos para rescatar los espacios p\u00fablicos de Sonora: gobernador Alfonso Durazo","isPartOf":{"@id":"https:\/\/www.sonoraenequipo.com.mx\/#website"},"datePublished":"2022-04-16T20:04:42+00:00","dateModified":"2022-04-18T03:14:53+00:00","description":"HERMOSILLO, SONORA,MX.\u25ac La participaci\u00f3n social, sumada a los esfuerzos de una administraci\u00f3n p\u00fablica comprometida, est\u00e1n haciendo posible el rescate de En Sonora en Equipo publicamos toda la informaci\u00f3n de Sonora, M\u00e9xico y el Mundo de manera oportuna y busca que la libertad de expresi\u00f3n sea real. Visita nuestro medio informativo publicado desde Hermosillo, Sonora. %","breadcrumb":{"@id":"https:\/\/www.sonoraenequipo.com.mx\/avanzamos-para-rescatar-los-espacios-publicos-de-sonora-gobernador-alfonso-durazo-2\/#breadcrumb"},"inLanguage":"es","potentialAction":[{"@type":"ReadAction","target":["https:\/\/www.sonoraenequipo.com.mx\/avanzamos-para-rescatar-los-espacios-publicos-de-sonora-gobernador-alfonso-durazo-2\/"]}]},{"@type":"BreadcrumbList","@id":"https:\/\/www.sonoraenequipo.com.mx\/avanzamos-para-rescatar-los-espacios-publicos-de-sonora-gobernador-alfonso-durazo-2\/#breadcrumb","itemListElement":[{"@type":"ListItem","position":1,"name":"Portada","item":"https:\/\/www.sonoraenequipo.com.mx\/"},{"@type":"ListItem","position":2,"name":"Avanzamos para rescatar los espacios p\u00fablicos de Sonora: gobernador Alfonso Durazo"}]},{"@type":"WebSite","@id":"https:\/\/www.sonoraenequipo.com.mx\/#website","url":"https:\/\/www.sonoraenequipo.com.mx\/","name":"Sonora en Equipo.","description":"Diario en l\u00ednea con Noticias desde Hermosillo, Sonora","publisher":{"@id":"https:\/\/www.sonoraenequipo.com.mx\/#organization"},"potentialAction":[{"@type":"SearchAction","target":{"@type":"EntryPoint","urlTemplate":"https:\/\/www.sonoraenequipo.com.mx\/?s={search_term_string}"},"query-input":{"@type":"PropertyValueSpecification","valueRequired":true,"valueName":"search_term_string"}}],"inLanguage":"es"},{"@type":"Organization","@id":"https:\/\/www.sonoraenequipo.com.mx\/#organization","name":"Sonoraenequipo.com.mx","url":"https:\/\/www.sonoraenequipo.com.mx\/","logo":{"@type":"ImageObject","inLanguage":"es","@id":"https:\/\/www.sonoraenequipo.com.mx\/#\/schema\/logo\/image\/","url":"https:\/\/www.sonoraenequipo.com.mx\/storage\/2019\/01\/sonoraenequipo_opt.png","contentUrl":"https:\/\/www.sonoraenequipo.com.mx\/storage\/2019\/01\/sonoraenequipo_opt.png","width":375,"height":125,"caption":"Sonoraenequipo.com.mx"},"image":{"@id":"https:\/\/www.sonoraenequipo.com.mx\/#\/schema\/logo\/image\/"},"sameAs":["https:\/\/www.facebook.com\/SonoraEE\/","https:\/\/x.com\/sonoraenequipo","https:\/\/www.youtube.com\/channel\/UC338nW-lPEYmJQs4ZABQ1SQ"]},{"@type":"Person","@id":"https:\/\/www.sonoraenequipo.com.mx\/#\/schema\/person\/50102df0fb23a8fa9e8effad8fa81386","name":"enequipo","image":{"@type":"ImageObject","inLanguage":"es","@id":"https:\/\/www.sonoraenequipo.com.mx\/#\/schema\/person\/image\/","url":"https:\/\/secure.gravatar.com\/avatar\/049821681b589dabc0bc20695993ccebb09f5b5d4d790cd9251b97faac7c652b?s=96&d=blank&r=g","contentUrl":"https:\/\/secure.gravatar.com\/avatar\/049821681b589dabc0bc20695993ccebb09f5b5d4d790cd9251b97faac7c652b?s=96&d=blank&r=g","caption":"enequipo"},"sameAs":["https:\/\/www.facebook.com\/SonoraEE"]}]}},"jetpack_featured_media_url":"","_links":{"self":[{"href":"https:\/\/www.sonoraenequipo.com.mx\/api\/wp\/v2\/posts\/136781","targetHints":{"allow":["GET"]}}],"collection":[{"href":"https:\/\/www.sonoraenequipo.com.mx\/api\/wp\/v2\/posts"}],"about":[{"href":"https:\/\/www.sonoraenequipo.com.mx\/api\/wp\/v2\/types\/post"}],"author":[{"embeddable":true,"href":"https:\/\/www.sonoraenequipo.com.mx\/api\/wp\/v2\/users\/1"}],"replies":[{"embeddable":true,"href":"https:\/\/www.sonoraenequipo.com.mx\/api\/wp\/v2\/comments?post=136781"}],"version-history":[{"count":1,"href":"https:\/\/www.sonoraenequipo.com.mx\/api\/wp\/v2\/posts\/136781\/revisions"}],"predecessor-version":[{"id":136820,"href":"https:\/\/www.sonoraenequipo.com.mx\/api\/wp\/v2\/posts\/136781\/revisions\/136820"}],"wp:attachment":[{"href":"https:\/\/www.sonoraenequipo.com.mx\/api\/wp\/v2\/media?parent=136781"}],"wp:term":[{"taxonomy":"category","embeddable":true,"href":"https:\/\/www.sonoraenequipo.com.mx\/api\/wp\/v2\/categories?post=136781"},{"taxonomy":"post_tag","embeddable":true,"href":"https:\/\/www.sonoraenequipo.com.mx\/api\/wp\/v2\/tags?post=136781"}],"curies":[{"name":"wp","href":"https:\/\/api.w.org\/{rel}","templated":true}]}}