{"id":136797,"date":"2022-04-16T17:35:31","date_gmt":"2022-04-17T00:35:31","guid":{"rendered":"https:\/\/www.sonoraenequipo.com.mx\/?p=136797"},"modified":"2022-04-16T17:35:31","modified_gmt":"2022-04-17T00:35:31","slug":"rosario-ibarra-de-piedra-muere-a-los-95-anos","status":"publish","type":"post","link":"https:\/\/www.sonoraenequipo.com.mx\/rosario-ibarra-de-piedra-muere-a-los-95-anos\/","title":{"rendered":"Rosario Ibarra de Piedra muere a los 95 a\u00f1os"},"content":{"rendered":"<p><strong>MONTERREY,NUEVO LE\u00d3N.&#8211; La activista de derechos humanos y defensora de los desaparecidos por cuatro d\u00e9cadas Rosario Ibarra de Piedra muri\u00f3 este s\u00e1bado a los 95 a\u00f1os, inform\u00f3 la Comisi\u00f3n Nacional de Derechos Humanos de M\u00e9xico (CNDH).<\/strong><\/p>\n<p><strong>\u00a0<\/strong><\/p>\n<p><strong>\u201cLa CNDH lamenta el sensible fallecimiento de la luchadora social, Rosario Ibarra de Piedra, madre de nuestra presidenta, de Claudia, Carlos y Jes\u00fas esta ma\u00f1ana en la ciudad de Monterrey, Nuevo Le\u00f3n\u201d, se\u00f1al\u00f3 la dependencia en su cuenta oficial de Twitter.<\/strong><\/p>\n<p><strong>\u00a0<\/strong><\/p>\n<p><strong>En la misma red social, la senadora Ifigenia Mart\u00ednez lament\u00f3 el deceso de la luchadora social.<\/strong><\/p>\n<p><strong>\u00a0<\/strong><\/p>\n<p><strong>\u201cMe entero con tristeza del fallecimiento de mi entra\u00f1able amiga e incansable activista y luchadora social, Rosario Ibarra de Piedra, pionera en la defensa por los derechos humanos, la paz y democracia en M\u00e9xico. Abrazo con afecto a sus hijas, familiares y amigos. Descanse en paz\u201d, se\u00f1al\u00f3.<\/strong><\/p>\n<p><strong>\u00a0<\/strong><\/p>\n<p><strong>Un poco m\u00e1s tarde, el presidente mexicano, Andr\u00e9s Manuel L\u00f3pez Obrador, lament\u00f3 el deceso de la activista.<\/strong><\/p>\n<p><strong>\u00a0<\/strong><\/p>\n<p><strong>\u00a0<\/strong><\/p>\n<p><strong>\u201cMala noticia: muri\u00f3 do\u00f1a Rosario Ibarra de Piedra, quien nos recordar\u00e1 siempre el m\u00e1s profundo amor a los hijos y la solidaridad con quienes sufren por la desaparici\u00f3n de sus seres queridos. Ese era su verdadero partido aun cuando admiraba a Giordano Bruno\u201d, expres\u00f3 el mandatario en Twitter.<\/strong><\/p>\n<p><strong>\u00a0<\/strong><\/p>\n<p><strong>Y destac\u00f3 el apoyo de la defensora de derechos humanos \u201cen todo momento\u201d. \u201cNunca olvidar\u00e9 que mi madre vot\u00f3 por ella para presidenta de la Rep\u00fablica. Abrazo a sus hijos y a sus much\u00edsimos seguidores y amigos\u201d, finaliz\u00f3.<\/strong><\/p>\n<p><strong>\u00a0<\/strong><\/p>\n<p><strong>Dos veces candidata a la Presidencia de M\u00e9xico, en 1982 y 1988, Ibarra fue madre de Jes\u00fas Piedra, miembro de la Liga Comunista 23 de Septiembre, un grupo armado clandestino, y quien fue capturado y desaparecido por la Direcci\u00f3n Federal de Seguridad en la d\u00e9cada de 1970.<\/strong><\/p>\n<p><strong>\u00a0<\/strong><\/p>\n<p><strong>En su lucha por localizar a su hijo, se uni\u00f3 a otras mujeres con familiares desaparecidos y en 1977 fue fundadora del Comit\u00e9 Eureka en defensa de los desaparecidos, perseguidos y exiliados en M\u00e9xico.<\/strong><\/p>\n<p><strong>\u00a0<\/strong><\/p>\n<p><strong>Ibarra tambi\u00e9n fue senadora en 2006 por el izquierdista Partido de la Revoluci\u00f3n Democr\u00e1tica (PRD).<\/strong><\/p>\n<p><strong>\u00a0<\/strong><\/p>\n<p><strong>En julio de 2019, la C\u00e1mara de Diputados le concedi\u00f3 la Medalla al M\u00e9rito C\u00edvico \u201cEduardo Neri y Legisladores de 1913\u201d que se otorga cada a\u00f1o a ciudadanos que se hayan distinguido sirviendo a la colectividad, a la Rep\u00fablica y a la humanidad, destacando por sus hechos c\u00edvicos, pol\u00edticos o legislativos.<\/strong><\/p>\n<p><strong>\u00a0<\/strong><\/p>\n<p><strong>Ese mismo a\u00f1o, el Senado mexicano le otorg\u00f3 la medalla Belisario Dom\u00ednguez, el mayor reconocimiento civil de este pa\u00eds.<\/strong><\/p>\n<p><strong>\u00a0<\/strong><\/p>\n<p><strong>Adem\u00e1s, junto con el ahora presidente L\u00f3pez Obrador, protagoniz\u00f3 distintas luchas sociales en diversos lugares del pa\u00eds, como el alzamiento zapatista de 1994, la exigencia de detener y esclarecer el asesinato de mujeres en Ciudad Ju\u00e1rez, y las matanzas de personas ind\u00edgenas en Chiapas y Guerrero, durante el Gobierno del presidente Ernesto Zedillo (1994-2000)<\/strong><\/p>\n<p><strong>\u00a0<\/strong><\/p>\n<p><strong>Fue candidata al Premio Nobel de la Paz en los a\u00f1os de 1986, 1987, 1989 y 2006.<\/strong><\/p>\n<p><strong>Fecha de Publicaci\u00f3n s\u00e1bado\/ 16 \/ abril\/ 2022 <\/strong><\/p>\n<p><strong>Leer m\u00e1s:<\/strong> <strong>https:\/\/www.forbes.com.mx\/muere-a-los-95-anos-la-activista-mexicana-rosario-ibarra-de-piedra\/<\/strong><\/p>\n<p>&nbsp;<\/p>\n<p><strong>Fecha de Publicaci\u00f3n s\u00e1bado\/ 16 \/ abril\/ 2022 <\/strong><\/p>\n","protected":false},"excerpt":{"rendered":"<p>MONTERREY,NUEVO LE\u00d3N.&#8211; La activista de derechos humanos y defensora de los desaparecidos por cuatro d\u00e9cadas&#8230;<\/p>\n","protected":false},"author":24,"featured_media":136798,"comment_status":"open","ping_status":"open","sticky":false,"template":"","format":"standard","meta":{"_monsterinsights_skip_tracking":false,"_monsterinsights_sitenote_active":false,"_monsterinsights_sitenote_note":"","_monsterinsights_sitenote_category":0,"footnotes":""},"categories":[5],"tags":[7015],"class_list":["post"],"yoast_head":" \n<title>Sonora en Equipo. Rosario Ibarra de Piedra muere a los 95 a\u00f1os Rep\u00fablica<\/title>\n<meta name=\"description\" content=\"MONTERREY,NUEVO LE\u00d3N.-- La activista de derechos humanos y defensora de los desaparecidos por cuatro d\u00e9cadas Rosario Ibarra de Piedra muri\u00f3 este s\u00e1bado a En Sonora en Equipo publicamos toda la informaci\u00f3n de Sonora, M\u00e9xico y el Mundo de manera oportuna y busca que la libertad de expresi\u00f3n sea real. Visita nuestro medio informativo publicado desde Hermosillo, Sonora. %\" \/>\n<meta name=\"robots\" content=\"index, follow, max-snippet:-1, max-image-preview:large, max-video-preview:-1\" \/>\n<link rel=\"canonical\" href=\"https:\/\/www.sonoraenequipo.com.mx\/rosario-ibarra-de-piedra-muere-a-los-95-anos\/\" \/>\n<meta property=\"og:locale\" content=\"es_ES\" \/>\n<meta property=\"og:type\" content=\"article\" \/>\n<meta property=\"og:title\" content=\"Sonora en Equipo. Rosario Ibarra de Piedra muere a los 95 a\u00f1os Rep\u00fablica\" \/>\n<meta property=\"og:description\" content=\"MONTERREY,NUEVO LE\u00d3N.-- La activista de derechos humanos y defensora de los desaparecidos por cuatro d\u00e9cadas Rosario Ibarra de Piedra muri\u00f3 este s\u00e1bado a En Sonora en Equipo publicamos toda la informaci\u00f3n de Sonora, M\u00e9xico y el Mundo de manera oportuna y busca que la libertad de expresi\u00f3n sea real. Visita nuestro medio informativo publicado desde Hermosillo, Sonora. %\" \/>\n<meta property=\"og:url\" content=\"https:\/\/www.sonoraenequipo.com.mx\/rosario-ibarra-de-piedra-muere-a-los-95-anos\/\" \/>\n<meta property=\"og:site_name\" content=\"Sonora en Equipo.\" \/>\n<meta property=\"article:publisher\" content=\"https:\/\/www.facebook.com\/SonoraEE\/\" \/>\n<meta property=\"article:published_time\" content=\"2022-04-17T00:35:31+00:00\" \/>\n<meta property=\"og:image\" content=\"https:\/\/www.sonoraenequipo.com.mx\/storage\/2022\/04\/rosario.jpg\" \/>\n\t<meta property=\"og:image:width\" content=\"700\" \/>\n\t<meta property=\"og:image:height\" content=\"394\" \/>\n\t<meta property=\"og:image:type\" content=\"image\/jpeg\" \/>\n<meta name=\"author\" content=\"Dionisio Estrada\" \/>\n<meta name=\"twitter:card\" content=\"summary_large_image\" \/>\n<meta name=\"twitter:creator\" content=\"@sonoraenequipo\" \/>\n<meta name=\"twitter:site\" content=\"@sonoraenequipo\" \/>\n<meta name=\"twitter:label1\" content=\"Escrito por\" \/>\n\t<meta name=\"twitter:data1\" content=\"Dionisio Estrada\" \/>\n\t<meta name=\"twitter:label2\" content=\"Tiempo de lectura\" \/>\n\t<meta name=\"twitter:data2\" content=\"3 minutos\" \/>\n<script type=\"application\/ld+json\" class=\"yoast-schema-graph\">{\"@context\":\"https:\/\/schema.org\",\"@graph\":[{\"@type\":\"Article\",\"@id\":\"https:\/\/www.sonoraenequipo.com.mx\/rosario-ibarra-de-piedra-muere-a-los-95-anos\/#article\",\"isPartOf\":{\"@id\":\"https:\/\/www.sonoraenequipo.com.mx\/rosario-ibarra-de-piedra-muere-a-los-95-anos\/\"},\"author\":{\"name\":\"Dionisio Estrada\",\"@id\":\"https:\/\/www.sonoraenequipo.com.mx\/#\/schema\/person\/0f77f045cfa5d412273a32be74d5b2f2\"},\"headline\":\"Rosario Ibarra de Piedra muere a los 95 a\u00f1os\",\"datePublished\":\"2022-04-17T00:35:31+00:00\",\"mainEntityOfPage\":{\"@id\":\"https:\/\/www.sonoraenequipo.com.mx\/rosario-ibarra-de-piedra-muere-a-los-95-anos\/\"},\"wordCount\":548,\"commentCount\":0,\"publisher\":{\"@id\":\"https:\/\/www.sonoraenequipo.com.mx\/#organization\"},\"image\":{\"@id\":\"https:\/\/www.sonoraenequipo.com.mx\/rosario-ibarra-de-piedra-muere-a-los-95-anos\/#primaryimage\"},\"thumbnailUrl\":\"https:\/\/www.sonoraenequipo.com.mx\/storage\/2022\/04\/rosario.jpg\",\"keywords\":[\"Rosario Ibarra de Piedra\"],\"articleSection\":[\"Rep\u00fablica\"],\"inLanguage\":\"es\",\"potentialAction\":[{\"@type\":\"CommentAction\",\"name\":\"Comment\",\"target\":[\"https:\/\/www.sonoraenequipo.com.mx\/rosario-ibarra-de-piedra-muere-a-los-95-anos\/#respond\"]}]},{\"@type\":\"WebPage\",\"@id\":\"https:\/\/www.sonoraenequipo.com.mx\/rosario-ibarra-de-piedra-muere-a-los-95-anos\/\",\"url\":\"https:\/\/www.sonoraenequipo.com.mx\/rosario-ibarra-de-piedra-muere-a-los-95-anos\/\",\"name\":\"Sonora en Equipo. Rosario Ibarra de Piedra muere a los 95 a\u00f1os Rep\u00fablica\",\"isPartOf\":{\"@id\":\"https:\/\/www.sonoraenequipo.com.mx\/#website\"},\"primaryImageOfPage\":{\"@id\":\"https:\/\/www.sonoraenequipo.com.mx\/rosario-ibarra-de-piedra-muere-a-los-95-anos\/#primaryimage\"},\"image\":{\"@id\":\"https:\/\/www.sonoraenequipo.com.mx\/rosario-ibarra-de-piedra-muere-a-los-95-anos\/#primaryimage\"},\"thumbnailUrl\":\"https:\/\/www.sonoraenequipo.com.mx\/storage\/2022\/04\/rosario.jpg\",\"datePublished\":\"2022-04-17T00:35:31+00:00\",\"description\":\"MONTERREY,NUEVO LE\u00d3N.-- La activista de derechos humanos y defensora de los desaparecidos por cuatro d\u00e9cadas Rosario Ibarra de Piedra muri\u00f3 este s\u00e1bado a En Sonora en Equipo publicamos toda la informaci\u00f3n de Sonora, M\u00e9xico y el Mundo de manera oportuna y busca que la libertad de expresi\u00f3n sea real. Visita nuestro medio informativo publicado desde Hermosillo, Sonora. %\",\"breadcrumb\":{\"@id\":\"https:\/\/www.sonoraenequipo.com.mx\/rosario-ibarra-de-piedra-muere-a-los-95-anos\/#breadcrumb\"},\"inLanguage\":\"es\",\"potentialAction\":[{\"@type\":\"ReadAction\",\"target\":[\"https:\/\/www.sonoraenequipo.com.mx\/rosario-ibarra-de-piedra-muere-a-los-95-anos\/\"]}]},{\"@type\":\"ImageObject\",\"inLanguage\":\"es\",\"@id\":\"https:\/\/www.sonoraenequipo.com.mx\/rosario-ibarra-de-piedra-muere-a-los-95-anos\/#primaryimage\",\"url\":\"https:\/\/www.sonoraenequipo.com.mx\/storage\/2022\/04\/rosario.jpg\",\"contentUrl\":\"https:\/\/www.sonoraenequipo.com.mx\/storage\/2022\/04\/rosario.jpg\",\"width\":700,\"height\":394},{\"@type\":\"BreadcrumbList\",\"@id\":\"https:\/\/www.sonoraenequipo.com.mx\/rosario-ibarra-de-piedra-muere-a-los-95-anos\/#breadcrumb\",\"itemListElement\":[{\"@type\":\"ListItem\",\"position\":1,\"name\":\"Portada\",\"item\":\"https:\/\/www.sonoraenequipo.com.mx\/\"},{\"@type\":\"ListItem\",\"position\":2,\"name\":\"Rosario Ibarra de Piedra muere a los 95 a\u00f1os\"}]},{\"@type\":\"WebSite\",\"@id\":\"https:\/\/www.sonoraenequipo.com.mx\/#website\",\"url\":\"https:\/\/www.sonoraenequipo.com.mx\/\",\"name\":\"Sonora en Equipo.\",\"description\":\"Diario en l\u00ednea con Noticias desde Hermosillo, Sonora\",\"publisher\":{\"@id\":\"https:\/\/www.sonoraenequipo.com.mx\/#organization\"},\"potentialAction\":[{\"@type\":\"SearchAction\",\"target\":{\"@type\":\"EntryPoint\",\"urlTemplate\":\"https:\/\/www.sonoraenequipo.com.mx\/?s={search_term_string}\"},\"query-input\":{\"@type\":\"PropertyValueSpecification\",\"valueRequired\":true,\"valueName\":\"search_term_string\"}}],\"inLanguage\":\"es\"},{\"@type\":\"Organization\",\"@id\":\"https:\/\/www.sonoraenequipo.com.mx\/#organization\",\"name\":\"Sonoraenequipo.com.mx\",\"url\":\"https:\/\/www.sonoraenequipo.com.mx\/\",\"logo\":{\"@type\":\"ImageObject\",\"inLanguage\":\"es\",\"@id\":\"https:\/\/www.sonoraenequipo.com.mx\/#\/schema\/logo\/image\/\",\"url\":\"https:\/\/www.sonoraenequipo.com.mx\/storage\/2019\/01\/sonoraenequipo_opt.png\",\"contentUrl\":\"https:\/\/www.sonoraenequipo.com.mx\/storage\/2019\/01\/sonoraenequipo_opt.png\",\"width\":375,\"height\":125,\"caption\":\"Sonoraenequipo.com.mx\"},\"image\":{\"@id\":\"https:\/\/www.sonoraenequipo.com.mx\/#\/schema\/logo\/image\/\"},\"sameAs\":[\"https:\/\/www.facebook.com\/SonoraEE\/\",\"https:\/\/x.com\/sonoraenequipo\",\"https:\/\/www.youtube.com\/channel\/UC338nW-lPEYmJQs4ZABQ1SQ\"]},{\"@type\":\"Person\",\"@id\":\"https:\/\/www.sonoraenequipo.com.mx\/#\/schema\/person\/0f77f045cfa5d412273a32be74d5b2f2\",\"name\":\"Dionisio Estrada\",\"image\":{\"@type\":\"ImageObject\",\"inLanguage\":\"es\",\"@id\":\"https:\/\/www.sonoraenequipo.com.mx\/#\/schema\/person\/image\/\",\"url\":\"https:\/\/secure.gravatar.com\/avatar\/73cdb642943186932636839910e38e7e207b5dc721341976549771f10ccb3a23?s=96&d=blank&r=g\",\"contentUrl\":\"https:\/\/secure.gravatar.com\/avatar\/73cdb642943186932636839910e38e7e207b5dc721341976549771f10ccb3a23?s=96&d=blank&r=g\",\"caption\":\"Dionisio Estrada\"}}]}<\/script>\n ","yoast_head_json":{"title":"Sonora en Equipo. Rosario Ibarra de Piedra muere a los 95 a\u00f1os Rep\u00fablica","description":"MONTERREY,NUEVO LE\u00d3N.-- La activista de derechos humanos y defensora de los desaparecidos por cuatro d\u00e9cadas Rosario Ibarra de Piedra muri\u00f3 este s\u00e1bado a En Sonora en Equipo publicamos toda la informaci\u00f3n de Sonora, M\u00e9xico y el Mundo de manera oportuna y busca que la libertad de expresi\u00f3n sea real. Visita nuestro medio informativo publicado desde Hermosillo, Sonora. %","robots":{"index":"index","follow":"follow","max-snippet":"max-snippet:-1","max-image-preview":"max-image-preview:large","max-video-preview":"max-video-preview:-1"},"canonical":"https:\/\/www.sonoraenequipo.com.mx\/rosario-ibarra-de-piedra-muere-a-los-95-anos\/","og_locale":"es_ES","og_type":"article","og_title":"Sonora en Equipo. Rosario Ibarra de Piedra muere a los 95 a\u00f1os Rep\u00fablica","og_description":"MONTERREY,NUEVO LE\u00d3N.-- La activista de derechos humanos y defensora de los desaparecidos por cuatro d\u00e9cadas Rosario Ibarra de Piedra muri\u00f3 este s\u00e1bado a En Sonora en Equipo publicamos toda la informaci\u00f3n de Sonora, M\u00e9xico y el Mundo de manera oportuna y busca que la libertad de expresi\u00f3n sea real. Visita nuestro medio informativo publicado desde Hermosillo, Sonora. %","og_url":"https:\/\/www.sonoraenequipo.com.mx\/rosario-ibarra-de-piedra-muere-a-los-95-anos\/","og_site_name":"Sonora en Equipo.","article_publisher":"https:\/\/www.facebook.com\/SonoraEE\/","article_published_time":"2022-04-17T00:35:31+00:00","og_image":[{"width":700,"height":394,"url":"https:\/\/www.sonoraenequipo.com.mx\/storage\/2022\/04\/rosario.jpg","type":"image\/jpeg"}],"author":"Dionisio Estrada","twitter_card":"summary_large_image","twitter_creator":"@sonoraenequipo","twitter_site":"@sonoraenequipo","twitter_misc":{"Escrito por":"Dionisio Estrada","Tiempo de lectura":"3 minutos"},"schema":{"@context":"https:\/\/schema.org","@graph":[{"@type":"Article","@id":"https:\/\/www.sonoraenequipo.com.mx\/rosario-ibarra-de-piedra-muere-a-los-95-anos\/#article","isPartOf":{"@id":"https:\/\/www.sonoraenequipo.com.mx\/rosario-ibarra-de-piedra-muere-a-los-95-anos\/"},"author":{"name":"Dionisio Estrada","@id":"https:\/\/www.sonoraenequipo.com.mx\/#\/schema\/person\/0f77f045cfa5d412273a32be74d5b2f2"},"headline":"Rosario Ibarra de Piedra muere a los 95 a\u00f1os","datePublished":"2022-04-17T00:35:31+00:00","mainEntityOfPage":{"@id":"https:\/\/www.sonoraenequipo.com.mx\/rosario-ibarra-de-piedra-muere-a-los-95-anos\/"},"wordCount":548,"commentCount":0,"publisher":{"@id":"https:\/\/www.sonoraenequipo.com.mx\/#organization"},"image":{"@id":"https:\/\/www.sonoraenequipo.com.mx\/rosario-ibarra-de-piedra-muere-a-los-95-anos\/#primaryimage"},"thumbnailUrl":"https:\/\/www.sonoraenequipo.com.mx\/storage\/2022\/04\/rosario.jpg","keywords":["Rosario Ibarra de Piedra"],"articleSection":["Rep\u00fablica"],"inLanguage":"es","potentialAction":[{"@type":"CommentAction","name":"Comment","target":["https:\/\/www.sonoraenequipo.com.mx\/rosario-ibarra-de-piedra-muere-a-los-95-anos\/#respond"]}]},{"@type":"WebPage","@id":"https:\/\/www.sonoraenequipo.com.mx\/rosario-ibarra-de-piedra-muere-a-los-95-anos\/","url":"https:\/\/www.sonoraenequipo.com.mx\/rosario-ibarra-de-piedra-muere-a-los-95-anos\/","name":"Sonora en Equipo. Rosario Ibarra de Piedra muere a los 95 a\u00f1os Rep\u00fablica","isPartOf":{"@id":"https:\/\/www.sonoraenequipo.com.mx\/#website"},"primaryImageOfPage":{"@id":"https:\/\/www.sonoraenequipo.com.mx\/rosario-ibarra-de-piedra-muere-a-los-95-anos\/#primaryimage"},"image":{"@id":"https:\/\/www.sonoraenequipo.com.mx\/rosario-ibarra-de-piedra-muere-a-los-95-anos\/#primaryimage"},"thumbnailUrl":"https:\/\/www.sonoraenequipo.com.mx\/storage\/2022\/04\/rosario.jpg","datePublished":"2022-04-17T00:35:31+00:00","description":"MONTERREY,NUEVO LE\u00d3N.-- La activista de derechos humanos y defensora de los desaparecidos por cuatro d\u00e9cadas Rosario Ibarra de Piedra muri\u00f3 este s\u00e1bado a En Sonora en Equipo publicamos toda la informaci\u00f3n de Sonora, M\u00e9xico y el Mundo de manera oportuna y busca que la libertad de expresi\u00f3n sea real. Visita nuestro medio informativo publicado desde Hermosillo, Sonora. %","breadcrumb":{"@id":"https:\/\/www.sonoraenequipo.com.mx\/rosario-ibarra-de-piedra-muere-a-los-95-anos\/#breadcrumb"},"inLanguage":"es","potentialAction":[{"@type":"ReadAction","target":["https:\/\/www.sonoraenequipo.com.mx\/rosario-ibarra-de-piedra-muere-a-los-95-anos\/"]}]},{"@type":"ImageObject","inLanguage":"es","@id":"https:\/\/www.sonoraenequipo.com.mx\/rosario-ibarra-de-piedra-muere-a-los-95-anos\/#primaryimage","url":"https:\/\/www.sonoraenequipo.com.mx\/storage\/2022\/04\/rosario.jpg","contentUrl":"https:\/\/www.sonoraenequipo.com.mx\/storage\/2022\/04\/rosario.jpg","width":700,"height":394},{"@type":"BreadcrumbList","@id":"https:\/\/www.sonoraenequipo.com.mx\/rosario-ibarra-de-piedra-muere-a-los-95-anos\/#breadcrumb","itemListElement":[{"@type":"ListItem","position":1,"name":"Portada","item":"https:\/\/www.sonoraenequipo.com.mx\/"},{"@type":"ListItem","position":2,"name":"Rosario Ibarra de Piedra muere a los 95 a\u00f1os"}]},{"@type":"WebSite","@id":"https:\/\/www.sonoraenequipo.com.mx\/#website","url":"https:\/\/www.sonoraenequipo.com.mx\/","name":"Sonora en Equipo.","description":"Diario en l\u00ednea con Noticias desde Hermosillo, Sonora","publisher":{"@id":"https:\/\/www.sonoraenequipo.com.mx\/#organization"},"potentialAction":[{"@type":"SearchAction","target":{"@type":"EntryPoint","urlTemplate":"https:\/\/www.sonoraenequipo.com.mx\/?s={search_term_string}"},"query-input":{"@type":"PropertyValueSpecification","valueRequired":true,"valueName":"search_term_string"}}],"inLanguage":"es"},{"@type":"Organization","@id":"https:\/\/www.sonoraenequipo.com.mx\/#organization","name":"Sonoraenequipo.com.mx","url":"https:\/\/www.sonoraenequipo.com.mx\/","logo":{"@type":"ImageObject","inLanguage":"es","@id":"https:\/\/www.sonoraenequipo.com.mx\/#\/schema\/logo\/image\/","url":"https:\/\/www.sonoraenequipo.com.mx\/storage\/2019\/01\/sonoraenequipo_opt.png","contentUrl":"https:\/\/www.sonoraenequipo.com.mx\/storage\/2019\/01\/sonoraenequipo_opt.png","width":375,"height":125,"caption":"Sonoraenequipo.com.mx"},"image":{"@id":"https:\/\/www.sonoraenequipo.com.mx\/#\/schema\/logo\/image\/"},"sameAs":["https:\/\/www.facebook.com\/SonoraEE\/","https:\/\/x.com\/sonoraenequipo","https:\/\/www.youtube.com\/channel\/UC338nW-lPEYmJQs4ZABQ1SQ"]},{"@type":"Person","@id":"https:\/\/www.sonoraenequipo.com.mx\/#\/schema\/person\/0f77f045cfa5d412273a32be74d5b2f2","name":"Dionisio Estrada","image":{"@type":"ImageObject","inLanguage":"es","@id":"https:\/\/www.sonoraenequipo.com.mx\/#\/schema\/person\/image\/","url":"https:\/\/secure.gravatar.com\/avatar\/73cdb642943186932636839910e38e7e207b5dc721341976549771f10ccb3a23?s=96&d=blank&r=g","contentUrl":"https:\/\/secure.gravatar.com\/avatar\/73cdb642943186932636839910e38e7e207b5dc721341976549771f10ccb3a23?s=96&d=blank&r=g","caption":"Dionisio Estrada"}}]}},"jetpack_featured_media_url":"https:\/\/www.sonoraenequipo.com.mx\/storage\/2022\/04\/rosario.jpg","_links":{"self":[{"href":"https:\/\/www.sonoraenequipo.com.mx\/api\/wp\/v2\/posts\/136797","targetHints":{"allow":["GET"]}}],"collection":[{"href":"https:\/\/www.sonoraenequipo.com.mx\/api\/wp\/v2\/posts"}],"about":[{"href":"https:\/\/www.sonoraenequipo.com.mx\/api\/wp\/v2\/types\/post"}],"author":[{"embeddable":true,"href":"https:\/\/www.sonoraenequipo.com.mx\/api\/wp\/v2\/users\/24"}],"replies":[{"embeddable":true,"href":"https:\/\/www.sonoraenequipo.com.mx\/api\/wp\/v2\/comments?post=136797"}],"version-history":[{"count":1,"href":"https:\/\/www.sonoraenequipo.com.mx\/api\/wp\/v2\/posts\/136797\/revisions"}],"predecessor-version":[{"id":136799,"href":"https:\/\/www.sonoraenequipo.com.mx\/api\/wp\/v2\/posts\/136797\/revisions\/136799"}],"wp:featuredmedia":[{"embeddable":true,"href":"https:\/\/www.sonoraenequipo.com.mx\/api\/wp\/v2\/media\/136798"}],"wp:attachment":[{"href":"https:\/\/www.sonoraenequipo.com.mx\/api\/wp\/v2\/media?parent=136797"}],"wp:term":[{"taxonomy":"category","embeddable":true,"href":"https:\/\/www.sonoraenequipo.com.mx\/api\/wp\/v2\/categories?post=136797"},{"taxonomy":"post_tag","embeddable":true,"href":"https:\/\/www.sonoraenequipo.com.mx\/api\/wp\/v2\/tags?post=136797"}],"curies":[{"name":"wp","href":"https:\/\/api.w.org\/{rel}","templated":true}]}}