{"id":136805,"date":"2022-04-17T13:37:15","date_gmt":"2022-04-17T20:37:15","guid":{"rendered":"https:\/\/www.sonoraenequipo.com.mx\/?p=136805"},"modified":"2022-04-17T13:37:15","modified_gmt":"2022-04-17T20:37:15","slug":"rescatan-a-dos-pescadores-extraviados-frente-a-las-costas-de-huatabampo","status":"publish","type":"post","link":"https:\/\/www.sonoraenequipo.com.mx\/rescatan-a-dos-pescadores-extraviados-frente-a-las-costas-de-huatabampo\/","title":{"rendered":"Rescatan a dos pescadores extraviados frente a las costas de Huatabampo"},"content":{"rendered":"<p><strong>HUATABAMPO, SONORA,MX.<\/strong><strong>\u25ac<\/strong> Gracias a la oportuna intervenci\u00f3n de autoridades estatales y municipales, se logr\u00f3 el rescate de dos pescadores que estaban desaparecidos en la comisar\u00eda de Moroncarit, perteneciente al municipio de Huatabampo.<\/p>\n<p>&nbsp;<\/p>\n<p>Joel Rojas Guzm\u00e1n, encargado de la Zona Sur de la Coordinaci\u00f3n Estatal de Protecci\u00f3n Civil, por instrucciones del titular de esa dependencia, Juan Gonz\u00e1lez Alvarado, se mantuvo en constante contacto con familiares de los pescadores y el due\u00f1o de la lancha extraviada.<\/p>\n<p>&nbsp;<\/p>\n<p>El C5 Navojoa proporcion\u00f3 inmediatamente las coordenadas de los pescadores a la Coordinaci\u00f3n Estatal de Protecci\u00f3n Civil y a la Unidad Municipal de Protecci\u00f3n Civil de Huatabampo, mismos que se coordinaron con varias lanchas de pescadores y familiares que ya se encontraban en altamar buscando a los pescadores.<\/p>\n<p>&nbsp;<\/p>\n<p>Gracias al flujo correcto de informaci\u00f3n con la ubicaci\u00f3n precisa de los pescadores, fueron rescatados oportunamente, luego de estar 24 horas adentrados en el mar y posteriormente fueron atendidos por Cruz Roja, Bomberos y Protecci\u00f3n Civil de Huatabampo, en donde se confirm\u00f3 que no presentaban complicaciones en su salud.<\/p>\n<p><strong>Fecha de Publicaci\u00f3n domingo\/ 17 \/ abril\/ 2022 <\/strong><\/p>\n","protected":false},"excerpt":{"rendered":"<p>HUATABAMPO, SONORA,MX.\u25ac Gracias a la oportuna intervenci\u00f3n de autoridades estatales y municipales, se logr\u00f3 el&#8230;<\/p>\n","protected":false},"author":24,"featured_media":136806,"comment_status":"open","ping_status":"open","sticky":false,"template":"","format":"standard","meta":{"_monsterinsights_skip_tracking":false,"_monsterinsights_sitenote_active":false,"_monsterinsights_sitenote_note":"","_monsterinsights_sitenote_category":0,"footnotes":""},"categories":[22],"tags":[],"class_list":["post"],"yoast_head":" \n<title>Sonora en Equipo. Rescatan a dos pescadores extraviados frente a las costas de Huatabampo Sonora<\/title>\n<meta name=\"description\" content=\"HUATABAMPO, SONORA,MX.\u25ac Gracias a la oportuna intervenci\u00f3n de autoridades estatales y municipales, se logr\u00f3 el rescate de dos pescadores que estaban En Sonora en Equipo publicamos toda la informaci\u00f3n de Sonora, M\u00e9xico y el Mundo de manera oportuna y busca que la libertad de expresi\u00f3n sea real. Visita nuestro medio informativo publicado desde Hermosillo, Sonora. %\" \/>\n<meta name=\"robots\" content=\"index, follow, max-snippet:-1, max-image-preview:large, max-video-preview:-1\" \/>\n<link rel=\"canonical\" href=\"https:\/\/www.sonoraenequipo.com.mx\/rescatan-a-dos-pescadores-extraviados-frente-a-las-costas-de-huatabampo\/\" \/>\n<meta property=\"og:locale\" content=\"es_ES\" \/>\n<meta property=\"og:type\" content=\"article\" \/>\n<meta property=\"og:title\" content=\"Sonora en Equipo. Rescatan a dos pescadores extraviados frente a las costas de Huatabampo Sonora\" \/>\n<meta property=\"og:description\" content=\"HUATABAMPO, SONORA,MX.\u25ac Gracias a la oportuna intervenci\u00f3n de autoridades estatales y municipales, se logr\u00f3 el rescate de dos pescadores que estaban En Sonora en Equipo publicamos toda la informaci\u00f3n de Sonora, M\u00e9xico y el Mundo de manera oportuna y busca que la libertad de expresi\u00f3n sea real. Visita nuestro medio informativo publicado desde Hermosillo, Sonora. %\" \/>\n<meta property=\"og:url\" content=\"https:\/\/www.sonoraenequipo.com.mx\/rescatan-a-dos-pescadores-extraviados-frente-a-las-costas-de-huatabampo\/\" \/>\n<meta property=\"og:site_name\" content=\"Sonora en Equipo.\" \/>\n<meta property=\"article:publisher\" content=\"https:\/\/www.facebook.com\/SonoraEE\/\" \/>\n<meta property=\"article:published_time\" content=\"2022-04-17T20:37:15+00:00\" \/>\n<meta property=\"og:image\" content=\"https:\/\/www.sonoraenequipo.com.mx\/storage\/2022\/04\/panga.jpg\" \/>\n\t<meta property=\"og:image:width\" content=\"700\" \/>\n\t<meta property=\"og:image:height\" content=\"400\" \/>\n\t<meta property=\"og:image:type\" content=\"image\/jpeg\" \/>\n<meta name=\"author\" content=\"Dionisio Estrada\" \/>\n<meta name=\"twitter:card\" content=\"summary_large_image\" \/>\n<meta name=\"twitter:creator\" content=\"@sonoraenequipo\" \/>\n<meta name=\"twitter:site\" content=\"@sonoraenequipo\" \/>\n<meta name=\"twitter:label1\" content=\"Escrito por\" \/>\n\t<meta name=\"twitter:data1\" content=\"Dionisio Estrada\" \/>\n\t<meta name=\"twitter:label2\" content=\"Tiempo de lectura\" \/>\n\t<meta name=\"twitter:data2\" content=\"1 minuto\" \/>\n<script type=\"application\/ld+json\" class=\"yoast-schema-graph\">{\"@context\":\"https:\/\/schema.org\",\"@graph\":[{\"@type\":\"Article\",\"@id\":\"https:\/\/www.sonoraenequipo.com.mx\/rescatan-a-dos-pescadores-extraviados-frente-a-las-costas-de-huatabampo\/#article\",\"isPartOf\":{\"@id\":\"https:\/\/www.sonoraenequipo.com.mx\/rescatan-a-dos-pescadores-extraviados-frente-a-las-costas-de-huatabampo\/\"},\"author\":{\"name\":\"Dionisio Estrada\",\"@id\":\"https:\/\/www.sonoraenequipo.com.mx\/#\/schema\/person\/0f77f045cfa5d412273a32be74d5b2f2\"},\"headline\":\"Rescatan a dos pescadores extraviados frente a las costas de Huatabampo\",\"datePublished\":\"2022-04-17T20:37:15+00:00\",\"mainEntityOfPage\":{\"@id\":\"https:\/\/www.sonoraenequipo.com.mx\/rescatan-a-dos-pescadores-extraviados-frente-a-las-costas-de-huatabampo\/\"},\"wordCount\":204,\"commentCount\":0,\"publisher\":{\"@id\":\"https:\/\/www.sonoraenequipo.com.mx\/#organization\"},\"image\":{\"@id\":\"https:\/\/www.sonoraenequipo.com.mx\/rescatan-a-dos-pescadores-extraviados-frente-a-las-costas-de-huatabampo\/#primaryimage\"},\"thumbnailUrl\":\"https:\/\/www.sonoraenequipo.com.mx\/storage\/2022\/04\/panga.jpg\",\"articleSection\":[\"Sonora\"],\"inLanguage\":\"es\",\"potentialAction\":[{\"@type\":\"CommentAction\",\"name\":\"Comment\",\"target\":[\"https:\/\/www.sonoraenequipo.com.mx\/rescatan-a-dos-pescadores-extraviados-frente-a-las-costas-de-huatabampo\/#respond\"]}]},{\"@type\":\"WebPage\",\"@id\":\"https:\/\/www.sonoraenequipo.com.mx\/rescatan-a-dos-pescadores-extraviados-frente-a-las-costas-de-huatabampo\/\",\"url\":\"https:\/\/www.sonoraenequipo.com.mx\/rescatan-a-dos-pescadores-extraviados-frente-a-las-costas-de-huatabampo\/\",\"name\":\"Sonora en Equipo. Rescatan a dos pescadores extraviados frente a las costas de Huatabampo Sonora\",\"isPartOf\":{\"@id\":\"https:\/\/www.sonoraenequipo.com.mx\/#website\"},\"primaryImageOfPage\":{\"@id\":\"https:\/\/www.sonoraenequipo.com.mx\/rescatan-a-dos-pescadores-extraviados-frente-a-las-costas-de-huatabampo\/#primaryimage\"},\"image\":{\"@id\":\"https:\/\/www.sonoraenequipo.com.mx\/rescatan-a-dos-pescadores-extraviados-frente-a-las-costas-de-huatabampo\/#primaryimage\"},\"thumbnailUrl\":\"https:\/\/www.sonoraenequipo.com.mx\/storage\/2022\/04\/panga.jpg\",\"datePublished\":\"2022-04-17T20:37:15+00:00\",\"description\":\"HUATABAMPO, SONORA,MX.\u25ac Gracias a la oportuna intervenci\u00f3n de autoridades estatales y municipales, se logr\u00f3 el rescate de dos pescadores que estaban En Sonora en Equipo publicamos toda la informaci\u00f3n de Sonora, M\u00e9xico y el Mundo de manera oportuna y busca que la libertad de expresi\u00f3n sea real. Visita nuestro medio informativo publicado desde Hermosillo, Sonora. %\",\"breadcrumb\":{\"@id\":\"https:\/\/www.sonoraenequipo.com.mx\/rescatan-a-dos-pescadores-extraviados-frente-a-las-costas-de-huatabampo\/#breadcrumb\"},\"inLanguage\":\"es\",\"potentialAction\":[{\"@type\":\"ReadAction\",\"target\":[\"https:\/\/www.sonoraenequipo.com.mx\/rescatan-a-dos-pescadores-extraviados-frente-a-las-costas-de-huatabampo\/\"]}]},{\"@type\":\"ImageObject\",\"inLanguage\":\"es\",\"@id\":\"https:\/\/www.sonoraenequipo.com.mx\/rescatan-a-dos-pescadores-extraviados-frente-a-las-costas-de-huatabampo\/#primaryimage\",\"url\":\"https:\/\/www.sonoraenequipo.com.mx\/storage\/2022\/04\/panga.jpg\",\"contentUrl\":\"https:\/\/www.sonoraenequipo.com.mx\/storage\/2022\/04\/panga.jpg\",\"width\":700,\"height\":400,\"caption\":\"Imagen para ilustrar\"},{\"@type\":\"BreadcrumbList\",\"@id\":\"https:\/\/www.sonoraenequipo.com.mx\/rescatan-a-dos-pescadores-extraviados-frente-a-las-costas-de-huatabampo\/#breadcrumb\",\"itemListElement\":[{\"@type\":\"ListItem\",\"position\":1,\"name\":\"Portada\",\"item\":\"https:\/\/www.sonoraenequipo.com.mx\/\"},{\"@type\":\"ListItem\",\"position\":2,\"name\":\"Rescatan a dos pescadores extraviados frente a las costas de Huatabampo\"}]},{\"@type\":\"WebSite\",\"@id\":\"https:\/\/www.sonoraenequipo.com.mx\/#website\",\"url\":\"https:\/\/www.sonoraenequipo.com.mx\/\",\"name\":\"Sonora en Equipo.\",\"description\":\"Diario en l\u00ednea con Noticias desde Hermosillo, Sonora\",\"publisher\":{\"@id\":\"https:\/\/www.sonoraenequipo.com.mx\/#organization\"},\"potentialAction\":[{\"@type\":\"SearchAction\",\"target\":{\"@type\":\"EntryPoint\",\"urlTemplate\":\"https:\/\/www.sonoraenequipo.com.mx\/?s={search_term_string}\"},\"query-input\":{\"@type\":\"PropertyValueSpecification\",\"valueRequired\":true,\"valueName\":\"search_term_string\"}}],\"inLanguage\":\"es\"},{\"@type\":\"Organization\",\"@id\":\"https:\/\/www.sonoraenequipo.com.mx\/#organization\",\"name\":\"Sonoraenequipo.com.mx\",\"url\":\"https:\/\/www.sonoraenequipo.com.mx\/\",\"logo\":{\"@type\":\"ImageObject\",\"inLanguage\":\"es\",\"@id\":\"https:\/\/www.sonoraenequipo.com.mx\/#\/schema\/logo\/image\/\",\"url\":\"https:\/\/www.sonoraenequipo.com.mx\/storage\/2019\/01\/sonoraenequipo_opt.png\",\"contentUrl\":\"https:\/\/www.sonoraenequipo.com.mx\/storage\/2019\/01\/sonoraenequipo_opt.png\",\"width\":375,\"height\":125,\"caption\":\"Sonoraenequipo.com.mx\"},\"image\":{\"@id\":\"https:\/\/www.sonoraenequipo.com.mx\/#\/schema\/logo\/image\/\"},\"sameAs\":[\"https:\/\/www.facebook.com\/SonoraEE\/\",\"https:\/\/x.com\/sonoraenequipo\",\"https:\/\/www.youtube.com\/channel\/UC338nW-lPEYmJQs4ZABQ1SQ\"]},{\"@type\":\"Person\",\"@id\":\"https:\/\/www.sonoraenequipo.com.mx\/#\/schema\/person\/0f77f045cfa5d412273a32be74d5b2f2\",\"name\":\"Dionisio Estrada\",\"image\":{\"@type\":\"ImageObject\",\"inLanguage\":\"es\",\"@id\":\"https:\/\/www.sonoraenequipo.com.mx\/#\/schema\/person\/image\/\",\"url\":\"https:\/\/secure.gravatar.com\/avatar\/73cdb642943186932636839910e38e7e207b5dc721341976549771f10ccb3a23?s=96&d=blank&r=g\",\"contentUrl\":\"https:\/\/secure.gravatar.com\/avatar\/73cdb642943186932636839910e38e7e207b5dc721341976549771f10ccb3a23?s=96&d=blank&r=g\",\"caption\":\"Dionisio Estrada\"}}]}<\/script>\n ","yoast_head_json":{"title":"Sonora en Equipo. Rescatan a dos pescadores extraviados frente a las costas de Huatabampo Sonora","description":"HUATABAMPO, SONORA,MX.\u25ac Gracias a la oportuna intervenci\u00f3n de autoridades estatales y municipales, se logr\u00f3 el rescate de dos pescadores que estaban En Sonora en Equipo publicamos toda la informaci\u00f3n de Sonora, M\u00e9xico y el Mundo de manera oportuna y busca que la libertad de expresi\u00f3n sea real. Visita nuestro medio informativo publicado desde Hermosillo, Sonora. %","robots":{"index":"index","follow":"follow","max-snippet":"max-snippet:-1","max-image-preview":"max-image-preview:large","max-video-preview":"max-video-preview:-1"},"canonical":"https:\/\/www.sonoraenequipo.com.mx\/rescatan-a-dos-pescadores-extraviados-frente-a-las-costas-de-huatabampo\/","og_locale":"es_ES","og_type":"article","og_title":"Sonora en Equipo. Rescatan a dos pescadores extraviados frente a las costas de Huatabampo Sonora","og_description":"HUATABAMPO, SONORA,MX.\u25ac Gracias a la oportuna intervenci\u00f3n de autoridades estatales y municipales, se logr\u00f3 el rescate de dos pescadores que estaban En Sonora en Equipo publicamos toda la informaci\u00f3n de Sonora, M\u00e9xico y el Mundo de manera oportuna y busca que la libertad de expresi\u00f3n sea real. Visita nuestro medio informativo publicado desde Hermosillo, Sonora. %","og_url":"https:\/\/www.sonoraenequipo.com.mx\/rescatan-a-dos-pescadores-extraviados-frente-a-las-costas-de-huatabampo\/","og_site_name":"Sonora en Equipo.","article_publisher":"https:\/\/www.facebook.com\/SonoraEE\/","article_published_time":"2022-04-17T20:37:15+00:00","og_image":[{"width":700,"height":400,"url":"https:\/\/www.sonoraenequipo.com.mx\/storage\/2022\/04\/panga.jpg","type":"image\/jpeg"}],"author":"Dionisio Estrada","twitter_card":"summary_large_image","twitter_creator":"@sonoraenequipo","twitter_site":"@sonoraenequipo","twitter_misc":{"Escrito por":"Dionisio Estrada","Tiempo de lectura":"1 minuto"},"schema":{"@context":"https:\/\/schema.org","@graph":[{"@type":"Article","@id":"https:\/\/www.sonoraenequipo.com.mx\/rescatan-a-dos-pescadores-extraviados-frente-a-las-costas-de-huatabampo\/#article","isPartOf":{"@id":"https:\/\/www.sonoraenequipo.com.mx\/rescatan-a-dos-pescadores-extraviados-frente-a-las-costas-de-huatabampo\/"},"author":{"name":"Dionisio Estrada","@id":"https:\/\/www.sonoraenequipo.com.mx\/#\/schema\/person\/0f77f045cfa5d412273a32be74d5b2f2"},"headline":"Rescatan a dos pescadores extraviados frente a las costas de Huatabampo","datePublished":"2022-04-17T20:37:15+00:00","mainEntityOfPage":{"@id":"https:\/\/www.sonoraenequipo.com.mx\/rescatan-a-dos-pescadores-extraviados-frente-a-las-costas-de-huatabampo\/"},"wordCount":204,"commentCount":0,"publisher":{"@id":"https:\/\/www.sonoraenequipo.com.mx\/#organization"},"image":{"@id":"https:\/\/www.sonoraenequipo.com.mx\/rescatan-a-dos-pescadores-extraviados-frente-a-las-costas-de-huatabampo\/#primaryimage"},"thumbnailUrl":"https:\/\/www.sonoraenequipo.com.mx\/storage\/2022\/04\/panga.jpg","articleSection":["Sonora"],"inLanguage":"es","potentialAction":[{"@type":"CommentAction","name":"Comment","target":["https:\/\/www.sonoraenequipo.com.mx\/rescatan-a-dos-pescadores-extraviados-frente-a-las-costas-de-huatabampo\/#respond"]}]},{"@type":"WebPage","@id":"https:\/\/www.sonoraenequipo.com.mx\/rescatan-a-dos-pescadores-extraviados-frente-a-las-costas-de-huatabampo\/","url":"https:\/\/www.sonoraenequipo.com.mx\/rescatan-a-dos-pescadores-extraviados-frente-a-las-costas-de-huatabampo\/","name":"Sonora en Equipo. Rescatan a dos pescadores extraviados frente a las costas de Huatabampo Sonora","isPartOf":{"@id":"https:\/\/www.sonoraenequipo.com.mx\/#website"},"primaryImageOfPage":{"@id":"https:\/\/www.sonoraenequipo.com.mx\/rescatan-a-dos-pescadores-extraviados-frente-a-las-costas-de-huatabampo\/#primaryimage"},"image":{"@id":"https:\/\/www.sonoraenequipo.com.mx\/rescatan-a-dos-pescadores-extraviados-frente-a-las-costas-de-huatabampo\/#primaryimage"},"thumbnailUrl":"https:\/\/www.sonoraenequipo.com.mx\/storage\/2022\/04\/panga.jpg","datePublished":"2022-04-17T20:37:15+00:00","description":"HUATABAMPO, SONORA,MX.\u25ac Gracias a la oportuna intervenci\u00f3n de autoridades estatales y municipales, se logr\u00f3 el rescate de dos pescadores que estaban En Sonora en Equipo publicamos toda la informaci\u00f3n de Sonora, M\u00e9xico y el Mundo de manera oportuna y busca que la libertad de expresi\u00f3n sea real. Visita nuestro medio informativo publicado desde Hermosillo, Sonora. %","breadcrumb":{"@id":"https:\/\/www.sonoraenequipo.com.mx\/rescatan-a-dos-pescadores-extraviados-frente-a-las-costas-de-huatabampo\/#breadcrumb"},"inLanguage":"es","potentialAction":[{"@type":"ReadAction","target":["https:\/\/www.sonoraenequipo.com.mx\/rescatan-a-dos-pescadores-extraviados-frente-a-las-costas-de-huatabampo\/"]}]},{"@type":"ImageObject","inLanguage":"es","@id":"https:\/\/www.sonoraenequipo.com.mx\/rescatan-a-dos-pescadores-extraviados-frente-a-las-costas-de-huatabampo\/#primaryimage","url":"https:\/\/www.sonoraenequipo.com.mx\/storage\/2022\/04\/panga.jpg","contentUrl":"https:\/\/www.sonoraenequipo.com.mx\/storage\/2022\/04\/panga.jpg","width":700,"height":400,"caption":"Imagen para ilustrar"},{"@type":"BreadcrumbList","@id":"https:\/\/www.sonoraenequipo.com.mx\/rescatan-a-dos-pescadores-extraviados-frente-a-las-costas-de-huatabampo\/#breadcrumb","itemListElement":[{"@type":"ListItem","position":1,"name":"Portada","item":"https:\/\/www.sonoraenequipo.com.mx\/"},{"@type":"ListItem","position":2,"name":"Rescatan a dos pescadores extraviados frente a las costas de Huatabampo"}]},{"@type":"WebSite","@id":"https:\/\/www.sonoraenequipo.com.mx\/#website","url":"https:\/\/www.sonoraenequipo.com.mx\/","name":"Sonora en Equipo.","description":"Diario en l\u00ednea con Noticias desde Hermosillo, Sonora","publisher":{"@id":"https:\/\/www.sonoraenequipo.com.mx\/#organization"},"potentialAction":[{"@type":"SearchAction","target":{"@type":"EntryPoint","urlTemplate":"https:\/\/www.sonoraenequipo.com.mx\/?s={search_term_string}"},"query-input":{"@type":"PropertyValueSpecification","valueRequired":true,"valueName":"search_term_string"}}],"inLanguage":"es"},{"@type":"Organization","@id":"https:\/\/www.sonoraenequipo.com.mx\/#organization","name":"Sonoraenequipo.com.mx","url":"https:\/\/www.sonoraenequipo.com.mx\/","logo":{"@type":"ImageObject","inLanguage":"es","@id":"https:\/\/www.sonoraenequipo.com.mx\/#\/schema\/logo\/image\/","url":"https:\/\/www.sonoraenequipo.com.mx\/storage\/2019\/01\/sonoraenequipo_opt.png","contentUrl":"https:\/\/www.sonoraenequipo.com.mx\/storage\/2019\/01\/sonoraenequipo_opt.png","width":375,"height":125,"caption":"Sonoraenequipo.com.mx"},"image":{"@id":"https:\/\/www.sonoraenequipo.com.mx\/#\/schema\/logo\/image\/"},"sameAs":["https:\/\/www.facebook.com\/SonoraEE\/","https:\/\/x.com\/sonoraenequipo","https:\/\/www.youtube.com\/channel\/UC338nW-lPEYmJQs4ZABQ1SQ"]},{"@type":"Person","@id":"https:\/\/www.sonoraenequipo.com.mx\/#\/schema\/person\/0f77f045cfa5d412273a32be74d5b2f2","name":"Dionisio Estrada","image":{"@type":"ImageObject","inLanguage":"es","@id":"https:\/\/www.sonoraenequipo.com.mx\/#\/schema\/person\/image\/","url":"https:\/\/secure.gravatar.com\/avatar\/73cdb642943186932636839910e38e7e207b5dc721341976549771f10ccb3a23?s=96&d=blank&r=g","contentUrl":"https:\/\/secure.gravatar.com\/avatar\/73cdb642943186932636839910e38e7e207b5dc721341976549771f10ccb3a23?s=96&d=blank&r=g","caption":"Dionisio Estrada"}}]}},"jetpack_featured_media_url":"https:\/\/www.sonoraenequipo.com.mx\/storage\/2022\/04\/panga.jpg","_links":{"self":[{"href":"https:\/\/www.sonoraenequipo.com.mx\/api\/wp\/v2\/posts\/136805","targetHints":{"allow":["GET"]}}],"collection":[{"href":"https:\/\/www.sonoraenequipo.com.mx\/api\/wp\/v2\/posts"}],"about":[{"href":"https:\/\/www.sonoraenequipo.com.mx\/api\/wp\/v2\/types\/post"}],"author":[{"embeddable":true,"href":"https:\/\/www.sonoraenequipo.com.mx\/api\/wp\/v2\/users\/24"}],"replies":[{"embeddable":true,"href":"https:\/\/www.sonoraenequipo.com.mx\/api\/wp\/v2\/comments?post=136805"}],"version-history":[{"count":1,"href":"https:\/\/www.sonoraenequipo.com.mx\/api\/wp\/v2\/posts\/136805\/revisions"}],"predecessor-version":[{"id":136807,"href":"https:\/\/www.sonoraenequipo.com.mx\/api\/wp\/v2\/posts\/136805\/revisions\/136807"}],"wp:featuredmedia":[{"embeddable":true,"href":"https:\/\/www.sonoraenequipo.com.mx\/api\/wp\/v2\/media\/136806"}],"wp:attachment":[{"href":"https:\/\/www.sonoraenequipo.com.mx\/api\/wp\/v2\/media?parent=136805"}],"wp:term":[{"taxonomy":"category","embeddable":true,"href":"https:\/\/www.sonoraenequipo.com.mx\/api\/wp\/v2\/categories?post=136805"},{"taxonomy":"post_tag","embeddable":true,"href":"https:\/\/www.sonoraenequipo.com.mx\/api\/wp\/v2\/tags?post=136805"}],"curies":[{"name":"wp","href":"https:\/\/api.w.org\/{rel}","templated":true}]}}