{"id":136829,"date":"2022-04-16T19:15:18","date_gmt":"2022-04-17T02:15:18","guid":{"rendered":"https:\/\/www.sonoraenequipo.com.mx\/?p=136829"},"modified":"2022-04-17T20:54:12","modified_gmt":"2022-04-18T03:54:12","slug":"reforma-electrica-es-estrategica-para-las-y-los-sonorenses-gobernador-alfonso-durazo","status":"publish","type":"post","link":"https:\/\/www.sonoraenequipo.com.mx\/reforma-electrica-es-estrategica-para-las-y-los-sonorenses-gobernador-alfonso-durazo\/","title":{"rendered":"Reforma El\u00e9ctrica es estrat\u00e9gica para las y los sonorenses: gobernador Alfonso Durazo"},"content":{"rendered":"<p><strong>HERMOSILLO, SONORA. MX. \u2014 <\/strong>La propuesta de Reforma El\u00e9ctrica del presidente Andr\u00e9s Manuel L\u00f3pez Obrador representa un gran beneficio en materia de energ\u00eda para las y los sonorenses, ya que defiende los recursos con los que cuenta el estado y los beneficios que se reciben en verano en materia de subsidios, asever\u00f3 el gobernador Alfonso Durazo Monta\u00f1o.<\/p>\n<p>&nbsp;<\/p>\n<p> <\/p>\n<p>&nbsp;<\/p>\n<p>El mandatario estatal explic\u00f3 que esta reforma le dar\u00e1 sustento a la instituci\u00f3n para mantener los apoyos que reciben las y los sonorenses en sus tarifas por consumo durante el verano, as\u00ed como en los picos de invierno, fortaleciendo de esta manera a la Comisi\u00f3n Federal de Electricidad (CFE).<\/p>\n<p>&nbsp;<\/p>\n<p><em>\u201cPara nosotros, para las y los sonorenses, es fundamental la aprobaci\u00f3n de esta reforma por dos razones: en primer lugar, una CFE fortalecida, que es lo que busca esta reforma, le dar\u00e1 mayor capacidad para sostener los subsidios que recibimos en el estado de Sonora en los picos de verano, subsidios al consumo de energ\u00eda, y en los picos de invierno\u201d<\/em>, indic\u00f3.<\/p>\n<p>&nbsp;<\/p>\n<p>En el tema de la explotaci\u00f3n del litio, el gobernador Durazo Monta\u00f1o a\u00f1adi\u00f3 que esta reforma contempla que este recurso pase a ser parte del patrimonio nacional, como se hizo en el pasado con el petr\u00f3leo, lo que generar\u00eda grandes beneficios en materia de recursos para la entidad.<\/p>\n<p>&nbsp;<\/p>\n<p><em>\u201cEl litio pasar\u00eda a formar parte del patrimonio nacional, en lugar de ser un recurso concesionado, va a formar parte del patrimonio nacional. Nuestro planteamiento al presidente de la Rep\u00fablica, lo he dicho as\u00ed, como en su momento en la \u00e9poca de la bonanza petrolera, estados como Tabasco, Chiapas y Campeche se vieron altamente beneficiados por los recursos generados por la explotaci\u00f3n petrolera, que la explotaci\u00f3n de litio represente para nuestro estado una ventaja econ\u00f3mica similar\u201d,<\/em> se\u00f1al\u00f3.<\/p>\n<p>&nbsp;<\/p>\n<p>&nbsp;<\/p>\n<p>(Publicada el 16\/04\/2022 \/Con informaci\u00f3n de GOBSON 0422-126 )<\/p>\n","protected":false},"excerpt":{"rendered":"<p>HERMOSILLO, SONORA. MX. \u2014 La propuesta de Reforma El\u00e9ctrica del presidente Andr\u00e9s Manuel L\u00f3pez Obrador&#8230;<\/p>\n","protected":false},"author":1,"featured_media":136830,"comment_status":"open","ping_status":"open","sticky":false,"template":"","format":"standard","meta":{"_monsterinsights_skip_tracking":false,"_monsterinsights_sitenote_active":false,"_monsterinsights_sitenote_note":"","_monsterinsights_sitenote_category":0,"footnotes":""},"categories":[22],"tags":[],"class_list":["post"],"yoast_head":" \n<title>Sonora en Equipo. Reforma El\u00e9ctrica es estrat\u00e9gica para las y los sonorenses: gobernador Alfonso Durazo Sonora<\/title>\n<meta name=\"description\" content=\"HERMOSILLO, SONORA. MX. \u2014 La propuesta de Reforma El\u00e9ctrica del presidente Andr\u00e9s Manuel L\u00f3pez Obrador representa un gran beneficio en materia de energ\u00eda En Sonora en Equipo publicamos toda la informaci\u00f3n de Sonora, M\u00e9xico y el Mundo de manera oportuna y busca que la libertad de expresi\u00f3n sea real. Visita nuestro medio informativo publicado desde Hermosillo, Sonora. %\" \/>\n<meta name=\"robots\" content=\"index, follow, max-snippet:-1, max-image-preview:large, max-video-preview:-1\" \/>\n<link rel=\"canonical\" href=\"https:\/\/www.sonoraenequipo.com.mx\/reforma-electrica-es-estrategica-para-las-y-los-sonorenses-gobernador-alfonso-durazo\/\" \/>\n<meta property=\"og:locale\" content=\"es_ES\" \/>\n<meta property=\"og:type\" content=\"article\" \/>\n<meta property=\"og:title\" content=\"Sonora en Equipo. Reforma El\u00e9ctrica es estrat\u00e9gica para las y los sonorenses: gobernador Alfonso Durazo Sonora\" \/>\n<meta property=\"og:description\" content=\"HERMOSILLO, SONORA. MX. \u2014 La propuesta de Reforma El\u00e9ctrica del presidente Andr\u00e9s Manuel L\u00f3pez Obrador representa un gran beneficio en materia de energ\u00eda En Sonora en Equipo publicamos toda la informaci\u00f3n de Sonora, M\u00e9xico y el Mundo de manera oportuna y busca que la libertad de expresi\u00f3n sea real. Visita nuestro medio informativo publicado desde Hermosillo, Sonora. %\" \/>\n<meta property=\"og:url\" content=\"https:\/\/www.sonoraenequipo.com.mx\/reforma-electrica-es-estrategica-para-las-y-los-sonorenses-gobernador-alfonso-durazo\/\" \/>\n<meta property=\"og:site_name\" content=\"Sonora en Equipo.\" \/>\n<meta property=\"article:publisher\" content=\"https:\/\/www.facebook.com\/SonoraEE\/\" \/>\n<meta property=\"article:author\" content=\"https:\/\/www.facebook.com\/SonoraEE\" \/>\n<meta property=\"article:published_time\" content=\"2022-04-17T02:15:18+00:00\" \/>\n<meta property=\"article:modified_time\" content=\"2022-04-18T03:54:12+00:00\" \/>\n<meta property=\"og:image\" content=\"https:\/\/www.sonoraenequipo.com.mx\/storage\/2022\/04\/Alfonso-Durazo-Montano.jpg\" \/>\n\t<meta property=\"og:image:width\" content=\"700\" \/>\n\t<meta property=\"og:image:height\" content=\"400\" \/>\n\t<meta property=\"og:image:type\" content=\"image\/jpeg\" \/>\n<meta name=\"author\" content=\"enequipo\" \/>\n<meta name=\"twitter:card\" content=\"summary_large_image\" \/>\n<meta name=\"twitter:creator\" content=\"@sonoraenequipo\" \/>\n<meta name=\"twitter:site\" content=\"@sonoraenequipo\" \/>\n<meta name=\"twitter:label1\" content=\"Escrito por\" \/>\n\t<meta name=\"twitter:data1\" content=\"enequipo\" \/>\n\t<meta name=\"twitter:label2\" content=\"Tiempo de lectura\" \/>\n\t<meta name=\"twitter:data2\" content=\"2 minutos\" \/>\n<script type=\"application\/ld+json\" class=\"yoast-schema-graph\">{\"@context\":\"https:\/\/schema.org\",\"@graph\":[{\"@type\":\"Article\",\"@id\":\"https:\/\/www.sonoraenequipo.com.mx\/reforma-electrica-es-estrategica-para-las-y-los-sonorenses-gobernador-alfonso-durazo\/#article\",\"isPartOf\":{\"@id\":\"https:\/\/www.sonoraenequipo.com.mx\/reforma-electrica-es-estrategica-para-las-y-los-sonorenses-gobernador-alfonso-durazo\/\"},\"author\":{\"name\":\"enequipo\",\"@id\":\"https:\/\/www.sonoraenequipo.com.mx\/#\/schema\/person\/50102df0fb23a8fa9e8effad8fa81386\"},\"headline\":\"Reforma El\u00e9ctrica es estrat\u00e9gica para las y los sonorenses: gobernador Alfonso Durazo\",\"datePublished\":\"2022-04-17T02:15:18+00:00\",\"dateModified\":\"2022-04-18T03:54:12+00:00\",\"mainEntityOfPage\":{\"@id\":\"https:\/\/www.sonoraenequipo.com.mx\/reforma-electrica-es-estrategica-para-las-y-los-sonorenses-gobernador-alfonso-durazo\/\"},\"wordCount\":341,\"commentCount\":0,\"publisher\":{\"@id\":\"https:\/\/www.sonoraenequipo.com.mx\/#organization\"},\"image\":{\"@id\":\"https:\/\/www.sonoraenequipo.com.mx\/reforma-electrica-es-estrategica-para-las-y-los-sonorenses-gobernador-alfonso-durazo\/#primaryimage\"},\"thumbnailUrl\":\"https:\/\/www.sonoraenequipo.com.mx\/storage\/2022\/04\/Alfonso-Durazo-Montano.jpg\",\"articleSection\":[\"Sonora\"],\"inLanguage\":\"es\",\"potentialAction\":[{\"@type\":\"CommentAction\",\"name\":\"Comment\",\"target\":[\"https:\/\/www.sonoraenequipo.com.mx\/reforma-electrica-es-estrategica-para-las-y-los-sonorenses-gobernador-alfonso-durazo\/#respond\"]}]},{\"@type\":\"WebPage\",\"@id\":\"https:\/\/www.sonoraenequipo.com.mx\/reforma-electrica-es-estrategica-para-las-y-los-sonorenses-gobernador-alfonso-durazo\/\",\"url\":\"https:\/\/www.sonoraenequipo.com.mx\/reforma-electrica-es-estrategica-para-las-y-los-sonorenses-gobernador-alfonso-durazo\/\",\"name\":\"Sonora en Equipo. Reforma El\u00e9ctrica es estrat\u00e9gica para las y los sonorenses: gobernador Alfonso Durazo Sonora\",\"isPartOf\":{\"@id\":\"https:\/\/www.sonoraenequipo.com.mx\/#website\"},\"primaryImageOfPage\":{\"@id\":\"https:\/\/www.sonoraenequipo.com.mx\/reforma-electrica-es-estrategica-para-las-y-los-sonorenses-gobernador-alfonso-durazo\/#primaryimage\"},\"image\":{\"@id\":\"https:\/\/www.sonoraenequipo.com.mx\/reforma-electrica-es-estrategica-para-las-y-los-sonorenses-gobernador-alfonso-durazo\/#primaryimage\"},\"thumbnailUrl\":\"https:\/\/www.sonoraenequipo.com.mx\/storage\/2022\/04\/Alfonso-Durazo-Montano.jpg\",\"datePublished\":\"2022-04-17T02:15:18+00:00\",\"dateModified\":\"2022-04-18T03:54:12+00:00\",\"description\":\"HERMOSILLO, SONORA. MX. \u2014 La propuesta de Reforma El\u00e9ctrica del presidente Andr\u00e9s Manuel L\u00f3pez Obrador representa un gran beneficio en materia de energ\u00eda En Sonora en Equipo publicamos toda la informaci\u00f3n de Sonora, M\u00e9xico y el Mundo de manera oportuna y busca que la libertad de expresi\u00f3n sea real. Visita nuestro medio informativo publicado desde Hermosillo, Sonora. %\",\"breadcrumb\":{\"@id\":\"https:\/\/www.sonoraenequipo.com.mx\/reforma-electrica-es-estrategica-para-las-y-los-sonorenses-gobernador-alfonso-durazo\/#breadcrumb\"},\"inLanguage\":\"es\",\"potentialAction\":[{\"@type\":\"ReadAction\",\"target\":[\"https:\/\/www.sonoraenequipo.com.mx\/reforma-electrica-es-estrategica-para-las-y-los-sonorenses-gobernador-alfonso-durazo\/\"]}]},{\"@type\":\"ImageObject\",\"inLanguage\":\"es\",\"@id\":\"https:\/\/www.sonoraenequipo.com.mx\/reforma-electrica-es-estrategica-para-las-y-los-sonorenses-gobernador-alfonso-durazo\/#primaryimage\",\"url\":\"https:\/\/www.sonoraenequipo.com.mx\/storage\/2022\/04\/Alfonso-Durazo-Montano.jpg\",\"contentUrl\":\"https:\/\/www.sonoraenequipo.com.mx\/storage\/2022\/04\/Alfonso-Durazo-Montano.jpg\",\"width\":700,\"height\":400},{\"@type\":\"BreadcrumbList\",\"@id\":\"https:\/\/www.sonoraenequipo.com.mx\/reforma-electrica-es-estrategica-para-las-y-los-sonorenses-gobernador-alfonso-durazo\/#breadcrumb\",\"itemListElement\":[{\"@type\":\"ListItem\",\"position\":1,\"name\":\"Portada\",\"item\":\"https:\/\/www.sonoraenequipo.com.mx\/\"},{\"@type\":\"ListItem\",\"position\":2,\"name\":\"Reforma El\u00e9ctrica es estrat\u00e9gica para las y los sonorenses: gobernador Alfonso Durazo\"}]},{\"@type\":\"WebSite\",\"@id\":\"https:\/\/www.sonoraenequipo.com.mx\/#website\",\"url\":\"https:\/\/www.sonoraenequipo.com.mx\/\",\"name\":\"Sonora en Equipo.\",\"description\":\"Diario en l\u00ednea con Noticias desde Hermosillo, Sonora\",\"publisher\":{\"@id\":\"https:\/\/www.sonoraenequipo.com.mx\/#organization\"},\"potentialAction\":[{\"@type\":\"SearchAction\",\"target\":{\"@type\":\"EntryPoint\",\"urlTemplate\":\"https:\/\/www.sonoraenequipo.com.mx\/?s={search_term_string}\"},\"query-input\":{\"@type\":\"PropertyValueSpecification\",\"valueRequired\":true,\"valueName\":\"search_term_string\"}}],\"inLanguage\":\"es\"},{\"@type\":\"Organization\",\"@id\":\"https:\/\/www.sonoraenequipo.com.mx\/#organization\",\"name\":\"Sonoraenequipo.com.mx\",\"url\":\"https:\/\/www.sonoraenequipo.com.mx\/\",\"logo\":{\"@type\":\"ImageObject\",\"inLanguage\":\"es\",\"@id\":\"https:\/\/www.sonoraenequipo.com.mx\/#\/schema\/logo\/image\/\",\"url\":\"https:\/\/www.sonoraenequipo.com.mx\/storage\/2019\/01\/sonoraenequipo_opt.png\",\"contentUrl\":\"https:\/\/www.sonoraenequipo.com.mx\/storage\/2019\/01\/sonoraenequipo_opt.png\",\"width\":375,\"height\":125,\"caption\":\"Sonoraenequipo.com.mx\"},\"image\":{\"@id\":\"https:\/\/www.sonoraenequipo.com.mx\/#\/schema\/logo\/image\/\"},\"sameAs\":[\"https:\/\/www.facebook.com\/SonoraEE\/\",\"https:\/\/x.com\/sonoraenequipo\",\"https:\/\/www.youtube.com\/channel\/UC338nW-lPEYmJQs4ZABQ1SQ\"]},{\"@type\":\"Person\",\"@id\":\"https:\/\/www.sonoraenequipo.com.mx\/#\/schema\/person\/50102df0fb23a8fa9e8effad8fa81386\",\"name\":\"enequipo\",\"image\":{\"@type\":\"ImageObject\",\"inLanguage\":\"es\",\"@id\":\"https:\/\/www.sonoraenequipo.com.mx\/#\/schema\/person\/image\/\",\"url\":\"https:\/\/secure.gravatar.com\/avatar\/049821681b589dabc0bc20695993ccebb09f5b5d4d790cd9251b97faac7c652b?s=96&d=blank&r=g\",\"contentUrl\":\"https:\/\/secure.gravatar.com\/avatar\/049821681b589dabc0bc20695993ccebb09f5b5d4d790cd9251b97faac7c652b?s=96&d=blank&r=g\",\"caption\":\"enequipo\"},\"sameAs\":[\"https:\/\/www.facebook.com\/SonoraEE\"]}]}<\/script>\n ","yoast_head_json":{"title":"Sonora en Equipo. Reforma El\u00e9ctrica es estrat\u00e9gica para las y los sonorenses: gobernador Alfonso Durazo Sonora","description":"HERMOSILLO, SONORA. MX. \u2014 La propuesta de Reforma El\u00e9ctrica del presidente Andr\u00e9s Manuel L\u00f3pez Obrador representa un gran beneficio en materia de energ\u00eda En Sonora en Equipo publicamos toda la informaci\u00f3n de Sonora, M\u00e9xico y el Mundo de manera oportuna y busca que la libertad de expresi\u00f3n sea real. Visita nuestro medio informativo publicado desde Hermosillo, Sonora. %","robots":{"index":"index","follow":"follow","max-snippet":"max-snippet:-1","max-image-preview":"max-image-preview:large","max-video-preview":"max-video-preview:-1"},"canonical":"https:\/\/www.sonoraenequipo.com.mx\/reforma-electrica-es-estrategica-para-las-y-los-sonorenses-gobernador-alfonso-durazo\/","og_locale":"es_ES","og_type":"article","og_title":"Sonora en Equipo. Reforma El\u00e9ctrica es estrat\u00e9gica para las y los sonorenses: gobernador Alfonso Durazo Sonora","og_description":"HERMOSILLO, SONORA. MX. \u2014 La propuesta de Reforma El\u00e9ctrica del presidente Andr\u00e9s Manuel L\u00f3pez Obrador representa un gran beneficio en materia de energ\u00eda En Sonora en Equipo publicamos toda la informaci\u00f3n de Sonora, M\u00e9xico y el Mundo de manera oportuna y busca que la libertad de expresi\u00f3n sea real. Visita nuestro medio informativo publicado desde Hermosillo, Sonora. %","og_url":"https:\/\/www.sonoraenequipo.com.mx\/reforma-electrica-es-estrategica-para-las-y-los-sonorenses-gobernador-alfonso-durazo\/","og_site_name":"Sonora en Equipo.","article_publisher":"https:\/\/www.facebook.com\/SonoraEE\/","article_author":"https:\/\/www.facebook.com\/SonoraEE","article_published_time":"2022-04-17T02:15:18+00:00","article_modified_time":"2022-04-18T03:54:12+00:00","og_image":[{"width":700,"height":400,"url":"https:\/\/www.sonoraenequipo.com.mx\/storage\/2022\/04\/Alfonso-Durazo-Montano.jpg","type":"image\/jpeg"}],"author":"enequipo","twitter_card":"summary_large_image","twitter_creator":"@sonoraenequipo","twitter_site":"@sonoraenequipo","twitter_misc":{"Escrito por":"enequipo","Tiempo de lectura":"2 minutos"},"schema":{"@context":"https:\/\/schema.org","@graph":[{"@type":"Article","@id":"https:\/\/www.sonoraenequipo.com.mx\/reforma-electrica-es-estrategica-para-las-y-los-sonorenses-gobernador-alfonso-durazo\/#article","isPartOf":{"@id":"https:\/\/www.sonoraenequipo.com.mx\/reforma-electrica-es-estrategica-para-las-y-los-sonorenses-gobernador-alfonso-durazo\/"},"author":{"name":"enequipo","@id":"https:\/\/www.sonoraenequipo.com.mx\/#\/schema\/person\/50102df0fb23a8fa9e8effad8fa81386"},"headline":"Reforma El\u00e9ctrica es estrat\u00e9gica para las y los sonorenses: gobernador Alfonso Durazo","datePublished":"2022-04-17T02:15:18+00:00","dateModified":"2022-04-18T03:54:12+00:00","mainEntityOfPage":{"@id":"https:\/\/www.sonoraenequipo.com.mx\/reforma-electrica-es-estrategica-para-las-y-los-sonorenses-gobernador-alfonso-durazo\/"},"wordCount":341,"commentCount":0,"publisher":{"@id":"https:\/\/www.sonoraenequipo.com.mx\/#organization"},"image":{"@id":"https:\/\/www.sonoraenequipo.com.mx\/reforma-electrica-es-estrategica-para-las-y-los-sonorenses-gobernador-alfonso-durazo\/#primaryimage"},"thumbnailUrl":"https:\/\/www.sonoraenequipo.com.mx\/storage\/2022\/04\/Alfonso-Durazo-Montano.jpg","articleSection":["Sonora"],"inLanguage":"es","potentialAction":[{"@type":"CommentAction","name":"Comment","target":["https:\/\/www.sonoraenequipo.com.mx\/reforma-electrica-es-estrategica-para-las-y-los-sonorenses-gobernador-alfonso-durazo\/#respond"]}]},{"@type":"WebPage","@id":"https:\/\/www.sonoraenequipo.com.mx\/reforma-electrica-es-estrategica-para-las-y-los-sonorenses-gobernador-alfonso-durazo\/","url":"https:\/\/www.sonoraenequipo.com.mx\/reforma-electrica-es-estrategica-para-las-y-los-sonorenses-gobernador-alfonso-durazo\/","name":"Sonora en Equipo. Reforma El\u00e9ctrica es estrat\u00e9gica para las y los sonorenses: gobernador Alfonso Durazo Sonora","isPartOf":{"@id":"https:\/\/www.sonoraenequipo.com.mx\/#website"},"primaryImageOfPage":{"@id":"https:\/\/www.sonoraenequipo.com.mx\/reforma-electrica-es-estrategica-para-las-y-los-sonorenses-gobernador-alfonso-durazo\/#primaryimage"},"image":{"@id":"https:\/\/www.sonoraenequipo.com.mx\/reforma-electrica-es-estrategica-para-las-y-los-sonorenses-gobernador-alfonso-durazo\/#primaryimage"},"thumbnailUrl":"https:\/\/www.sonoraenequipo.com.mx\/storage\/2022\/04\/Alfonso-Durazo-Montano.jpg","datePublished":"2022-04-17T02:15:18+00:00","dateModified":"2022-04-18T03:54:12+00:00","description":"HERMOSILLO, SONORA. MX. \u2014 La propuesta de Reforma El\u00e9ctrica del presidente Andr\u00e9s Manuel L\u00f3pez Obrador representa un gran beneficio en materia de energ\u00eda En Sonora en Equipo publicamos toda la informaci\u00f3n de Sonora, M\u00e9xico y el Mundo de manera oportuna y busca que la libertad de expresi\u00f3n sea real. Visita nuestro medio informativo publicado desde Hermosillo, Sonora. %","breadcrumb":{"@id":"https:\/\/www.sonoraenequipo.com.mx\/reforma-electrica-es-estrategica-para-las-y-los-sonorenses-gobernador-alfonso-durazo\/#breadcrumb"},"inLanguage":"es","potentialAction":[{"@type":"ReadAction","target":["https:\/\/www.sonoraenequipo.com.mx\/reforma-electrica-es-estrategica-para-las-y-los-sonorenses-gobernador-alfonso-durazo\/"]}]},{"@type":"ImageObject","inLanguage":"es","@id":"https:\/\/www.sonoraenequipo.com.mx\/reforma-electrica-es-estrategica-para-las-y-los-sonorenses-gobernador-alfonso-durazo\/#primaryimage","url":"https:\/\/www.sonoraenequipo.com.mx\/storage\/2022\/04\/Alfonso-Durazo-Montano.jpg","contentUrl":"https:\/\/www.sonoraenequipo.com.mx\/storage\/2022\/04\/Alfonso-Durazo-Montano.jpg","width":700,"height":400},{"@type":"BreadcrumbList","@id":"https:\/\/www.sonoraenequipo.com.mx\/reforma-electrica-es-estrategica-para-las-y-los-sonorenses-gobernador-alfonso-durazo\/#breadcrumb","itemListElement":[{"@type":"ListItem","position":1,"name":"Portada","item":"https:\/\/www.sonoraenequipo.com.mx\/"},{"@type":"ListItem","position":2,"name":"Reforma El\u00e9ctrica es estrat\u00e9gica para las y los sonorenses: gobernador Alfonso Durazo"}]},{"@type":"WebSite","@id":"https:\/\/www.sonoraenequipo.com.mx\/#website","url":"https:\/\/www.sonoraenequipo.com.mx\/","name":"Sonora en Equipo.","description":"Diario en l\u00ednea con Noticias desde Hermosillo, Sonora","publisher":{"@id":"https:\/\/www.sonoraenequipo.com.mx\/#organization"},"potentialAction":[{"@type":"SearchAction","target":{"@type":"EntryPoint","urlTemplate":"https:\/\/www.sonoraenequipo.com.mx\/?s={search_term_string}"},"query-input":{"@type":"PropertyValueSpecification","valueRequired":true,"valueName":"search_term_string"}}],"inLanguage":"es"},{"@type":"Organization","@id":"https:\/\/www.sonoraenequipo.com.mx\/#organization","name":"Sonoraenequipo.com.mx","url":"https:\/\/www.sonoraenequipo.com.mx\/","logo":{"@type":"ImageObject","inLanguage":"es","@id":"https:\/\/www.sonoraenequipo.com.mx\/#\/schema\/logo\/image\/","url":"https:\/\/www.sonoraenequipo.com.mx\/storage\/2019\/01\/sonoraenequipo_opt.png","contentUrl":"https:\/\/www.sonoraenequipo.com.mx\/storage\/2019\/01\/sonoraenequipo_opt.png","width":375,"height":125,"caption":"Sonoraenequipo.com.mx"},"image":{"@id":"https:\/\/www.sonoraenequipo.com.mx\/#\/schema\/logo\/image\/"},"sameAs":["https:\/\/www.facebook.com\/SonoraEE\/","https:\/\/x.com\/sonoraenequipo","https:\/\/www.youtube.com\/channel\/UC338nW-lPEYmJQs4ZABQ1SQ"]},{"@type":"Person","@id":"https:\/\/www.sonoraenequipo.com.mx\/#\/schema\/person\/50102df0fb23a8fa9e8effad8fa81386","name":"enequipo","image":{"@type":"ImageObject","inLanguage":"es","@id":"https:\/\/www.sonoraenequipo.com.mx\/#\/schema\/person\/image\/","url":"https:\/\/secure.gravatar.com\/avatar\/049821681b589dabc0bc20695993ccebb09f5b5d4d790cd9251b97faac7c652b?s=96&d=blank&r=g","contentUrl":"https:\/\/secure.gravatar.com\/avatar\/049821681b589dabc0bc20695993ccebb09f5b5d4d790cd9251b97faac7c652b?s=96&d=blank&r=g","caption":"enequipo"},"sameAs":["https:\/\/www.facebook.com\/SonoraEE"]}]}},"jetpack_featured_media_url":"https:\/\/www.sonoraenequipo.com.mx\/storage\/2022\/04\/Alfonso-Durazo-Montano.jpg","_links":{"self":[{"href":"https:\/\/www.sonoraenequipo.com.mx\/api\/wp\/v2\/posts\/136829","targetHints":{"allow":["GET"]}}],"collection":[{"href":"https:\/\/www.sonoraenequipo.com.mx\/api\/wp\/v2\/posts"}],"about":[{"href":"https:\/\/www.sonoraenequipo.com.mx\/api\/wp\/v2\/types\/post"}],"author":[{"embeddable":true,"href":"https:\/\/www.sonoraenequipo.com.mx\/api\/wp\/v2\/users\/1"}],"replies":[{"embeddable":true,"href":"https:\/\/www.sonoraenequipo.com.mx\/api\/wp\/v2\/comments?post=136829"}],"version-history":[{"count":1,"href":"https:\/\/www.sonoraenequipo.com.mx\/api\/wp\/v2\/posts\/136829\/revisions"}],"predecessor-version":[{"id":136831,"href":"https:\/\/www.sonoraenequipo.com.mx\/api\/wp\/v2\/posts\/136829\/revisions\/136831"}],"wp:featuredmedia":[{"embeddable":true,"href":"https:\/\/www.sonoraenequipo.com.mx\/api\/wp\/v2\/media\/136830"}],"wp:attachment":[{"href":"https:\/\/www.sonoraenequipo.com.mx\/api\/wp\/v2\/media?parent=136829"}],"wp:term":[{"taxonomy":"category","embeddable":true,"href":"https:\/\/www.sonoraenequipo.com.mx\/api\/wp\/v2\/categories?post=136829"},{"taxonomy":"post_tag","embeddable":true,"href":"https:\/\/www.sonoraenequipo.com.mx\/api\/wp\/v2\/tags?post=136829"}],"curies":[{"name":"wp","href":"https:\/\/api.w.org\/{rel}","templated":true}]}}