{"id":136835,"date":"2022-04-17T07:11:12","date_gmt":"2022-04-17T14:11:12","guid":{"rendered":"https:\/\/www.sonoraenequipo.com.mx\/?p=136835"},"modified":"2022-04-17T21:40:39","modified_gmt":"2022-04-18T04:40:39","slug":"hermosillo-resumen-de-acciones-policiales-para-la-seguridad","status":"publish","type":"post","link":"https:\/\/www.sonoraenequipo.com.mx\/hermosillo-resumen-de-acciones-policiales-para-la-seguridad\/","title":{"rendered":"HERMOSILLO.  Resum\u00e9n de acciones policiales para la seguridad"},"content":{"rendered":"<p>Las acciones que se informar\u00f3n el d\u00eda domingo (17.04.2022) son las siguientes:<\/p>\n<p>&nbsp;<\/p>\n<h3><strong>DETENIDOS<\/strong><\/h3>\n<p><strong>ZONA MILITAR. \u2014\u00a0<\/strong> Por el delito de portaci\u00f3n de arma prohibida a las 10:50 horas de ayer, la Polic\u00eda Municipal arrest\u00f3 a Jorge Iv\u00e1n \u00abN\u00bb de 39 a\u00f1os de edad.<\/p>\n<p>&nbsp;<\/p>\n<p>&nbsp;<\/p>\n<p>Al sujeto se le asegur\u00f3 una solera con filo y punta, la cual qued\u00f3 a disposici\u00f3n del Ministerio P\u00fablico correspondiente.<\/p>\n<p>&nbsp;<\/p>\n<p>Fue en las calles Maza de Ju\u00e1rez y De Las Flores, de la colonia Zona 4 Militar, en donde se intercept\u00f3 al individuo para una revisi\u00f3n corporal.<\/p>\n<p>&nbsp;<\/p>\n<p>Al ver la patrulla intent\u00f3 retirarse pero fue impedido por los oficiales municipales, quienes tras encontrarle el arma blanca procedieron al arresto.<\/p>\n<p>&nbsp;<\/p>\n<p>Fraccionamiento Tumocacori .&#8217; En posesi\u00f3n de narc\u00f3tico a las 14:05 horas de ayer , la Polic\u00eda Municipal asegur\u00f3 a Luis Fernando \u00abN\u00bb y \u00c1lvaro Germ\u00e1n \u00abN\u00bb de 21 y 28 a\u00f1os de edad respectivamente.<\/p>\n<p>&nbsp;<\/p>\n<p>La detenci\u00f3n se efectu\u00f3 en las calles S\u00e1ric y Agust\u00edn F. Zamora del fraccionamiento Tumacacori.<\/p>\n<p>&nbsp;<\/p>\n<p>Los oficiales municipales patrullaban el sector cuando vieron sentados en la banqueta a los individuos al parecer consumiendo alguna droga.<\/p>\n<p>Al acercarse los polic\u00edas municipales sorprendieron al par de sujetos consumiendo drogas en un pesado de papel forjado.<\/p>\n<p>Por lo anterior los agentes procedieron a revisarlos encontr\u00e1ndoles siete envoltorios que conten\u00edan hierba verde al parecer marihuana.<\/p>\n<p>&nbsp;<\/p>\n<p><strong>COLONIA SAN LUIS. \u2014 <\/strong>&#8216; Al\u00e1n Eduardo \u00abN\u00bb de 18 a\u00f1os de edad fue arrestado a las 20:00 horas de ayer por el delito de portaci\u00f3n arma blanca en su modalidad de cuchillo, tipo daga.<\/p>\n<p>&nbsp;<\/p>\n<p>La detenci\u00f3n fue en el bulevar Maz\u00f3n L\u00f3pez y la calle San Javier de la colonia San Luis , por donde agentes municipales realizaban recorridos de vigilancia.<\/p>\n<p>&nbsp;<\/p>\n<p>Al percatarse de que un individuo intentaba esconderse optaron por acercarse.En ese momento el sujeto arroja al suelo el arma blanca, por lo que se procedi\u00f3 a su detenci\u00f3n.<\/p>\n<p>&nbsp;<\/p>\n<p><strong>ALTO VALLE. \u2014\u00a0<\/strong> En posesi\u00f3n de una navaja fue aprehendido Raudal \u00abN\u00bb de 40 a\u00f1os de edad a las 20:40 horas de ayer, en el bulevar Progreso y calle Reyes del fraccionamiento Alto Valle.<\/p>\n<p>&nbsp;<\/p>\n<p>Los agentes se trasladaron al fraccionamiento ya que reportaban que en la entrada principal estaba un hombre armado y con actitud agresiva.<\/p>\n<p>&nbsp;<\/p>\n<p>Al circular sobre el bulevar los polic\u00edas vieron al individuo, a quien se le abord\u00f3 y al ser inspeccionado se le localiz\u00f3 el arma blanca ya descrita.<\/p>\n<p>&nbsp;<\/p>\n<p><strong>REFORMA NORTE. \u2014\u00a0<\/strong> Por el delito de allanamiento de morada a las 03:14 horas de hoy la Polic\u00eda de Hermosillo detuvo a Vicente \u00abN\u00bb de 43 a\u00f1os de edad, en la colonia Reforma Norte.<\/p>\n<p>&nbsp;<\/p>\n<p>Los oficiales se dirigieron am domicilio con direcci\u00f3n en 4ta. De Arizona entre Sim\u00f3n Bley y Arizona , a atender un reporte de allanamiento de morada en proceso.<\/p>\n<p>&nbsp;<\/p>\n<p>La reportante les permiti\u00f3 el acceso a la casa para arrestar al individuo, quien se encontraba en el patio posterior intentando entrar.<\/p>\n<p>&nbsp;<\/p>\n<p>La mujer asegur\u00f3 que no era la primera vez que el sujeto se brinca la barda de la vivienda, por lo que los oficiales preventivos entraron para arrestarlo.<\/p>\n<p>&nbsp;<\/p>\n<p>Al verlos el sujeto se sube al techo de la casa y al pretender brincar hacia el techo de un domicilio contiguo fue interceptado por los oficiales y trasladado ante el Ministerio P\u00fablico.<\/p>\n<p>&nbsp;<\/p>\n<h3><strong>ATENCI\u00d3N A EMERGENCIAS<\/strong><\/h3>\n<p>&nbsp;<\/p>\n<p><strong>TASTIOTA. \u2014\u00a0<\/strong> Elementos municipales a las 22:40 horaa de ayer atendieron a una mujer, quien denunci\u00f3 violencia dom\u00e9stica en un domicilio ubicado en la carretera 4 sur kil\u00f3metro 48, en el estero Tastiota.<\/p>\n<p>&nbsp;<\/p>\n<p>Al entrevistarse con la reportante de 32 a\u00f1os de edad, manifest\u00f3 que su t\u00edo lleg\u00f3 a casa de su abuela y le grit\u00f3 que se levantara de la silla donde estaba sentada.<\/p>\n<p>&nbsp;<\/p>\n<p>Narr\u00f3 que cuando le contest\u00f3 que la quitara, su t\u00edo se abalanz\u00f3 sobre ella golpe\u00e1ndola en el hombre izquierdo y para posteriormente amenazarla con una botella de vidrio.<\/p>\n<p>&nbsp;<\/p>\n<p>Los oficiales orientaron a la afectada a poner la denuncia ante el Ministerio P\u00fablico.<\/p>\n<p>&nbsp;<\/p>\n<p><strong>LIBERTAD. \u2014\u00a0<\/strong> Con una navaja fue lesionado a las 20:50 horas de ayer un vecino de la colonia Libertad, en la calle Mazatl\u00e1n.<\/p>\n<p>&nbsp;<\/p>\n<p>El lesionado de 50 a\u00f1os de edad se\u00f1al\u00f3 a un sujeto apodado \u00abEl Pepe\u00bb como quien lo agredi\u00f3 con un arma blanca en la espalda, luego de invitarlo a consumir drogas.<\/p>\n<p>&nbsp;<\/p>\n<p>Personal de la Cruz Roja traslad\u00f3 a un hospital a la v\u00edctima, quien present\u00f3 una herida en la espalda alta de lado izquierdo aproximadamente de tres cent\u00edmetros.<\/p>\n<p>&nbsp;<\/p>\n<p><strong>LLANO VERDE. \u2014\u00a0<\/strong> En una tienda de conveniencia localizada sobre las calles De Los \u00c1ngeles y Quinta Rosa de la colonia Llano Verde a las 21:53 horas de ayer, se report\u00f3 un robo con violencia.<\/p>\n<p>&nbsp;<\/p>\n<p>La afectada describi\u00f3 a los asaltantes vestidos con camisetas caf\u00e9 y negra, quien uno de ellos la amenaz\u00f3 con un arma de fuego.<\/p>\n<p>&nbsp;<\/p>\n<p>El sujeto se apoder\u00f3 de un tel\u00e9fono celular Marca Huawei y del dinero en efectivo, para retirase junto con su c\u00f3mplice hacia el norte del establecimiento.<\/p>\n<p><strong>EJIDO SAN BARTOLO. \u2014\u00a0<\/strong> En un domicilio ubicado en las calles Mezquite y San Miguelito del Ejido San Bartolo a las 21:45 horas de ayer, se atendi\u00f3 reporte de violencia familiar y da\u00f1os.<\/p>\n<p>&nbsp;<\/p>\n<p>La propietaria de la casa da\u00f1ada se\u00f1al\u00f3 a los oficiales que durante una discusi\u00f3n de pareja entre su prima y esposo, dos vidrios de las ventanas de la casa resultaron rotos.<\/p>\n<p>&nbsp;<\/p>\n<p>Indic\u00f3 que el matrimonio se retir\u00f3 por lo que los agentes la orientaron a poner la denuncia por los da\u00f1os ocasionados ante la autoridad correspondiente.<\/p>\n<p>&nbsp;<\/p>\n<p><strong>COLONIA PITIC. \u2014\u00a0<\/strong> A las 21:25 horas la Polic\u00eda de Hermosillo acudi\u00f3 a las calles J. Campoy y Jos\u00e9 Guti\u00e9rrez de la colonia Pitic, tras el reporte del robo de un bolso de mano del interior de un veh\u00edculo.<\/p>\n<p>&nbsp;<\/p>\n<p>La propietaria del carro manifest\u00f3 que al salir de la iglesia se dio cuenta que el cristal posterior estaba quebrado y al revisar se interior se percat\u00f3 que no estaba su bolsa de mano de color negro.<\/p>\n<p>&nbsp;<\/p>\n<p>Se\u00f1al\u00f3 que en el bolso tra\u00eda una cartera que conten\u00eda diversas tarjetas bancarias y documentos.<\/p>\n<p>&nbsp;<\/p>\n<p><strong>PUERTA REAL. \u2014\u00a0 <\/strong>Con golpes confusos en diversas partes del cuerpo result\u00f3 un vecino de la colonia Puerta Real a las 22:05 horas de ayer, en las calles Nacabeva y De las Coras.<\/p>\n<p>&nbsp;<\/p>\n<p>El perjudicado de 35 a\u00f1os de edad, mencion\u00f3 que al estar ingiriendo bebidas alcoh\u00f3licas en ese domicilio, llegaron varias personas a bordo de un carro Honda de color gris.<\/p>\n<p>&nbsp;<\/p>\n<p>Dijo que dchas personas sin motivo lo agredieron con bates y palos de golf en el rostro, espalda y est\u00f3mago, por lo que fue llevado a recibir atenci\u00f3n m\u00e9dica.<\/p>\n<p><strong>PALO VERDE. \u2014\u00a0<\/strong> A las 13:40 horas de ayer se tuvo conocimiento de un hombre herido a golpes en la colonia Palo Verde.<\/p>\n<p>&nbsp;<\/p>\n<p>El afectado de 34 a\u00f1os fue encontrado tirado en las calles A.Armenta y Josefa Ortiz de Dom\u00ednguez, de la colonia en menci\u00f3n.<\/p>\n<p>&nbsp;<\/p>\n<p>Un t\u00edo del lesionado dijo a los oficiales desconocer quien agredi\u00f3 a su sobrino, mismo que present\u00f3 laceraciones en regi\u00f3n cef\u00e1lica.<\/p>\n<p>&nbsp;<\/p>\n<p><strong>LAS LOMAS. \u2014 <\/strong>&#8211; Incendio de casa habitaci\u00f3n se atendi\u00f3 a las 16:50 horas de ayer en la calle Leonardo Da Vinci del fraccionamiento Las Lomas.<\/p>\n<p>&nbsp;<\/p>\n<p>La afectada manifest\u00f3 que renta el domicilio y que al encender unas tablas al intentar apagarlas el fuego se propag\u00f3 a otros objetos posteriormente a una parte de la vivienda.<\/p>\n<p>&nbsp;<\/p>\n<p>&nbsp;<\/p>\n<p>Al no poder sofocar las llamas marc\u00f3 al 911 para solicitar ayuda de los bomberos, quienes lograron controlar el fuego.<\/p>\n<p>&nbsp;<\/p>\n<p><strong>COLONIA CUAHUT\u00c9MOC. \u2014\u00a0<\/strong> Agentes de la Polic\u00eda Preventiva auxiliaron a un taxista al sofocar el fuego de su veh\u00edculo de alquiler en las calles De los Mec\u00e1nicos y Ferrocarrileros de la colonia Cuahut\u00e9moc.<\/p>\n<p>&nbsp;<\/p>\n<p>Eran las 18:42 horas, cuando los oficiales circulaban por las calles en menci\u00f3n vieron que un auto se quemaba por lo que de inmediato ayudaron al conductor a sofocar el fuego.<\/p>\n<p>&nbsp;<\/p>\n<p>Dicho veh\u00edculo de la marca Nissan, l\u00ednea March, color blanco hizo falso contacto con unos cables el\u00e9ctricos provocando el fuego.<\/p>\n<p>&nbsp;<\/p>\n<p><strong>SAHUARO INDECO .\u2014\u00a0<\/strong> En la colonia Sahuaro-Indeco se atendi\u00f3 a las 18:16 horas de ayer reporte de una mujer agredida supuestamente a golpes por su vecina.<\/p>\n<p>&nbsp;<\/p>\n<p>La Polic\u00eda Municipal se dirigi\u00f3 a la avenida siete privada \u00bb F\u00bb, entre las calles Mendoza y Saturnino Campoy, en donde la reportante les indic\u00f3 que fue golpeada por la hija de unos vecinos.<\/p>\n<p>&nbsp;<\/p>\n<p>La se\u00f1ora de 65 a\u00f1os de edad, mencion\u00f3 que la mujer fue a su domicilio a insultarla y golpearla a patadas.<\/p>\n<p>&nbsp;<\/p>\n<p>Vecinos aseguraron a los oficiales que la mujer padece de los nervios y que no hab\u00eda sucedido lo que report\u00f3.<\/p>\n<p>&nbsp;<\/p>\n<p>Sin embargo se le orient\u00f3 a que acudiera a poner la denuncia ante la autoridad investigadora.<\/p>\n<p>&nbsp;<\/p>\n<p><strong>COLONIA EL SAHUARO. \u2014\u00a0<\/strong> La Polic\u00eda Municipal acudi\u00f3 a las 18:50 horas de ayer, a las calles De los Seris y Cabo San Lucas, de la colonia El Sahuaro, en donde reportaron a un hombre acostado en la v\u00eda p\u00fablica.<\/p>\n<p>&nbsp;<\/p>\n<p>Al platicar con la persona de 63 a\u00f1os de edad, les inform\u00f3 que estaba recostado en la calle porque ten\u00eda dolor de cuerpo y de cabeza.<\/p>\n<p>&nbsp;<\/p>\n<p>Los oficiales solicitaron la presencia de la Cruz Roja para el traslado del sexagenario a un nosocomio estatal.<\/p>\n<p><strong>NUEVO HERMOSILLO. \u2014\u00a0<\/strong> A la comandancia de la Polic\u00eda Municipal ubicada en la colonia Nuevo Hermosillo a las 19:59 horas de ayer lleg\u00f3 una mujer para reportar que un perro mordi\u00f3 a su hija de 15 a\u00f1os.<\/p>\n<p>&nbsp;<\/p>\n<p>Cont\u00f3 que momentos antes hab\u00edan llegado a un domicilio en la cerrada Parque Sat\u00e9lite y calle Einstein de la colonia Las Lomas en compa\u00f1\u00eda de su hija, quien al descender intempestivamente fue atacada por un can de color negro en una pierna.<\/p>\n<p>&nbsp;<\/p>\n<p>Los oficiales orientaron a la reportante y dieron aviso al departamento de Canino y Felino.<\/p>\n<p><strong>PALO VERDE. \u2014\u00a0<\/strong> Con un bat fue lesionado un hombre de 53 a\u00f1os a las 17:00 horas de ayer, en la colonia Tirocapes.<\/p>\n<p>&nbsp;<\/p>\n<p>El afectado efectu\u00f3 el reporte al llegar a su domicilio en la colonia Palo Verde, a donde se trasladaron los oficiales municipales.<\/p>\n<p>&nbsp;<\/p>\n<p>La v\u00edctima dijo fue agredido con un bate por un sujeto desconocido y quien le provoc\u00f3 una herida lacerante de dos cent\u00edmetros en el ante brazo izquierdo<\/p>\n<p>&nbsp;<\/p>\n<p><strong>EJIDO MOLINO DE CAMO\u00da. \u2014\u00a0<\/strong> En el Ejido de Camou a las 22:10 horas de ayer se report\u00f3 al 911 da\u00f1os a un domicilio y violencia familiar.<\/p>\n<p>&nbsp;<\/p>\n<p>La perjudicada dijo a los polic\u00edas que su ex esposo lleg\u00f3 a su casa ubicada sobre la carretera a Ures, en el kil\u00f3metro 16 del mencionado Ejido y ocasion\u00f3 da\u00f1os en el cableado el\u00e9ctrico.<\/p>\n<p>&nbsp;<\/p>\n<p>Adem\u00e1s, asegur\u00f3 que con un desarmador la lesion\u00f3 en el antebrazo y mano izquierda para enseguida retirarse de la vivienda.<\/p>\n<p>&nbsp;<\/p>\n<p><strong>LOS JARDINES. \u2014\u00a0<\/strong> Bomberos de Hermosillo acudieron a las 06:00 horas de hoy, a apagar las llamas en una casa ubicada en las calles Miguel Negrete y Sim\u00f3n Bley de la colonia Los Jardines.<\/p>\n<p>&nbsp;<\/p>\n<p>El due\u00f1o de la vivienda dijo a los agentes preventivos que atendieron el reporte que al dormirse dejaron una veladora encendida y fue lo que provoc\u00f3 el incendio.<\/p>\n<p>&nbsp;<\/p>\n<p>(Publicada el 16\/04\/2022<\/p>\n","protected":false},"excerpt":{"rendered":"<p>Las acciones que se informar\u00f3n el d\u00eda domingo (17.04.2022) son las siguientes: &nbsp; DETENIDOS ZONA&#8230;<\/p>\n","protected":false},"author":1,"featured_media":136836,"comment_status":"open","ping_status":"open","sticky":false,"template":"","format":"standard","meta":{"_monsterinsights_skip_tracking":false,"_monsterinsights_sitenote_active":false,"_monsterinsights_sitenote_note":"","_monsterinsights_sitenote_category":0,"footnotes":""},"categories":[3144],"tags":[],"class_list":["post"],"yoast_head":" \n<title>Sonora en Equipo. HERMOSILLO. Resum\u00e9n de acciones policiales para la seguridad Polic\u00edaca<\/title>\n<meta name=\"description\" content=\"Las acciones que se informar\u00f3n el d\u00eda domingo (17.04.2022) son las siguientes: &nbsp; DETENIDOS ZONA MILITAR. \u2014\u00a0 Por el delito de portaci\u00f3n de arma En Sonora en Equipo publicamos toda la informaci\u00f3n de Sonora, M\u00e9xico y el Mundo de manera oportuna y busca que la libertad de expresi\u00f3n sea real. Visita nuestro medio informativo publicado desde Hermosillo, Sonora. %\" \/>\n<meta name=\"robots\" content=\"index, follow, max-snippet:-1, max-image-preview:large, max-video-preview:-1\" \/>\n<link rel=\"canonical\" href=\"https:\/\/www.sonoraenequipo.com.mx\/hermosillo-resumen-de-acciones-policiales-para-la-seguridad\/\" \/>\n<meta property=\"og:locale\" content=\"es_ES\" \/>\n<meta property=\"og:type\" content=\"article\" \/>\n<meta property=\"og:title\" content=\"Sonora en Equipo. HERMOSILLO. Resum\u00e9n de acciones policiales para la seguridad Polic\u00edaca\" \/>\n<meta property=\"og:description\" content=\"Las acciones que se informar\u00f3n el d\u00eda domingo (17.04.2022) son las siguientes: &nbsp; DETENIDOS ZONA MILITAR. \u2014\u00a0 Por el delito de portaci\u00f3n de arma En Sonora en Equipo publicamos toda la informaci\u00f3n de Sonora, M\u00e9xico y el Mundo de manera oportuna y busca que la libertad de expresi\u00f3n sea real. Visita nuestro medio informativo publicado desde Hermosillo, Sonora. %\" \/>\n<meta property=\"og:url\" content=\"https:\/\/www.sonoraenequipo.com.mx\/hermosillo-resumen-de-acciones-policiales-para-la-seguridad\/\" \/>\n<meta property=\"og:site_name\" content=\"Sonora en Equipo.\" \/>\n<meta property=\"article:publisher\" content=\"https:\/\/www.facebook.com\/SonoraEE\/\" \/>\n<meta property=\"article:author\" content=\"https:\/\/www.facebook.com\/SonoraEE\" \/>\n<meta property=\"article:published_time\" content=\"2022-04-17T14:11:12+00:00\" \/>\n<meta property=\"article:modified_time\" content=\"2022-04-18T04:40:39+00:00\" \/>\n<meta property=\"og:image\" content=\"https:\/\/www.sonoraenequipo.com.mx\/storage\/2022\/04\/acciones-policiales-1.jpg\" \/>\n\t<meta property=\"og:image:width\" content=\"700\" \/>\n\t<meta property=\"og:image:height\" content=\"400\" \/>\n\t<meta property=\"og:image:type\" content=\"image\/jpeg\" \/>\n<meta name=\"author\" content=\"enequipo\" \/>\n<meta name=\"twitter:card\" content=\"summary_large_image\" \/>\n<meta name=\"twitter:creator\" content=\"@sonoraenequipo\" \/>\n<meta name=\"twitter:site\" content=\"@sonoraenequipo\" \/>\n<meta name=\"twitter:label1\" content=\"Escrito por\" \/>\n\t<meta name=\"twitter:data1\" content=\"enequipo\" \/>\n\t<meta name=\"twitter:label2\" content=\"Tiempo de lectura\" \/>\n\t<meta name=\"twitter:data2\" content=\"9 minutos\" \/>\n<script type=\"application\/ld+json\" class=\"yoast-schema-graph\">{\"@context\":\"https:\/\/schema.org\",\"@graph\":[{\"@type\":\"Article\",\"@id\":\"https:\/\/www.sonoraenequipo.com.mx\/hermosillo-resumen-de-acciones-policiales-para-la-seguridad\/#article\",\"isPartOf\":{\"@id\":\"https:\/\/www.sonoraenequipo.com.mx\/hermosillo-resumen-de-acciones-policiales-para-la-seguridad\/\"},\"author\":{\"name\":\"enequipo\",\"@id\":\"https:\/\/www.sonoraenequipo.com.mx\/#\/schema\/person\/50102df0fb23a8fa9e8effad8fa81386\"},\"headline\":\"HERMOSILLO. Resum\u00e9n de acciones policiales para la seguridad\",\"datePublished\":\"2022-04-17T14:11:12+00:00\",\"dateModified\":\"2022-04-18T04:40:39+00:00\",\"mainEntityOfPage\":{\"@id\":\"https:\/\/www.sonoraenequipo.com.mx\/hermosillo-resumen-de-acciones-policiales-para-la-seguridad\/\"},\"wordCount\":1938,\"commentCount\":0,\"publisher\":{\"@id\":\"https:\/\/www.sonoraenequipo.com.mx\/#organization\"},\"image\":{\"@id\":\"https:\/\/www.sonoraenequipo.com.mx\/hermosillo-resumen-de-acciones-policiales-para-la-seguridad\/#primaryimage\"},\"thumbnailUrl\":\"https:\/\/www.sonoraenequipo.com.mx\/storage\/2022\/04\/acciones-policiales-1.jpg\",\"articleSection\":[\"Polic\u00edaca\"],\"inLanguage\":\"es\",\"potentialAction\":[{\"@type\":\"CommentAction\",\"name\":\"Comment\",\"target\":[\"https:\/\/www.sonoraenequipo.com.mx\/hermosillo-resumen-de-acciones-policiales-para-la-seguridad\/#respond\"]}]},{\"@type\":\"WebPage\",\"@id\":\"https:\/\/www.sonoraenequipo.com.mx\/hermosillo-resumen-de-acciones-policiales-para-la-seguridad\/\",\"url\":\"https:\/\/www.sonoraenequipo.com.mx\/hermosillo-resumen-de-acciones-policiales-para-la-seguridad\/\",\"name\":\"Sonora en Equipo. HERMOSILLO. Resum\u00e9n de acciones policiales para la seguridad Polic\u00edaca\",\"isPartOf\":{\"@id\":\"https:\/\/www.sonoraenequipo.com.mx\/#website\"},\"primaryImageOfPage\":{\"@id\":\"https:\/\/www.sonoraenequipo.com.mx\/hermosillo-resumen-de-acciones-policiales-para-la-seguridad\/#primaryimage\"},\"image\":{\"@id\":\"https:\/\/www.sonoraenequipo.com.mx\/hermosillo-resumen-de-acciones-policiales-para-la-seguridad\/#primaryimage\"},\"thumbnailUrl\":\"https:\/\/www.sonoraenequipo.com.mx\/storage\/2022\/04\/acciones-policiales-1.jpg\",\"datePublished\":\"2022-04-17T14:11:12+00:00\",\"dateModified\":\"2022-04-18T04:40:39+00:00\",\"description\":\"Las acciones que se informar\u00f3n el d\u00eda domingo (17.04.2022) son las siguientes: &nbsp; DETENIDOS ZONA MILITAR. \u2014\u00a0 Por el delito de portaci\u00f3n de arma En Sonora en Equipo publicamos toda la informaci\u00f3n de Sonora, M\u00e9xico y el Mundo de manera oportuna y busca que la libertad de expresi\u00f3n sea real. Visita nuestro medio informativo publicado desde Hermosillo, Sonora. %\",\"breadcrumb\":{\"@id\":\"https:\/\/www.sonoraenequipo.com.mx\/hermosillo-resumen-de-acciones-policiales-para-la-seguridad\/#breadcrumb\"},\"inLanguage\":\"es\",\"potentialAction\":[{\"@type\":\"ReadAction\",\"target\":[\"https:\/\/www.sonoraenequipo.com.mx\/hermosillo-resumen-de-acciones-policiales-para-la-seguridad\/\"]}]},{\"@type\":\"ImageObject\",\"inLanguage\":\"es\",\"@id\":\"https:\/\/www.sonoraenequipo.com.mx\/hermosillo-resumen-de-acciones-policiales-para-la-seguridad\/#primaryimage\",\"url\":\"https:\/\/www.sonoraenequipo.com.mx\/storage\/2022\/04\/acciones-policiales-1.jpg\",\"contentUrl\":\"https:\/\/www.sonoraenequipo.com.mx\/storage\/2022\/04\/acciones-policiales-1.jpg\",\"width\":700,\"height\":400},{\"@type\":\"BreadcrumbList\",\"@id\":\"https:\/\/www.sonoraenequipo.com.mx\/hermosillo-resumen-de-acciones-policiales-para-la-seguridad\/#breadcrumb\",\"itemListElement\":[{\"@type\":\"ListItem\",\"position\":1,\"name\":\"Portada\",\"item\":\"https:\/\/www.sonoraenequipo.com.mx\/\"},{\"@type\":\"ListItem\",\"position\":2,\"name\":\"HERMOSILLO. Resum\u00e9n de acciones policiales para la seguridad\"}]},{\"@type\":\"WebSite\",\"@id\":\"https:\/\/www.sonoraenequipo.com.mx\/#website\",\"url\":\"https:\/\/www.sonoraenequipo.com.mx\/\",\"name\":\"Sonora en Equipo.\",\"description\":\"Diario en l\u00ednea con Noticias desde Hermosillo, Sonora\",\"publisher\":{\"@id\":\"https:\/\/www.sonoraenequipo.com.mx\/#organization\"},\"potentialAction\":[{\"@type\":\"SearchAction\",\"target\":{\"@type\":\"EntryPoint\",\"urlTemplate\":\"https:\/\/www.sonoraenequipo.com.mx\/?s={search_term_string}\"},\"query-input\":{\"@type\":\"PropertyValueSpecification\",\"valueRequired\":true,\"valueName\":\"search_term_string\"}}],\"inLanguage\":\"es\"},{\"@type\":\"Organization\",\"@id\":\"https:\/\/www.sonoraenequipo.com.mx\/#organization\",\"name\":\"Sonoraenequipo.com.mx\",\"url\":\"https:\/\/www.sonoraenequipo.com.mx\/\",\"logo\":{\"@type\":\"ImageObject\",\"inLanguage\":\"es\",\"@id\":\"https:\/\/www.sonoraenequipo.com.mx\/#\/schema\/logo\/image\/\",\"url\":\"https:\/\/www.sonoraenequipo.com.mx\/storage\/2019\/01\/sonoraenequipo_opt.png\",\"contentUrl\":\"https:\/\/www.sonoraenequipo.com.mx\/storage\/2019\/01\/sonoraenequipo_opt.png\",\"width\":375,\"height\":125,\"caption\":\"Sonoraenequipo.com.mx\"},\"image\":{\"@id\":\"https:\/\/www.sonoraenequipo.com.mx\/#\/schema\/logo\/image\/\"},\"sameAs\":[\"https:\/\/www.facebook.com\/SonoraEE\/\",\"https:\/\/x.com\/sonoraenequipo\",\"https:\/\/www.youtube.com\/channel\/UC338nW-lPEYmJQs4ZABQ1SQ\"]},{\"@type\":\"Person\",\"@id\":\"https:\/\/www.sonoraenequipo.com.mx\/#\/schema\/person\/50102df0fb23a8fa9e8effad8fa81386\",\"name\":\"enequipo\",\"image\":{\"@type\":\"ImageObject\",\"inLanguage\":\"es\",\"@id\":\"https:\/\/www.sonoraenequipo.com.mx\/#\/schema\/person\/image\/\",\"url\":\"https:\/\/secure.gravatar.com\/avatar\/049821681b589dabc0bc20695993ccebb09f5b5d4d790cd9251b97faac7c652b?s=96&d=blank&r=g\",\"contentUrl\":\"https:\/\/secure.gravatar.com\/avatar\/049821681b589dabc0bc20695993ccebb09f5b5d4d790cd9251b97faac7c652b?s=96&d=blank&r=g\",\"caption\":\"enequipo\"},\"sameAs\":[\"https:\/\/www.facebook.com\/SonoraEE\"]}]}<\/script>\n ","yoast_head_json":{"title":"Sonora en Equipo. HERMOSILLO. Resum\u00e9n de acciones policiales para la seguridad Polic\u00edaca","description":"Las acciones que se informar\u00f3n el d\u00eda domingo (17.04.2022) son las siguientes: &nbsp; DETENIDOS ZONA MILITAR. \u2014\u00a0 Por el delito de portaci\u00f3n de arma En Sonora en Equipo publicamos toda la informaci\u00f3n de Sonora, M\u00e9xico y el Mundo de manera oportuna y busca que la libertad de expresi\u00f3n sea real. Visita nuestro medio informativo publicado desde Hermosillo, Sonora. %","robots":{"index":"index","follow":"follow","max-snippet":"max-snippet:-1","max-image-preview":"max-image-preview:large","max-video-preview":"max-video-preview:-1"},"canonical":"https:\/\/www.sonoraenequipo.com.mx\/hermosillo-resumen-de-acciones-policiales-para-la-seguridad\/","og_locale":"es_ES","og_type":"article","og_title":"Sonora en Equipo. HERMOSILLO. Resum\u00e9n de acciones policiales para la seguridad Polic\u00edaca","og_description":"Las acciones que se informar\u00f3n el d\u00eda domingo (17.04.2022) son las siguientes: &nbsp; DETENIDOS ZONA MILITAR. \u2014\u00a0 Por el delito de portaci\u00f3n de arma En Sonora en Equipo publicamos toda la informaci\u00f3n de Sonora, M\u00e9xico y el Mundo de manera oportuna y busca que la libertad de expresi\u00f3n sea real. Visita nuestro medio informativo publicado desde Hermosillo, Sonora. %","og_url":"https:\/\/www.sonoraenequipo.com.mx\/hermosillo-resumen-de-acciones-policiales-para-la-seguridad\/","og_site_name":"Sonora en Equipo.","article_publisher":"https:\/\/www.facebook.com\/SonoraEE\/","article_author":"https:\/\/www.facebook.com\/SonoraEE","article_published_time":"2022-04-17T14:11:12+00:00","article_modified_time":"2022-04-18T04:40:39+00:00","og_image":[{"width":700,"height":400,"url":"https:\/\/www.sonoraenequipo.com.mx\/storage\/2022\/04\/acciones-policiales-1.jpg","type":"image\/jpeg"}],"author":"enequipo","twitter_card":"summary_large_image","twitter_creator":"@sonoraenequipo","twitter_site":"@sonoraenequipo","twitter_misc":{"Escrito por":"enequipo","Tiempo de lectura":"9 minutos"},"schema":{"@context":"https:\/\/schema.org","@graph":[{"@type":"Article","@id":"https:\/\/www.sonoraenequipo.com.mx\/hermosillo-resumen-de-acciones-policiales-para-la-seguridad\/#article","isPartOf":{"@id":"https:\/\/www.sonoraenequipo.com.mx\/hermosillo-resumen-de-acciones-policiales-para-la-seguridad\/"},"author":{"name":"enequipo","@id":"https:\/\/www.sonoraenequipo.com.mx\/#\/schema\/person\/50102df0fb23a8fa9e8effad8fa81386"},"headline":"HERMOSILLO. Resum\u00e9n de acciones policiales para la seguridad","datePublished":"2022-04-17T14:11:12+00:00","dateModified":"2022-04-18T04:40:39+00:00","mainEntityOfPage":{"@id":"https:\/\/www.sonoraenequipo.com.mx\/hermosillo-resumen-de-acciones-policiales-para-la-seguridad\/"},"wordCount":1938,"commentCount":0,"publisher":{"@id":"https:\/\/www.sonoraenequipo.com.mx\/#organization"},"image":{"@id":"https:\/\/www.sonoraenequipo.com.mx\/hermosillo-resumen-de-acciones-policiales-para-la-seguridad\/#primaryimage"},"thumbnailUrl":"https:\/\/www.sonoraenequipo.com.mx\/storage\/2022\/04\/acciones-policiales-1.jpg","articleSection":["Polic\u00edaca"],"inLanguage":"es","potentialAction":[{"@type":"CommentAction","name":"Comment","target":["https:\/\/www.sonoraenequipo.com.mx\/hermosillo-resumen-de-acciones-policiales-para-la-seguridad\/#respond"]}]},{"@type":"WebPage","@id":"https:\/\/www.sonoraenequipo.com.mx\/hermosillo-resumen-de-acciones-policiales-para-la-seguridad\/","url":"https:\/\/www.sonoraenequipo.com.mx\/hermosillo-resumen-de-acciones-policiales-para-la-seguridad\/","name":"Sonora en Equipo. HERMOSILLO. Resum\u00e9n de acciones policiales para la seguridad Polic\u00edaca","isPartOf":{"@id":"https:\/\/www.sonoraenequipo.com.mx\/#website"},"primaryImageOfPage":{"@id":"https:\/\/www.sonoraenequipo.com.mx\/hermosillo-resumen-de-acciones-policiales-para-la-seguridad\/#primaryimage"},"image":{"@id":"https:\/\/www.sonoraenequipo.com.mx\/hermosillo-resumen-de-acciones-policiales-para-la-seguridad\/#primaryimage"},"thumbnailUrl":"https:\/\/www.sonoraenequipo.com.mx\/storage\/2022\/04\/acciones-policiales-1.jpg","datePublished":"2022-04-17T14:11:12+00:00","dateModified":"2022-04-18T04:40:39+00:00","description":"Las acciones que se informar\u00f3n el d\u00eda domingo (17.04.2022) son las siguientes: &nbsp; DETENIDOS ZONA MILITAR. \u2014\u00a0 Por el delito de portaci\u00f3n de arma En Sonora en Equipo publicamos toda la informaci\u00f3n de Sonora, M\u00e9xico y el Mundo de manera oportuna y busca que la libertad de expresi\u00f3n sea real. Visita nuestro medio informativo publicado desde Hermosillo, Sonora. %","breadcrumb":{"@id":"https:\/\/www.sonoraenequipo.com.mx\/hermosillo-resumen-de-acciones-policiales-para-la-seguridad\/#breadcrumb"},"inLanguage":"es","potentialAction":[{"@type":"ReadAction","target":["https:\/\/www.sonoraenequipo.com.mx\/hermosillo-resumen-de-acciones-policiales-para-la-seguridad\/"]}]},{"@type":"ImageObject","inLanguage":"es","@id":"https:\/\/www.sonoraenequipo.com.mx\/hermosillo-resumen-de-acciones-policiales-para-la-seguridad\/#primaryimage","url":"https:\/\/www.sonoraenequipo.com.mx\/storage\/2022\/04\/acciones-policiales-1.jpg","contentUrl":"https:\/\/www.sonoraenequipo.com.mx\/storage\/2022\/04\/acciones-policiales-1.jpg","width":700,"height":400},{"@type":"BreadcrumbList","@id":"https:\/\/www.sonoraenequipo.com.mx\/hermosillo-resumen-de-acciones-policiales-para-la-seguridad\/#breadcrumb","itemListElement":[{"@type":"ListItem","position":1,"name":"Portada","item":"https:\/\/www.sonoraenequipo.com.mx\/"},{"@type":"ListItem","position":2,"name":"HERMOSILLO. Resum\u00e9n de acciones policiales para la seguridad"}]},{"@type":"WebSite","@id":"https:\/\/www.sonoraenequipo.com.mx\/#website","url":"https:\/\/www.sonoraenequipo.com.mx\/","name":"Sonora en Equipo.","description":"Diario en l\u00ednea con Noticias desde Hermosillo, Sonora","publisher":{"@id":"https:\/\/www.sonoraenequipo.com.mx\/#organization"},"potentialAction":[{"@type":"SearchAction","target":{"@type":"EntryPoint","urlTemplate":"https:\/\/www.sonoraenequipo.com.mx\/?s={search_term_string}"},"query-input":{"@type":"PropertyValueSpecification","valueRequired":true,"valueName":"search_term_string"}}],"inLanguage":"es"},{"@type":"Organization","@id":"https:\/\/www.sonoraenequipo.com.mx\/#organization","name":"Sonoraenequipo.com.mx","url":"https:\/\/www.sonoraenequipo.com.mx\/","logo":{"@type":"ImageObject","inLanguage":"es","@id":"https:\/\/www.sonoraenequipo.com.mx\/#\/schema\/logo\/image\/","url":"https:\/\/www.sonoraenequipo.com.mx\/storage\/2019\/01\/sonoraenequipo_opt.png","contentUrl":"https:\/\/www.sonoraenequipo.com.mx\/storage\/2019\/01\/sonoraenequipo_opt.png","width":375,"height":125,"caption":"Sonoraenequipo.com.mx"},"image":{"@id":"https:\/\/www.sonoraenequipo.com.mx\/#\/schema\/logo\/image\/"},"sameAs":["https:\/\/www.facebook.com\/SonoraEE\/","https:\/\/x.com\/sonoraenequipo","https:\/\/www.youtube.com\/channel\/UC338nW-lPEYmJQs4ZABQ1SQ"]},{"@type":"Person","@id":"https:\/\/www.sonoraenequipo.com.mx\/#\/schema\/person\/50102df0fb23a8fa9e8effad8fa81386","name":"enequipo","image":{"@type":"ImageObject","inLanguage":"es","@id":"https:\/\/www.sonoraenequipo.com.mx\/#\/schema\/person\/image\/","url":"https:\/\/secure.gravatar.com\/avatar\/049821681b589dabc0bc20695993ccebb09f5b5d4d790cd9251b97faac7c652b?s=96&d=blank&r=g","contentUrl":"https:\/\/secure.gravatar.com\/avatar\/049821681b589dabc0bc20695993ccebb09f5b5d4d790cd9251b97faac7c652b?s=96&d=blank&r=g","caption":"enequipo"},"sameAs":["https:\/\/www.facebook.com\/SonoraEE"]}]}},"jetpack_featured_media_url":"https:\/\/www.sonoraenequipo.com.mx\/storage\/2022\/04\/acciones-policiales-1.jpg","_links":{"self":[{"href":"https:\/\/www.sonoraenequipo.com.mx\/api\/wp\/v2\/posts\/136835","targetHints":{"allow":["GET"]}}],"collection":[{"href":"https:\/\/www.sonoraenequipo.com.mx\/api\/wp\/v2\/posts"}],"about":[{"href":"https:\/\/www.sonoraenequipo.com.mx\/api\/wp\/v2\/types\/post"}],"author":[{"embeddable":true,"href":"https:\/\/www.sonoraenequipo.com.mx\/api\/wp\/v2\/users\/1"}],"replies":[{"embeddable":true,"href":"https:\/\/www.sonoraenequipo.com.mx\/api\/wp\/v2\/comments?post=136835"}],"version-history":[{"count":1,"href":"https:\/\/www.sonoraenequipo.com.mx\/api\/wp\/v2\/posts\/136835\/revisions"}],"predecessor-version":[{"id":136837,"href":"https:\/\/www.sonoraenequipo.com.mx\/api\/wp\/v2\/posts\/136835\/revisions\/136837"}],"wp:featuredmedia":[{"embeddable":true,"href":"https:\/\/www.sonoraenequipo.com.mx\/api\/wp\/v2\/media\/136836"}],"wp:attachment":[{"href":"https:\/\/www.sonoraenequipo.com.mx\/api\/wp\/v2\/media?parent=136835"}],"wp:term":[{"taxonomy":"category","embeddable":true,"href":"https:\/\/www.sonoraenequipo.com.mx\/api\/wp\/v2\/categories?post=136835"},{"taxonomy":"post_tag","embeddable":true,"href":"https:\/\/www.sonoraenequipo.com.mx\/api\/wp\/v2\/tags?post=136835"}],"curies":[{"name":"wp","href":"https:\/\/api.w.org\/{rel}","templated":true}]}}