{"id":1371,"date":"2015-12-09T13:15:11","date_gmt":"2015-12-09T13:15:11","guid":{"rendered":"http:\/\/www.sonoraenequipo.com.mx\/?p=1371"},"modified":"2015-12-10T13:17:10","modified_gmt":"2015-12-10T13:17:10","slug":"pgr-y-pgje-catean-residencia-de-familiares-de-ex-mandatario-sonorense","status":"publish","type":"post","link":"https:\/\/www.sonoraenequipo.com.mx\/pgr-y-pgje-catean-residencia-de-familiares-de-ex-mandatario-sonorense\/","title":{"rendered":"PGR Y PGJE catean residencia de familiares de ex mandatario sonorense"},"content":{"rendered":"<p>09122015.HERMOSILLO, SONORA.MX.\u2014 Personal de la Procuradur\u00eda de Justicia de Sonora, llev\u00f3 a cabo un cateo en un domicilio del exclusivo fraccionamiento Los Lagos, de Hermosillo, Sonora. <\/p>\n<p>La revisi\u00f3n de la vivienda se realiz\u00f3 en la cerrada del ruise\u00f1or n\u00famero 307, propiedad de Jos\u00e9 Dagnino Escoboza, quien es primo de la esposa del ex gobernador de Sonora, Guillermo Padr\u00e9s El\u00edas.<\/p>\n<p>Peritos de la Procuradur\u00eda de Justicia de Sonora revisaron palmo a palmo esta vivienda de dos plantas, asimismo, una camioneta de lujo y una motocicleta, las cuales fueron trasladadas en una gr\u00faa a las oficinas de servicios periciales.<\/p>\n<p>El agente del ministerio p\u00fablico especial, Mario Dom\u00ednguez T\u00f3nix, traslad\u00f3 a sus oficinas el contenido de dos bolsas de pl\u00e1stico de color negro, donde se apreciaban varios objetos, as\u00ed como un f\u00f3lder con varios documentos encontrados en el interior.<\/p>\n<p>La diligencia llev\u00f3 poco m\u00e1s de una hora y en donde llegaron un par de abogados de la familia Dagnino, pero les pidieron se retiraran del sitio.<\/p>\n<p>Tambi\u00e9n arrib\u00f3 una joven trabajadora dom\u00e9stica a quien le hicieron preguntas al respecto y dijo que ella solo iba y aseaba la casa y luego se retiraba.<\/p>\n<p>Trascendi\u00f3 que otro agente del ministerio p\u00fablico de la misma Procuradur\u00eda de Justicia del Estado, realiz\u00f3 otros cateos en al menos 3 colonias de Hermosillo, en propiedades de la familia Padr\u00e9s y Dagnino.<\/p>\n<p>La Procuradur\u00eda General de Justicia se\u00f1al\u00f3 que sigue abierta la averiguaci\u00f3n en el caso del trabajador del ex gobernador de Sonora, Guillermo Padr\u00e9s quien fue detenido en posesi\u00f3n de m\u00e1s de 3 millones y medio de pesos, por lo que continuar\u00e1n los cateos en este caso.<\/p>\n","protected":false},"excerpt":{"rendered":"<p>09122015.HERMOSILLO, SONORA.MX.\u2014 Personal de la Procuradur\u00eda de Justicia de Sonora, llev\u00f3 a cabo un cateo&#8230;<\/p>\n","protected":false},"author":1,"featured_media":0,"comment_status":"open","ping_status":"open","sticky":false,"template":"","format":"standard","meta":{"_monsterinsights_skip_tracking":false,"_monsterinsights_sitenote_active":false,"_monsterinsights_sitenote_note":"","_monsterinsights_sitenote_category":0,"footnotes":""},"categories":[13,4],"tags":[278,502,228,1216],"class_list":["post"],"yoast_head":" \n<title>Sonora en Equipo. PGR Y PGJE catean residencia de familiares de ex mandatario sonorense<\/title>\n<meta name=\"description\" content=\"09122015.HERMOSILLO, SONORA.MX.\u2014 Personal de la Procuradur\u00eda de Justicia de Sonora, llev\u00f3 a cabo un cateo en un domicilio del exclusivo fraccionamiento En Sonora en Equipo publicamos toda la informaci\u00f3n de Sonora, M\u00e9xico y el Mundo de manera oportuna y busca que la libertad de expresi\u00f3n sea real. Visita nuestro medio informativo publicado desde Hermosillo, Sonora. %\" \/>\n<meta name=\"robots\" content=\"index, follow, max-snippet:-1, max-image-preview:large, max-video-preview:-1\" \/>\n<link rel=\"canonical\" href=\"https:\/\/www.sonoraenequipo.com.mx\/pgr-y-pgje-catean-residencia-de-familiares-de-ex-mandatario-sonorense\/\" \/>\n<meta property=\"og:locale\" content=\"es_ES\" \/>\n<meta property=\"og:type\" content=\"article\" \/>\n<meta property=\"og:title\" content=\"Sonora en Equipo. PGR Y PGJE catean residencia de familiares de ex mandatario sonorense\" \/>\n<meta property=\"og:description\" content=\"09122015.HERMOSILLO, SONORA.MX.\u2014 Personal de la Procuradur\u00eda de Justicia de Sonora, llev\u00f3 a cabo un cateo en un domicilio del exclusivo fraccionamiento En Sonora en Equipo publicamos toda la informaci\u00f3n de Sonora, M\u00e9xico y el Mundo de manera oportuna y busca que la libertad de expresi\u00f3n sea real. Visita nuestro medio informativo publicado desde Hermosillo, Sonora. %\" \/>\n<meta property=\"og:url\" content=\"https:\/\/www.sonoraenequipo.com.mx\/pgr-y-pgje-catean-residencia-de-familiares-de-ex-mandatario-sonorense\/\" \/>\n<meta property=\"og:site_name\" content=\"Sonora en Equipo.\" \/>\n<meta property=\"article:publisher\" content=\"https:\/\/www.facebook.com\/SonoraEE\/\" \/>\n<meta property=\"article:author\" content=\"https:\/\/www.facebook.com\/SonoraEE\" \/>\n<meta property=\"article:published_time\" content=\"2015-12-09T13:15:11+00:00\" \/>\n<meta property=\"article:modified_time\" content=\"2015-12-10T13:17:10+00:00\" \/>\n<meta name=\"author\" content=\"enequipo\" \/>\n<meta name=\"twitter:card\" content=\"summary_large_image\" \/>\n<meta name=\"twitter:creator\" content=\"@sonoraenequipo\" \/>\n<meta name=\"twitter:site\" content=\"@sonoraenequipo\" \/>\n<meta name=\"twitter:label1\" content=\"Escrito por\" \/>\n\t<meta name=\"twitter:data1\" content=\"enequipo\" \/>\n\t<meta name=\"twitter:label2\" content=\"Tiempo de lectura\" \/>\n\t<meta name=\"twitter:data2\" content=\"1 minuto\" \/>\n<script type=\"application\/ld+json\" class=\"yoast-schema-graph\">{\"@context\":\"https:\/\/schema.org\",\"@graph\":[{\"@type\":\"Article\",\"@id\":\"https:\/\/www.sonoraenequipo.com.mx\/pgr-y-pgje-catean-residencia-de-familiares-de-ex-mandatario-sonorense\/#article\",\"isPartOf\":{\"@id\":\"https:\/\/www.sonoraenequipo.com.mx\/pgr-y-pgje-catean-residencia-de-familiares-de-ex-mandatario-sonorense\/\"},\"author\":{\"name\":\"enequipo\",\"@id\":\"https:\/\/www.sonoraenequipo.com.mx\/#\/schema\/person\/50102df0fb23a8fa9e8effad8fa81386\"},\"headline\":\"PGR Y PGJE catean residencia de familiares de ex mandatario sonorense\",\"datePublished\":\"2015-12-09T13:15:11+00:00\",\"dateModified\":\"2015-12-10T13:17:10+00:00\",\"mainEntityOfPage\":{\"@id\":\"https:\/\/www.sonoraenequipo.com.mx\/pgr-y-pgje-catean-residencia-de-familiares-de-ex-mandatario-sonorense\/\"},\"wordCount\":304,\"commentCount\":0,\"publisher\":{\"@id\":\"https:\/\/www.sonoraenequipo.com.mx\/#organization\"},\"keywords\":[\"Corrupci\u00f3n\",\"Guillermo Padr\u00e9s El\u00edas\",\"PGR\",\"ROBOS EN SONORA\"],\"articleSection\":[\"Destacadas\",\"Municipios\"],\"inLanguage\":\"es\",\"potentialAction\":[{\"@type\":\"CommentAction\",\"name\":\"Comment\",\"target\":[\"https:\/\/www.sonoraenequipo.com.mx\/pgr-y-pgje-catean-residencia-de-familiares-de-ex-mandatario-sonorense\/#respond\"]}]},{\"@type\":\"WebPage\",\"@id\":\"https:\/\/www.sonoraenequipo.com.mx\/pgr-y-pgje-catean-residencia-de-familiares-de-ex-mandatario-sonorense\/\",\"url\":\"https:\/\/www.sonoraenequipo.com.mx\/pgr-y-pgje-catean-residencia-de-familiares-de-ex-mandatario-sonorense\/\",\"name\":\"Sonora en Equipo. PGR Y PGJE catean residencia de familiares de ex mandatario sonorense\",\"isPartOf\":{\"@id\":\"https:\/\/www.sonoraenequipo.com.mx\/#website\"},\"datePublished\":\"2015-12-09T13:15:11+00:00\",\"dateModified\":\"2015-12-10T13:17:10+00:00\",\"description\":\"09122015.HERMOSILLO, SONORA.MX.\u2014 Personal de la Procuradur\u00eda de Justicia de Sonora, llev\u00f3 a cabo un cateo en un domicilio del exclusivo fraccionamiento En Sonora en Equipo publicamos toda la informaci\u00f3n de Sonora, M\u00e9xico y el Mundo de manera oportuna y busca que la libertad de expresi\u00f3n sea real. Visita nuestro medio informativo publicado desde Hermosillo, Sonora. %\",\"breadcrumb\":{\"@id\":\"https:\/\/www.sonoraenequipo.com.mx\/pgr-y-pgje-catean-residencia-de-familiares-de-ex-mandatario-sonorense\/#breadcrumb\"},\"inLanguage\":\"es\",\"potentialAction\":[{\"@type\":\"ReadAction\",\"target\":[\"https:\/\/www.sonoraenequipo.com.mx\/pgr-y-pgje-catean-residencia-de-familiares-de-ex-mandatario-sonorense\/\"]}]},{\"@type\":\"BreadcrumbList\",\"@id\":\"https:\/\/www.sonoraenequipo.com.mx\/pgr-y-pgje-catean-residencia-de-familiares-de-ex-mandatario-sonorense\/#breadcrumb\",\"itemListElement\":[{\"@type\":\"ListItem\",\"position\":1,\"name\":\"Portada\",\"item\":\"https:\/\/www.sonoraenequipo.com.mx\/\"},{\"@type\":\"ListItem\",\"position\":2,\"name\":\"PGR Y PGJE catean residencia de familiares de ex mandatario sonorense\"}]},{\"@type\":\"WebSite\",\"@id\":\"https:\/\/www.sonoraenequipo.com.mx\/#website\",\"url\":\"https:\/\/www.sonoraenequipo.com.mx\/\",\"name\":\"Sonora en Equipo.\",\"description\":\"Diario en l\u00ednea con Noticias desde Hermosillo, Sonora\",\"publisher\":{\"@id\":\"https:\/\/www.sonoraenequipo.com.mx\/#organization\"},\"potentialAction\":[{\"@type\":\"SearchAction\",\"target\":{\"@type\":\"EntryPoint\",\"urlTemplate\":\"https:\/\/www.sonoraenequipo.com.mx\/?s={search_term_string}\"},\"query-input\":{\"@type\":\"PropertyValueSpecification\",\"valueRequired\":true,\"valueName\":\"search_term_string\"}}],\"inLanguage\":\"es\"},{\"@type\":\"Organization\",\"@id\":\"https:\/\/www.sonoraenequipo.com.mx\/#organization\",\"name\":\"Sonoraenequipo.com.mx\",\"url\":\"https:\/\/www.sonoraenequipo.com.mx\/\",\"logo\":{\"@type\":\"ImageObject\",\"inLanguage\":\"es\",\"@id\":\"https:\/\/www.sonoraenequipo.com.mx\/#\/schema\/logo\/image\/\",\"url\":\"https:\/\/www.sonoraenequipo.com.mx\/storage\/2019\/01\/sonoraenequipo_opt.png\",\"contentUrl\":\"https:\/\/www.sonoraenequipo.com.mx\/storage\/2019\/01\/sonoraenequipo_opt.png\",\"width\":375,\"height\":125,\"caption\":\"Sonoraenequipo.com.mx\"},\"image\":{\"@id\":\"https:\/\/www.sonoraenequipo.com.mx\/#\/schema\/logo\/image\/\"},\"sameAs\":[\"https:\/\/www.facebook.com\/SonoraEE\/\",\"https:\/\/x.com\/sonoraenequipo\",\"https:\/\/www.youtube.com\/channel\/UC338nW-lPEYmJQs4ZABQ1SQ\"]},{\"@type\":\"Person\",\"@id\":\"https:\/\/www.sonoraenequipo.com.mx\/#\/schema\/person\/50102df0fb23a8fa9e8effad8fa81386\",\"name\":\"enequipo\",\"image\":{\"@type\":\"ImageObject\",\"inLanguage\":\"es\",\"@id\":\"https:\/\/www.sonoraenequipo.com.mx\/#\/schema\/person\/image\/\",\"url\":\"https:\/\/secure.gravatar.com\/avatar\/049821681b589dabc0bc20695993ccebb09f5b5d4d790cd9251b97faac7c652b?s=96&d=blank&r=g\",\"contentUrl\":\"https:\/\/secure.gravatar.com\/avatar\/049821681b589dabc0bc20695993ccebb09f5b5d4d790cd9251b97faac7c652b?s=96&d=blank&r=g\",\"caption\":\"enequipo\"},\"sameAs\":[\"https:\/\/www.facebook.com\/SonoraEE\"]}]}<\/script>\n ","yoast_head_json":{"title":"Sonora en Equipo. PGR Y PGJE catean residencia de familiares de ex mandatario sonorense","description":"09122015.HERMOSILLO, SONORA.MX.\u2014 Personal de la Procuradur\u00eda de Justicia de Sonora, llev\u00f3 a cabo un cateo en un domicilio del exclusivo fraccionamiento En Sonora en Equipo publicamos toda la informaci\u00f3n de Sonora, M\u00e9xico y el Mundo de manera oportuna y busca que la libertad de expresi\u00f3n sea real. Visita nuestro medio informativo publicado desde Hermosillo, Sonora. %","robots":{"index":"index","follow":"follow","max-snippet":"max-snippet:-1","max-image-preview":"max-image-preview:large","max-video-preview":"max-video-preview:-1"},"canonical":"https:\/\/www.sonoraenequipo.com.mx\/pgr-y-pgje-catean-residencia-de-familiares-de-ex-mandatario-sonorense\/","og_locale":"es_ES","og_type":"article","og_title":"Sonora en Equipo. PGR Y PGJE catean residencia de familiares de ex mandatario sonorense","og_description":"09122015.HERMOSILLO, SONORA.MX.\u2014 Personal de la Procuradur\u00eda de Justicia de Sonora, llev\u00f3 a cabo un cateo en un domicilio del exclusivo fraccionamiento En Sonora en Equipo publicamos toda la informaci\u00f3n de Sonora, M\u00e9xico y el Mundo de manera oportuna y busca que la libertad de expresi\u00f3n sea real. Visita nuestro medio informativo publicado desde Hermosillo, Sonora. %","og_url":"https:\/\/www.sonoraenequipo.com.mx\/pgr-y-pgje-catean-residencia-de-familiares-de-ex-mandatario-sonorense\/","og_site_name":"Sonora en Equipo.","article_publisher":"https:\/\/www.facebook.com\/SonoraEE\/","article_author":"https:\/\/www.facebook.com\/SonoraEE","article_published_time":"2015-12-09T13:15:11+00:00","article_modified_time":"2015-12-10T13:17:10+00:00","author":"enequipo","twitter_card":"summary_large_image","twitter_creator":"@sonoraenequipo","twitter_site":"@sonoraenequipo","twitter_misc":{"Escrito por":"enequipo","Tiempo de lectura":"1 minuto"},"schema":{"@context":"https:\/\/schema.org","@graph":[{"@type":"Article","@id":"https:\/\/www.sonoraenequipo.com.mx\/pgr-y-pgje-catean-residencia-de-familiares-de-ex-mandatario-sonorense\/#article","isPartOf":{"@id":"https:\/\/www.sonoraenequipo.com.mx\/pgr-y-pgje-catean-residencia-de-familiares-de-ex-mandatario-sonorense\/"},"author":{"name":"enequipo","@id":"https:\/\/www.sonoraenequipo.com.mx\/#\/schema\/person\/50102df0fb23a8fa9e8effad8fa81386"},"headline":"PGR Y PGJE catean residencia de familiares de ex mandatario sonorense","datePublished":"2015-12-09T13:15:11+00:00","dateModified":"2015-12-10T13:17:10+00:00","mainEntityOfPage":{"@id":"https:\/\/www.sonoraenequipo.com.mx\/pgr-y-pgje-catean-residencia-de-familiares-de-ex-mandatario-sonorense\/"},"wordCount":304,"commentCount":0,"publisher":{"@id":"https:\/\/www.sonoraenequipo.com.mx\/#organization"},"keywords":["Corrupci\u00f3n","Guillermo Padr\u00e9s El\u00edas","PGR","ROBOS EN SONORA"],"articleSection":["Destacadas","Municipios"],"inLanguage":"es","potentialAction":[{"@type":"CommentAction","name":"Comment","target":["https:\/\/www.sonoraenequipo.com.mx\/pgr-y-pgje-catean-residencia-de-familiares-de-ex-mandatario-sonorense\/#respond"]}]},{"@type":"WebPage","@id":"https:\/\/www.sonoraenequipo.com.mx\/pgr-y-pgje-catean-residencia-de-familiares-de-ex-mandatario-sonorense\/","url":"https:\/\/www.sonoraenequipo.com.mx\/pgr-y-pgje-catean-residencia-de-familiares-de-ex-mandatario-sonorense\/","name":"Sonora en Equipo. PGR Y PGJE catean residencia de familiares de ex mandatario sonorense","isPartOf":{"@id":"https:\/\/www.sonoraenequipo.com.mx\/#website"},"datePublished":"2015-12-09T13:15:11+00:00","dateModified":"2015-12-10T13:17:10+00:00","description":"09122015.HERMOSILLO, SONORA.MX.\u2014 Personal de la Procuradur\u00eda de Justicia de Sonora, llev\u00f3 a cabo un cateo en un domicilio del exclusivo fraccionamiento En Sonora en Equipo publicamos toda la informaci\u00f3n de Sonora, M\u00e9xico y el Mundo de manera oportuna y busca que la libertad de expresi\u00f3n sea real. Visita nuestro medio informativo publicado desde Hermosillo, Sonora. %","breadcrumb":{"@id":"https:\/\/www.sonoraenequipo.com.mx\/pgr-y-pgje-catean-residencia-de-familiares-de-ex-mandatario-sonorense\/#breadcrumb"},"inLanguage":"es","potentialAction":[{"@type":"ReadAction","target":["https:\/\/www.sonoraenequipo.com.mx\/pgr-y-pgje-catean-residencia-de-familiares-de-ex-mandatario-sonorense\/"]}]},{"@type":"BreadcrumbList","@id":"https:\/\/www.sonoraenequipo.com.mx\/pgr-y-pgje-catean-residencia-de-familiares-de-ex-mandatario-sonorense\/#breadcrumb","itemListElement":[{"@type":"ListItem","position":1,"name":"Portada","item":"https:\/\/www.sonoraenequipo.com.mx\/"},{"@type":"ListItem","position":2,"name":"PGR Y PGJE catean residencia de familiares de ex mandatario sonorense"}]},{"@type":"WebSite","@id":"https:\/\/www.sonoraenequipo.com.mx\/#website","url":"https:\/\/www.sonoraenequipo.com.mx\/","name":"Sonora en Equipo.","description":"Diario en l\u00ednea con Noticias desde Hermosillo, Sonora","publisher":{"@id":"https:\/\/www.sonoraenequipo.com.mx\/#organization"},"potentialAction":[{"@type":"SearchAction","target":{"@type":"EntryPoint","urlTemplate":"https:\/\/www.sonoraenequipo.com.mx\/?s={search_term_string}"},"query-input":{"@type":"PropertyValueSpecification","valueRequired":true,"valueName":"search_term_string"}}],"inLanguage":"es"},{"@type":"Organization","@id":"https:\/\/www.sonoraenequipo.com.mx\/#organization","name":"Sonoraenequipo.com.mx","url":"https:\/\/www.sonoraenequipo.com.mx\/","logo":{"@type":"ImageObject","inLanguage":"es","@id":"https:\/\/www.sonoraenequipo.com.mx\/#\/schema\/logo\/image\/","url":"https:\/\/www.sonoraenequipo.com.mx\/storage\/2019\/01\/sonoraenequipo_opt.png","contentUrl":"https:\/\/www.sonoraenequipo.com.mx\/storage\/2019\/01\/sonoraenequipo_opt.png","width":375,"height":125,"caption":"Sonoraenequipo.com.mx"},"image":{"@id":"https:\/\/www.sonoraenequipo.com.mx\/#\/schema\/logo\/image\/"},"sameAs":["https:\/\/www.facebook.com\/SonoraEE\/","https:\/\/x.com\/sonoraenequipo","https:\/\/www.youtube.com\/channel\/UC338nW-lPEYmJQs4ZABQ1SQ"]},{"@type":"Person","@id":"https:\/\/www.sonoraenequipo.com.mx\/#\/schema\/person\/50102df0fb23a8fa9e8effad8fa81386","name":"enequipo","image":{"@type":"ImageObject","inLanguage":"es","@id":"https:\/\/www.sonoraenequipo.com.mx\/#\/schema\/person\/image\/","url":"https:\/\/secure.gravatar.com\/avatar\/049821681b589dabc0bc20695993ccebb09f5b5d4d790cd9251b97faac7c652b?s=96&d=blank&r=g","contentUrl":"https:\/\/secure.gravatar.com\/avatar\/049821681b589dabc0bc20695993ccebb09f5b5d4d790cd9251b97faac7c652b?s=96&d=blank&r=g","caption":"enequipo"},"sameAs":["https:\/\/www.facebook.com\/SonoraEE"]}]}},"jetpack_featured_media_url":"","_links":{"self":[{"href":"https:\/\/www.sonoraenequipo.com.mx\/api\/wp\/v2\/posts\/1371","targetHints":{"allow":["GET"]}}],"collection":[{"href":"https:\/\/www.sonoraenequipo.com.mx\/api\/wp\/v2\/posts"}],"about":[{"href":"https:\/\/www.sonoraenequipo.com.mx\/api\/wp\/v2\/types\/post"}],"author":[{"embeddable":true,"href":"https:\/\/www.sonoraenequipo.com.mx\/api\/wp\/v2\/users\/1"}],"replies":[{"embeddable":true,"href":"https:\/\/www.sonoraenequipo.com.mx\/api\/wp\/v2\/comments?post=1371"}],"version-history":[{"count":0,"href":"https:\/\/www.sonoraenequipo.com.mx\/api\/wp\/v2\/posts\/1371\/revisions"}],"wp:attachment":[{"href":"https:\/\/www.sonoraenequipo.com.mx\/api\/wp\/v2\/media?parent=1371"}],"wp:term":[{"taxonomy":"category","embeddable":true,"href":"https:\/\/www.sonoraenequipo.com.mx\/api\/wp\/v2\/categories?post=1371"},{"taxonomy":"post_tag","embeddable":true,"href":"https:\/\/www.sonoraenequipo.com.mx\/api\/wp\/v2\/tags?post=1371"}],"curies":[{"name":"wp","href":"https:\/\/api.w.org\/{rel}","templated":true}]}}