{"id":1374,"date":"2015-12-09T13:17:32","date_gmt":"2015-12-09T13:17:32","guid":{"rendered":"http:\/\/www.sonoraenequipo.com.mx\/?p=1374"},"modified":"2015-12-10T13:20:10","modified_gmt":"2015-12-10T13:20:10","slug":"agrupacion-ciudadana-invita-a-donar-ropa-para-indigentes","status":"publish","type":"post","link":"https:\/\/www.sonoraenequipo.com.mx\/agrupacion-ciudadana-invita-a-donar-ropa-para-indigentes\/","title":{"rendered":"Agrupaci\u00f3n Ciudadana invita a donar ropa para indigentes"},"content":{"rendered":"<p>09122015.HERMOSILLO, SONORA.MX.\u2014 La organizaci\u00f3n estudiantil Ciudadano Inquieto est\u00e1 solicitando la colaboraci\u00f3n de la comunidad para que donen ropa abrigadora con el fin de apoyar a personas en situaci\u00f3n de calle, por lo que desde este mi\u00e9rcoles y hasta el viernes 11 de diciembre se recibir\u00e1n las prendas en el centro de acopio ubicado en el anfiteatro el Centro de Gobierno en Hermosillo. <\/p>\n<p>Rebeca Valezuela, integrante de Ciudadano Inquieto, inform\u00f3 que esta actividad se realiza en conjunto con el Instituto Sonorense de la Juventud mediante el programa Una Navidad sin fr\u00edo.<\/p>\n<p>La ropa, dijo, se dar\u00e1 a personasque viven en las calles el 17 de diciembre, colocando tendederos para que ellos tomen la que requieran.<\/p>\n<p>Los tendederos estar\u00e1n en cuatro sitios distintos: el Hospital de la Mujer, el HIES, el Hospital General y en las v\u00edas del tren.<\/p>\n","protected":false},"excerpt":{"rendered":"<p>09122015.HERMOSILLO, SONORA.MX.\u2014 La organizaci\u00f3n estudiantil Ciudadano Inquieto est\u00e1 solicitando la colaboraci\u00f3n de la comunidad para&#8230;<\/p>\n","protected":false},"author":1,"featured_media":0,"comment_status":"open","ping_status":"open","sticky":false,"template":"","format":"standard","meta":{"_monsterinsights_skip_tracking":false,"_monsterinsights_sitenote_active":false,"_monsterinsights_sitenote_note":"","_monsterinsights_sitenote_category":0,"footnotes":""},"categories":[4,1],"tags":[72,1138,1222],"class_list":["post"],"yoast_head":" \n<title>Sonora en Equipo. Agrupaci\u00f3n Ciudadana invita a donar ropa para indigentes<\/title>\n<meta name=\"description\" content=\"09122015.HERMOSILLO, SONORA.MX.\u2014 La organizaci\u00f3n estudiantil Ciudadano Inquieto est\u00e1 solicitando la colaboraci\u00f3n de la comunidad para que donen ropa En Sonora en Equipo publicamos toda la informaci\u00f3n de Sonora, M\u00e9xico y el Mundo de manera oportuna y busca que la libertad de expresi\u00f3n sea real. Visita nuestro medio informativo publicado desde Hermosillo, Sonora. %\" \/>\n<meta name=\"robots\" content=\"index, follow, max-snippet:-1, max-image-preview:large, max-video-preview:-1\" \/>\n<link rel=\"canonical\" href=\"https:\/\/www.sonoraenequipo.com.mx\/agrupacion-ciudadana-invita-a-donar-ropa-para-indigentes\/\" \/>\n<meta property=\"og:locale\" content=\"es_ES\" \/>\n<meta property=\"og:type\" content=\"article\" \/>\n<meta property=\"og:title\" content=\"Sonora en Equipo. Agrupaci\u00f3n Ciudadana invita a donar ropa para indigentes\" \/>\n<meta property=\"og:description\" content=\"09122015.HERMOSILLO, SONORA.MX.\u2014 La organizaci\u00f3n estudiantil Ciudadano Inquieto est\u00e1 solicitando la colaboraci\u00f3n de la comunidad para que donen ropa En Sonora en Equipo publicamos toda la informaci\u00f3n de Sonora, M\u00e9xico y el Mundo de manera oportuna y busca que la libertad de expresi\u00f3n sea real. Visita nuestro medio informativo publicado desde Hermosillo, Sonora. %\" \/>\n<meta property=\"og:url\" content=\"https:\/\/www.sonoraenequipo.com.mx\/agrupacion-ciudadana-invita-a-donar-ropa-para-indigentes\/\" \/>\n<meta property=\"og:site_name\" content=\"Sonora en Equipo.\" \/>\n<meta property=\"article:publisher\" content=\"https:\/\/www.facebook.com\/SonoraEE\/\" \/>\n<meta property=\"article:author\" content=\"https:\/\/www.facebook.com\/SonoraEE\" \/>\n<meta property=\"article:published_time\" content=\"2015-12-09T13:17:32+00:00\" \/>\n<meta property=\"article:modified_time\" content=\"2015-12-10T13:20:10+00:00\" \/>\n<meta name=\"author\" content=\"enequipo\" \/>\n<meta name=\"twitter:card\" content=\"summary_large_image\" \/>\n<meta name=\"twitter:creator\" content=\"@sonoraenequipo\" \/>\n<meta name=\"twitter:site\" content=\"@sonoraenequipo\" \/>\n<meta name=\"twitter:label1\" content=\"Escrito por\" \/>\n\t<meta name=\"twitter:data1\" content=\"enequipo\" \/>\n\t<meta name=\"twitter:label2\" content=\"Tiempo de lectura\" \/>\n\t<meta name=\"twitter:data2\" content=\"1 minuto\" \/>\n<script type=\"application\/ld+json\" class=\"yoast-schema-graph\">{\"@context\":\"https:\/\/schema.org\",\"@graph\":[{\"@type\":\"Article\",\"@id\":\"https:\/\/www.sonoraenequipo.com.mx\/agrupacion-ciudadana-invita-a-donar-ropa-para-indigentes\/#article\",\"isPartOf\":{\"@id\":\"https:\/\/www.sonoraenequipo.com.mx\/agrupacion-ciudadana-invita-a-donar-ropa-para-indigentes\/\"},\"author\":{\"name\":\"enequipo\",\"@id\":\"https:\/\/www.sonoraenequipo.com.mx\/#\/schema\/person\/50102df0fb23a8fa9e8effad8fa81386\"},\"headline\":\"Agrupaci\u00f3n Ciudadana invita a donar ropa para indigentes\",\"datePublished\":\"2015-12-09T13:17:32+00:00\",\"dateModified\":\"2015-12-10T13:20:10+00:00\",\"mainEntityOfPage\":{\"@id\":\"https:\/\/www.sonoraenequipo.com.mx\/agrupacion-ciudadana-invita-a-donar-ropa-para-indigentes\/\"},\"wordCount\":153,\"commentCount\":0,\"publisher\":{\"@id\":\"https:\/\/www.sonoraenequipo.com.mx\/#organization\"},\"keywords\":[\"gobierno de sonora\",\"ISJ\",\"j\u00f3venes\"],\"articleSection\":[\"Municipios\",\"Sin categorizar\"],\"inLanguage\":\"es\",\"potentialAction\":[{\"@type\":\"CommentAction\",\"name\":\"Comment\",\"target\":[\"https:\/\/www.sonoraenequipo.com.mx\/agrupacion-ciudadana-invita-a-donar-ropa-para-indigentes\/#respond\"]}]},{\"@type\":\"WebPage\",\"@id\":\"https:\/\/www.sonoraenequipo.com.mx\/agrupacion-ciudadana-invita-a-donar-ropa-para-indigentes\/\",\"url\":\"https:\/\/www.sonoraenequipo.com.mx\/agrupacion-ciudadana-invita-a-donar-ropa-para-indigentes\/\",\"name\":\"Sonora en Equipo. Agrupaci\u00f3n Ciudadana invita a donar ropa para indigentes\",\"isPartOf\":{\"@id\":\"https:\/\/www.sonoraenequipo.com.mx\/#website\"},\"datePublished\":\"2015-12-09T13:17:32+00:00\",\"dateModified\":\"2015-12-10T13:20:10+00:00\",\"description\":\"09122015.HERMOSILLO, SONORA.MX.\u2014 La organizaci\u00f3n estudiantil Ciudadano Inquieto est\u00e1 solicitando la colaboraci\u00f3n de la comunidad para que donen ropa En Sonora en Equipo publicamos toda la informaci\u00f3n de Sonora, M\u00e9xico y el Mundo de manera oportuna y busca que la libertad de expresi\u00f3n sea real. Visita nuestro medio informativo publicado desde Hermosillo, Sonora. %\",\"breadcrumb\":{\"@id\":\"https:\/\/www.sonoraenequipo.com.mx\/agrupacion-ciudadana-invita-a-donar-ropa-para-indigentes\/#breadcrumb\"},\"inLanguage\":\"es\",\"potentialAction\":[{\"@type\":\"ReadAction\",\"target\":[\"https:\/\/www.sonoraenequipo.com.mx\/agrupacion-ciudadana-invita-a-donar-ropa-para-indigentes\/\"]}]},{\"@type\":\"BreadcrumbList\",\"@id\":\"https:\/\/www.sonoraenequipo.com.mx\/agrupacion-ciudadana-invita-a-donar-ropa-para-indigentes\/#breadcrumb\",\"itemListElement\":[{\"@type\":\"ListItem\",\"position\":1,\"name\":\"Portada\",\"item\":\"https:\/\/www.sonoraenequipo.com.mx\/\"},{\"@type\":\"ListItem\",\"position\":2,\"name\":\"Agrupaci\u00f3n Ciudadana invita a donar ropa para indigentes\"}]},{\"@type\":\"WebSite\",\"@id\":\"https:\/\/www.sonoraenequipo.com.mx\/#website\",\"url\":\"https:\/\/www.sonoraenequipo.com.mx\/\",\"name\":\"Sonora en Equipo.\",\"description\":\"Diario en l\u00ednea con Noticias desde Hermosillo, Sonora\",\"publisher\":{\"@id\":\"https:\/\/www.sonoraenequipo.com.mx\/#organization\"},\"potentialAction\":[{\"@type\":\"SearchAction\",\"target\":{\"@type\":\"EntryPoint\",\"urlTemplate\":\"https:\/\/www.sonoraenequipo.com.mx\/?s={search_term_string}\"},\"query-input\":{\"@type\":\"PropertyValueSpecification\",\"valueRequired\":true,\"valueName\":\"search_term_string\"}}],\"inLanguage\":\"es\"},{\"@type\":\"Organization\",\"@id\":\"https:\/\/www.sonoraenequipo.com.mx\/#organization\",\"name\":\"Sonoraenequipo.com.mx\",\"url\":\"https:\/\/www.sonoraenequipo.com.mx\/\",\"logo\":{\"@type\":\"ImageObject\",\"inLanguage\":\"es\",\"@id\":\"https:\/\/www.sonoraenequipo.com.mx\/#\/schema\/logo\/image\/\",\"url\":\"https:\/\/www.sonoraenequipo.com.mx\/storage\/2019\/01\/sonoraenequipo_opt.png\",\"contentUrl\":\"https:\/\/www.sonoraenequipo.com.mx\/storage\/2019\/01\/sonoraenequipo_opt.png\",\"width\":375,\"height\":125,\"caption\":\"Sonoraenequipo.com.mx\"},\"image\":{\"@id\":\"https:\/\/www.sonoraenequipo.com.mx\/#\/schema\/logo\/image\/\"},\"sameAs\":[\"https:\/\/www.facebook.com\/SonoraEE\/\",\"https:\/\/x.com\/sonoraenequipo\",\"https:\/\/www.youtube.com\/channel\/UC338nW-lPEYmJQs4ZABQ1SQ\"]},{\"@type\":\"Person\",\"@id\":\"https:\/\/www.sonoraenequipo.com.mx\/#\/schema\/person\/50102df0fb23a8fa9e8effad8fa81386\",\"name\":\"enequipo\",\"image\":{\"@type\":\"ImageObject\",\"inLanguage\":\"es\",\"@id\":\"https:\/\/www.sonoraenequipo.com.mx\/#\/schema\/person\/image\/\",\"url\":\"https:\/\/secure.gravatar.com\/avatar\/049821681b589dabc0bc20695993ccebb09f5b5d4d790cd9251b97faac7c652b?s=96&d=blank&r=g\",\"contentUrl\":\"https:\/\/secure.gravatar.com\/avatar\/049821681b589dabc0bc20695993ccebb09f5b5d4d790cd9251b97faac7c652b?s=96&d=blank&r=g\",\"caption\":\"enequipo\"},\"sameAs\":[\"https:\/\/www.facebook.com\/SonoraEE\"]}]}<\/script>\n ","yoast_head_json":{"title":"Sonora en Equipo. Agrupaci\u00f3n Ciudadana invita a donar ropa para indigentes","description":"09122015.HERMOSILLO, SONORA.MX.\u2014 La organizaci\u00f3n estudiantil Ciudadano Inquieto est\u00e1 solicitando la colaboraci\u00f3n de la comunidad para que donen ropa En Sonora en Equipo publicamos toda la informaci\u00f3n de Sonora, M\u00e9xico y el Mundo de manera oportuna y busca que la libertad de expresi\u00f3n sea real. Visita nuestro medio informativo publicado desde Hermosillo, Sonora. %","robots":{"index":"index","follow":"follow","max-snippet":"max-snippet:-1","max-image-preview":"max-image-preview:large","max-video-preview":"max-video-preview:-1"},"canonical":"https:\/\/www.sonoraenequipo.com.mx\/agrupacion-ciudadana-invita-a-donar-ropa-para-indigentes\/","og_locale":"es_ES","og_type":"article","og_title":"Sonora en Equipo. Agrupaci\u00f3n Ciudadana invita a donar ropa para indigentes","og_description":"09122015.HERMOSILLO, SONORA.MX.\u2014 La organizaci\u00f3n estudiantil Ciudadano Inquieto est\u00e1 solicitando la colaboraci\u00f3n de la comunidad para que donen ropa En Sonora en Equipo publicamos toda la informaci\u00f3n de Sonora, M\u00e9xico y el Mundo de manera oportuna y busca que la libertad de expresi\u00f3n sea real. Visita nuestro medio informativo publicado desde Hermosillo, Sonora. %","og_url":"https:\/\/www.sonoraenequipo.com.mx\/agrupacion-ciudadana-invita-a-donar-ropa-para-indigentes\/","og_site_name":"Sonora en Equipo.","article_publisher":"https:\/\/www.facebook.com\/SonoraEE\/","article_author":"https:\/\/www.facebook.com\/SonoraEE","article_published_time":"2015-12-09T13:17:32+00:00","article_modified_time":"2015-12-10T13:20:10+00:00","author":"enequipo","twitter_card":"summary_large_image","twitter_creator":"@sonoraenequipo","twitter_site":"@sonoraenequipo","twitter_misc":{"Escrito por":"enequipo","Tiempo de lectura":"1 minuto"},"schema":{"@context":"https:\/\/schema.org","@graph":[{"@type":"Article","@id":"https:\/\/www.sonoraenequipo.com.mx\/agrupacion-ciudadana-invita-a-donar-ropa-para-indigentes\/#article","isPartOf":{"@id":"https:\/\/www.sonoraenequipo.com.mx\/agrupacion-ciudadana-invita-a-donar-ropa-para-indigentes\/"},"author":{"name":"enequipo","@id":"https:\/\/www.sonoraenequipo.com.mx\/#\/schema\/person\/50102df0fb23a8fa9e8effad8fa81386"},"headline":"Agrupaci\u00f3n Ciudadana invita a donar ropa para indigentes","datePublished":"2015-12-09T13:17:32+00:00","dateModified":"2015-12-10T13:20:10+00:00","mainEntityOfPage":{"@id":"https:\/\/www.sonoraenequipo.com.mx\/agrupacion-ciudadana-invita-a-donar-ropa-para-indigentes\/"},"wordCount":153,"commentCount":0,"publisher":{"@id":"https:\/\/www.sonoraenequipo.com.mx\/#organization"},"keywords":["gobierno de sonora","ISJ","j\u00f3venes"],"articleSection":["Municipios","Sin categorizar"],"inLanguage":"es","potentialAction":[{"@type":"CommentAction","name":"Comment","target":["https:\/\/www.sonoraenequipo.com.mx\/agrupacion-ciudadana-invita-a-donar-ropa-para-indigentes\/#respond"]}]},{"@type":"WebPage","@id":"https:\/\/www.sonoraenequipo.com.mx\/agrupacion-ciudadana-invita-a-donar-ropa-para-indigentes\/","url":"https:\/\/www.sonoraenequipo.com.mx\/agrupacion-ciudadana-invita-a-donar-ropa-para-indigentes\/","name":"Sonora en Equipo. Agrupaci\u00f3n Ciudadana invita a donar ropa para indigentes","isPartOf":{"@id":"https:\/\/www.sonoraenequipo.com.mx\/#website"},"datePublished":"2015-12-09T13:17:32+00:00","dateModified":"2015-12-10T13:20:10+00:00","description":"09122015.HERMOSILLO, SONORA.MX.\u2014 La organizaci\u00f3n estudiantil Ciudadano Inquieto est\u00e1 solicitando la colaboraci\u00f3n de la comunidad para que donen ropa En Sonora en Equipo publicamos toda la informaci\u00f3n de Sonora, M\u00e9xico y el Mundo de manera oportuna y busca que la libertad de expresi\u00f3n sea real. Visita nuestro medio informativo publicado desde Hermosillo, Sonora. %","breadcrumb":{"@id":"https:\/\/www.sonoraenequipo.com.mx\/agrupacion-ciudadana-invita-a-donar-ropa-para-indigentes\/#breadcrumb"},"inLanguage":"es","potentialAction":[{"@type":"ReadAction","target":["https:\/\/www.sonoraenequipo.com.mx\/agrupacion-ciudadana-invita-a-donar-ropa-para-indigentes\/"]}]},{"@type":"BreadcrumbList","@id":"https:\/\/www.sonoraenequipo.com.mx\/agrupacion-ciudadana-invita-a-donar-ropa-para-indigentes\/#breadcrumb","itemListElement":[{"@type":"ListItem","position":1,"name":"Portada","item":"https:\/\/www.sonoraenequipo.com.mx\/"},{"@type":"ListItem","position":2,"name":"Agrupaci\u00f3n Ciudadana invita a donar ropa para indigentes"}]},{"@type":"WebSite","@id":"https:\/\/www.sonoraenequipo.com.mx\/#website","url":"https:\/\/www.sonoraenequipo.com.mx\/","name":"Sonora en Equipo.","description":"Diario en l\u00ednea con Noticias desde Hermosillo, Sonora","publisher":{"@id":"https:\/\/www.sonoraenequipo.com.mx\/#organization"},"potentialAction":[{"@type":"SearchAction","target":{"@type":"EntryPoint","urlTemplate":"https:\/\/www.sonoraenequipo.com.mx\/?s={search_term_string}"},"query-input":{"@type":"PropertyValueSpecification","valueRequired":true,"valueName":"search_term_string"}}],"inLanguage":"es"},{"@type":"Organization","@id":"https:\/\/www.sonoraenequipo.com.mx\/#organization","name":"Sonoraenequipo.com.mx","url":"https:\/\/www.sonoraenequipo.com.mx\/","logo":{"@type":"ImageObject","inLanguage":"es","@id":"https:\/\/www.sonoraenequipo.com.mx\/#\/schema\/logo\/image\/","url":"https:\/\/www.sonoraenequipo.com.mx\/storage\/2019\/01\/sonoraenequipo_opt.png","contentUrl":"https:\/\/www.sonoraenequipo.com.mx\/storage\/2019\/01\/sonoraenequipo_opt.png","width":375,"height":125,"caption":"Sonoraenequipo.com.mx"},"image":{"@id":"https:\/\/www.sonoraenequipo.com.mx\/#\/schema\/logo\/image\/"},"sameAs":["https:\/\/www.facebook.com\/SonoraEE\/","https:\/\/x.com\/sonoraenequipo","https:\/\/www.youtube.com\/channel\/UC338nW-lPEYmJQs4ZABQ1SQ"]},{"@type":"Person","@id":"https:\/\/www.sonoraenequipo.com.mx\/#\/schema\/person\/50102df0fb23a8fa9e8effad8fa81386","name":"enequipo","image":{"@type":"ImageObject","inLanguage":"es","@id":"https:\/\/www.sonoraenequipo.com.mx\/#\/schema\/person\/image\/","url":"https:\/\/secure.gravatar.com\/avatar\/049821681b589dabc0bc20695993ccebb09f5b5d4d790cd9251b97faac7c652b?s=96&d=blank&r=g","contentUrl":"https:\/\/secure.gravatar.com\/avatar\/049821681b589dabc0bc20695993ccebb09f5b5d4d790cd9251b97faac7c652b?s=96&d=blank&r=g","caption":"enequipo"},"sameAs":["https:\/\/www.facebook.com\/SonoraEE"]}]}},"jetpack_featured_media_url":"","_links":{"self":[{"href":"https:\/\/www.sonoraenequipo.com.mx\/api\/wp\/v2\/posts\/1374","targetHints":{"allow":["GET"]}}],"collection":[{"href":"https:\/\/www.sonoraenequipo.com.mx\/api\/wp\/v2\/posts"}],"about":[{"href":"https:\/\/www.sonoraenequipo.com.mx\/api\/wp\/v2\/types\/post"}],"author":[{"embeddable":true,"href":"https:\/\/www.sonoraenequipo.com.mx\/api\/wp\/v2\/users\/1"}],"replies":[{"embeddable":true,"href":"https:\/\/www.sonoraenequipo.com.mx\/api\/wp\/v2\/comments?post=1374"}],"version-history":[{"count":0,"href":"https:\/\/www.sonoraenequipo.com.mx\/api\/wp\/v2\/posts\/1374\/revisions"}],"wp:attachment":[{"href":"https:\/\/www.sonoraenequipo.com.mx\/api\/wp\/v2\/media?parent=1374"}],"wp:term":[{"taxonomy":"category","embeddable":true,"href":"https:\/\/www.sonoraenequipo.com.mx\/api\/wp\/v2\/categories?post=1374"},{"taxonomy":"post_tag","embeddable":true,"href":"https:\/\/www.sonoraenequipo.com.mx\/api\/wp\/v2\/tags?post=1374"}],"curies":[{"name":"wp","href":"https:\/\/api.w.org\/{rel}","templated":true}]}}