{"id":1377,"date":"2015-12-10T13:23:20","date_gmt":"2015-12-10T13:23:20","guid":{"rendered":"http:\/\/www.sonoraenequipo.com.mx\/?p=1377"},"modified":"2015-12-10T13:23:20","modified_gmt":"2015-12-10T13:23:20","slug":"mexico-aprueba-la-primera-vacuna-contra-el-dengue-en-el-mundo","status":"publish","type":"post","link":"https:\/\/www.sonoraenequipo.com.mx\/mexico-aprueba-la-primera-vacuna-contra-el-dengue-en-el-mundo\/","title":{"rendered":"M\u00e9xico aprueba la primera vacuna contra el dengue en el mundo"},"content":{"rendered":"<p>09122015.M\u00c9XICO. MX.\u2014 La Secretar\u00eda de Salud (SSA) emiti\u00f3 el registro de la primera vacuna contra el dengue en el mundo, despu\u00e9s de acreditar calidad, seguridad y eficacia terap\u00e9utica en un protocolo global en el que participaron m\u00e1s de 40 mil pacientes, entre ellos mexicanos. <\/p>\n<p>A trav\u00e9s de la Comisi\u00f3n Federal para la Protecci\u00f3n contra Riesgos Sanitarios (Cofepris), explic\u00f3 que esta vacuna es el resultado de un proceso de an\u00e1lisis de m\u00e1s de dos a\u00f1os y que ha contemplado intercambio de informaci\u00f3n con los principales expertos nacionales e internacionales as\u00ed como la consulta t\u00e9cnica de agencias regulatorias.<\/p>\n<p>El dengue es una infecci\u00f3n transmitida por mosquitos que causa s\u00edntomas gripales y en ocasiones evoluciona hasta convertirse en un cuadro potencialmente mortal, denominado dengue grave.<\/p>\n<p>Se presenta principalmente en climas tropicales y subtropicales del planeta y en zonas urbanas y suburbanas y sus principales s\u00edntomas son: fiebre alta, dolor de cabeza fuerte, dolor de espalda, de articulaciones, n\u00e1usea, v\u00f3mito, dolor de ojos y erupci\u00f3n de la piel.<\/p>\n<p>La vacuna est\u00e1 indicada para poblaciones en las que el dengue es end\u00e9mico, su seroprevalencia sea mayor al 60 por ciento y para personas entre nueve y 45 a\u00f1os de edad, rango en el que la eficacia de la vacuna llega a un punto m\u00e1ximo de conformidad a las recomendaciones emitidas por el Instituto Nacional de Salud P\u00fablica.<\/p>\n<p>Mediante un comunicado, se\u00f1al\u00f3 que tiene una eficacia promedio del 60.5 por ciento para la prevenci\u00f3n de dengue y de un 93.2 por ciento para la prevenci\u00f3n de dengue grave.<\/p>\n<p>Refiri\u00f3 que al fabricante se le solicit\u00f3 poner en marcha un Plan de Manejo de Riesgos espec\u00edfico para M\u00e9xico, que incluya el registro electr\u00f3nico de poblaci\u00f3n vacunada y reportes de reacciones adversas, para prevenir riesgos sanitarios.<\/p>\n<p>La Cofepris record\u00f3 que en M\u00e9xico se registraron 32 mil 100 contagios de dengue en 2014 y el costo de su atenci\u00f3n m\u00e9dica se estim\u00f3 en tres mil 200 millones de pesos, equivalente a 2.5 por ciento del presupuesto total del sector salud para el pr\u00f3ximo a\u00f1o.<\/p>\n<p>En ese sentido, explic\u00f3 que esta vacuna, elaborada a partir de virus vivos atenuados, puede prevenir m\u00e1s de ocho mil hospitalizaciones, 104 muertes anuales y generar ahorros por mil 100 millones de pesos anuales por la reducci\u00f3n en costos asociados a la atenci\u00f3n m\u00e9dica.<\/p>\n<p>Destac\u00f3 el fabricante franc\u00e9s de la vacuna acredit\u00f3 calidad, seguridad y eficacia terap\u00e9utica, con lo que el registro de la primera vacuna contra el dengue, M\u00e9xico se anticipa a todos los pa\u00edses, incluyendo a Francia, y a todas las agencias reguladoras que est\u00e1n en proceso de registrar el biol\u00f3gico, para enfrentar los contagios de este virus.<\/p>\n<p>De acuerdo con la Organizaci\u00f3n Mundial de la Salud (OMS), cerca de 40 por ciento de la poblaci\u00f3n mundial est\u00e1 en riesgo de contraer dengue, lo cual equivale a tres mil 900 millones de personas y se estima que alrededor de 400 millones son contagiados cada a\u00f1o en m\u00e1s de 128 pa\u00edses alrededor del mundo.<\/p>\n<p>Record\u00f3 que desde el 2001, la OMS a trav\u00e9s del Departamento de Inmunizaci\u00f3n, Vacunas y Biol\u00f3gicos, incentiv\u00f3 el desarrollo de una vacuna que pueda ser utilizada como parte de la estrategia global de combate contra este padecimiento.<\/p>\n<p>Ese esfuerzo, gener\u00f3 cinco proyectos de vacuna, entre ellos el de la farmac\u00e9utica Sanofi Pasteur, que este mi\u00e9rcoles se registr\u00f3 como el primero en acreditar su calidad, seguridad y eficacia, a trav\u00e9s de la ejecuci\u00f3n de m\u00e1s de 25 estudios cl\u00ednicos ejecutados en cinco pa\u00edses, incluyendo M\u00e9xico.<\/p>\n<p>Esa evidencia fue presentada a la Cofepris en un proceso regulatorio que inici\u00f3 desde el mes de mayo de 2013 y que implic\u00f3 cinco reuniones ante el Subcomit\u00e9 de Productos en Desarrollo y dos reuniones ante el Comit\u00e9 de Mol\u00e9culas Nuevas.<\/p>\n<p>Adicionalmente, la informaci\u00f3n presentada por la farmac\u00e9utica fue evaluada a trav\u00e9s del Consejo Cient\u00edfico de la Cofepris y consultada con el Instituto Nacional de Salud P\u00fablica y la Comisi\u00f3n Coordinadora de Institutos Nacionales de Salud y Hospitales de Alta Especialidad de la Secretar\u00eda de Salud.<\/p>\n","protected":false},"excerpt":{"rendered":"<p>09122015.M\u00c9XICO. MX.\u2014 La Secretar\u00eda de Salud (SSA) emiti\u00f3 el registro de la primera vacuna contra&#8230;<\/p>\n","protected":false},"author":1,"featured_media":0,"comment_status":"open","ping_status":"open","sticky":false,"template":"","format":"standard","meta":{"_monsterinsights_skip_tracking":false,"_monsterinsights_sitenote_active":false,"_monsterinsights_sitenote_note":"","_monsterinsights_sitenote_category":0,"footnotes":""},"categories":[13,5],"tags":[622,68,1223,53,75,1224],"class_list":["post"],"yoast_head":" \n<title>Sonora en Equipo. M\u00e9xico aprueba la primera vacuna contra el dengue en el mundo<\/title>\n<meta name=\"description\" content=\"09122015.M\u00c9XICO. MX.\u2014 La Secretar\u00eda de Salud (SSA) emiti\u00f3 el registro de la primera vacuna contra el dengue en el mundo, despu\u00e9s de acreditar calidad, En Sonora en Equipo publicamos toda la informaci\u00f3n de Sonora, M\u00e9xico y el Mundo de manera oportuna y busca que la libertad de expresi\u00f3n sea real. Visita nuestro medio informativo publicado desde Hermosillo, Sonora. %\" \/>\n<meta name=\"robots\" content=\"index, follow, max-snippet:-1, max-image-preview:large, max-video-preview:-1\" \/>\n<link rel=\"canonical\" href=\"https:\/\/www.sonoraenequipo.com.mx\/mexico-aprueba-la-primera-vacuna-contra-el-dengue-en-el-mundo\/\" \/>\n<meta property=\"og:locale\" content=\"es_ES\" \/>\n<meta property=\"og:type\" content=\"article\" \/>\n<meta property=\"og:title\" content=\"Sonora en Equipo. M\u00e9xico aprueba la primera vacuna contra el dengue en el mundo\" \/>\n<meta property=\"og:description\" content=\"09122015.M\u00c9XICO. MX.\u2014 La Secretar\u00eda de Salud (SSA) emiti\u00f3 el registro de la primera vacuna contra el dengue en el mundo, despu\u00e9s de acreditar calidad, En Sonora en Equipo publicamos toda la informaci\u00f3n de Sonora, M\u00e9xico y el Mundo de manera oportuna y busca que la libertad de expresi\u00f3n sea real. Visita nuestro medio informativo publicado desde Hermosillo, Sonora. %\" \/>\n<meta property=\"og:url\" content=\"https:\/\/www.sonoraenequipo.com.mx\/mexico-aprueba-la-primera-vacuna-contra-el-dengue-en-el-mundo\/\" \/>\n<meta property=\"og:site_name\" content=\"Sonora en Equipo.\" \/>\n<meta property=\"article:publisher\" content=\"https:\/\/www.facebook.com\/SonoraEE\/\" \/>\n<meta property=\"article:author\" content=\"https:\/\/www.facebook.com\/SonoraEE\" \/>\n<meta property=\"article:published_time\" content=\"2015-12-10T13:23:20+00:00\" \/>\n<meta name=\"author\" content=\"enequipo\" \/>\n<meta name=\"twitter:card\" content=\"summary_large_image\" \/>\n<meta name=\"twitter:creator\" content=\"@sonoraenequipo\" \/>\n<meta name=\"twitter:site\" content=\"@sonoraenequipo\" \/>\n<meta name=\"twitter:label1\" content=\"Escrito por\" \/>\n\t<meta name=\"twitter:data1\" content=\"enequipo\" \/>\n\t<meta name=\"twitter:label2\" content=\"Tiempo de lectura\" \/>\n\t<meta name=\"twitter:data2\" content=\"4 minutos\" \/>\n<script type=\"application\/ld+json\" class=\"yoast-schema-graph\">{\"@context\":\"https:\/\/schema.org\",\"@graph\":[{\"@type\":\"Article\",\"@id\":\"https:\/\/www.sonoraenequipo.com.mx\/mexico-aprueba-la-primera-vacuna-contra-el-dengue-en-el-mundo\/#article\",\"isPartOf\":{\"@id\":\"https:\/\/www.sonoraenequipo.com.mx\/mexico-aprueba-la-primera-vacuna-contra-el-dengue-en-el-mundo\/\"},\"author\":{\"name\":\"enequipo\",\"@id\":\"https:\/\/www.sonoraenequipo.com.mx\/#\/schema\/person\/50102df0fb23a8fa9e8effad8fa81386\"},\"headline\":\"M\u00e9xico aprueba la primera vacuna contra el dengue en el mundo\",\"datePublished\":\"2015-12-10T13:23:20+00:00\",\"mainEntityOfPage\":{\"@id\":\"https:\/\/www.sonoraenequipo.com.mx\/mexico-aprueba-la-primera-vacuna-contra-el-dengue-en-el-mundo\/\"},\"wordCount\":722,\"commentCount\":0,\"publisher\":{\"@id\":\"https:\/\/www.sonoraenequipo.com.mx\/#organization\"},\"keywords\":[\"chiconcuya\",\"dengue\",\"influenza\",\"mexico\",\"secretaria de salud\",\"vacuna del dengue\"],\"articleSection\":[\"Destacadas\",\"Rep\u00fablica\"],\"inLanguage\":\"es\",\"potentialAction\":[{\"@type\":\"CommentAction\",\"name\":\"Comment\",\"target\":[\"https:\/\/www.sonoraenequipo.com.mx\/mexico-aprueba-la-primera-vacuna-contra-el-dengue-en-el-mundo\/#respond\"]}]},{\"@type\":\"WebPage\",\"@id\":\"https:\/\/www.sonoraenequipo.com.mx\/mexico-aprueba-la-primera-vacuna-contra-el-dengue-en-el-mundo\/\",\"url\":\"https:\/\/www.sonoraenequipo.com.mx\/mexico-aprueba-la-primera-vacuna-contra-el-dengue-en-el-mundo\/\",\"name\":\"Sonora en Equipo. M\u00e9xico aprueba la primera vacuna contra el dengue en el mundo\",\"isPartOf\":{\"@id\":\"https:\/\/www.sonoraenequipo.com.mx\/#website\"},\"datePublished\":\"2015-12-10T13:23:20+00:00\",\"description\":\"09122015.M\u00c9XICO. MX.\u2014 La Secretar\u00eda de Salud (SSA) emiti\u00f3 el registro de la primera vacuna contra el dengue en el mundo, despu\u00e9s de acreditar calidad, En Sonora en Equipo publicamos toda la informaci\u00f3n de Sonora, M\u00e9xico y el Mundo de manera oportuna y busca que la libertad de expresi\u00f3n sea real. Visita nuestro medio informativo publicado desde Hermosillo, Sonora. %\",\"breadcrumb\":{\"@id\":\"https:\/\/www.sonoraenequipo.com.mx\/mexico-aprueba-la-primera-vacuna-contra-el-dengue-en-el-mundo\/#breadcrumb\"},\"inLanguage\":\"es\",\"potentialAction\":[{\"@type\":\"ReadAction\",\"target\":[\"https:\/\/www.sonoraenequipo.com.mx\/mexico-aprueba-la-primera-vacuna-contra-el-dengue-en-el-mundo\/\"]}]},{\"@type\":\"BreadcrumbList\",\"@id\":\"https:\/\/www.sonoraenequipo.com.mx\/mexico-aprueba-la-primera-vacuna-contra-el-dengue-en-el-mundo\/#breadcrumb\",\"itemListElement\":[{\"@type\":\"ListItem\",\"position\":1,\"name\":\"Portada\",\"item\":\"https:\/\/www.sonoraenequipo.com.mx\/\"},{\"@type\":\"ListItem\",\"position\":2,\"name\":\"M\u00e9xico aprueba la primera vacuna contra el dengue en el mundo\"}]},{\"@type\":\"WebSite\",\"@id\":\"https:\/\/www.sonoraenequipo.com.mx\/#website\",\"url\":\"https:\/\/www.sonoraenequipo.com.mx\/\",\"name\":\"Sonora en Equipo.\",\"description\":\"Diario en l\u00ednea con Noticias desde Hermosillo, Sonora\",\"publisher\":{\"@id\":\"https:\/\/www.sonoraenequipo.com.mx\/#organization\"},\"potentialAction\":[{\"@type\":\"SearchAction\",\"target\":{\"@type\":\"EntryPoint\",\"urlTemplate\":\"https:\/\/www.sonoraenequipo.com.mx\/?s={search_term_string}\"},\"query-input\":{\"@type\":\"PropertyValueSpecification\",\"valueRequired\":true,\"valueName\":\"search_term_string\"}}],\"inLanguage\":\"es\"},{\"@type\":\"Organization\",\"@id\":\"https:\/\/www.sonoraenequipo.com.mx\/#organization\",\"name\":\"Sonoraenequipo.com.mx\",\"url\":\"https:\/\/www.sonoraenequipo.com.mx\/\",\"logo\":{\"@type\":\"ImageObject\",\"inLanguage\":\"es\",\"@id\":\"https:\/\/www.sonoraenequipo.com.mx\/#\/schema\/logo\/image\/\",\"url\":\"https:\/\/www.sonoraenequipo.com.mx\/storage\/2019\/01\/sonoraenequipo_opt.png\",\"contentUrl\":\"https:\/\/www.sonoraenequipo.com.mx\/storage\/2019\/01\/sonoraenequipo_opt.png\",\"width\":375,\"height\":125,\"caption\":\"Sonoraenequipo.com.mx\"},\"image\":{\"@id\":\"https:\/\/www.sonoraenequipo.com.mx\/#\/schema\/logo\/image\/\"},\"sameAs\":[\"https:\/\/www.facebook.com\/SonoraEE\/\",\"https:\/\/x.com\/sonoraenequipo\",\"https:\/\/www.youtube.com\/channel\/UC338nW-lPEYmJQs4ZABQ1SQ\"]},{\"@type\":\"Person\",\"@id\":\"https:\/\/www.sonoraenequipo.com.mx\/#\/schema\/person\/50102df0fb23a8fa9e8effad8fa81386\",\"name\":\"enequipo\",\"image\":{\"@type\":\"ImageObject\",\"inLanguage\":\"es\",\"@id\":\"https:\/\/www.sonoraenequipo.com.mx\/#\/schema\/person\/image\/\",\"url\":\"https:\/\/secure.gravatar.com\/avatar\/049821681b589dabc0bc20695993ccebb09f5b5d4d790cd9251b97faac7c652b?s=96&d=blank&r=g\",\"contentUrl\":\"https:\/\/secure.gravatar.com\/avatar\/049821681b589dabc0bc20695993ccebb09f5b5d4d790cd9251b97faac7c652b?s=96&d=blank&r=g\",\"caption\":\"enequipo\"},\"sameAs\":[\"https:\/\/www.facebook.com\/SonoraEE\"]}]}<\/script>\n ","yoast_head_json":{"title":"Sonora en Equipo. M\u00e9xico aprueba la primera vacuna contra el dengue en el mundo","description":"09122015.M\u00c9XICO. MX.\u2014 La Secretar\u00eda de Salud (SSA) emiti\u00f3 el registro de la primera vacuna contra el dengue en el mundo, despu\u00e9s de acreditar calidad, En Sonora en Equipo publicamos toda la informaci\u00f3n de Sonora, M\u00e9xico y el Mundo de manera oportuna y busca que la libertad de expresi\u00f3n sea real. Visita nuestro medio informativo publicado desde Hermosillo, Sonora. %","robots":{"index":"index","follow":"follow","max-snippet":"max-snippet:-1","max-image-preview":"max-image-preview:large","max-video-preview":"max-video-preview:-1"},"canonical":"https:\/\/www.sonoraenequipo.com.mx\/mexico-aprueba-la-primera-vacuna-contra-el-dengue-en-el-mundo\/","og_locale":"es_ES","og_type":"article","og_title":"Sonora en Equipo. M\u00e9xico aprueba la primera vacuna contra el dengue en el mundo","og_description":"09122015.M\u00c9XICO. MX.\u2014 La Secretar\u00eda de Salud (SSA) emiti\u00f3 el registro de la primera vacuna contra el dengue en el mundo, despu\u00e9s de acreditar calidad, En Sonora en Equipo publicamos toda la informaci\u00f3n de Sonora, M\u00e9xico y el Mundo de manera oportuna y busca que la libertad de expresi\u00f3n sea real. Visita nuestro medio informativo publicado desde Hermosillo, Sonora. %","og_url":"https:\/\/www.sonoraenequipo.com.mx\/mexico-aprueba-la-primera-vacuna-contra-el-dengue-en-el-mundo\/","og_site_name":"Sonora en Equipo.","article_publisher":"https:\/\/www.facebook.com\/SonoraEE\/","article_author":"https:\/\/www.facebook.com\/SonoraEE","article_published_time":"2015-12-10T13:23:20+00:00","author":"enequipo","twitter_card":"summary_large_image","twitter_creator":"@sonoraenequipo","twitter_site":"@sonoraenequipo","twitter_misc":{"Escrito por":"enequipo","Tiempo de lectura":"4 minutos"},"schema":{"@context":"https:\/\/schema.org","@graph":[{"@type":"Article","@id":"https:\/\/www.sonoraenequipo.com.mx\/mexico-aprueba-la-primera-vacuna-contra-el-dengue-en-el-mundo\/#article","isPartOf":{"@id":"https:\/\/www.sonoraenequipo.com.mx\/mexico-aprueba-la-primera-vacuna-contra-el-dengue-en-el-mundo\/"},"author":{"name":"enequipo","@id":"https:\/\/www.sonoraenequipo.com.mx\/#\/schema\/person\/50102df0fb23a8fa9e8effad8fa81386"},"headline":"M\u00e9xico aprueba la primera vacuna contra el dengue en el mundo","datePublished":"2015-12-10T13:23:20+00:00","mainEntityOfPage":{"@id":"https:\/\/www.sonoraenequipo.com.mx\/mexico-aprueba-la-primera-vacuna-contra-el-dengue-en-el-mundo\/"},"wordCount":722,"commentCount":0,"publisher":{"@id":"https:\/\/www.sonoraenequipo.com.mx\/#organization"},"keywords":["chiconcuya","dengue","influenza","mexico","secretaria de salud","vacuna del dengue"],"articleSection":["Destacadas","Rep\u00fablica"],"inLanguage":"es","potentialAction":[{"@type":"CommentAction","name":"Comment","target":["https:\/\/www.sonoraenequipo.com.mx\/mexico-aprueba-la-primera-vacuna-contra-el-dengue-en-el-mundo\/#respond"]}]},{"@type":"WebPage","@id":"https:\/\/www.sonoraenequipo.com.mx\/mexico-aprueba-la-primera-vacuna-contra-el-dengue-en-el-mundo\/","url":"https:\/\/www.sonoraenequipo.com.mx\/mexico-aprueba-la-primera-vacuna-contra-el-dengue-en-el-mundo\/","name":"Sonora en Equipo. M\u00e9xico aprueba la primera vacuna contra el dengue en el mundo","isPartOf":{"@id":"https:\/\/www.sonoraenequipo.com.mx\/#website"},"datePublished":"2015-12-10T13:23:20+00:00","description":"09122015.M\u00c9XICO. MX.\u2014 La Secretar\u00eda de Salud (SSA) emiti\u00f3 el registro de la primera vacuna contra el dengue en el mundo, despu\u00e9s de acreditar calidad, En Sonora en Equipo publicamos toda la informaci\u00f3n de Sonora, M\u00e9xico y el Mundo de manera oportuna y busca que la libertad de expresi\u00f3n sea real. Visita nuestro medio informativo publicado desde Hermosillo, Sonora. %","breadcrumb":{"@id":"https:\/\/www.sonoraenequipo.com.mx\/mexico-aprueba-la-primera-vacuna-contra-el-dengue-en-el-mundo\/#breadcrumb"},"inLanguage":"es","potentialAction":[{"@type":"ReadAction","target":["https:\/\/www.sonoraenequipo.com.mx\/mexico-aprueba-la-primera-vacuna-contra-el-dengue-en-el-mundo\/"]}]},{"@type":"BreadcrumbList","@id":"https:\/\/www.sonoraenequipo.com.mx\/mexico-aprueba-la-primera-vacuna-contra-el-dengue-en-el-mundo\/#breadcrumb","itemListElement":[{"@type":"ListItem","position":1,"name":"Portada","item":"https:\/\/www.sonoraenequipo.com.mx\/"},{"@type":"ListItem","position":2,"name":"M\u00e9xico aprueba la primera vacuna contra el dengue en el mundo"}]},{"@type":"WebSite","@id":"https:\/\/www.sonoraenequipo.com.mx\/#website","url":"https:\/\/www.sonoraenequipo.com.mx\/","name":"Sonora en Equipo.","description":"Diario en l\u00ednea con Noticias desde Hermosillo, Sonora","publisher":{"@id":"https:\/\/www.sonoraenequipo.com.mx\/#organization"},"potentialAction":[{"@type":"SearchAction","target":{"@type":"EntryPoint","urlTemplate":"https:\/\/www.sonoraenequipo.com.mx\/?s={search_term_string}"},"query-input":{"@type":"PropertyValueSpecification","valueRequired":true,"valueName":"search_term_string"}}],"inLanguage":"es"},{"@type":"Organization","@id":"https:\/\/www.sonoraenequipo.com.mx\/#organization","name":"Sonoraenequipo.com.mx","url":"https:\/\/www.sonoraenequipo.com.mx\/","logo":{"@type":"ImageObject","inLanguage":"es","@id":"https:\/\/www.sonoraenequipo.com.mx\/#\/schema\/logo\/image\/","url":"https:\/\/www.sonoraenequipo.com.mx\/storage\/2019\/01\/sonoraenequipo_opt.png","contentUrl":"https:\/\/www.sonoraenequipo.com.mx\/storage\/2019\/01\/sonoraenequipo_opt.png","width":375,"height":125,"caption":"Sonoraenequipo.com.mx"},"image":{"@id":"https:\/\/www.sonoraenequipo.com.mx\/#\/schema\/logo\/image\/"},"sameAs":["https:\/\/www.facebook.com\/SonoraEE\/","https:\/\/x.com\/sonoraenequipo","https:\/\/www.youtube.com\/channel\/UC338nW-lPEYmJQs4ZABQ1SQ"]},{"@type":"Person","@id":"https:\/\/www.sonoraenequipo.com.mx\/#\/schema\/person\/50102df0fb23a8fa9e8effad8fa81386","name":"enequipo","image":{"@type":"ImageObject","inLanguage":"es","@id":"https:\/\/www.sonoraenequipo.com.mx\/#\/schema\/person\/image\/","url":"https:\/\/secure.gravatar.com\/avatar\/049821681b589dabc0bc20695993ccebb09f5b5d4d790cd9251b97faac7c652b?s=96&d=blank&r=g","contentUrl":"https:\/\/secure.gravatar.com\/avatar\/049821681b589dabc0bc20695993ccebb09f5b5d4d790cd9251b97faac7c652b?s=96&d=blank&r=g","caption":"enequipo"},"sameAs":["https:\/\/www.facebook.com\/SonoraEE"]}]}},"jetpack_featured_media_url":"","_links":{"self":[{"href":"https:\/\/www.sonoraenequipo.com.mx\/api\/wp\/v2\/posts\/1377","targetHints":{"allow":["GET"]}}],"collection":[{"href":"https:\/\/www.sonoraenequipo.com.mx\/api\/wp\/v2\/posts"}],"about":[{"href":"https:\/\/www.sonoraenequipo.com.mx\/api\/wp\/v2\/types\/post"}],"author":[{"embeddable":true,"href":"https:\/\/www.sonoraenequipo.com.mx\/api\/wp\/v2\/users\/1"}],"replies":[{"embeddable":true,"href":"https:\/\/www.sonoraenequipo.com.mx\/api\/wp\/v2\/comments?post=1377"}],"version-history":[{"count":0,"href":"https:\/\/www.sonoraenequipo.com.mx\/api\/wp\/v2\/posts\/1377\/revisions"}],"wp:attachment":[{"href":"https:\/\/www.sonoraenequipo.com.mx\/api\/wp\/v2\/media?parent=1377"}],"wp:term":[{"taxonomy":"category","embeddable":true,"href":"https:\/\/www.sonoraenequipo.com.mx\/api\/wp\/v2\/categories?post=1377"},{"taxonomy":"post_tag","embeddable":true,"href":"https:\/\/www.sonoraenequipo.com.mx\/api\/wp\/v2\/tags?post=1377"}],"curies":[{"name":"wp","href":"https:\/\/api.w.org\/{rel}","templated":true}]}}