{"id":138330,"date":"2022-05-11T19:25:32","date_gmt":"2022-05-12T02:25:32","guid":{"rendered":"https:\/\/www.sonoraenequipo.com.mx\/?p=138330"},"modified":"2022-05-11T20:55:34","modified_gmt":"2022-05-12T03:55:34","slug":"gobernador-de-sinaloa-cesa-de-manera-fulminante-al-secretario-de-salud-hector-melesio-cuen","status":"publish","type":"post","link":"https:\/\/www.sonoraenequipo.com.mx\/gobernador-de-sinaloa-cesa-de-manera-fulminante-al-secretario-de-salud-hector-melesio-cuen\/","title":{"rendered":"Gobernador de Sinaloa cesa de manera fulminante al Secretario de Salud, H\u00e9ctor Melesio Cu\u00e9n"},"content":{"rendered":"<p><strong>CULIAC\u00c1N, SINALOA. MX.<\/strong> \u2014 Sobre aviso no hay enga\u00f1o, esta tarde se hizo p\u00fablica la remoci\u00f3n H\u00e9ctor Melesio Cu\u00e9n Ojeda como secretario de Salud, luego de que el gobernador Rub\u00e9n Rocha Moya lo emplaz\u00f3 a desistirse de dos denuncias, una de ellas contra el finado periodista Luis Enrique Ram\u00edrez.<\/p>\n<p>&nbsp;<\/p>\n<p> <\/p>\n<p>&nbsp;<\/p>\n<p>La otra denuncia era en contra de Teresa Guerra Ochoa, hoy secretaria de las Mujeres, a quien Cu\u00e9n enderez\u00f3 una querella debido a las publicaciones que realizaba la columnista sobre su persona.<\/p>\n<p>&nbsp;<\/p>\n<p>Ambas denuncias fueron por la v\u00eda civil en un juzgado federal y se les acusaba \u201cda\u00f1o moral\u201d en contra del entonces presidente del Partido Sinaloense.<\/p>\n<p>&nbsp;<\/p>\n<p>En su defensa, Cu\u00e9n Ojeda afirmaba apenas ayer martes que con Luis Enrique Ram\u00edrez qued\u00f3 en buenos t\u00e9rminos, pues el litigio ya no avanz\u00f3; esta situaci\u00f3n hab\u00eda sido corroborada por el mismo articulista de El Debate.<\/p>\n<p>&nbsp;<\/p>\n<p>En el caso de Guerra Ochoa, Cu\u00e9n dijo que estaban en el tr\u00e1nsito para terminar con la querella ahora que eran compa\u00f1eros de gabinete. El ex rector entabl\u00f3 la querella contra Tere en su car\u00e1cter de articulista de El Debate y colaboradora de L\u00ednea Directa.<\/p>\n<p>&nbsp;<\/p>\n<p>Sin embargo, Rocha Moya anunci\u00f3 el lunes pasado en su conferencia semanera que envi\u00f3 una circular a sus funcionarios de que se desistieran de cualquier demanda contra cualquier periodista, pues en su gobierno no se litigar\u00eda contra comunicadores despu\u00e9s del asesinato de Luis Enrique Ram\u00edrez.<\/p>\n<p>&nbsp;<\/p>\n<p>Este mi\u00e9rcoles por la ma\u00f1ana, emplaz\u00f3 a Cu\u00e9n para presentar evidencias de que hab\u00eda retirado dichas demandas, pero ya esta tarde corri\u00f3 como reguero de p\u00f3lvora el cese fulminante del cargo de Secretario de Salud de Sinaloa.<\/p>\n<p>&nbsp;<\/p>\n<p>Desde hace meses, Rocha inici\u00f3 una embestida contra su ahora ex secretario de debido a diferencias pol\u00edticas insalvables, a pesar de que ambos forjaron una alianza para ir juntos en la campa\u00f1a. Hoy, esos barruntos de tormenta, se confirma con la salida de Cu\u00e9n del gabinete estatal.<\/p>\n<p>&nbsp;<\/p>\n<p>(Publicada el 11\/05\/2022<\/p>\n","protected":false},"excerpt":{"rendered":"<p>CULIAC\u00c1N, SINALOA. MX. \u2014 Sobre aviso no hay enga\u00f1o, esta tarde se hizo p\u00fablica la&#8230;<\/p>\n","protected":false},"author":1,"featured_media":138331,"comment_status":"open","ping_status":"open","sticky":false,"template":"","format":"standard","meta":{"_monsterinsights_skip_tracking":false,"_monsterinsights_sitenote_active":false,"_monsterinsights_sitenote_note":"","_monsterinsights_sitenote_category":0,"footnotes":""},"categories":[5],"tags":[],"class_list":["post"],"yoast_head":" \n<title>Sonora en Equipo. Gobernador de Sinaloa cesa de manera fulminante al Secretario de Salud, H\u00e9ctor Melesio Cu\u00e9n Rep\u00fablica<\/title>\n<meta name=\"description\" content=\"CULIAC\u00c1N, SINALOA. MX. \u2014 Sobre aviso no hay enga\u00f1o, esta tarde se hizo p\u00fablica la remoci\u00f3n H\u00e9ctor Melesio Cu\u00e9n Ojeda como secretario de Salud, luego de En Sonora en Equipo publicamos toda la informaci\u00f3n de Sonora, M\u00e9xico y el Mundo de manera oportuna y busca que la libertad de expresi\u00f3n sea real. Visita nuestro medio informativo publicado desde Hermosillo, Sonora. %\" \/>\n<meta name=\"robots\" content=\"index, follow, max-snippet:-1, max-image-preview:large, max-video-preview:-1\" \/>\n<link rel=\"canonical\" href=\"https:\/\/www.sonoraenequipo.com.mx\/gobernador-de-sinaloa-cesa-de-manera-fulminante-al-secretario-de-salud-hector-melesio-cuen\/\" \/>\n<meta property=\"og:locale\" content=\"es_ES\" \/>\n<meta property=\"og:type\" content=\"article\" \/>\n<meta property=\"og:title\" content=\"Sonora en Equipo. Gobernador de Sinaloa cesa de manera fulminante al Secretario de Salud, H\u00e9ctor Melesio Cu\u00e9n Rep\u00fablica\" \/>\n<meta property=\"og:description\" content=\"CULIAC\u00c1N, SINALOA. MX. \u2014 Sobre aviso no hay enga\u00f1o, esta tarde se hizo p\u00fablica la remoci\u00f3n H\u00e9ctor Melesio Cu\u00e9n Ojeda como secretario de Salud, luego de En Sonora en Equipo publicamos toda la informaci\u00f3n de Sonora, M\u00e9xico y el Mundo de manera oportuna y busca que la libertad de expresi\u00f3n sea real. Visita nuestro medio informativo publicado desde Hermosillo, Sonora. %\" \/>\n<meta property=\"og:url\" content=\"https:\/\/www.sonoraenequipo.com.mx\/gobernador-de-sinaloa-cesa-de-manera-fulminante-al-secretario-de-salud-hector-melesio-cuen\/\" \/>\n<meta property=\"og:site_name\" content=\"Sonora en Equipo.\" \/>\n<meta property=\"article:publisher\" content=\"https:\/\/www.facebook.com\/SonoraEE\/\" \/>\n<meta property=\"article:author\" content=\"https:\/\/www.facebook.com\/SonoraEE\" \/>\n<meta property=\"article:published_time\" content=\"2022-05-12T02:25:32+00:00\" \/>\n<meta property=\"article:modified_time\" content=\"2022-05-12T03:55:34+00:00\" \/>\n<meta property=\"og:image\" content=\"https:\/\/www.sonoraenequipo.com.mx\/storage\/2022\/05\/rocha-moya-cuen-individuales.jpg\" \/>\n\t<meta property=\"og:image:width\" content=\"700\" \/>\n\t<meta property=\"og:image:height\" content=\"400\" \/>\n\t<meta property=\"og:image:type\" content=\"image\/jpeg\" \/>\n<meta name=\"author\" content=\"enequipo\" \/>\n<meta name=\"twitter:card\" content=\"summary_large_image\" \/>\n<meta name=\"twitter:creator\" content=\"@sonoraenequipo\" \/>\n<meta name=\"twitter:site\" content=\"@sonoraenequipo\" \/>\n<meta name=\"twitter:label1\" content=\"Escrito por\" \/>\n\t<meta name=\"twitter:data1\" content=\"enequipo\" \/>\n\t<meta name=\"twitter:label2\" content=\"Tiempo de lectura\" \/>\n\t<meta name=\"twitter:data2\" content=\"2 minutos\" \/>\n<script type=\"application\/ld+json\" class=\"yoast-schema-graph\">{\"@context\":\"https:\/\/schema.org\",\"@graph\":[{\"@type\":\"Article\",\"@id\":\"https:\/\/www.sonoraenequipo.com.mx\/gobernador-de-sinaloa-cesa-de-manera-fulminante-al-secretario-de-salud-hector-melesio-cuen\/#article\",\"isPartOf\":{\"@id\":\"https:\/\/www.sonoraenequipo.com.mx\/gobernador-de-sinaloa-cesa-de-manera-fulminante-al-secretario-de-salud-hector-melesio-cuen\/\"},\"author\":{\"name\":\"enequipo\",\"@id\":\"https:\/\/www.sonoraenequipo.com.mx\/#\/schema\/person\/50102df0fb23a8fa9e8effad8fa81386\"},\"headline\":\"Gobernador de Sinaloa cesa de manera fulminante al Secretario de Salud, H\u00e9ctor Melesio Cu\u00e9n\",\"datePublished\":\"2022-05-12T02:25:32+00:00\",\"dateModified\":\"2022-05-12T03:55:34+00:00\",\"mainEntityOfPage\":{\"@id\":\"https:\/\/www.sonoraenequipo.com.mx\/gobernador-de-sinaloa-cesa-de-manera-fulminante-al-secretario-de-salud-hector-melesio-cuen\/\"},\"wordCount\":374,\"commentCount\":0,\"publisher\":{\"@id\":\"https:\/\/www.sonoraenequipo.com.mx\/#organization\"},\"image\":{\"@id\":\"https:\/\/www.sonoraenequipo.com.mx\/gobernador-de-sinaloa-cesa-de-manera-fulminante-al-secretario-de-salud-hector-melesio-cuen\/#primaryimage\"},\"thumbnailUrl\":\"https:\/\/www.sonoraenequipo.com.mx\/storage\/2022\/05\/rocha-moya-cuen-individuales.jpg\",\"articleSection\":[\"Rep\u00fablica\"],\"inLanguage\":\"es\",\"potentialAction\":[{\"@type\":\"CommentAction\",\"name\":\"Comment\",\"target\":[\"https:\/\/www.sonoraenequipo.com.mx\/gobernador-de-sinaloa-cesa-de-manera-fulminante-al-secretario-de-salud-hector-melesio-cuen\/#respond\"]}]},{\"@type\":\"WebPage\",\"@id\":\"https:\/\/www.sonoraenequipo.com.mx\/gobernador-de-sinaloa-cesa-de-manera-fulminante-al-secretario-de-salud-hector-melesio-cuen\/\",\"url\":\"https:\/\/www.sonoraenequipo.com.mx\/gobernador-de-sinaloa-cesa-de-manera-fulminante-al-secretario-de-salud-hector-melesio-cuen\/\",\"name\":\"Sonora en Equipo. Gobernador de Sinaloa cesa de manera fulminante al Secretario de Salud, H\u00e9ctor Melesio Cu\u00e9n Rep\u00fablica\",\"isPartOf\":{\"@id\":\"https:\/\/www.sonoraenequipo.com.mx\/#website\"},\"primaryImageOfPage\":{\"@id\":\"https:\/\/www.sonoraenequipo.com.mx\/gobernador-de-sinaloa-cesa-de-manera-fulminante-al-secretario-de-salud-hector-melesio-cuen\/#primaryimage\"},\"image\":{\"@id\":\"https:\/\/www.sonoraenequipo.com.mx\/gobernador-de-sinaloa-cesa-de-manera-fulminante-al-secretario-de-salud-hector-melesio-cuen\/#primaryimage\"},\"thumbnailUrl\":\"https:\/\/www.sonoraenequipo.com.mx\/storage\/2022\/05\/rocha-moya-cuen-individuales.jpg\",\"datePublished\":\"2022-05-12T02:25:32+00:00\",\"dateModified\":\"2022-05-12T03:55:34+00:00\",\"description\":\"CULIAC\u00c1N, SINALOA. MX. \u2014 Sobre aviso no hay enga\u00f1o, esta tarde se hizo p\u00fablica la remoci\u00f3n H\u00e9ctor Melesio Cu\u00e9n Ojeda como secretario de Salud, luego de En Sonora en Equipo publicamos toda la informaci\u00f3n de Sonora, M\u00e9xico y el Mundo de manera oportuna y busca que la libertad de expresi\u00f3n sea real. Visita nuestro medio informativo publicado desde Hermosillo, Sonora. %\",\"breadcrumb\":{\"@id\":\"https:\/\/www.sonoraenequipo.com.mx\/gobernador-de-sinaloa-cesa-de-manera-fulminante-al-secretario-de-salud-hector-melesio-cuen\/#breadcrumb\"},\"inLanguage\":\"es\",\"potentialAction\":[{\"@type\":\"ReadAction\",\"target\":[\"https:\/\/www.sonoraenequipo.com.mx\/gobernador-de-sinaloa-cesa-de-manera-fulminante-al-secretario-de-salud-hector-melesio-cuen\/\"]}]},{\"@type\":\"ImageObject\",\"inLanguage\":\"es\",\"@id\":\"https:\/\/www.sonoraenequipo.com.mx\/gobernador-de-sinaloa-cesa-de-manera-fulminante-al-secretario-de-salud-hector-melesio-cuen\/#primaryimage\",\"url\":\"https:\/\/www.sonoraenequipo.com.mx\/storage\/2022\/05\/rocha-moya-cuen-individuales.jpg\",\"contentUrl\":\"https:\/\/www.sonoraenequipo.com.mx\/storage\/2022\/05\/rocha-moya-cuen-individuales.jpg\",\"width\":700,\"height\":400},{\"@type\":\"BreadcrumbList\",\"@id\":\"https:\/\/www.sonoraenequipo.com.mx\/gobernador-de-sinaloa-cesa-de-manera-fulminante-al-secretario-de-salud-hector-melesio-cuen\/#breadcrumb\",\"itemListElement\":[{\"@type\":\"ListItem\",\"position\":1,\"name\":\"Portada\",\"item\":\"https:\/\/www.sonoraenequipo.com.mx\/\"},{\"@type\":\"ListItem\",\"position\":2,\"name\":\"Gobernador de Sinaloa cesa de manera fulminante al Secretario de Salud, H\u00e9ctor Melesio Cu\u00e9n\"}]},{\"@type\":\"WebSite\",\"@id\":\"https:\/\/www.sonoraenequipo.com.mx\/#website\",\"url\":\"https:\/\/www.sonoraenequipo.com.mx\/\",\"name\":\"Sonora en Equipo.\",\"description\":\"Diario en l\u00ednea con Noticias desde Hermosillo, Sonora\",\"publisher\":{\"@id\":\"https:\/\/www.sonoraenequipo.com.mx\/#organization\"},\"potentialAction\":[{\"@type\":\"SearchAction\",\"target\":{\"@type\":\"EntryPoint\",\"urlTemplate\":\"https:\/\/www.sonoraenequipo.com.mx\/?s={search_term_string}\"},\"query-input\":{\"@type\":\"PropertyValueSpecification\",\"valueRequired\":true,\"valueName\":\"search_term_string\"}}],\"inLanguage\":\"es\"},{\"@type\":\"Organization\",\"@id\":\"https:\/\/www.sonoraenequipo.com.mx\/#organization\",\"name\":\"Sonoraenequipo.com.mx\",\"url\":\"https:\/\/www.sonoraenequipo.com.mx\/\",\"logo\":{\"@type\":\"ImageObject\",\"inLanguage\":\"es\",\"@id\":\"https:\/\/www.sonoraenequipo.com.mx\/#\/schema\/logo\/image\/\",\"url\":\"https:\/\/www.sonoraenequipo.com.mx\/storage\/2019\/01\/sonoraenequipo_opt.png\",\"contentUrl\":\"https:\/\/www.sonoraenequipo.com.mx\/storage\/2019\/01\/sonoraenequipo_opt.png\",\"width\":375,\"height\":125,\"caption\":\"Sonoraenequipo.com.mx\"},\"image\":{\"@id\":\"https:\/\/www.sonoraenequipo.com.mx\/#\/schema\/logo\/image\/\"},\"sameAs\":[\"https:\/\/www.facebook.com\/SonoraEE\/\",\"https:\/\/x.com\/sonoraenequipo\",\"https:\/\/www.youtube.com\/channel\/UC338nW-lPEYmJQs4ZABQ1SQ\"]},{\"@type\":\"Person\",\"@id\":\"https:\/\/www.sonoraenequipo.com.mx\/#\/schema\/person\/50102df0fb23a8fa9e8effad8fa81386\",\"name\":\"enequipo\",\"image\":{\"@type\":\"ImageObject\",\"inLanguage\":\"es\",\"@id\":\"https:\/\/www.sonoraenequipo.com.mx\/#\/schema\/person\/image\/\",\"url\":\"https:\/\/secure.gravatar.com\/avatar\/049821681b589dabc0bc20695993ccebb09f5b5d4d790cd9251b97faac7c652b?s=96&d=blank&r=g\",\"contentUrl\":\"https:\/\/secure.gravatar.com\/avatar\/049821681b589dabc0bc20695993ccebb09f5b5d4d790cd9251b97faac7c652b?s=96&d=blank&r=g\",\"caption\":\"enequipo\"},\"sameAs\":[\"https:\/\/www.facebook.com\/SonoraEE\"]}]}<\/script>\n ","yoast_head_json":{"title":"Sonora en Equipo. Gobernador de Sinaloa cesa de manera fulminante al Secretario de Salud, H\u00e9ctor Melesio Cu\u00e9n Rep\u00fablica","description":"CULIAC\u00c1N, SINALOA. MX. \u2014 Sobre aviso no hay enga\u00f1o, esta tarde se hizo p\u00fablica la remoci\u00f3n H\u00e9ctor Melesio Cu\u00e9n Ojeda como secretario de Salud, luego de En Sonora en Equipo publicamos toda la informaci\u00f3n de Sonora, M\u00e9xico y el Mundo de manera oportuna y busca que la libertad de expresi\u00f3n sea real. Visita nuestro medio informativo publicado desde Hermosillo, Sonora. %","robots":{"index":"index","follow":"follow","max-snippet":"max-snippet:-1","max-image-preview":"max-image-preview:large","max-video-preview":"max-video-preview:-1"},"canonical":"https:\/\/www.sonoraenequipo.com.mx\/gobernador-de-sinaloa-cesa-de-manera-fulminante-al-secretario-de-salud-hector-melesio-cuen\/","og_locale":"es_ES","og_type":"article","og_title":"Sonora en Equipo. Gobernador de Sinaloa cesa de manera fulminante al Secretario de Salud, H\u00e9ctor Melesio Cu\u00e9n Rep\u00fablica","og_description":"CULIAC\u00c1N, SINALOA. MX. \u2014 Sobre aviso no hay enga\u00f1o, esta tarde se hizo p\u00fablica la remoci\u00f3n H\u00e9ctor Melesio Cu\u00e9n Ojeda como secretario de Salud, luego de En Sonora en Equipo publicamos toda la informaci\u00f3n de Sonora, M\u00e9xico y el Mundo de manera oportuna y busca que la libertad de expresi\u00f3n sea real. Visita nuestro medio informativo publicado desde Hermosillo, Sonora. %","og_url":"https:\/\/www.sonoraenequipo.com.mx\/gobernador-de-sinaloa-cesa-de-manera-fulminante-al-secretario-de-salud-hector-melesio-cuen\/","og_site_name":"Sonora en Equipo.","article_publisher":"https:\/\/www.facebook.com\/SonoraEE\/","article_author":"https:\/\/www.facebook.com\/SonoraEE","article_published_time":"2022-05-12T02:25:32+00:00","article_modified_time":"2022-05-12T03:55:34+00:00","og_image":[{"width":700,"height":400,"url":"https:\/\/www.sonoraenequipo.com.mx\/storage\/2022\/05\/rocha-moya-cuen-individuales.jpg","type":"image\/jpeg"}],"author":"enequipo","twitter_card":"summary_large_image","twitter_creator":"@sonoraenequipo","twitter_site":"@sonoraenequipo","twitter_misc":{"Escrito por":"enequipo","Tiempo de lectura":"2 minutos"},"schema":{"@context":"https:\/\/schema.org","@graph":[{"@type":"Article","@id":"https:\/\/www.sonoraenequipo.com.mx\/gobernador-de-sinaloa-cesa-de-manera-fulminante-al-secretario-de-salud-hector-melesio-cuen\/#article","isPartOf":{"@id":"https:\/\/www.sonoraenequipo.com.mx\/gobernador-de-sinaloa-cesa-de-manera-fulminante-al-secretario-de-salud-hector-melesio-cuen\/"},"author":{"name":"enequipo","@id":"https:\/\/www.sonoraenequipo.com.mx\/#\/schema\/person\/50102df0fb23a8fa9e8effad8fa81386"},"headline":"Gobernador de Sinaloa cesa de manera fulminante al Secretario de Salud, H\u00e9ctor Melesio Cu\u00e9n","datePublished":"2022-05-12T02:25:32+00:00","dateModified":"2022-05-12T03:55:34+00:00","mainEntityOfPage":{"@id":"https:\/\/www.sonoraenequipo.com.mx\/gobernador-de-sinaloa-cesa-de-manera-fulminante-al-secretario-de-salud-hector-melesio-cuen\/"},"wordCount":374,"commentCount":0,"publisher":{"@id":"https:\/\/www.sonoraenequipo.com.mx\/#organization"},"image":{"@id":"https:\/\/www.sonoraenequipo.com.mx\/gobernador-de-sinaloa-cesa-de-manera-fulminante-al-secretario-de-salud-hector-melesio-cuen\/#primaryimage"},"thumbnailUrl":"https:\/\/www.sonoraenequipo.com.mx\/storage\/2022\/05\/rocha-moya-cuen-individuales.jpg","articleSection":["Rep\u00fablica"],"inLanguage":"es","potentialAction":[{"@type":"CommentAction","name":"Comment","target":["https:\/\/www.sonoraenequipo.com.mx\/gobernador-de-sinaloa-cesa-de-manera-fulminante-al-secretario-de-salud-hector-melesio-cuen\/#respond"]}]},{"@type":"WebPage","@id":"https:\/\/www.sonoraenequipo.com.mx\/gobernador-de-sinaloa-cesa-de-manera-fulminante-al-secretario-de-salud-hector-melesio-cuen\/","url":"https:\/\/www.sonoraenequipo.com.mx\/gobernador-de-sinaloa-cesa-de-manera-fulminante-al-secretario-de-salud-hector-melesio-cuen\/","name":"Sonora en Equipo. Gobernador de Sinaloa cesa de manera fulminante al Secretario de Salud, H\u00e9ctor Melesio Cu\u00e9n Rep\u00fablica","isPartOf":{"@id":"https:\/\/www.sonoraenequipo.com.mx\/#website"},"primaryImageOfPage":{"@id":"https:\/\/www.sonoraenequipo.com.mx\/gobernador-de-sinaloa-cesa-de-manera-fulminante-al-secretario-de-salud-hector-melesio-cuen\/#primaryimage"},"image":{"@id":"https:\/\/www.sonoraenequipo.com.mx\/gobernador-de-sinaloa-cesa-de-manera-fulminante-al-secretario-de-salud-hector-melesio-cuen\/#primaryimage"},"thumbnailUrl":"https:\/\/www.sonoraenequipo.com.mx\/storage\/2022\/05\/rocha-moya-cuen-individuales.jpg","datePublished":"2022-05-12T02:25:32+00:00","dateModified":"2022-05-12T03:55:34+00:00","description":"CULIAC\u00c1N, SINALOA. MX. \u2014 Sobre aviso no hay enga\u00f1o, esta tarde se hizo p\u00fablica la remoci\u00f3n H\u00e9ctor Melesio Cu\u00e9n Ojeda como secretario de Salud, luego de En Sonora en Equipo publicamos toda la informaci\u00f3n de Sonora, M\u00e9xico y el Mundo de manera oportuna y busca que la libertad de expresi\u00f3n sea real. Visita nuestro medio informativo publicado desde Hermosillo, Sonora. %","breadcrumb":{"@id":"https:\/\/www.sonoraenequipo.com.mx\/gobernador-de-sinaloa-cesa-de-manera-fulminante-al-secretario-de-salud-hector-melesio-cuen\/#breadcrumb"},"inLanguage":"es","potentialAction":[{"@type":"ReadAction","target":["https:\/\/www.sonoraenequipo.com.mx\/gobernador-de-sinaloa-cesa-de-manera-fulminante-al-secretario-de-salud-hector-melesio-cuen\/"]}]},{"@type":"ImageObject","inLanguage":"es","@id":"https:\/\/www.sonoraenequipo.com.mx\/gobernador-de-sinaloa-cesa-de-manera-fulminante-al-secretario-de-salud-hector-melesio-cuen\/#primaryimage","url":"https:\/\/www.sonoraenequipo.com.mx\/storage\/2022\/05\/rocha-moya-cuen-individuales.jpg","contentUrl":"https:\/\/www.sonoraenequipo.com.mx\/storage\/2022\/05\/rocha-moya-cuen-individuales.jpg","width":700,"height":400},{"@type":"BreadcrumbList","@id":"https:\/\/www.sonoraenequipo.com.mx\/gobernador-de-sinaloa-cesa-de-manera-fulminante-al-secretario-de-salud-hector-melesio-cuen\/#breadcrumb","itemListElement":[{"@type":"ListItem","position":1,"name":"Portada","item":"https:\/\/www.sonoraenequipo.com.mx\/"},{"@type":"ListItem","position":2,"name":"Gobernador de Sinaloa cesa de manera fulminante al Secretario de Salud, H\u00e9ctor Melesio Cu\u00e9n"}]},{"@type":"WebSite","@id":"https:\/\/www.sonoraenequipo.com.mx\/#website","url":"https:\/\/www.sonoraenequipo.com.mx\/","name":"Sonora en Equipo.","description":"Diario en l\u00ednea con Noticias desde Hermosillo, Sonora","publisher":{"@id":"https:\/\/www.sonoraenequipo.com.mx\/#organization"},"potentialAction":[{"@type":"SearchAction","target":{"@type":"EntryPoint","urlTemplate":"https:\/\/www.sonoraenequipo.com.mx\/?s={search_term_string}"},"query-input":{"@type":"PropertyValueSpecification","valueRequired":true,"valueName":"search_term_string"}}],"inLanguage":"es"},{"@type":"Organization","@id":"https:\/\/www.sonoraenequipo.com.mx\/#organization","name":"Sonoraenequipo.com.mx","url":"https:\/\/www.sonoraenequipo.com.mx\/","logo":{"@type":"ImageObject","inLanguage":"es","@id":"https:\/\/www.sonoraenequipo.com.mx\/#\/schema\/logo\/image\/","url":"https:\/\/www.sonoraenequipo.com.mx\/storage\/2019\/01\/sonoraenequipo_opt.png","contentUrl":"https:\/\/www.sonoraenequipo.com.mx\/storage\/2019\/01\/sonoraenequipo_opt.png","width":375,"height":125,"caption":"Sonoraenequipo.com.mx"},"image":{"@id":"https:\/\/www.sonoraenequipo.com.mx\/#\/schema\/logo\/image\/"},"sameAs":["https:\/\/www.facebook.com\/SonoraEE\/","https:\/\/x.com\/sonoraenequipo","https:\/\/www.youtube.com\/channel\/UC338nW-lPEYmJQs4ZABQ1SQ"]},{"@type":"Person","@id":"https:\/\/www.sonoraenequipo.com.mx\/#\/schema\/person\/50102df0fb23a8fa9e8effad8fa81386","name":"enequipo","image":{"@type":"ImageObject","inLanguage":"es","@id":"https:\/\/www.sonoraenequipo.com.mx\/#\/schema\/person\/image\/","url":"https:\/\/secure.gravatar.com\/avatar\/049821681b589dabc0bc20695993ccebb09f5b5d4d790cd9251b97faac7c652b?s=96&d=blank&r=g","contentUrl":"https:\/\/secure.gravatar.com\/avatar\/049821681b589dabc0bc20695993ccebb09f5b5d4d790cd9251b97faac7c652b?s=96&d=blank&r=g","caption":"enequipo"},"sameAs":["https:\/\/www.facebook.com\/SonoraEE"]}]}},"jetpack_featured_media_url":"https:\/\/www.sonoraenequipo.com.mx\/storage\/2022\/05\/rocha-moya-cuen-individuales.jpg","_links":{"self":[{"href":"https:\/\/www.sonoraenequipo.com.mx\/api\/wp\/v2\/posts\/138330","targetHints":{"allow":["GET"]}}],"collection":[{"href":"https:\/\/www.sonoraenequipo.com.mx\/api\/wp\/v2\/posts"}],"about":[{"href":"https:\/\/www.sonoraenequipo.com.mx\/api\/wp\/v2\/types\/post"}],"author":[{"embeddable":true,"href":"https:\/\/www.sonoraenequipo.com.mx\/api\/wp\/v2\/users\/1"}],"replies":[{"embeddable":true,"href":"https:\/\/www.sonoraenequipo.com.mx\/api\/wp\/v2\/comments?post=138330"}],"version-history":[{"count":1,"href":"https:\/\/www.sonoraenequipo.com.mx\/api\/wp\/v2\/posts\/138330\/revisions"}],"predecessor-version":[{"id":138332,"href":"https:\/\/www.sonoraenequipo.com.mx\/api\/wp\/v2\/posts\/138330\/revisions\/138332"}],"wp:featuredmedia":[{"embeddable":true,"href":"https:\/\/www.sonoraenequipo.com.mx\/api\/wp\/v2\/media\/138331"}],"wp:attachment":[{"href":"https:\/\/www.sonoraenequipo.com.mx\/api\/wp\/v2\/media?parent=138330"}],"wp:term":[{"taxonomy":"category","embeddable":true,"href":"https:\/\/www.sonoraenequipo.com.mx\/api\/wp\/v2\/categories?post=138330"},{"taxonomy":"post_tag","embeddable":true,"href":"https:\/\/www.sonoraenequipo.com.mx\/api\/wp\/v2\/tags?post=138330"}],"curies":[{"name":"wp","href":"https:\/\/api.w.org\/{rel}","templated":true}]}}