{"id":138484,"date":"2022-05-14T08:06:44","date_gmt":"2022-05-14T15:06:44","guid":{"rendered":"https:\/\/www.sonoraenequipo.com.mx\/?p=138484"},"modified":"2022-05-14T12:02:43","modified_gmt":"2022-05-14T19:02:43","slug":"ucrania-confia-que-combates-de-rusia-terminen-antes-de-final-del-ano-y-con-la-caida-de-putin","status":"publish","type":"post","link":"https:\/\/www.sonoraenequipo.com.mx\/ucrania-confia-que-combates-de-rusia-terminen-antes-de-final-del-ano-y-con-la-caida-de-putin\/","title":{"rendered":"Ucrania conf\u00eda que combates de Rusia terminen antes de final del a\u00f1o y con la ca\u00edda de Putin"},"content":{"rendered":"<p><strong>UCRANIA.<\/strong> \u2014\u00a0 El responsable de la inteligencia militar ucraniana, el general Kyrylo Budanov, ha afirmado que espera un \u201cpunto de inflexi\u00f3n\u201d en la guerra en la segunda mitad de agosto y que la mayor\u00eda de \u201cacciones de combate activas\u201d con Rusia habr\u00e1n terminado antes de que concluya el a\u00f1o.<\/p>\n<p>&nbsp;<\/p>\n<p> <\/p>\n<p>&nbsp;<\/p>\n<p>En una entrevista con el canal brit\u00e1nico \u201cSky News\u201d emitida este s\u00e1bado, Budanov se declar\u00f3 \u201coptimista\u201d sobre el curso de la guerra. \u201cVamos a renovar el control ucraniano en todos los territorios que hemos perdido, incluidos el Donb\u00e1s y Crimea\u201d, sostuvo.<\/p>\n<p>&nbsp;<\/p>\n<p>\u201cHemos estado luchando contra Rusia durante ocho a\u00f1os y podemos decir que el tan publicitado potencial de Rusia es un mito. No es tan poderosa. Son una horda de gente con armas\u201d, se\u00f1al\u00f3 el jefe de inteligencia.<\/p>\n<p>&nbsp;<\/p>\n<p>Budanov consider\u00f3 asimismo que la invasi\u00f3n de Ucrania ordenada por el Kremlin acabar\u00e1 llevando a la ca\u00edda del presidente ruso, Vladimir Putin.<\/p>\n<p>&nbsp;<\/p>\n<p>\u201cConducir\u00e1 eventualmente a un cambio de liderazgo en la Federaci\u00f3n Rusa. Ese proceso ya ha comenzado, est\u00e1n avanzando en esa direcci\u00f3n\u201d, dijo el mando militar, que asegur\u00f3 que Putin est\u00e1 <em>\u201cmuy enfermo\u201d<\/em>, con una \u201cmuy mala salud psicol\u00f3gica y f\u00edsica\u201d.<\/p>\n<p>&nbsp;<\/p>\n<p>Subray\u00f3 asimismo que las tropas rusas han sufrido \u201cimportantes p\u00e9rdidas, tanto en personal como en veh\u00edculos blindados\u201d, cuando trataban de cruzar el r\u00edo Donets en su intento de controlar el sur del Donb\u00e1s.<\/p>\n<p>&nbsp;<\/p>\n<p><em>\u201cCuando se produjeron los ataques de artiller\u00eda (ucranianos), mucho de su personal abandon\u00f3 sus equipos\u201d,<\/em> describi\u00f3 Budanov.<\/p>\n<p>&nbsp;<\/p>\n<p>(Publicada el 14\/05\/2022 \/EFE)<\/p>\n","protected":false},"excerpt":{"rendered":"<p>UCRANIA. \u2014\u00a0 El responsable de la inteligencia militar ucraniana, el general Kyrylo Budanov, ha afirmado&#8230;<\/p>\n","protected":false},"author":1,"featured_media":138489,"comment_status":"open","ping_status":"open","sticky":false,"template":"","format":"standard","meta":{"_monsterinsights_skip_tracking":false,"_monsterinsights_sitenote_active":false,"_monsterinsights_sitenote_note":"","_monsterinsights_sitenote_category":0,"footnotes":""},"categories":[3],"tags":[],"class_list":["post"],"yoast_head":" \n<title>Sonora en Equipo. Ucrania conf\u00eda que combates de Rusia terminen antes de final del a\u00f1o y con la ca\u00edda de Putin MUNDO<\/title>\n<meta name=\"description\" content=\"UCRANIA. \u2014\u00a0 El responsable de la inteligencia militar ucraniana, el general Kyrylo Budanov, ha afirmado que espera un \u201cpunto de inflexi\u00f3n\u201d en la guerra en En Sonora en Equipo publicamos toda la informaci\u00f3n de Sonora, M\u00e9xico y el Mundo de manera oportuna y busca que la libertad de expresi\u00f3n sea real. Visita nuestro medio informativo publicado desde Hermosillo, Sonora. %\" \/>\n<meta name=\"robots\" content=\"index, follow, max-snippet:-1, max-image-preview:large, max-video-preview:-1\" \/>\n<link rel=\"canonical\" href=\"https:\/\/www.sonoraenequipo.com.mx\/ucrania-confia-que-combates-de-rusia-terminen-antes-de-final-del-ano-y-con-la-caida-de-putin\/\" \/>\n<meta property=\"og:locale\" content=\"es_ES\" \/>\n<meta property=\"og:type\" content=\"article\" \/>\n<meta property=\"og:title\" content=\"Sonora en Equipo. Ucrania conf\u00eda que combates de Rusia terminen antes de final del a\u00f1o y con la ca\u00edda de Putin MUNDO\" \/>\n<meta property=\"og:description\" content=\"UCRANIA. \u2014\u00a0 El responsable de la inteligencia militar ucraniana, el general Kyrylo Budanov, ha afirmado que espera un \u201cpunto de inflexi\u00f3n\u201d en la guerra en En Sonora en Equipo publicamos toda la informaci\u00f3n de Sonora, M\u00e9xico y el Mundo de manera oportuna y busca que la libertad de expresi\u00f3n sea real. Visita nuestro medio informativo publicado desde Hermosillo, Sonora. %\" \/>\n<meta property=\"og:url\" content=\"https:\/\/www.sonoraenequipo.com.mx\/ucrania-confia-que-combates-de-rusia-terminen-antes-de-final-del-ano-y-con-la-caida-de-putin\/\" \/>\n<meta property=\"og:site_name\" content=\"Sonora en Equipo.\" \/>\n<meta property=\"article:publisher\" content=\"https:\/\/www.facebook.com\/SonoraEE\/\" \/>\n<meta property=\"article:author\" content=\"https:\/\/www.facebook.com\/SonoraEE\" \/>\n<meta property=\"article:published_time\" content=\"2022-05-14T15:06:44+00:00\" \/>\n<meta property=\"article:modified_time\" content=\"2022-05-14T19:02:43+00:00\" \/>\n<meta property=\"og:image\" content=\"https:\/\/www.sonoraenequipo.com.mx\/storage\/2022\/05\/ataques-rusos.jpg\" \/>\n\t<meta property=\"og:image:width\" content=\"700\" \/>\n\t<meta property=\"og:image:height\" content=\"400\" \/>\n\t<meta property=\"og:image:type\" content=\"image\/jpeg\" \/>\n<meta name=\"author\" content=\"enequipo\" \/>\n<meta name=\"twitter:card\" content=\"summary_large_image\" \/>\n<meta name=\"twitter:creator\" content=\"@sonoraenequipo\" \/>\n<meta name=\"twitter:site\" content=\"@sonoraenequipo\" \/>\n<meta name=\"twitter:label1\" content=\"Escrito por\" \/>\n\t<meta name=\"twitter:data1\" content=\"enequipo\" \/>\n\t<meta name=\"twitter:label2\" content=\"Tiempo de lectura\" \/>\n\t<meta name=\"twitter:data2\" content=\"1 minuto\" \/>\n<script type=\"application\/ld+json\" class=\"yoast-schema-graph\">{\"@context\":\"https:\/\/schema.org\",\"@graph\":[{\"@type\":\"Article\",\"@id\":\"https:\/\/www.sonoraenequipo.com.mx\/ucrania-confia-que-combates-de-rusia-terminen-antes-de-final-del-ano-y-con-la-caida-de-putin\/#article\",\"isPartOf\":{\"@id\":\"https:\/\/www.sonoraenequipo.com.mx\/ucrania-confia-que-combates-de-rusia-terminen-antes-de-final-del-ano-y-con-la-caida-de-putin\/\"},\"author\":{\"name\":\"enequipo\",\"@id\":\"https:\/\/www.sonoraenequipo.com.mx\/#\/schema\/person\/50102df0fb23a8fa9e8effad8fa81386\"},\"headline\":\"Ucrania conf\u00eda que combates de Rusia terminen antes de final del a\u00f1o y con la ca\u00edda de Putin\",\"datePublished\":\"2022-05-14T15:06:44+00:00\",\"dateModified\":\"2022-05-14T19:02:43+00:00\",\"mainEntityOfPage\":{\"@id\":\"https:\/\/www.sonoraenequipo.com.mx\/ucrania-confia-que-combates-de-rusia-terminen-antes-de-final-del-ano-y-con-la-caida-de-putin\/\"},\"wordCount\":291,\"commentCount\":0,\"publisher\":{\"@id\":\"https:\/\/www.sonoraenequipo.com.mx\/#organization\"},\"image\":{\"@id\":\"https:\/\/www.sonoraenequipo.com.mx\/ucrania-confia-que-combates-de-rusia-terminen-antes-de-final-del-ano-y-con-la-caida-de-putin\/#primaryimage\"},\"thumbnailUrl\":\"https:\/\/www.sonoraenequipo.com.mx\/storage\/2022\/05\/ataques-rusos.jpg\",\"articleSection\":[\"MUNDO\"],\"inLanguage\":\"es\",\"potentialAction\":[{\"@type\":\"CommentAction\",\"name\":\"Comment\",\"target\":[\"https:\/\/www.sonoraenequipo.com.mx\/ucrania-confia-que-combates-de-rusia-terminen-antes-de-final-del-ano-y-con-la-caida-de-putin\/#respond\"]}]},{\"@type\":\"WebPage\",\"@id\":\"https:\/\/www.sonoraenequipo.com.mx\/ucrania-confia-que-combates-de-rusia-terminen-antes-de-final-del-ano-y-con-la-caida-de-putin\/\",\"url\":\"https:\/\/www.sonoraenequipo.com.mx\/ucrania-confia-que-combates-de-rusia-terminen-antes-de-final-del-ano-y-con-la-caida-de-putin\/\",\"name\":\"Sonora en Equipo. Ucrania conf\u00eda que combates de Rusia terminen antes de final del a\u00f1o y con la ca\u00edda de Putin MUNDO\",\"isPartOf\":{\"@id\":\"https:\/\/www.sonoraenequipo.com.mx\/#website\"},\"primaryImageOfPage\":{\"@id\":\"https:\/\/www.sonoraenequipo.com.mx\/ucrania-confia-que-combates-de-rusia-terminen-antes-de-final-del-ano-y-con-la-caida-de-putin\/#primaryimage\"},\"image\":{\"@id\":\"https:\/\/www.sonoraenequipo.com.mx\/ucrania-confia-que-combates-de-rusia-terminen-antes-de-final-del-ano-y-con-la-caida-de-putin\/#primaryimage\"},\"thumbnailUrl\":\"https:\/\/www.sonoraenequipo.com.mx\/storage\/2022\/05\/ataques-rusos.jpg\",\"datePublished\":\"2022-05-14T15:06:44+00:00\",\"dateModified\":\"2022-05-14T19:02:43+00:00\",\"description\":\"UCRANIA. \u2014\u00a0 El responsable de la inteligencia militar ucraniana, el general Kyrylo Budanov, ha afirmado que espera un \u201cpunto de inflexi\u00f3n\u201d en la guerra en En Sonora en Equipo publicamos toda la informaci\u00f3n de Sonora, M\u00e9xico y el Mundo de manera oportuna y busca que la libertad de expresi\u00f3n sea real. Visita nuestro medio informativo publicado desde Hermosillo, Sonora. %\",\"breadcrumb\":{\"@id\":\"https:\/\/www.sonoraenequipo.com.mx\/ucrania-confia-que-combates-de-rusia-terminen-antes-de-final-del-ano-y-con-la-caida-de-putin\/#breadcrumb\"},\"inLanguage\":\"es\",\"potentialAction\":[{\"@type\":\"ReadAction\",\"target\":[\"https:\/\/www.sonoraenequipo.com.mx\/ucrania-confia-que-combates-de-rusia-terminen-antes-de-final-del-ano-y-con-la-caida-de-putin\/\"]}]},{\"@type\":\"ImageObject\",\"inLanguage\":\"es\",\"@id\":\"https:\/\/www.sonoraenequipo.com.mx\/ucrania-confia-que-combates-de-rusia-terminen-antes-de-final-del-ano-y-con-la-caida-de-putin\/#primaryimage\",\"url\":\"https:\/\/www.sonoraenequipo.com.mx\/storage\/2022\/05\/ataques-rusos.jpg\",\"contentUrl\":\"https:\/\/www.sonoraenequipo.com.mx\/storage\/2022\/05\/ataques-rusos.jpg\",\"width\":700,\"height\":400},{\"@type\":\"BreadcrumbList\",\"@id\":\"https:\/\/www.sonoraenequipo.com.mx\/ucrania-confia-que-combates-de-rusia-terminen-antes-de-final-del-ano-y-con-la-caida-de-putin\/#breadcrumb\",\"itemListElement\":[{\"@type\":\"ListItem\",\"position\":1,\"name\":\"Portada\",\"item\":\"https:\/\/www.sonoraenequipo.com.mx\/\"},{\"@type\":\"ListItem\",\"position\":2,\"name\":\"Ucrania conf\u00eda que combates de Rusia terminen antes de final del a\u00f1o y con la ca\u00edda de Putin\"}]},{\"@type\":\"WebSite\",\"@id\":\"https:\/\/www.sonoraenequipo.com.mx\/#website\",\"url\":\"https:\/\/www.sonoraenequipo.com.mx\/\",\"name\":\"Sonora en Equipo.\",\"description\":\"Diario en l\u00ednea con Noticias desde Hermosillo, Sonora\",\"publisher\":{\"@id\":\"https:\/\/www.sonoraenequipo.com.mx\/#organization\"},\"potentialAction\":[{\"@type\":\"SearchAction\",\"target\":{\"@type\":\"EntryPoint\",\"urlTemplate\":\"https:\/\/www.sonoraenequipo.com.mx\/?s={search_term_string}\"},\"query-input\":{\"@type\":\"PropertyValueSpecification\",\"valueRequired\":true,\"valueName\":\"search_term_string\"}}],\"inLanguage\":\"es\"},{\"@type\":\"Organization\",\"@id\":\"https:\/\/www.sonoraenequipo.com.mx\/#organization\",\"name\":\"Sonoraenequipo.com.mx\",\"url\":\"https:\/\/www.sonoraenequipo.com.mx\/\",\"logo\":{\"@type\":\"ImageObject\",\"inLanguage\":\"es\",\"@id\":\"https:\/\/www.sonoraenequipo.com.mx\/#\/schema\/logo\/image\/\",\"url\":\"https:\/\/www.sonoraenequipo.com.mx\/storage\/2019\/01\/sonoraenequipo_opt.png\",\"contentUrl\":\"https:\/\/www.sonoraenequipo.com.mx\/storage\/2019\/01\/sonoraenequipo_opt.png\",\"width\":375,\"height\":125,\"caption\":\"Sonoraenequipo.com.mx\"},\"image\":{\"@id\":\"https:\/\/www.sonoraenequipo.com.mx\/#\/schema\/logo\/image\/\"},\"sameAs\":[\"https:\/\/www.facebook.com\/SonoraEE\/\",\"https:\/\/x.com\/sonoraenequipo\",\"https:\/\/www.youtube.com\/channel\/UC338nW-lPEYmJQs4ZABQ1SQ\"]},{\"@type\":\"Person\",\"@id\":\"https:\/\/www.sonoraenequipo.com.mx\/#\/schema\/person\/50102df0fb23a8fa9e8effad8fa81386\",\"name\":\"enequipo\",\"image\":{\"@type\":\"ImageObject\",\"inLanguage\":\"es\",\"@id\":\"https:\/\/www.sonoraenequipo.com.mx\/#\/schema\/person\/image\/\",\"url\":\"https:\/\/secure.gravatar.com\/avatar\/049821681b589dabc0bc20695993ccebb09f5b5d4d790cd9251b97faac7c652b?s=96&d=blank&r=g\",\"contentUrl\":\"https:\/\/secure.gravatar.com\/avatar\/049821681b589dabc0bc20695993ccebb09f5b5d4d790cd9251b97faac7c652b?s=96&d=blank&r=g\",\"caption\":\"enequipo\"},\"sameAs\":[\"https:\/\/www.facebook.com\/SonoraEE\"]}]}<\/script>\n ","yoast_head_json":{"title":"Sonora en Equipo. Ucrania conf\u00eda que combates de Rusia terminen antes de final del a\u00f1o y con la ca\u00edda de Putin MUNDO","description":"UCRANIA. \u2014\u00a0 El responsable de la inteligencia militar ucraniana, el general Kyrylo Budanov, ha afirmado que espera un \u201cpunto de inflexi\u00f3n\u201d en la guerra en En Sonora en Equipo publicamos toda la informaci\u00f3n de Sonora, M\u00e9xico y el Mundo de manera oportuna y busca que la libertad de expresi\u00f3n sea real. Visita nuestro medio informativo publicado desde Hermosillo, Sonora. %","robots":{"index":"index","follow":"follow","max-snippet":"max-snippet:-1","max-image-preview":"max-image-preview:large","max-video-preview":"max-video-preview:-1"},"canonical":"https:\/\/www.sonoraenequipo.com.mx\/ucrania-confia-que-combates-de-rusia-terminen-antes-de-final-del-ano-y-con-la-caida-de-putin\/","og_locale":"es_ES","og_type":"article","og_title":"Sonora en Equipo. Ucrania conf\u00eda que combates de Rusia terminen antes de final del a\u00f1o y con la ca\u00edda de Putin MUNDO","og_description":"UCRANIA. \u2014\u00a0 El responsable de la inteligencia militar ucraniana, el general Kyrylo Budanov, ha afirmado que espera un \u201cpunto de inflexi\u00f3n\u201d en la guerra en En Sonora en Equipo publicamos toda la informaci\u00f3n de Sonora, M\u00e9xico y el Mundo de manera oportuna y busca que la libertad de expresi\u00f3n sea real. Visita nuestro medio informativo publicado desde Hermosillo, Sonora. %","og_url":"https:\/\/www.sonoraenequipo.com.mx\/ucrania-confia-que-combates-de-rusia-terminen-antes-de-final-del-ano-y-con-la-caida-de-putin\/","og_site_name":"Sonora en Equipo.","article_publisher":"https:\/\/www.facebook.com\/SonoraEE\/","article_author":"https:\/\/www.facebook.com\/SonoraEE","article_published_time":"2022-05-14T15:06:44+00:00","article_modified_time":"2022-05-14T19:02:43+00:00","og_image":[{"width":700,"height":400,"url":"https:\/\/www.sonoraenequipo.com.mx\/storage\/2022\/05\/ataques-rusos.jpg","type":"image\/jpeg"}],"author":"enequipo","twitter_card":"summary_large_image","twitter_creator":"@sonoraenequipo","twitter_site":"@sonoraenequipo","twitter_misc":{"Escrito por":"enequipo","Tiempo de lectura":"1 minuto"},"schema":{"@context":"https:\/\/schema.org","@graph":[{"@type":"Article","@id":"https:\/\/www.sonoraenequipo.com.mx\/ucrania-confia-que-combates-de-rusia-terminen-antes-de-final-del-ano-y-con-la-caida-de-putin\/#article","isPartOf":{"@id":"https:\/\/www.sonoraenequipo.com.mx\/ucrania-confia-que-combates-de-rusia-terminen-antes-de-final-del-ano-y-con-la-caida-de-putin\/"},"author":{"name":"enequipo","@id":"https:\/\/www.sonoraenequipo.com.mx\/#\/schema\/person\/50102df0fb23a8fa9e8effad8fa81386"},"headline":"Ucrania conf\u00eda que combates de Rusia terminen antes de final del a\u00f1o y con la ca\u00edda de Putin","datePublished":"2022-05-14T15:06:44+00:00","dateModified":"2022-05-14T19:02:43+00:00","mainEntityOfPage":{"@id":"https:\/\/www.sonoraenequipo.com.mx\/ucrania-confia-que-combates-de-rusia-terminen-antes-de-final-del-ano-y-con-la-caida-de-putin\/"},"wordCount":291,"commentCount":0,"publisher":{"@id":"https:\/\/www.sonoraenequipo.com.mx\/#organization"},"image":{"@id":"https:\/\/www.sonoraenequipo.com.mx\/ucrania-confia-que-combates-de-rusia-terminen-antes-de-final-del-ano-y-con-la-caida-de-putin\/#primaryimage"},"thumbnailUrl":"https:\/\/www.sonoraenequipo.com.mx\/storage\/2022\/05\/ataques-rusos.jpg","articleSection":["MUNDO"],"inLanguage":"es","potentialAction":[{"@type":"CommentAction","name":"Comment","target":["https:\/\/www.sonoraenequipo.com.mx\/ucrania-confia-que-combates-de-rusia-terminen-antes-de-final-del-ano-y-con-la-caida-de-putin\/#respond"]}]},{"@type":"WebPage","@id":"https:\/\/www.sonoraenequipo.com.mx\/ucrania-confia-que-combates-de-rusia-terminen-antes-de-final-del-ano-y-con-la-caida-de-putin\/","url":"https:\/\/www.sonoraenequipo.com.mx\/ucrania-confia-que-combates-de-rusia-terminen-antes-de-final-del-ano-y-con-la-caida-de-putin\/","name":"Sonora en Equipo. Ucrania conf\u00eda que combates de Rusia terminen antes de final del a\u00f1o y con la ca\u00edda de Putin MUNDO","isPartOf":{"@id":"https:\/\/www.sonoraenequipo.com.mx\/#website"},"primaryImageOfPage":{"@id":"https:\/\/www.sonoraenequipo.com.mx\/ucrania-confia-que-combates-de-rusia-terminen-antes-de-final-del-ano-y-con-la-caida-de-putin\/#primaryimage"},"image":{"@id":"https:\/\/www.sonoraenequipo.com.mx\/ucrania-confia-que-combates-de-rusia-terminen-antes-de-final-del-ano-y-con-la-caida-de-putin\/#primaryimage"},"thumbnailUrl":"https:\/\/www.sonoraenequipo.com.mx\/storage\/2022\/05\/ataques-rusos.jpg","datePublished":"2022-05-14T15:06:44+00:00","dateModified":"2022-05-14T19:02:43+00:00","description":"UCRANIA. \u2014\u00a0 El responsable de la inteligencia militar ucraniana, el general Kyrylo Budanov, ha afirmado que espera un \u201cpunto de inflexi\u00f3n\u201d en la guerra en En Sonora en Equipo publicamos toda la informaci\u00f3n de Sonora, M\u00e9xico y el Mundo de manera oportuna y busca que la libertad de expresi\u00f3n sea real. Visita nuestro medio informativo publicado desde Hermosillo, Sonora. %","breadcrumb":{"@id":"https:\/\/www.sonoraenequipo.com.mx\/ucrania-confia-que-combates-de-rusia-terminen-antes-de-final-del-ano-y-con-la-caida-de-putin\/#breadcrumb"},"inLanguage":"es","potentialAction":[{"@type":"ReadAction","target":["https:\/\/www.sonoraenequipo.com.mx\/ucrania-confia-que-combates-de-rusia-terminen-antes-de-final-del-ano-y-con-la-caida-de-putin\/"]}]},{"@type":"ImageObject","inLanguage":"es","@id":"https:\/\/www.sonoraenequipo.com.mx\/ucrania-confia-que-combates-de-rusia-terminen-antes-de-final-del-ano-y-con-la-caida-de-putin\/#primaryimage","url":"https:\/\/www.sonoraenequipo.com.mx\/storage\/2022\/05\/ataques-rusos.jpg","contentUrl":"https:\/\/www.sonoraenequipo.com.mx\/storage\/2022\/05\/ataques-rusos.jpg","width":700,"height":400},{"@type":"BreadcrumbList","@id":"https:\/\/www.sonoraenequipo.com.mx\/ucrania-confia-que-combates-de-rusia-terminen-antes-de-final-del-ano-y-con-la-caida-de-putin\/#breadcrumb","itemListElement":[{"@type":"ListItem","position":1,"name":"Portada","item":"https:\/\/www.sonoraenequipo.com.mx\/"},{"@type":"ListItem","position":2,"name":"Ucrania conf\u00eda que combates de Rusia terminen antes de final del a\u00f1o y con la ca\u00edda de Putin"}]},{"@type":"WebSite","@id":"https:\/\/www.sonoraenequipo.com.mx\/#website","url":"https:\/\/www.sonoraenequipo.com.mx\/","name":"Sonora en Equipo.","description":"Diario en l\u00ednea con Noticias desde Hermosillo, Sonora","publisher":{"@id":"https:\/\/www.sonoraenequipo.com.mx\/#organization"},"potentialAction":[{"@type":"SearchAction","target":{"@type":"EntryPoint","urlTemplate":"https:\/\/www.sonoraenequipo.com.mx\/?s={search_term_string}"},"query-input":{"@type":"PropertyValueSpecification","valueRequired":true,"valueName":"search_term_string"}}],"inLanguage":"es"},{"@type":"Organization","@id":"https:\/\/www.sonoraenequipo.com.mx\/#organization","name":"Sonoraenequipo.com.mx","url":"https:\/\/www.sonoraenequipo.com.mx\/","logo":{"@type":"ImageObject","inLanguage":"es","@id":"https:\/\/www.sonoraenequipo.com.mx\/#\/schema\/logo\/image\/","url":"https:\/\/www.sonoraenequipo.com.mx\/storage\/2019\/01\/sonoraenequipo_opt.png","contentUrl":"https:\/\/www.sonoraenequipo.com.mx\/storage\/2019\/01\/sonoraenequipo_opt.png","width":375,"height":125,"caption":"Sonoraenequipo.com.mx"},"image":{"@id":"https:\/\/www.sonoraenequipo.com.mx\/#\/schema\/logo\/image\/"},"sameAs":["https:\/\/www.facebook.com\/SonoraEE\/","https:\/\/x.com\/sonoraenequipo","https:\/\/www.youtube.com\/channel\/UC338nW-lPEYmJQs4ZABQ1SQ"]},{"@type":"Person","@id":"https:\/\/www.sonoraenequipo.com.mx\/#\/schema\/person\/50102df0fb23a8fa9e8effad8fa81386","name":"enequipo","image":{"@type":"ImageObject","inLanguage":"es","@id":"https:\/\/www.sonoraenequipo.com.mx\/#\/schema\/person\/image\/","url":"https:\/\/secure.gravatar.com\/avatar\/049821681b589dabc0bc20695993ccebb09f5b5d4d790cd9251b97faac7c652b?s=96&d=blank&r=g","contentUrl":"https:\/\/secure.gravatar.com\/avatar\/049821681b589dabc0bc20695993ccebb09f5b5d4d790cd9251b97faac7c652b?s=96&d=blank&r=g","caption":"enequipo"},"sameAs":["https:\/\/www.facebook.com\/SonoraEE"]}]}},"jetpack_featured_media_url":"https:\/\/www.sonoraenequipo.com.mx\/storage\/2022\/05\/ataques-rusos.jpg","_links":{"self":[{"href":"https:\/\/www.sonoraenequipo.com.mx\/api\/wp\/v2\/posts\/138484","targetHints":{"allow":["GET"]}}],"collection":[{"href":"https:\/\/www.sonoraenequipo.com.mx\/api\/wp\/v2\/posts"}],"about":[{"href":"https:\/\/www.sonoraenequipo.com.mx\/api\/wp\/v2\/types\/post"}],"author":[{"embeddable":true,"href":"https:\/\/www.sonoraenequipo.com.mx\/api\/wp\/v2\/users\/1"}],"replies":[{"embeddable":true,"href":"https:\/\/www.sonoraenequipo.com.mx\/api\/wp\/v2\/comments?post=138484"}],"version-history":[{"count":1,"href":"https:\/\/www.sonoraenequipo.com.mx\/api\/wp\/v2\/posts\/138484\/revisions"}],"predecessor-version":[{"id":138490,"href":"https:\/\/www.sonoraenequipo.com.mx\/api\/wp\/v2\/posts\/138484\/revisions\/138490"}],"wp:featuredmedia":[{"embeddable":true,"href":"https:\/\/www.sonoraenequipo.com.mx\/api\/wp\/v2\/media\/138489"}],"wp:attachment":[{"href":"https:\/\/www.sonoraenequipo.com.mx\/api\/wp\/v2\/media?parent=138484"}],"wp:term":[{"taxonomy":"category","embeddable":true,"href":"https:\/\/www.sonoraenequipo.com.mx\/api\/wp\/v2\/categories?post=138484"},{"taxonomy":"post_tag","embeddable":true,"href":"https:\/\/www.sonoraenequipo.com.mx\/api\/wp\/v2\/tags?post=138484"}],"curies":[{"name":"wp","href":"https:\/\/api.w.org\/{rel}","templated":true}]}}