{"id":138512,"date":"2022-05-14T07:15:01","date_gmt":"2022-05-14T14:15:01","guid":{"rendered":"https:\/\/www.sonoraenequipo.com.mx\/?p=138512"},"modified":"2022-05-14T18:06:34","modified_gmt":"2022-05-15T01:06:34","slug":"g7-no-reconocera-un-cambio-de-fronteras-que-rusia-desea-imponer-por-la-fuerza","status":"publish","type":"post","link":"https:\/\/www.sonoraenequipo.com.mx\/g7-no-reconocera-un-cambio-de-fronteras-que-rusia-desea-imponer-por-la-fuerza\/","title":{"rendered":"G7 no reconocer\u00e1 un cambio de fronteras que Rusia desea imponer por la fuerza"},"content":{"rendered":"<p><strong>NUEVA YORK, ESTADOS UNIDOS. \u2014\u00a0<\/strong> Los ministros de Exteriores del G7 advirtieron este s\u00e1bado en un comunicado conjunto tras su reuni\u00f3n en Berl\u00edn que nunca reconocer\u00e1n un cambio de fronteras impuesto por la fuerza, como lo est\u00e1 intentando Rusia con su agresi\u00f3n a Ucrania.<\/p>\n<p>&nbsp;<\/p>\n<p> <\/p>\n<p><em>\u201cNo reconoceremos un cambio de fronteras que Rusia ha tratado de imponer a trav\u00e9s de la agresi\u00f3n\u201d,<\/em> dice el comunicado.<\/p>\n<p>&nbsp;<\/p>\n<p>La ministra alemana, Annalena Baerbock, reiter\u00f3 esa postura en la conferencia de prensa de cierre de la reuni\u00f3n y dijo que \u201cel cambio de fronteras que Rusia quiere imponer con la guerra no ser\u00e1 reconocido nunca\u201d.<\/p>\n<p>&nbsp;<\/p>\n<p>Baerbock precis\u00f3 que la actitud que tenga la comunidad internacional en estos momentos ser\u00e1 decisiva para el futuro.<\/p>\n<p>&nbsp;<\/p>\n<p><em>\u201cLo que hagamos o lo que dejemos de hacer ahora definir\u00e1 nuestras relaciones en el futuro\u201d,<\/em> dijo.<\/p>\n<p>&nbsp;<\/p>\n<p>La ministra alemana dijo adem\u00e1s que el G7 establecer\u00e1 un mecanismo para desenmascarar la propaganda rusa, especialmente all\u00ed donde est\u00e1 tenga \u201cun suelo f\u00e9rtil\u201d.<\/p>\n<p>&nbsp;<\/p>\n<p>Baerbock se refiri\u00f3 tambi\u00e9n a los efectos de la guerra sobre los precios del grano y dijo que Rusia parece decidida a ampliar la guerra a todo el mundo convirti\u00e9ndola en una guerra por los alimentos.<\/p>\n<p>&nbsp;<\/p>\n<p>\u201cHa sido un encuentro del G7 como no lo hab\u00edamos tenido nunca, en Ucrania sigue muriendo gente inocente\u201d, asegur\u00f3.<\/p>\n<p>&nbsp;<\/p>\n<p>El G7 es un foro informal que re\u00fane a los 7 pa\u00edses m\u00e1s industrializados del mundo.<\/p>\n<p>&nbsp;<\/p>\n<p>Al grupo pertenecen Alemania, Canad\u00e1, EEUU, Francia, Italia, Jap\u00f3n y el Reino Unido.<\/p>\n<p>&nbsp;<\/p>\n<p>(Publicada el 14\/05\/2022 \/Con informaci\u00f3n de EFE)<\/p>\n","protected":false},"excerpt":{"rendered":"<p>NUEVA YORK, ESTADOS UNIDOS. \u2014\u00a0 Los ministros de Exteriores del G7 advirtieron este s\u00e1bado en&#8230;<\/p>\n","protected":false},"author":1,"featured_media":138506,"comment_status":"open","ping_status":"open","sticky":false,"template":"","format":"standard","meta":{"_monsterinsights_skip_tracking":false,"_monsterinsights_sitenote_active":false,"_monsterinsights_sitenote_note":"","_monsterinsights_sitenote_category":0,"footnotes":""},"categories":[3],"tags":[],"class_list":["post"],"yoast_head":" \n<title>Sonora en Equipo. G7 no reconocer\u00e1 un cambio de fronteras que Rusia desea imponer por la fuerza MUNDO<\/title>\n<meta name=\"description\" content=\"NUEVA YORK, ESTADOS UNIDOS. \u2014\u00a0 Los ministros de Exteriores del G7 advirtieron este s\u00e1bado en un comunicado conjunto tras su reuni\u00f3n en Berl\u00edn que nunca En Sonora en Equipo publicamos toda la informaci\u00f3n de Sonora, M\u00e9xico y el Mundo de manera oportuna y busca que la libertad de expresi\u00f3n sea real. Visita nuestro medio informativo publicado desde Hermosillo, Sonora. %\" \/>\n<meta name=\"robots\" content=\"index, follow, max-snippet:-1, max-image-preview:large, max-video-preview:-1\" \/>\n<link rel=\"canonical\" href=\"https:\/\/www.sonoraenequipo.com.mx\/g7-no-reconocera-un-cambio-de-fronteras-que-rusia-desea-imponer-por-la-fuerza\/\" \/>\n<meta property=\"og:locale\" content=\"es_ES\" \/>\n<meta property=\"og:type\" content=\"article\" \/>\n<meta property=\"og:title\" content=\"Sonora en Equipo. G7 no reconocer\u00e1 un cambio de fronteras que Rusia desea imponer por la fuerza MUNDO\" \/>\n<meta property=\"og:description\" content=\"NUEVA YORK, ESTADOS UNIDOS. \u2014\u00a0 Los ministros de Exteriores del G7 advirtieron este s\u00e1bado en un comunicado conjunto tras su reuni\u00f3n en Berl\u00edn que nunca En Sonora en Equipo publicamos toda la informaci\u00f3n de Sonora, M\u00e9xico y el Mundo de manera oportuna y busca que la libertad de expresi\u00f3n sea real. Visita nuestro medio informativo publicado desde Hermosillo, Sonora. %\" \/>\n<meta property=\"og:url\" content=\"https:\/\/www.sonoraenequipo.com.mx\/g7-no-reconocera-un-cambio-de-fronteras-que-rusia-desea-imponer-por-la-fuerza\/\" \/>\n<meta property=\"og:site_name\" content=\"Sonora en Equipo.\" \/>\n<meta property=\"article:publisher\" content=\"https:\/\/www.facebook.com\/SonoraEE\/\" \/>\n<meta property=\"article:author\" content=\"https:\/\/www.facebook.com\/SonoraEE\" \/>\n<meta property=\"article:published_time\" content=\"2022-05-14T14:15:01+00:00\" \/>\n<meta property=\"article:modified_time\" content=\"2022-05-15T01:06:34+00:00\" \/>\n<meta property=\"og:image\" content=\"https:\/\/www.sonoraenequipo.com.mx\/storage\/2022\/05\/El-G7.jpg\" \/>\n\t<meta property=\"og:image:width\" content=\"700\" \/>\n\t<meta property=\"og:image:height\" content=\"400\" \/>\n\t<meta property=\"og:image:type\" content=\"image\/jpeg\" \/>\n<meta name=\"author\" content=\"enequipo\" \/>\n<meta name=\"twitter:card\" content=\"summary_large_image\" \/>\n<meta name=\"twitter:creator\" content=\"@sonoraenequipo\" \/>\n<meta name=\"twitter:site\" content=\"@sonoraenequipo\" \/>\n<meta name=\"twitter:label1\" content=\"Escrito por\" \/>\n\t<meta name=\"twitter:data1\" content=\"enequipo\" \/>\n\t<meta name=\"twitter:label2\" content=\"Tiempo de lectura\" \/>\n\t<meta name=\"twitter:data2\" content=\"1 minuto\" \/>\n<script type=\"application\/ld+json\" class=\"yoast-schema-graph\">{\"@context\":\"https:\/\/schema.org\",\"@graph\":[{\"@type\":\"Article\",\"@id\":\"https:\/\/www.sonoraenequipo.com.mx\/g7-no-reconocera-un-cambio-de-fronteras-que-rusia-desea-imponer-por-la-fuerza\/#article\",\"isPartOf\":{\"@id\":\"https:\/\/www.sonoraenequipo.com.mx\/g7-no-reconocera-un-cambio-de-fronteras-que-rusia-desea-imponer-por-la-fuerza\/\"},\"author\":{\"name\":\"enequipo\",\"@id\":\"https:\/\/www.sonoraenequipo.com.mx\/#\/schema\/person\/50102df0fb23a8fa9e8effad8fa81386\"},\"headline\":\"G7 no reconocer\u00e1 un cambio de fronteras que Rusia desea imponer por la fuerza\",\"datePublished\":\"2022-05-14T14:15:01+00:00\",\"dateModified\":\"2022-05-15T01:06:34+00:00\",\"mainEntityOfPage\":{\"@id\":\"https:\/\/www.sonoraenequipo.com.mx\/g7-no-reconocera-un-cambio-de-fronteras-que-rusia-desea-imponer-por-la-fuerza\/\"},\"wordCount\":289,\"commentCount\":0,\"publisher\":{\"@id\":\"https:\/\/www.sonoraenequipo.com.mx\/#organization\"},\"image\":{\"@id\":\"https:\/\/www.sonoraenequipo.com.mx\/g7-no-reconocera-un-cambio-de-fronteras-que-rusia-desea-imponer-por-la-fuerza\/#primaryimage\"},\"thumbnailUrl\":\"https:\/\/www.sonoraenequipo.com.mx\/storage\/2022\/05\/El-G7.jpg\",\"articleSection\":[\"MUNDO\"],\"inLanguage\":\"es\",\"potentialAction\":[{\"@type\":\"CommentAction\",\"name\":\"Comment\",\"target\":[\"https:\/\/www.sonoraenequipo.com.mx\/g7-no-reconocera-un-cambio-de-fronteras-que-rusia-desea-imponer-por-la-fuerza\/#respond\"]}]},{\"@type\":\"WebPage\",\"@id\":\"https:\/\/www.sonoraenequipo.com.mx\/g7-no-reconocera-un-cambio-de-fronteras-que-rusia-desea-imponer-por-la-fuerza\/\",\"url\":\"https:\/\/www.sonoraenequipo.com.mx\/g7-no-reconocera-un-cambio-de-fronteras-que-rusia-desea-imponer-por-la-fuerza\/\",\"name\":\"Sonora en Equipo. G7 no reconocer\u00e1 un cambio de fronteras que Rusia desea imponer por la fuerza MUNDO\",\"isPartOf\":{\"@id\":\"https:\/\/www.sonoraenequipo.com.mx\/#website\"},\"primaryImageOfPage\":{\"@id\":\"https:\/\/www.sonoraenequipo.com.mx\/g7-no-reconocera-un-cambio-de-fronteras-que-rusia-desea-imponer-por-la-fuerza\/#primaryimage\"},\"image\":{\"@id\":\"https:\/\/www.sonoraenequipo.com.mx\/g7-no-reconocera-un-cambio-de-fronteras-que-rusia-desea-imponer-por-la-fuerza\/#primaryimage\"},\"thumbnailUrl\":\"https:\/\/www.sonoraenequipo.com.mx\/storage\/2022\/05\/El-G7.jpg\",\"datePublished\":\"2022-05-14T14:15:01+00:00\",\"dateModified\":\"2022-05-15T01:06:34+00:00\",\"description\":\"NUEVA YORK, ESTADOS UNIDOS. \u2014\u00a0 Los ministros de Exteriores del G7 advirtieron este s\u00e1bado en un comunicado conjunto tras su reuni\u00f3n en Berl\u00edn que nunca En Sonora en Equipo publicamos toda la informaci\u00f3n de Sonora, M\u00e9xico y el Mundo de manera oportuna y busca que la libertad de expresi\u00f3n sea real. Visita nuestro medio informativo publicado desde Hermosillo, Sonora. %\",\"breadcrumb\":{\"@id\":\"https:\/\/www.sonoraenequipo.com.mx\/g7-no-reconocera-un-cambio-de-fronteras-que-rusia-desea-imponer-por-la-fuerza\/#breadcrumb\"},\"inLanguage\":\"es\",\"potentialAction\":[{\"@type\":\"ReadAction\",\"target\":[\"https:\/\/www.sonoraenequipo.com.mx\/g7-no-reconocera-un-cambio-de-fronteras-que-rusia-desea-imponer-por-la-fuerza\/\"]}]},{\"@type\":\"ImageObject\",\"inLanguage\":\"es\",\"@id\":\"https:\/\/www.sonoraenequipo.com.mx\/g7-no-reconocera-un-cambio-de-fronteras-que-rusia-desea-imponer-por-la-fuerza\/#primaryimage\",\"url\":\"https:\/\/www.sonoraenequipo.com.mx\/storage\/2022\/05\/El-G7.jpg\",\"contentUrl\":\"https:\/\/www.sonoraenequipo.com.mx\/storage\/2022\/05\/El-G7.jpg\",\"width\":700,\"height\":400},{\"@type\":\"BreadcrumbList\",\"@id\":\"https:\/\/www.sonoraenequipo.com.mx\/g7-no-reconocera-un-cambio-de-fronteras-que-rusia-desea-imponer-por-la-fuerza\/#breadcrumb\",\"itemListElement\":[{\"@type\":\"ListItem\",\"position\":1,\"name\":\"Portada\",\"item\":\"https:\/\/www.sonoraenequipo.com.mx\/\"},{\"@type\":\"ListItem\",\"position\":2,\"name\":\"G7 no reconocer\u00e1 un cambio de fronteras que Rusia desea imponer por la fuerza\"}]},{\"@type\":\"WebSite\",\"@id\":\"https:\/\/www.sonoraenequipo.com.mx\/#website\",\"url\":\"https:\/\/www.sonoraenequipo.com.mx\/\",\"name\":\"Sonora en Equipo.\",\"description\":\"Diario en l\u00ednea con Noticias desde Hermosillo, Sonora\",\"publisher\":{\"@id\":\"https:\/\/www.sonoraenequipo.com.mx\/#organization\"},\"potentialAction\":[{\"@type\":\"SearchAction\",\"target\":{\"@type\":\"EntryPoint\",\"urlTemplate\":\"https:\/\/www.sonoraenequipo.com.mx\/?s={search_term_string}\"},\"query-input\":{\"@type\":\"PropertyValueSpecification\",\"valueRequired\":true,\"valueName\":\"search_term_string\"}}],\"inLanguage\":\"es\"},{\"@type\":\"Organization\",\"@id\":\"https:\/\/www.sonoraenequipo.com.mx\/#organization\",\"name\":\"Sonoraenequipo.com.mx\",\"url\":\"https:\/\/www.sonoraenequipo.com.mx\/\",\"logo\":{\"@type\":\"ImageObject\",\"inLanguage\":\"es\",\"@id\":\"https:\/\/www.sonoraenequipo.com.mx\/#\/schema\/logo\/image\/\",\"url\":\"https:\/\/www.sonoraenequipo.com.mx\/storage\/2019\/01\/sonoraenequipo_opt.png\",\"contentUrl\":\"https:\/\/www.sonoraenequipo.com.mx\/storage\/2019\/01\/sonoraenequipo_opt.png\",\"width\":375,\"height\":125,\"caption\":\"Sonoraenequipo.com.mx\"},\"image\":{\"@id\":\"https:\/\/www.sonoraenequipo.com.mx\/#\/schema\/logo\/image\/\"},\"sameAs\":[\"https:\/\/www.facebook.com\/SonoraEE\/\",\"https:\/\/x.com\/sonoraenequipo\",\"https:\/\/www.youtube.com\/channel\/UC338nW-lPEYmJQs4ZABQ1SQ\"]},{\"@type\":\"Person\",\"@id\":\"https:\/\/www.sonoraenequipo.com.mx\/#\/schema\/person\/50102df0fb23a8fa9e8effad8fa81386\",\"name\":\"enequipo\",\"image\":{\"@type\":\"ImageObject\",\"inLanguage\":\"es\",\"@id\":\"https:\/\/www.sonoraenequipo.com.mx\/#\/schema\/person\/image\/\",\"url\":\"https:\/\/secure.gravatar.com\/avatar\/049821681b589dabc0bc20695993ccebb09f5b5d4d790cd9251b97faac7c652b?s=96&d=blank&r=g\",\"contentUrl\":\"https:\/\/secure.gravatar.com\/avatar\/049821681b589dabc0bc20695993ccebb09f5b5d4d790cd9251b97faac7c652b?s=96&d=blank&r=g\",\"caption\":\"enequipo\"},\"sameAs\":[\"https:\/\/www.facebook.com\/SonoraEE\"]}]}<\/script>\n ","yoast_head_json":{"title":"Sonora en Equipo. G7 no reconocer\u00e1 un cambio de fronteras que Rusia desea imponer por la fuerza MUNDO","description":"NUEVA YORK, ESTADOS UNIDOS. \u2014\u00a0 Los ministros de Exteriores del G7 advirtieron este s\u00e1bado en un comunicado conjunto tras su reuni\u00f3n en Berl\u00edn que nunca En Sonora en Equipo publicamos toda la informaci\u00f3n de Sonora, M\u00e9xico y el Mundo de manera oportuna y busca que la libertad de expresi\u00f3n sea real. Visita nuestro medio informativo publicado desde Hermosillo, Sonora. %","robots":{"index":"index","follow":"follow","max-snippet":"max-snippet:-1","max-image-preview":"max-image-preview:large","max-video-preview":"max-video-preview:-1"},"canonical":"https:\/\/www.sonoraenequipo.com.mx\/g7-no-reconocera-un-cambio-de-fronteras-que-rusia-desea-imponer-por-la-fuerza\/","og_locale":"es_ES","og_type":"article","og_title":"Sonora en Equipo. G7 no reconocer\u00e1 un cambio de fronteras que Rusia desea imponer por la fuerza MUNDO","og_description":"NUEVA YORK, ESTADOS UNIDOS. \u2014\u00a0 Los ministros de Exteriores del G7 advirtieron este s\u00e1bado en un comunicado conjunto tras su reuni\u00f3n en Berl\u00edn que nunca En Sonora en Equipo publicamos toda la informaci\u00f3n de Sonora, M\u00e9xico y el Mundo de manera oportuna y busca que la libertad de expresi\u00f3n sea real. Visita nuestro medio informativo publicado desde Hermosillo, Sonora. %","og_url":"https:\/\/www.sonoraenequipo.com.mx\/g7-no-reconocera-un-cambio-de-fronteras-que-rusia-desea-imponer-por-la-fuerza\/","og_site_name":"Sonora en Equipo.","article_publisher":"https:\/\/www.facebook.com\/SonoraEE\/","article_author":"https:\/\/www.facebook.com\/SonoraEE","article_published_time":"2022-05-14T14:15:01+00:00","article_modified_time":"2022-05-15T01:06:34+00:00","og_image":[{"width":700,"height":400,"url":"https:\/\/www.sonoraenequipo.com.mx\/storage\/2022\/05\/El-G7.jpg","type":"image\/jpeg"}],"author":"enequipo","twitter_card":"summary_large_image","twitter_creator":"@sonoraenequipo","twitter_site":"@sonoraenequipo","twitter_misc":{"Escrito por":"enequipo","Tiempo de lectura":"1 minuto"},"schema":{"@context":"https:\/\/schema.org","@graph":[{"@type":"Article","@id":"https:\/\/www.sonoraenequipo.com.mx\/g7-no-reconocera-un-cambio-de-fronteras-que-rusia-desea-imponer-por-la-fuerza\/#article","isPartOf":{"@id":"https:\/\/www.sonoraenequipo.com.mx\/g7-no-reconocera-un-cambio-de-fronteras-que-rusia-desea-imponer-por-la-fuerza\/"},"author":{"name":"enequipo","@id":"https:\/\/www.sonoraenequipo.com.mx\/#\/schema\/person\/50102df0fb23a8fa9e8effad8fa81386"},"headline":"G7 no reconocer\u00e1 un cambio de fronteras que Rusia desea imponer por la fuerza","datePublished":"2022-05-14T14:15:01+00:00","dateModified":"2022-05-15T01:06:34+00:00","mainEntityOfPage":{"@id":"https:\/\/www.sonoraenequipo.com.mx\/g7-no-reconocera-un-cambio-de-fronteras-que-rusia-desea-imponer-por-la-fuerza\/"},"wordCount":289,"commentCount":0,"publisher":{"@id":"https:\/\/www.sonoraenequipo.com.mx\/#organization"},"image":{"@id":"https:\/\/www.sonoraenequipo.com.mx\/g7-no-reconocera-un-cambio-de-fronteras-que-rusia-desea-imponer-por-la-fuerza\/#primaryimage"},"thumbnailUrl":"https:\/\/www.sonoraenequipo.com.mx\/storage\/2022\/05\/El-G7.jpg","articleSection":["MUNDO"],"inLanguage":"es","potentialAction":[{"@type":"CommentAction","name":"Comment","target":["https:\/\/www.sonoraenequipo.com.mx\/g7-no-reconocera-un-cambio-de-fronteras-que-rusia-desea-imponer-por-la-fuerza\/#respond"]}]},{"@type":"WebPage","@id":"https:\/\/www.sonoraenequipo.com.mx\/g7-no-reconocera-un-cambio-de-fronteras-que-rusia-desea-imponer-por-la-fuerza\/","url":"https:\/\/www.sonoraenequipo.com.mx\/g7-no-reconocera-un-cambio-de-fronteras-que-rusia-desea-imponer-por-la-fuerza\/","name":"Sonora en Equipo. G7 no reconocer\u00e1 un cambio de fronteras que Rusia desea imponer por la fuerza MUNDO","isPartOf":{"@id":"https:\/\/www.sonoraenequipo.com.mx\/#website"},"primaryImageOfPage":{"@id":"https:\/\/www.sonoraenequipo.com.mx\/g7-no-reconocera-un-cambio-de-fronteras-que-rusia-desea-imponer-por-la-fuerza\/#primaryimage"},"image":{"@id":"https:\/\/www.sonoraenequipo.com.mx\/g7-no-reconocera-un-cambio-de-fronteras-que-rusia-desea-imponer-por-la-fuerza\/#primaryimage"},"thumbnailUrl":"https:\/\/www.sonoraenequipo.com.mx\/storage\/2022\/05\/El-G7.jpg","datePublished":"2022-05-14T14:15:01+00:00","dateModified":"2022-05-15T01:06:34+00:00","description":"NUEVA YORK, ESTADOS UNIDOS. \u2014\u00a0 Los ministros de Exteriores del G7 advirtieron este s\u00e1bado en un comunicado conjunto tras su reuni\u00f3n en Berl\u00edn que nunca En Sonora en Equipo publicamos toda la informaci\u00f3n de Sonora, M\u00e9xico y el Mundo de manera oportuna y busca que la libertad de expresi\u00f3n sea real. Visita nuestro medio informativo publicado desde Hermosillo, Sonora. %","breadcrumb":{"@id":"https:\/\/www.sonoraenequipo.com.mx\/g7-no-reconocera-un-cambio-de-fronteras-que-rusia-desea-imponer-por-la-fuerza\/#breadcrumb"},"inLanguage":"es","potentialAction":[{"@type":"ReadAction","target":["https:\/\/www.sonoraenequipo.com.mx\/g7-no-reconocera-un-cambio-de-fronteras-que-rusia-desea-imponer-por-la-fuerza\/"]}]},{"@type":"ImageObject","inLanguage":"es","@id":"https:\/\/www.sonoraenequipo.com.mx\/g7-no-reconocera-un-cambio-de-fronteras-que-rusia-desea-imponer-por-la-fuerza\/#primaryimage","url":"https:\/\/www.sonoraenequipo.com.mx\/storage\/2022\/05\/El-G7.jpg","contentUrl":"https:\/\/www.sonoraenequipo.com.mx\/storage\/2022\/05\/El-G7.jpg","width":700,"height":400},{"@type":"BreadcrumbList","@id":"https:\/\/www.sonoraenequipo.com.mx\/g7-no-reconocera-un-cambio-de-fronteras-que-rusia-desea-imponer-por-la-fuerza\/#breadcrumb","itemListElement":[{"@type":"ListItem","position":1,"name":"Portada","item":"https:\/\/www.sonoraenequipo.com.mx\/"},{"@type":"ListItem","position":2,"name":"G7 no reconocer\u00e1 un cambio de fronteras que Rusia desea imponer por la fuerza"}]},{"@type":"WebSite","@id":"https:\/\/www.sonoraenequipo.com.mx\/#website","url":"https:\/\/www.sonoraenequipo.com.mx\/","name":"Sonora en Equipo.","description":"Diario en l\u00ednea con Noticias desde Hermosillo, Sonora","publisher":{"@id":"https:\/\/www.sonoraenequipo.com.mx\/#organization"},"potentialAction":[{"@type":"SearchAction","target":{"@type":"EntryPoint","urlTemplate":"https:\/\/www.sonoraenequipo.com.mx\/?s={search_term_string}"},"query-input":{"@type":"PropertyValueSpecification","valueRequired":true,"valueName":"search_term_string"}}],"inLanguage":"es"},{"@type":"Organization","@id":"https:\/\/www.sonoraenequipo.com.mx\/#organization","name":"Sonoraenequipo.com.mx","url":"https:\/\/www.sonoraenequipo.com.mx\/","logo":{"@type":"ImageObject","inLanguage":"es","@id":"https:\/\/www.sonoraenequipo.com.mx\/#\/schema\/logo\/image\/","url":"https:\/\/www.sonoraenequipo.com.mx\/storage\/2019\/01\/sonoraenequipo_opt.png","contentUrl":"https:\/\/www.sonoraenequipo.com.mx\/storage\/2019\/01\/sonoraenequipo_opt.png","width":375,"height":125,"caption":"Sonoraenequipo.com.mx"},"image":{"@id":"https:\/\/www.sonoraenequipo.com.mx\/#\/schema\/logo\/image\/"},"sameAs":["https:\/\/www.facebook.com\/SonoraEE\/","https:\/\/x.com\/sonoraenequipo","https:\/\/www.youtube.com\/channel\/UC338nW-lPEYmJQs4ZABQ1SQ"]},{"@type":"Person","@id":"https:\/\/www.sonoraenequipo.com.mx\/#\/schema\/person\/50102df0fb23a8fa9e8effad8fa81386","name":"enequipo","image":{"@type":"ImageObject","inLanguage":"es","@id":"https:\/\/www.sonoraenequipo.com.mx\/#\/schema\/person\/image\/","url":"https:\/\/secure.gravatar.com\/avatar\/049821681b589dabc0bc20695993ccebb09f5b5d4d790cd9251b97faac7c652b?s=96&d=blank&r=g","contentUrl":"https:\/\/secure.gravatar.com\/avatar\/049821681b589dabc0bc20695993ccebb09f5b5d4d790cd9251b97faac7c652b?s=96&d=blank&r=g","caption":"enequipo"},"sameAs":["https:\/\/www.facebook.com\/SonoraEE"]}]}},"jetpack_featured_media_url":"https:\/\/www.sonoraenequipo.com.mx\/storage\/2022\/05\/El-G7.jpg","_links":{"self":[{"href":"https:\/\/www.sonoraenequipo.com.mx\/api\/wp\/v2\/posts\/138512","targetHints":{"allow":["GET"]}}],"collection":[{"href":"https:\/\/www.sonoraenequipo.com.mx\/api\/wp\/v2\/posts"}],"about":[{"href":"https:\/\/www.sonoraenequipo.com.mx\/api\/wp\/v2\/types\/post"}],"author":[{"embeddable":true,"href":"https:\/\/www.sonoraenequipo.com.mx\/api\/wp\/v2\/users\/1"}],"replies":[{"embeddable":true,"href":"https:\/\/www.sonoraenequipo.com.mx\/api\/wp\/v2\/comments?post=138512"}],"version-history":[{"count":1,"href":"https:\/\/www.sonoraenequipo.com.mx\/api\/wp\/v2\/posts\/138512\/revisions"}],"predecessor-version":[{"id":138513,"href":"https:\/\/www.sonoraenequipo.com.mx\/api\/wp\/v2\/posts\/138512\/revisions\/138513"}],"wp:featuredmedia":[{"embeddable":true,"href":"https:\/\/www.sonoraenequipo.com.mx\/api\/wp\/v2\/media\/138506"}],"wp:attachment":[{"href":"https:\/\/www.sonoraenequipo.com.mx\/api\/wp\/v2\/media?parent=138512"}],"wp:term":[{"taxonomy":"category","embeddable":true,"href":"https:\/\/www.sonoraenequipo.com.mx\/api\/wp\/v2\/categories?post=138512"},{"taxonomy":"post_tag","embeddable":true,"href":"https:\/\/www.sonoraenequipo.com.mx\/api\/wp\/v2\/tags?post=138512"}],"curies":[{"name":"wp","href":"https:\/\/api.w.org\/{rel}","templated":true}]}}