{"id":138606,"date":"2022-05-16T11:23:50","date_gmt":"2022-05-16T18:23:50","guid":{"rendered":"https:\/\/www.sonoraenequipo.com.mx\/?p=138606"},"modified":"2022-05-16T11:29:55","modified_gmt":"2022-05-16T18:29:55","slug":"que-se-sabe-del-ataque-en-un-supermercado-en-buffalo-nueva-york","status":"publish","type":"post","link":"https:\/\/www.sonoraenequipo.com.mx\/que-se-sabe-del-ataque-en-un-supermercado-en-buffalo-nueva-york\/","title":{"rendered":"\u00bf Qu\u00e9 se sabe del ataque en un supermercado en Buffalo, Nueva York?"},"content":{"rendered":"<p>\u25baUn documento que circul\u00f3 ampliamente por internet parece describir las ideas racistas, antiinmigraci\u00f3n y antisemitas del atacante.<\/p>\n<p>&nbsp;<\/p>\n<p>BUFFALO, NUEVA YORK, EEUU (VOA) \u2014 \u00a0El s\u00e1bado por la tarde, un pistolero blanco ataviado con equipamiento militar, atac\u00f3 a compradores y trabajadores en un supermercado en Buffalo, Nueva York, donde mat\u00f3 a 10 personas e hiri\u00f3 a otras tres. La mayor\u00eda de las v\u00edctimas eran negras. Las autoridades est\u00e1n investigando la balacera como un delito de odio racial.<\/p>\n<p>A continuaci\u00f3n, un vistazo a lo que se sabe hasta el momento:<\/p>\n<p>&nbsp;<\/p>\n<p>\u00bfQu\u00e9 ocurri\u00f3?<\/p>\n<p>Un joven blanco de 18 a\u00f1os, con chaleco antibalas, ropa de estilo militar y que transmit\u00eda en vivo por internet con una c\u00e1mara en su casco, abri\u00f3 fuego alrededor de las 14:30 horas del s\u00e1bado en el exterior de Tops Friendly Market, un supermercado en un vecindario de mayor\u00eda negra de Buffalo.<\/p>\n<p>&nbsp;<\/p>\n<p>El pistolero emiti\u00f3 el tiroteo en vivo para una peque\u00f1a audiencia en Twitch durante varios minutos, hasta que la plataforma cort\u00f3 su cuenta.<\/p>\n<p>&nbsp;<\/p>\n<p>Seg\u00fan la polic\u00eda, comenz\u00f3 a disparar en el estacionamiento y luego entr\u00f3 a la tienda. Un guarda de seguridad, Aaron Salter, efectu\u00f3 varios tiros, pero ninguno penetr\u00f3 las protecciones del agresor, quien mat\u00f3 a Salter, que era negro, y luego recorri\u00f3 los pasillos del establecimiento disparando a los compradores.<\/p>\n<p>&nbsp;<\/p>\n<p>En un momento dado, apunt\u00f3 a una persona blanca que se resguardaba detr\u00e1s de una caja de pago, pero dijo \u201c\u00a1Lo siento!\u201d y no dispar\u00f3, seg\u00fan puede verse en fragmentos de la emisi\u00f3n en vivo que circulan en internet.<\/p>\n<p>&nbsp;<\/p>\n<p>Cuando la polic\u00eda lo confront\u00f3 en el vest\u00edbulo de la tienda, se puso el rifle en el cuello, pero se rindi\u00f3 y tir\u00f3 el arma con la coacci\u00f3n de los agentes.<\/p>\n<p>&nbsp;<\/p>\n<p>\u00bfQui\u00e9n es el sospechoso?<\/p>\n<p>La polic\u00eda ha identificado al tirador como Payton Gendron, de Conklin, Nueva York, una peque\u00f1a localidad a unos 320 kil\u00f3metros (200 millas) al sureste de Buffalo, no muy lejos de la frontera con el estado de Pensilvania.<\/p>\n<p>&nbsp;<\/p>\n<p>De acuerdo con las autoridades, el rifle empleado por Gendron en el ataque fue comprado de forma legal, pero la venta de los cargadores que utiliz\u00f3 para la munici\u00f3n no est\u00e1 permitida en el estado de Nueva York.<\/p>\n<p>&nbsp;<\/p>\n<p>Tras el tiroteo, Gendron compareci\u00f3 ante un juez con una bata m\u00e9dica de papel y fue acusado de asesinato.<\/p>\n<p>&nbsp;<\/p>\n<p>Un documento que circul\u00f3 ampliamente por internet parece describir las ideas racistas, antiinmigraci\u00f3n y antisemitas de Gendron. Entre ellas estaba el deseo de expulsar a todas las personas que no tengan ascendencia europea de Estados Unidos. El documento parec\u00eda estar inspirado en el pistolero que asesin\u00f3 a 51 personas en dos mezquitas en Christchurch, Nueva Zelanda, en 2019.<\/p>\n<p>&nbsp;<\/p>\n<p>Un miembro de las fuerzas de seguridad dijo a The Associated Press el domingo que el a\u00f1o pasado Gendron hab\u00eda amenazado con perpetrar un tiroteo en la escuela secundaria Susquehanna Valley coincidiendo con la graduaci\u00f3n. Ten\u00eda 17 a\u00f1os y recibi\u00f3 tratamiento de salud mental. El agente habl\u00f3 bajo condici\u00f3n de anonimato porque no estaba autorizado a discutir en p\u00fablico la investigaci\u00f3n.<\/p>\n<p>&nbsp;<\/p>\n<p>\u00bfQuienes son las v\u00edctimas?<\/p>\n<p>La polic\u00eda no ha hecho p\u00fablicos los nombres de la mayor\u00eda de las v\u00edctimas, pero apunt\u00f3 que, incluyendo los heridos, 11 de ellas eran negras y las otras dos blancas.<\/p>\n<p>&nbsp;<\/p>\n<p>Entre los fallecidos est\u00e1 Aaron Salter, un polic\u00eda retirado de Buffalo que trabajaba como guarda de seguridad en el establecimiento. Salter dispar\u00f3 varias veces al pistolero, alcanz\u00e1ndolo al menos una. Seg\u00fan las autoridades, fue un h\u00e9roe que salv\u00f3 vidas al correr hacia el peligro. Un residente dijo que se preocupaba por la comunidad y por la tienda.<\/p>\n<p>&nbsp;<\/p>\n<p>Ruth Whitfield, de 86 a\u00f1os, hac\u00eda la compra tras visitar a su esposo en una residencia de ancianos, como cada d\u00eda. Era la madre del director retirado del Departamento de Bomberos de Buffalo Garnell Whitfield, quien cont\u00f3 a The Buffalo News que era \u201cuna madre para los hu\u00e9rfanos\u201d y \u201cuna bendici\u00f3n para todos nosotros\u201d. Whitfield atribuy\u00f3 la fortaleza de su madre y su compromiso con la familia a su firme fe religiosa.<\/p>\n<p>&nbsp;<\/p>\n<p>Katherine Massey era \u201cun alma hermosa\u201d que fue asesinada mientras compraba, se\u00f1al\u00f3 su hermana, Barbara Massey.<\/p>\n<p>&nbsp;<\/p>\n<p>Uno de los heridos era Zaire Goodman, hijo de un miembro del equipo del senador estatal Tim Kennedy. El joven, de 20 a\u00f1os, recibi\u00f3 un disparo en el cuello pero se estaba recuperando, afirm\u00f3 Kennedy.<\/p>\n<p>&nbsp;<\/p>\n<p>\u00bfQu\u00e9 dicen las autoridades sobre el motivo?<\/p>\n<p>En una conferencia de prensa el s\u00e1bado, el jefe de la polic\u00eda del condado de Erie, John Garcia, calific\u00f3 el tiroteo como un delito de odio.<\/p>\n<p>&nbsp;<\/p>\n<p>\u201cEsto fue pura maldad. Se trat\u00f3 de un crimen de odio por motivos raciales perpetrado por alguien externo a nuestra comunidad, externo a la Ciudad de los Buenos vecinos&#8230; que lleg\u00f3 a nuestra comunidad e intent\u00f3 infligirnos esa maldad\u201d, se\u00f1al\u00f3 Garc\u00eda.<\/p>\n<p>&nbsp;<\/p>\n<p>El FBI est\u00e1 investigando el incidente como un delito de odio y como extremismo violento por motivos raciales.<\/p>\n<p>&nbsp;<\/p>\n<p>Las autoridades rechazaron comentar el documento que supuestamente muestra las ideas racistas, antiinmigraci\u00f3n y antisemitas del pistolero.<\/p>\n<p>Fecha de publicaci\u00f3n lunes 16 de mayo de 2022<\/p>\n<p>&nbsp;<\/p>\n","protected":false},"excerpt":{"rendered":"<p>\u25baUn documento que circul\u00f3 ampliamente por internet parece describir las ideas racistas, antiinmigraci\u00f3n y antisemitas&#8230;<\/p>\n","protected":false},"author":1,"featured_media":138607,"comment_status":"open","ping_status":"open","sticky":false,"template":"","format":"standard","meta":{"_monsterinsights_skip_tracking":false,"_monsterinsights_sitenote_active":false,"_monsterinsights_sitenote_note":"","_monsterinsights_sitenote_category":0,"footnotes":""},"categories":[3],"tags":[],"class_list":["post"],"yoast_head":" \n<title>Sonora en Equipo. \u00bf Qu\u00e9 se sabe del ataque en un supermercado en Buffalo, Nueva York? MUNDO<\/title>\n<meta name=\"description\" content=\"\u25baUn documento que circul\u00f3 ampliamente por internet parece describir las ideas racistas, antiinmigraci\u00f3n y antisemitas del atacante. &nbsp; BUFFALO, NUEVA En Sonora en Equipo publicamos toda la informaci\u00f3n de Sonora, M\u00e9xico y el Mundo de manera oportuna y busca que la libertad de expresi\u00f3n sea real. Visita nuestro medio informativo publicado desde Hermosillo, Sonora. %\" \/>\n<meta name=\"robots\" content=\"index, follow, max-snippet:-1, max-image-preview:large, max-video-preview:-1\" \/>\n<link rel=\"canonical\" href=\"https:\/\/www.sonoraenequipo.com.mx\/que-se-sabe-del-ataque-en-un-supermercado-en-buffalo-nueva-york\/\" \/>\n<meta property=\"og:locale\" content=\"es_ES\" \/>\n<meta property=\"og:type\" content=\"article\" \/>\n<meta property=\"og:title\" content=\"Sonora en Equipo. \u00bf Qu\u00e9 se sabe del ataque en un supermercado en Buffalo, Nueva York? MUNDO\" \/>\n<meta property=\"og:description\" content=\"\u25baUn documento que circul\u00f3 ampliamente por internet parece describir las ideas racistas, antiinmigraci\u00f3n y antisemitas del atacante. &nbsp; BUFFALO, NUEVA En Sonora en Equipo publicamos toda la informaci\u00f3n de Sonora, M\u00e9xico y el Mundo de manera oportuna y busca que la libertad de expresi\u00f3n sea real. Visita nuestro medio informativo publicado desde Hermosillo, Sonora. %\" \/>\n<meta property=\"og:url\" content=\"https:\/\/www.sonoraenequipo.com.mx\/que-se-sabe-del-ataque-en-un-supermercado-en-buffalo-nueva-york\/\" \/>\n<meta property=\"og:site_name\" content=\"Sonora en Equipo.\" \/>\n<meta property=\"article:publisher\" content=\"https:\/\/www.facebook.com\/SonoraEE\/\" \/>\n<meta property=\"article:author\" content=\"https:\/\/www.facebook.com\/SonoraEE\" \/>\n<meta property=\"article:published_time\" content=\"2022-05-16T18:23:50+00:00\" \/>\n<meta property=\"article:modified_time\" content=\"2022-05-16T18:29:55+00:00\" \/>\n<meta property=\"og:image\" content=\"https:\/\/www.sonoraenequipo.com.mx\/storage\/2022\/05\/ofrenda-tops.jpg\" \/>\n\t<meta property=\"og:image:width\" content=\"700\" \/>\n\t<meta property=\"og:image:height\" content=\"400\" \/>\n\t<meta property=\"og:image:type\" content=\"image\/jpeg\" \/>\n<meta name=\"author\" content=\"enequipo\" \/>\n<meta name=\"twitter:card\" content=\"summary_large_image\" \/>\n<meta name=\"twitter:creator\" content=\"@sonoraenequipo\" \/>\n<meta name=\"twitter:site\" content=\"@sonoraenequipo\" \/>\n<meta name=\"twitter:label1\" content=\"Escrito por\" \/>\n\t<meta name=\"twitter:data1\" content=\"enequipo\" \/>\n\t<meta name=\"twitter:label2\" content=\"Tiempo de lectura\" \/>\n\t<meta name=\"twitter:data2\" content=\"4 minutos\" \/>\n<script type=\"application\/ld+json\" class=\"yoast-schema-graph\">{\"@context\":\"https:\/\/schema.org\",\"@graph\":[{\"@type\":\"Article\",\"@id\":\"https:\/\/www.sonoraenequipo.com.mx\/que-se-sabe-del-ataque-en-un-supermercado-en-buffalo-nueva-york\/#article\",\"isPartOf\":{\"@id\":\"https:\/\/www.sonoraenequipo.com.mx\/que-se-sabe-del-ataque-en-un-supermercado-en-buffalo-nueva-york\/\"},\"author\":{\"name\":\"enequipo\",\"@id\":\"https:\/\/www.sonoraenequipo.com.mx\/#\/schema\/person\/50102df0fb23a8fa9e8effad8fa81386\"},\"headline\":\"\u00bf Qu\u00e9 se sabe del ataque en un supermercado en Buffalo, Nueva York?\",\"datePublished\":\"2022-05-16T18:23:50+00:00\",\"dateModified\":\"2022-05-16T18:29:55+00:00\",\"mainEntityOfPage\":{\"@id\":\"https:\/\/www.sonoraenequipo.com.mx\/que-se-sabe-del-ataque-en-un-supermercado-en-buffalo-nueva-york\/\"},\"wordCount\":910,\"commentCount\":0,\"publisher\":{\"@id\":\"https:\/\/www.sonoraenequipo.com.mx\/#organization\"},\"image\":{\"@id\":\"https:\/\/www.sonoraenequipo.com.mx\/que-se-sabe-del-ataque-en-un-supermercado-en-buffalo-nueva-york\/#primaryimage\"},\"thumbnailUrl\":\"https:\/\/www.sonoraenequipo.com.mx\/storage\/2022\/05\/ofrenda-tops.jpg\",\"articleSection\":[\"MUNDO\"],\"inLanguage\":\"es\",\"potentialAction\":[{\"@type\":\"CommentAction\",\"name\":\"Comment\",\"target\":[\"https:\/\/www.sonoraenequipo.com.mx\/que-se-sabe-del-ataque-en-un-supermercado-en-buffalo-nueva-york\/#respond\"]}]},{\"@type\":\"WebPage\",\"@id\":\"https:\/\/www.sonoraenequipo.com.mx\/que-se-sabe-del-ataque-en-un-supermercado-en-buffalo-nueva-york\/\",\"url\":\"https:\/\/www.sonoraenequipo.com.mx\/que-se-sabe-del-ataque-en-un-supermercado-en-buffalo-nueva-york\/\",\"name\":\"Sonora en Equipo. \u00bf Qu\u00e9 se sabe del ataque en un supermercado en Buffalo, Nueva York? MUNDO\",\"isPartOf\":{\"@id\":\"https:\/\/www.sonoraenequipo.com.mx\/#website\"},\"primaryImageOfPage\":{\"@id\":\"https:\/\/www.sonoraenequipo.com.mx\/que-se-sabe-del-ataque-en-un-supermercado-en-buffalo-nueva-york\/#primaryimage\"},\"image\":{\"@id\":\"https:\/\/www.sonoraenequipo.com.mx\/que-se-sabe-del-ataque-en-un-supermercado-en-buffalo-nueva-york\/#primaryimage\"},\"thumbnailUrl\":\"https:\/\/www.sonoraenequipo.com.mx\/storage\/2022\/05\/ofrenda-tops.jpg\",\"datePublished\":\"2022-05-16T18:23:50+00:00\",\"dateModified\":\"2022-05-16T18:29:55+00:00\",\"description\":\"\u25baUn documento que circul\u00f3 ampliamente por internet parece describir las ideas racistas, antiinmigraci\u00f3n y antisemitas del atacante. &nbsp; BUFFALO, NUEVA En Sonora en Equipo publicamos toda la informaci\u00f3n de Sonora, M\u00e9xico y el Mundo de manera oportuna y busca que la libertad de expresi\u00f3n sea real. Visita nuestro medio informativo publicado desde Hermosillo, Sonora. %\",\"breadcrumb\":{\"@id\":\"https:\/\/www.sonoraenequipo.com.mx\/que-se-sabe-del-ataque-en-un-supermercado-en-buffalo-nueva-york\/#breadcrumb\"},\"inLanguage\":\"es\",\"potentialAction\":[{\"@type\":\"ReadAction\",\"target\":[\"https:\/\/www.sonoraenequipo.com.mx\/que-se-sabe-del-ataque-en-un-supermercado-en-buffalo-nueva-york\/\"]}]},{\"@type\":\"ImageObject\",\"inLanguage\":\"es\",\"@id\":\"https:\/\/www.sonoraenequipo.com.mx\/que-se-sabe-del-ataque-en-un-supermercado-en-buffalo-nueva-york\/#primaryimage\",\"url\":\"https:\/\/www.sonoraenequipo.com.mx\/storage\/2022\/05\/ofrenda-tops.jpg\",\"contentUrl\":\"https:\/\/www.sonoraenequipo.com.mx\/storage\/2022\/05\/ofrenda-tops.jpg\",\"width\":700,\"height\":400,\"caption\":\"ofrenda afuera del Tops\"},{\"@type\":\"BreadcrumbList\",\"@id\":\"https:\/\/www.sonoraenequipo.com.mx\/que-se-sabe-del-ataque-en-un-supermercado-en-buffalo-nueva-york\/#breadcrumb\",\"itemListElement\":[{\"@type\":\"ListItem\",\"position\":1,\"name\":\"Portada\",\"item\":\"https:\/\/www.sonoraenequipo.com.mx\/\"},{\"@type\":\"ListItem\",\"position\":2,\"name\":\"\u00bf Qu\u00e9 se sabe del ataque en un supermercado en Buffalo, Nueva York?\"}]},{\"@type\":\"WebSite\",\"@id\":\"https:\/\/www.sonoraenequipo.com.mx\/#website\",\"url\":\"https:\/\/www.sonoraenequipo.com.mx\/\",\"name\":\"Sonora en Equipo.\",\"description\":\"Diario en l\u00ednea con Noticias desde Hermosillo, Sonora\",\"publisher\":{\"@id\":\"https:\/\/www.sonoraenequipo.com.mx\/#organization\"},\"potentialAction\":[{\"@type\":\"SearchAction\",\"target\":{\"@type\":\"EntryPoint\",\"urlTemplate\":\"https:\/\/www.sonoraenequipo.com.mx\/?s={search_term_string}\"},\"query-input\":{\"@type\":\"PropertyValueSpecification\",\"valueRequired\":true,\"valueName\":\"search_term_string\"}}],\"inLanguage\":\"es\"},{\"@type\":\"Organization\",\"@id\":\"https:\/\/www.sonoraenequipo.com.mx\/#organization\",\"name\":\"Sonoraenequipo.com.mx\",\"url\":\"https:\/\/www.sonoraenequipo.com.mx\/\",\"logo\":{\"@type\":\"ImageObject\",\"inLanguage\":\"es\",\"@id\":\"https:\/\/www.sonoraenequipo.com.mx\/#\/schema\/logo\/image\/\",\"url\":\"https:\/\/www.sonoraenequipo.com.mx\/storage\/2019\/01\/sonoraenequipo_opt.png\",\"contentUrl\":\"https:\/\/www.sonoraenequipo.com.mx\/storage\/2019\/01\/sonoraenequipo_opt.png\",\"width\":375,\"height\":125,\"caption\":\"Sonoraenequipo.com.mx\"},\"image\":{\"@id\":\"https:\/\/www.sonoraenequipo.com.mx\/#\/schema\/logo\/image\/\"},\"sameAs\":[\"https:\/\/www.facebook.com\/SonoraEE\/\",\"https:\/\/x.com\/sonoraenequipo\",\"https:\/\/www.youtube.com\/channel\/UC338nW-lPEYmJQs4ZABQ1SQ\"]},{\"@type\":\"Person\",\"@id\":\"https:\/\/www.sonoraenequipo.com.mx\/#\/schema\/person\/50102df0fb23a8fa9e8effad8fa81386\",\"name\":\"enequipo\",\"image\":{\"@type\":\"ImageObject\",\"inLanguage\":\"es\",\"@id\":\"https:\/\/www.sonoraenequipo.com.mx\/#\/schema\/person\/image\/\",\"url\":\"https:\/\/secure.gravatar.com\/avatar\/049821681b589dabc0bc20695993ccebb09f5b5d4d790cd9251b97faac7c652b?s=96&d=blank&r=g\",\"contentUrl\":\"https:\/\/secure.gravatar.com\/avatar\/049821681b589dabc0bc20695993ccebb09f5b5d4d790cd9251b97faac7c652b?s=96&d=blank&r=g\",\"caption\":\"enequipo\"},\"sameAs\":[\"https:\/\/www.facebook.com\/SonoraEE\"]}]}<\/script>\n ","yoast_head_json":{"title":"Sonora en Equipo. \u00bf Qu\u00e9 se sabe del ataque en un supermercado en Buffalo, Nueva York? MUNDO","description":"\u25baUn documento que circul\u00f3 ampliamente por internet parece describir las ideas racistas, antiinmigraci\u00f3n y antisemitas del atacante. &nbsp; BUFFALO, NUEVA En Sonora en Equipo publicamos toda la informaci\u00f3n de Sonora, M\u00e9xico y el Mundo de manera oportuna y busca que la libertad de expresi\u00f3n sea real. Visita nuestro medio informativo publicado desde Hermosillo, Sonora. %","robots":{"index":"index","follow":"follow","max-snippet":"max-snippet:-1","max-image-preview":"max-image-preview:large","max-video-preview":"max-video-preview:-1"},"canonical":"https:\/\/www.sonoraenequipo.com.mx\/que-se-sabe-del-ataque-en-un-supermercado-en-buffalo-nueva-york\/","og_locale":"es_ES","og_type":"article","og_title":"Sonora en Equipo. \u00bf Qu\u00e9 se sabe del ataque en un supermercado en Buffalo, Nueva York? MUNDO","og_description":"\u25baUn documento que circul\u00f3 ampliamente por internet parece describir las ideas racistas, antiinmigraci\u00f3n y antisemitas del atacante. &nbsp; BUFFALO, NUEVA En Sonora en Equipo publicamos toda la informaci\u00f3n de Sonora, M\u00e9xico y el Mundo de manera oportuna y busca que la libertad de expresi\u00f3n sea real. Visita nuestro medio informativo publicado desde Hermosillo, Sonora. %","og_url":"https:\/\/www.sonoraenequipo.com.mx\/que-se-sabe-del-ataque-en-un-supermercado-en-buffalo-nueva-york\/","og_site_name":"Sonora en Equipo.","article_publisher":"https:\/\/www.facebook.com\/SonoraEE\/","article_author":"https:\/\/www.facebook.com\/SonoraEE","article_published_time":"2022-05-16T18:23:50+00:00","article_modified_time":"2022-05-16T18:29:55+00:00","og_image":[{"width":700,"height":400,"url":"https:\/\/www.sonoraenequipo.com.mx\/storage\/2022\/05\/ofrenda-tops.jpg","type":"image\/jpeg"}],"author":"enequipo","twitter_card":"summary_large_image","twitter_creator":"@sonoraenequipo","twitter_site":"@sonoraenequipo","twitter_misc":{"Escrito por":"enequipo","Tiempo de lectura":"4 minutos"},"schema":{"@context":"https:\/\/schema.org","@graph":[{"@type":"Article","@id":"https:\/\/www.sonoraenequipo.com.mx\/que-se-sabe-del-ataque-en-un-supermercado-en-buffalo-nueva-york\/#article","isPartOf":{"@id":"https:\/\/www.sonoraenequipo.com.mx\/que-se-sabe-del-ataque-en-un-supermercado-en-buffalo-nueva-york\/"},"author":{"name":"enequipo","@id":"https:\/\/www.sonoraenequipo.com.mx\/#\/schema\/person\/50102df0fb23a8fa9e8effad8fa81386"},"headline":"\u00bf Qu\u00e9 se sabe del ataque en un supermercado en Buffalo, Nueva York?","datePublished":"2022-05-16T18:23:50+00:00","dateModified":"2022-05-16T18:29:55+00:00","mainEntityOfPage":{"@id":"https:\/\/www.sonoraenequipo.com.mx\/que-se-sabe-del-ataque-en-un-supermercado-en-buffalo-nueva-york\/"},"wordCount":910,"commentCount":0,"publisher":{"@id":"https:\/\/www.sonoraenequipo.com.mx\/#organization"},"image":{"@id":"https:\/\/www.sonoraenequipo.com.mx\/que-se-sabe-del-ataque-en-un-supermercado-en-buffalo-nueva-york\/#primaryimage"},"thumbnailUrl":"https:\/\/www.sonoraenequipo.com.mx\/storage\/2022\/05\/ofrenda-tops.jpg","articleSection":["MUNDO"],"inLanguage":"es","potentialAction":[{"@type":"CommentAction","name":"Comment","target":["https:\/\/www.sonoraenequipo.com.mx\/que-se-sabe-del-ataque-en-un-supermercado-en-buffalo-nueva-york\/#respond"]}]},{"@type":"WebPage","@id":"https:\/\/www.sonoraenequipo.com.mx\/que-se-sabe-del-ataque-en-un-supermercado-en-buffalo-nueva-york\/","url":"https:\/\/www.sonoraenequipo.com.mx\/que-se-sabe-del-ataque-en-un-supermercado-en-buffalo-nueva-york\/","name":"Sonora en Equipo. \u00bf Qu\u00e9 se sabe del ataque en un supermercado en Buffalo, Nueva York? MUNDO","isPartOf":{"@id":"https:\/\/www.sonoraenequipo.com.mx\/#website"},"primaryImageOfPage":{"@id":"https:\/\/www.sonoraenequipo.com.mx\/que-se-sabe-del-ataque-en-un-supermercado-en-buffalo-nueva-york\/#primaryimage"},"image":{"@id":"https:\/\/www.sonoraenequipo.com.mx\/que-se-sabe-del-ataque-en-un-supermercado-en-buffalo-nueva-york\/#primaryimage"},"thumbnailUrl":"https:\/\/www.sonoraenequipo.com.mx\/storage\/2022\/05\/ofrenda-tops.jpg","datePublished":"2022-05-16T18:23:50+00:00","dateModified":"2022-05-16T18:29:55+00:00","description":"\u25baUn documento que circul\u00f3 ampliamente por internet parece describir las ideas racistas, antiinmigraci\u00f3n y antisemitas del atacante. &nbsp; BUFFALO, NUEVA En Sonora en Equipo publicamos toda la informaci\u00f3n de Sonora, M\u00e9xico y el Mundo de manera oportuna y busca que la libertad de expresi\u00f3n sea real. Visita nuestro medio informativo publicado desde Hermosillo, Sonora. %","breadcrumb":{"@id":"https:\/\/www.sonoraenequipo.com.mx\/que-se-sabe-del-ataque-en-un-supermercado-en-buffalo-nueva-york\/#breadcrumb"},"inLanguage":"es","potentialAction":[{"@type":"ReadAction","target":["https:\/\/www.sonoraenequipo.com.mx\/que-se-sabe-del-ataque-en-un-supermercado-en-buffalo-nueva-york\/"]}]},{"@type":"ImageObject","inLanguage":"es","@id":"https:\/\/www.sonoraenequipo.com.mx\/que-se-sabe-del-ataque-en-un-supermercado-en-buffalo-nueva-york\/#primaryimage","url":"https:\/\/www.sonoraenequipo.com.mx\/storage\/2022\/05\/ofrenda-tops.jpg","contentUrl":"https:\/\/www.sonoraenequipo.com.mx\/storage\/2022\/05\/ofrenda-tops.jpg","width":700,"height":400,"caption":"ofrenda afuera del Tops"},{"@type":"BreadcrumbList","@id":"https:\/\/www.sonoraenequipo.com.mx\/que-se-sabe-del-ataque-en-un-supermercado-en-buffalo-nueva-york\/#breadcrumb","itemListElement":[{"@type":"ListItem","position":1,"name":"Portada","item":"https:\/\/www.sonoraenequipo.com.mx\/"},{"@type":"ListItem","position":2,"name":"\u00bf Qu\u00e9 se sabe del ataque en un supermercado en Buffalo, Nueva York?"}]},{"@type":"WebSite","@id":"https:\/\/www.sonoraenequipo.com.mx\/#website","url":"https:\/\/www.sonoraenequipo.com.mx\/","name":"Sonora en Equipo.","description":"Diario en l\u00ednea con Noticias desde Hermosillo, Sonora","publisher":{"@id":"https:\/\/www.sonoraenequipo.com.mx\/#organization"},"potentialAction":[{"@type":"SearchAction","target":{"@type":"EntryPoint","urlTemplate":"https:\/\/www.sonoraenequipo.com.mx\/?s={search_term_string}"},"query-input":{"@type":"PropertyValueSpecification","valueRequired":true,"valueName":"search_term_string"}}],"inLanguage":"es"},{"@type":"Organization","@id":"https:\/\/www.sonoraenequipo.com.mx\/#organization","name":"Sonoraenequipo.com.mx","url":"https:\/\/www.sonoraenequipo.com.mx\/","logo":{"@type":"ImageObject","inLanguage":"es","@id":"https:\/\/www.sonoraenequipo.com.mx\/#\/schema\/logo\/image\/","url":"https:\/\/www.sonoraenequipo.com.mx\/storage\/2019\/01\/sonoraenequipo_opt.png","contentUrl":"https:\/\/www.sonoraenequipo.com.mx\/storage\/2019\/01\/sonoraenequipo_opt.png","width":375,"height":125,"caption":"Sonoraenequipo.com.mx"},"image":{"@id":"https:\/\/www.sonoraenequipo.com.mx\/#\/schema\/logo\/image\/"},"sameAs":["https:\/\/www.facebook.com\/SonoraEE\/","https:\/\/x.com\/sonoraenequipo","https:\/\/www.youtube.com\/channel\/UC338nW-lPEYmJQs4ZABQ1SQ"]},{"@type":"Person","@id":"https:\/\/www.sonoraenequipo.com.mx\/#\/schema\/person\/50102df0fb23a8fa9e8effad8fa81386","name":"enequipo","image":{"@type":"ImageObject","inLanguage":"es","@id":"https:\/\/www.sonoraenequipo.com.mx\/#\/schema\/person\/image\/","url":"https:\/\/secure.gravatar.com\/avatar\/049821681b589dabc0bc20695993ccebb09f5b5d4d790cd9251b97faac7c652b?s=96&d=blank&r=g","contentUrl":"https:\/\/secure.gravatar.com\/avatar\/049821681b589dabc0bc20695993ccebb09f5b5d4d790cd9251b97faac7c652b?s=96&d=blank&r=g","caption":"enequipo"},"sameAs":["https:\/\/www.facebook.com\/SonoraEE"]}]}},"jetpack_featured_media_url":"https:\/\/www.sonoraenequipo.com.mx\/storage\/2022\/05\/ofrenda-tops.jpg","_links":{"self":[{"href":"https:\/\/www.sonoraenequipo.com.mx\/api\/wp\/v2\/posts\/138606","targetHints":{"allow":["GET"]}}],"collection":[{"href":"https:\/\/www.sonoraenequipo.com.mx\/api\/wp\/v2\/posts"}],"about":[{"href":"https:\/\/www.sonoraenequipo.com.mx\/api\/wp\/v2\/types\/post"}],"author":[{"embeddable":true,"href":"https:\/\/www.sonoraenequipo.com.mx\/api\/wp\/v2\/users\/1"}],"replies":[{"embeddable":true,"href":"https:\/\/www.sonoraenequipo.com.mx\/api\/wp\/v2\/comments?post=138606"}],"version-history":[{"count":3,"href":"https:\/\/www.sonoraenequipo.com.mx\/api\/wp\/v2\/posts\/138606\/revisions"}],"predecessor-version":[{"id":138610,"href":"https:\/\/www.sonoraenequipo.com.mx\/api\/wp\/v2\/posts\/138606\/revisions\/138610"}],"wp:featuredmedia":[{"embeddable":true,"href":"https:\/\/www.sonoraenequipo.com.mx\/api\/wp\/v2\/media\/138607"}],"wp:attachment":[{"href":"https:\/\/www.sonoraenequipo.com.mx\/api\/wp\/v2\/media?parent=138606"}],"wp:term":[{"taxonomy":"category","embeddable":true,"href":"https:\/\/www.sonoraenequipo.com.mx\/api\/wp\/v2\/categories?post=138606"},{"taxonomy":"post_tag","embeddable":true,"href":"https:\/\/www.sonoraenequipo.com.mx\/api\/wp\/v2\/tags?post=138606"}],"curies":[{"name":"wp","href":"https:\/\/api.w.org\/{rel}","templated":true}]}}