{"id":138615,"date":"2022-05-16T11:57:39","date_gmt":"2022-05-16T18:57:39","guid":{"rendered":"https:\/\/www.sonoraenequipo.com.mx\/?p=138615"},"modified":"2022-05-16T11:57:39","modified_gmt":"2022-05-16T18:57:39","slug":"inflamacion-cronica-y-carcinogenesis-nuevos-datos-refuerzan-la-implicacion-de-la-dieta-y-el-ejercicio-fisico","status":"publish","type":"post","link":"https:\/\/www.sonoraenequipo.com.mx\/inflamacion-cronica-y-carcinogenesis-nuevos-datos-refuerzan-la-implicacion-de-la-dieta-y-el-ejercicio-fisico\/","title":{"rendered":"Inflamaci\u00f3n cr\u00f3nica y carcinog\u00e9nesis: nuevos datos refuerzan la implicaci\u00f3n de la dieta y el ejercicio f\u00edsico"},"content":{"rendered":"<p>MADRID, ESPA\u00d1A.\u2500En el marco de la sesi\u00f3n Salud de Precisi\u00f3n: Oncology, celebrada dentro del VII Congreso Internacional de la Sociedad Espa\u00f1ola de Salud de Precisi\u00f3n (SESAP), se realiz\u00f3 una actualizaci\u00f3n de las \u00faltimas evidencias respecto al nexo c\u00e1ncer-estilo de vida, analizando en concreto el papel que pueden tener determinados nutrientes en el desarrollo tumoral y tambi\u00e9n los datos m\u00e1s recientes que justifican la idea de que la prescripci\u00f3n de ejercicio f\u00edsico no deber\u00eda ser opcional, sino estar integrada en el tratamiento oncol\u00f3gico.<\/p>\n<p>\u00abLa dieta y el estilo de vida pueden influir en cada una de las etapas sucesivas que se dan en el proceso de carcinog\u00e9nesis: iniciaci\u00f3n, promoci\u00f3n y progresi\u00f3n. Aunque los factores alimenticios y relacionados con los h\u00e1bitos diarios son m\u00e1s o menos los mismos, en cada una de estas fases el impacto de unos y otros es distinto\u00bb, explic\u00f3 el dietista-nutricionista Pedro Carrera Bastos, doctorando e investigador en Nutrici\u00f3n, Metabolismo e Inflamaci\u00f3n, quien abord\u00f3 el an\u00e1lisis de esta cuesti\u00f3n en su ponencia Dieta y h\u00e1bitos en la prevenci\u00f3n de carcinog\u00e9nesis.<\/p>\n<p>\u00abEntre los factores nutricionales que intervienen en la fase de iniciaci\u00f3n se encuentra el d\u00e9ficit de determinados nutrientes, entre ellos los de folato y vitaminas del grupo B (B12, B6, B3), que favorecen roturas cromos\u00f3micas, la hipometilaci\u00f3n del ADN y aumentan la sensibilidad a mut\u00e1genos. Por su parte, el d\u00e9ficit de vitamina C y selenio aumenta el da\u00f1o oxidativo del ADN, un efecto que tambi\u00e9n se asocia a unos niveles inadecuados de zinc y magnesio y al d\u00e9ficit de vitamina D\u00bb.<\/p>\n<p>\u00abTambi\u00e9n se ha visto que tiene un impacto negativo en la fase de iniciaci\u00f3n la aflatoxina, presente en alimentos de origen vegetal, como yuca, pimiento, ma\u00edz, mijo, arroz, sorgo, trigo, semillas de girasol o cacahuate, aunque su efecto depende en gran medida de la forma en la que est\u00e9n almacenados estos alimentos\u00bb, a\u00f1adi\u00f3 Carrera.<\/p>\n<p>&nbsp;<\/p>\n<p>Pero entre todos estos agentes, sin duda los m\u00e1s \u00abimplicados\u00bb en esta fase de la carcinog\u00e9nesis son los compuestos nitrosos, nitritos y nitratos en concreto, explic\u00f3 el experto: \u00abLos que est\u00e1n presentes de forma natural en los alimentos no causan c\u00e1ncer porque bioqu\u00edmicamente no producen nitrosaminas. El \u02b9problema\u02b9 lo tenemos con los nitritos que se a\u00f1aden, por ejemplo, a las carnes procesadas o a los embutidos; estos s\u00ed llevan a producci\u00f3n de nitrosaminas\u00bb.<\/p>\n<p>&nbsp;<\/p>\n<p>C\u00f3mo minimizar el efecto de los hidrocarburos arom\u00e1ticos polic\u00edclicos<\/p>\n<p>Contextualizando el nexo entre las nitrosaminas y la carcinog\u00e9nesis, Carrera record\u00f3 que estas sustancias tambi\u00e9n est\u00e1n presentes en el tabaco, aunque con claras diferencias en cuanto a su repercusi\u00f3n: \u00abDe hecho, cuando se comparan los efectos del tabaco con los del consumo de las carnes procesadas vemos que 72% de los casos de c\u00e1ncer de pulm\u00f3n y 15% de todos los c\u00e1nceres est\u00e1n producidos por el h\u00e1bito de fumar, mientras que el consumo de carnes procesadas se asocia a 13% de los casos de c\u00e1ncer de intestino y a 1,5% de todos los c\u00e1nceres\u00bb.<\/p>\n<p>Fecha de publicaci\u00f3n lunes 16 de mayo de 2022, fuente Medscape<\/p>\n<p>&nbsp;<\/p>\n<p>&nbsp;<\/p>\n<p>&nbsp;<\/p>\n","protected":false},"excerpt":{"rendered":"<p>MADRID, ESPA\u00d1A.\u2500En el marco de la sesi\u00f3n Salud de Precisi\u00f3n: Oncology, celebrada dentro del VII&#8230;<\/p>\n","protected":false},"author":1,"featured_media":138616,"comment_status":"open","ping_status":"open","sticky":false,"template":"","format":"standard","meta":{"_monsterinsights_skip_tracking":false,"_monsterinsights_sitenote_active":false,"_monsterinsights_sitenote_note":"","_monsterinsights_sitenote_category":0,"footnotes":""},"categories":[2216],"tags":[],"class_list":["post"],"yoast_head":" \n<title>Sonora en Equipo. Inflamaci\u00f3n cr\u00f3nica y carcinog\u00e9nesis: nuevos datos refuerzan la implicaci\u00f3n de la dieta y el ejercicio f\u00edsico Ciencia y Tecnolog\u00eda<\/title>\n<meta name=\"description\" content=\"MADRID, ESPA\u00d1A.\u2500En el marco de la sesi\u00f3n Salud de Precisi\u00f3n: Oncology, celebrada dentro del VII Congreso Internacional de la Sociedad Espa\u00f1ola de Salud de En Sonora en Equipo publicamos toda la informaci\u00f3n de Sonora, M\u00e9xico y el Mundo de manera oportuna y busca que la libertad de expresi\u00f3n sea real. Visita nuestro medio informativo publicado desde Hermosillo, Sonora. %\" \/>\n<meta name=\"robots\" content=\"index, follow, max-snippet:-1, max-image-preview:large, max-video-preview:-1\" \/>\n<link rel=\"canonical\" href=\"https:\/\/www.sonoraenequipo.com.mx\/inflamacion-cronica-y-carcinogenesis-nuevos-datos-refuerzan-la-implicacion-de-la-dieta-y-el-ejercicio-fisico\/\" \/>\n<meta property=\"og:locale\" content=\"es_ES\" \/>\n<meta property=\"og:type\" content=\"article\" \/>\n<meta property=\"og:title\" content=\"Sonora en Equipo. Inflamaci\u00f3n cr\u00f3nica y carcinog\u00e9nesis: nuevos datos refuerzan la implicaci\u00f3n de la dieta y el ejercicio f\u00edsico Ciencia y Tecnolog\u00eda\" \/>\n<meta property=\"og:description\" content=\"MADRID, ESPA\u00d1A.\u2500En el marco de la sesi\u00f3n Salud de Precisi\u00f3n: Oncology, celebrada dentro del VII Congreso Internacional de la Sociedad Espa\u00f1ola de Salud de En Sonora en Equipo publicamos toda la informaci\u00f3n de Sonora, M\u00e9xico y el Mundo de manera oportuna y busca que la libertad de expresi\u00f3n sea real. Visita nuestro medio informativo publicado desde Hermosillo, Sonora. %\" \/>\n<meta property=\"og:url\" content=\"https:\/\/www.sonoraenequipo.com.mx\/inflamacion-cronica-y-carcinogenesis-nuevos-datos-refuerzan-la-implicacion-de-la-dieta-y-el-ejercicio-fisico\/\" \/>\n<meta property=\"og:site_name\" content=\"Sonora en Equipo.\" \/>\n<meta property=\"article:publisher\" content=\"https:\/\/www.facebook.com\/SonoraEE\/\" \/>\n<meta property=\"article:author\" content=\"https:\/\/www.facebook.com\/SonoraEE\" \/>\n<meta property=\"article:published_time\" content=\"2022-05-16T18:57:39+00:00\" \/>\n<meta property=\"og:image\" content=\"https:\/\/www.sonoraenequipo.com.mx\/storage\/2022\/05\/inflamacion.jpg\" \/>\n\t<meta property=\"og:image:width\" content=\"700\" \/>\n\t<meta property=\"og:image:height\" content=\"400\" \/>\n\t<meta property=\"og:image:type\" content=\"image\/jpeg\" \/>\n<meta name=\"author\" content=\"enequipo\" \/>\n<meta name=\"twitter:card\" content=\"summary_large_image\" \/>\n<meta name=\"twitter:creator\" content=\"@sonoraenequipo\" \/>\n<meta name=\"twitter:site\" content=\"@sonoraenequipo\" \/>\n<meta name=\"twitter:label1\" content=\"Escrito por\" \/>\n\t<meta name=\"twitter:data1\" content=\"enequipo\" \/>\n\t<meta name=\"twitter:label2\" content=\"Tiempo de lectura\" \/>\n\t<meta name=\"twitter:data2\" content=\"3 minutos\" \/>\n<script type=\"application\/ld+json\" class=\"yoast-schema-graph\">{\"@context\":\"https:\/\/schema.org\",\"@graph\":[{\"@type\":\"Article\",\"@id\":\"https:\/\/www.sonoraenequipo.com.mx\/inflamacion-cronica-y-carcinogenesis-nuevos-datos-refuerzan-la-implicacion-de-la-dieta-y-el-ejercicio-fisico\/#article\",\"isPartOf\":{\"@id\":\"https:\/\/www.sonoraenequipo.com.mx\/inflamacion-cronica-y-carcinogenesis-nuevos-datos-refuerzan-la-implicacion-de-la-dieta-y-el-ejercicio-fisico\/\"},\"author\":{\"name\":\"enequipo\",\"@id\":\"https:\/\/www.sonoraenequipo.com.mx\/#\/schema\/person\/50102df0fb23a8fa9e8effad8fa81386\"},\"headline\":\"Inflamaci\u00f3n cr\u00f3nica y carcinog\u00e9nesis: nuevos datos refuerzan la implicaci\u00f3n de la dieta y el ejercicio f\u00edsico\",\"datePublished\":\"2022-05-16T18:57:39+00:00\",\"mainEntityOfPage\":{\"@id\":\"https:\/\/www.sonoraenequipo.com.mx\/inflamacion-cronica-y-carcinogenesis-nuevos-datos-refuerzan-la-implicacion-de-la-dieta-y-el-ejercicio-fisico\/\"},\"wordCount\":577,\"commentCount\":0,\"publisher\":{\"@id\":\"https:\/\/www.sonoraenequipo.com.mx\/#organization\"},\"image\":{\"@id\":\"https:\/\/www.sonoraenequipo.com.mx\/inflamacion-cronica-y-carcinogenesis-nuevos-datos-refuerzan-la-implicacion-de-la-dieta-y-el-ejercicio-fisico\/#primaryimage\"},\"thumbnailUrl\":\"https:\/\/www.sonoraenequipo.com.mx\/storage\/2022\/05\/inflamacion.jpg\",\"articleSection\":[\"Ciencia y Tecnolog\u00eda\"],\"inLanguage\":\"es\",\"potentialAction\":[{\"@type\":\"CommentAction\",\"name\":\"Comment\",\"target\":[\"https:\/\/www.sonoraenequipo.com.mx\/inflamacion-cronica-y-carcinogenesis-nuevos-datos-refuerzan-la-implicacion-de-la-dieta-y-el-ejercicio-fisico\/#respond\"]}]},{\"@type\":\"WebPage\",\"@id\":\"https:\/\/www.sonoraenequipo.com.mx\/inflamacion-cronica-y-carcinogenesis-nuevos-datos-refuerzan-la-implicacion-de-la-dieta-y-el-ejercicio-fisico\/\",\"url\":\"https:\/\/www.sonoraenequipo.com.mx\/inflamacion-cronica-y-carcinogenesis-nuevos-datos-refuerzan-la-implicacion-de-la-dieta-y-el-ejercicio-fisico\/\",\"name\":\"Sonora en Equipo. Inflamaci\u00f3n cr\u00f3nica y carcinog\u00e9nesis: nuevos datos refuerzan la implicaci\u00f3n de la dieta y el ejercicio f\u00edsico Ciencia y Tecnolog\u00eda\",\"isPartOf\":{\"@id\":\"https:\/\/www.sonoraenequipo.com.mx\/#website\"},\"primaryImageOfPage\":{\"@id\":\"https:\/\/www.sonoraenequipo.com.mx\/inflamacion-cronica-y-carcinogenesis-nuevos-datos-refuerzan-la-implicacion-de-la-dieta-y-el-ejercicio-fisico\/#primaryimage\"},\"image\":{\"@id\":\"https:\/\/www.sonoraenequipo.com.mx\/inflamacion-cronica-y-carcinogenesis-nuevos-datos-refuerzan-la-implicacion-de-la-dieta-y-el-ejercicio-fisico\/#primaryimage\"},\"thumbnailUrl\":\"https:\/\/www.sonoraenequipo.com.mx\/storage\/2022\/05\/inflamacion.jpg\",\"datePublished\":\"2022-05-16T18:57:39+00:00\",\"description\":\"MADRID, ESPA\u00d1A.\u2500En el marco de la sesi\u00f3n Salud de Precisi\u00f3n: Oncology, celebrada dentro del VII Congreso Internacional de la Sociedad Espa\u00f1ola de Salud de En Sonora en Equipo publicamos toda la informaci\u00f3n de Sonora, M\u00e9xico y el Mundo de manera oportuna y busca que la libertad de expresi\u00f3n sea real. Visita nuestro medio informativo publicado desde Hermosillo, Sonora. %\",\"breadcrumb\":{\"@id\":\"https:\/\/www.sonoraenequipo.com.mx\/inflamacion-cronica-y-carcinogenesis-nuevos-datos-refuerzan-la-implicacion-de-la-dieta-y-el-ejercicio-fisico\/#breadcrumb\"},\"inLanguage\":\"es\",\"potentialAction\":[{\"@type\":\"ReadAction\",\"target\":[\"https:\/\/www.sonoraenequipo.com.mx\/inflamacion-cronica-y-carcinogenesis-nuevos-datos-refuerzan-la-implicacion-de-la-dieta-y-el-ejercicio-fisico\/\"]}]},{\"@type\":\"ImageObject\",\"inLanguage\":\"es\",\"@id\":\"https:\/\/www.sonoraenequipo.com.mx\/inflamacion-cronica-y-carcinogenesis-nuevos-datos-refuerzan-la-implicacion-de-la-dieta-y-el-ejercicio-fisico\/#primaryimage\",\"url\":\"https:\/\/www.sonoraenequipo.com.mx\/storage\/2022\/05\/inflamacion.jpg\",\"contentUrl\":\"https:\/\/www.sonoraenequipo.com.mx\/storage\/2022\/05\/inflamacion.jpg\",\"width\":700,\"height\":400},{\"@type\":\"BreadcrumbList\",\"@id\":\"https:\/\/www.sonoraenequipo.com.mx\/inflamacion-cronica-y-carcinogenesis-nuevos-datos-refuerzan-la-implicacion-de-la-dieta-y-el-ejercicio-fisico\/#breadcrumb\",\"itemListElement\":[{\"@type\":\"ListItem\",\"position\":1,\"name\":\"Portada\",\"item\":\"https:\/\/www.sonoraenequipo.com.mx\/\"},{\"@type\":\"ListItem\",\"position\":2,\"name\":\"Inflamaci\u00f3n cr\u00f3nica y carcinog\u00e9nesis: nuevos datos refuerzan la implicaci\u00f3n de la dieta y el ejercicio f\u00edsico\"}]},{\"@type\":\"WebSite\",\"@id\":\"https:\/\/www.sonoraenequipo.com.mx\/#website\",\"url\":\"https:\/\/www.sonoraenequipo.com.mx\/\",\"name\":\"Sonora en Equipo.\",\"description\":\"Diario en l\u00ednea con Noticias desde Hermosillo, Sonora\",\"publisher\":{\"@id\":\"https:\/\/www.sonoraenequipo.com.mx\/#organization\"},\"potentialAction\":[{\"@type\":\"SearchAction\",\"target\":{\"@type\":\"EntryPoint\",\"urlTemplate\":\"https:\/\/www.sonoraenequipo.com.mx\/?s={search_term_string}\"},\"query-input\":{\"@type\":\"PropertyValueSpecification\",\"valueRequired\":true,\"valueName\":\"search_term_string\"}}],\"inLanguage\":\"es\"},{\"@type\":\"Organization\",\"@id\":\"https:\/\/www.sonoraenequipo.com.mx\/#organization\",\"name\":\"Sonoraenequipo.com.mx\",\"url\":\"https:\/\/www.sonoraenequipo.com.mx\/\",\"logo\":{\"@type\":\"ImageObject\",\"inLanguage\":\"es\",\"@id\":\"https:\/\/www.sonoraenequipo.com.mx\/#\/schema\/logo\/image\/\",\"url\":\"https:\/\/www.sonoraenequipo.com.mx\/storage\/2019\/01\/sonoraenequipo_opt.png\",\"contentUrl\":\"https:\/\/www.sonoraenequipo.com.mx\/storage\/2019\/01\/sonoraenequipo_opt.png\",\"width\":375,\"height\":125,\"caption\":\"Sonoraenequipo.com.mx\"},\"image\":{\"@id\":\"https:\/\/www.sonoraenequipo.com.mx\/#\/schema\/logo\/image\/\"},\"sameAs\":[\"https:\/\/www.facebook.com\/SonoraEE\/\",\"https:\/\/x.com\/sonoraenequipo\",\"https:\/\/www.youtube.com\/channel\/UC338nW-lPEYmJQs4ZABQ1SQ\"]},{\"@type\":\"Person\",\"@id\":\"https:\/\/www.sonoraenequipo.com.mx\/#\/schema\/person\/50102df0fb23a8fa9e8effad8fa81386\",\"name\":\"enequipo\",\"image\":{\"@type\":\"ImageObject\",\"inLanguage\":\"es\",\"@id\":\"https:\/\/www.sonoraenequipo.com.mx\/#\/schema\/person\/image\/\",\"url\":\"https:\/\/secure.gravatar.com\/avatar\/049821681b589dabc0bc20695993ccebb09f5b5d4d790cd9251b97faac7c652b?s=96&d=blank&r=g\",\"contentUrl\":\"https:\/\/secure.gravatar.com\/avatar\/049821681b589dabc0bc20695993ccebb09f5b5d4d790cd9251b97faac7c652b?s=96&d=blank&r=g\",\"caption\":\"enequipo\"},\"sameAs\":[\"https:\/\/www.facebook.com\/SonoraEE\"]}]}<\/script>\n ","yoast_head_json":{"title":"Sonora en Equipo. Inflamaci\u00f3n cr\u00f3nica y carcinog\u00e9nesis: nuevos datos refuerzan la implicaci\u00f3n de la dieta y el ejercicio f\u00edsico Ciencia y Tecnolog\u00eda","description":"MADRID, ESPA\u00d1A.\u2500En el marco de la sesi\u00f3n Salud de Precisi\u00f3n: Oncology, celebrada dentro del VII Congreso Internacional de la Sociedad Espa\u00f1ola de Salud de En Sonora en Equipo publicamos toda la informaci\u00f3n de Sonora, M\u00e9xico y el Mundo de manera oportuna y busca que la libertad de expresi\u00f3n sea real. Visita nuestro medio informativo publicado desde Hermosillo, Sonora. %","robots":{"index":"index","follow":"follow","max-snippet":"max-snippet:-1","max-image-preview":"max-image-preview:large","max-video-preview":"max-video-preview:-1"},"canonical":"https:\/\/www.sonoraenequipo.com.mx\/inflamacion-cronica-y-carcinogenesis-nuevos-datos-refuerzan-la-implicacion-de-la-dieta-y-el-ejercicio-fisico\/","og_locale":"es_ES","og_type":"article","og_title":"Sonora en Equipo. Inflamaci\u00f3n cr\u00f3nica y carcinog\u00e9nesis: nuevos datos refuerzan la implicaci\u00f3n de la dieta y el ejercicio f\u00edsico Ciencia y Tecnolog\u00eda","og_description":"MADRID, ESPA\u00d1A.\u2500En el marco de la sesi\u00f3n Salud de Precisi\u00f3n: Oncology, celebrada dentro del VII Congreso Internacional de la Sociedad Espa\u00f1ola de Salud de En Sonora en Equipo publicamos toda la informaci\u00f3n de Sonora, M\u00e9xico y el Mundo de manera oportuna y busca que la libertad de expresi\u00f3n sea real. Visita nuestro medio informativo publicado desde Hermosillo, Sonora. %","og_url":"https:\/\/www.sonoraenequipo.com.mx\/inflamacion-cronica-y-carcinogenesis-nuevos-datos-refuerzan-la-implicacion-de-la-dieta-y-el-ejercicio-fisico\/","og_site_name":"Sonora en Equipo.","article_publisher":"https:\/\/www.facebook.com\/SonoraEE\/","article_author":"https:\/\/www.facebook.com\/SonoraEE","article_published_time":"2022-05-16T18:57:39+00:00","og_image":[{"width":700,"height":400,"url":"https:\/\/www.sonoraenequipo.com.mx\/storage\/2022\/05\/inflamacion.jpg","type":"image\/jpeg"}],"author":"enequipo","twitter_card":"summary_large_image","twitter_creator":"@sonoraenequipo","twitter_site":"@sonoraenequipo","twitter_misc":{"Escrito por":"enequipo","Tiempo de lectura":"3 minutos"},"schema":{"@context":"https:\/\/schema.org","@graph":[{"@type":"Article","@id":"https:\/\/www.sonoraenequipo.com.mx\/inflamacion-cronica-y-carcinogenesis-nuevos-datos-refuerzan-la-implicacion-de-la-dieta-y-el-ejercicio-fisico\/#article","isPartOf":{"@id":"https:\/\/www.sonoraenequipo.com.mx\/inflamacion-cronica-y-carcinogenesis-nuevos-datos-refuerzan-la-implicacion-de-la-dieta-y-el-ejercicio-fisico\/"},"author":{"name":"enequipo","@id":"https:\/\/www.sonoraenequipo.com.mx\/#\/schema\/person\/50102df0fb23a8fa9e8effad8fa81386"},"headline":"Inflamaci\u00f3n cr\u00f3nica y carcinog\u00e9nesis: nuevos datos refuerzan la implicaci\u00f3n de la dieta y el ejercicio f\u00edsico","datePublished":"2022-05-16T18:57:39+00:00","mainEntityOfPage":{"@id":"https:\/\/www.sonoraenequipo.com.mx\/inflamacion-cronica-y-carcinogenesis-nuevos-datos-refuerzan-la-implicacion-de-la-dieta-y-el-ejercicio-fisico\/"},"wordCount":577,"commentCount":0,"publisher":{"@id":"https:\/\/www.sonoraenequipo.com.mx\/#organization"},"image":{"@id":"https:\/\/www.sonoraenequipo.com.mx\/inflamacion-cronica-y-carcinogenesis-nuevos-datos-refuerzan-la-implicacion-de-la-dieta-y-el-ejercicio-fisico\/#primaryimage"},"thumbnailUrl":"https:\/\/www.sonoraenequipo.com.mx\/storage\/2022\/05\/inflamacion.jpg","articleSection":["Ciencia y Tecnolog\u00eda"],"inLanguage":"es","potentialAction":[{"@type":"CommentAction","name":"Comment","target":["https:\/\/www.sonoraenequipo.com.mx\/inflamacion-cronica-y-carcinogenesis-nuevos-datos-refuerzan-la-implicacion-de-la-dieta-y-el-ejercicio-fisico\/#respond"]}]},{"@type":"WebPage","@id":"https:\/\/www.sonoraenequipo.com.mx\/inflamacion-cronica-y-carcinogenesis-nuevos-datos-refuerzan-la-implicacion-de-la-dieta-y-el-ejercicio-fisico\/","url":"https:\/\/www.sonoraenequipo.com.mx\/inflamacion-cronica-y-carcinogenesis-nuevos-datos-refuerzan-la-implicacion-de-la-dieta-y-el-ejercicio-fisico\/","name":"Sonora en Equipo. Inflamaci\u00f3n cr\u00f3nica y carcinog\u00e9nesis: nuevos datos refuerzan la implicaci\u00f3n de la dieta y el ejercicio f\u00edsico Ciencia y Tecnolog\u00eda","isPartOf":{"@id":"https:\/\/www.sonoraenequipo.com.mx\/#website"},"primaryImageOfPage":{"@id":"https:\/\/www.sonoraenequipo.com.mx\/inflamacion-cronica-y-carcinogenesis-nuevos-datos-refuerzan-la-implicacion-de-la-dieta-y-el-ejercicio-fisico\/#primaryimage"},"image":{"@id":"https:\/\/www.sonoraenequipo.com.mx\/inflamacion-cronica-y-carcinogenesis-nuevos-datos-refuerzan-la-implicacion-de-la-dieta-y-el-ejercicio-fisico\/#primaryimage"},"thumbnailUrl":"https:\/\/www.sonoraenequipo.com.mx\/storage\/2022\/05\/inflamacion.jpg","datePublished":"2022-05-16T18:57:39+00:00","description":"MADRID, ESPA\u00d1A.\u2500En el marco de la sesi\u00f3n Salud de Precisi\u00f3n: Oncology, celebrada dentro del VII Congreso Internacional de la Sociedad Espa\u00f1ola de Salud de En Sonora en Equipo publicamos toda la informaci\u00f3n de Sonora, M\u00e9xico y el Mundo de manera oportuna y busca que la libertad de expresi\u00f3n sea real. Visita nuestro medio informativo publicado desde Hermosillo, Sonora. %","breadcrumb":{"@id":"https:\/\/www.sonoraenequipo.com.mx\/inflamacion-cronica-y-carcinogenesis-nuevos-datos-refuerzan-la-implicacion-de-la-dieta-y-el-ejercicio-fisico\/#breadcrumb"},"inLanguage":"es","potentialAction":[{"@type":"ReadAction","target":["https:\/\/www.sonoraenequipo.com.mx\/inflamacion-cronica-y-carcinogenesis-nuevos-datos-refuerzan-la-implicacion-de-la-dieta-y-el-ejercicio-fisico\/"]}]},{"@type":"ImageObject","inLanguage":"es","@id":"https:\/\/www.sonoraenequipo.com.mx\/inflamacion-cronica-y-carcinogenesis-nuevos-datos-refuerzan-la-implicacion-de-la-dieta-y-el-ejercicio-fisico\/#primaryimage","url":"https:\/\/www.sonoraenequipo.com.mx\/storage\/2022\/05\/inflamacion.jpg","contentUrl":"https:\/\/www.sonoraenequipo.com.mx\/storage\/2022\/05\/inflamacion.jpg","width":700,"height":400},{"@type":"BreadcrumbList","@id":"https:\/\/www.sonoraenequipo.com.mx\/inflamacion-cronica-y-carcinogenesis-nuevos-datos-refuerzan-la-implicacion-de-la-dieta-y-el-ejercicio-fisico\/#breadcrumb","itemListElement":[{"@type":"ListItem","position":1,"name":"Portada","item":"https:\/\/www.sonoraenequipo.com.mx\/"},{"@type":"ListItem","position":2,"name":"Inflamaci\u00f3n cr\u00f3nica y carcinog\u00e9nesis: nuevos datos refuerzan la implicaci\u00f3n de la dieta y el ejercicio f\u00edsico"}]},{"@type":"WebSite","@id":"https:\/\/www.sonoraenequipo.com.mx\/#website","url":"https:\/\/www.sonoraenequipo.com.mx\/","name":"Sonora en Equipo.","description":"Diario en l\u00ednea con Noticias desde Hermosillo, Sonora","publisher":{"@id":"https:\/\/www.sonoraenequipo.com.mx\/#organization"},"potentialAction":[{"@type":"SearchAction","target":{"@type":"EntryPoint","urlTemplate":"https:\/\/www.sonoraenequipo.com.mx\/?s={search_term_string}"},"query-input":{"@type":"PropertyValueSpecification","valueRequired":true,"valueName":"search_term_string"}}],"inLanguage":"es"},{"@type":"Organization","@id":"https:\/\/www.sonoraenequipo.com.mx\/#organization","name":"Sonoraenequipo.com.mx","url":"https:\/\/www.sonoraenequipo.com.mx\/","logo":{"@type":"ImageObject","inLanguage":"es","@id":"https:\/\/www.sonoraenequipo.com.mx\/#\/schema\/logo\/image\/","url":"https:\/\/www.sonoraenequipo.com.mx\/storage\/2019\/01\/sonoraenequipo_opt.png","contentUrl":"https:\/\/www.sonoraenequipo.com.mx\/storage\/2019\/01\/sonoraenequipo_opt.png","width":375,"height":125,"caption":"Sonoraenequipo.com.mx"},"image":{"@id":"https:\/\/www.sonoraenequipo.com.mx\/#\/schema\/logo\/image\/"},"sameAs":["https:\/\/www.facebook.com\/SonoraEE\/","https:\/\/x.com\/sonoraenequipo","https:\/\/www.youtube.com\/channel\/UC338nW-lPEYmJQs4ZABQ1SQ"]},{"@type":"Person","@id":"https:\/\/www.sonoraenequipo.com.mx\/#\/schema\/person\/50102df0fb23a8fa9e8effad8fa81386","name":"enequipo","image":{"@type":"ImageObject","inLanguage":"es","@id":"https:\/\/www.sonoraenequipo.com.mx\/#\/schema\/person\/image\/","url":"https:\/\/secure.gravatar.com\/avatar\/049821681b589dabc0bc20695993ccebb09f5b5d4d790cd9251b97faac7c652b?s=96&d=blank&r=g","contentUrl":"https:\/\/secure.gravatar.com\/avatar\/049821681b589dabc0bc20695993ccebb09f5b5d4d790cd9251b97faac7c652b?s=96&d=blank&r=g","caption":"enequipo"},"sameAs":["https:\/\/www.facebook.com\/SonoraEE"]}]}},"jetpack_featured_media_url":"https:\/\/www.sonoraenequipo.com.mx\/storage\/2022\/05\/inflamacion.jpg","_links":{"self":[{"href":"https:\/\/www.sonoraenequipo.com.mx\/api\/wp\/v2\/posts\/138615","targetHints":{"allow":["GET"]}}],"collection":[{"href":"https:\/\/www.sonoraenequipo.com.mx\/api\/wp\/v2\/posts"}],"about":[{"href":"https:\/\/www.sonoraenequipo.com.mx\/api\/wp\/v2\/types\/post"}],"author":[{"embeddable":true,"href":"https:\/\/www.sonoraenequipo.com.mx\/api\/wp\/v2\/users\/1"}],"replies":[{"embeddable":true,"href":"https:\/\/www.sonoraenequipo.com.mx\/api\/wp\/v2\/comments?post=138615"}],"version-history":[{"count":1,"href":"https:\/\/www.sonoraenequipo.com.mx\/api\/wp\/v2\/posts\/138615\/revisions"}],"predecessor-version":[{"id":138617,"href":"https:\/\/www.sonoraenequipo.com.mx\/api\/wp\/v2\/posts\/138615\/revisions\/138617"}],"wp:featuredmedia":[{"embeddable":true,"href":"https:\/\/www.sonoraenequipo.com.mx\/api\/wp\/v2\/media\/138616"}],"wp:attachment":[{"href":"https:\/\/www.sonoraenequipo.com.mx\/api\/wp\/v2\/media?parent=138615"}],"wp:term":[{"taxonomy":"category","embeddable":true,"href":"https:\/\/www.sonoraenequipo.com.mx\/api\/wp\/v2\/categories?post=138615"},{"taxonomy":"post_tag","embeddable":true,"href":"https:\/\/www.sonoraenequipo.com.mx\/api\/wp\/v2\/tags?post=138615"}],"curies":[{"name":"wp","href":"https:\/\/api.w.org\/{rel}","templated":true}]}}