{"id":138634,"date":"2022-05-16T20:24:17","date_gmt":"2022-05-17T03:24:17","guid":{"rendered":"https:\/\/www.sonoraenequipo.com.mx\/?p=138634"},"modified":"2022-05-16T20:51:06","modified_gmt":"2022-05-17T03:51:06","slug":"mexico-supera-los-100-mil-desaparecidos-sonora-entre-los-10-primeros-lugares","status":"publish","type":"post","link":"https:\/\/www.sonoraenequipo.com.mx\/mexico-supera-los-100-mil-desaparecidos-sonora-entre-los-10-primeros-lugares\/","title":{"rendered":"M\u00e9xico supera los 100 mil desaparecidos. Sonora entre los 10 primeros lugares"},"content":{"rendered":"<p><strong>CIUDAD DE M\u00c9XICO. MX.\u2014<\/strong> M\u00e9xico alcanz\u00f3 la marca de 100 mil personas desaparecidas y no localizadas, seg\u00fan el registro oficial de la Secretar\u00eda de Gobernaci\u00f3n (Segob).<\/p>\n<p>&nbsp;<\/p>\n<p> <\/p>\n<p>&nbsp;<\/p>\n<p>De acuerdo con las estad\u00edsticas que se publican en el sitio web de la Comisi\u00f3n Nacional de B\u00fasqueda, a las 16:41 p.m de este 16 de mayo se lleg\u00f3 a la cifra hist\u00f3rica de 100 mil 001 personas desaparecidas y no localizadas.<\/p>\n<p>&nbsp;<\/p>\n<p>&nbsp;<\/p>\n<p>El registro, que se actualiza en tiempo real, reportaba la medianoche del pasado domingo 99 mil 930 personas, lo que significa que en lo que va de este lunes se han incorporado m\u00e1s de 70 nuevos casos, ya que hasta las 17:16 de hoy el reporte fue de 100 mil 005 personas desaparecidas y no localizadas.<\/p>\n<p>&nbsp;<\/p>\n<p>&nbsp;<\/p>\n<p>El Movimiento por Nuestros Desaparecidos en M\u00e9xico, que agrupa a m\u00e1s de 60 colectivos de familiares de personas desaparecidas, indic\u00f3: \u201cadem\u00e1s de la gravedad de esta cifra, colectivos de b\u00fasqueda denunciamos que esa cifra es poco precisa pues, con base en nuestra experiencia hay una importante y diversa cantidad de casos no considerados dentro del registro\u201d.<\/p>\n<p>&nbsp;<\/p>\n<p>&nbsp;<\/p>\n<p><em><strong>\u201cExigimos al Estado mexicano que atienda con urgencia, contundencia e integralidad la grave crisis de desapariciones e identificaci\u00f3n humana que vivimos en M\u00e9xico, que debe ser comprendida como parte de una terrible crisis de violencia e inseguridad\u201d<\/strong>,<\/em> expres\u00f3.<\/p>\n<p>&nbsp;<\/p>\n<p>&nbsp;<\/p>\n<p><strong>Jalisco<\/strong> es la entidad con m\u00e1s desaparecidos, con 14 mil 971 personas en esa condici\u00f3n; seguido de <strong>Tamaulipas,<\/strong> con 11 mil 971; <strong>Estado de M\u00e9xico<\/strong>, con 10 mil 996; <strong>Nuevo Le\u00f3n<\/strong>, 6 mil 222 y <strong>Veracruz,<\/strong> 5 mil 736.<\/p>\n<p>&nbsp;<\/p>\n<p>La lista de los diez estados con m\u00e1s personas no localizadas la completan: <strong>Sinaloa,<\/strong> 5 mil 471; <strong>Michoac\u00e1n,<\/strong> 4 mil 324; <strong>Sonora,<\/strong> 4 mil 297; <strong>Ciudad de M\u00e9xico,<\/strong> 4 mil 40 y <strong>Guerrero,<\/strong> 3 mil 796.<\/p>\n<p>&nbsp;<\/p>\n<p>El a\u00f1o con m\u00e1s personas desaparecidas en la historia reciente del pa\u00eds es el 2021, con 9 mil 732 personas no localizadas, seguido de 2019 con 9 mil 254; 2020, 8 mil 812; 2017, 7 mil 592; 2018, 7 mil 578; y el 2016 con 5 mil 960, seg\u00fan los datos de la Comisi\u00f3n Nacional de B\u00fasqueda.<\/p>\n<p>&nbsp;<\/p>\n<p><strong>En<\/strong> <em><strong>esta base de datos tambi\u00e9n hay 473 estadunidenses desaparecidos en M\u00e9xico, 421 hondure\u00f1os, 355 guatemaltecos, 163 colombianos, 170 salvadore\u00f1os, 55 nicarag\u00fcenses, 51 cubanos, 40 ecuatorianos, 33 venezolanos, 32 canadienses, 28 peruanos y 25 hind\u00fas. <\/strong><\/em><br \/>\n<em><strong>Adem\u00e1s, 15 argentinos, 15 belice\u00f1os, 12 brasile\u00f1os, diez italianos, siete espa\u00f1oles, seis dominicanos, seis haitianos, cinco ingleses, cinco marroqu\u00eds, cuatro polacos, cuatro suizos, cuatro japoneses, cuatro paraguayos, dos afganos y dos costarricenses.<\/strong><\/em><\/p>\n<p>&nbsp;<\/p>\n<p>&nbsp;<\/p>\n<p>(Publicada el 16\/05\/2022<\/p>\n","protected":false},"excerpt":{"rendered":"<p>CIUDAD DE M\u00c9XICO. MX.\u2014 M\u00e9xico alcanz\u00f3 la marca de 100 mil personas desaparecidas y no&#8230;<\/p>\n","protected":false},"author":1,"featured_media":138637,"comment_status":"open","ping_status":"open","sticky":false,"template":"","format":"standard","meta":{"_monsterinsights_skip_tracking":false,"_monsterinsights_sitenote_active":false,"_monsterinsights_sitenote_note":"","_monsterinsights_sitenote_category":0,"footnotes":""},"categories":[5],"tags":[],"class_list":["post"],"yoast_head":" \n<title>Sonora en Equipo. M\u00e9xico supera los 100 mil desaparecidos. Sonora entre los 10 primeros lugares Rep\u00fablica<\/title>\n<meta name=\"description\" content=\"CIUDAD DE M\u00c9XICO. MX.\u2014 M\u00e9xico alcanz\u00f3 la marca de 100 mil personas desaparecidas y no localizadas, seg\u00fan el registro oficial de la Secretar\u00eda de En Sonora en Equipo publicamos toda la informaci\u00f3n de Sonora, M\u00e9xico y el Mundo de manera oportuna y busca que la libertad de expresi\u00f3n sea real. Visita nuestro medio informativo publicado desde Hermosillo, Sonora. %\" \/>\n<meta name=\"robots\" content=\"index, follow, max-snippet:-1, max-image-preview:large, max-video-preview:-1\" \/>\n<link rel=\"canonical\" href=\"https:\/\/www.sonoraenequipo.com.mx\/mexico-supera-los-100-mil-desaparecidos-sonora-entre-los-10-primeros-lugares\/\" \/>\n<meta property=\"og:locale\" content=\"es_ES\" \/>\n<meta property=\"og:type\" content=\"article\" \/>\n<meta property=\"og:title\" content=\"Sonora en Equipo. M\u00e9xico supera los 100 mil desaparecidos. Sonora entre los 10 primeros lugares Rep\u00fablica\" \/>\n<meta property=\"og:description\" content=\"CIUDAD DE M\u00c9XICO. MX.\u2014 M\u00e9xico alcanz\u00f3 la marca de 100 mil personas desaparecidas y no localizadas, seg\u00fan el registro oficial de la Secretar\u00eda de En Sonora en Equipo publicamos toda la informaci\u00f3n de Sonora, M\u00e9xico y el Mundo de manera oportuna y busca que la libertad de expresi\u00f3n sea real. Visita nuestro medio informativo publicado desde Hermosillo, Sonora. %\" \/>\n<meta property=\"og:url\" content=\"https:\/\/www.sonoraenequipo.com.mx\/mexico-supera-los-100-mil-desaparecidos-sonora-entre-los-10-primeros-lugares\/\" \/>\n<meta property=\"og:site_name\" content=\"Sonora en Equipo.\" \/>\n<meta property=\"article:publisher\" content=\"https:\/\/www.facebook.com\/SonoraEE\/\" \/>\n<meta property=\"article:author\" content=\"https:\/\/www.facebook.com\/SonoraEE\" \/>\n<meta property=\"article:published_time\" content=\"2022-05-17T03:24:17+00:00\" \/>\n<meta property=\"article:modified_time\" content=\"2022-05-17T03:51:06+00:00\" \/>\n<meta property=\"og:image\" content=\"https:\/\/www.sonoraenequipo.com.mx\/storage\/2022\/05\/Desapariciones-en-Mexico.jpg\" \/>\n\t<meta property=\"og:image:width\" content=\"700\" \/>\n\t<meta property=\"og:image:height\" content=\"400\" \/>\n\t<meta property=\"og:image:type\" content=\"image\/jpeg\" \/>\n<meta name=\"author\" content=\"enequipo\" \/>\n<meta name=\"twitter:card\" content=\"summary_large_image\" \/>\n<meta name=\"twitter:creator\" content=\"@sonoraenequipo\" \/>\n<meta name=\"twitter:site\" content=\"@sonoraenequipo\" \/>\n<meta name=\"twitter:label1\" content=\"Escrito por\" \/>\n\t<meta name=\"twitter:data1\" content=\"enequipo\" \/>\n\t<meta name=\"twitter:label2\" content=\"Tiempo de lectura\" \/>\n\t<meta name=\"twitter:data2\" content=\"2 minutos\" \/>\n<script type=\"application\/ld+json\" class=\"yoast-schema-graph\">{\"@context\":\"https:\/\/schema.org\",\"@graph\":[{\"@type\":\"Article\",\"@id\":\"https:\/\/www.sonoraenequipo.com.mx\/mexico-supera-los-100-mil-desaparecidos-sonora-entre-los-10-primeros-lugares\/#article\",\"isPartOf\":{\"@id\":\"https:\/\/www.sonoraenequipo.com.mx\/mexico-supera-los-100-mil-desaparecidos-sonora-entre-los-10-primeros-lugares\/\"},\"author\":{\"name\":\"enequipo\",\"@id\":\"https:\/\/www.sonoraenequipo.com.mx\/#\/schema\/person\/50102df0fb23a8fa9e8effad8fa81386\"},\"headline\":\"M\u00e9xico supera los 100 mil desaparecidos. Sonora entre los 10 primeros lugares\",\"datePublished\":\"2022-05-17T03:24:17+00:00\",\"dateModified\":\"2022-05-17T03:51:06+00:00\",\"mainEntityOfPage\":{\"@id\":\"https:\/\/www.sonoraenequipo.com.mx\/mexico-supera-los-100-mil-desaparecidos-sonora-entre-los-10-primeros-lugares\/\"},\"wordCount\":421,\"commentCount\":0,\"publisher\":{\"@id\":\"https:\/\/www.sonoraenequipo.com.mx\/#organization\"},\"image\":{\"@id\":\"https:\/\/www.sonoraenequipo.com.mx\/mexico-supera-los-100-mil-desaparecidos-sonora-entre-los-10-primeros-lugares\/#primaryimage\"},\"thumbnailUrl\":\"https:\/\/www.sonoraenequipo.com.mx\/storage\/2022\/05\/Desapariciones-en-Mexico.jpg\",\"articleSection\":[\"Rep\u00fablica\"],\"inLanguage\":\"es\",\"potentialAction\":[{\"@type\":\"CommentAction\",\"name\":\"Comment\",\"target\":[\"https:\/\/www.sonoraenequipo.com.mx\/mexico-supera-los-100-mil-desaparecidos-sonora-entre-los-10-primeros-lugares\/#respond\"]}]},{\"@type\":\"WebPage\",\"@id\":\"https:\/\/www.sonoraenequipo.com.mx\/mexico-supera-los-100-mil-desaparecidos-sonora-entre-los-10-primeros-lugares\/\",\"url\":\"https:\/\/www.sonoraenequipo.com.mx\/mexico-supera-los-100-mil-desaparecidos-sonora-entre-los-10-primeros-lugares\/\",\"name\":\"Sonora en Equipo. M\u00e9xico supera los 100 mil desaparecidos. Sonora entre los 10 primeros lugares Rep\u00fablica\",\"isPartOf\":{\"@id\":\"https:\/\/www.sonoraenequipo.com.mx\/#website\"},\"primaryImageOfPage\":{\"@id\":\"https:\/\/www.sonoraenequipo.com.mx\/mexico-supera-los-100-mil-desaparecidos-sonora-entre-los-10-primeros-lugares\/#primaryimage\"},\"image\":{\"@id\":\"https:\/\/www.sonoraenequipo.com.mx\/mexico-supera-los-100-mil-desaparecidos-sonora-entre-los-10-primeros-lugares\/#primaryimage\"},\"thumbnailUrl\":\"https:\/\/www.sonoraenequipo.com.mx\/storage\/2022\/05\/Desapariciones-en-Mexico.jpg\",\"datePublished\":\"2022-05-17T03:24:17+00:00\",\"dateModified\":\"2022-05-17T03:51:06+00:00\",\"description\":\"CIUDAD DE M\u00c9XICO. MX.\u2014 M\u00e9xico alcanz\u00f3 la marca de 100 mil personas desaparecidas y no localizadas, seg\u00fan el registro oficial de la Secretar\u00eda de En Sonora en Equipo publicamos toda la informaci\u00f3n de Sonora, M\u00e9xico y el Mundo de manera oportuna y busca que la libertad de expresi\u00f3n sea real. Visita nuestro medio informativo publicado desde Hermosillo, Sonora. %\",\"breadcrumb\":{\"@id\":\"https:\/\/www.sonoraenequipo.com.mx\/mexico-supera-los-100-mil-desaparecidos-sonora-entre-los-10-primeros-lugares\/#breadcrumb\"},\"inLanguage\":\"es\",\"potentialAction\":[{\"@type\":\"ReadAction\",\"target\":[\"https:\/\/www.sonoraenequipo.com.mx\/mexico-supera-los-100-mil-desaparecidos-sonora-entre-los-10-primeros-lugares\/\"]}]},{\"@type\":\"ImageObject\",\"inLanguage\":\"es\",\"@id\":\"https:\/\/www.sonoraenequipo.com.mx\/mexico-supera-los-100-mil-desaparecidos-sonora-entre-los-10-primeros-lugares\/#primaryimage\",\"url\":\"https:\/\/www.sonoraenequipo.com.mx\/storage\/2022\/05\/Desapariciones-en-Mexico.jpg\",\"contentUrl\":\"https:\/\/www.sonoraenequipo.com.mx\/storage\/2022\/05\/Desapariciones-en-Mexico.jpg\",\"width\":700,\"height\":400},{\"@type\":\"BreadcrumbList\",\"@id\":\"https:\/\/www.sonoraenequipo.com.mx\/mexico-supera-los-100-mil-desaparecidos-sonora-entre-los-10-primeros-lugares\/#breadcrumb\",\"itemListElement\":[{\"@type\":\"ListItem\",\"position\":1,\"name\":\"Portada\",\"item\":\"https:\/\/www.sonoraenequipo.com.mx\/\"},{\"@type\":\"ListItem\",\"position\":2,\"name\":\"M\u00e9xico supera los 100 mil desaparecidos. Sonora entre los 10 primeros lugares\"}]},{\"@type\":\"WebSite\",\"@id\":\"https:\/\/www.sonoraenequipo.com.mx\/#website\",\"url\":\"https:\/\/www.sonoraenequipo.com.mx\/\",\"name\":\"Sonora en Equipo.\",\"description\":\"Diario en l\u00ednea con Noticias desde Hermosillo, Sonora\",\"publisher\":{\"@id\":\"https:\/\/www.sonoraenequipo.com.mx\/#organization\"},\"potentialAction\":[{\"@type\":\"SearchAction\",\"target\":{\"@type\":\"EntryPoint\",\"urlTemplate\":\"https:\/\/www.sonoraenequipo.com.mx\/?s={search_term_string}\"},\"query-input\":{\"@type\":\"PropertyValueSpecification\",\"valueRequired\":true,\"valueName\":\"search_term_string\"}}],\"inLanguage\":\"es\"},{\"@type\":\"Organization\",\"@id\":\"https:\/\/www.sonoraenequipo.com.mx\/#organization\",\"name\":\"Sonoraenequipo.com.mx\",\"url\":\"https:\/\/www.sonoraenequipo.com.mx\/\",\"logo\":{\"@type\":\"ImageObject\",\"inLanguage\":\"es\",\"@id\":\"https:\/\/www.sonoraenequipo.com.mx\/#\/schema\/logo\/image\/\",\"url\":\"https:\/\/www.sonoraenequipo.com.mx\/storage\/2019\/01\/sonoraenequipo_opt.png\",\"contentUrl\":\"https:\/\/www.sonoraenequipo.com.mx\/storage\/2019\/01\/sonoraenequipo_opt.png\",\"width\":375,\"height\":125,\"caption\":\"Sonoraenequipo.com.mx\"},\"image\":{\"@id\":\"https:\/\/www.sonoraenequipo.com.mx\/#\/schema\/logo\/image\/\"},\"sameAs\":[\"https:\/\/www.facebook.com\/SonoraEE\/\",\"https:\/\/x.com\/sonoraenequipo\",\"https:\/\/www.youtube.com\/channel\/UC338nW-lPEYmJQs4ZABQ1SQ\"]},{\"@type\":\"Person\",\"@id\":\"https:\/\/www.sonoraenequipo.com.mx\/#\/schema\/person\/50102df0fb23a8fa9e8effad8fa81386\",\"name\":\"enequipo\",\"image\":{\"@type\":\"ImageObject\",\"inLanguage\":\"es\",\"@id\":\"https:\/\/www.sonoraenequipo.com.mx\/#\/schema\/person\/image\/\",\"url\":\"https:\/\/secure.gravatar.com\/avatar\/049821681b589dabc0bc20695993ccebb09f5b5d4d790cd9251b97faac7c652b?s=96&d=blank&r=g\",\"contentUrl\":\"https:\/\/secure.gravatar.com\/avatar\/049821681b589dabc0bc20695993ccebb09f5b5d4d790cd9251b97faac7c652b?s=96&d=blank&r=g\",\"caption\":\"enequipo\"},\"sameAs\":[\"https:\/\/www.facebook.com\/SonoraEE\"]}]}<\/script>\n ","yoast_head_json":{"title":"Sonora en Equipo. M\u00e9xico supera los 100 mil desaparecidos. Sonora entre los 10 primeros lugares Rep\u00fablica","description":"CIUDAD DE M\u00c9XICO. MX.\u2014 M\u00e9xico alcanz\u00f3 la marca de 100 mil personas desaparecidas y no localizadas, seg\u00fan el registro oficial de la Secretar\u00eda de En Sonora en Equipo publicamos toda la informaci\u00f3n de Sonora, M\u00e9xico y el Mundo de manera oportuna y busca que la libertad de expresi\u00f3n sea real. Visita nuestro medio informativo publicado desde Hermosillo, Sonora. %","robots":{"index":"index","follow":"follow","max-snippet":"max-snippet:-1","max-image-preview":"max-image-preview:large","max-video-preview":"max-video-preview:-1"},"canonical":"https:\/\/www.sonoraenequipo.com.mx\/mexico-supera-los-100-mil-desaparecidos-sonora-entre-los-10-primeros-lugares\/","og_locale":"es_ES","og_type":"article","og_title":"Sonora en Equipo. M\u00e9xico supera los 100 mil desaparecidos. Sonora entre los 10 primeros lugares Rep\u00fablica","og_description":"CIUDAD DE M\u00c9XICO. MX.\u2014 M\u00e9xico alcanz\u00f3 la marca de 100 mil personas desaparecidas y no localizadas, seg\u00fan el registro oficial de la Secretar\u00eda de En Sonora en Equipo publicamos toda la informaci\u00f3n de Sonora, M\u00e9xico y el Mundo de manera oportuna y busca que la libertad de expresi\u00f3n sea real. Visita nuestro medio informativo publicado desde Hermosillo, Sonora. %","og_url":"https:\/\/www.sonoraenequipo.com.mx\/mexico-supera-los-100-mil-desaparecidos-sonora-entre-los-10-primeros-lugares\/","og_site_name":"Sonora en Equipo.","article_publisher":"https:\/\/www.facebook.com\/SonoraEE\/","article_author":"https:\/\/www.facebook.com\/SonoraEE","article_published_time":"2022-05-17T03:24:17+00:00","article_modified_time":"2022-05-17T03:51:06+00:00","og_image":[{"width":700,"height":400,"url":"https:\/\/www.sonoraenequipo.com.mx\/storage\/2022\/05\/Desapariciones-en-Mexico.jpg","type":"image\/jpeg"}],"author":"enequipo","twitter_card":"summary_large_image","twitter_creator":"@sonoraenequipo","twitter_site":"@sonoraenequipo","twitter_misc":{"Escrito por":"enequipo","Tiempo de lectura":"2 minutos"},"schema":{"@context":"https:\/\/schema.org","@graph":[{"@type":"Article","@id":"https:\/\/www.sonoraenequipo.com.mx\/mexico-supera-los-100-mil-desaparecidos-sonora-entre-los-10-primeros-lugares\/#article","isPartOf":{"@id":"https:\/\/www.sonoraenequipo.com.mx\/mexico-supera-los-100-mil-desaparecidos-sonora-entre-los-10-primeros-lugares\/"},"author":{"name":"enequipo","@id":"https:\/\/www.sonoraenequipo.com.mx\/#\/schema\/person\/50102df0fb23a8fa9e8effad8fa81386"},"headline":"M\u00e9xico supera los 100 mil desaparecidos. Sonora entre los 10 primeros lugares","datePublished":"2022-05-17T03:24:17+00:00","dateModified":"2022-05-17T03:51:06+00:00","mainEntityOfPage":{"@id":"https:\/\/www.sonoraenequipo.com.mx\/mexico-supera-los-100-mil-desaparecidos-sonora-entre-los-10-primeros-lugares\/"},"wordCount":421,"commentCount":0,"publisher":{"@id":"https:\/\/www.sonoraenequipo.com.mx\/#organization"},"image":{"@id":"https:\/\/www.sonoraenequipo.com.mx\/mexico-supera-los-100-mil-desaparecidos-sonora-entre-los-10-primeros-lugares\/#primaryimage"},"thumbnailUrl":"https:\/\/www.sonoraenequipo.com.mx\/storage\/2022\/05\/Desapariciones-en-Mexico.jpg","articleSection":["Rep\u00fablica"],"inLanguage":"es","potentialAction":[{"@type":"CommentAction","name":"Comment","target":["https:\/\/www.sonoraenequipo.com.mx\/mexico-supera-los-100-mil-desaparecidos-sonora-entre-los-10-primeros-lugares\/#respond"]}]},{"@type":"WebPage","@id":"https:\/\/www.sonoraenequipo.com.mx\/mexico-supera-los-100-mil-desaparecidos-sonora-entre-los-10-primeros-lugares\/","url":"https:\/\/www.sonoraenequipo.com.mx\/mexico-supera-los-100-mil-desaparecidos-sonora-entre-los-10-primeros-lugares\/","name":"Sonora en Equipo. M\u00e9xico supera los 100 mil desaparecidos. Sonora entre los 10 primeros lugares Rep\u00fablica","isPartOf":{"@id":"https:\/\/www.sonoraenequipo.com.mx\/#website"},"primaryImageOfPage":{"@id":"https:\/\/www.sonoraenequipo.com.mx\/mexico-supera-los-100-mil-desaparecidos-sonora-entre-los-10-primeros-lugares\/#primaryimage"},"image":{"@id":"https:\/\/www.sonoraenequipo.com.mx\/mexico-supera-los-100-mil-desaparecidos-sonora-entre-los-10-primeros-lugares\/#primaryimage"},"thumbnailUrl":"https:\/\/www.sonoraenequipo.com.mx\/storage\/2022\/05\/Desapariciones-en-Mexico.jpg","datePublished":"2022-05-17T03:24:17+00:00","dateModified":"2022-05-17T03:51:06+00:00","description":"CIUDAD DE M\u00c9XICO. MX.\u2014 M\u00e9xico alcanz\u00f3 la marca de 100 mil personas desaparecidas y no localizadas, seg\u00fan el registro oficial de la Secretar\u00eda de En Sonora en Equipo publicamos toda la informaci\u00f3n de Sonora, M\u00e9xico y el Mundo de manera oportuna y busca que la libertad de expresi\u00f3n sea real. Visita nuestro medio informativo publicado desde Hermosillo, Sonora. %","breadcrumb":{"@id":"https:\/\/www.sonoraenequipo.com.mx\/mexico-supera-los-100-mil-desaparecidos-sonora-entre-los-10-primeros-lugares\/#breadcrumb"},"inLanguage":"es","potentialAction":[{"@type":"ReadAction","target":["https:\/\/www.sonoraenequipo.com.mx\/mexico-supera-los-100-mil-desaparecidos-sonora-entre-los-10-primeros-lugares\/"]}]},{"@type":"ImageObject","inLanguage":"es","@id":"https:\/\/www.sonoraenequipo.com.mx\/mexico-supera-los-100-mil-desaparecidos-sonora-entre-los-10-primeros-lugares\/#primaryimage","url":"https:\/\/www.sonoraenequipo.com.mx\/storage\/2022\/05\/Desapariciones-en-Mexico.jpg","contentUrl":"https:\/\/www.sonoraenequipo.com.mx\/storage\/2022\/05\/Desapariciones-en-Mexico.jpg","width":700,"height":400},{"@type":"BreadcrumbList","@id":"https:\/\/www.sonoraenequipo.com.mx\/mexico-supera-los-100-mil-desaparecidos-sonora-entre-los-10-primeros-lugares\/#breadcrumb","itemListElement":[{"@type":"ListItem","position":1,"name":"Portada","item":"https:\/\/www.sonoraenequipo.com.mx\/"},{"@type":"ListItem","position":2,"name":"M\u00e9xico supera los 100 mil desaparecidos. Sonora entre los 10 primeros lugares"}]},{"@type":"WebSite","@id":"https:\/\/www.sonoraenequipo.com.mx\/#website","url":"https:\/\/www.sonoraenequipo.com.mx\/","name":"Sonora en Equipo.","description":"Diario en l\u00ednea con Noticias desde Hermosillo, Sonora","publisher":{"@id":"https:\/\/www.sonoraenequipo.com.mx\/#organization"},"potentialAction":[{"@type":"SearchAction","target":{"@type":"EntryPoint","urlTemplate":"https:\/\/www.sonoraenequipo.com.mx\/?s={search_term_string}"},"query-input":{"@type":"PropertyValueSpecification","valueRequired":true,"valueName":"search_term_string"}}],"inLanguage":"es"},{"@type":"Organization","@id":"https:\/\/www.sonoraenequipo.com.mx\/#organization","name":"Sonoraenequipo.com.mx","url":"https:\/\/www.sonoraenequipo.com.mx\/","logo":{"@type":"ImageObject","inLanguage":"es","@id":"https:\/\/www.sonoraenequipo.com.mx\/#\/schema\/logo\/image\/","url":"https:\/\/www.sonoraenequipo.com.mx\/storage\/2019\/01\/sonoraenequipo_opt.png","contentUrl":"https:\/\/www.sonoraenequipo.com.mx\/storage\/2019\/01\/sonoraenequipo_opt.png","width":375,"height":125,"caption":"Sonoraenequipo.com.mx"},"image":{"@id":"https:\/\/www.sonoraenequipo.com.mx\/#\/schema\/logo\/image\/"},"sameAs":["https:\/\/www.facebook.com\/SonoraEE\/","https:\/\/x.com\/sonoraenequipo","https:\/\/www.youtube.com\/channel\/UC338nW-lPEYmJQs4ZABQ1SQ"]},{"@type":"Person","@id":"https:\/\/www.sonoraenequipo.com.mx\/#\/schema\/person\/50102df0fb23a8fa9e8effad8fa81386","name":"enequipo","image":{"@type":"ImageObject","inLanguage":"es","@id":"https:\/\/www.sonoraenequipo.com.mx\/#\/schema\/person\/image\/","url":"https:\/\/secure.gravatar.com\/avatar\/049821681b589dabc0bc20695993ccebb09f5b5d4d790cd9251b97faac7c652b?s=96&d=blank&r=g","contentUrl":"https:\/\/secure.gravatar.com\/avatar\/049821681b589dabc0bc20695993ccebb09f5b5d4d790cd9251b97faac7c652b?s=96&d=blank&r=g","caption":"enequipo"},"sameAs":["https:\/\/www.facebook.com\/SonoraEE"]}]}},"jetpack_featured_media_url":"https:\/\/www.sonoraenequipo.com.mx\/storage\/2022\/05\/Desapariciones-en-Mexico.jpg","_links":{"self":[{"href":"https:\/\/www.sonoraenequipo.com.mx\/api\/wp\/v2\/posts\/138634","targetHints":{"allow":["GET"]}}],"collection":[{"href":"https:\/\/www.sonoraenequipo.com.mx\/api\/wp\/v2\/posts"}],"about":[{"href":"https:\/\/www.sonoraenequipo.com.mx\/api\/wp\/v2\/types\/post"}],"author":[{"embeddable":true,"href":"https:\/\/www.sonoraenequipo.com.mx\/api\/wp\/v2\/users\/1"}],"replies":[{"embeddable":true,"href":"https:\/\/www.sonoraenequipo.com.mx\/api\/wp\/v2\/comments?post=138634"}],"version-history":[{"count":1,"href":"https:\/\/www.sonoraenequipo.com.mx\/api\/wp\/v2\/posts\/138634\/revisions"}],"predecessor-version":[{"id":138645,"href":"https:\/\/www.sonoraenequipo.com.mx\/api\/wp\/v2\/posts\/138634\/revisions\/138645"}],"wp:featuredmedia":[{"embeddable":true,"href":"https:\/\/www.sonoraenequipo.com.mx\/api\/wp\/v2\/media\/138637"}],"wp:attachment":[{"href":"https:\/\/www.sonoraenequipo.com.mx\/api\/wp\/v2\/media?parent=138634"}],"wp:term":[{"taxonomy":"category","embeddable":true,"href":"https:\/\/www.sonoraenequipo.com.mx\/api\/wp\/v2\/categories?post=138634"},{"taxonomy":"post_tag","embeddable":true,"href":"https:\/\/www.sonoraenequipo.com.mx\/api\/wp\/v2\/tags?post=138634"}],"curies":[{"name":"wp","href":"https:\/\/api.w.org\/{rel}","templated":true}]}}