{"id":138646,"date":"2022-05-16T17:50:55","date_gmt":"2022-05-17T00:50:55","guid":{"rendered":"https:\/\/www.sonoraenequipo.com.mx\/?p=138646"},"modified":"2022-05-16T20:59:33","modified_gmt":"2022-05-17T03:59:33","slug":"por-mayoria-de-ocho-votos-la-scjn-asegura-que-informacion-de-compra-de-vacunas-sea-reservada","status":"publish","type":"post","link":"https:\/\/www.sonoraenequipo.com.mx\/por-mayoria-de-ocho-votos-la-scjn-asegura-que-informacion-de-compra-de-vacunas-sea-reservada\/","title":{"rendered":"Por mayor\u00eda de ocho votos, la SCJN asegura que informaci\u00f3n de compra de vacunas sea reservada."},"content":{"rendered":"<p><strong>CIUDAD DE M\u00c9XICO. MX. \u2014<\/strong> Por mayor\u00eda de ocho votos, el pleno de ministros de la Suprema Corte de Justicia de la Naci\u00f3n, orden\u00f3 revertir las resoluciones que hab\u00eda tomado el pleno del Instituto Nacional de Acceso a la Informaci\u00f3n y Protecci\u00f3n de Datos Personales (INAI), para hacer p\u00fablicos contratos y \u00f3rdenes de pago de la adquisici\u00f3n de vacunas contra el SARS-COV2.<\/p>\n<p>&nbsp;<\/p>\n<p> <\/p>\n<p>&nbsp;<\/p>\n<p>Por lo tanto el gobierno federal podr\u00e1 seguir manteniendo como reservados los datos sobre la compra de vacunas contra el Covid-19, pues en un contexto de pandemia global esta informaci\u00f3n debe considerarse como de seguridad nacional, sentenci\u00f3 la Suprema Corte de Justicia de la Naci\u00f3n (SCJN).<\/p>\n<p>&nbsp;<\/p>\n<p>El ministro ponente, Mario Pardo Rebolledo, explic\u00f3: \u201cen el caso se actualiza la reserva de la informaci\u00f3n por motivos de seguridad nacional, toda vez que la divulgaci\u00f3n de las condiciones esenciales de contrataci\u00f3n y los datos personales s\u00ed ponen en peligro el suministro de vacunas y el cumplimiento del contrato celebrado por nuestro pa\u00eds\u201d.<\/p>\n<p>&nbsp;<\/p>\n<p>\u201c<em>Se propone determinar la reserva de los comprobantes de pago para la adquisici\u00f3n de vacunas por un periodo de cinco a\u00f1os pues como lo estima el recurrente a\u00fan se desconoce la duraci\u00f3n de la inmunidad que confieren las vacunas estimando incorrrecto asumir que en el lapso de dos a\u00f1os habr\u00e1n concluido las negociaciones con las farmac\u00e9uticas o incluso que ya no ser\u00e1 necesario continuar o extender su abastecimiento\u201d, <\/em>sostuvo el ministro ponente Mario Paro Rebolledo.<\/p>\n<p>&nbsp;<\/p>\n<p>No obstante, agreg\u00f3 que este no implica que se puedan generar versiones p\u00fablicas con la informaci\u00f3n de los contratos que las autoridades sanitarias consideren que no supongan un riesgo para la seguridad nacional.<\/p>\n<p>&nbsp;<\/p>\n<p>Por su parte el ministro Juan Luis Gonz\u00e1lez Alc\u00e1ntara Carranc\u00e1 apoy\u00f3 la resoluci\u00f3n, advirtiendo que publicar la informaci\u00f3n de estos acuerdos puede afectar el acuerdo de confidencialidad con los laboratorios fabricantes de las vacunas y poner en riesgo el suministro.<\/p>\n<p>&nbsp;<\/p>\n<p>En tanto, el ministro Javier Laynez Potisek plante\u00f3 que incluso la Organizaci\u00f3n Mundial de la Salud reconoci\u00f3 que existe una distribuci\u00f3n injusta de las vacunas contra el Covid-19 debido a la compra masiva de dosis por parte de los pa\u00edses con mayores recursos, por lo hay un contexto de competencia internacional para acceder al f\u00e1rmaco, lo que justifica el argumento de seguridad nacional.<\/p>\n<p>&nbsp;<\/p>\n<p>\u201cSi el Estado mexicano divulga informaci\u00f3n pactada como confidencial pudiera entonces enfrentar en decisiones internacionales o responsabilidades internacionales\u201d, advirti\u00f3 a su vez la ministra Margarita R\u00edos Farjat.<\/p>\n<p>&nbsp;<\/p>\n<p>En su intervenci\u00f3n el ministro Luis Mar\u00eda Aguilar Morales consinti\u00f3 en que la divulgaci\u00f3n de dichos documentos puede tener afectaciones graves a la econom\u00eda y seguridad nacional del pa\u00eds.<\/p>\n<p>&nbsp;<\/p>\n<p>\u201cEn consecuencia la normativa apilable que establece que uno de los supuestos constitutivos de amenaza a la seguridad nacional est\u00e1 relacionada al combate de epidemias como es sin duda la provocada por el SARCOV-2 la cual fue declarada por la Organizaci\u00f3n Mundial de la Salud como una emergencia de salud p\u00fablica de preocupaci\u00f3n internacional e incluso la clasific\u00f3 como pandemia, considero que la publicaci\u00f3n de los requeridos s\u00ed se relaciona con la seguridad nacional\u201d, sentenci\u00f3 el ministro Luis Mar\u00eda Aguilar Morales.<\/p>\n<p>&nbsp;<\/p>\n<p>La informaci\u00f3n que la SCJN acord\u00f3 que se mantenga en reserva por cinco a\u00f1os tiene que ver con los contratos y \u00f3rdenes de pago para adquirir las vacunas de Pfizer, Biontech, AstraZeneca, Cansino, Sputnik, Serum y Sinovac.<\/p>\n<p>&nbsp;<\/p>\n<p>De esta manera la Suprema Corte de Justicia de la Naci\u00f3n analiz\u00f3 y resolvi\u00f3 dos recursos de revisi\u00f3n en materia de seguridad nacional en el contexto de lo que establece la Ley General de Transparencia y Acceso a la Informaci\u00f3n y Protecci\u00f3n de Datos Personales y en t\u00e9rminos de lo que mandata la Constituci\u00f3n Pol\u00edtica Federal fundamentalmente el an\u00e1lisis establecido a partir de lo que se\u00f1ala el Art\u00edculo Sexto de la Constituci\u00f3n Pol\u00edtica Federal.<\/p>\n<p>(Publicada el 16\/05\/2022<\/p>\n","protected":false},"excerpt":{"rendered":"<p>CIUDAD DE M\u00c9XICO. MX. \u2014 Por mayor\u00eda de ocho votos, el pleno de ministros de&#8230;<\/p>\n","protected":false},"author":1,"featured_media":138638,"comment_status":"open","ping_status":"open","sticky":false,"template":"","format":"standard","meta":{"_monsterinsights_skip_tracking":false,"_monsterinsights_sitenote_active":false,"_monsterinsights_sitenote_note":"","_monsterinsights_sitenote_category":0,"footnotes":""},"categories":[5],"tags":[],"class_list":["post"],"yoast_head":" \n<title>Sonora en Equipo. Por mayor\u00eda de ocho votos, la SCJN asegura que informaci\u00f3n de compra de vacunas sea reservada. Rep\u00fablica<\/title>\n<meta name=\"description\" content=\"CIUDAD DE M\u00c9XICO. MX. \u2014 Por mayor\u00eda de ocho votos, el pleno de ministros de la Suprema Corte de Justicia de la Naci\u00f3n, orden\u00f3 revertir las resoluciones En Sonora en Equipo publicamos toda la informaci\u00f3n de Sonora, M\u00e9xico y el Mundo de manera oportuna y busca que la libertad de expresi\u00f3n sea real. Visita nuestro medio informativo publicado desde Hermosillo, Sonora. %\" \/>\n<meta name=\"robots\" content=\"index, follow, max-snippet:-1, max-image-preview:large, max-video-preview:-1\" \/>\n<link rel=\"canonical\" href=\"https:\/\/www.sonoraenequipo.com.mx\/por-mayoria-de-ocho-votos-la-scjn-asegura-que-informacion-de-compra-de-vacunas-sea-reservada\/\" \/>\n<meta property=\"og:locale\" content=\"es_ES\" \/>\n<meta property=\"og:type\" content=\"article\" \/>\n<meta property=\"og:title\" content=\"Sonora en Equipo. Por mayor\u00eda de ocho votos, la SCJN asegura que informaci\u00f3n de compra de vacunas sea reservada. Rep\u00fablica\" \/>\n<meta property=\"og:description\" content=\"CIUDAD DE M\u00c9XICO. MX. \u2014 Por mayor\u00eda de ocho votos, el pleno de ministros de la Suprema Corte de Justicia de la Naci\u00f3n, orden\u00f3 revertir las resoluciones En Sonora en Equipo publicamos toda la informaci\u00f3n de Sonora, M\u00e9xico y el Mundo de manera oportuna y busca que la libertad de expresi\u00f3n sea real. Visita nuestro medio informativo publicado desde Hermosillo, Sonora. %\" \/>\n<meta property=\"og:url\" content=\"https:\/\/www.sonoraenequipo.com.mx\/por-mayoria-de-ocho-votos-la-scjn-asegura-que-informacion-de-compra-de-vacunas-sea-reservada\/\" \/>\n<meta property=\"og:site_name\" content=\"Sonora en Equipo.\" \/>\n<meta property=\"article:publisher\" content=\"https:\/\/www.facebook.com\/SonoraEE\/\" \/>\n<meta property=\"article:author\" content=\"https:\/\/www.facebook.com\/SonoraEE\" \/>\n<meta property=\"article:published_time\" content=\"2022-05-17T00:50:55+00:00\" \/>\n<meta property=\"article:modified_time\" content=\"2022-05-17T03:59:33+00:00\" \/>\n<meta property=\"og:image\" content=\"https:\/\/www.sonoraenequipo.com.mx\/storage\/2022\/05\/vacunas-covid19.jpg\" \/>\n\t<meta property=\"og:image:width\" content=\"700\" \/>\n\t<meta property=\"og:image:height\" content=\"400\" \/>\n\t<meta property=\"og:image:type\" content=\"image\/jpeg\" \/>\n<meta name=\"author\" content=\"enequipo\" \/>\n<meta name=\"twitter:card\" content=\"summary_large_image\" \/>\n<meta name=\"twitter:creator\" content=\"@sonoraenequipo\" \/>\n<meta name=\"twitter:site\" content=\"@sonoraenequipo\" \/>\n<meta name=\"twitter:label1\" content=\"Escrito por\" \/>\n\t<meta name=\"twitter:data1\" content=\"enequipo\" \/>\n\t<meta name=\"twitter:label2\" content=\"Tiempo de lectura\" \/>\n\t<meta name=\"twitter:data2\" content=\"3 minutos\" \/>\n<script type=\"application\/ld+json\" class=\"yoast-schema-graph\">{\"@context\":\"https:\/\/schema.org\",\"@graph\":[{\"@type\":\"Article\",\"@id\":\"https:\/\/www.sonoraenequipo.com.mx\/por-mayoria-de-ocho-votos-la-scjn-asegura-que-informacion-de-compra-de-vacunas-sea-reservada\/#article\",\"isPartOf\":{\"@id\":\"https:\/\/www.sonoraenequipo.com.mx\/por-mayoria-de-ocho-votos-la-scjn-asegura-que-informacion-de-compra-de-vacunas-sea-reservada\/\"},\"author\":{\"name\":\"enequipo\",\"@id\":\"https:\/\/www.sonoraenequipo.com.mx\/#\/schema\/person\/50102df0fb23a8fa9e8effad8fa81386\"},\"headline\":\"Por mayor\u00eda de ocho votos, la SCJN asegura que informaci\u00f3n de compra de vacunas sea reservada.\",\"datePublished\":\"2022-05-17T00:50:55+00:00\",\"dateModified\":\"2022-05-17T03:59:33+00:00\",\"mainEntityOfPage\":{\"@id\":\"https:\/\/www.sonoraenequipo.com.mx\/por-mayoria-de-ocho-votos-la-scjn-asegura-que-informacion-de-compra-de-vacunas-sea-reservada\/\"},\"wordCount\":709,\"commentCount\":0,\"publisher\":{\"@id\":\"https:\/\/www.sonoraenequipo.com.mx\/#organization\"},\"image\":{\"@id\":\"https:\/\/www.sonoraenequipo.com.mx\/por-mayoria-de-ocho-votos-la-scjn-asegura-que-informacion-de-compra-de-vacunas-sea-reservada\/#primaryimage\"},\"thumbnailUrl\":\"https:\/\/www.sonoraenequipo.com.mx\/storage\/2022\/05\/vacunas-covid19.jpg\",\"articleSection\":[\"Rep\u00fablica\"],\"inLanguage\":\"es\",\"potentialAction\":[{\"@type\":\"CommentAction\",\"name\":\"Comment\",\"target\":[\"https:\/\/www.sonoraenequipo.com.mx\/por-mayoria-de-ocho-votos-la-scjn-asegura-que-informacion-de-compra-de-vacunas-sea-reservada\/#respond\"]}]},{\"@type\":\"WebPage\",\"@id\":\"https:\/\/www.sonoraenequipo.com.mx\/por-mayoria-de-ocho-votos-la-scjn-asegura-que-informacion-de-compra-de-vacunas-sea-reservada\/\",\"url\":\"https:\/\/www.sonoraenequipo.com.mx\/por-mayoria-de-ocho-votos-la-scjn-asegura-que-informacion-de-compra-de-vacunas-sea-reservada\/\",\"name\":\"Sonora en Equipo. Por mayor\u00eda de ocho votos, la SCJN asegura que informaci\u00f3n de compra de vacunas sea reservada. Rep\u00fablica\",\"isPartOf\":{\"@id\":\"https:\/\/www.sonoraenequipo.com.mx\/#website\"},\"primaryImageOfPage\":{\"@id\":\"https:\/\/www.sonoraenequipo.com.mx\/por-mayoria-de-ocho-votos-la-scjn-asegura-que-informacion-de-compra-de-vacunas-sea-reservada\/#primaryimage\"},\"image\":{\"@id\":\"https:\/\/www.sonoraenequipo.com.mx\/por-mayoria-de-ocho-votos-la-scjn-asegura-que-informacion-de-compra-de-vacunas-sea-reservada\/#primaryimage\"},\"thumbnailUrl\":\"https:\/\/www.sonoraenequipo.com.mx\/storage\/2022\/05\/vacunas-covid19.jpg\",\"datePublished\":\"2022-05-17T00:50:55+00:00\",\"dateModified\":\"2022-05-17T03:59:33+00:00\",\"description\":\"CIUDAD DE M\u00c9XICO. MX. \u2014 Por mayor\u00eda de ocho votos, el pleno de ministros de la Suprema Corte de Justicia de la Naci\u00f3n, orden\u00f3 revertir las resoluciones En Sonora en Equipo publicamos toda la informaci\u00f3n de Sonora, M\u00e9xico y el Mundo de manera oportuna y busca que la libertad de expresi\u00f3n sea real. Visita nuestro medio informativo publicado desde Hermosillo, Sonora. %\",\"breadcrumb\":{\"@id\":\"https:\/\/www.sonoraenequipo.com.mx\/por-mayoria-de-ocho-votos-la-scjn-asegura-que-informacion-de-compra-de-vacunas-sea-reservada\/#breadcrumb\"},\"inLanguage\":\"es\",\"potentialAction\":[{\"@type\":\"ReadAction\",\"target\":[\"https:\/\/www.sonoraenequipo.com.mx\/por-mayoria-de-ocho-votos-la-scjn-asegura-que-informacion-de-compra-de-vacunas-sea-reservada\/\"]}]},{\"@type\":\"ImageObject\",\"inLanguage\":\"es\",\"@id\":\"https:\/\/www.sonoraenequipo.com.mx\/por-mayoria-de-ocho-votos-la-scjn-asegura-que-informacion-de-compra-de-vacunas-sea-reservada\/#primaryimage\",\"url\":\"https:\/\/www.sonoraenequipo.com.mx\/storage\/2022\/05\/vacunas-covid19.jpg\",\"contentUrl\":\"https:\/\/www.sonoraenequipo.com.mx\/storage\/2022\/05\/vacunas-covid19.jpg\",\"width\":700,\"height\":400},{\"@type\":\"BreadcrumbList\",\"@id\":\"https:\/\/www.sonoraenequipo.com.mx\/por-mayoria-de-ocho-votos-la-scjn-asegura-que-informacion-de-compra-de-vacunas-sea-reservada\/#breadcrumb\",\"itemListElement\":[{\"@type\":\"ListItem\",\"position\":1,\"name\":\"Portada\",\"item\":\"https:\/\/www.sonoraenequipo.com.mx\/\"},{\"@type\":\"ListItem\",\"position\":2,\"name\":\"Por mayor\u00eda de ocho votos, la SCJN asegura que informaci\u00f3n de compra de vacunas sea reservada.\"}]},{\"@type\":\"WebSite\",\"@id\":\"https:\/\/www.sonoraenequipo.com.mx\/#website\",\"url\":\"https:\/\/www.sonoraenequipo.com.mx\/\",\"name\":\"Sonora en Equipo.\",\"description\":\"Diario en l\u00ednea con Noticias desde Hermosillo, Sonora\",\"publisher\":{\"@id\":\"https:\/\/www.sonoraenequipo.com.mx\/#organization\"},\"potentialAction\":[{\"@type\":\"SearchAction\",\"target\":{\"@type\":\"EntryPoint\",\"urlTemplate\":\"https:\/\/www.sonoraenequipo.com.mx\/?s={search_term_string}\"},\"query-input\":{\"@type\":\"PropertyValueSpecification\",\"valueRequired\":true,\"valueName\":\"search_term_string\"}}],\"inLanguage\":\"es\"},{\"@type\":\"Organization\",\"@id\":\"https:\/\/www.sonoraenequipo.com.mx\/#organization\",\"name\":\"Sonoraenequipo.com.mx\",\"url\":\"https:\/\/www.sonoraenequipo.com.mx\/\",\"logo\":{\"@type\":\"ImageObject\",\"inLanguage\":\"es\",\"@id\":\"https:\/\/www.sonoraenequipo.com.mx\/#\/schema\/logo\/image\/\",\"url\":\"https:\/\/www.sonoraenequipo.com.mx\/storage\/2019\/01\/sonoraenequipo_opt.png\",\"contentUrl\":\"https:\/\/www.sonoraenequipo.com.mx\/storage\/2019\/01\/sonoraenequipo_opt.png\",\"width\":375,\"height\":125,\"caption\":\"Sonoraenequipo.com.mx\"},\"image\":{\"@id\":\"https:\/\/www.sonoraenequipo.com.mx\/#\/schema\/logo\/image\/\"},\"sameAs\":[\"https:\/\/www.facebook.com\/SonoraEE\/\",\"https:\/\/x.com\/sonoraenequipo\",\"https:\/\/www.youtube.com\/channel\/UC338nW-lPEYmJQs4ZABQ1SQ\"]},{\"@type\":\"Person\",\"@id\":\"https:\/\/www.sonoraenequipo.com.mx\/#\/schema\/person\/50102df0fb23a8fa9e8effad8fa81386\",\"name\":\"enequipo\",\"image\":{\"@type\":\"ImageObject\",\"inLanguage\":\"es\",\"@id\":\"https:\/\/www.sonoraenequipo.com.mx\/#\/schema\/person\/image\/\",\"url\":\"https:\/\/secure.gravatar.com\/avatar\/049821681b589dabc0bc20695993ccebb09f5b5d4d790cd9251b97faac7c652b?s=96&d=blank&r=g\",\"contentUrl\":\"https:\/\/secure.gravatar.com\/avatar\/049821681b589dabc0bc20695993ccebb09f5b5d4d790cd9251b97faac7c652b?s=96&d=blank&r=g\",\"caption\":\"enequipo\"},\"sameAs\":[\"https:\/\/www.facebook.com\/SonoraEE\"]}]}<\/script>\n ","yoast_head_json":{"title":"Sonora en Equipo. Por mayor\u00eda de ocho votos, la SCJN asegura que informaci\u00f3n de compra de vacunas sea reservada. Rep\u00fablica","description":"CIUDAD DE M\u00c9XICO. MX. \u2014 Por mayor\u00eda de ocho votos, el pleno de ministros de la Suprema Corte de Justicia de la Naci\u00f3n, orden\u00f3 revertir las resoluciones En Sonora en Equipo publicamos toda la informaci\u00f3n de Sonora, M\u00e9xico y el Mundo de manera oportuna y busca que la libertad de expresi\u00f3n sea real. Visita nuestro medio informativo publicado desde Hermosillo, Sonora. %","robots":{"index":"index","follow":"follow","max-snippet":"max-snippet:-1","max-image-preview":"max-image-preview:large","max-video-preview":"max-video-preview:-1"},"canonical":"https:\/\/www.sonoraenequipo.com.mx\/por-mayoria-de-ocho-votos-la-scjn-asegura-que-informacion-de-compra-de-vacunas-sea-reservada\/","og_locale":"es_ES","og_type":"article","og_title":"Sonora en Equipo. Por mayor\u00eda de ocho votos, la SCJN asegura que informaci\u00f3n de compra de vacunas sea reservada. Rep\u00fablica","og_description":"CIUDAD DE M\u00c9XICO. MX. \u2014 Por mayor\u00eda de ocho votos, el pleno de ministros de la Suprema Corte de Justicia de la Naci\u00f3n, orden\u00f3 revertir las resoluciones En Sonora en Equipo publicamos toda la informaci\u00f3n de Sonora, M\u00e9xico y el Mundo de manera oportuna y busca que la libertad de expresi\u00f3n sea real. Visita nuestro medio informativo publicado desde Hermosillo, Sonora. %","og_url":"https:\/\/www.sonoraenequipo.com.mx\/por-mayoria-de-ocho-votos-la-scjn-asegura-que-informacion-de-compra-de-vacunas-sea-reservada\/","og_site_name":"Sonora en Equipo.","article_publisher":"https:\/\/www.facebook.com\/SonoraEE\/","article_author":"https:\/\/www.facebook.com\/SonoraEE","article_published_time":"2022-05-17T00:50:55+00:00","article_modified_time":"2022-05-17T03:59:33+00:00","og_image":[{"width":700,"height":400,"url":"https:\/\/www.sonoraenequipo.com.mx\/storage\/2022\/05\/vacunas-covid19.jpg","type":"image\/jpeg"}],"author":"enequipo","twitter_card":"summary_large_image","twitter_creator":"@sonoraenequipo","twitter_site":"@sonoraenequipo","twitter_misc":{"Escrito por":"enequipo","Tiempo de lectura":"3 minutos"},"schema":{"@context":"https:\/\/schema.org","@graph":[{"@type":"Article","@id":"https:\/\/www.sonoraenequipo.com.mx\/por-mayoria-de-ocho-votos-la-scjn-asegura-que-informacion-de-compra-de-vacunas-sea-reservada\/#article","isPartOf":{"@id":"https:\/\/www.sonoraenequipo.com.mx\/por-mayoria-de-ocho-votos-la-scjn-asegura-que-informacion-de-compra-de-vacunas-sea-reservada\/"},"author":{"name":"enequipo","@id":"https:\/\/www.sonoraenequipo.com.mx\/#\/schema\/person\/50102df0fb23a8fa9e8effad8fa81386"},"headline":"Por mayor\u00eda de ocho votos, la SCJN asegura que informaci\u00f3n de compra de vacunas sea reservada.","datePublished":"2022-05-17T00:50:55+00:00","dateModified":"2022-05-17T03:59:33+00:00","mainEntityOfPage":{"@id":"https:\/\/www.sonoraenequipo.com.mx\/por-mayoria-de-ocho-votos-la-scjn-asegura-que-informacion-de-compra-de-vacunas-sea-reservada\/"},"wordCount":709,"commentCount":0,"publisher":{"@id":"https:\/\/www.sonoraenequipo.com.mx\/#organization"},"image":{"@id":"https:\/\/www.sonoraenequipo.com.mx\/por-mayoria-de-ocho-votos-la-scjn-asegura-que-informacion-de-compra-de-vacunas-sea-reservada\/#primaryimage"},"thumbnailUrl":"https:\/\/www.sonoraenequipo.com.mx\/storage\/2022\/05\/vacunas-covid19.jpg","articleSection":["Rep\u00fablica"],"inLanguage":"es","potentialAction":[{"@type":"CommentAction","name":"Comment","target":["https:\/\/www.sonoraenequipo.com.mx\/por-mayoria-de-ocho-votos-la-scjn-asegura-que-informacion-de-compra-de-vacunas-sea-reservada\/#respond"]}]},{"@type":"WebPage","@id":"https:\/\/www.sonoraenequipo.com.mx\/por-mayoria-de-ocho-votos-la-scjn-asegura-que-informacion-de-compra-de-vacunas-sea-reservada\/","url":"https:\/\/www.sonoraenequipo.com.mx\/por-mayoria-de-ocho-votos-la-scjn-asegura-que-informacion-de-compra-de-vacunas-sea-reservada\/","name":"Sonora en Equipo. Por mayor\u00eda de ocho votos, la SCJN asegura que informaci\u00f3n de compra de vacunas sea reservada. Rep\u00fablica","isPartOf":{"@id":"https:\/\/www.sonoraenequipo.com.mx\/#website"},"primaryImageOfPage":{"@id":"https:\/\/www.sonoraenequipo.com.mx\/por-mayoria-de-ocho-votos-la-scjn-asegura-que-informacion-de-compra-de-vacunas-sea-reservada\/#primaryimage"},"image":{"@id":"https:\/\/www.sonoraenequipo.com.mx\/por-mayoria-de-ocho-votos-la-scjn-asegura-que-informacion-de-compra-de-vacunas-sea-reservada\/#primaryimage"},"thumbnailUrl":"https:\/\/www.sonoraenequipo.com.mx\/storage\/2022\/05\/vacunas-covid19.jpg","datePublished":"2022-05-17T00:50:55+00:00","dateModified":"2022-05-17T03:59:33+00:00","description":"CIUDAD DE M\u00c9XICO. MX. \u2014 Por mayor\u00eda de ocho votos, el pleno de ministros de la Suprema Corte de Justicia de la Naci\u00f3n, orden\u00f3 revertir las resoluciones En Sonora en Equipo publicamos toda la informaci\u00f3n de Sonora, M\u00e9xico y el Mundo de manera oportuna y busca que la libertad de expresi\u00f3n sea real. Visita nuestro medio informativo publicado desde Hermosillo, Sonora. %","breadcrumb":{"@id":"https:\/\/www.sonoraenequipo.com.mx\/por-mayoria-de-ocho-votos-la-scjn-asegura-que-informacion-de-compra-de-vacunas-sea-reservada\/#breadcrumb"},"inLanguage":"es","potentialAction":[{"@type":"ReadAction","target":["https:\/\/www.sonoraenequipo.com.mx\/por-mayoria-de-ocho-votos-la-scjn-asegura-que-informacion-de-compra-de-vacunas-sea-reservada\/"]}]},{"@type":"ImageObject","inLanguage":"es","@id":"https:\/\/www.sonoraenequipo.com.mx\/por-mayoria-de-ocho-votos-la-scjn-asegura-que-informacion-de-compra-de-vacunas-sea-reservada\/#primaryimage","url":"https:\/\/www.sonoraenequipo.com.mx\/storage\/2022\/05\/vacunas-covid19.jpg","contentUrl":"https:\/\/www.sonoraenequipo.com.mx\/storage\/2022\/05\/vacunas-covid19.jpg","width":700,"height":400},{"@type":"BreadcrumbList","@id":"https:\/\/www.sonoraenequipo.com.mx\/por-mayoria-de-ocho-votos-la-scjn-asegura-que-informacion-de-compra-de-vacunas-sea-reservada\/#breadcrumb","itemListElement":[{"@type":"ListItem","position":1,"name":"Portada","item":"https:\/\/www.sonoraenequipo.com.mx\/"},{"@type":"ListItem","position":2,"name":"Por mayor\u00eda de ocho votos, la SCJN asegura que informaci\u00f3n de compra de vacunas sea reservada."}]},{"@type":"WebSite","@id":"https:\/\/www.sonoraenequipo.com.mx\/#website","url":"https:\/\/www.sonoraenequipo.com.mx\/","name":"Sonora en Equipo.","description":"Diario en l\u00ednea con Noticias desde Hermosillo, Sonora","publisher":{"@id":"https:\/\/www.sonoraenequipo.com.mx\/#organization"},"potentialAction":[{"@type":"SearchAction","target":{"@type":"EntryPoint","urlTemplate":"https:\/\/www.sonoraenequipo.com.mx\/?s={search_term_string}"},"query-input":{"@type":"PropertyValueSpecification","valueRequired":true,"valueName":"search_term_string"}}],"inLanguage":"es"},{"@type":"Organization","@id":"https:\/\/www.sonoraenequipo.com.mx\/#organization","name":"Sonoraenequipo.com.mx","url":"https:\/\/www.sonoraenequipo.com.mx\/","logo":{"@type":"ImageObject","inLanguage":"es","@id":"https:\/\/www.sonoraenequipo.com.mx\/#\/schema\/logo\/image\/","url":"https:\/\/www.sonoraenequipo.com.mx\/storage\/2019\/01\/sonoraenequipo_opt.png","contentUrl":"https:\/\/www.sonoraenequipo.com.mx\/storage\/2019\/01\/sonoraenequipo_opt.png","width":375,"height":125,"caption":"Sonoraenequipo.com.mx"},"image":{"@id":"https:\/\/www.sonoraenequipo.com.mx\/#\/schema\/logo\/image\/"},"sameAs":["https:\/\/www.facebook.com\/SonoraEE\/","https:\/\/x.com\/sonoraenequipo","https:\/\/www.youtube.com\/channel\/UC338nW-lPEYmJQs4ZABQ1SQ"]},{"@type":"Person","@id":"https:\/\/www.sonoraenequipo.com.mx\/#\/schema\/person\/50102df0fb23a8fa9e8effad8fa81386","name":"enequipo","image":{"@type":"ImageObject","inLanguage":"es","@id":"https:\/\/www.sonoraenequipo.com.mx\/#\/schema\/person\/image\/","url":"https:\/\/secure.gravatar.com\/avatar\/049821681b589dabc0bc20695993ccebb09f5b5d4d790cd9251b97faac7c652b?s=96&d=blank&r=g","contentUrl":"https:\/\/secure.gravatar.com\/avatar\/049821681b589dabc0bc20695993ccebb09f5b5d4d790cd9251b97faac7c652b?s=96&d=blank&r=g","caption":"enequipo"},"sameAs":["https:\/\/www.facebook.com\/SonoraEE"]}]}},"jetpack_featured_media_url":"https:\/\/www.sonoraenequipo.com.mx\/storage\/2022\/05\/vacunas-covid19.jpg","_links":{"self":[{"href":"https:\/\/www.sonoraenequipo.com.mx\/api\/wp\/v2\/posts\/138646","targetHints":{"allow":["GET"]}}],"collection":[{"href":"https:\/\/www.sonoraenequipo.com.mx\/api\/wp\/v2\/posts"}],"about":[{"href":"https:\/\/www.sonoraenequipo.com.mx\/api\/wp\/v2\/types\/post"}],"author":[{"embeddable":true,"href":"https:\/\/www.sonoraenequipo.com.mx\/api\/wp\/v2\/users\/1"}],"replies":[{"embeddable":true,"href":"https:\/\/www.sonoraenequipo.com.mx\/api\/wp\/v2\/comments?post=138646"}],"version-history":[{"count":1,"href":"https:\/\/www.sonoraenequipo.com.mx\/api\/wp\/v2\/posts\/138646\/revisions"}],"predecessor-version":[{"id":138647,"href":"https:\/\/www.sonoraenequipo.com.mx\/api\/wp\/v2\/posts\/138646\/revisions\/138647"}],"wp:featuredmedia":[{"embeddable":true,"href":"https:\/\/www.sonoraenequipo.com.mx\/api\/wp\/v2\/media\/138638"}],"wp:attachment":[{"href":"https:\/\/www.sonoraenequipo.com.mx\/api\/wp\/v2\/media?parent=138646"}],"wp:term":[{"taxonomy":"category","embeddable":true,"href":"https:\/\/www.sonoraenequipo.com.mx\/api\/wp\/v2\/categories?post=138646"},{"taxonomy":"post_tag","embeddable":true,"href":"https:\/\/www.sonoraenequipo.com.mx\/api\/wp\/v2\/tags?post=138646"}],"curies":[{"name":"wp","href":"https:\/\/api.w.org\/{rel}","templated":true}]}}