{"id":138648,"date":"2022-05-16T19:15:53","date_gmt":"2022-05-17T02:15:53","guid":{"rendered":"https:\/\/www.sonoraenequipo.com.mx\/?p=138648"},"modified":"2022-05-16T21:10:13","modified_gmt":"2022-05-17T04:10:13","slug":"la-alianza-mar-de-cortes-potenciara-el-turismo-en-sonora-gobernador-alfonso-durazo","status":"publish","type":"post","link":"https:\/\/www.sonoraenequipo.com.mx\/la-alianza-mar-de-cortes-potenciara-el-turismo-en-sonora-gobernador-alfonso-durazo\/","title":{"rendered":"La Alianza Mar de Cort\u00e9s potenciar\u00e1 el turismo en Sonora: gobernador Alfonso Durazo"},"content":{"rendered":"<p><strong>CIUDAD DE\u00a0 M\u00c9XICO. MX.\u2014 Con <\/strong>la conformaci\u00f3n de la Alianza Mar de Cort\u00e9s, de la que Sonora forma parte, se potenciar\u00e1 la oportunidad de la entidad para colocarse como un destino tur\u00edstico relevante dentro del mapa nacional, asever\u00f3 el gobernador Alfonso Durazo Monta\u00f1o.<\/p>\n<p>&nbsp;<\/p>\n<p>&nbsp;<\/p>\n<p> <\/p>\n<p>&nbsp;<\/p>\n<p>En reuni\u00f3n con Miguel Torruco Marqu\u00e9s, secretario de Turismo; Marina del Pilar \u00c1vila Olmeda, gobernadora de Baja California, as\u00ed como representantes de los gobiernos de Nayarit, Baja California Sur y Sinaloa, el mandatario estatal mencion\u00f3 que se busca la promoci\u00f3n de un turismo deportivo, cultural, social, e incluyente, con pleno respeto a la naturaleza y sus recursos.<\/p>\n<p>&nbsp;<\/p>\n<p><em><strong>\u201cEl potencial del Mar de Cort\u00e9s&#8230; es el acuario del mundo. Con eso tenemos para jalar a una parte del turismo ambiental que es cada vez m\u00e1s grande, m\u00e1s amplio en el mundo, y tiene cada vez un mayor poder adquisitivo\u201d<\/strong><\/em>, indic\u00f3.<\/p>\n<p>&nbsp;<\/p>\n<p>&nbsp;<\/p>\n<p>El gobernador Durazo Monta\u00f1o a\u00f1adi\u00f3 que se busca aprovechar la industria de los cruceros, para que las y los turistas que visiten la regi\u00f3n puedan conocer todos los atractivos que ofrece, al contar con m\u00e1s de 12 reservas naturales.<\/p>\n<p>&nbsp;<\/p>\n<p><strong><em>\u201cTenemos la idea de sumar esfuerzos para&#8230; desarrollar y aprovechar \u00f3ptima y sosteniblemente el potencial tur\u00edstico del Mar de Cort\u00e9s. Tenemos una agenda tambi\u00e9n vinculada con infraestructura, con seguridad y otros temas, pero lo fundamental en este momento es el tema de turismo\u201d,<\/em><\/strong><em> se\u00f1<\/em><em>al\u00f3<\/em>.<\/p>\n<p>&nbsp;<\/p>\n<p>En este encuentro se acord\u00f3 tambi\u00e9n el mejoramiento de la conectividad a\u00e9rea en la regi\u00f3n, as\u00ed como la rehabilitaci\u00f3n de la infraestructura carretera para beneficio de la movilidad interestatal.<\/p>\n<p>&nbsp;<\/p>\n<p>&nbsp;<\/p>\n<p>(Publicada el 16\/05\/2022 \/Con informaci\u00f3n de GOBSON 0522133 )<\/p>\n","protected":false},"excerpt":{"rendered":"<p>CIUDAD DE\u00a0 M\u00c9XICO. MX.\u2014 Con la conformaci\u00f3n de la Alianza Mar de Cort\u00e9s, de la&#8230;<\/p>\n","protected":false},"author":1,"featured_media":138650,"comment_status":"open","ping_status":"open","sticky":false,"template":"","format":"standard","meta":{"_monsterinsights_skip_tracking":false,"_monsterinsights_sitenote_active":false,"_monsterinsights_sitenote_note":"","_monsterinsights_sitenote_category":0,"footnotes":""},"categories":[5],"tags":[],"class_list":["post"],"yoast_head":" \n<title>Sonora en Equipo. La Alianza Mar de Cort\u00e9s potenciar\u00e1 el turismo en Sonora: gobernador Alfonso Durazo Rep\u00fablica<\/title>\n<meta name=\"description\" content=\"CIUDAD DE\u00a0 M\u00c9XICO. MX.\u2014 Con la conformaci\u00f3n de la Alianza Mar de Cort\u00e9s, de la que Sonora forma parte, se potenciar\u00e1 la oportunidad de la entidad para En Sonora en Equipo publicamos toda la informaci\u00f3n de Sonora, M\u00e9xico y el Mundo de manera oportuna y busca que la libertad de expresi\u00f3n sea real. Visita nuestro medio informativo publicado desde Hermosillo, Sonora. %\" \/>\n<meta name=\"robots\" content=\"index, follow, max-snippet:-1, max-image-preview:large, max-video-preview:-1\" \/>\n<link rel=\"canonical\" href=\"https:\/\/www.sonoraenequipo.com.mx\/la-alianza-mar-de-cortes-potenciara-el-turismo-en-sonora-gobernador-alfonso-durazo\/\" \/>\n<meta property=\"og:locale\" content=\"es_ES\" \/>\n<meta property=\"og:type\" content=\"article\" \/>\n<meta property=\"og:title\" content=\"Sonora en Equipo. La Alianza Mar de Cort\u00e9s potenciar\u00e1 el turismo en Sonora: gobernador Alfonso Durazo Rep\u00fablica\" \/>\n<meta property=\"og:description\" content=\"CIUDAD DE\u00a0 M\u00c9XICO. MX.\u2014 Con la conformaci\u00f3n de la Alianza Mar de Cort\u00e9s, de la que Sonora forma parte, se potenciar\u00e1 la oportunidad de la entidad para En Sonora en Equipo publicamos toda la informaci\u00f3n de Sonora, M\u00e9xico y el Mundo de manera oportuna y busca que la libertad de expresi\u00f3n sea real. Visita nuestro medio informativo publicado desde Hermosillo, Sonora. %\" \/>\n<meta property=\"og:url\" content=\"https:\/\/www.sonoraenequipo.com.mx\/la-alianza-mar-de-cortes-potenciara-el-turismo-en-sonora-gobernador-alfonso-durazo\/\" \/>\n<meta property=\"og:site_name\" content=\"Sonora en Equipo.\" \/>\n<meta property=\"article:publisher\" content=\"https:\/\/www.facebook.com\/SonoraEE\/\" \/>\n<meta property=\"article:author\" content=\"https:\/\/www.facebook.com\/SonoraEE\" \/>\n<meta property=\"article:published_time\" content=\"2022-05-17T02:15:53+00:00\" \/>\n<meta property=\"article:modified_time\" content=\"2022-05-17T04:10:13+00:00\" \/>\n<meta property=\"og:image\" content=\"https:\/\/www.sonoraenequipo.com.mx\/storage\/2022\/05\/a-Alianza-Mar-de-Cortes...jpg\" \/>\n\t<meta property=\"og:image:width\" content=\"700\" \/>\n\t<meta property=\"og:image:height\" content=\"400\" \/>\n\t<meta property=\"og:image:type\" content=\"image\/jpeg\" \/>\n<meta name=\"author\" content=\"enequipo\" \/>\n<meta name=\"twitter:card\" content=\"summary_large_image\" \/>\n<meta name=\"twitter:creator\" content=\"@sonoraenequipo\" \/>\n<meta name=\"twitter:site\" content=\"@sonoraenequipo\" \/>\n<meta name=\"twitter:label1\" content=\"Escrito por\" \/>\n\t<meta name=\"twitter:data1\" content=\"enequipo\" \/>\n\t<meta name=\"twitter:label2\" content=\"Tiempo de lectura\" \/>\n\t<meta name=\"twitter:data2\" content=\"2 minutos\" \/>\n<script type=\"application\/ld+json\" class=\"yoast-schema-graph\">{\"@context\":\"https:\/\/schema.org\",\"@graph\":[{\"@type\":\"Article\",\"@id\":\"https:\/\/www.sonoraenequipo.com.mx\/la-alianza-mar-de-cortes-potenciara-el-turismo-en-sonora-gobernador-alfonso-durazo\/#article\",\"isPartOf\":{\"@id\":\"https:\/\/www.sonoraenequipo.com.mx\/la-alianza-mar-de-cortes-potenciara-el-turismo-en-sonora-gobernador-alfonso-durazo\/\"},\"author\":{\"name\":\"enequipo\",\"@id\":\"https:\/\/www.sonoraenequipo.com.mx\/#\/schema\/person\/50102df0fb23a8fa9e8effad8fa81386\"},\"headline\":\"La Alianza Mar de Cort\u00e9s potenciar\u00e1 el turismo en Sonora: gobernador Alfonso Durazo\",\"datePublished\":\"2022-05-17T02:15:53+00:00\",\"dateModified\":\"2022-05-17T04:10:13+00:00\",\"mainEntityOfPage\":{\"@id\":\"https:\/\/www.sonoraenequipo.com.mx\/la-alianza-mar-de-cortes-potenciara-el-turismo-en-sonora-gobernador-alfonso-durazo\/\"},\"wordCount\":307,\"commentCount\":0,\"publisher\":{\"@id\":\"https:\/\/www.sonoraenequipo.com.mx\/#organization\"},\"image\":{\"@id\":\"https:\/\/www.sonoraenequipo.com.mx\/la-alianza-mar-de-cortes-potenciara-el-turismo-en-sonora-gobernador-alfonso-durazo\/#primaryimage\"},\"thumbnailUrl\":\"https:\/\/www.sonoraenequipo.com.mx\/storage\/2022\/05\/a-Alianza-Mar-de-Cortes...jpg\",\"articleSection\":[\"Rep\u00fablica\"],\"inLanguage\":\"es\",\"potentialAction\":[{\"@type\":\"CommentAction\",\"name\":\"Comment\",\"target\":[\"https:\/\/www.sonoraenequipo.com.mx\/la-alianza-mar-de-cortes-potenciara-el-turismo-en-sonora-gobernador-alfonso-durazo\/#respond\"]}]},{\"@type\":\"WebPage\",\"@id\":\"https:\/\/www.sonoraenequipo.com.mx\/la-alianza-mar-de-cortes-potenciara-el-turismo-en-sonora-gobernador-alfonso-durazo\/\",\"url\":\"https:\/\/www.sonoraenequipo.com.mx\/la-alianza-mar-de-cortes-potenciara-el-turismo-en-sonora-gobernador-alfonso-durazo\/\",\"name\":\"Sonora en Equipo. La Alianza Mar de Cort\u00e9s potenciar\u00e1 el turismo en Sonora: gobernador Alfonso Durazo Rep\u00fablica\",\"isPartOf\":{\"@id\":\"https:\/\/www.sonoraenequipo.com.mx\/#website\"},\"primaryImageOfPage\":{\"@id\":\"https:\/\/www.sonoraenequipo.com.mx\/la-alianza-mar-de-cortes-potenciara-el-turismo-en-sonora-gobernador-alfonso-durazo\/#primaryimage\"},\"image\":{\"@id\":\"https:\/\/www.sonoraenequipo.com.mx\/la-alianza-mar-de-cortes-potenciara-el-turismo-en-sonora-gobernador-alfonso-durazo\/#primaryimage\"},\"thumbnailUrl\":\"https:\/\/www.sonoraenequipo.com.mx\/storage\/2022\/05\/a-Alianza-Mar-de-Cortes...jpg\",\"datePublished\":\"2022-05-17T02:15:53+00:00\",\"dateModified\":\"2022-05-17T04:10:13+00:00\",\"description\":\"CIUDAD DE\u00a0 M\u00c9XICO. MX.\u2014 Con la conformaci\u00f3n de la Alianza Mar de Cort\u00e9s, de la que Sonora forma parte, se potenciar\u00e1 la oportunidad de la entidad para En Sonora en Equipo publicamos toda la informaci\u00f3n de Sonora, M\u00e9xico y el Mundo de manera oportuna y busca que la libertad de expresi\u00f3n sea real. Visita nuestro medio informativo publicado desde Hermosillo, Sonora. %\",\"breadcrumb\":{\"@id\":\"https:\/\/www.sonoraenequipo.com.mx\/la-alianza-mar-de-cortes-potenciara-el-turismo-en-sonora-gobernador-alfonso-durazo\/#breadcrumb\"},\"inLanguage\":\"es\",\"potentialAction\":[{\"@type\":\"ReadAction\",\"target\":[\"https:\/\/www.sonoraenequipo.com.mx\/la-alianza-mar-de-cortes-potenciara-el-turismo-en-sonora-gobernador-alfonso-durazo\/\"]}]},{\"@type\":\"ImageObject\",\"inLanguage\":\"es\",\"@id\":\"https:\/\/www.sonoraenequipo.com.mx\/la-alianza-mar-de-cortes-potenciara-el-turismo-en-sonora-gobernador-alfonso-durazo\/#primaryimage\",\"url\":\"https:\/\/www.sonoraenequipo.com.mx\/storage\/2022\/05\/a-Alianza-Mar-de-Cortes...jpg\",\"contentUrl\":\"https:\/\/www.sonoraenequipo.com.mx\/storage\/2022\/05\/a-Alianza-Mar-de-Cortes...jpg\",\"width\":700,\"height\":400},{\"@type\":\"BreadcrumbList\",\"@id\":\"https:\/\/www.sonoraenequipo.com.mx\/la-alianza-mar-de-cortes-potenciara-el-turismo-en-sonora-gobernador-alfonso-durazo\/#breadcrumb\",\"itemListElement\":[{\"@type\":\"ListItem\",\"position\":1,\"name\":\"Portada\",\"item\":\"https:\/\/www.sonoraenequipo.com.mx\/\"},{\"@type\":\"ListItem\",\"position\":2,\"name\":\"La Alianza Mar de Cort\u00e9s potenciar\u00e1 el turismo en Sonora: gobernador Alfonso Durazo\"}]},{\"@type\":\"WebSite\",\"@id\":\"https:\/\/www.sonoraenequipo.com.mx\/#website\",\"url\":\"https:\/\/www.sonoraenequipo.com.mx\/\",\"name\":\"Sonora en Equipo.\",\"description\":\"Diario en l\u00ednea con Noticias desde Hermosillo, Sonora\",\"publisher\":{\"@id\":\"https:\/\/www.sonoraenequipo.com.mx\/#organization\"},\"potentialAction\":[{\"@type\":\"SearchAction\",\"target\":{\"@type\":\"EntryPoint\",\"urlTemplate\":\"https:\/\/www.sonoraenequipo.com.mx\/?s={search_term_string}\"},\"query-input\":{\"@type\":\"PropertyValueSpecification\",\"valueRequired\":true,\"valueName\":\"search_term_string\"}}],\"inLanguage\":\"es\"},{\"@type\":\"Organization\",\"@id\":\"https:\/\/www.sonoraenequipo.com.mx\/#organization\",\"name\":\"Sonoraenequipo.com.mx\",\"url\":\"https:\/\/www.sonoraenequipo.com.mx\/\",\"logo\":{\"@type\":\"ImageObject\",\"inLanguage\":\"es\",\"@id\":\"https:\/\/www.sonoraenequipo.com.mx\/#\/schema\/logo\/image\/\",\"url\":\"https:\/\/www.sonoraenequipo.com.mx\/storage\/2019\/01\/sonoraenequipo_opt.png\",\"contentUrl\":\"https:\/\/www.sonoraenequipo.com.mx\/storage\/2019\/01\/sonoraenequipo_opt.png\",\"width\":375,\"height\":125,\"caption\":\"Sonoraenequipo.com.mx\"},\"image\":{\"@id\":\"https:\/\/www.sonoraenequipo.com.mx\/#\/schema\/logo\/image\/\"},\"sameAs\":[\"https:\/\/www.facebook.com\/SonoraEE\/\",\"https:\/\/x.com\/sonoraenequipo\",\"https:\/\/www.youtube.com\/channel\/UC338nW-lPEYmJQs4ZABQ1SQ\"]},{\"@type\":\"Person\",\"@id\":\"https:\/\/www.sonoraenequipo.com.mx\/#\/schema\/person\/50102df0fb23a8fa9e8effad8fa81386\",\"name\":\"enequipo\",\"image\":{\"@type\":\"ImageObject\",\"inLanguage\":\"es\",\"@id\":\"https:\/\/www.sonoraenequipo.com.mx\/#\/schema\/person\/image\/\",\"url\":\"https:\/\/secure.gravatar.com\/avatar\/049821681b589dabc0bc20695993ccebb09f5b5d4d790cd9251b97faac7c652b?s=96&d=blank&r=g\",\"contentUrl\":\"https:\/\/secure.gravatar.com\/avatar\/049821681b589dabc0bc20695993ccebb09f5b5d4d790cd9251b97faac7c652b?s=96&d=blank&r=g\",\"caption\":\"enequipo\"},\"sameAs\":[\"https:\/\/www.facebook.com\/SonoraEE\"]}]}<\/script>\n ","yoast_head_json":{"title":"Sonora en Equipo. La Alianza Mar de Cort\u00e9s potenciar\u00e1 el turismo en Sonora: gobernador Alfonso Durazo Rep\u00fablica","description":"CIUDAD DE\u00a0 M\u00c9XICO. MX.\u2014 Con la conformaci\u00f3n de la Alianza Mar de Cort\u00e9s, de la que Sonora forma parte, se potenciar\u00e1 la oportunidad de la entidad para En Sonora en Equipo publicamos toda la informaci\u00f3n de Sonora, M\u00e9xico y el Mundo de manera oportuna y busca que la libertad de expresi\u00f3n sea real. Visita nuestro medio informativo publicado desde Hermosillo, Sonora. %","robots":{"index":"index","follow":"follow","max-snippet":"max-snippet:-1","max-image-preview":"max-image-preview:large","max-video-preview":"max-video-preview:-1"},"canonical":"https:\/\/www.sonoraenequipo.com.mx\/la-alianza-mar-de-cortes-potenciara-el-turismo-en-sonora-gobernador-alfonso-durazo\/","og_locale":"es_ES","og_type":"article","og_title":"Sonora en Equipo. La Alianza Mar de Cort\u00e9s potenciar\u00e1 el turismo en Sonora: gobernador Alfonso Durazo Rep\u00fablica","og_description":"CIUDAD DE\u00a0 M\u00c9XICO. MX.\u2014 Con la conformaci\u00f3n de la Alianza Mar de Cort\u00e9s, de la que Sonora forma parte, se potenciar\u00e1 la oportunidad de la entidad para En Sonora en Equipo publicamos toda la informaci\u00f3n de Sonora, M\u00e9xico y el Mundo de manera oportuna y busca que la libertad de expresi\u00f3n sea real. Visita nuestro medio informativo publicado desde Hermosillo, Sonora. %","og_url":"https:\/\/www.sonoraenequipo.com.mx\/la-alianza-mar-de-cortes-potenciara-el-turismo-en-sonora-gobernador-alfonso-durazo\/","og_site_name":"Sonora en Equipo.","article_publisher":"https:\/\/www.facebook.com\/SonoraEE\/","article_author":"https:\/\/www.facebook.com\/SonoraEE","article_published_time":"2022-05-17T02:15:53+00:00","article_modified_time":"2022-05-17T04:10:13+00:00","og_image":[{"width":700,"height":400,"url":"https:\/\/www.sonoraenequipo.com.mx\/storage\/2022\/05\/a-Alianza-Mar-de-Cortes...jpg","type":"image\/jpeg"}],"author":"enequipo","twitter_card":"summary_large_image","twitter_creator":"@sonoraenequipo","twitter_site":"@sonoraenequipo","twitter_misc":{"Escrito por":"enequipo","Tiempo de lectura":"2 minutos"},"schema":{"@context":"https:\/\/schema.org","@graph":[{"@type":"Article","@id":"https:\/\/www.sonoraenequipo.com.mx\/la-alianza-mar-de-cortes-potenciara-el-turismo-en-sonora-gobernador-alfonso-durazo\/#article","isPartOf":{"@id":"https:\/\/www.sonoraenequipo.com.mx\/la-alianza-mar-de-cortes-potenciara-el-turismo-en-sonora-gobernador-alfonso-durazo\/"},"author":{"name":"enequipo","@id":"https:\/\/www.sonoraenequipo.com.mx\/#\/schema\/person\/50102df0fb23a8fa9e8effad8fa81386"},"headline":"La Alianza Mar de Cort\u00e9s potenciar\u00e1 el turismo en Sonora: gobernador Alfonso Durazo","datePublished":"2022-05-17T02:15:53+00:00","dateModified":"2022-05-17T04:10:13+00:00","mainEntityOfPage":{"@id":"https:\/\/www.sonoraenequipo.com.mx\/la-alianza-mar-de-cortes-potenciara-el-turismo-en-sonora-gobernador-alfonso-durazo\/"},"wordCount":307,"commentCount":0,"publisher":{"@id":"https:\/\/www.sonoraenequipo.com.mx\/#organization"},"image":{"@id":"https:\/\/www.sonoraenequipo.com.mx\/la-alianza-mar-de-cortes-potenciara-el-turismo-en-sonora-gobernador-alfonso-durazo\/#primaryimage"},"thumbnailUrl":"https:\/\/www.sonoraenequipo.com.mx\/storage\/2022\/05\/a-Alianza-Mar-de-Cortes...jpg","articleSection":["Rep\u00fablica"],"inLanguage":"es","potentialAction":[{"@type":"CommentAction","name":"Comment","target":["https:\/\/www.sonoraenequipo.com.mx\/la-alianza-mar-de-cortes-potenciara-el-turismo-en-sonora-gobernador-alfonso-durazo\/#respond"]}]},{"@type":"WebPage","@id":"https:\/\/www.sonoraenequipo.com.mx\/la-alianza-mar-de-cortes-potenciara-el-turismo-en-sonora-gobernador-alfonso-durazo\/","url":"https:\/\/www.sonoraenequipo.com.mx\/la-alianza-mar-de-cortes-potenciara-el-turismo-en-sonora-gobernador-alfonso-durazo\/","name":"Sonora en Equipo. La Alianza Mar de Cort\u00e9s potenciar\u00e1 el turismo en Sonora: gobernador Alfonso Durazo Rep\u00fablica","isPartOf":{"@id":"https:\/\/www.sonoraenequipo.com.mx\/#website"},"primaryImageOfPage":{"@id":"https:\/\/www.sonoraenequipo.com.mx\/la-alianza-mar-de-cortes-potenciara-el-turismo-en-sonora-gobernador-alfonso-durazo\/#primaryimage"},"image":{"@id":"https:\/\/www.sonoraenequipo.com.mx\/la-alianza-mar-de-cortes-potenciara-el-turismo-en-sonora-gobernador-alfonso-durazo\/#primaryimage"},"thumbnailUrl":"https:\/\/www.sonoraenequipo.com.mx\/storage\/2022\/05\/a-Alianza-Mar-de-Cortes...jpg","datePublished":"2022-05-17T02:15:53+00:00","dateModified":"2022-05-17T04:10:13+00:00","description":"CIUDAD DE\u00a0 M\u00c9XICO. MX.\u2014 Con la conformaci\u00f3n de la Alianza Mar de Cort\u00e9s, de la que Sonora forma parte, se potenciar\u00e1 la oportunidad de la entidad para En Sonora en Equipo publicamos toda la informaci\u00f3n de Sonora, M\u00e9xico y el Mundo de manera oportuna y busca que la libertad de expresi\u00f3n sea real. Visita nuestro medio informativo publicado desde Hermosillo, Sonora. %","breadcrumb":{"@id":"https:\/\/www.sonoraenequipo.com.mx\/la-alianza-mar-de-cortes-potenciara-el-turismo-en-sonora-gobernador-alfonso-durazo\/#breadcrumb"},"inLanguage":"es","potentialAction":[{"@type":"ReadAction","target":["https:\/\/www.sonoraenequipo.com.mx\/la-alianza-mar-de-cortes-potenciara-el-turismo-en-sonora-gobernador-alfonso-durazo\/"]}]},{"@type":"ImageObject","inLanguage":"es","@id":"https:\/\/www.sonoraenequipo.com.mx\/la-alianza-mar-de-cortes-potenciara-el-turismo-en-sonora-gobernador-alfonso-durazo\/#primaryimage","url":"https:\/\/www.sonoraenequipo.com.mx\/storage\/2022\/05\/a-Alianza-Mar-de-Cortes...jpg","contentUrl":"https:\/\/www.sonoraenequipo.com.mx\/storage\/2022\/05\/a-Alianza-Mar-de-Cortes...jpg","width":700,"height":400},{"@type":"BreadcrumbList","@id":"https:\/\/www.sonoraenequipo.com.mx\/la-alianza-mar-de-cortes-potenciara-el-turismo-en-sonora-gobernador-alfonso-durazo\/#breadcrumb","itemListElement":[{"@type":"ListItem","position":1,"name":"Portada","item":"https:\/\/www.sonoraenequipo.com.mx\/"},{"@type":"ListItem","position":2,"name":"La Alianza Mar de Cort\u00e9s potenciar\u00e1 el turismo en Sonora: gobernador Alfonso Durazo"}]},{"@type":"WebSite","@id":"https:\/\/www.sonoraenequipo.com.mx\/#website","url":"https:\/\/www.sonoraenequipo.com.mx\/","name":"Sonora en Equipo.","description":"Diario en l\u00ednea con Noticias desde Hermosillo, Sonora","publisher":{"@id":"https:\/\/www.sonoraenequipo.com.mx\/#organization"},"potentialAction":[{"@type":"SearchAction","target":{"@type":"EntryPoint","urlTemplate":"https:\/\/www.sonoraenequipo.com.mx\/?s={search_term_string}"},"query-input":{"@type":"PropertyValueSpecification","valueRequired":true,"valueName":"search_term_string"}}],"inLanguage":"es"},{"@type":"Organization","@id":"https:\/\/www.sonoraenequipo.com.mx\/#organization","name":"Sonoraenequipo.com.mx","url":"https:\/\/www.sonoraenequipo.com.mx\/","logo":{"@type":"ImageObject","inLanguage":"es","@id":"https:\/\/www.sonoraenequipo.com.mx\/#\/schema\/logo\/image\/","url":"https:\/\/www.sonoraenequipo.com.mx\/storage\/2019\/01\/sonoraenequipo_opt.png","contentUrl":"https:\/\/www.sonoraenequipo.com.mx\/storage\/2019\/01\/sonoraenequipo_opt.png","width":375,"height":125,"caption":"Sonoraenequipo.com.mx"},"image":{"@id":"https:\/\/www.sonoraenequipo.com.mx\/#\/schema\/logo\/image\/"},"sameAs":["https:\/\/www.facebook.com\/SonoraEE\/","https:\/\/x.com\/sonoraenequipo","https:\/\/www.youtube.com\/channel\/UC338nW-lPEYmJQs4ZABQ1SQ"]},{"@type":"Person","@id":"https:\/\/www.sonoraenequipo.com.mx\/#\/schema\/person\/50102df0fb23a8fa9e8effad8fa81386","name":"enequipo","image":{"@type":"ImageObject","inLanguage":"es","@id":"https:\/\/www.sonoraenequipo.com.mx\/#\/schema\/person\/image\/","url":"https:\/\/secure.gravatar.com\/avatar\/049821681b589dabc0bc20695993ccebb09f5b5d4d790cd9251b97faac7c652b?s=96&d=blank&r=g","contentUrl":"https:\/\/secure.gravatar.com\/avatar\/049821681b589dabc0bc20695993ccebb09f5b5d4d790cd9251b97faac7c652b?s=96&d=blank&r=g","caption":"enequipo"},"sameAs":["https:\/\/www.facebook.com\/SonoraEE"]}]}},"jetpack_featured_media_url":"https:\/\/www.sonoraenequipo.com.mx\/storage\/2022\/05\/a-Alianza-Mar-de-Cortes...jpg","_links":{"self":[{"href":"https:\/\/www.sonoraenequipo.com.mx\/api\/wp\/v2\/posts\/138648","targetHints":{"allow":["GET"]}}],"collection":[{"href":"https:\/\/www.sonoraenequipo.com.mx\/api\/wp\/v2\/posts"}],"about":[{"href":"https:\/\/www.sonoraenequipo.com.mx\/api\/wp\/v2\/types\/post"}],"author":[{"embeddable":true,"href":"https:\/\/www.sonoraenequipo.com.mx\/api\/wp\/v2\/users\/1"}],"replies":[{"embeddable":true,"href":"https:\/\/www.sonoraenequipo.com.mx\/api\/wp\/v2\/comments?post=138648"}],"version-history":[{"count":1,"href":"https:\/\/www.sonoraenequipo.com.mx\/api\/wp\/v2\/posts\/138648\/revisions"}],"predecessor-version":[{"id":138651,"href":"https:\/\/www.sonoraenequipo.com.mx\/api\/wp\/v2\/posts\/138648\/revisions\/138651"}],"wp:featuredmedia":[{"embeddable":true,"href":"https:\/\/www.sonoraenequipo.com.mx\/api\/wp\/v2\/media\/138650"}],"wp:attachment":[{"href":"https:\/\/www.sonoraenequipo.com.mx\/api\/wp\/v2\/media?parent=138648"}],"wp:term":[{"taxonomy":"category","embeddable":true,"href":"https:\/\/www.sonoraenequipo.com.mx\/api\/wp\/v2\/categories?post=138648"},{"taxonomy":"post_tag","embeddable":true,"href":"https:\/\/www.sonoraenequipo.com.mx\/api\/wp\/v2\/tags?post=138648"}],"curies":[{"name":"wp","href":"https:\/\/api.w.org\/{rel}","templated":true}]}}