{"id":138652,"date":"2022-05-16T16:20:16","date_gmt":"2022-05-16T23:20:16","guid":{"rendered":"https:\/\/www.sonoraenequipo.com.mx\/?p=138652"},"modified":"2022-05-16T21:19:07","modified_gmt":"2022-05-17T04:19:07","slug":"apoya-unison-a-estudiantes-de-comunidades-indigenas","status":"publish","type":"post","link":"https:\/\/www.sonoraenequipo.com.mx\/apoya-unison-a-estudiantes-de-comunidades-indigenas\/","title":{"rendered":"Apoya Unison a estudiantes de comunidades ind\u00edgenas"},"content":{"rendered":"<p><strong>HERMOSILLO, SONORA. MX<\/strong>. \u2014 A fin de garantizar el acceso a la educaci\u00f3n superior a integrantes de comunidades ind\u00edgenas, la Universidad de Sonora aprob\u00f3 e implement\u00f3 el Programa especial de apoyo a estudiantes provenientes de comunidades ind\u00edgenas que ser\u00e1 vigente para el ingreso 2022, anunci\u00f3 hoy la rectora Mar\u00eda Rita Plancarte Mart\u00ednez.<\/p>\n<p>&nbsp;<\/p>\n<p> <\/p>\n<p>&nbsp;<\/p>\n<p>En rueda de prensa, coment\u00f3 que se trata de un programa relevante a trav\u00e9s del cual la instituci\u00f3n pondr\u00e1 en marcha diversas actividades que permitan a los estudiantes ind\u00edgenas acceder, permanecer y concluir de manera exitosa su formaci\u00f3n profesional; de esta manera, tambi\u00e9n se abona a la construcci\u00f3n de una casa de estudios inclusiva y equitativa.<\/p>\n<p>&nbsp;<\/p>\n<p>&nbsp;<\/p>\n<p>Se trata de alcanzar una universidad inclusiva donde \u201caquellos que no tienen la oportunidad de ingresar a la Universidad, por sus condiciones hist\u00f3ricas, tengan ese acceso y este acompa\u00f1amiento que permita en su momento un egreso y una formaci\u00f3n de calidad; recordemos que la equidad no es darles lo mismo a todos, sino darle lo que necesita a cada uno. Este programa no solo esperamos que sea exitoso, sino que estamos seguros de que se trata de un programa que reafirma la vocaci\u00f3n de servicio y solidaridad de la Universidad de Sonora\u201d.<\/p>\n<p>&nbsp;<\/p>\n<p>&nbsp;<\/p>\n<p>En este sentido, revel\u00f3 que el pasado 13 de mayo, durante la sesi\u00f3n ordinaria 191 de Colegio Acad\u00e9mico este \u00f3rgano de gobierno aprob\u00f3 el citado programa especial que se implementar\u00e1 con los aspirantes de nuevo ingreso provenientes de alg\u00fan grupo \u00e9tnico y que hayan concluido su proceso de registro en la convocatoria de Admisi\u00f3n 2022 a esta casa de estudios, a fin de que accedan, permanezcan, egresen de la instituci\u00f3n en condiciones de equidad y buen desempe\u00f1o acad\u00e9mico.<\/p>\n<p>&nbsp;<\/p>\n<p>&nbsp;<\/p>\n<p>De esta manera, Plancarte Mart\u00ednez indic\u00f3 que en la Universidad de Sonora se garantizar\u00e1 el acceso de aspirantes provenientes de grupos originarios de al menos el 2.5% de los espacios ofrecidos en cada programa educativo, en la convocatoria de primer ingreso del a\u00f1o 2022.<\/p>\n<p>&nbsp;<\/p>\n<p>Mencion\u00f3 que en el proceso de admisi\u00f3n 2022 a la Universidad de Sonora se recibieron 42,108 solicitudes por parte de 16,441 aspirantes; de esta \u00faltima cifra, 243 aspirantes declararon pertenecer a alg\u00fan grupo ind\u00edgena y de los cuales, 82 fueron aceptados como parte de este programa especial de selecci\u00f3n, ya que el resto fueron aceptados mediante los mecanismos de ingreso por promedio y evaluaci\u00f3n Exani de Ceneval, y conforme avance del proceso de primer ingreso hay a quienes ingresar\u00e1n por corrimiento de listas, tronco com\u00fan o en programas alternativos.<\/p>\n<p>&nbsp;<\/p>\n<p>&nbsp;<\/p>\n<p>Los 82 estudiantes ind\u00edgenas aceptados mediante el Programa especial de apoyo a estudiantes provenientes de comunidades ind\u00edgenas cursar\u00e1n sus estudios profesionales en los campus de Hermosillo, Cajeme y Navojoa, y principalmente forman parte de comunidades ind\u00edgenas, mayo, yaqui, p\u00e1pago, seri y zapoteco.<\/p>\n<p>&nbsp;<\/p>\n<p>&nbsp;<\/p>\n<p>Explic\u00f3 que estos 82 j\u00f3venes ind\u00edgenas recibir\u00e1n durante tres semestres un acompa\u00f1amiento especial mediante acciones espec\u00edficas que apoyen su inclusi\u00f3n al entorno universitario y al mejoramiento de su trayectoria escolar; labor que estar\u00e1 a cargo de la Direcci\u00f3n de Apoyo a Estudiantes, explic\u00f3 la rectora, a fin de que en el cuarto semestre se consideren estudiantes ordinarios.<\/p>\n<p>&nbsp;<\/p>\n<p>&nbsp;<\/p>\n<p>Es as\u00ed como la Universidad de Sonora cumple con lo estipulado en la nueva Ley General de Educaci\u00f3n, misma que establece que las instituciones de educaci\u00f3n deben garantizar el derecho al acceso a la educaci\u00f3n superior con base en los principios de derechos humanos, igualdad e inclusi\u00f3n, con especial atenci\u00f3n a sus pueblos y comunidades ind\u00edgenas.<\/p>\n<p>&nbsp;<\/p>\n<p>&nbsp;<\/p>\n<p>(Publicada el 16\/05\/2022<\/p>\n","protected":false},"excerpt":{"rendered":"<p>HERMOSILLO, SONORA. MX. \u2014 A fin de garantizar el acceso a la educaci\u00f3n superior a&#8230;<\/p>\n","protected":false},"author":1,"featured_media":138642,"comment_status":"open","ping_status":"open","sticky":false,"template":"","format":"standard","meta":{"_monsterinsights_skip_tracking":false,"_monsterinsights_sitenote_active":false,"_monsterinsights_sitenote_note":"","_monsterinsights_sitenote_category":0,"footnotes":""},"categories":[22],"tags":[],"class_list":["post"],"yoast_head":" \n<title>Sonora en Equipo. Apoya Unison a estudiantes de comunidades ind\u00edgenas Sonora<\/title>\n<meta name=\"description\" content=\"HERMOSILLO, SONORA. MX. \u2014 A fin de garantizar el acceso a la educaci\u00f3n superior a integrantes de comunidades ind\u00edgenas, la Universidad de Sonora aprob\u00f3 e En Sonora en Equipo publicamos toda la informaci\u00f3n de Sonora, M\u00e9xico y el Mundo de manera oportuna y busca que la libertad de expresi\u00f3n sea real. Visita nuestro medio informativo publicado desde Hermosillo, Sonora. %\" \/>\n<meta name=\"robots\" content=\"index, follow, max-snippet:-1, max-image-preview:large, max-video-preview:-1\" \/>\n<link rel=\"canonical\" href=\"https:\/\/www.sonoraenequipo.com.mx\/apoya-unison-a-estudiantes-de-comunidades-indigenas\/\" \/>\n<meta property=\"og:locale\" content=\"es_ES\" \/>\n<meta property=\"og:type\" content=\"article\" \/>\n<meta property=\"og:title\" content=\"Sonora en Equipo. Apoya Unison a estudiantes de comunidades ind\u00edgenas Sonora\" \/>\n<meta property=\"og:description\" content=\"HERMOSILLO, SONORA. MX. \u2014 A fin de garantizar el acceso a la educaci\u00f3n superior a integrantes de comunidades ind\u00edgenas, la Universidad de Sonora aprob\u00f3 e En Sonora en Equipo publicamos toda la informaci\u00f3n de Sonora, M\u00e9xico y el Mundo de manera oportuna y busca que la libertad de expresi\u00f3n sea real. Visita nuestro medio informativo publicado desde Hermosillo, Sonora. %\" \/>\n<meta property=\"og:url\" content=\"https:\/\/www.sonoraenequipo.com.mx\/apoya-unison-a-estudiantes-de-comunidades-indigenas\/\" \/>\n<meta property=\"og:site_name\" content=\"Sonora en Equipo.\" \/>\n<meta property=\"article:publisher\" content=\"https:\/\/www.facebook.com\/SonoraEE\/\" \/>\n<meta property=\"article:author\" content=\"https:\/\/www.facebook.com\/SonoraEE\" \/>\n<meta property=\"article:published_time\" content=\"2022-05-16T23:20:16+00:00\" \/>\n<meta property=\"article:modified_time\" content=\"2022-05-17T04:19:07+00:00\" \/>\n<meta property=\"og:image\" content=\"https:\/\/www.sonoraenequipo.com.mx\/storage\/2022\/05\/acuerdo-del-colegio-comunidades-indigenas.jpg\" \/>\n\t<meta property=\"og:image:width\" content=\"700\" \/>\n\t<meta property=\"og:image:height\" content=\"400\" \/>\n\t<meta property=\"og:image:type\" content=\"image\/jpeg\" \/>\n<meta name=\"author\" content=\"enequipo\" \/>\n<meta name=\"twitter:card\" content=\"summary_large_image\" \/>\n<meta name=\"twitter:creator\" content=\"@sonoraenequipo\" \/>\n<meta name=\"twitter:site\" content=\"@sonoraenequipo\" \/>\n<meta name=\"twitter:label1\" content=\"Escrito por\" \/>\n\t<meta name=\"twitter:data1\" content=\"enequipo\" \/>\n\t<meta name=\"twitter:label2\" content=\"Tiempo de lectura\" \/>\n\t<meta name=\"twitter:data2\" content=\"3 minutos\" \/>\n<script type=\"application\/ld+json\" class=\"yoast-schema-graph\">{\"@context\":\"https:\/\/schema.org\",\"@graph\":[{\"@type\":\"Article\",\"@id\":\"https:\/\/www.sonoraenequipo.com.mx\/apoya-unison-a-estudiantes-de-comunidades-indigenas\/#article\",\"isPartOf\":{\"@id\":\"https:\/\/www.sonoraenequipo.com.mx\/apoya-unison-a-estudiantes-de-comunidades-indigenas\/\"},\"author\":{\"name\":\"enequipo\",\"@id\":\"https:\/\/www.sonoraenequipo.com.mx\/#\/schema\/person\/50102df0fb23a8fa9e8effad8fa81386\"},\"headline\":\"Apoya Unison a estudiantes de comunidades ind\u00edgenas\",\"datePublished\":\"2022-05-16T23:20:16+00:00\",\"dateModified\":\"2022-05-17T04:19:07+00:00\",\"mainEntityOfPage\":{\"@id\":\"https:\/\/www.sonoraenequipo.com.mx\/apoya-unison-a-estudiantes-de-comunidades-indigenas\/\"},\"wordCount\":628,\"commentCount\":0,\"publisher\":{\"@id\":\"https:\/\/www.sonoraenequipo.com.mx\/#organization\"},\"image\":{\"@id\":\"https:\/\/www.sonoraenequipo.com.mx\/apoya-unison-a-estudiantes-de-comunidades-indigenas\/#primaryimage\"},\"thumbnailUrl\":\"https:\/\/www.sonoraenequipo.com.mx\/storage\/2022\/05\/acuerdo-del-colegio-comunidades-indigenas.jpg\",\"articleSection\":[\"Sonora\"],\"inLanguage\":\"es\",\"potentialAction\":[{\"@type\":\"CommentAction\",\"name\":\"Comment\",\"target\":[\"https:\/\/www.sonoraenequipo.com.mx\/apoya-unison-a-estudiantes-de-comunidades-indigenas\/#respond\"]}]},{\"@type\":\"WebPage\",\"@id\":\"https:\/\/www.sonoraenequipo.com.mx\/apoya-unison-a-estudiantes-de-comunidades-indigenas\/\",\"url\":\"https:\/\/www.sonoraenequipo.com.mx\/apoya-unison-a-estudiantes-de-comunidades-indigenas\/\",\"name\":\"Sonora en Equipo. Apoya Unison a estudiantes de comunidades ind\u00edgenas Sonora\",\"isPartOf\":{\"@id\":\"https:\/\/www.sonoraenequipo.com.mx\/#website\"},\"primaryImageOfPage\":{\"@id\":\"https:\/\/www.sonoraenequipo.com.mx\/apoya-unison-a-estudiantes-de-comunidades-indigenas\/#primaryimage\"},\"image\":{\"@id\":\"https:\/\/www.sonoraenequipo.com.mx\/apoya-unison-a-estudiantes-de-comunidades-indigenas\/#primaryimage\"},\"thumbnailUrl\":\"https:\/\/www.sonoraenequipo.com.mx\/storage\/2022\/05\/acuerdo-del-colegio-comunidades-indigenas.jpg\",\"datePublished\":\"2022-05-16T23:20:16+00:00\",\"dateModified\":\"2022-05-17T04:19:07+00:00\",\"description\":\"HERMOSILLO, SONORA. MX. \u2014 A fin de garantizar el acceso a la educaci\u00f3n superior a integrantes de comunidades ind\u00edgenas, la Universidad de Sonora aprob\u00f3 e En Sonora en Equipo publicamos toda la informaci\u00f3n de Sonora, M\u00e9xico y el Mundo de manera oportuna y busca que la libertad de expresi\u00f3n sea real. Visita nuestro medio informativo publicado desde Hermosillo, Sonora. %\",\"breadcrumb\":{\"@id\":\"https:\/\/www.sonoraenequipo.com.mx\/apoya-unison-a-estudiantes-de-comunidades-indigenas\/#breadcrumb\"},\"inLanguage\":\"es\",\"potentialAction\":[{\"@type\":\"ReadAction\",\"target\":[\"https:\/\/www.sonoraenequipo.com.mx\/apoya-unison-a-estudiantes-de-comunidades-indigenas\/\"]}]},{\"@type\":\"ImageObject\",\"inLanguage\":\"es\",\"@id\":\"https:\/\/www.sonoraenequipo.com.mx\/apoya-unison-a-estudiantes-de-comunidades-indigenas\/#primaryimage\",\"url\":\"https:\/\/www.sonoraenequipo.com.mx\/storage\/2022\/05\/acuerdo-del-colegio-comunidades-indigenas.jpg\",\"contentUrl\":\"https:\/\/www.sonoraenequipo.com.mx\/storage\/2022\/05\/acuerdo-del-colegio-comunidades-indigenas.jpg\",\"width\":700,\"height\":400},{\"@type\":\"BreadcrumbList\",\"@id\":\"https:\/\/www.sonoraenequipo.com.mx\/apoya-unison-a-estudiantes-de-comunidades-indigenas\/#breadcrumb\",\"itemListElement\":[{\"@type\":\"ListItem\",\"position\":1,\"name\":\"Portada\",\"item\":\"https:\/\/www.sonoraenequipo.com.mx\/\"},{\"@type\":\"ListItem\",\"position\":2,\"name\":\"Apoya Unison a estudiantes de comunidades ind\u00edgenas\"}]},{\"@type\":\"WebSite\",\"@id\":\"https:\/\/www.sonoraenequipo.com.mx\/#website\",\"url\":\"https:\/\/www.sonoraenequipo.com.mx\/\",\"name\":\"Sonora en Equipo.\",\"description\":\"Diario en l\u00ednea con Noticias desde Hermosillo, Sonora\",\"publisher\":{\"@id\":\"https:\/\/www.sonoraenequipo.com.mx\/#organization\"},\"potentialAction\":[{\"@type\":\"SearchAction\",\"target\":{\"@type\":\"EntryPoint\",\"urlTemplate\":\"https:\/\/www.sonoraenequipo.com.mx\/?s={search_term_string}\"},\"query-input\":{\"@type\":\"PropertyValueSpecification\",\"valueRequired\":true,\"valueName\":\"search_term_string\"}}],\"inLanguage\":\"es\"},{\"@type\":\"Organization\",\"@id\":\"https:\/\/www.sonoraenequipo.com.mx\/#organization\",\"name\":\"Sonoraenequipo.com.mx\",\"url\":\"https:\/\/www.sonoraenequipo.com.mx\/\",\"logo\":{\"@type\":\"ImageObject\",\"inLanguage\":\"es\",\"@id\":\"https:\/\/www.sonoraenequipo.com.mx\/#\/schema\/logo\/image\/\",\"url\":\"https:\/\/www.sonoraenequipo.com.mx\/storage\/2019\/01\/sonoraenequipo_opt.png\",\"contentUrl\":\"https:\/\/www.sonoraenequipo.com.mx\/storage\/2019\/01\/sonoraenequipo_opt.png\",\"width\":375,\"height\":125,\"caption\":\"Sonoraenequipo.com.mx\"},\"image\":{\"@id\":\"https:\/\/www.sonoraenequipo.com.mx\/#\/schema\/logo\/image\/\"},\"sameAs\":[\"https:\/\/www.facebook.com\/SonoraEE\/\",\"https:\/\/x.com\/sonoraenequipo\",\"https:\/\/www.youtube.com\/channel\/UC338nW-lPEYmJQs4ZABQ1SQ\"]},{\"@type\":\"Person\",\"@id\":\"https:\/\/www.sonoraenequipo.com.mx\/#\/schema\/person\/50102df0fb23a8fa9e8effad8fa81386\",\"name\":\"enequipo\",\"image\":{\"@type\":\"ImageObject\",\"inLanguage\":\"es\",\"@id\":\"https:\/\/www.sonoraenequipo.com.mx\/#\/schema\/person\/image\/\",\"url\":\"https:\/\/secure.gravatar.com\/avatar\/049821681b589dabc0bc20695993ccebb09f5b5d4d790cd9251b97faac7c652b?s=96&d=blank&r=g\",\"contentUrl\":\"https:\/\/secure.gravatar.com\/avatar\/049821681b589dabc0bc20695993ccebb09f5b5d4d790cd9251b97faac7c652b?s=96&d=blank&r=g\",\"caption\":\"enequipo\"},\"sameAs\":[\"https:\/\/www.facebook.com\/SonoraEE\"]}]}<\/script>\n ","yoast_head_json":{"title":"Sonora en Equipo. Apoya Unison a estudiantes de comunidades ind\u00edgenas Sonora","description":"HERMOSILLO, SONORA. MX. \u2014 A fin de garantizar el acceso a la educaci\u00f3n superior a integrantes de comunidades ind\u00edgenas, la Universidad de Sonora aprob\u00f3 e En Sonora en Equipo publicamos toda la informaci\u00f3n de Sonora, M\u00e9xico y el Mundo de manera oportuna y busca que la libertad de expresi\u00f3n sea real. Visita nuestro medio informativo publicado desde Hermosillo, Sonora. %","robots":{"index":"index","follow":"follow","max-snippet":"max-snippet:-1","max-image-preview":"max-image-preview:large","max-video-preview":"max-video-preview:-1"},"canonical":"https:\/\/www.sonoraenequipo.com.mx\/apoya-unison-a-estudiantes-de-comunidades-indigenas\/","og_locale":"es_ES","og_type":"article","og_title":"Sonora en Equipo. Apoya Unison a estudiantes de comunidades ind\u00edgenas Sonora","og_description":"HERMOSILLO, SONORA. MX. \u2014 A fin de garantizar el acceso a la educaci\u00f3n superior a integrantes de comunidades ind\u00edgenas, la Universidad de Sonora aprob\u00f3 e En Sonora en Equipo publicamos toda la informaci\u00f3n de Sonora, M\u00e9xico y el Mundo de manera oportuna y busca que la libertad de expresi\u00f3n sea real. Visita nuestro medio informativo publicado desde Hermosillo, Sonora. %","og_url":"https:\/\/www.sonoraenequipo.com.mx\/apoya-unison-a-estudiantes-de-comunidades-indigenas\/","og_site_name":"Sonora en Equipo.","article_publisher":"https:\/\/www.facebook.com\/SonoraEE\/","article_author":"https:\/\/www.facebook.com\/SonoraEE","article_published_time":"2022-05-16T23:20:16+00:00","article_modified_time":"2022-05-17T04:19:07+00:00","og_image":[{"width":700,"height":400,"url":"https:\/\/www.sonoraenequipo.com.mx\/storage\/2022\/05\/acuerdo-del-colegio-comunidades-indigenas.jpg","type":"image\/jpeg"}],"author":"enequipo","twitter_card":"summary_large_image","twitter_creator":"@sonoraenequipo","twitter_site":"@sonoraenequipo","twitter_misc":{"Escrito por":"enequipo","Tiempo de lectura":"3 minutos"},"schema":{"@context":"https:\/\/schema.org","@graph":[{"@type":"Article","@id":"https:\/\/www.sonoraenequipo.com.mx\/apoya-unison-a-estudiantes-de-comunidades-indigenas\/#article","isPartOf":{"@id":"https:\/\/www.sonoraenequipo.com.mx\/apoya-unison-a-estudiantes-de-comunidades-indigenas\/"},"author":{"name":"enequipo","@id":"https:\/\/www.sonoraenequipo.com.mx\/#\/schema\/person\/50102df0fb23a8fa9e8effad8fa81386"},"headline":"Apoya Unison a estudiantes de comunidades ind\u00edgenas","datePublished":"2022-05-16T23:20:16+00:00","dateModified":"2022-05-17T04:19:07+00:00","mainEntityOfPage":{"@id":"https:\/\/www.sonoraenequipo.com.mx\/apoya-unison-a-estudiantes-de-comunidades-indigenas\/"},"wordCount":628,"commentCount":0,"publisher":{"@id":"https:\/\/www.sonoraenequipo.com.mx\/#organization"},"image":{"@id":"https:\/\/www.sonoraenequipo.com.mx\/apoya-unison-a-estudiantes-de-comunidades-indigenas\/#primaryimage"},"thumbnailUrl":"https:\/\/www.sonoraenequipo.com.mx\/storage\/2022\/05\/acuerdo-del-colegio-comunidades-indigenas.jpg","articleSection":["Sonora"],"inLanguage":"es","potentialAction":[{"@type":"CommentAction","name":"Comment","target":["https:\/\/www.sonoraenequipo.com.mx\/apoya-unison-a-estudiantes-de-comunidades-indigenas\/#respond"]}]},{"@type":"WebPage","@id":"https:\/\/www.sonoraenequipo.com.mx\/apoya-unison-a-estudiantes-de-comunidades-indigenas\/","url":"https:\/\/www.sonoraenequipo.com.mx\/apoya-unison-a-estudiantes-de-comunidades-indigenas\/","name":"Sonora en Equipo. Apoya Unison a estudiantes de comunidades ind\u00edgenas Sonora","isPartOf":{"@id":"https:\/\/www.sonoraenequipo.com.mx\/#website"},"primaryImageOfPage":{"@id":"https:\/\/www.sonoraenequipo.com.mx\/apoya-unison-a-estudiantes-de-comunidades-indigenas\/#primaryimage"},"image":{"@id":"https:\/\/www.sonoraenequipo.com.mx\/apoya-unison-a-estudiantes-de-comunidades-indigenas\/#primaryimage"},"thumbnailUrl":"https:\/\/www.sonoraenequipo.com.mx\/storage\/2022\/05\/acuerdo-del-colegio-comunidades-indigenas.jpg","datePublished":"2022-05-16T23:20:16+00:00","dateModified":"2022-05-17T04:19:07+00:00","description":"HERMOSILLO, SONORA. MX. \u2014 A fin de garantizar el acceso a la educaci\u00f3n superior a integrantes de comunidades ind\u00edgenas, la Universidad de Sonora aprob\u00f3 e En Sonora en Equipo publicamos toda la informaci\u00f3n de Sonora, M\u00e9xico y el Mundo de manera oportuna y busca que la libertad de expresi\u00f3n sea real. Visita nuestro medio informativo publicado desde Hermosillo, Sonora. %","breadcrumb":{"@id":"https:\/\/www.sonoraenequipo.com.mx\/apoya-unison-a-estudiantes-de-comunidades-indigenas\/#breadcrumb"},"inLanguage":"es","potentialAction":[{"@type":"ReadAction","target":["https:\/\/www.sonoraenequipo.com.mx\/apoya-unison-a-estudiantes-de-comunidades-indigenas\/"]}]},{"@type":"ImageObject","inLanguage":"es","@id":"https:\/\/www.sonoraenequipo.com.mx\/apoya-unison-a-estudiantes-de-comunidades-indigenas\/#primaryimage","url":"https:\/\/www.sonoraenequipo.com.mx\/storage\/2022\/05\/acuerdo-del-colegio-comunidades-indigenas.jpg","contentUrl":"https:\/\/www.sonoraenequipo.com.mx\/storage\/2022\/05\/acuerdo-del-colegio-comunidades-indigenas.jpg","width":700,"height":400},{"@type":"BreadcrumbList","@id":"https:\/\/www.sonoraenequipo.com.mx\/apoya-unison-a-estudiantes-de-comunidades-indigenas\/#breadcrumb","itemListElement":[{"@type":"ListItem","position":1,"name":"Portada","item":"https:\/\/www.sonoraenequipo.com.mx\/"},{"@type":"ListItem","position":2,"name":"Apoya Unison a estudiantes de comunidades ind\u00edgenas"}]},{"@type":"WebSite","@id":"https:\/\/www.sonoraenequipo.com.mx\/#website","url":"https:\/\/www.sonoraenequipo.com.mx\/","name":"Sonora en Equipo.","description":"Diario en l\u00ednea con Noticias desde Hermosillo, Sonora","publisher":{"@id":"https:\/\/www.sonoraenequipo.com.mx\/#organization"},"potentialAction":[{"@type":"SearchAction","target":{"@type":"EntryPoint","urlTemplate":"https:\/\/www.sonoraenequipo.com.mx\/?s={search_term_string}"},"query-input":{"@type":"PropertyValueSpecification","valueRequired":true,"valueName":"search_term_string"}}],"inLanguage":"es"},{"@type":"Organization","@id":"https:\/\/www.sonoraenequipo.com.mx\/#organization","name":"Sonoraenequipo.com.mx","url":"https:\/\/www.sonoraenequipo.com.mx\/","logo":{"@type":"ImageObject","inLanguage":"es","@id":"https:\/\/www.sonoraenequipo.com.mx\/#\/schema\/logo\/image\/","url":"https:\/\/www.sonoraenequipo.com.mx\/storage\/2019\/01\/sonoraenequipo_opt.png","contentUrl":"https:\/\/www.sonoraenequipo.com.mx\/storage\/2019\/01\/sonoraenequipo_opt.png","width":375,"height":125,"caption":"Sonoraenequipo.com.mx"},"image":{"@id":"https:\/\/www.sonoraenequipo.com.mx\/#\/schema\/logo\/image\/"},"sameAs":["https:\/\/www.facebook.com\/SonoraEE\/","https:\/\/x.com\/sonoraenequipo","https:\/\/www.youtube.com\/channel\/UC338nW-lPEYmJQs4ZABQ1SQ"]},{"@type":"Person","@id":"https:\/\/www.sonoraenequipo.com.mx\/#\/schema\/person\/50102df0fb23a8fa9e8effad8fa81386","name":"enequipo","image":{"@type":"ImageObject","inLanguage":"es","@id":"https:\/\/www.sonoraenequipo.com.mx\/#\/schema\/person\/image\/","url":"https:\/\/secure.gravatar.com\/avatar\/049821681b589dabc0bc20695993ccebb09f5b5d4d790cd9251b97faac7c652b?s=96&d=blank&r=g","contentUrl":"https:\/\/secure.gravatar.com\/avatar\/049821681b589dabc0bc20695993ccebb09f5b5d4d790cd9251b97faac7c652b?s=96&d=blank&r=g","caption":"enequipo"},"sameAs":["https:\/\/www.facebook.com\/SonoraEE"]}]}},"jetpack_featured_media_url":"https:\/\/www.sonoraenequipo.com.mx\/storage\/2022\/05\/acuerdo-del-colegio-comunidades-indigenas.jpg","_links":{"self":[{"href":"https:\/\/www.sonoraenequipo.com.mx\/api\/wp\/v2\/posts\/138652","targetHints":{"allow":["GET"]}}],"collection":[{"href":"https:\/\/www.sonoraenequipo.com.mx\/api\/wp\/v2\/posts"}],"about":[{"href":"https:\/\/www.sonoraenequipo.com.mx\/api\/wp\/v2\/types\/post"}],"author":[{"embeddable":true,"href":"https:\/\/www.sonoraenequipo.com.mx\/api\/wp\/v2\/users\/1"}],"replies":[{"embeddable":true,"href":"https:\/\/www.sonoraenequipo.com.mx\/api\/wp\/v2\/comments?post=138652"}],"version-history":[{"count":1,"href":"https:\/\/www.sonoraenequipo.com.mx\/api\/wp\/v2\/posts\/138652\/revisions"}],"predecessor-version":[{"id":138653,"href":"https:\/\/www.sonoraenequipo.com.mx\/api\/wp\/v2\/posts\/138652\/revisions\/138653"}],"wp:featuredmedia":[{"embeddable":true,"href":"https:\/\/www.sonoraenequipo.com.mx\/api\/wp\/v2\/media\/138642"}],"wp:attachment":[{"href":"https:\/\/www.sonoraenequipo.com.mx\/api\/wp\/v2\/media?parent=138652"}],"wp:term":[{"taxonomy":"category","embeddable":true,"href":"https:\/\/www.sonoraenequipo.com.mx\/api\/wp\/v2\/categories?post=138652"},{"taxonomy":"post_tag","embeddable":true,"href":"https:\/\/www.sonoraenequipo.com.mx\/api\/wp\/v2\/tags?post=138652"}],"curies":[{"name":"wp","href":"https:\/\/api.w.org\/{rel}","templated":true}]}}