{"id":138673,"date":"2022-05-13T21:00:30","date_gmt":"2022-05-14T04:00:30","guid":{"rendered":"https:\/\/www.sonoraenequipo.com.mx\/?p=138673"},"modified":"2022-05-17T09:58:17","modified_gmt":"2022-05-17T16:58:17","slug":"destinaran-700-mdp-para-obra-hidraulica-en-cananea-y-nacozari","status":"publish","type":"post","link":"https:\/\/www.sonoraenequipo.com.mx\/destinaran-700-mdp-para-obra-hidraulica-en-cananea-y-nacozari\/","title":{"rendered":"Destinar\u00e1n 700 mdp para obra hidr\u00e1ulica en Cananea y Nacozari"},"content":{"rendered":"<p><strong>HERMOSILLO, SONORA. MX. \u2014 <\/strong>Una miner\u00eda responsable y socialmente comprometida beneficiar\u00e1 tanto a la industria como a los sonorenses, afirm\u00f3 el gobernador Alfonso Durazo Monta\u00f1o, al dar a conocer la inversi\u00f3n de m\u00e1s de 700 millones de pesos para obra h\u00eddrica en Cananea y Nacozari, en conjunto con Grupo M\u00e9xico.<\/p>\n<p>&nbsp;<\/p>\n<p> <\/p>\n<p>&nbsp;<\/p>\n<p>El mandatario estatal revel\u00f3 lo anterior en el marco de la inauguraci\u00f3n del primer seminario Futuro de la Inversi\u00f3n de la Miner\u00eda Mexicana, evento donde explic\u00f3 que ser\u00e1n 670 millones de pesos los que se ejercer\u00e1n en Cananea, mientras que en Nacozari se invertir\u00e1n 50 millones m\u00e1s.<\/p>\n<p>&nbsp;<\/p>\n<p>&nbsp;<\/p>\n<p><em>\u201cLes informo a ustedes que la inversi\u00f3n que se har\u00e1 en Cananea con el respaldo del Grupo M\u00e9xico, para garantizar un abasto suficiente, oportuno, de calidad de agua en esa comunidad, asciende a 670 millones de pesos\u201d,<\/em> destac\u00f3.<\/p>\n<p>&nbsp;<\/p>\n<p>&nbsp;<\/p>\n<p>Expuso que esos recursos van a permitir recuperar el sistema de distribuci\u00f3n de agua, los pozos de abastecimiento, el equipamiento para potabilizar el agua y la red de distribuci\u00f3n.<\/p>\n<p>&nbsp;<\/p>\n<p>&nbsp;<\/p>\n<p>Como seguimiento a una reuni\u00f3n previa con Xavier Garc\u00eda de Quevedo, vicepresidente Ejecutivo de Grupo M\u00e9xico, el mandatario expuso que este recurso se ejercer\u00e1 a lo largo de este 2022 e inicios de 2023.<\/p>\n<p>&nbsp;<\/p>\n<p>&nbsp;<\/p>\n<p>En este contexto, el titular del Ejecutivo sonorense hizo un llamado a las empresas del gremio minero a actuar con un sentido de responsabilidad social, mientras que el gobierno trabajar\u00e1 para que la inversi\u00f3n en Sonora sea rentable a quienes apuesten por la entidad, lo que ayudar\u00e1 a crear m\u00e1s de empleos y a aumentar la actividad econ\u00f3mica.<\/p>\n<p>&nbsp;<\/p>\n<p>&nbsp;<\/p>\n<p><em>\u201cCelebro que empresas mineras, usualmente se\u00f1aladas por la afectaci\u00f3n al medio ambiente, tengan este nivel de compromiso social, de responsabilidad social, que hoy nos muestra con estas decisiones Grupo M\u00e9xico. Las celebro\u201d<\/em>, asegur\u00f3.<\/p>\n<p>&nbsp;<\/p>\n<p>&nbsp;<\/p>\n<p>Por su parte, Sergio Almaz\u00e1n Esqueda, presidente del Consejo Directivo Nacional de la Asociaci\u00f3n de Ingenieros de Minas, Metalurgistas y Ge\u00f3logos de M\u00e9xico, A. C., afirm\u00f3 que las empresas mineras son grandes generadoras de empleo y su actividad constituye cerca del 10 por ciento del Producto Interno Bruto estatal, lo que se debe al compromiso de trabajar en sinergia con las autoridades, a quienes asegur\u00f3 su apoyo.<\/p>\n<p>&nbsp;<\/p>\n<p>&nbsp;<\/p>\n<p>\u201cReiteramos nuestro compromiso para trabajar conjuntamente con nuestras autoridades para que las pol\u00edticas p\u00fablicas en Sonora y en M\u00e9xico se encaminen hacia el verdadero fortalecimiento del sector, hacia el aprovechamiento ejemplar y sostenible de los recursos minerales de la naci\u00f3n\u201d, dijo.<\/p>\n<p>&nbsp;<\/p>\n<p>&nbsp;<\/p>\n<p>Presentes: Jos\u00e9 Jaime Guti\u00e9rrez N\u00fa\u00f1ez, expresidente de la C\u00e1mara Minera de M\u00e9xico (Camimex); Xavier Garc\u00eda de Quevedo, vicepresidente ejecutivo de Grupo M\u00e9xico; Armando Villa Ordu\u00f1o, secretario de Econom\u00eda y Ram\u00f3n Luna Espinoza, presidente del distrito Sonora de la Asociaci\u00f3n de Ingenieros de Minas, Metalurgistas y Ge\u00f3logos de M\u00e9xico.<\/p>\n<p>&nbsp;<\/p>\n<p>&nbsp;<\/p>\n<p>(Publicada el 12\/05\/2022<\/p>\n","protected":false},"excerpt":{"rendered":"<p>HERMOSILLO, SONORA. MX. \u2014 Una miner\u00eda responsable y socialmente comprometida beneficiar\u00e1 tanto a la industria&#8230;<\/p>\n","protected":false},"author":1,"featured_media":138671,"comment_status":"open","ping_status":"open","sticky":false,"template":"","format":"standard","meta":{"_monsterinsights_skip_tracking":false,"_monsterinsights_sitenote_active":false,"_monsterinsights_sitenote_note":"","_monsterinsights_sitenote_category":0,"footnotes":""},"categories":[22],"tags":[],"class_list":["post"],"yoast_head":" \n<title>Sonora en Equipo. Destinar\u00e1n 700 mdp para obra hidr\u00e1ulica en Cananea y Nacozari Sonora<\/title>\n<meta name=\"description\" content=\"HERMOSILLO, SONORA. MX. \u2014 Una miner\u00eda responsable y socialmente comprometida beneficiar\u00e1 tanto a la industria como a los sonorenses, afirm\u00f3 el gobernador En Sonora en Equipo publicamos toda la informaci\u00f3n de Sonora, M\u00e9xico y el Mundo de manera oportuna y busca que la libertad de expresi\u00f3n sea real. Visita nuestro medio informativo publicado desde Hermosillo, Sonora. %\" \/>\n<meta name=\"robots\" content=\"index, follow, max-snippet:-1, max-image-preview:large, max-video-preview:-1\" \/>\n<link rel=\"canonical\" href=\"https:\/\/www.sonoraenequipo.com.mx\/destinaran-700-mdp-para-obra-hidraulica-en-cananea-y-nacozari\/\" \/>\n<meta property=\"og:locale\" content=\"es_ES\" \/>\n<meta property=\"og:type\" content=\"article\" \/>\n<meta property=\"og:title\" content=\"Sonora en Equipo. Destinar\u00e1n 700 mdp para obra hidr\u00e1ulica en Cananea y Nacozari Sonora\" \/>\n<meta property=\"og:description\" content=\"HERMOSILLO, SONORA. MX. \u2014 Una miner\u00eda responsable y socialmente comprometida beneficiar\u00e1 tanto a la industria como a los sonorenses, afirm\u00f3 el gobernador En Sonora en Equipo publicamos toda la informaci\u00f3n de Sonora, M\u00e9xico y el Mundo de manera oportuna y busca que la libertad de expresi\u00f3n sea real. Visita nuestro medio informativo publicado desde Hermosillo, Sonora. %\" \/>\n<meta property=\"og:url\" content=\"https:\/\/www.sonoraenequipo.com.mx\/destinaran-700-mdp-para-obra-hidraulica-en-cananea-y-nacozari\/\" \/>\n<meta property=\"og:site_name\" content=\"Sonora en Equipo.\" \/>\n<meta property=\"article:publisher\" content=\"https:\/\/www.facebook.com\/SonoraEE\/\" \/>\n<meta property=\"article:author\" content=\"https:\/\/www.facebook.com\/SonoraEE\" \/>\n<meta property=\"article:published_time\" content=\"2022-05-14T04:00:30+00:00\" \/>\n<meta property=\"article:modified_time\" content=\"2022-05-17T16:58:17+00:00\" \/>\n<meta property=\"og:image\" content=\"https:\/\/www.sonoraenequipo.com.mx\/storage\/2022\/05\/Sonora-primer-lugar-nacional-en-conectividad-de-internet.jpg\" \/>\n\t<meta property=\"og:image:width\" content=\"700\" \/>\n\t<meta property=\"og:image:height\" content=\"400\" \/>\n\t<meta property=\"og:image:type\" content=\"image\/jpeg\" \/>\n<meta name=\"author\" content=\"enequipo\" \/>\n<meta name=\"twitter:card\" content=\"summary_large_image\" \/>\n<meta name=\"twitter:creator\" content=\"@sonoraenequipo\" \/>\n<meta name=\"twitter:site\" content=\"@sonoraenequipo\" \/>\n<meta name=\"twitter:label1\" content=\"Escrito por\" \/>\n\t<meta name=\"twitter:data1\" content=\"enequipo\" \/>\n\t<meta name=\"twitter:label2\" content=\"Tiempo de lectura\" \/>\n\t<meta name=\"twitter:data2\" content=\"3 minutos\" \/>\n<script type=\"application\/ld+json\" class=\"yoast-schema-graph\">{\"@context\":\"https:\/\/schema.org\",\"@graph\":[{\"@type\":\"Article\",\"@id\":\"https:\/\/www.sonoraenequipo.com.mx\/destinaran-700-mdp-para-obra-hidraulica-en-cananea-y-nacozari\/#article\",\"isPartOf\":{\"@id\":\"https:\/\/www.sonoraenequipo.com.mx\/destinaran-700-mdp-para-obra-hidraulica-en-cananea-y-nacozari\/\"},\"author\":{\"name\":\"enequipo\",\"@id\":\"https:\/\/www.sonoraenequipo.com.mx\/#\/schema\/person\/50102df0fb23a8fa9e8effad8fa81386\"},\"headline\":\"Destinar\u00e1n 700 mdp para obra hidr\u00e1ulica en Cananea y Nacozari\",\"datePublished\":\"2022-05-14T04:00:30+00:00\",\"dateModified\":\"2022-05-17T16:58:17+00:00\",\"mainEntityOfPage\":{\"@id\":\"https:\/\/www.sonoraenequipo.com.mx\/destinaran-700-mdp-para-obra-hidraulica-en-cananea-y-nacozari\/\"},\"wordCount\":516,\"commentCount\":0,\"publisher\":{\"@id\":\"https:\/\/www.sonoraenequipo.com.mx\/#organization\"},\"image\":{\"@id\":\"https:\/\/www.sonoraenequipo.com.mx\/destinaran-700-mdp-para-obra-hidraulica-en-cananea-y-nacozari\/#primaryimage\"},\"thumbnailUrl\":\"https:\/\/www.sonoraenequipo.com.mx\/storage\/2022\/05\/Sonora-primer-lugar-nacional-en-conectividad-de-internet.jpg\",\"articleSection\":[\"Sonora\"],\"inLanguage\":\"es\",\"potentialAction\":[{\"@type\":\"CommentAction\",\"name\":\"Comment\",\"target\":[\"https:\/\/www.sonoraenequipo.com.mx\/destinaran-700-mdp-para-obra-hidraulica-en-cananea-y-nacozari\/#respond\"]}]},{\"@type\":\"WebPage\",\"@id\":\"https:\/\/www.sonoraenequipo.com.mx\/destinaran-700-mdp-para-obra-hidraulica-en-cananea-y-nacozari\/\",\"url\":\"https:\/\/www.sonoraenequipo.com.mx\/destinaran-700-mdp-para-obra-hidraulica-en-cananea-y-nacozari\/\",\"name\":\"Sonora en Equipo. Destinar\u00e1n 700 mdp para obra hidr\u00e1ulica en Cananea y Nacozari Sonora\",\"isPartOf\":{\"@id\":\"https:\/\/www.sonoraenequipo.com.mx\/#website\"},\"primaryImageOfPage\":{\"@id\":\"https:\/\/www.sonoraenequipo.com.mx\/destinaran-700-mdp-para-obra-hidraulica-en-cananea-y-nacozari\/#primaryimage\"},\"image\":{\"@id\":\"https:\/\/www.sonoraenequipo.com.mx\/destinaran-700-mdp-para-obra-hidraulica-en-cananea-y-nacozari\/#primaryimage\"},\"thumbnailUrl\":\"https:\/\/www.sonoraenequipo.com.mx\/storage\/2022\/05\/Sonora-primer-lugar-nacional-en-conectividad-de-internet.jpg\",\"datePublished\":\"2022-05-14T04:00:30+00:00\",\"dateModified\":\"2022-05-17T16:58:17+00:00\",\"description\":\"HERMOSILLO, SONORA. MX. \u2014 Una miner\u00eda responsable y socialmente comprometida beneficiar\u00e1 tanto a la industria como a los sonorenses, afirm\u00f3 el gobernador En Sonora en Equipo publicamos toda la informaci\u00f3n de Sonora, M\u00e9xico y el Mundo de manera oportuna y busca que la libertad de expresi\u00f3n sea real. Visita nuestro medio informativo publicado desde Hermosillo, Sonora. %\",\"breadcrumb\":{\"@id\":\"https:\/\/www.sonoraenequipo.com.mx\/destinaran-700-mdp-para-obra-hidraulica-en-cananea-y-nacozari\/#breadcrumb\"},\"inLanguage\":\"es\",\"potentialAction\":[{\"@type\":\"ReadAction\",\"target\":[\"https:\/\/www.sonoraenequipo.com.mx\/destinaran-700-mdp-para-obra-hidraulica-en-cananea-y-nacozari\/\"]}]},{\"@type\":\"ImageObject\",\"inLanguage\":\"es\",\"@id\":\"https:\/\/www.sonoraenequipo.com.mx\/destinaran-700-mdp-para-obra-hidraulica-en-cananea-y-nacozari\/#primaryimage\",\"url\":\"https:\/\/www.sonoraenequipo.com.mx\/storage\/2022\/05\/Sonora-primer-lugar-nacional-en-conectividad-de-internet.jpg\",\"contentUrl\":\"https:\/\/www.sonoraenequipo.com.mx\/storage\/2022\/05\/Sonora-primer-lugar-nacional-en-conectividad-de-internet.jpg\",\"width\":700,\"height\":400},{\"@type\":\"BreadcrumbList\",\"@id\":\"https:\/\/www.sonoraenequipo.com.mx\/destinaran-700-mdp-para-obra-hidraulica-en-cananea-y-nacozari\/#breadcrumb\",\"itemListElement\":[{\"@type\":\"ListItem\",\"position\":1,\"name\":\"Portada\",\"item\":\"https:\/\/www.sonoraenequipo.com.mx\/\"},{\"@type\":\"ListItem\",\"position\":2,\"name\":\"Destinar\u00e1n 700 mdp para obra hidr\u00e1ulica en Cananea y Nacozari\"}]},{\"@type\":\"WebSite\",\"@id\":\"https:\/\/www.sonoraenequipo.com.mx\/#website\",\"url\":\"https:\/\/www.sonoraenequipo.com.mx\/\",\"name\":\"Sonora en Equipo.\",\"description\":\"Diario en l\u00ednea con Noticias desde Hermosillo, Sonora\",\"publisher\":{\"@id\":\"https:\/\/www.sonoraenequipo.com.mx\/#organization\"},\"potentialAction\":[{\"@type\":\"SearchAction\",\"target\":{\"@type\":\"EntryPoint\",\"urlTemplate\":\"https:\/\/www.sonoraenequipo.com.mx\/?s={search_term_string}\"},\"query-input\":{\"@type\":\"PropertyValueSpecification\",\"valueRequired\":true,\"valueName\":\"search_term_string\"}}],\"inLanguage\":\"es\"},{\"@type\":\"Organization\",\"@id\":\"https:\/\/www.sonoraenequipo.com.mx\/#organization\",\"name\":\"Sonoraenequipo.com.mx\",\"url\":\"https:\/\/www.sonoraenequipo.com.mx\/\",\"logo\":{\"@type\":\"ImageObject\",\"inLanguage\":\"es\",\"@id\":\"https:\/\/www.sonoraenequipo.com.mx\/#\/schema\/logo\/image\/\",\"url\":\"https:\/\/www.sonoraenequipo.com.mx\/storage\/2019\/01\/sonoraenequipo_opt.png\",\"contentUrl\":\"https:\/\/www.sonoraenequipo.com.mx\/storage\/2019\/01\/sonoraenequipo_opt.png\",\"width\":375,\"height\":125,\"caption\":\"Sonoraenequipo.com.mx\"},\"image\":{\"@id\":\"https:\/\/www.sonoraenequipo.com.mx\/#\/schema\/logo\/image\/\"},\"sameAs\":[\"https:\/\/www.facebook.com\/SonoraEE\/\",\"https:\/\/x.com\/sonoraenequipo\",\"https:\/\/www.youtube.com\/channel\/UC338nW-lPEYmJQs4ZABQ1SQ\"]},{\"@type\":\"Person\",\"@id\":\"https:\/\/www.sonoraenequipo.com.mx\/#\/schema\/person\/50102df0fb23a8fa9e8effad8fa81386\",\"name\":\"enequipo\",\"image\":{\"@type\":\"ImageObject\",\"inLanguage\":\"es\",\"@id\":\"https:\/\/www.sonoraenequipo.com.mx\/#\/schema\/person\/image\/\",\"url\":\"https:\/\/secure.gravatar.com\/avatar\/049821681b589dabc0bc20695993ccebb09f5b5d4d790cd9251b97faac7c652b?s=96&d=blank&r=g\",\"contentUrl\":\"https:\/\/secure.gravatar.com\/avatar\/049821681b589dabc0bc20695993ccebb09f5b5d4d790cd9251b97faac7c652b?s=96&d=blank&r=g\",\"caption\":\"enequipo\"},\"sameAs\":[\"https:\/\/www.facebook.com\/SonoraEE\"]}]}<\/script>\n ","yoast_head_json":{"title":"Sonora en Equipo. Destinar\u00e1n 700 mdp para obra hidr\u00e1ulica en Cananea y Nacozari Sonora","description":"HERMOSILLO, SONORA. MX. \u2014 Una miner\u00eda responsable y socialmente comprometida beneficiar\u00e1 tanto a la industria como a los sonorenses, afirm\u00f3 el gobernador En Sonora en Equipo publicamos toda la informaci\u00f3n de Sonora, M\u00e9xico y el Mundo de manera oportuna y busca que la libertad de expresi\u00f3n sea real. Visita nuestro medio informativo publicado desde Hermosillo, Sonora. %","robots":{"index":"index","follow":"follow","max-snippet":"max-snippet:-1","max-image-preview":"max-image-preview:large","max-video-preview":"max-video-preview:-1"},"canonical":"https:\/\/www.sonoraenequipo.com.mx\/destinaran-700-mdp-para-obra-hidraulica-en-cananea-y-nacozari\/","og_locale":"es_ES","og_type":"article","og_title":"Sonora en Equipo. Destinar\u00e1n 700 mdp para obra hidr\u00e1ulica en Cananea y Nacozari Sonora","og_description":"HERMOSILLO, SONORA. MX. \u2014 Una miner\u00eda responsable y socialmente comprometida beneficiar\u00e1 tanto a la industria como a los sonorenses, afirm\u00f3 el gobernador En Sonora en Equipo publicamos toda la informaci\u00f3n de Sonora, M\u00e9xico y el Mundo de manera oportuna y busca que la libertad de expresi\u00f3n sea real. Visita nuestro medio informativo publicado desde Hermosillo, Sonora. %","og_url":"https:\/\/www.sonoraenequipo.com.mx\/destinaran-700-mdp-para-obra-hidraulica-en-cananea-y-nacozari\/","og_site_name":"Sonora en Equipo.","article_publisher":"https:\/\/www.facebook.com\/SonoraEE\/","article_author":"https:\/\/www.facebook.com\/SonoraEE","article_published_time":"2022-05-14T04:00:30+00:00","article_modified_time":"2022-05-17T16:58:17+00:00","og_image":[{"width":700,"height":400,"url":"https:\/\/www.sonoraenequipo.com.mx\/storage\/2022\/05\/Sonora-primer-lugar-nacional-en-conectividad-de-internet.jpg","type":"image\/jpeg"}],"author":"enequipo","twitter_card":"summary_large_image","twitter_creator":"@sonoraenequipo","twitter_site":"@sonoraenequipo","twitter_misc":{"Escrito por":"enequipo","Tiempo de lectura":"3 minutos"},"schema":{"@context":"https:\/\/schema.org","@graph":[{"@type":"Article","@id":"https:\/\/www.sonoraenequipo.com.mx\/destinaran-700-mdp-para-obra-hidraulica-en-cananea-y-nacozari\/#article","isPartOf":{"@id":"https:\/\/www.sonoraenequipo.com.mx\/destinaran-700-mdp-para-obra-hidraulica-en-cananea-y-nacozari\/"},"author":{"name":"enequipo","@id":"https:\/\/www.sonoraenequipo.com.mx\/#\/schema\/person\/50102df0fb23a8fa9e8effad8fa81386"},"headline":"Destinar\u00e1n 700 mdp para obra hidr\u00e1ulica en Cananea y Nacozari","datePublished":"2022-05-14T04:00:30+00:00","dateModified":"2022-05-17T16:58:17+00:00","mainEntityOfPage":{"@id":"https:\/\/www.sonoraenequipo.com.mx\/destinaran-700-mdp-para-obra-hidraulica-en-cananea-y-nacozari\/"},"wordCount":516,"commentCount":0,"publisher":{"@id":"https:\/\/www.sonoraenequipo.com.mx\/#organization"},"image":{"@id":"https:\/\/www.sonoraenequipo.com.mx\/destinaran-700-mdp-para-obra-hidraulica-en-cananea-y-nacozari\/#primaryimage"},"thumbnailUrl":"https:\/\/www.sonoraenequipo.com.mx\/storage\/2022\/05\/Sonora-primer-lugar-nacional-en-conectividad-de-internet.jpg","articleSection":["Sonora"],"inLanguage":"es","potentialAction":[{"@type":"CommentAction","name":"Comment","target":["https:\/\/www.sonoraenequipo.com.mx\/destinaran-700-mdp-para-obra-hidraulica-en-cananea-y-nacozari\/#respond"]}]},{"@type":"WebPage","@id":"https:\/\/www.sonoraenequipo.com.mx\/destinaran-700-mdp-para-obra-hidraulica-en-cananea-y-nacozari\/","url":"https:\/\/www.sonoraenequipo.com.mx\/destinaran-700-mdp-para-obra-hidraulica-en-cananea-y-nacozari\/","name":"Sonora en Equipo. Destinar\u00e1n 700 mdp para obra hidr\u00e1ulica en Cananea y Nacozari Sonora","isPartOf":{"@id":"https:\/\/www.sonoraenequipo.com.mx\/#website"},"primaryImageOfPage":{"@id":"https:\/\/www.sonoraenequipo.com.mx\/destinaran-700-mdp-para-obra-hidraulica-en-cananea-y-nacozari\/#primaryimage"},"image":{"@id":"https:\/\/www.sonoraenequipo.com.mx\/destinaran-700-mdp-para-obra-hidraulica-en-cananea-y-nacozari\/#primaryimage"},"thumbnailUrl":"https:\/\/www.sonoraenequipo.com.mx\/storage\/2022\/05\/Sonora-primer-lugar-nacional-en-conectividad-de-internet.jpg","datePublished":"2022-05-14T04:00:30+00:00","dateModified":"2022-05-17T16:58:17+00:00","description":"HERMOSILLO, SONORA. MX. \u2014 Una miner\u00eda responsable y socialmente comprometida beneficiar\u00e1 tanto a la industria como a los sonorenses, afirm\u00f3 el gobernador En Sonora en Equipo publicamos toda la informaci\u00f3n de Sonora, M\u00e9xico y el Mundo de manera oportuna y busca que la libertad de expresi\u00f3n sea real. Visita nuestro medio informativo publicado desde Hermosillo, Sonora. %","breadcrumb":{"@id":"https:\/\/www.sonoraenequipo.com.mx\/destinaran-700-mdp-para-obra-hidraulica-en-cananea-y-nacozari\/#breadcrumb"},"inLanguage":"es","potentialAction":[{"@type":"ReadAction","target":["https:\/\/www.sonoraenequipo.com.mx\/destinaran-700-mdp-para-obra-hidraulica-en-cananea-y-nacozari\/"]}]},{"@type":"ImageObject","inLanguage":"es","@id":"https:\/\/www.sonoraenequipo.com.mx\/destinaran-700-mdp-para-obra-hidraulica-en-cananea-y-nacozari\/#primaryimage","url":"https:\/\/www.sonoraenequipo.com.mx\/storage\/2022\/05\/Sonora-primer-lugar-nacional-en-conectividad-de-internet.jpg","contentUrl":"https:\/\/www.sonoraenequipo.com.mx\/storage\/2022\/05\/Sonora-primer-lugar-nacional-en-conectividad-de-internet.jpg","width":700,"height":400},{"@type":"BreadcrumbList","@id":"https:\/\/www.sonoraenequipo.com.mx\/destinaran-700-mdp-para-obra-hidraulica-en-cananea-y-nacozari\/#breadcrumb","itemListElement":[{"@type":"ListItem","position":1,"name":"Portada","item":"https:\/\/www.sonoraenequipo.com.mx\/"},{"@type":"ListItem","position":2,"name":"Destinar\u00e1n 700 mdp para obra hidr\u00e1ulica en Cananea y Nacozari"}]},{"@type":"WebSite","@id":"https:\/\/www.sonoraenequipo.com.mx\/#website","url":"https:\/\/www.sonoraenequipo.com.mx\/","name":"Sonora en Equipo.","description":"Diario en l\u00ednea con Noticias desde Hermosillo, Sonora","publisher":{"@id":"https:\/\/www.sonoraenequipo.com.mx\/#organization"},"potentialAction":[{"@type":"SearchAction","target":{"@type":"EntryPoint","urlTemplate":"https:\/\/www.sonoraenequipo.com.mx\/?s={search_term_string}"},"query-input":{"@type":"PropertyValueSpecification","valueRequired":true,"valueName":"search_term_string"}}],"inLanguage":"es"},{"@type":"Organization","@id":"https:\/\/www.sonoraenequipo.com.mx\/#organization","name":"Sonoraenequipo.com.mx","url":"https:\/\/www.sonoraenequipo.com.mx\/","logo":{"@type":"ImageObject","inLanguage":"es","@id":"https:\/\/www.sonoraenequipo.com.mx\/#\/schema\/logo\/image\/","url":"https:\/\/www.sonoraenequipo.com.mx\/storage\/2019\/01\/sonoraenequipo_opt.png","contentUrl":"https:\/\/www.sonoraenequipo.com.mx\/storage\/2019\/01\/sonoraenequipo_opt.png","width":375,"height":125,"caption":"Sonoraenequipo.com.mx"},"image":{"@id":"https:\/\/www.sonoraenequipo.com.mx\/#\/schema\/logo\/image\/"},"sameAs":["https:\/\/www.facebook.com\/SonoraEE\/","https:\/\/x.com\/sonoraenequipo","https:\/\/www.youtube.com\/channel\/UC338nW-lPEYmJQs4ZABQ1SQ"]},{"@type":"Person","@id":"https:\/\/www.sonoraenequipo.com.mx\/#\/schema\/person\/50102df0fb23a8fa9e8effad8fa81386","name":"enequipo","image":{"@type":"ImageObject","inLanguage":"es","@id":"https:\/\/www.sonoraenequipo.com.mx\/#\/schema\/person\/image\/","url":"https:\/\/secure.gravatar.com\/avatar\/049821681b589dabc0bc20695993ccebb09f5b5d4d790cd9251b97faac7c652b?s=96&d=blank&r=g","contentUrl":"https:\/\/secure.gravatar.com\/avatar\/049821681b589dabc0bc20695993ccebb09f5b5d4d790cd9251b97faac7c652b?s=96&d=blank&r=g","caption":"enequipo"},"sameAs":["https:\/\/www.facebook.com\/SonoraEE"]}]}},"jetpack_featured_media_url":"https:\/\/www.sonoraenequipo.com.mx\/storage\/2022\/05\/Sonora-primer-lugar-nacional-en-conectividad-de-internet.jpg","_links":{"self":[{"href":"https:\/\/www.sonoraenequipo.com.mx\/api\/wp\/v2\/posts\/138673","targetHints":{"allow":["GET"]}}],"collection":[{"href":"https:\/\/www.sonoraenequipo.com.mx\/api\/wp\/v2\/posts"}],"about":[{"href":"https:\/\/www.sonoraenequipo.com.mx\/api\/wp\/v2\/types\/post"}],"author":[{"embeddable":true,"href":"https:\/\/www.sonoraenequipo.com.mx\/api\/wp\/v2\/users\/1"}],"replies":[{"embeddable":true,"href":"https:\/\/www.sonoraenequipo.com.mx\/api\/wp\/v2\/comments?post=138673"}],"version-history":[{"count":1,"href":"https:\/\/www.sonoraenequipo.com.mx\/api\/wp\/v2\/posts\/138673\/revisions"}],"predecessor-version":[{"id":138674,"href":"https:\/\/www.sonoraenequipo.com.mx\/api\/wp\/v2\/posts\/138673\/revisions\/138674"}],"wp:featuredmedia":[{"embeddable":true,"href":"https:\/\/www.sonoraenequipo.com.mx\/api\/wp\/v2\/media\/138671"}],"wp:attachment":[{"href":"https:\/\/www.sonoraenequipo.com.mx\/api\/wp\/v2\/media?parent=138673"}],"wp:term":[{"taxonomy":"category","embeddable":true,"href":"https:\/\/www.sonoraenequipo.com.mx\/api\/wp\/v2\/categories?post=138673"},{"taxonomy":"post_tag","embeddable":true,"href":"https:\/\/www.sonoraenequipo.com.mx\/api\/wp\/v2\/tags?post=138673"}],"curies":[{"name":"wp","href":"https:\/\/api.w.org\/{rel}","templated":true}]}}