{"id":138675,"date":"2022-05-16T18:28:32","date_gmt":"2022-05-17T01:28:32","guid":{"rendered":"https:\/\/www.sonoraenequipo.com.mx\/?p=138675"},"modified":"2022-05-17T10:10:27","modified_gmt":"2022-05-17T17:10:27","slug":"lleva-isj-taller-de-oratoria-a-las-juventudes-de-moctezuma","status":"publish","type":"post","link":"https:\/\/www.sonoraenequipo.com.mx\/lleva-isj-taller-de-oratoria-a-las-juventudes-de-moctezuma\/","title":{"rendered":"Lleva ISJ taller de oratoria a las juventudes de Moctezuma"},"content":{"rendered":"<p><strong>MOCTEZUMA, SONORA. MX. \u2014<\/strong> Como parte del programa Xpr\u00e9sate, el Instituto Sonorense de la Juventud (ISJ) imparti\u00f3 este fin de semana un taller de oratoria a adolescentes y j\u00f3venes de la regi\u00f3n de Moctezuma, en el auditorio de la Universidad de la Sierra, por parte de Jorge Garc\u00eda Mendoza.<\/p>\n<p>&nbsp;<\/p>\n<p> <\/p>\n<p>&nbsp;<\/p>\n<p>El expositor es un joven de 25 a\u00f1os, egresado de la carrera de la licenciatura en Derecho por la Universidad de Sonora, quien el pasado 28 de abril se convirti\u00f3 en el primer sonorense en ganar un lugar en el Concurso Continental de Oratoria \u201cVoces 2030\u201d.<\/p>\n<p>&nbsp;<\/p>\n<p>&nbsp;<\/p>\n<p>Durante dos d\u00edas imparti\u00f3 t\u00e9cnicas de dominio esc\u00e9nico, t\u00e9cnica de oratoria y manejo expresivo, a cerca de 30 j\u00f3venes que estuvieron presentes en el auditorio principal de la Universidad de la Sierra, ubicada en Moctezuma.<\/p>\n<p>&nbsp;<\/p>\n<p>&nbsp;<\/p>\n<p><em>\u201cEs la primera vez que asisto a un curso de oratoria. Y muy agradecida con el Instituto Sonorense de la Juventud por traernos estos talleres, me pareci\u00f3 un curso muy completo porque aprend\u00ed de gesticulaci\u00f3n y sobre los tonos de voz; me gustar\u00eda que nos trajeran m\u00e1s cursos para reforzar los aspectos culturales\u201d,<\/em> expres\u00f3 Alejandra Durazo, alumna de la UniSierra de 19 a\u00f1os.<\/p>\n<p>&nbsp;<\/p>\n<p>&nbsp;<\/p>\n<p>Por su parte, el maestro Ricardo Arreola, de la carrera de Turismo, dijo que es una excelente oportunidad para que los j\u00f3venes puedan expresar sus emociones, ya que desgraciadamente no se cuenta con un centro cultural especifico que imparta esta disciplina. Pero reconoci\u00f3 que todo lo que desarrolle conocimiento para generar una identidad son semillas que se quedan sembradas en el intelecto de los muchachos.<\/p>\n<p>&nbsp;<\/p>\n<p>&nbsp;<\/p>\n<p>El ISJ, a trav\u00e9s de sus programas, est\u00e1 acercando sus talleres a las comunidades de todos los rincones de Sonora, y se llevar\u00e1 este curso y otros m\u00e1s, a los diferentes municipios que, por a\u00f1os, han estado olvidados en el tema de juventud.<\/p>\n<p>&nbsp;<\/p>\n<p>&nbsp;<\/p>\n<p>(Publicada el 16\/05\/2022<\/p>\n","protected":false},"excerpt":{"rendered":"<p>MOCTEZUMA, SONORA. MX. \u2014 Como parte del programa Xpr\u00e9sate, el Instituto Sonorense de la Juventud&#8230;<\/p>\n","protected":false},"author":1,"featured_media":138639,"comment_status":"open","ping_status":"open","sticky":false,"template":"","format":"standard","meta":{"_monsterinsights_skip_tracking":false,"_monsterinsights_sitenote_active":false,"_monsterinsights_sitenote_note":"","_monsterinsights_sitenote_category":0,"footnotes":""},"categories":[22],"tags":[],"class_list":["post"],"yoast_head":" \n<title>Sonora en Equipo. Lleva ISJ taller de oratoria a las juventudes de Moctezuma Sonora<\/title>\n<meta name=\"description\" content=\"MOCTEZUMA, SONORA. MX. \u2014 Como parte del programa Xpr\u00e9sate, el Instituto Sonorense de la Juventud (ISJ) imparti\u00f3 este fin de semana un taller de oratoria a En Sonora en Equipo publicamos toda la informaci\u00f3n de Sonora, M\u00e9xico y el Mundo de manera oportuna y busca que la libertad de expresi\u00f3n sea real. Visita nuestro medio informativo publicado desde Hermosillo, Sonora. %\" \/>\n<meta name=\"robots\" content=\"index, follow, max-snippet:-1, max-image-preview:large, max-video-preview:-1\" \/>\n<link rel=\"canonical\" href=\"https:\/\/www.sonoraenequipo.com.mx\/lleva-isj-taller-de-oratoria-a-las-juventudes-de-moctezuma\/\" \/>\n<meta property=\"og:locale\" content=\"es_ES\" \/>\n<meta property=\"og:type\" content=\"article\" \/>\n<meta property=\"og:title\" content=\"Sonora en Equipo. Lleva ISJ taller de oratoria a las juventudes de Moctezuma Sonora\" \/>\n<meta property=\"og:description\" content=\"MOCTEZUMA, SONORA. MX. \u2014 Como parte del programa Xpr\u00e9sate, el Instituto Sonorense de la Juventud (ISJ) imparti\u00f3 este fin de semana un taller de oratoria a En Sonora en Equipo publicamos toda la informaci\u00f3n de Sonora, M\u00e9xico y el Mundo de manera oportuna y busca que la libertad de expresi\u00f3n sea real. Visita nuestro medio informativo publicado desde Hermosillo, Sonora. %\" \/>\n<meta property=\"og:url\" content=\"https:\/\/www.sonoraenequipo.com.mx\/lleva-isj-taller-de-oratoria-a-las-juventudes-de-moctezuma\/\" \/>\n<meta property=\"og:site_name\" content=\"Sonora en Equipo.\" \/>\n<meta property=\"article:publisher\" content=\"https:\/\/www.facebook.com\/SonoraEE\/\" \/>\n<meta property=\"article:author\" content=\"https:\/\/www.facebook.com\/SonoraEE\" \/>\n<meta property=\"article:published_time\" content=\"2022-05-17T01:28:32+00:00\" \/>\n<meta property=\"article:modified_time\" content=\"2022-05-17T17:10:27+00:00\" \/>\n<meta property=\"og:image\" content=\"https:\/\/www.sonoraenequipo.com.mx\/storage\/2022\/05\/Lleva-ISJ-taller-de-oratoria-a-Moctezuma.jpg\" \/>\n\t<meta property=\"og:image:width\" content=\"700\" \/>\n\t<meta property=\"og:image:height\" content=\"400\" \/>\n\t<meta property=\"og:image:type\" content=\"image\/jpeg\" \/>\n<meta name=\"author\" content=\"enequipo\" \/>\n<meta name=\"twitter:card\" content=\"summary_large_image\" \/>\n<meta name=\"twitter:creator\" content=\"@sonoraenequipo\" \/>\n<meta name=\"twitter:site\" content=\"@sonoraenequipo\" \/>\n<meta name=\"twitter:label1\" content=\"Escrito por\" \/>\n\t<meta name=\"twitter:data1\" content=\"enequipo\" \/>\n\t<meta name=\"twitter:label2\" content=\"Tiempo de lectura\" \/>\n\t<meta name=\"twitter:data2\" content=\"2 minutos\" \/>\n<script type=\"application\/ld+json\" class=\"yoast-schema-graph\">{\"@context\":\"https:\/\/schema.org\",\"@graph\":[{\"@type\":\"Article\",\"@id\":\"https:\/\/www.sonoraenequipo.com.mx\/lleva-isj-taller-de-oratoria-a-las-juventudes-de-moctezuma\/#article\",\"isPartOf\":{\"@id\":\"https:\/\/www.sonoraenequipo.com.mx\/lleva-isj-taller-de-oratoria-a-las-juventudes-de-moctezuma\/\"},\"author\":{\"name\":\"enequipo\",\"@id\":\"https:\/\/www.sonoraenequipo.com.mx\/#\/schema\/person\/50102df0fb23a8fa9e8effad8fa81386\"},\"headline\":\"Lleva ISJ taller de oratoria a las juventudes de Moctezuma\",\"datePublished\":\"2022-05-17T01:28:32+00:00\",\"dateModified\":\"2022-05-17T17:10:27+00:00\",\"mainEntityOfPage\":{\"@id\":\"https:\/\/www.sonoraenequipo.com.mx\/lleva-isj-taller-de-oratoria-a-las-juventudes-de-moctezuma\/\"},\"wordCount\":337,\"commentCount\":0,\"publisher\":{\"@id\":\"https:\/\/www.sonoraenequipo.com.mx\/#organization\"},\"image\":{\"@id\":\"https:\/\/www.sonoraenequipo.com.mx\/lleva-isj-taller-de-oratoria-a-las-juventudes-de-moctezuma\/#primaryimage\"},\"thumbnailUrl\":\"https:\/\/www.sonoraenequipo.com.mx\/storage\/2022\/05\/Lleva-ISJ-taller-de-oratoria-a-Moctezuma.jpg\",\"articleSection\":[\"Sonora\"],\"inLanguage\":\"es\",\"potentialAction\":[{\"@type\":\"CommentAction\",\"name\":\"Comment\",\"target\":[\"https:\/\/www.sonoraenequipo.com.mx\/lleva-isj-taller-de-oratoria-a-las-juventudes-de-moctezuma\/#respond\"]}]},{\"@type\":\"WebPage\",\"@id\":\"https:\/\/www.sonoraenequipo.com.mx\/lleva-isj-taller-de-oratoria-a-las-juventudes-de-moctezuma\/\",\"url\":\"https:\/\/www.sonoraenequipo.com.mx\/lleva-isj-taller-de-oratoria-a-las-juventudes-de-moctezuma\/\",\"name\":\"Sonora en Equipo. Lleva ISJ taller de oratoria a las juventudes de Moctezuma Sonora\",\"isPartOf\":{\"@id\":\"https:\/\/www.sonoraenequipo.com.mx\/#website\"},\"primaryImageOfPage\":{\"@id\":\"https:\/\/www.sonoraenequipo.com.mx\/lleva-isj-taller-de-oratoria-a-las-juventudes-de-moctezuma\/#primaryimage\"},\"image\":{\"@id\":\"https:\/\/www.sonoraenequipo.com.mx\/lleva-isj-taller-de-oratoria-a-las-juventudes-de-moctezuma\/#primaryimage\"},\"thumbnailUrl\":\"https:\/\/www.sonoraenequipo.com.mx\/storage\/2022\/05\/Lleva-ISJ-taller-de-oratoria-a-Moctezuma.jpg\",\"datePublished\":\"2022-05-17T01:28:32+00:00\",\"dateModified\":\"2022-05-17T17:10:27+00:00\",\"description\":\"MOCTEZUMA, SONORA. MX. \u2014 Como parte del programa Xpr\u00e9sate, el Instituto Sonorense de la Juventud (ISJ) imparti\u00f3 este fin de semana un taller de oratoria a En Sonora en Equipo publicamos toda la informaci\u00f3n de Sonora, M\u00e9xico y el Mundo de manera oportuna y busca que la libertad de expresi\u00f3n sea real. Visita nuestro medio informativo publicado desde Hermosillo, Sonora. %\",\"breadcrumb\":{\"@id\":\"https:\/\/www.sonoraenequipo.com.mx\/lleva-isj-taller-de-oratoria-a-las-juventudes-de-moctezuma\/#breadcrumb\"},\"inLanguage\":\"es\",\"potentialAction\":[{\"@type\":\"ReadAction\",\"target\":[\"https:\/\/www.sonoraenequipo.com.mx\/lleva-isj-taller-de-oratoria-a-las-juventudes-de-moctezuma\/\"]}]},{\"@type\":\"ImageObject\",\"inLanguage\":\"es\",\"@id\":\"https:\/\/www.sonoraenequipo.com.mx\/lleva-isj-taller-de-oratoria-a-las-juventudes-de-moctezuma\/#primaryimage\",\"url\":\"https:\/\/www.sonoraenequipo.com.mx\/storage\/2022\/05\/Lleva-ISJ-taller-de-oratoria-a-Moctezuma.jpg\",\"contentUrl\":\"https:\/\/www.sonoraenequipo.com.mx\/storage\/2022\/05\/Lleva-ISJ-taller-de-oratoria-a-Moctezuma.jpg\",\"width\":700,\"height\":400},{\"@type\":\"BreadcrumbList\",\"@id\":\"https:\/\/www.sonoraenequipo.com.mx\/lleva-isj-taller-de-oratoria-a-las-juventudes-de-moctezuma\/#breadcrumb\",\"itemListElement\":[{\"@type\":\"ListItem\",\"position\":1,\"name\":\"Portada\",\"item\":\"https:\/\/www.sonoraenequipo.com.mx\/\"},{\"@type\":\"ListItem\",\"position\":2,\"name\":\"Lleva ISJ taller de oratoria a las juventudes de Moctezuma\"}]},{\"@type\":\"WebSite\",\"@id\":\"https:\/\/www.sonoraenequipo.com.mx\/#website\",\"url\":\"https:\/\/www.sonoraenequipo.com.mx\/\",\"name\":\"Sonora en Equipo.\",\"description\":\"Diario en l\u00ednea con Noticias desde Hermosillo, Sonora\",\"publisher\":{\"@id\":\"https:\/\/www.sonoraenequipo.com.mx\/#organization\"},\"potentialAction\":[{\"@type\":\"SearchAction\",\"target\":{\"@type\":\"EntryPoint\",\"urlTemplate\":\"https:\/\/www.sonoraenequipo.com.mx\/?s={search_term_string}\"},\"query-input\":{\"@type\":\"PropertyValueSpecification\",\"valueRequired\":true,\"valueName\":\"search_term_string\"}}],\"inLanguage\":\"es\"},{\"@type\":\"Organization\",\"@id\":\"https:\/\/www.sonoraenequipo.com.mx\/#organization\",\"name\":\"Sonoraenequipo.com.mx\",\"url\":\"https:\/\/www.sonoraenequipo.com.mx\/\",\"logo\":{\"@type\":\"ImageObject\",\"inLanguage\":\"es\",\"@id\":\"https:\/\/www.sonoraenequipo.com.mx\/#\/schema\/logo\/image\/\",\"url\":\"https:\/\/www.sonoraenequipo.com.mx\/storage\/2019\/01\/sonoraenequipo_opt.png\",\"contentUrl\":\"https:\/\/www.sonoraenequipo.com.mx\/storage\/2019\/01\/sonoraenequipo_opt.png\",\"width\":375,\"height\":125,\"caption\":\"Sonoraenequipo.com.mx\"},\"image\":{\"@id\":\"https:\/\/www.sonoraenequipo.com.mx\/#\/schema\/logo\/image\/\"},\"sameAs\":[\"https:\/\/www.facebook.com\/SonoraEE\/\",\"https:\/\/x.com\/sonoraenequipo\",\"https:\/\/www.youtube.com\/channel\/UC338nW-lPEYmJQs4ZABQ1SQ\"]},{\"@type\":\"Person\",\"@id\":\"https:\/\/www.sonoraenequipo.com.mx\/#\/schema\/person\/50102df0fb23a8fa9e8effad8fa81386\",\"name\":\"enequipo\",\"image\":{\"@type\":\"ImageObject\",\"inLanguage\":\"es\",\"@id\":\"https:\/\/www.sonoraenequipo.com.mx\/#\/schema\/person\/image\/\",\"url\":\"https:\/\/secure.gravatar.com\/avatar\/049821681b589dabc0bc20695993ccebb09f5b5d4d790cd9251b97faac7c652b?s=96&d=blank&r=g\",\"contentUrl\":\"https:\/\/secure.gravatar.com\/avatar\/049821681b589dabc0bc20695993ccebb09f5b5d4d790cd9251b97faac7c652b?s=96&d=blank&r=g\",\"caption\":\"enequipo\"},\"sameAs\":[\"https:\/\/www.facebook.com\/SonoraEE\"]}]}<\/script>\n ","yoast_head_json":{"title":"Sonora en Equipo. Lleva ISJ taller de oratoria a las juventudes de Moctezuma Sonora","description":"MOCTEZUMA, SONORA. MX. \u2014 Como parte del programa Xpr\u00e9sate, el Instituto Sonorense de la Juventud (ISJ) imparti\u00f3 este fin de semana un taller de oratoria a En Sonora en Equipo publicamos toda la informaci\u00f3n de Sonora, M\u00e9xico y el Mundo de manera oportuna y busca que la libertad de expresi\u00f3n sea real. Visita nuestro medio informativo publicado desde Hermosillo, Sonora. %","robots":{"index":"index","follow":"follow","max-snippet":"max-snippet:-1","max-image-preview":"max-image-preview:large","max-video-preview":"max-video-preview:-1"},"canonical":"https:\/\/www.sonoraenequipo.com.mx\/lleva-isj-taller-de-oratoria-a-las-juventudes-de-moctezuma\/","og_locale":"es_ES","og_type":"article","og_title":"Sonora en Equipo. Lleva ISJ taller de oratoria a las juventudes de Moctezuma Sonora","og_description":"MOCTEZUMA, SONORA. MX. \u2014 Como parte del programa Xpr\u00e9sate, el Instituto Sonorense de la Juventud (ISJ) imparti\u00f3 este fin de semana un taller de oratoria a En Sonora en Equipo publicamos toda la informaci\u00f3n de Sonora, M\u00e9xico y el Mundo de manera oportuna y busca que la libertad de expresi\u00f3n sea real. Visita nuestro medio informativo publicado desde Hermosillo, Sonora. %","og_url":"https:\/\/www.sonoraenequipo.com.mx\/lleva-isj-taller-de-oratoria-a-las-juventudes-de-moctezuma\/","og_site_name":"Sonora en Equipo.","article_publisher":"https:\/\/www.facebook.com\/SonoraEE\/","article_author":"https:\/\/www.facebook.com\/SonoraEE","article_published_time":"2022-05-17T01:28:32+00:00","article_modified_time":"2022-05-17T17:10:27+00:00","og_image":[{"width":700,"height":400,"url":"https:\/\/www.sonoraenequipo.com.mx\/storage\/2022\/05\/Lleva-ISJ-taller-de-oratoria-a-Moctezuma.jpg","type":"image\/jpeg"}],"author":"enequipo","twitter_card":"summary_large_image","twitter_creator":"@sonoraenequipo","twitter_site":"@sonoraenequipo","twitter_misc":{"Escrito por":"enequipo","Tiempo de lectura":"2 minutos"},"schema":{"@context":"https:\/\/schema.org","@graph":[{"@type":"Article","@id":"https:\/\/www.sonoraenequipo.com.mx\/lleva-isj-taller-de-oratoria-a-las-juventudes-de-moctezuma\/#article","isPartOf":{"@id":"https:\/\/www.sonoraenequipo.com.mx\/lleva-isj-taller-de-oratoria-a-las-juventudes-de-moctezuma\/"},"author":{"name":"enequipo","@id":"https:\/\/www.sonoraenequipo.com.mx\/#\/schema\/person\/50102df0fb23a8fa9e8effad8fa81386"},"headline":"Lleva ISJ taller de oratoria a las juventudes de Moctezuma","datePublished":"2022-05-17T01:28:32+00:00","dateModified":"2022-05-17T17:10:27+00:00","mainEntityOfPage":{"@id":"https:\/\/www.sonoraenequipo.com.mx\/lleva-isj-taller-de-oratoria-a-las-juventudes-de-moctezuma\/"},"wordCount":337,"commentCount":0,"publisher":{"@id":"https:\/\/www.sonoraenequipo.com.mx\/#organization"},"image":{"@id":"https:\/\/www.sonoraenequipo.com.mx\/lleva-isj-taller-de-oratoria-a-las-juventudes-de-moctezuma\/#primaryimage"},"thumbnailUrl":"https:\/\/www.sonoraenequipo.com.mx\/storage\/2022\/05\/Lleva-ISJ-taller-de-oratoria-a-Moctezuma.jpg","articleSection":["Sonora"],"inLanguage":"es","potentialAction":[{"@type":"CommentAction","name":"Comment","target":["https:\/\/www.sonoraenequipo.com.mx\/lleva-isj-taller-de-oratoria-a-las-juventudes-de-moctezuma\/#respond"]}]},{"@type":"WebPage","@id":"https:\/\/www.sonoraenequipo.com.mx\/lleva-isj-taller-de-oratoria-a-las-juventudes-de-moctezuma\/","url":"https:\/\/www.sonoraenequipo.com.mx\/lleva-isj-taller-de-oratoria-a-las-juventudes-de-moctezuma\/","name":"Sonora en Equipo. Lleva ISJ taller de oratoria a las juventudes de Moctezuma Sonora","isPartOf":{"@id":"https:\/\/www.sonoraenequipo.com.mx\/#website"},"primaryImageOfPage":{"@id":"https:\/\/www.sonoraenequipo.com.mx\/lleva-isj-taller-de-oratoria-a-las-juventudes-de-moctezuma\/#primaryimage"},"image":{"@id":"https:\/\/www.sonoraenequipo.com.mx\/lleva-isj-taller-de-oratoria-a-las-juventudes-de-moctezuma\/#primaryimage"},"thumbnailUrl":"https:\/\/www.sonoraenequipo.com.mx\/storage\/2022\/05\/Lleva-ISJ-taller-de-oratoria-a-Moctezuma.jpg","datePublished":"2022-05-17T01:28:32+00:00","dateModified":"2022-05-17T17:10:27+00:00","description":"MOCTEZUMA, SONORA. MX. \u2014 Como parte del programa Xpr\u00e9sate, el Instituto Sonorense de la Juventud (ISJ) imparti\u00f3 este fin de semana un taller de oratoria a En Sonora en Equipo publicamos toda la informaci\u00f3n de Sonora, M\u00e9xico y el Mundo de manera oportuna y busca que la libertad de expresi\u00f3n sea real. Visita nuestro medio informativo publicado desde Hermosillo, Sonora. %","breadcrumb":{"@id":"https:\/\/www.sonoraenequipo.com.mx\/lleva-isj-taller-de-oratoria-a-las-juventudes-de-moctezuma\/#breadcrumb"},"inLanguage":"es","potentialAction":[{"@type":"ReadAction","target":["https:\/\/www.sonoraenequipo.com.mx\/lleva-isj-taller-de-oratoria-a-las-juventudes-de-moctezuma\/"]}]},{"@type":"ImageObject","inLanguage":"es","@id":"https:\/\/www.sonoraenequipo.com.mx\/lleva-isj-taller-de-oratoria-a-las-juventudes-de-moctezuma\/#primaryimage","url":"https:\/\/www.sonoraenequipo.com.mx\/storage\/2022\/05\/Lleva-ISJ-taller-de-oratoria-a-Moctezuma.jpg","contentUrl":"https:\/\/www.sonoraenequipo.com.mx\/storage\/2022\/05\/Lleva-ISJ-taller-de-oratoria-a-Moctezuma.jpg","width":700,"height":400},{"@type":"BreadcrumbList","@id":"https:\/\/www.sonoraenequipo.com.mx\/lleva-isj-taller-de-oratoria-a-las-juventudes-de-moctezuma\/#breadcrumb","itemListElement":[{"@type":"ListItem","position":1,"name":"Portada","item":"https:\/\/www.sonoraenequipo.com.mx\/"},{"@type":"ListItem","position":2,"name":"Lleva ISJ taller de oratoria a las juventudes de Moctezuma"}]},{"@type":"WebSite","@id":"https:\/\/www.sonoraenequipo.com.mx\/#website","url":"https:\/\/www.sonoraenequipo.com.mx\/","name":"Sonora en Equipo.","description":"Diario en l\u00ednea con Noticias desde Hermosillo, Sonora","publisher":{"@id":"https:\/\/www.sonoraenequipo.com.mx\/#organization"},"potentialAction":[{"@type":"SearchAction","target":{"@type":"EntryPoint","urlTemplate":"https:\/\/www.sonoraenequipo.com.mx\/?s={search_term_string}"},"query-input":{"@type":"PropertyValueSpecification","valueRequired":true,"valueName":"search_term_string"}}],"inLanguage":"es"},{"@type":"Organization","@id":"https:\/\/www.sonoraenequipo.com.mx\/#organization","name":"Sonoraenequipo.com.mx","url":"https:\/\/www.sonoraenequipo.com.mx\/","logo":{"@type":"ImageObject","inLanguage":"es","@id":"https:\/\/www.sonoraenequipo.com.mx\/#\/schema\/logo\/image\/","url":"https:\/\/www.sonoraenequipo.com.mx\/storage\/2019\/01\/sonoraenequipo_opt.png","contentUrl":"https:\/\/www.sonoraenequipo.com.mx\/storage\/2019\/01\/sonoraenequipo_opt.png","width":375,"height":125,"caption":"Sonoraenequipo.com.mx"},"image":{"@id":"https:\/\/www.sonoraenequipo.com.mx\/#\/schema\/logo\/image\/"},"sameAs":["https:\/\/www.facebook.com\/SonoraEE\/","https:\/\/x.com\/sonoraenequipo","https:\/\/www.youtube.com\/channel\/UC338nW-lPEYmJQs4ZABQ1SQ"]},{"@type":"Person","@id":"https:\/\/www.sonoraenequipo.com.mx\/#\/schema\/person\/50102df0fb23a8fa9e8effad8fa81386","name":"enequipo","image":{"@type":"ImageObject","inLanguage":"es","@id":"https:\/\/www.sonoraenequipo.com.mx\/#\/schema\/person\/image\/","url":"https:\/\/secure.gravatar.com\/avatar\/049821681b589dabc0bc20695993ccebb09f5b5d4d790cd9251b97faac7c652b?s=96&d=blank&r=g","contentUrl":"https:\/\/secure.gravatar.com\/avatar\/049821681b589dabc0bc20695993ccebb09f5b5d4d790cd9251b97faac7c652b?s=96&d=blank&r=g","caption":"enequipo"},"sameAs":["https:\/\/www.facebook.com\/SonoraEE"]}]}},"jetpack_featured_media_url":"https:\/\/www.sonoraenequipo.com.mx\/storage\/2022\/05\/Lleva-ISJ-taller-de-oratoria-a-Moctezuma.jpg","_links":{"self":[{"href":"https:\/\/www.sonoraenequipo.com.mx\/api\/wp\/v2\/posts\/138675","targetHints":{"allow":["GET"]}}],"collection":[{"href":"https:\/\/www.sonoraenequipo.com.mx\/api\/wp\/v2\/posts"}],"about":[{"href":"https:\/\/www.sonoraenequipo.com.mx\/api\/wp\/v2\/types\/post"}],"author":[{"embeddable":true,"href":"https:\/\/www.sonoraenequipo.com.mx\/api\/wp\/v2\/users\/1"}],"replies":[{"embeddable":true,"href":"https:\/\/www.sonoraenequipo.com.mx\/api\/wp\/v2\/comments?post=138675"}],"version-history":[{"count":1,"href":"https:\/\/www.sonoraenequipo.com.mx\/api\/wp\/v2\/posts\/138675\/revisions"}],"predecessor-version":[{"id":138676,"href":"https:\/\/www.sonoraenequipo.com.mx\/api\/wp\/v2\/posts\/138675\/revisions\/138676"}],"wp:featuredmedia":[{"embeddable":true,"href":"https:\/\/www.sonoraenequipo.com.mx\/api\/wp\/v2\/media\/138639"}],"wp:attachment":[{"href":"https:\/\/www.sonoraenequipo.com.mx\/api\/wp\/v2\/media?parent=138675"}],"wp:term":[{"taxonomy":"category","embeddable":true,"href":"https:\/\/www.sonoraenequipo.com.mx\/api\/wp\/v2\/categories?post=138675"},{"taxonomy":"post_tag","embeddable":true,"href":"https:\/\/www.sonoraenequipo.com.mx\/api\/wp\/v2\/tags?post=138675"}],"curies":[{"name":"wp","href":"https:\/\/api.w.org\/{rel}","templated":true}]}}