{"id":138699,"date":"2022-05-17T15:20:51","date_gmt":"2022-05-17T22:20:51","guid":{"rendered":"https:\/\/www.sonoraenequipo.com.mx\/?p=138699"},"modified":"2022-05-17T18:07:34","modified_gmt":"2022-05-18T01:07:34","slug":"propondra-durazo-a-la-ford-en-detroit-produzca-en-hermosillo-autos-electricos","status":"publish","type":"post","link":"https:\/\/www.sonoraenequipo.com.mx\/propondra-durazo-a-la-ford-en-detroit-produzca-en-hermosillo-autos-electricos\/","title":{"rendered":"Propondr\u00e1 Durazo a la Ford en Detroit, produzca en Hermosillo autos el\u00e9ctricos"},"content":{"rendered":"<p>HERMOSILLO, SONORA,MX.\u2500\u00a0 En su rueda de prensa semanal el Gobernador del estado,Alfonso Durazo Monta\u00f1o, anunci\u00f3 que en breve asistir\u00e1 a una reuni\u00f3n a Detroit, Estados Unidos donde se reunir\u00e1 con el CEO de Ford, (Jim Farley), en este encuentro estar\u00eda presente el embajador de Estados unidos en M\u00e9xico Ken Salazar, el objetivo del encuentro especific\u00f3 el mandatario estatal es proponerle a Ford que produzca en su planta de Hermosillo, autos el\u00e9ctricos.<\/p>\n<p>&nbsp;<\/p>\n<p>&nbsp;<\/p>\n<p>Durazo Monta\u00f1o dijo que siendo Sonora el estado con los dep\u00f3sitos de grafito m\u00e1s grandes del pa\u00eds y un importante yacimiento de litio los dos principales minerales para la producci\u00f3n de bater\u00edas se puede montar una cadena de proveedur\u00eda importante. en lo que ser\u00eda un cl\u00faster autoel\u00e9ctrico, expuso.<\/p>\n<p>&nbsp;<\/p>\n<p><iframe loading=\"lazy\" title=\"Gobernador de Sonora anuncia proyecto Mar de Cort\u00e9s\" width=\"640\" height=\"360\" src=\"https:\/\/www.youtube.com\/embed\/VZegWC7Xj6o?feature=oembed\" frameborder=\"0\" allow=\"accelerometer; autoplay; clipboard-write; encrypted-media; gyroscope; picture-in-picture; web-share\" referrerpolicy=\"strict-origin-when-cross-origin\" allowfullscreen><\/iframe><\/p>\n<p>&nbsp;<\/p>\n<p>Fecha de publicaci\u00f3n martes 17 de mayo de 2022<\/p>\n","protected":false},"excerpt":{"rendered":"<p>HERMOSILLO, SONORA,MX.\u2500\u00a0 En su rueda de prensa semanal el Gobernador del estado,Alfonso Durazo Monta\u00f1o, anunci\u00f3&#8230;<\/p>\n","protected":false},"author":6,"featured_media":138701,"comment_status":"open","ping_status":"open","sticky":false,"template":"","format":"standard","meta":{"_monsterinsights_skip_tracking":false,"_monsterinsights_sitenote_active":false,"_monsterinsights_sitenote_note":"","_monsterinsights_sitenote_category":0,"footnotes":""},"categories":[22],"tags":[],"class_list":["post"],"yoast_head":" \n<title>Sonora en Equipo. Propondr\u00e1 Durazo a la Ford en Detroit, produzca en Hermosillo autos el\u00e9ctricos Sonora<\/title>\n<meta name=\"description\" content=\"HERMOSILLO, SONORA,MX.\u2500\u00a0 En su rueda de prensa semanal el Gobernador del estado,Alfonso Durazo Monta\u00f1o, anunci\u00f3 que en breve asistir\u00e1 a una reuni\u00f3n a En Sonora en Equipo publicamos toda la informaci\u00f3n de Sonora, M\u00e9xico y el Mundo de manera oportuna y busca que la libertad de expresi\u00f3n sea real. Visita nuestro medio informativo publicado desde Hermosillo, Sonora. %\" \/>\n<meta name=\"robots\" content=\"index, follow, max-snippet:-1, max-image-preview:large, max-video-preview:-1\" \/>\n<link rel=\"canonical\" href=\"https:\/\/www.sonoraenequipo.com.mx\/propondra-durazo-a-la-ford-en-detroit-produzca-en-hermosillo-autos-electricos\/\" \/>\n<meta property=\"og:locale\" content=\"es_ES\" \/>\n<meta property=\"og:type\" content=\"article\" \/>\n<meta property=\"og:title\" content=\"Sonora en Equipo. Propondr\u00e1 Durazo a la Ford en Detroit, produzca en Hermosillo autos el\u00e9ctricos Sonora\" \/>\n<meta property=\"og:description\" content=\"HERMOSILLO, SONORA,MX.\u2500\u00a0 En su rueda de prensa semanal el Gobernador del estado,Alfonso Durazo Monta\u00f1o, anunci\u00f3 que en breve asistir\u00e1 a una reuni\u00f3n a En Sonora en Equipo publicamos toda la informaci\u00f3n de Sonora, M\u00e9xico y el Mundo de manera oportuna y busca que la libertad de expresi\u00f3n sea real. Visita nuestro medio informativo publicado desde Hermosillo, Sonora. %\" \/>\n<meta property=\"og:url\" content=\"https:\/\/www.sonoraenequipo.com.mx\/propondra-durazo-a-la-ford-en-detroit-produzca-en-hermosillo-autos-electricos\/\" \/>\n<meta property=\"og:site_name\" content=\"Sonora en Equipo.\" \/>\n<meta property=\"article:publisher\" content=\"https:\/\/www.facebook.com\/SonoraEE\/\" \/>\n<meta property=\"article:published_time\" content=\"2022-05-17T22:20:51+00:00\" \/>\n<meta property=\"article:modified_time\" content=\"2022-05-18T01:07:34+00:00\" \/>\n<meta property=\"og:image\" content=\"https:\/\/www.sonoraenequipo.com.mx\/storage\/2022\/05\/adm-2.jpg\" \/>\n\t<meta property=\"og:image:width\" content=\"700\" \/>\n\t<meta property=\"og:image:height\" content=\"400\" \/>\n\t<meta property=\"og:image:type\" content=\"image\/jpeg\" \/>\n<meta name=\"author\" content=\"Nacho Bandin\" \/>\n<meta name=\"twitter:card\" content=\"summary_large_image\" \/>\n<meta name=\"twitter:creator\" content=\"@sonoraenequipo\" \/>\n<meta name=\"twitter:site\" content=\"@sonoraenequipo\" \/>\n<meta name=\"twitter:label1\" content=\"Escrito por\" \/>\n\t<meta name=\"twitter:data1\" content=\"Nacho Bandin\" \/>\n\t<meta name=\"twitter:label2\" content=\"Tiempo de lectura\" \/>\n\t<meta name=\"twitter:data2\" content=\"1 minuto\" \/>\n<script type=\"application\/ld+json\" class=\"yoast-schema-graph\">{\"@context\":\"https:\/\/schema.org\",\"@graph\":[{\"@type\":\"Article\",\"@id\":\"https:\/\/www.sonoraenequipo.com.mx\/propondra-durazo-a-la-ford-en-detroit-produzca-en-hermosillo-autos-electricos\/#article\",\"isPartOf\":{\"@id\":\"https:\/\/www.sonoraenequipo.com.mx\/propondra-durazo-a-la-ford-en-detroit-produzca-en-hermosillo-autos-electricos\/\"},\"author\":{\"name\":\"Nacho Bandin\",\"@id\":\"https:\/\/www.sonoraenequipo.com.mx\/#\/schema\/person\/fbd9952aca28efec00f1fb7fa9428cad\"},\"headline\":\"Propondr\u00e1 Durazo a la Ford en Detroit, produzca en Hermosillo autos el\u00e9ctricos\",\"datePublished\":\"2022-05-17T22:20:51+00:00\",\"dateModified\":\"2022-05-18T01:07:34+00:00\",\"mainEntityOfPage\":{\"@id\":\"https:\/\/www.sonoraenequipo.com.mx\/propondra-durazo-a-la-ford-en-detroit-produzca-en-hermosillo-autos-electricos\/\"},\"wordCount\":167,\"commentCount\":0,\"publisher\":{\"@id\":\"https:\/\/www.sonoraenequipo.com.mx\/#organization\"},\"image\":{\"@id\":\"https:\/\/www.sonoraenequipo.com.mx\/propondra-durazo-a-la-ford-en-detroit-produzca-en-hermosillo-autos-electricos\/#primaryimage\"},\"thumbnailUrl\":\"https:\/\/www.sonoraenequipo.com.mx\/storage\/2022\/05\/adm-2.jpg\",\"articleSection\":[\"Sonora\"],\"inLanguage\":\"es\",\"potentialAction\":[{\"@type\":\"CommentAction\",\"name\":\"Comment\",\"target\":[\"https:\/\/www.sonoraenequipo.com.mx\/propondra-durazo-a-la-ford-en-detroit-produzca-en-hermosillo-autos-electricos\/#respond\"]}]},{\"@type\":\"WebPage\",\"@id\":\"https:\/\/www.sonoraenequipo.com.mx\/propondra-durazo-a-la-ford-en-detroit-produzca-en-hermosillo-autos-electricos\/\",\"url\":\"https:\/\/www.sonoraenequipo.com.mx\/propondra-durazo-a-la-ford-en-detroit-produzca-en-hermosillo-autos-electricos\/\",\"name\":\"Sonora en Equipo. Propondr\u00e1 Durazo a la Ford en Detroit, produzca en Hermosillo autos el\u00e9ctricos Sonora\",\"isPartOf\":{\"@id\":\"https:\/\/www.sonoraenequipo.com.mx\/#website\"},\"primaryImageOfPage\":{\"@id\":\"https:\/\/www.sonoraenequipo.com.mx\/propondra-durazo-a-la-ford-en-detroit-produzca-en-hermosillo-autos-electricos\/#primaryimage\"},\"image\":{\"@id\":\"https:\/\/www.sonoraenequipo.com.mx\/propondra-durazo-a-la-ford-en-detroit-produzca-en-hermosillo-autos-electricos\/#primaryimage\"},\"thumbnailUrl\":\"https:\/\/www.sonoraenequipo.com.mx\/storage\/2022\/05\/adm-2.jpg\",\"datePublished\":\"2022-05-17T22:20:51+00:00\",\"dateModified\":\"2022-05-18T01:07:34+00:00\",\"description\":\"HERMOSILLO, SONORA,MX.\u2500\u00a0 En su rueda de prensa semanal el Gobernador del estado,Alfonso Durazo Monta\u00f1o, anunci\u00f3 que en breve asistir\u00e1 a una reuni\u00f3n a En Sonora en Equipo publicamos toda la informaci\u00f3n de Sonora, M\u00e9xico y el Mundo de manera oportuna y busca que la libertad de expresi\u00f3n sea real. Visita nuestro medio informativo publicado desde Hermosillo, Sonora. %\",\"breadcrumb\":{\"@id\":\"https:\/\/www.sonoraenequipo.com.mx\/propondra-durazo-a-la-ford-en-detroit-produzca-en-hermosillo-autos-electricos\/#breadcrumb\"},\"inLanguage\":\"es\",\"potentialAction\":[{\"@type\":\"ReadAction\",\"target\":[\"https:\/\/www.sonoraenequipo.com.mx\/propondra-durazo-a-la-ford-en-detroit-produzca-en-hermosillo-autos-electricos\/\"]}]},{\"@type\":\"ImageObject\",\"inLanguage\":\"es\",\"@id\":\"https:\/\/www.sonoraenequipo.com.mx\/propondra-durazo-a-la-ford-en-detroit-produzca-en-hermosillo-autos-electricos\/#primaryimage\",\"url\":\"https:\/\/www.sonoraenequipo.com.mx\/storage\/2022\/05\/adm-2.jpg\",\"contentUrl\":\"https:\/\/www.sonoraenequipo.com.mx\/storage\/2022\/05\/adm-2.jpg\",\"width\":700,\"height\":400},{\"@type\":\"BreadcrumbList\",\"@id\":\"https:\/\/www.sonoraenequipo.com.mx\/propondra-durazo-a-la-ford-en-detroit-produzca-en-hermosillo-autos-electricos\/#breadcrumb\",\"itemListElement\":[{\"@type\":\"ListItem\",\"position\":1,\"name\":\"Portada\",\"item\":\"https:\/\/www.sonoraenequipo.com.mx\/\"},{\"@type\":\"ListItem\",\"position\":2,\"name\":\"Propondr\u00e1 Durazo a la Ford en Detroit, produzca en Hermosillo autos el\u00e9ctricos\"}]},{\"@type\":\"WebSite\",\"@id\":\"https:\/\/www.sonoraenequipo.com.mx\/#website\",\"url\":\"https:\/\/www.sonoraenequipo.com.mx\/\",\"name\":\"Sonora en Equipo.\",\"description\":\"Diario en l\u00ednea con Noticias desde Hermosillo, Sonora\",\"publisher\":{\"@id\":\"https:\/\/www.sonoraenequipo.com.mx\/#organization\"},\"potentialAction\":[{\"@type\":\"SearchAction\",\"target\":{\"@type\":\"EntryPoint\",\"urlTemplate\":\"https:\/\/www.sonoraenequipo.com.mx\/?s={search_term_string}\"},\"query-input\":{\"@type\":\"PropertyValueSpecification\",\"valueRequired\":true,\"valueName\":\"search_term_string\"}}],\"inLanguage\":\"es\"},{\"@type\":\"Organization\",\"@id\":\"https:\/\/www.sonoraenequipo.com.mx\/#organization\",\"name\":\"Sonoraenequipo.com.mx\",\"url\":\"https:\/\/www.sonoraenequipo.com.mx\/\",\"logo\":{\"@type\":\"ImageObject\",\"inLanguage\":\"es\",\"@id\":\"https:\/\/www.sonoraenequipo.com.mx\/#\/schema\/logo\/image\/\",\"url\":\"https:\/\/www.sonoraenequipo.com.mx\/storage\/2019\/01\/sonoraenequipo_opt.png\",\"contentUrl\":\"https:\/\/www.sonoraenequipo.com.mx\/storage\/2019\/01\/sonoraenequipo_opt.png\",\"width\":375,\"height\":125,\"caption\":\"Sonoraenequipo.com.mx\"},\"image\":{\"@id\":\"https:\/\/www.sonoraenequipo.com.mx\/#\/schema\/logo\/image\/\"},\"sameAs\":[\"https:\/\/www.facebook.com\/SonoraEE\/\",\"https:\/\/x.com\/sonoraenequipo\",\"https:\/\/www.youtube.com\/channel\/UC338nW-lPEYmJQs4ZABQ1SQ\"]},{\"@type\":\"Person\",\"@id\":\"https:\/\/www.sonoraenequipo.com.mx\/#\/schema\/person\/fbd9952aca28efec00f1fb7fa9428cad\",\"name\":\"Nacho Bandin\",\"image\":{\"@type\":\"ImageObject\",\"inLanguage\":\"es\",\"@id\":\"https:\/\/www.sonoraenequipo.com.mx\/#\/schema\/person\/image\/\",\"url\":\"https:\/\/secure.gravatar.com\/avatar\/aa8b9910cb9aca6bb907bea274a87d80d1290d00069310f251740e3ee0bf15f1?s=96&d=blank&r=g\",\"contentUrl\":\"https:\/\/secure.gravatar.com\/avatar\/aa8b9910cb9aca6bb907bea274a87d80d1290d00069310f251740e3ee0bf15f1?s=96&d=blank&r=g\",\"caption\":\"Nacho Bandin\"},\"sameAs\":[\"http:\/\/sonoraenequipo.com.mx\"]}]}<\/script>\n ","yoast_head_json":{"title":"Sonora en Equipo. Propondr\u00e1 Durazo a la Ford en Detroit, produzca en Hermosillo autos el\u00e9ctricos Sonora","description":"HERMOSILLO, SONORA,MX.\u2500\u00a0 En su rueda de prensa semanal el Gobernador del estado,Alfonso Durazo Monta\u00f1o, anunci\u00f3 que en breve asistir\u00e1 a una reuni\u00f3n a En Sonora en Equipo publicamos toda la informaci\u00f3n de Sonora, M\u00e9xico y el Mundo de manera oportuna y busca que la libertad de expresi\u00f3n sea real. Visita nuestro medio informativo publicado desde Hermosillo, Sonora. %","robots":{"index":"index","follow":"follow","max-snippet":"max-snippet:-1","max-image-preview":"max-image-preview:large","max-video-preview":"max-video-preview:-1"},"canonical":"https:\/\/www.sonoraenequipo.com.mx\/propondra-durazo-a-la-ford-en-detroit-produzca-en-hermosillo-autos-electricos\/","og_locale":"es_ES","og_type":"article","og_title":"Sonora en Equipo. Propondr\u00e1 Durazo a la Ford en Detroit, produzca en Hermosillo autos el\u00e9ctricos Sonora","og_description":"HERMOSILLO, SONORA,MX.\u2500\u00a0 En su rueda de prensa semanal el Gobernador del estado,Alfonso Durazo Monta\u00f1o, anunci\u00f3 que en breve asistir\u00e1 a una reuni\u00f3n a En Sonora en Equipo publicamos toda la informaci\u00f3n de Sonora, M\u00e9xico y el Mundo de manera oportuna y busca que la libertad de expresi\u00f3n sea real. Visita nuestro medio informativo publicado desde Hermosillo, Sonora. %","og_url":"https:\/\/www.sonoraenequipo.com.mx\/propondra-durazo-a-la-ford-en-detroit-produzca-en-hermosillo-autos-electricos\/","og_site_name":"Sonora en Equipo.","article_publisher":"https:\/\/www.facebook.com\/SonoraEE\/","article_published_time":"2022-05-17T22:20:51+00:00","article_modified_time":"2022-05-18T01:07:34+00:00","og_image":[{"width":700,"height":400,"url":"https:\/\/www.sonoraenequipo.com.mx\/storage\/2022\/05\/adm-2.jpg","type":"image\/jpeg"}],"author":"Nacho Bandin","twitter_card":"summary_large_image","twitter_creator":"@sonoraenequipo","twitter_site":"@sonoraenequipo","twitter_misc":{"Escrito por":"Nacho Bandin","Tiempo de lectura":"1 minuto"},"schema":{"@context":"https:\/\/schema.org","@graph":[{"@type":"Article","@id":"https:\/\/www.sonoraenequipo.com.mx\/propondra-durazo-a-la-ford-en-detroit-produzca-en-hermosillo-autos-electricos\/#article","isPartOf":{"@id":"https:\/\/www.sonoraenequipo.com.mx\/propondra-durazo-a-la-ford-en-detroit-produzca-en-hermosillo-autos-electricos\/"},"author":{"name":"Nacho Bandin","@id":"https:\/\/www.sonoraenequipo.com.mx\/#\/schema\/person\/fbd9952aca28efec00f1fb7fa9428cad"},"headline":"Propondr\u00e1 Durazo a la Ford en Detroit, produzca en Hermosillo autos el\u00e9ctricos","datePublished":"2022-05-17T22:20:51+00:00","dateModified":"2022-05-18T01:07:34+00:00","mainEntityOfPage":{"@id":"https:\/\/www.sonoraenequipo.com.mx\/propondra-durazo-a-la-ford-en-detroit-produzca-en-hermosillo-autos-electricos\/"},"wordCount":167,"commentCount":0,"publisher":{"@id":"https:\/\/www.sonoraenequipo.com.mx\/#organization"},"image":{"@id":"https:\/\/www.sonoraenequipo.com.mx\/propondra-durazo-a-la-ford-en-detroit-produzca-en-hermosillo-autos-electricos\/#primaryimage"},"thumbnailUrl":"https:\/\/www.sonoraenequipo.com.mx\/storage\/2022\/05\/adm-2.jpg","articleSection":["Sonora"],"inLanguage":"es","potentialAction":[{"@type":"CommentAction","name":"Comment","target":["https:\/\/www.sonoraenequipo.com.mx\/propondra-durazo-a-la-ford-en-detroit-produzca-en-hermosillo-autos-electricos\/#respond"]}]},{"@type":"WebPage","@id":"https:\/\/www.sonoraenequipo.com.mx\/propondra-durazo-a-la-ford-en-detroit-produzca-en-hermosillo-autos-electricos\/","url":"https:\/\/www.sonoraenequipo.com.mx\/propondra-durazo-a-la-ford-en-detroit-produzca-en-hermosillo-autos-electricos\/","name":"Sonora en Equipo. Propondr\u00e1 Durazo a la Ford en Detroit, produzca en Hermosillo autos el\u00e9ctricos Sonora","isPartOf":{"@id":"https:\/\/www.sonoraenequipo.com.mx\/#website"},"primaryImageOfPage":{"@id":"https:\/\/www.sonoraenequipo.com.mx\/propondra-durazo-a-la-ford-en-detroit-produzca-en-hermosillo-autos-electricos\/#primaryimage"},"image":{"@id":"https:\/\/www.sonoraenequipo.com.mx\/propondra-durazo-a-la-ford-en-detroit-produzca-en-hermosillo-autos-electricos\/#primaryimage"},"thumbnailUrl":"https:\/\/www.sonoraenequipo.com.mx\/storage\/2022\/05\/adm-2.jpg","datePublished":"2022-05-17T22:20:51+00:00","dateModified":"2022-05-18T01:07:34+00:00","description":"HERMOSILLO, SONORA,MX.\u2500\u00a0 En su rueda de prensa semanal el Gobernador del estado,Alfonso Durazo Monta\u00f1o, anunci\u00f3 que en breve asistir\u00e1 a una reuni\u00f3n a En Sonora en Equipo publicamos toda la informaci\u00f3n de Sonora, M\u00e9xico y el Mundo de manera oportuna y busca que la libertad de expresi\u00f3n sea real. Visita nuestro medio informativo publicado desde Hermosillo, Sonora. %","breadcrumb":{"@id":"https:\/\/www.sonoraenequipo.com.mx\/propondra-durazo-a-la-ford-en-detroit-produzca-en-hermosillo-autos-electricos\/#breadcrumb"},"inLanguage":"es","potentialAction":[{"@type":"ReadAction","target":["https:\/\/www.sonoraenequipo.com.mx\/propondra-durazo-a-la-ford-en-detroit-produzca-en-hermosillo-autos-electricos\/"]}]},{"@type":"ImageObject","inLanguage":"es","@id":"https:\/\/www.sonoraenequipo.com.mx\/propondra-durazo-a-la-ford-en-detroit-produzca-en-hermosillo-autos-electricos\/#primaryimage","url":"https:\/\/www.sonoraenequipo.com.mx\/storage\/2022\/05\/adm-2.jpg","contentUrl":"https:\/\/www.sonoraenequipo.com.mx\/storage\/2022\/05\/adm-2.jpg","width":700,"height":400},{"@type":"BreadcrumbList","@id":"https:\/\/www.sonoraenequipo.com.mx\/propondra-durazo-a-la-ford-en-detroit-produzca-en-hermosillo-autos-electricos\/#breadcrumb","itemListElement":[{"@type":"ListItem","position":1,"name":"Portada","item":"https:\/\/www.sonoraenequipo.com.mx\/"},{"@type":"ListItem","position":2,"name":"Propondr\u00e1 Durazo a la Ford en Detroit, produzca en Hermosillo autos el\u00e9ctricos"}]},{"@type":"WebSite","@id":"https:\/\/www.sonoraenequipo.com.mx\/#website","url":"https:\/\/www.sonoraenequipo.com.mx\/","name":"Sonora en Equipo.","description":"Diario en l\u00ednea con Noticias desde Hermosillo, Sonora","publisher":{"@id":"https:\/\/www.sonoraenequipo.com.mx\/#organization"},"potentialAction":[{"@type":"SearchAction","target":{"@type":"EntryPoint","urlTemplate":"https:\/\/www.sonoraenequipo.com.mx\/?s={search_term_string}"},"query-input":{"@type":"PropertyValueSpecification","valueRequired":true,"valueName":"search_term_string"}}],"inLanguage":"es"},{"@type":"Organization","@id":"https:\/\/www.sonoraenequipo.com.mx\/#organization","name":"Sonoraenequipo.com.mx","url":"https:\/\/www.sonoraenequipo.com.mx\/","logo":{"@type":"ImageObject","inLanguage":"es","@id":"https:\/\/www.sonoraenequipo.com.mx\/#\/schema\/logo\/image\/","url":"https:\/\/www.sonoraenequipo.com.mx\/storage\/2019\/01\/sonoraenequipo_opt.png","contentUrl":"https:\/\/www.sonoraenequipo.com.mx\/storage\/2019\/01\/sonoraenequipo_opt.png","width":375,"height":125,"caption":"Sonoraenequipo.com.mx"},"image":{"@id":"https:\/\/www.sonoraenequipo.com.mx\/#\/schema\/logo\/image\/"},"sameAs":["https:\/\/www.facebook.com\/SonoraEE\/","https:\/\/x.com\/sonoraenequipo","https:\/\/www.youtube.com\/channel\/UC338nW-lPEYmJQs4ZABQ1SQ"]},{"@type":"Person","@id":"https:\/\/www.sonoraenequipo.com.mx\/#\/schema\/person\/fbd9952aca28efec00f1fb7fa9428cad","name":"Nacho Bandin","image":{"@type":"ImageObject","inLanguage":"es","@id":"https:\/\/www.sonoraenequipo.com.mx\/#\/schema\/person\/image\/","url":"https:\/\/secure.gravatar.com\/avatar\/aa8b9910cb9aca6bb907bea274a87d80d1290d00069310f251740e3ee0bf15f1?s=96&d=blank&r=g","contentUrl":"https:\/\/secure.gravatar.com\/avatar\/aa8b9910cb9aca6bb907bea274a87d80d1290d00069310f251740e3ee0bf15f1?s=96&d=blank&r=g","caption":"Nacho Bandin"},"sameAs":["http:\/\/sonoraenequipo.com.mx"]}]}},"jetpack_featured_media_url":"https:\/\/www.sonoraenequipo.com.mx\/storage\/2022\/05\/adm-2.jpg","_links":{"self":[{"href":"https:\/\/www.sonoraenequipo.com.mx\/api\/wp\/v2\/posts\/138699","targetHints":{"allow":["GET"]}}],"collection":[{"href":"https:\/\/www.sonoraenequipo.com.mx\/api\/wp\/v2\/posts"}],"about":[{"href":"https:\/\/www.sonoraenequipo.com.mx\/api\/wp\/v2\/types\/post"}],"author":[{"embeddable":true,"href":"https:\/\/www.sonoraenequipo.com.mx\/api\/wp\/v2\/users\/6"}],"replies":[{"embeddable":true,"href":"https:\/\/www.sonoraenequipo.com.mx\/api\/wp\/v2\/comments?post=138699"}],"version-history":[{"count":4,"href":"https:\/\/www.sonoraenequipo.com.mx\/api\/wp\/v2\/posts\/138699\/revisions"}],"predecessor-version":[{"id":138714,"href":"https:\/\/www.sonoraenequipo.com.mx\/api\/wp\/v2\/posts\/138699\/revisions\/138714"}],"wp:featuredmedia":[{"embeddable":true,"href":"https:\/\/www.sonoraenequipo.com.mx\/api\/wp\/v2\/media\/138701"}],"wp:attachment":[{"href":"https:\/\/www.sonoraenequipo.com.mx\/api\/wp\/v2\/media?parent=138699"}],"wp:term":[{"taxonomy":"category","embeddable":true,"href":"https:\/\/www.sonoraenequipo.com.mx\/api\/wp\/v2\/categories?post=138699"},{"taxonomy":"post_tag","embeddable":true,"href":"https:\/\/www.sonoraenequipo.com.mx\/api\/wp\/v2\/tags?post=138699"}],"curies":[{"name":"wp","href":"https:\/\/api.w.org\/{rel}","templated":true}]}}