{"id":138739,"date":"2022-05-17T20:25:28","date_gmt":"2022-05-18T03:25:28","guid":{"rendered":"https:\/\/www.sonoraenequipo.com.mx\/?p=138739"},"modified":"2022-05-18T06:15:09","modified_gmt":"2022-05-18T13:15:09","slug":"preven-temporada-muy-activa-de-ciclones-en-el-atlantico-alistan-albergues-en-campeche","status":"publish","type":"post","link":"https:\/\/www.sonoraenequipo.com.mx\/preven-temporada-muy-activa-de-ciclones-en-el-atlantico-alistan-albergues-en-campeche\/","title":{"rendered":"Prev\u00e9n temporada muy activa de ciclones en el Atl\u00e1ntico; alistan albergues en Campeche"},"content":{"rendered":"<p><strong>CAMPECHE. MX. \u2014<\/strong> Seg\u00fan pron\u00f3sticos de la Comisi\u00f3n Nacional del Agua, el Oc\u00e9ano Atl\u00e1ntico tendr\u00e1 una gran actividad cicl\u00f3nica en esta temporada, pues se esperan 19 tormentas con nombre, de las cuales nueve ser\u00e1n huracanes de categor\u00eda 1 a 3 y cuatro huracanes de categor\u00eda 3 o superior, con vientos mayores a los 178 kil\u00f3metros por hora.<\/p>\n<p>&nbsp;<\/p>\n<p> <\/p>\n<p>&nbsp;<\/p>\n<p>A unos d\u00edas del inicio de la temporada de ciclones y huracanes en el Oc\u00e9ano Atl\u00e1ntico, en Campeche, autoridades de Protecci\u00f3n Civil, Navales y Militares se preparan para lo que ser\u00e1 una muy activa temporada de ciclones tropicales.<\/p>\n<p>&nbsp;<\/p>\n<p>&nbsp;<\/p>\n<p>Ya se tienen preparados 564 refugios temporales distribuidos en los 13 municipios de la entidad y que en caso de ser necesario podr\u00edan atender en conjunto a m\u00e1s de 50 mil personas.<\/p>\n<p>&nbsp;<\/p>\n<p>&nbsp;<\/p>\n<p>\u201cCon el tema de los refugios temporales, nos vamos preparando con el tema, ya los tenemos bien identificados cada uno de ellos y saber con qu\u00e9 contamos. De igual manera, preparar a nuestras brigadas con nuestras herramientas y que el personal cuente con el adecuado equipamiento para poder intervenir ante la situaci\u00f3n\u201d, indic\u00f3 Guadalupe Rodr\u00edguez Ch\u00e1vez, directora de Protecci\u00f3n Civil del municipio de Campeche.<\/p>\n<p>&nbsp;<\/p>\n<p>&nbsp;<\/p>\n<p>Miles de personas se ubican en zonas de riesgo como costeras, orillas de r\u00edos, aguadas o lagunas o en zonas susceptibles de inundaci\u00f3n principalmente en los municipios de Carmen, Palizada, Hopelch\u00e9n y Campeche.<\/p>\n<p>&nbsp;<\/p>\n<p>&nbsp;<\/p>\n<p>\u201cSe tienen detectados todos los puntos en el estado que normalmente cada a\u00f1o se inundan, pero pues estaremos atentos y alertas con todo el equipo que tenemos y con toda la coordinaci\u00f3n de todos los comit\u00e9s de trabajo del Consejo Estatal de Protecci\u00f3n Civil que estar\u00e1n operando activamente para que tengamos una respuesta inmediata\u201d, refiri\u00f3 Bertha P\u00e9rez Herrera, secretaria de Protecci\u00f3n Civil de Campeche.<\/p>\n<p>&nbsp;<\/p>\n<p>&nbsp;<\/p>\n<p>\u201cYa estamos listo para la temporada de lluvia. Metemos a los caninos, pues cerramos las puertas, las ventanas, las aseguramos para que no haya ninguna gotera ni filtre el agua a la casa\u201d, se\u00f1al\u00f3 Luis Molina, ciudadano.<\/p>\n<p>&nbsp;<\/p>\n<p>&nbsp;<\/p>\n<p>Como parte del plan de acci\u00f3n durante alg\u00fan fen\u00f3meno natural, las autoridades realizan sesiones del consejo estatal de Protecci\u00f3n Civil con la finalidad de responder ante cualquier situaci\u00f3n de emergencia.<\/p>\n<p>&nbsp;<\/p>\n<p>&nbsp;<\/p>\n<p>\u201cNosotros nos estamos preparando para esta contingencia como tal, para prevenirnos completamente de algo que naturalmente se da a\u00f1o con a\u00f1o, entonces los protocolos como tal, entre direcciones nos apoyamos con el \u00e1rea de Servicios P\u00fablicos, Protecci\u00f3n Civil\u201d, destac\u00f3 Guadalupe Rodr\u00edguez Ch\u00e1vez, directora de Protecci\u00f3n Civil del municipio de Campeche.<\/p>\n<p>&nbsp;<\/p>\n<p>&nbsp;<\/p>\n<p>(Publicada el 17\/05\/2022 \/ Con informaci\u00f3n de Gerardo S\u00e1nchez )<\/p>\n<p>&nbsp;<\/p>\n","protected":false},"excerpt":{"rendered":"<p>CAMPECHE. MX. \u2014 Seg\u00fan pron\u00f3sticos de la Comisi\u00f3n Nacional del Agua, el Oc\u00e9ano Atl\u00e1ntico tendr\u00e1&#8230;<\/p>\n","protected":false},"author":1,"featured_media":138740,"comment_status":"open","ping_status":"open","sticky":false,"template":"","format":"standard","meta":{"_monsterinsights_skip_tracking":false,"_monsterinsights_sitenote_active":false,"_monsterinsights_sitenote_note":"","_monsterinsights_sitenote_category":0,"footnotes":""},"categories":[5],"tags":[],"class_list":["post"],"yoast_head":" \n<title>Sonora en Equipo. Prev\u00e9n temporada muy activa de ciclones en el Atl\u00e1ntico; alistan albergues en Campeche Rep\u00fablica<\/title>\n<meta name=\"description\" content=\"CAMPECHE. MX. \u2014 Seg\u00fan pron\u00f3sticos de la Comisi\u00f3n Nacional del Agua, el Oc\u00e9ano Atl\u00e1ntico tendr\u00e1 una gran actividad cicl\u00f3nica en esta temporada, pues se En Sonora en Equipo publicamos toda la informaci\u00f3n de Sonora, M\u00e9xico y el Mundo de manera oportuna y busca que la libertad de expresi\u00f3n sea real. Visita nuestro medio informativo publicado desde Hermosillo, Sonora. %\" \/>\n<meta name=\"robots\" content=\"index, follow, max-snippet:-1, max-image-preview:large, max-video-preview:-1\" \/>\n<link rel=\"canonical\" href=\"https:\/\/www.sonoraenequipo.com.mx\/preven-temporada-muy-activa-de-ciclones-en-el-atlantico-alistan-albergues-en-campeche\/\" \/>\n<meta property=\"og:locale\" content=\"es_ES\" \/>\n<meta property=\"og:type\" content=\"article\" \/>\n<meta property=\"og:title\" content=\"Sonora en Equipo. Prev\u00e9n temporada muy activa de ciclones en el Atl\u00e1ntico; alistan albergues en Campeche Rep\u00fablica\" \/>\n<meta property=\"og:description\" content=\"CAMPECHE. MX. \u2014 Seg\u00fan pron\u00f3sticos de la Comisi\u00f3n Nacional del Agua, el Oc\u00e9ano Atl\u00e1ntico tendr\u00e1 una gran actividad cicl\u00f3nica en esta temporada, pues se En Sonora en Equipo publicamos toda la informaci\u00f3n de Sonora, M\u00e9xico y el Mundo de manera oportuna y busca que la libertad de expresi\u00f3n sea real. Visita nuestro medio informativo publicado desde Hermosillo, Sonora. %\" \/>\n<meta property=\"og:url\" content=\"https:\/\/www.sonoraenequipo.com.mx\/preven-temporada-muy-activa-de-ciclones-en-el-atlantico-alistan-albergues-en-campeche\/\" \/>\n<meta property=\"og:site_name\" content=\"Sonora en Equipo.\" \/>\n<meta property=\"article:publisher\" content=\"https:\/\/www.facebook.com\/SonoraEE\/\" \/>\n<meta property=\"article:author\" content=\"https:\/\/www.facebook.com\/SonoraEE\" \/>\n<meta property=\"article:published_time\" content=\"2022-05-18T03:25:28+00:00\" \/>\n<meta property=\"article:modified_time\" content=\"2022-05-18T13:15:09+00:00\" \/>\n<meta property=\"og:image\" content=\"https:\/\/www.sonoraenequipo.com.mx\/storage\/2022\/05\/huracanes.jpg\" \/>\n\t<meta property=\"og:image:width\" content=\"700\" \/>\n\t<meta property=\"og:image:height\" content=\"400\" \/>\n\t<meta property=\"og:image:type\" content=\"image\/jpeg\" \/>\n<meta name=\"author\" content=\"enequipo\" \/>\n<meta name=\"twitter:card\" content=\"summary_large_image\" \/>\n<meta name=\"twitter:creator\" content=\"@sonoraenequipo\" \/>\n<meta name=\"twitter:site\" content=\"@sonoraenequipo\" \/>\n<meta name=\"twitter:label1\" content=\"Escrito por\" \/>\n\t<meta name=\"twitter:data1\" content=\"enequipo\" \/>\n\t<meta name=\"twitter:label2\" content=\"Tiempo de lectura\" \/>\n\t<meta name=\"twitter:data2\" content=\"2 minutos\" \/>\n<script type=\"application\/ld+json\" class=\"yoast-schema-graph\">{\"@context\":\"https:\/\/schema.org\",\"@graph\":[{\"@type\":\"Article\",\"@id\":\"https:\/\/www.sonoraenequipo.com.mx\/preven-temporada-muy-activa-de-ciclones-en-el-atlantico-alistan-albergues-en-campeche\/#article\",\"isPartOf\":{\"@id\":\"https:\/\/www.sonoraenequipo.com.mx\/preven-temporada-muy-activa-de-ciclones-en-el-atlantico-alistan-albergues-en-campeche\/\"},\"author\":{\"name\":\"enequipo\",\"@id\":\"https:\/\/www.sonoraenequipo.com.mx\/#\/schema\/person\/50102df0fb23a8fa9e8effad8fa81386\"},\"headline\":\"Prev\u00e9n temporada muy activa de ciclones en el Atl\u00e1ntico; alistan albergues en Campeche\",\"datePublished\":\"2022-05-18T03:25:28+00:00\",\"dateModified\":\"2022-05-18T13:15:09+00:00\",\"mainEntityOfPage\":{\"@id\":\"https:\/\/www.sonoraenequipo.com.mx\/preven-temporada-muy-activa-de-ciclones-en-el-atlantico-alistan-albergues-en-campeche\/\"},\"wordCount\":482,\"commentCount\":0,\"publisher\":{\"@id\":\"https:\/\/www.sonoraenequipo.com.mx\/#organization\"},\"image\":{\"@id\":\"https:\/\/www.sonoraenequipo.com.mx\/preven-temporada-muy-activa-de-ciclones-en-el-atlantico-alistan-albergues-en-campeche\/#primaryimage\"},\"thumbnailUrl\":\"https:\/\/www.sonoraenequipo.com.mx\/storage\/2022\/05\/huracanes.jpg\",\"articleSection\":[\"Rep\u00fablica\"],\"inLanguage\":\"es\",\"potentialAction\":[{\"@type\":\"CommentAction\",\"name\":\"Comment\",\"target\":[\"https:\/\/www.sonoraenequipo.com.mx\/preven-temporada-muy-activa-de-ciclones-en-el-atlantico-alistan-albergues-en-campeche\/#respond\"]}]},{\"@type\":\"WebPage\",\"@id\":\"https:\/\/www.sonoraenequipo.com.mx\/preven-temporada-muy-activa-de-ciclones-en-el-atlantico-alistan-albergues-en-campeche\/\",\"url\":\"https:\/\/www.sonoraenequipo.com.mx\/preven-temporada-muy-activa-de-ciclones-en-el-atlantico-alistan-albergues-en-campeche\/\",\"name\":\"Sonora en Equipo. Prev\u00e9n temporada muy activa de ciclones en el Atl\u00e1ntico; alistan albergues en Campeche Rep\u00fablica\",\"isPartOf\":{\"@id\":\"https:\/\/www.sonoraenequipo.com.mx\/#website\"},\"primaryImageOfPage\":{\"@id\":\"https:\/\/www.sonoraenequipo.com.mx\/preven-temporada-muy-activa-de-ciclones-en-el-atlantico-alistan-albergues-en-campeche\/#primaryimage\"},\"image\":{\"@id\":\"https:\/\/www.sonoraenequipo.com.mx\/preven-temporada-muy-activa-de-ciclones-en-el-atlantico-alistan-albergues-en-campeche\/#primaryimage\"},\"thumbnailUrl\":\"https:\/\/www.sonoraenequipo.com.mx\/storage\/2022\/05\/huracanes.jpg\",\"datePublished\":\"2022-05-18T03:25:28+00:00\",\"dateModified\":\"2022-05-18T13:15:09+00:00\",\"description\":\"CAMPECHE. MX. \u2014 Seg\u00fan pron\u00f3sticos de la Comisi\u00f3n Nacional del Agua, el Oc\u00e9ano Atl\u00e1ntico tendr\u00e1 una gran actividad cicl\u00f3nica en esta temporada, pues se En Sonora en Equipo publicamos toda la informaci\u00f3n de Sonora, M\u00e9xico y el Mundo de manera oportuna y busca que la libertad de expresi\u00f3n sea real. Visita nuestro medio informativo publicado desde Hermosillo, Sonora. %\",\"breadcrumb\":{\"@id\":\"https:\/\/www.sonoraenequipo.com.mx\/preven-temporada-muy-activa-de-ciclones-en-el-atlantico-alistan-albergues-en-campeche\/#breadcrumb\"},\"inLanguage\":\"es\",\"potentialAction\":[{\"@type\":\"ReadAction\",\"target\":[\"https:\/\/www.sonoraenequipo.com.mx\/preven-temporada-muy-activa-de-ciclones-en-el-atlantico-alistan-albergues-en-campeche\/\"]}]},{\"@type\":\"ImageObject\",\"inLanguage\":\"es\",\"@id\":\"https:\/\/www.sonoraenequipo.com.mx\/preven-temporada-muy-activa-de-ciclones-en-el-atlantico-alistan-albergues-en-campeche\/#primaryimage\",\"url\":\"https:\/\/www.sonoraenequipo.com.mx\/storage\/2022\/05\/huracanes.jpg\",\"contentUrl\":\"https:\/\/www.sonoraenequipo.com.mx\/storage\/2022\/05\/huracanes.jpg\",\"width\":700,\"height\":400},{\"@type\":\"BreadcrumbList\",\"@id\":\"https:\/\/www.sonoraenequipo.com.mx\/preven-temporada-muy-activa-de-ciclones-en-el-atlantico-alistan-albergues-en-campeche\/#breadcrumb\",\"itemListElement\":[{\"@type\":\"ListItem\",\"position\":1,\"name\":\"Portada\",\"item\":\"https:\/\/www.sonoraenequipo.com.mx\/\"},{\"@type\":\"ListItem\",\"position\":2,\"name\":\"Prev\u00e9n temporada muy activa de ciclones en el Atl\u00e1ntico; alistan albergues en Campeche\"}]},{\"@type\":\"WebSite\",\"@id\":\"https:\/\/www.sonoraenequipo.com.mx\/#website\",\"url\":\"https:\/\/www.sonoraenequipo.com.mx\/\",\"name\":\"Sonora en Equipo.\",\"description\":\"Diario en l\u00ednea con Noticias desde Hermosillo, Sonora\",\"publisher\":{\"@id\":\"https:\/\/www.sonoraenequipo.com.mx\/#organization\"},\"potentialAction\":[{\"@type\":\"SearchAction\",\"target\":{\"@type\":\"EntryPoint\",\"urlTemplate\":\"https:\/\/www.sonoraenequipo.com.mx\/?s={search_term_string}\"},\"query-input\":{\"@type\":\"PropertyValueSpecification\",\"valueRequired\":true,\"valueName\":\"search_term_string\"}}],\"inLanguage\":\"es\"},{\"@type\":\"Organization\",\"@id\":\"https:\/\/www.sonoraenequipo.com.mx\/#organization\",\"name\":\"Sonoraenequipo.com.mx\",\"url\":\"https:\/\/www.sonoraenequipo.com.mx\/\",\"logo\":{\"@type\":\"ImageObject\",\"inLanguage\":\"es\",\"@id\":\"https:\/\/www.sonoraenequipo.com.mx\/#\/schema\/logo\/image\/\",\"url\":\"https:\/\/www.sonoraenequipo.com.mx\/storage\/2019\/01\/sonoraenequipo_opt.png\",\"contentUrl\":\"https:\/\/www.sonoraenequipo.com.mx\/storage\/2019\/01\/sonoraenequipo_opt.png\",\"width\":375,\"height\":125,\"caption\":\"Sonoraenequipo.com.mx\"},\"image\":{\"@id\":\"https:\/\/www.sonoraenequipo.com.mx\/#\/schema\/logo\/image\/\"},\"sameAs\":[\"https:\/\/www.facebook.com\/SonoraEE\/\",\"https:\/\/x.com\/sonoraenequipo\",\"https:\/\/www.youtube.com\/channel\/UC338nW-lPEYmJQs4ZABQ1SQ\"]},{\"@type\":\"Person\",\"@id\":\"https:\/\/www.sonoraenequipo.com.mx\/#\/schema\/person\/50102df0fb23a8fa9e8effad8fa81386\",\"name\":\"enequipo\",\"image\":{\"@type\":\"ImageObject\",\"inLanguage\":\"es\",\"@id\":\"https:\/\/www.sonoraenequipo.com.mx\/#\/schema\/person\/image\/\",\"url\":\"https:\/\/secure.gravatar.com\/avatar\/049821681b589dabc0bc20695993ccebb09f5b5d4d790cd9251b97faac7c652b?s=96&d=blank&r=g\",\"contentUrl\":\"https:\/\/secure.gravatar.com\/avatar\/049821681b589dabc0bc20695993ccebb09f5b5d4d790cd9251b97faac7c652b?s=96&d=blank&r=g\",\"caption\":\"enequipo\"},\"sameAs\":[\"https:\/\/www.facebook.com\/SonoraEE\"]}]}<\/script>\n ","yoast_head_json":{"title":"Sonora en Equipo. Prev\u00e9n temporada muy activa de ciclones en el Atl\u00e1ntico; alistan albergues en Campeche Rep\u00fablica","description":"CAMPECHE. MX. \u2014 Seg\u00fan pron\u00f3sticos de la Comisi\u00f3n Nacional del Agua, el Oc\u00e9ano Atl\u00e1ntico tendr\u00e1 una gran actividad cicl\u00f3nica en esta temporada, pues se En Sonora en Equipo publicamos toda la informaci\u00f3n de Sonora, M\u00e9xico y el Mundo de manera oportuna y busca que la libertad de expresi\u00f3n sea real. Visita nuestro medio informativo publicado desde Hermosillo, Sonora. %","robots":{"index":"index","follow":"follow","max-snippet":"max-snippet:-1","max-image-preview":"max-image-preview:large","max-video-preview":"max-video-preview:-1"},"canonical":"https:\/\/www.sonoraenequipo.com.mx\/preven-temporada-muy-activa-de-ciclones-en-el-atlantico-alistan-albergues-en-campeche\/","og_locale":"es_ES","og_type":"article","og_title":"Sonora en Equipo. Prev\u00e9n temporada muy activa de ciclones en el Atl\u00e1ntico; alistan albergues en Campeche Rep\u00fablica","og_description":"CAMPECHE. MX. \u2014 Seg\u00fan pron\u00f3sticos de la Comisi\u00f3n Nacional del Agua, el Oc\u00e9ano Atl\u00e1ntico tendr\u00e1 una gran actividad cicl\u00f3nica en esta temporada, pues se En Sonora en Equipo publicamos toda la informaci\u00f3n de Sonora, M\u00e9xico y el Mundo de manera oportuna y busca que la libertad de expresi\u00f3n sea real. Visita nuestro medio informativo publicado desde Hermosillo, Sonora. %","og_url":"https:\/\/www.sonoraenequipo.com.mx\/preven-temporada-muy-activa-de-ciclones-en-el-atlantico-alistan-albergues-en-campeche\/","og_site_name":"Sonora en Equipo.","article_publisher":"https:\/\/www.facebook.com\/SonoraEE\/","article_author":"https:\/\/www.facebook.com\/SonoraEE","article_published_time":"2022-05-18T03:25:28+00:00","article_modified_time":"2022-05-18T13:15:09+00:00","og_image":[{"width":700,"height":400,"url":"https:\/\/www.sonoraenequipo.com.mx\/storage\/2022\/05\/huracanes.jpg","type":"image\/jpeg"}],"author":"enequipo","twitter_card":"summary_large_image","twitter_creator":"@sonoraenequipo","twitter_site":"@sonoraenequipo","twitter_misc":{"Escrito por":"enequipo","Tiempo de lectura":"2 minutos"},"schema":{"@context":"https:\/\/schema.org","@graph":[{"@type":"Article","@id":"https:\/\/www.sonoraenequipo.com.mx\/preven-temporada-muy-activa-de-ciclones-en-el-atlantico-alistan-albergues-en-campeche\/#article","isPartOf":{"@id":"https:\/\/www.sonoraenequipo.com.mx\/preven-temporada-muy-activa-de-ciclones-en-el-atlantico-alistan-albergues-en-campeche\/"},"author":{"name":"enequipo","@id":"https:\/\/www.sonoraenequipo.com.mx\/#\/schema\/person\/50102df0fb23a8fa9e8effad8fa81386"},"headline":"Prev\u00e9n temporada muy activa de ciclones en el Atl\u00e1ntico; alistan albergues en Campeche","datePublished":"2022-05-18T03:25:28+00:00","dateModified":"2022-05-18T13:15:09+00:00","mainEntityOfPage":{"@id":"https:\/\/www.sonoraenequipo.com.mx\/preven-temporada-muy-activa-de-ciclones-en-el-atlantico-alistan-albergues-en-campeche\/"},"wordCount":482,"commentCount":0,"publisher":{"@id":"https:\/\/www.sonoraenequipo.com.mx\/#organization"},"image":{"@id":"https:\/\/www.sonoraenequipo.com.mx\/preven-temporada-muy-activa-de-ciclones-en-el-atlantico-alistan-albergues-en-campeche\/#primaryimage"},"thumbnailUrl":"https:\/\/www.sonoraenequipo.com.mx\/storage\/2022\/05\/huracanes.jpg","articleSection":["Rep\u00fablica"],"inLanguage":"es","potentialAction":[{"@type":"CommentAction","name":"Comment","target":["https:\/\/www.sonoraenequipo.com.mx\/preven-temporada-muy-activa-de-ciclones-en-el-atlantico-alistan-albergues-en-campeche\/#respond"]}]},{"@type":"WebPage","@id":"https:\/\/www.sonoraenequipo.com.mx\/preven-temporada-muy-activa-de-ciclones-en-el-atlantico-alistan-albergues-en-campeche\/","url":"https:\/\/www.sonoraenequipo.com.mx\/preven-temporada-muy-activa-de-ciclones-en-el-atlantico-alistan-albergues-en-campeche\/","name":"Sonora en Equipo. Prev\u00e9n temporada muy activa de ciclones en el Atl\u00e1ntico; alistan albergues en Campeche Rep\u00fablica","isPartOf":{"@id":"https:\/\/www.sonoraenequipo.com.mx\/#website"},"primaryImageOfPage":{"@id":"https:\/\/www.sonoraenequipo.com.mx\/preven-temporada-muy-activa-de-ciclones-en-el-atlantico-alistan-albergues-en-campeche\/#primaryimage"},"image":{"@id":"https:\/\/www.sonoraenequipo.com.mx\/preven-temporada-muy-activa-de-ciclones-en-el-atlantico-alistan-albergues-en-campeche\/#primaryimage"},"thumbnailUrl":"https:\/\/www.sonoraenequipo.com.mx\/storage\/2022\/05\/huracanes.jpg","datePublished":"2022-05-18T03:25:28+00:00","dateModified":"2022-05-18T13:15:09+00:00","description":"CAMPECHE. MX. \u2014 Seg\u00fan pron\u00f3sticos de la Comisi\u00f3n Nacional del Agua, el Oc\u00e9ano Atl\u00e1ntico tendr\u00e1 una gran actividad cicl\u00f3nica en esta temporada, pues se En Sonora en Equipo publicamos toda la informaci\u00f3n de Sonora, M\u00e9xico y el Mundo de manera oportuna y busca que la libertad de expresi\u00f3n sea real. Visita nuestro medio informativo publicado desde Hermosillo, Sonora. %","breadcrumb":{"@id":"https:\/\/www.sonoraenequipo.com.mx\/preven-temporada-muy-activa-de-ciclones-en-el-atlantico-alistan-albergues-en-campeche\/#breadcrumb"},"inLanguage":"es","potentialAction":[{"@type":"ReadAction","target":["https:\/\/www.sonoraenequipo.com.mx\/preven-temporada-muy-activa-de-ciclones-en-el-atlantico-alistan-albergues-en-campeche\/"]}]},{"@type":"ImageObject","inLanguage":"es","@id":"https:\/\/www.sonoraenequipo.com.mx\/preven-temporada-muy-activa-de-ciclones-en-el-atlantico-alistan-albergues-en-campeche\/#primaryimage","url":"https:\/\/www.sonoraenequipo.com.mx\/storage\/2022\/05\/huracanes.jpg","contentUrl":"https:\/\/www.sonoraenequipo.com.mx\/storage\/2022\/05\/huracanes.jpg","width":700,"height":400},{"@type":"BreadcrumbList","@id":"https:\/\/www.sonoraenequipo.com.mx\/preven-temporada-muy-activa-de-ciclones-en-el-atlantico-alistan-albergues-en-campeche\/#breadcrumb","itemListElement":[{"@type":"ListItem","position":1,"name":"Portada","item":"https:\/\/www.sonoraenequipo.com.mx\/"},{"@type":"ListItem","position":2,"name":"Prev\u00e9n temporada muy activa de ciclones en el Atl\u00e1ntico; alistan albergues en Campeche"}]},{"@type":"WebSite","@id":"https:\/\/www.sonoraenequipo.com.mx\/#website","url":"https:\/\/www.sonoraenequipo.com.mx\/","name":"Sonora en Equipo.","description":"Diario en l\u00ednea con Noticias desde Hermosillo, Sonora","publisher":{"@id":"https:\/\/www.sonoraenequipo.com.mx\/#organization"},"potentialAction":[{"@type":"SearchAction","target":{"@type":"EntryPoint","urlTemplate":"https:\/\/www.sonoraenequipo.com.mx\/?s={search_term_string}"},"query-input":{"@type":"PropertyValueSpecification","valueRequired":true,"valueName":"search_term_string"}}],"inLanguage":"es"},{"@type":"Organization","@id":"https:\/\/www.sonoraenequipo.com.mx\/#organization","name":"Sonoraenequipo.com.mx","url":"https:\/\/www.sonoraenequipo.com.mx\/","logo":{"@type":"ImageObject","inLanguage":"es","@id":"https:\/\/www.sonoraenequipo.com.mx\/#\/schema\/logo\/image\/","url":"https:\/\/www.sonoraenequipo.com.mx\/storage\/2019\/01\/sonoraenequipo_opt.png","contentUrl":"https:\/\/www.sonoraenequipo.com.mx\/storage\/2019\/01\/sonoraenequipo_opt.png","width":375,"height":125,"caption":"Sonoraenequipo.com.mx"},"image":{"@id":"https:\/\/www.sonoraenequipo.com.mx\/#\/schema\/logo\/image\/"},"sameAs":["https:\/\/www.facebook.com\/SonoraEE\/","https:\/\/x.com\/sonoraenequipo","https:\/\/www.youtube.com\/channel\/UC338nW-lPEYmJQs4ZABQ1SQ"]},{"@type":"Person","@id":"https:\/\/www.sonoraenequipo.com.mx\/#\/schema\/person\/50102df0fb23a8fa9e8effad8fa81386","name":"enequipo","image":{"@type":"ImageObject","inLanguage":"es","@id":"https:\/\/www.sonoraenequipo.com.mx\/#\/schema\/person\/image\/","url":"https:\/\/secure.gravatar.com\/avatar\/049821681b589dabc0bc20695993ccebb09f5b5d4d790cd9251b97faac7c652b?s=96&d=blank&r=g","contentUrl":"https:\/\/secure.gravatar.com\/avatar\/049821681b589dabc0bc20695993ccebb09f5b5d4d790cd9251b97faac7c652b?s=96&d=blank&r=g","caption":"enequipo"},"sameAs":["https:\/\/www.facebook.com\/SonoraEE"]}]}},"jetpack_featured_media_url":"https:\/\/www.sonoraenequipo.com.mx\/storage\/2022\/05\/huracanes.jpg","_links":{"self":[{"href":"https:\/\/www.sonoraenequipo.com.mx\/api\/wp\/v2\/posts\/138739","targetHints":{"allow":["GET"]}}],"collection":[{"href":"https:\/\/www.sonoraenequipo.com.mx\/api\/wp\/v2\/posts"}],"about":[{"href":"https:\/\/www.sonoraenequipo.com.mx\/api\/wp\/v2\/types\/post"}],"author":[{"embeddable":true,"href":"https:\/\/www.sonoraenequipo.com.mx\/api\/wp\/v2\/users\/1"}],"replies":[{"embeddable":true,"href":"https:\/\/www.sonoraenequipo.com.mx\/api\/wp\/v2\/comments?post=138739"}],"version-history":[{"count":1,"href":"https:\/\/www.sonoraenequipo.com.mx\/api\/wp\/v2\/posts\/138739\/revisions"}],"predecessor-version":[{"id":138741,"href":"https:\/\/www.sonoraenequipo.com.mx\/api\/wp\/v2\/posts\/138739\/revisions\/138741"}],"wp:featuredmedia":[{"embeddable":true,"href":"https:\/\/www.sonoraenequipo.com.mx\/api\/wp\/v2\/media\/138740"}],"wp:attachment":[{"href":"https:\/\/www.sonoraenequipo.com.mx\/api\/wp\/v2\/media?parent=138739"}],"wp:term":[{"taxonomy":"category","embeddable":true,"href":"https:\/\/www.sonoraenequipo.com.mx\/api\/wp\/v2\/categories?post=138739"},{"taxonomy":"post_tag","embeddable":true,"href":"https:\/\/www.sonoraenequipo.com.mx\/api\/wp\/v2\/tags?post=138739"}],"curies":[{"name":"wp","href":"https:\/\/api.w.org\/{rel}","templated":true}]}}