{"id":138742,"date":"2022-05-17T21:50:47","date_gmt":"2022-05-18T04:50:47","guid":{"rendered":"https:\/\/www.sonoraenequipo.com.mx\/?p=138742"},"modified":"2022-05-18T06:27:30","modified_gmt":"2022-05-18T13:27:30","slug":"guerrero-se-suma-a-los-estados-que-ya-despenalizaron-el-aborto","status":"publish","type":"post","link":"https:\/\/www.sonoraenequipo.com.mx\/guerrero-se-suma-a-los-estados-que-ya-despenalizaron-el-aborto\/","title":{"rendered":"Guerrero se suma a los estados que ya despenalizaron el aborto."},"content":{"rendered":"<p><strong>CHILPANCINGO, GUERRERO. MX. \u2014<\/strong> Guerrero se convierte en la octava entidad del pa\u00eds en despenalizar el aborto hasta las 12 semanas de gestaci\u00f3n luego de que el Congreso local vot\u00f3 con 30 votos a favor, una abstenci\u00f3n, un voto nulo y 13 en contra.<\/p>\n<p>&nbsp;<\/p>\n<p> <\/p>\n<p>&nbsp;<\/p>\n<p>Con esta decisi\u00f3n se suma a la Ciudad de M\u00e9xico, Oaxaca, Hidalgo, Veracruz, Baja California, Colima y Sinaloa en permitir la interrupci\u00f3n legal del embarazo.<\/p>\n<h3><\/h3>\n<h3>Los grupos feministas celebraron afuera del Congreso.<\/h3>\n<p>&nbsp;<\/p>\n<p>La legislatura LXIII aval\u00f3 derogar el art\u00edculo 158 del C\u00f3digo Penal de estado de Guerrero que penalizaba de 1 a 3 a\u00f1os a las mujeres que se sometieran a un aborto voluntario.<\/p>\n<p>&nbsp;<\/p>\n<p>Entre las modificaciones hechas a la legislaci\u00f3n se aprob\u00f3 tambi\u00e9n eliminar la denuncia penal como requisito para abortar en caso de violaci\u00f3n, establecido en el art\u00edculo 159.<\/p>\n<p>&nbsp;<\/p>\n<h3>Choque entre grupos provida y feministas<\/h3>\n<p>&nbsp;<\/p>\n<p>&nbsp;<\/p>\n<p>La aprobaci\u00f3n del aborto se dio en medio de protestas de grupos provida y feministas, quienes no cesaron sus manifestaciones desde el pasado 28 de abril, cuando la Comisi\u00f3n de Justicia aprob\u00f3 el dictamen sometido a votaci\u00f3n este martes.<\/p>\n<p>&nbsp;<\/p>\n<p>&nbsp;<\/p>\n<p>Al interior del congreso estatal tambi\u00e9n se dieron opiniones encontradas e incluso Julieta Fern\u00e1ndez M\u00e1rquez, legisladora del ante oficialista Partido Revolucionario Institucional (PRI), acus\u00f3 a la iniciativa Spotlight de Naciones Unidas y a la organizaci\u00f3n GIRE, que da servicios de aborto legal y seguro en M\u00e9xico, de promover la interrupci\u00f3n voluntaria del embarazo y tener presupuesto \u201cal servicio de la industria del aborto\u201d.<\/p>\n<p>&nbsp;<\/p>\n<p>Mientras que el diputado del partido Movimiento Regeneraci\u00f3n Nacional (Morena), Antonio Helguera Jim\u00e9nez, consider\u00f3 que los se\u00f1alamientos \u201cson tendenciosos para hacer quedar mal a los legisladores\u201d.<\/p>\n<p>&nbsp;<\/p>\n<p>Adem\u00e1s, dijo que \u201cno se trata de un s\u00ed al aborto o un no a la vida, sino una muestra de compromiso con el derecho de las mujeres a decidir sobre su cuerpo y como un mandato constitucional\u201d.<\/p>\n<p>&nbsp;<\/p>\n<p>Guerrero es una entidad que cuenta con dos declaratorias de alerta de violencia de g\u00e9nero por agravio comparado, decretadas por la Comisi\u00f3n Nacional para Prevenir y Erradicar la Violencia contra las Mujeres (Conavim) y entre los temas a revisar estaba la despenalizaci\u00f3n del aborto.<\/p>\n<p>&nbsp;<\/p>\n<p>En el estado de Guerrero por lo menos tres legislaturas hab\u00edan aplazado la despenalizaci\u00f3n del aborto. Incluso la anterior, con mayor\u00eda del partido izquierdista Morena, la ofreci\u00f3 en su campa\u00f1a pol\u00edtica.<\/p>\n<p>&nbsp;<\/p>\n<p>El 7 de septiembre de 2021, la Suprema Corte de Justicia declar\u00f3 inconstitucional la penalizaci\u00f3n del aborto en el norte\u00f1o estado de Coahuila.<\/p>\n<p>&nbsp;<\/p>\n<p>&nbsp;<\/p>\n<p>Aunque la decisi\u00f3n de la Corte solo invalid\u00f3 el C\u00f3digo Penal del estado Coahuila, en el norte mexicano, sent\u00f3 un precedente obligatorio para todos los tribunales del pa\u00eds, que deber\u00e1n fallar a favor de las mujeres de otros estados.<\/p>\n<p><a class=\"twitter-timeline\" data-width=\"640\" data-height=\"960\" data-dnt=\"true\" href=\"https:\/\/twitter.com\/congresogro?ref_src=twsrc%5Etfw\">Tweets by congresogro<\/a><script async src=\"https:\/\/platform.twitter.com\/widgets.js\" charset=\"utf-8\"><\/script><\/p>\n<p>&nbsp;<\/p>\n<p>&nbsp;<\/p>\n<p>(Publicada el 17\/05\/2022 \/Con informaci\u00f3n de EFE)<\/p>\n","protected":false},"excerpt":{"rendered":"<p>CHILPANCINGO, GUERRERO. MX. \u2014 Guerrero se convierte en la octava entidad del pa\u00eds en despenalizar&#8230;<\/p>\n","protected":false},"author":1,"featured_media":138743,"comment_status":"open","ping_status":"open","sticky":false,"template":"","format":"standard","meta":{"_monsterinsights_skip_tracking":false,"_monsterinsights_sitenote_active":false,"_monsterinsights_sitenote_note":"","_monsterinsights_sitenote_category":0,"footnotes":""},"categories":[5],"tags":[],"class_list":["post"],"yoast_head":" \n<title>Sonora en Equipo. Guerrero se suma a los estados que ya despenalizaron el aborto. Rep\u00fablica<\/title>\n<meta name=\"description\" content=\"CHILPANCINGO, GUERRERO. MX. \u2014 Guerrero se convierte en la octava entidad del pa\u00eds en despenalizar el aborto hasta las 12 semanas de gestaci\u00f3n luego de que En Sonora en Equipo publicamos toda la informaci\u00f3n de Sonora, M\u00e9xico y el Mundo de manera oportuna y busca que la libertad de expresi\u00f3n sea real. Visita nuestro medio informativo publicado desde Hermosillo, Sonora. %\" \/>\n<meta name=\"robots\" content=\"index, follow, max-snippet:-1, max-image-preview:large, max-video-preview:-1\" \/>\n<link rel=\"canonical\" href=\"https:\/\/www.sonoraenequipo.com.mx\/guerrero-se-suma-a-los-estados-que-ya-despenalizaron-el-aborto\/\" \/>\n<meta property=\"og:locale\" content=\"es_ES\" \/>\n<meta property=\"og:type\" content=\"article\" \/>\n<meta property=\"og:title\" content=\"Sonora en Equipo. Guerrero se suma a los estados que ya despenalizaron el aborto. Rep\u00fablica\" \/>\n<meta property=\"og:description\" content=\"CHILPANCINGO, GUERRERO. MX. \u2014 Guerrero se convierte en la octava entidad del pa\u00eds en despenalizar el aborto hasta las 12 semanas de gestaci\u00f3n luego de que En Sonora en Equipo publicamos toda la informaci\u00f3n de Sonora, M\u00e9xico y el Mundo de manera oportuna y busca que la libertad de expresi\u00f3n sea real. Visita nuestro medio informativo publicado desde Hermosillo, Sonora. %\" \/>\n<meta property=\"og:url\" content=\"https:\/\/www.sonoraenequipo.com.mx\/guerrero-se-suma-a-los-estados-que-ya-despenalizaron-el-aborto\/\" \/>\n<meta property=\"og:site_name\" content=\"Sonora en Equipo.\" \/>\n<meta property=\"article:publisher\" content=\"https:\/\/www.facebook.com\/SonoraEE\/\" \/>\n<meta property=\"article:author\" content=\"https:\/\/www.facebook.com\/SonoraEE\" \/>\n<meta property=\"article:published_time\" content=\"2022-05-18T04:50:47+00:00\" \/>\n<meta property=\"article:modified_time\" content=\"2022-05-18T13:27:30+00:00\" \/>\n<meta property=\"og:image\" content=\"https:\/\/www.sonoraenequipo.com.mx\/storage\/2022\/05\/guerrero-aborto.jpg\" \/>\n\t<meta property=\"og:image:width\" content=\"700\" \/>\n\t<meta property=\"og:image:height\" content=\"400\" \/>\n\t<meta property=\"og:image:type\" content=\"image\/jpeg\" \/>\n<meta name=\"author\" content=\"enequipo\" \/>\n<meta name=\"twitter:card\" content=\"summary_large_image\" \/>\n<meta name=\"twitter:creator\" content=\"@sonoraenequipo\" \/>\n<meta name=\"twitter:site\" content=\"@sonoraenequipo\" \/>\n<meta name=\"twitter:label1\" content=\"Escrito por\" \/>\n\t<meta name=\"twitter:data1\" content=\"enequipo\" \/>\n\t<meta name=\"twitter:label2\" content=\"Tiempo de lectura\" \/>\n\t<meta name=\"twitter:data2\" content=\"3 minutos\" \/>\n<script type=\"application\/ld+json\" class=\"yoast-schema-graph\">{\"@context\":\"https:\/\/schema.org\",\"@graph\":[{\"@type\":\"Article\",\"@id\":\"https:\/\/www.sonoraenequipo.com.mx\/guerrero-se-suma-a-los-estados-que-ya-despenalizaron-el-aborto\/#article\",\"isPartOf\":{\"@id\":\"https:\/\/www.sonoraenequipo.com.mx\/guerrero-se-suma-a-los-estados-que-ya-despenalizaron-el-aborto\/\"},\"author\":{\"name\":\"enequipo\",\"@id\":\"https:\/\/www.sonoraenequipo.com.mx\/#\/schema\/person\/50102df0fb23a8fa9e8effad8fa81386\"},\"headline\":\"Guerrero se suma a los estados que ya despenalizaron el aborto.\",\"datePublished\":\"2022-05-18T04:50:47+00:00\",\"dateModified\":\"2022-05-18T13:27:30+00:00\",\"mainEntityOfPage\":{\"@id\":\"https:\/\/www.sonoraenequipo.com.mx\/guerrero-se-suma-a-los-estados-que-ya-despenalizaron-el-aborto\/\"},\"wordCount\":513,\"commentCount\":0,\"publisher\":{\"@id\":\"https:\/\/www.sonoraenequipo.com.mx\/#organization\"},\"image\":{\"@id\":\"https:\/\/www.sonoraenequipo.com.mx\/guerrero-se-suma-a-los-estados-que-ya-despenalizaron-el-aborto\/#primaryimage\"},\"thumbnailUrl\":\"https:\/\/www.sonoraenequipo.com.mx\/storage\/2022\/05\/guerrero-aborto.jpg\",\"articleSection\":[\"Rep\u00fablica\"],\"inLanguage\":\"es\",\"potentialAction\":[{\"@type\":\"CommentAction\",\"name\":\"Comment\",\"target\":[\"https:\/\/www.sonoraenequipo.com.mx\/guerrero-se-suma-a-los-estados-que-ya-despenalizaron-el-aborto\/#respond\"]}]},{\"@type\":\"WebPage\",\"@id\":\"https:\/\/www.sonoraenequipo.com.mx\/guerrero-se-suma-a-los-estados-que-ya-despenalizaron-el-aborto\/\",\"url\":\"https:\/\/www.sonoraenequipo.com.mx\/guerrero-se-suma-a-los-estados-que-ya-despenalizaron-el-aborto\/\",\"name\":\"Sonora en Equipo. Guerrero se suma a los estados que ya despenalizaron el aborto. Rep\u00fablica\",\"isPartOf\":{\"@id\":\"https:\/\/www.sonoraenequipo.com.mx\/#website\"},\"primaryImageOfPage\":{\"@id\":\"https:\/\/www.sonoraenequipo.com.mx\/guerrero-se-suma-a-los-estados-que-ya-despenalizaron-el-aborto\/#primaryimage\"},\"image\":{\"@id\":\"https:\/\/www.sonoraenequipo.com.mx\/guerrero-se-suma-a-los-estados-que-ya-despenalizaron-el-aborto\/#primaryimage\"},\"thumbnailUrl\":\"https:\/\/www.sonoraenequipo.com.mx\/storage\/2022\/05\/guerrero-aborto.jpg\",\"datePublished\":\"2022-05-18T04:50:47+00:00\",\"dateModified\":\"2022-05-18T13:27:30+00:00\",\"description\":\"CHILPANCINGO, GUERRERO. MX. \u2014 Guerrero se convierte en la octava entidad del pa\u00eds en despenalizar el aborto hasta las 12 semanas de gestaci\u00f3n luego de que En Sonora en Equipo publicamos toda la informaci\u00f3n de Sonora, M\u00e9xico y el Mundo de manera oportuna y busca que la libertad de expresi\u00f3n sea real. Visita nuestro medio informativo publicado desde Hermosillo, Sonora. %\",\"breadcrumb\":{\"@id\":\"https:\/\/www.sonoraenequipo.com.mx\/guerrero-se-suma-a-los-estados-que-ya-despenalizaron-el-aborto\/#breadcrumb\"},\"inLanguage\":\"es\",\"potentialAction\":[{\"@type\":\"ReadAction\",\"target\":[\"https:\/\/www.sonoraenequipo.com.mx\/guerrero-se-suma-a-los-estados-que-ya-despenalizaron-el-aborto\/\"]}]},{\"@type\":\"ImageObject\",\"inLanguage\":\"es\",\"@id\":\"https:\/\/www.sonoraenequipo.com.mx\/guerrero-se-suma-a-los-estados-que-ya-despenalizaron-el-aborto\/#primaryimage\",\"url\":\"https:\/\/www.sonoraenequipo.com.mx\/storage\/2022\/05\/guerrero-aborto.jpg\",\"contentUrl\":\"https:\/\/www.sonoraenequipo.com.mx\/storage\/2022\/05\/guerrero-aborto.jpg\",\"width\":700,\"height\":400},{\"@type\":\"BreadcrumbList\",\"@id\":\"https:\/\/www.sonoraenequipo.com.mx\/guerrero-se-suma-a-los-estados-que-ya-despenalizaron-el-aborto\/#breadcrumb\",\"itemListElement\":[{\"@type\":\"ListItem\",\"position\":1,\"name\":\"Portada\",\"item\":\"https:\/\/www.sonoraenequipo.com.mx\/\"},{\"@type\":\"ListItem\",\"position\":2,\"name\":\"Guerrero se suma a los estados que ya despenalizaron el aborto.\"}]},{\"@type\":\"WebSite\",\"@id\":\"https:\/\/www.sonoraenequipo.com.mx\/#website\",\"url\":\"https:\/\/www.sonoraenequipo.com.mx\/\",\"name\":\"Sonora en Equipo.\",\"description\":\"Diario en l\u00ednea con Noticias desde Hermosillo, Sonora\",\"publisher\":{\"@id\":\"https:\/\/www.sonoraenequipo.com.mx\/#organization\"},\"potentialAction\":[{\"@type\":\"SearchAction\",\"target\":{\"@type\":\"EntryPoint\",\"urlTemplate\":\"https:\/\/www.sonoraenequipo.com.mx\/?s={search_term_string}\"},\"query-input\":{\"@type\":\"PropertyValueSpecification\",\"valueRequired\":true,\"valueName\":\"search_term_string\"}}],\"inLanguage\":\"es\"},{\"@type\":\"Organization\",\"@id\":\"https:\/\/www.sonoraenequipo.com.mx\/#organization\",\"name\":\"Sonoraenequipo.com.mx\",\"url\":\"https:\/\/www.sonoraenequipo.com.mx\/\",\"logo\":{\"@type\":\"ImageObject\",\"inLanguage\":\"es\",\"@id\":\"https:\/\/www.sonoraenequipo.com.mx\/#\/schema\/logo\/image\/\",\"url\":\"https:\/\/www.sonoraenequipo.com.mx\/storage\/2019\/01\/sonoraenequipo_opt.png\",\"contentUrl\":\"https:\/\/www.sonoraenequipo.com.mx\/storage\/2019\/01\/sonoraenequipo_opt.png\",\"width\":375,\"height\":125,\"caption\":\"Sonoraenequipo.com.mx\"},\"image\":{\"@id\":\"https:\/\/www.sonoraenequipo.com.mx\/#\/schema\/logo\/image\/\"},\"sameAs\":[\"https:\/\/www.facebook.com\/SonoraEE\/\",\"https:\/\/x.com\/sonoraenequipo\",\"https:\/\/www.youtube.com\/channel\/UC338nW-lPEYmJQs4ZABQ1SQ\"]},{\"@type\":\"Person\",\"@id\":\"https:\/\/www.sonoraenequipo.com.mx\/#\/schema\/person\/50102df0fb23a8fa9e8effad8fa81386\",\"name\":\"enequipo\",\"image\":{\"@type\":\"ImageObject\",\"inLanguage\":\"es\",\"@id\":\"https:\/\/www.sonoraenequipo.com.mx\/#\/schema\/person\/image\/\",\"url\":\"https:\/\/secure.gravatar.com\/avatar\/049821681b589dabc0bc20695993ccebb09f5b5d4d790cd9251b97faac7c652b?s=96&d=blank&r=g\",\"contentUrl\":\"https:\/\/secure.gravatar.com\/avatar\/049821681b589dabc0bc20695993ccebb09f5b5d4d790cd9251b97faac7c652b?s=96&d=blank&r=g\",\"caption\":\"enequipo\"},\"sameAs\":[\"https:\/\/www.facebook.com\/SonoraEE\"]}]}<\/script>\n ","yoast_head_json":{"title":"Sonora en Equipo. Guerrero se suma a los estados que ya despenalizaron el aborto. Rep\u00fablica","description":"CHILPANCINGO, GUERRERO. MX. \u2014 Guerrero se convierte en la octava entidad del pa\u00eds en despenalizar el aborto hasta las 12 semanas de gestaci\u00f3n luego de que En Sonora en Equipo publicamos toda la informaci\u00f3n de Sonora, M\u00e9xico y el Mundo de manera oportuna y busca que la libertad de expresi\u00f3n sea real. Visita nuestro medio informativo publicado desde Hermosillo, Sonora. %","robots":{"index":"index","follow":"follow","max-snippet":"max-snippet:-1","max-image-preview":"max-image-preview:large","max-video-preview":"max-video-preview:-1"},"canonical":"https:\/\/www.sonoraenequipo.com.mx\/guerrero-se-suma-a-los-estados-que-ya-despenalizaron-el-aborto\/","og_locale":"es_ES","og_type":"article","og_title":"Sonora en Equipo. Guerrero se suma a los estados que ya despenalizaron el aborto. Rep\u00fablica","og_description":"CHILPANCINGO, GUERRERO. MX. \u2014 Guerrero se convierte en la octava entidad del pa\u00eds en despenalizar el aborto hasta las 12 semanas de gestaci\u00f3n luego de que En Sonora en Equipo publicamos toda la informaci\u00f3n de Sonora, M\u00e9xico y el Mundo de manera oportuna y busca que la libertad de expresi\u00f3n sea real. Visita nuestro medio informativo publicado desde Hermosillo, Sonora. %","og_url":"https:\/\/www.sonoraenequipo.com.mx\/guerrero-se-suma-a-los-estados-que-ya-despenalizaron-el-aborto\/","og_site_name":"Sonora en Equipo.","article_publisher":"https:\/\/www.facebook.com\/SonoraEE\/","article_author":"https:\/\/www.facebook.com\/SonoraEE","article_published_time":"2022-05-18T04:50:47+00:00","article_modified_time":"2022-05-18T13:27:30+00:00","og_image":[{"width":700,"height":400,"url":"https:\/\/www.sonoraenequipo.com.mx\/storage\/2022\/05\/guerrero-aborto.jpg","type":"image\/jpeg"}],"author":"enequipo","twitter_card":"summary_large_image","twitter_creator":"@sonoraenequipo","twitter_site":"@sonoraenequipo","twitter_misc":{"Escrito por":"enequipo","Tiempo de lectura":"3 minutos"},"schema":{"@context":"https:\/\/schema.org","@graph":[{"@type":"Article","@id":"https:\/\/www.sonoraenequipo.com.mx\/guerrero-se-suma-a-los-estados-que-ya-despenalizaron-el-aborto\/#article","isPartOf":{"@id":"https:\/\/www.sonoraenequipo.com.mx\/guerrero-se-suma-a-los-estados-que-ya-despenalizaron-el-aborto\/"},"author":{"name":"enequipo","@id":"https:\/\/www.sonoraenequipo.com.mx\/#\/schema\/person\/50102df0fb23a8fa9e8effad8fa81386"},"headline":"Guerrero se suma a los estados que ya despenalizaron el aborto.","datePublished":"2022-05-18T04:50:47+00:00","dateModified":"2022-05-18T13:27:30+00:00","mainEntityOfPage":{"@id":"https:\/\/www.sonoraenequipo.com.mx\/guerrero-se-suma-a-los-estados-que-ya-despenalizaron-el-aborto\/"},"wordCount":513,"commentCount":0,"publisher":{"@id":"https:\/\/www.sonoraenequipo.com.mx\/#organization"},"image":{"@id":"https:\/\/www.sonoraenequipo.com.mx\/guerrero-se-suma-a-los-estados-que-ya-despenalizaron-el-aborto\/#primaryimage"},"thumbnailUrl":"https:\/\/www.sonoraenequipo.com.mx\/storage\/2022\/05\/guerrero-aborto.jpg","articleSection":["Rep\u00fablica"],"inLanguage":"es","potentialAction":[{"@type":"CommentAction","name":"Comment","target":["https:\/\/www.sonoraenequipo.com.mx\/guerrero-se-suma-a-los-estados-que-ya-despenalizaron-el-aborto\/#respond"]}]},{"@type":"WebPage","@id":"https:\/\/www.sonoraenequipo.com.mx\/guerrero-se-suma-a-los-estados-que-ya-despenalizaron-el-aborto\/","url":"https:\/\/www.sonoraenequipo.com.mx\/guerrero-se-suma-a-los-estados-que-ya-despenalizaron-el-aborto\/","name":"Sonora en Equipo. Guerrero se suma a los estados que ya despenalizaron el aborto. Rep\u00fablica","isPartOf":{"@id":"https:\/\/www.sonoraenequipo.com.mx\/#website"},"primaryImageOfPage":{"@id":"https:\/\/www.sonoraenequipo.com.mx\/guerrero-se-suma-a-los-estados-que-ya-despenalizaron-el-aborto\/#primaryimage"},"image":{"@id":"https:\/\/www.sonoraenequipo.com.mx\/guerrero-se-suma-a-los-estados-que-ya-despenalizaron-el-aborto\/#primaryimage"},"thumbnailUrl":"https:\/\/www.sonoraenequipo.com.mx\/storage\/2022\/05\/guerrero-aborto.jpg","datePublished":"2022-05-18T04:50:47+00:00","dateModified":"2022-05-18T13:27:30+00:00","description":"CHILPANCINGO, GUERRERO. MX. \u2014 Guerrero se convierte en la octava entidad del pa\u00eds en despenalizar el aborto hasta las 12 semanas de gestaci\u00f3n luego de que En Sonora en Equipo publicamos toda la informaci\u00f3n de Sonora, M\u00e9xico y el Mundo de manera oportuna y busca que la libertad de expresi\u00f3n sea real. Visita nuestro medio informativo publicado desde Hermosillo, Sonora. %","breadcrumb":{"@id":"https:\/\/www.sonoraenequipo.com.mx\/guerrero-se-suma-a-los-estados-que-ya-despenalizaron-el-aborto\/#breadcrumb"},"inLanguage":"es","potentialAction":[{"@type":"ReadAction","target":["https:\/\/www.sonoraenequipo.com.mx\/guerrero-se-suma-a-los-estados-que-ya-despenalizaron-el-aborto\/"]}]},{"@type":"ImageObject","inLanguage":"es","@id":"https:\/\/www.sonoraenequipo.com.mx\/guerrero-se-suma-a-los-estados-que-ya-despenalizaron-el-aborto\/#primaryimage","url":"https:\/\/www.sonoraenequipo.com.mx\/storage\/2022\/05\/guerrero-aborto.jpg","contentUrl":"https:\/\/www.sonoraenequipo.com.mx\/storage\/2022\/05\/guerrero-aborto.jpg","width":700,"height":400},{"@type":"BreadcrumbList","@id":"https:\/\/www.sonoraenequipo.com.mx\/guerrero-se-suma-a-los-estados-que-ya-despenalizaron-el-aborto\/#breadcrumb","itemListElement":[{"@type":"ListItem","position":1,"name":"Portada","item":"https:\/\/www.sonoraenequipo.com.mx\/"},{"@type":"ListItem","position":2,"name":"Guerrero se suma a los estados que ya despenalizaron el aborto."}]},{"@type":"WebSite","@id":"https:\/\/www.sonoraenequipo.com.mx\/#website","url":"https:\/\/www.sonoraenequipo.com.mx\/","name":"Sonora en Equipo.","description":"Diario en l\u00ednea con Noticias desde Hermosillo, Sonora","publisher":{"@id":"https:\/\/www.sonoraenequipo.com.mx\/#organization"},"potentialAction":[{"@type":"SearchAction","target":{"@type":"EntryPoint","urlTemplate":"https:\/\/www.sonoraenequipo.com.mx\/?s={search_term_string}"},"query-input":{"@type":"PropertyValueSpecification","valueRequired":true,"valueName":"search_term_string"}}],"inLanguage":"es"},{"@type":"Organization","@id":"https:\/\/www.sonoraenequipo.com.mx\/#organization","name":"Sonoraenequipo.com.mx","url":"https:\/\/www.sonoraenequipo.com.mx\/","logo":{"@type":"ImageObject","inLanguage":"es","@id":"https:\/\/www.sonoraenequipo.com.mx\/#\/schema\/logo\/image\/","url":"https:\/\/www.sonoraenequipo.com.mx\/storage\/2019\/01\/sonoraenequipo_opt.png","contentUrl":"https:\/\/www.sonoraenequipo.com.mx\/storage\/2019\/01\/sonoraenequipo_opt.png","width":375,"height":125,"caption":"Sonoraenequipo.com.mx"},"image":{"@id":"https:\/\/www.sonoraenequipo.com.mx\/#\/schema\/logo\/image\/"},"sameAs":["https:\/\/www.facebook.com\/SonoraEE\/","https:\/\/x.com\/sonoraenequipo","https:\/\/www.youtube.com\/channel\/UC338nW-lPEYmJQs4ZABQ1SQ"]},{"@type":"Person","@id":"https:\/\/www.sonoraenequipo.com.mx\/#\/schema\/person\/50102df0fb23a8fa9e8effad8fa81386","name":"enequipo","image":{"@type":"ImageObject","inLanguage":"es","@id":"https:\/\/www.sonoraenequipo.com.mx\/#\/schema\/person\/image\/","url":"https:\/\/secure.gravatar.com\/avatar\/049821681b589dabc0bc20695993ccebb09f5b5d4d790cd9251b97faac7c652b?s=96&d=blank&r=g","contentUrl":"https:\/\/secure.gravatar.com\/avatar\/049821681b589dabc0bc20695993ccebb09f5b5d4d790cd9251b97faac7c652b?s=96&d=blank&r=g","caption":"enequipo"},"sameAs":["https:\/\/www.facebook.com\/SonoraEE"]}]}},"jetpack_featured_media_url":"https:\/\/www.sonoraenequipo.com.mx\/storage\/2022\/05\/guerrero-aborto.jpg","_links":{"self":[{"href":"https:\/\/www.sonoraenequipo.com.mx\/api\/wp\/v2\/posts\/138742","targetHints":{"allow":["GET"]}}],"collection":[{"href":"https:\/\/www.sonoraenequipo.com.mx\/api\/wp\/v2\/posts"}],"about":[{"href":"https:\/\/www.sonoraenequipo.com.mx\/api\/wp\/v2\/types\/post"}],"author":[{"embeddable":true,"href":"https:\/\/www.sonoraenequipo.com.mx\/api\/wp\/v2\/users\/1"}],"replies":[{"embeddable":true,"href":"https:\/\/www.sonoraenequipo.com.mx\/api\/wp\/v2\/comments?post=138742"}],"version-history":[{"count":1,"href":"https:\/\/www.sonoraenequipo.com.mx\/api\/wp\/v2\/posts\/138742\/revisions"}],"predecessor-version":[{"id":138744,"href":"https:\/\/www.sonoraenequipo.com.mx\/api\/wp\/v2\/posts\/138742\/revisions\/138744"}],"wp:featuredmedia":[{"embeddable":true,"href":"https:\/\/www.sonoraenequipo.com.mx\/api\/wp\/v2\/media\/138743"}],"wp:attachment":[{"href":"https:\/\/www.sonoraenequipo.com.mx\/api\/wp\/v2\/media?parent=138742"}],"wp:term":[{"taxonomy":"category","embeddable":true,"href":"https:\/\/www.sonoraenequipo.com.mx\/api\/wp\/v2\/categories?post=138742"},{"taxonomy":"post_tag","embeddable":true,"href":"https:\/\/www.sonoraenequipo.com.mx\/api\/wp\/v2\/tags?post=138742"}],"curies":[{"name":"wp","href":"https:\/\/api.w.org\/{rel}","templated":true}]}}