{"id":138745,"date":"2022-05-17T22:45:55","date_gmt":"2022-05-18T05:45:55","guid":{"rendered":"https:\/\/www.sonoraenequipo.com.mx\/?p=138745"},"modified":"2022-05-18T06:47:36","modified_gmt":"2022-05-18T13:47:36","slug":"el-proximo-13-de-junio-grupo-de-trabajo-de-justicia-cotidiana-iniciara-parlamento-abierto","status":"publish","type":"post","link":"https:\/\/www.sonoraenequipo.com.mx\/el-proximo-13-de-junio-grupo-de-trabajo-de-justicia-cotidiana-iniciara-parlamento-abierto\/","title":{"rendered":"El pr\u00f3ximo 13 de junio, Grupo de Trabajo de Justicia Cotidiana iniciar\u00e1 Parlamento Abierto"},"content":{"rendered":"<p><strong>CIUDAD DE M\u00c9XICO.MX. \u2014<\/strong> El Grupo de Trabajo de Justicia Cotidiana, que coordina la diputada Aleida Alavez Ruiz (Morena), iniciar\u00e1 el pr\u00f3ximo lunes 13 de junio, el Parlamento Abierto para analizar la propuesta de expedir el C\u00f3digo Nacional de Procedimientos Civiles y Familiares.<\/p>\n<p>&nbsp;<\/p>\n<p> <\/p>\n<p>&nbsp;<\/p>\n<p>&nbsp;<\/p>\n<p>La diputada Alavez Ruiz precis\u00f3 que se busca arrancar con las conferencias magistrales del doctor y jurista Luigi Ferrajoli y del ministro Arturo Zald\u00edvar, presidente de la Suprema Corte de Justicia de la Naci\u00f3n.<\/p>\n<p>&nbsp;<\/p>\n<p>&nbsp;<\/p>\n<p>Indic\u00f3 que algunos de los foros del Parlamento Abierto podr\u00edan llevarse al interior del pa\u00eds e incluso podr\u00edan ser v\u00eda remota, en caso de que haya ponentes de otras entidades, con la finalidad de respetar la pluralidad.<\/p>\n<p>&nbsp;<\/p>\n<p>&nbsp;<\/p>\n<p>Precis\u00f3 que solicitar\u00e1 a Servicios Parlamentarios de la C\u00e1mara de Diputados todas las iniciativas de reformas al C\u00f3digo de Procedimientos Civiles, para que adem\u00e1s de las tres iniciativas que tienen el armado completo del c\u00f3digo, se contemple alg\u00fan otro tema.<\/p>\n<p>&nbsp;<\/p>\n<p>&nbsp;<\/p>\n<h3>Intervenci\u00f3n de diputadas y diputados<\/h3>\n<p>&nbsp;<\/p>\n<p>La diputada Sonia Mendoza D\u00edaz (PVEM) coment\u00f3 que est\u00e1 organizando en San Luis Potos\u00ed un foro con representantes del Poder Judicial, barras y asociaciones de abogados quienes son expertos y a veces aplican el derecho o lo interpretan; es importante tener conocimiento de su opini\u00f3n para fortalecer y enriquecer este trabajo.<\/p>\n<p>&nbsp;<\/p>\n<p>Consider\u00f3 que un mayor n\u00famero de participaciones y opiniones permitir\u00e1 obtener un mejor trabajo legislativo y ser\u00e1 un excelente C\u00f3digo de Justicia cotidiana. <em>\u201cEl foro se llevar\u00e1 a cabo a finales de este mes para lograr concentrarnos en el an\u00e1lisis y opini\u00f3n de gente experta y tener mejores aportaciones\u201d.<\/em><\/p>\n<p>&nbsp;<\/p>\n<p>Del PT, la diputada Mary Carmen Bernal Mart\u00ednez destac\u00f3 que las opiniones del Poder Judicial en los estados son importantes, sobre todo por el tema de la armonizaci\u00f3n de las leyes, ya que cada estado tiene sus propios c\u00f3digos en materia civil y familiar y, en muchas ocasiones, el C\u00f3digo Nacional entra a suplir lo que ellos no contemplan.<\/p>\n<p>&nbsp;<\/p>\n<p>\u201cMe gustar\u00eda tambi\u00e9n hacer un foro en Michoac\u00e1n, considero que es importante el tema y debemos darle la seriedad y formalidad que amerita. Estar\u00eda bien que el grupo de trabajo pudiera dar acompa\u00f1amiento a estos foros para darle la seriedad que se requiere\u201d, agreg\u00f3.<\/p>\n<p>&nbsp;<\/p>\n<p>La diputada Sue Ellen Bernal Bolnik (PRI) dijo que este parlamento debiera ser en el Congreso e invitar a las voces de todos los estados, acad\u00e9micos, universidades, litigantes, abogados, a todos quienes est\u00e9n interesados en participar. \u201c<em>Todos los grupos parlamentarios sabemos lo importante que es escucharlos ya que son quienes van a ocupar el C\u00f3digo diariamente\u201d.<\/em><\/p>\n<p>&nbsp;<\/p>\n<p>&nbsp;<\/p>\n<p>Mencion\u00f3 que ser\u00eda importante voltear a ver las iniciativas que ya se han presentado con reformas al C\u00f3digo Civil, porque es el momento de analizarlas, estudiar y ver si son viables.<\/p>\n<p>&nbsp;<\/p>\n<p>&nbsp;<\/p>\n<p>Desde plataforma digital, el diputado Pedro V\u00e1zquez Gonz\u00e1lez (PT) aplaudi\u00f3 que se est\u00e9 aterrizando el procedimiento y la forma de abordar las tres iniciativas, y que se tengan algunos de los temas del Parlamento Abierto, por lo que consider\u00f3 relevante publicitar en los medios de comunicaci\u00f3n el avance.<\/p>\n<p>&nbsp;<\/p>\n<p>Mencion\u00f3 que si bien la responsabilidad del Grupo no es dictaminar s\u00ed es la de proponer; de ah\u00ed que se requiere de la participaci\u00f3n de especialistas e interesados en el tema que pudieran fortalecer el planteamiento.<\/p>\n<p>&nbsp;<\/p>\n<h3>\nTemas del Parlamento Abierto<\/h3>\n<p>&nbsp;<\/p>\n<p>En la reuni\u00f3n se dieron a conocer los temas del Parlamento Abierto, que iniciar\u00eda el 13 de junio y se prev\u00e9 concluya el 19 de agosto.<\/p>\n<p>&nbsp;<\/p>\n<p>Se remiti\u00f3 a las y a los integrantes del grupo un cuadro comparativo con las tres iniciativas que existen en el Congreso de la Uni\u00f3n: la de los senadores Julio Menchaca Salazar y Ricardo Monreal \u00c1vila, de las diputadas Pilar Ortega Mart\u00ednez y Janet Murillo Ch\u00e1vez, y la de la senadora Mar\u00eda Guadalupe Murgu\u00eda Guti\u00e9rrez.<\/p>\n<p>&nbsp;<\/p>\n<p>Adem\u00e1s, se tiene contemplado que la pr\u00f3xima semana se presente una exposici\u00f3n sobre la divisi\u00f3n que hay en la materia civil y familiar en algunos estados del pa\u00eds, y otras en que ambas se mantienen en un solo c\u00f3digo, pues la Constituci\u00f3n prev\u00e9 la expedici\u00f3n de un c\u00f3digo para las dos.<\/p>\n<p>&nbsp;<\/p>\n<p>Sobre el Parlamento Abierto, los once posibles temas ser\u00e1n: Justicia Civil, Justicia Familiar (identidad de g\u00e9nero, violencia, discapacidad, inter\u00e9s superior de las ni\u00f1as, ni\u00f1os y adolescentes), Oralidad, y Justicia Digital.<\/p>\n<p>&nbsp;<\/p>\n<p>&nbsp;<\/p>\n<p>(Publicada el 17\/05\/2022<\/p>\n","protected":false},"excerpt":{"rendered":"<p>CIUDAD DE M\u00c9XICO.MX. \u2014 El Grupo de Trabajo de Justicia Cotidiana, que coordina la diputada&#8230;<\/p>\n","protected":false},"author":1,"featured_media":138746,"comment_status":"open","ping_status":"open","sticky":false,"template":"","format":"standard","meta":{"_monsterinsights_skip_tracking":false,"_monsterinsights_sitenote_active":false,"_monsterinsights_sitenote_note":"","_monsterinsights_sitenote_category":0,"footnotes":""},"categories":[5],"tags":[],"class_list":["post"],"yoast_head":" \n<title>Sonora en Equipo. El pr\u00f3ximo 13 de junio, Grupo de Trabajo de Justicia Cotidiana iniciar\u00e1 Parlamento Abierto Rep\u00fablica<\/title>\n<meta name=\"description\" content=\"CIUDAD DE M\u00c9XICO.MX. \u2014 El Grupo de Trabajo de Justicia Cotidiana, que coordina la diputada Aleida Alavez Ruiz (Morena), iniciar\u00e1 el pr\u00f3ximo lunes 13 de En Sonora en Equipo publicamos toda la informaci\u00f3n de Sonora, M\u00e9xico y el Mundo de manera oportuna y busca que la libertad de expresi\u00f3n sea real. Visita nuestro medio informativo publicado desde Hermosillo, Sonora. %\" \/>\n<meta name=\"robots\" content=\"index, follow, max-snippet:-1, max-image-preview:large, max-video-preview:-1\" \/>\n<link rel=\"canonical\" href=\"https:\/\/www.sonoraenequipo.com.mx\/el-proximo-13-de-junio-grupo-de-trabajo-de-justicia-cotidiana-iniciara-parlamento-abierto\/\" \/>\n<meta property=\"og:locale\" content=\"es_ES\" \/>\n<meta property=\"og:type\" content=\"article\" \/>\n<meta property=\"og:title\" content=\"Sonora en Equipo. El pr\u00f3ximo 13 de junio, Grupo de Trabajo de Justicia Cotidiana iniciar\u00e1 Parlamento Abierto Rep\u00fablica\" \/>\n<meta property=\"og:description\" content=\"CIUDAD DE M\u00c9XICO.MX. \u2014 El Grupo de Trabajo de Justicia Cotidiana, que coordina la diputada Aleida Alavez Ruiz (Morena), iniciar\u00e1 el pr\u00f3ximo lunes 13 de En Sonora en Equipo publicamos toda la informaci\u00f3n de Sonora, M\u00e9xico y el Mundo de manera oportuna y busca que la libertad de expresi\u00f3n sea real. Visita nuestro medio informativo publicado desde Hermosillo, Sonora. %\" \/>\n<meta property=\"og:url\" content=\"https:\/\/www.sonoraenequipo.com.mx\/el-proximo-13-de-junio-grupo-de-trabajo-de-justicia-cotidiana-iniciara-parlamento-abierto\/\" \/>\n<meta property=\"og:site_name\" content=\"Sonora en Equipo.\" \/>\n<meta property=\"article:publisher\" content=\"https:\/\/www.facebook.com\/SonoraEE\/\" \/>\n<meta property=\"article:author\" content=\"https:\/\/www.facebook.com\/SonoraEE\" \/>\n<meta property=\"article:published_time\" content=\"2022-05-18T05:45:55+00:00\" \/>\n<meta property=\"article:modified_time\" content=\"2022-05-18T13:47:36+00:00\" \/>\n<meta property=\"og:image\" content=\"https:\/\/www.sonoraenequipo.com.mx\/storage\/2022\/05\/legislatura.jpg\" \/>\n\t<meta property=\"og:image:width\" content=\"656\" \/>\n\t<meta property=\"og:image:height\" content=\"375\" \/>\n\t<meta property=\"og:image:type\" content=\"image\/jpeg\" \/>\n<meta name=\"author\" content=\"enequipo\" \/>\n<meta name=\"twitter:card\" content=\"summary_large_image\" \/>\n<meta name=\"twitter:creator\" content=\"@sonoraenequipo\" \/>\n<meta name=\"twitter:site\" content=\"@sonoraenequipo\" \/>\n<meta name=\"twitter:label1\" content=\"Escrito por\" \/>\n\t<meta name=\"twitter:data1\" content=\"enequipo\" \/>\n\t<meta name=\"twitter:label2\" content=\"Tiempo de lectura\" \/>\n\t<meta name=\"twitter:data2\" content=\"4 minutos\" \/>\n<script type=\"application\/ld+json\" class=\"yoast-schema-graph\">{\"@context\":\"https:\/\/schema.org\",\"@graph\":[{\"@type\":\"Article\",\"@id\":\"https:\/\/www.sonoraenequipo.com.mx\/el-proximo-13-de-junio-grupo-de-trabajo-de-justicia-cotidiana-iniciara-parlamento-abierto\/#article\",\"isPartOf\":{\"@id\":\"https:\/\/www.sonoraenequipo.com.mx\/el-proximo-13-de-junio-grupo-de-trabajo-de-justicia-cotidiana-iniciara-parlamento-abierto\/\"},\"author\":{\"name\":\"enequipo\",\"@id\":\"https:\/\/www.sonoraenequipo.com.mx\/#\/schema\/person\/50102df0fb23a8fa9e8effad8fa81386\"},\"headline\":\"El pr\u00f3ximo 13 de junio, Grupo de Trabajo de Justicia Cotidiana iniciar\u00e1 Parlamento Abierto\",\"datePublished\":\"2022-05-18T05:45:55+00:00\",\"dateModified\":\"2022-05-18T13:47:36+00:00\",\"mainEntityOfPage\":{\"@id\":\"https:\/\/www.sonoraenequipo.com.mx\/el-proximo-13-de-junio-grupo-de-trabajo-de-justicia-cotidiana-iniciara-parlamento-abierto\/\"},\"wordCount\":799,\"commentCount\":0,\"publisher\":{\"@id\":\"https:\/\/www.sonoraenequipo.com.mx\/#organization\"},\"image\":{\"@id\":\"https:\/\/www.sonoraenequipo.com.mx\/el-proximo-13-de-junio-grupo-de-trabajo-de-justicia-cotidiana-iniciara-parlamento-abierto\/#primaryimage\"},\"thumbnailUrl\":\"https:\/\/www.sonoraenequipo.com.mx\/storage\/2022\/05\/legislatura.jpg\",\"articleSection\":[\"Rep\u00fablica\"],\"inLanguage\":\"es\",\"potentialAction\":[{\"@type\":\"CommentAction\",\"name\":\"Comment\",\"target\":[\"https:\/\/www.sonoraenequipo.com.mx\/el-proximo-13-de-junio-grupo-de-trabajo-de-justicia-cotidiana-iniciara-parlamento-abierto\/#respond\"]}]},{\"@type\":\"WebPage\",\"@id\":\"https:\/\/www.sonoraenequipo.com.mx\/el-proximo-13-de-junio-grupo-de-trabajo-de-justicia-cotidiana-iniciara-parlamento-abierto\/\",\"url\":\"https:\/\/www.sonoraenequipo.com.mx\/el-proximo-13-de-junio-grupo-de-trabajo-de-justicia-cotidiana-iniciara-parlamento-abierto\/\",\"name\":\"Sonora en Equipo. El pr\u00f3ximo 13 de junio, Grupo de Trabajo de Justicia Cotidiana iniciar\u00e1 Parlamento Abierto Rep\u00fablica\",\"isPartOf\":{\"@id\":\"https:\/\/www.sonoraenequipo.com.mx\/#website\"},\"primaryImageOfPage\":{\"@id\":\"https:\/\/www.sonoraenequipo.com.mx\/el-proximo-13-de-junio-grupo-de-trabajo-de-justicia-cotidiana-iniciara-parlamento-abierto\/#primaryimage\"},\"image\":{\"@id\":\"https:\/\/www.sonoraenequipo.com.mx\/el-proximo-13-de-junio-grupo-de-trabajo-de-justicia-cotidiana-iniciara-parlamento-abierto\/#primaryimage\"},\"thumbnailUrl\":\"https:\/\/www.sonoraenequipo.com.mx\/storage\/2022\/05\/legislatura.jpg\",\"datePublished\":\"2022-05-18T05:45:55+00:00\",\"dateModified\":\"2022-05-18T13:47:36+00:00\",\"description\":\"CIUDAD DE M\u00c9XICO.MX. \u2014 El Grupo de Trabajo de Justicia Cotidiana, que coordina la diputada Aleida Alavez Ruiz (Morena), iniciar\u00e1 el pr\u00f3ximo lunes 13 de En Sonora en Equipo publicamos toda la informaci\u00f3n de Sonora, M\u00e9xico y el Mundo de manera oportuna y busca que la libertad de expresi\u00f3n sea real. Visita nuestro medio informativo publicado desde Hermosillo, Sonora. %\",\"breadcrumb\":{\"@id\":\"https:\/\/www.sonoraenequipo.com.mx\/el-proximo-13-de-junio-grupo-de-trabajo-de-justicia-cotidiana-iniciara-parlamento-abierto\/#breadcrumb\"},\"inLanguage\":\"es\",\"potentialAction\":[{\"@type\":\"ReadAction\",\"target\":[\"https:\/\/www.sonoraenequipo.com.mx\/el-proximo-13-de-junio-grupo-de-trabajo-de-justicia-cotidiana-iniciara-parlamento-abierto\/\"]}]},{\"@type\":\"ImageObject\",\"inLanguage\":\"es\",\"@id\":\"https:\/\/www.sonoraenequipo.com.mx\/el-proximo-13-de-junio-grupo-de-trabajo-de-justicia-cotidiana-iniciara-parlamento-abierto\/#primaryimage\",\"url\":\"https:\/\/www.sonoraenequipo.com.mx\/storage\/2022\/05\/legislatura.jpg\",\"contentUrl\":\"https:\/\/www.sonoraenequipo.com.mx\/storage\/2022\/05\/legislatura.jpg\",\"width\":656,\"height\":375},{\"@type\":\"BreadcrumbList\",\"@id\":\"https:\/\/www.sonoraenequipo.com.mx\/el-proximo-13-de-junio-grupo-de-trabajo-de-justicia-cotidiana-iniciara-parlamento-abierto\/#breadcrumb\",\"itemListElement\":[{\"@type\":\"ListItem\",\"position\":1,\"name\":\"Portada\",\"item\":\"https:\/\/www.sonoraenequipo.com.mx\/\"},{\"@type\":\"ListItem\",\"position\":2,\"name\":\"El pr\u00f3ximo 13 de junio, Grupo de Trabajo de Justicia Cotidiana iniciar\u00e1 Parlamento Abierto\"}]},{\"@type\":\"WebSite\",\"@id\":\"https:\/\/www.sonoraenequipo.com.mx\/#website\",\"url\":\"https:\/\/www.sonoraenequipo.com.mx\/\",\"name\":\"Sonora en Equipo.\",\"description\":\"Diario en l\u00ednea con Noticias desde Hermosillo, Sonora\",\"publisher\":{\"@id\":\"https:\/\/www.sonoraenequipo.com.mx\/#organization\"},\"potentialAction\":[{\"@type\":\"SearchAction\",\"target\":{\"@type\":\"EntryPoint\",\"urlTemplate\":\"https:\/\/www.sonoraenequipo.com.mx\/?s={search_term_string}\"},\"query-input\":{\"@type\":\"PropertyValueSpecification\",\"valueRequired\":true,\"valueName\":\"search_term_string\"}}],\"inLanguage\":\"es\"},{\"@type\":\"Organization\",\"@id\":\"https:\/\/www.sonoraenequipo.com.mx\/#organization\",\"name\":\"Sonoraenequipo.com.mx\",\"url\":\"https:\/\/www.sonoraenequipo.com.mx\/\",\"logo\":{\"@type\":\"ImageObject\",\"inLanguage\":\"es\",\"@id\":\"https:\/\/www.sonoraenequipo.com.mx\/#\/schema\/logo\/image\/\",\"url\":\"https:\/\/www.sonoraenequipo.com.mx\/storage\/2019\/01\/sonoraenequipo_opt.png\",\"contentUrl\":\"https:\/\/www.sonoraenequipo.com.mx\/storage\/2019\/01\/sonoraenequipo_opt.png\",\"width\":375,\"height\":125,\"caption\":\"Sonoraenequipo.com.mx\"},\"image\":{\"@id\":\"https:\/\/www.sonoraenequipo.com.mx\/#\/schema\/logo\/image\/\"},\"sameAs\":[\"https:\/\/www.facebook.com\/SonoraEE\/\",\"https:\/\/x.com\/sonoraenequipo\",\"https:\/\/www.youtube.com\/channel\/UC338nW-lPEYmJQs4ZABQ1SQ\"]},{\"@type\":\"Person\",\"@id\":\"https:\/\/www.sonoraenequipo.com.mx\/#\/schema\/person\/50102df0fb23a8fa9e8effad8fa81386\",\"name\":\"enequipo\",\"image\":{\"@type\":\"ImageObject\",\"inLanguage\":\"es\",\"@id\":\"https:\/\/www.sonoraenequipo.com.mx\/#\/schema\/person\/image\/\",\"url\":\"https:\/\/secure.gravatar.com\/avatar\/049821681b589dabc0bc20695993ccebb09f5b5d4d790cd9251b97faac7c652b?s=96&d=blank&r=g\",\"contentUrl\":\"https:\/\/secure.gravatar.com\/avatar\/049821681b589dabc0bc20695993ccebb09f5b5d4d790cd9251b97faac7c652b?s=96&d=blank&r=g\",\"caption\":\"enequipo\"},\"sameAs\":[\"https:\/\/www.facebook.com\/SonoraEE\"]}]}<\/script>\n ","yoast_head_json":{"title":"Sonora en Equipo. El pr\u00f3ximo 13 de junio, Grupo de Trabajo de Justicia Cotidiana iniciar\u00e1 Parlamento Abierto Rep\u00fablica","description":"CIUDAD DE M\u00c9XICO.MX. \u2014 El Grupo de Trabajo de Justicia Cotidiana, que coordina la diputada Aleida Alavez Ruiz (Morena), iniciar\u00e1 el pr\u00f3ximo lunes 13 de En Sonora en Equipo publicamos toda la informaci\u00f3n de Sonora, M\u00e9xico y el Mundo de manera oportuna y busca que la libertad de expresi\u00f3n sea real. Visita nuestro medio informativo publicado desde Hermosillo, Sonora. %","robots":{"index":"index","follow":"follow","max-snippet":"max-snippet:-1","max-image-preview":"max-image-preview:large","max-video-preview":"max-video-preview:-1"},"canonical":"https:\/\/www.sonoraenequipo.com.mx\/el-proximo-13-de-junio-grupo-de-trabajo-de-justicia-cotidiana-iniciara-parlamento-abierto\/","og_locale":"es_ES","og_type":"article","og_title":"Sonora en Equipo. El pr\u00f3ximo 13 de junio, Grupo de Trabajo de Justicia Cotidiana iniciar\u00e1 Parlamento Abierto Rep\u00fablica","og_description":"CIUDAD DE M\u00c9XICO.MX. \u2014 El Grupo de Trabajo de Justicia Cotidiana, que coordina la diputada Aleida Alavez Ruiz (Morena), iniciar\u00e1 el pr\u00f3ximo lunes 13 de En Sonora en Equipo publicamos toda la informaci\u00f3n de Sonora, M\u00e9xico y el Mundo de manera oportuna y busca que la libertad de expresi\u00f3n sea real. Visita nuestro medio informativo publicado desde Hermosillo, Sonora. %","og_url":"https:\/\/www.sonoraenequipo.com.mx\/el-proximo-13-de-junio-grupo-de-trabajo-de-justicia-cotidiana-iniciara-parlamento-abierto\/","og_site_name":"Sonora en Equipo.","article_publisher":"https:\/\/www.facebook.com\/SonoraEE\/","article_author":"https:\/\/www.facebook.com\/SonoraEE","article_published_time":"2022-05-18T05:45:55+00:00","article_modified_time":"2022-05-18T13:47:36+00:00","og_image":[{"width":656,"height":375,"url":"https:\/\/www.sonoraenequipo.com.mx\/storage\/2022\/05\/legislatura.jpg","type":"image\/jpeg"}],"author":"enequipo","twitter_card":"summary_large_image","twitter_creator":"@sonoraenequipo","twitter_site":"@sonoraenequipo","twitter_misc":{"Escrito por":"enequipo","Tiempo de lectura":"4 minutos"},"schema":{"@context":"https:\/\/schema.org","@graph":[{"@type":"Article","@id":"https:\/\/www.sonoraenequipo.com.mx\/el-proximo-13-de-junio-grupo-de-trabajo-de-justicia-cotidiana-iniciara-parlamento-abierto\/#article","isPartOf":{"@id":"https:\/\/www.sonoraenequipo.com.mx\/el-proximo-13-de-junio-grupo-de-trabajo-de-justicia-cotidiana-iniciara-parlamento-abierto\/"},"author":{"name":"enequipo","@id":"https:\/\/www.sonoraenequipo.com.mx\/#\/schema\/person\/50102df0fb23a8fa9e8effad8fa81386"},"headline":"El pr\u00f3ximo 13 de junio, Grupo de Trabajo de Justicia Cotidiana iniciar\u00e1 Parlamento Abierto","datePublished":"2022-05-18T05:45:55+00:00","dateModified":"2022-05-18T13:47:36+00:00","mainEntityOfPage":{"@id":"https:\/\/www.sonoraenequipo.com.mx\/el-proximo-13-de-junio-grupo-de-trabajo-de-justicia-cotidiana-iniciara-parlamento-abierto\/"},"wordCount":799,"commentCount":0,"publisher":{"@id":"https:\/\/www.sonoraenequipo.com.mx\/#organization"},"image":{"@id":"https:\/\/www.sonoraenequipo.com.mx\/el-proximo-13-de-junio-grupo-de-trabajo-de-justicia-cotidiana-iniciara-parlamento-abierto\/#primaryimage"},"thumbnailUrl":"https:\/\/www.sonoraenequipo.com.mx\/storage\/2022\/05\/legislatura.jpg","articleSection":["Rep\u00fablica"],"inLanguage":"es","potentialAction":[{"@type":"CommentAction","name":"Comment","target":["https:\/\/www.sonoraenequipo.com.mx\/el-proximo-13-de-junio-grupo-de-trabajo-de-justicia-cotidiana-iniciara-parlamento-abierto\/#respond"]}]},{"@type":"WebPage","@id":"https:\/\/www.sonoraenequipo.com.mx\/el-proximo-13-de-junio-grupo-de-trabajo-de-justicia-cotidiana-iniciara-parlamento-abierto\/","url":"https:\/\/www.sonoraenequipo.com.mx\/el-proximo-13-de-junio-grupo-de-trabajo-de-justicia-cotidiana-iniciara-parlamento-abierto\/","name":"Sonora en Equipo. El pr\u00f3ximo 13 de junio, Grupo de Trabajo de Justicia Cotidiana iniciar\u00e1 Parlamento Abierto Rep\u00fablica","isPartOf":{"@id":"https:\/\/www.sonoraenequipo.com.mx\/#website"},"primaryImageOfPage":{"@id":"https:\/\/www.sonoraenequipo.com.mx\/el-proximo-13-de-junio-grupo-de-trabajo-de-justicia-cotidiana-iniciara-parlamento-abierto\/#primaryimage"},"image":{"@id":"https:\/\/www.sonoraenequipo.com.mx\/el-proximo-13-de-junio-grupo-de-trabajo-de-justicia-cotidiana-iniciara-parlamento-abierto\/#primaryimage"},"thumbnailUrl":"https:\/\/www.sonoraenequipo.com.mx\/storage\/2022\/05\/legislatura.jpg","datePublished":"2022-05-18T05:45:55+00:00","dateModified":"2022-05-18T13:47:36+00:00","description":"CIUDAD DE M\u00c9XICO.MX. \u2014 El Grupo de Trabajo de Justicia Cotidiana, que coordina la diputada Aleida Alavez Ruiz (Morena), iniciar\u00e1 el pr\u00f3ximo lunes 13 de En Sonora en Equipo publicamos toda la informaci\u00f3n de Sonora, M\u00e9xico y el Mundo de manera oportuna y busca que la libertad de expresi\u00f3n sea real. Visita nuestro medio informativo publicado desde Hermosillo, Sonora. %","breadcrumb":{"@id":"https:\/\/www.sonoraenequipo.com.mx\/el-proximo-13-de-junio-grupo-de-trabajo-de-justicia-cotidiana-iniciara-parlamento-abierto\/#breadcrumb"},"inLanguage":"es","potentialAction":[{"@type":"ReadAction","target":["https:\/\/www.sonoraenequipo.com.mx\/el-proximo-13-de-junio-grupo-de-trabajo-de-justicia-cotidiana-iniciara-parlamento-abierto\/"]}]},{"@type":"ImageObject","inLanguage":"es","@id":"https:\/\/www.sonoraenequipo.com.mx\/el-proximo-13-de-junio-grupo-de-trabajo-de-justicia-cotidiana-iniciara-parlamento-abierto\/#primaryimage","url":"https:\/\/www.sonoraenequipo.com.mx\/storage\/2022\/05\/legislatura.jpg","contentUrl":"https:\/\/www.sonoraenequipo.com.mx\/storage\/2022\/05\/legislatura.jpg","width":656,"height":375},{"@type":"BreadcrumbList","@id":"https:\/\/www.sonoraenequipo.com.mx\/el-proximo-13-de-junio-grupo-de-trabajo-de-justicia-cotidiana-iniciara-parlamento-abierto\/#breadcrumb","itemListElement":[{"@type":"ListItem","position":1,"name":"Portada","item":"https:\/\/www.sonoraenequipo.com.mx\/"},{"@type":"ListItem","position":2,"name":"El pr\u00f3ximo 13 de junio, Grupo de Trabajo de Justicia Cotidiana iniciar\u00e1 Parlamento Abierto"}]},{"@type":"WebSite","@id":"https:\/\/www.sonoraenequipo.com.mx\/#website","url":"https:\/\/www.sonoraenequipo.com.mx\/","name":"Sonora en Equipo.","description":"Diario en l\u00ednea con Noticias desde Hermosillo, Sonora","publisher":{"@id":"https:\/\/www.sonoraenequipo.com.mx\/#organization"},"potentialAction":[{"@type":"SearchAction","target":{"@type":"EntryPoint","urlTemplate":"https:\/\/www.sonoraenequipo.com.mx\/?s={search_term_string}"},"query-input":{"@type":"PropertyValueSpecification","valueRequired":true,"valueName":"search_term_string"}}],"inLanguage":"es"},{"@type":"Organization","@id":"https:\/\/www.sonoraenequipo.com.mx\/#organization","name":"Sonoraenequipo.com.mx","url":"https:\/\/www.sonoraenequipo.com.mx\/","logo":{"@type":"ImageObject","inLanguage":"es","@id":"https:\/\/www.sonoraenequipo.com.mx\/#\/schema\/logo\/image\/","url":"https:\/\/www.sonoraenequipo.com.mx\/storage\/2019\/01\/sonoraenequipo_opt.png","contentUrl":"https:\/\/www.sonoraenequipo.com.mx\/storage\/2019\/01\/sonoraenequipo_opt.png","width":375,"height":125,"caption":"Sonoraenequipo.com.mx"},"image":{"@id":"https:\/\/www.sonoraenequipo.com.mx\/#\/schema\/logo\/image\/"},"sameAs":["https:\/\/www.facebook.com\/SonoraEE\/","https:\/\/x.com\/sonoraenequipo","https:\/\/www.youtube.com\/channel\/UC338nW-lPEYmJQs4ZABQ1SQ"]},{"@type":"Person","@id":"https:\/\/www.sonoraenequipo.com.mx\/#\/schema\/person\/50102df0fb23a8fa9e8effad8fa81386","name":"enequipo","image":{"@type":"ImageObject","inLanguage":"es","@id":"https:\/\/www.sonoraenequipo.com.mx\/#\/schema\/person\/image\/","url":"https:\/\/secure.gravatar.com\/avatar\/049821681b589dabc0bc20695993ccebb09f5b5d4d790cd9251b97faac7c652b?s=96&d=blank&r=g","contentUrl":"https:\/\/secure.gravatar.com\/avatar\/049821681b589dabc0bc20695993ccebb09f5b5d4d790cd9251b97faac7c652b?s=96&d=blank&r=g","caption":"enequipo"},"sameAs":["https:\/\/www.facebook.com\/SonoraEE"]}]}},"jetpack_featured_media_url":"https:\/\/www.sonoraenequipo.com.mx\/storage\/2022\/05\/legislatura.jpg","_links":{"self":[{"href":"https:\/\/www.sonoraenequipo.com.mx\/api\/wp\/v2\/posts\/138745","targetHints":{"allow":["GET"]}}],"collection":[{"href":"https:\/\/www.sonoraenequipo.com.mx\/api\/wp\/v2\/posts"}],"about":[{"href":"https:\/\/www.sonoraenequipo.com.mx\/api\/wp\/v2\/types\/post"}],"author":[{"embeddable":true,"href":"https:\/\/www.sonoraenequipo.com.mx\/api\/wp\/v2\/users\/1"}],"replies":[{"embeddable":true,"href":"https:\/\/www.sonoraenequipo.com.mx\/api\/wp\/v2\/comments?post=138745"}],"version-history":[{"count":2,"href":"https:\/\/www.sonoraenequipo.com.mx\/api\/wp\/v2\/posts\/138745\/revisions"}],"predecessor-version":[{"id":138748,"href":"https:\/\/www.sonoraenequipo.com.mx\/api\/wp\/v2\/posts\/138745\/revisions\/138748"}],"wp:featuredmedia":[{"embeddable":true,"href":"https:\/\/www.sonoraenequipo.com.mx\/api\/wp\/v2\/media\/138746"}],"wp:attachment":[{"href":"https:\/\/www.sonoraenequipo.com.mx\/api\/wp\/v2\/media?parent=138745"}],"wp:term":[{"taxonomy":"category","embeddable":true,"href":"https:\/\/www.sonoraenequipo.com.mx\/api\/wp\/v2\/categories?post=138745"},{"taxonomy":"post_tag","embeddable":true,"href":"https:\/\/www.sonoraenequipo.com.mx\/api\/wp\/v2\/tags?post=138745"}],"curies":[{"name":"wp","href":"https:\/\/api.w.org\/{rel}","templated":true}]}}