{"id":138752,"date":"2022-05-17T23:55:08","date_gmt":"2022-05-18T06:55:08","guid":{"rendered":"https:\/\/www.sonoraenequipo.com.mx\/?p=138752"},"modified":"2022-05-18T08:21:13","modified_gmt":"2022-05-18T15:21:13","slug":"con-el-reciclaje-se-protege-el-entorno-ambiental-y-la-vida-humana","status":"publish","type":"post","link":"https:\/\/www.sonoraenequipo.com.mx\/con-el-reciclaje-se-protege-el-entorno-ambiental-y-la-vida-humana\/","title":{"rendered":"Con el reciclaje se protege el entorno ambiental y la vida humana"},"content":{"rendered":"<p><strong>HERMOSILLO, SONORA. MX<\/strong>. \u2014 A no esperar a que haya infraestructura disponible para la separaci\u00f3n de la basura, sustancias o materiales t\u00f3xicos, sino que se debe empezar a hacerlo con conciencia para proteger de manera urgente nuestro entorno y la vida humana, llam\u00f3 el acad\u00e9mico universitario Javier Esquer Peralta.<\/p>\n<p>&nbsp;<\/p>\n<p>&nbsp;<\/p>\n<p> <\/p>\n<p>&nbsp;<\/p>\n<p>Al celebrarse este martes 17 de mayo el D\u00eda Internacional del reciclaje, Esquer Peralta, coordinador del Posgrado en Sustentabilidad de la Universidad de Sonora consider\u00f3 que si empezamos todos a formarnos desde el hogar y en la escuela con esa cultura de sustentabilidad, tendremos la posibilidad y expectativa de tener un mundo m\u00e1s saludable para la sociedad.<\/p>\n<p>&nbsp;<\/p>\n<p><em>\u201cYa se han hecho intentos en este tema, pero cierto es que necesitamos educarnos m\u00e1s sobre la importancia del reciclaje y as\u00ed aspirar a lograr un planeta m\u00e1s sustentable\u201d<\/em>, reiter\u00f3.<\/p>\n<p>&nbsp;<\/p>\n<p>El proceso de reciclaje sostuvo, es una actividad que ayuda a solucionar los problemas ocasionados por los millones de toneladas de desechos s\u00f3lidos que producimos a diario los seres humanos en todo el mundo.<\/p>\n<p>&nbsp;<\/p>\n<p>Esquer Peralta se\u00f1al\u00f3 que todo material en desecho si es recogido y transformado, puede ser utilizado o vendido como nuevo. <em>\u201cDe otro modo, no darle valor a este objetivo y ser desechados, se contribuir\u00e1 a formar m\u00e1s cantidad de basura y, en \u00faltima instancia, el da\u00f1ar de manera continua al planeta\u201d,<\/em> puntualiz\u00f3.<\/p>\n<p>&nbsp;<\/p>\n<p>&nbsp;<\/p>\n<p>Coment\u00f3 que cuando se habla de reciclar, se debe entender que se hace referencia entonces a un acto mediante el cual un objeto que ya ha sido usado es llevado por un proceso de renovaci\u00f3n en lugar de ser desechado.<\/p>\n<p>&nbsp;<\/p>\n<p>&nbsp;<\/p>\n<p>El investigador universitario expres\u00f3 que el reciclaje es una parte que aporta mucho al proceso del desarrollo sustentable, ya que permite reincorporar los materiales que a lo mejor ya pudieron haber tenido su vida \u00fatil.<\/p>\n<p>&nbsp;<\/p>\n<p>&nbsp;<\/p>\n<p><em>\u201cHay que pensar en hacer productos iguales o diferentes, alargando su ciclo de vida y que no terminen en un primer uso en el basurero o las calles, sino que permita reintegrarse los materiales varias veces, evitar la contaminaci\u00f3n y proteger del entorno que vivimos\u201d<\/em>, subray\u00f3.<\/p>\n<p>&nbsp;<\/p>\n<p>&nbsp;<\/p>\n<p>En este tema, se\u00f1al\u00f3 que \u201c<em>estamos hablando dentro de lo que se llama las tres R: reciclar, reducir y reusar. Incluso, el de repensar, cambiando las actitudes de la gente\u201d, dijo<\/em>.<\/p>\n<p>&nbsp;<\/p>\n<p>&nbsp;<\/p>\n<p>Sostuvo que se debe pensar desde el dise\u00f1o de los productos, poderse separar, reincorporar y reutilizar. <em>\u201cPor supuesto, todo esto favorece al medio ambiente, le quita esa carga o la aligera un poco, lo mismo que en lo general a la sociedad \u2013urbana y rural-que sabemos c\u00f3mo de manera cotidiana est\u00e1 expuesta a productos, sustancias y materiales del todo t\u00f3xicos\u201d.<\/em><\/p>\n<p>&nbsp;<\/p>\n<p>&nbsp;<\/p>\n<p>Plante\u00f3 que al reciclar reducimos el riesgo a la sociedad de ponerla en disposici\u00f3n de materiales peligrosos, como aluminio hierro o el cobre, entre otros. Incluso, aquellos integrados por diversos componentes que necesitan procedimientos m\u00e1s rigurosos para reciclarlos.<\/p>\n<p>&nbsp;<\/p>\n<p>Mencion\u00f3 que en el campus universitario se tiene una comisi\u00f3n institucional de sustentabilidad que apoya separaci\u00f3n de la basura y hace ver la importancia de captar materiales con valor adicional a trav\u00e9s de diversas acciones, como Basura Cero o el reciclaje de bater\u00edas.<\/p>\n<p>&nbsp;<\/p>\n<h3><\/h3>\n<h3>Gesti\u00f3n de bater\u00edas de desecho<\/h3>\n<p>&nbsp;<\/p>\n<p>Misael Alexis Mac\u00edas Vergara, con formaci\u00f3n en Ingenier\u00eda Mecatr\u00f3nica, y hoy estudiante en proceso de titulaci\u00f3n en la Maestr\u00eda en Sustentabilidad en esta casa de estudios, indic\u00f3 que mediante su estudio Gesti\u00f3n de bater\u00edas de desecho en Hermosillo, analiza la forma en que la ciudadan\u00eda le da valor a ese proceso, lo mismo que las empresas y autoridades municipales.<\/p>\n<p>&nbsp;<\/p>\n<p>&nbsp;<\/p>\n<p>Asimismo, se\u00f1al\u00f3 que observa el positivo inter\u00e9s de sus condisc\u00edpulos en el tema, pero se requiere mucha m\u00e1s informaci\u00f3n y formaci\u00f3n para participar de manera m\u00e1s amplia y concreta.<\/p>\n<p>&nbsp;<\/p>\n<p>&nbsp;<\/p>\n<p>Mac\u00edas Vergara dijo que se tienen ciertas dificultades para el desecho y reciclaje de las cosas, por lo que es dif\u00edcil pedirles a las personas que cambien su mentalidad.<\/p>\n<p>&nbsp;<\/p>\n<p>&nbsp;<\/p>\n<p><em>\u201cEl reciclaje es muy importante porque el reusar los materiales \u2013por ejemplo, el cobre\u2014 que extraerlo del suelo es una actividad muy destructiva y contaminante ya que se usan \u00e1cidos y materiales qu\u00edmicos, y un ejemplo son el da\u00f1o que generan las industrias mineras\u201d,<\/em> se\u00f1al\u00f3.<\/p>\n<p>&nbsp;<\/p>\n<p>&nbsp;<\/p>\n<p>Consider\u00f3 que sin duda persiste el anhelo de lograr una cultura del reciclaje, la colaboraci\u00f3n de la ciudadan\u00eda y autoridades, incluy\u00e9ndose en ese proceso no s\u00f3lo materiales como los ya mencionados, o bien pl\u00e1sticos, papel, vidrio, maderas y componentes electr\u00f3nicos, entre otros, sino tambi\u00e9n la separaci\u00f3n y reutilizaci\u00f3n de basura org\u00e1nica e inorg\u00e1nica.<\/p>\n<p>&nbsp;<\/p>\n<p>&nbsp;<\/p>\n<p>(Publicada el 17\/05\/2022<\/p>\n","protected":false},"excerpt":{"rendered":"<p>HERMOSILLO, SONORA. MX. \u2014 A no esperar a que haya infraestructura disponible para la separaci\u00f3n&#8230;<\/p>\n","protected":false},"author":1,"featured_media":138753,"comment_status":"open","ping_status":"open","sticky":false,"template":"","format":"standard","meta":{"_monsterinsights_skip_tracking":false,"_monsterinsights_sitenote_active":false,"_monsterinsights_sitenote_note":"","_monsterinsights_sitenote_category":0,"footnotes":""},"categories":[22],"tags":[],"class_list":["post"],"yoast_head":" \n<title>Sonora en Equipo. Con el reciclaje se protege el entorno ambiental y la vida humana Sonora<\/title>\n<meta name=\"description\" content=\"HERMOSILLO, SONORA. MX. \u2014 A no esperar a que haya infraestructura disponible para la separaci\u00f3n de la basura, sustancias o materiales t\u00f3xicos, sino que se En Sonora en Equipo publicamos toda la informaci\u00f3n de Sonora, M\u00e9xico y el Mundo de manera oportuna y busca que la libertad de expresi\u00f3n sea real. Visita nuestro medio informativo publicado desde Hermosillo, Sonora. %\" \/>\n<meta name=\"robots\" content=\"index, follow, max-snippet:-1, max-image-preview:large, max-video-preview:-1\" \/>\n<link rel=\"canonical\" href=\"https:\/\/www.sonoraenequipo.com.mx\/con-el-reciclaje-se-protege-el-entorno-ambiental-y-la-vida-humana\/\" \/>\n<meta property=\"og:locale\" content=\"es_ES\" \/>\n<meta property=\"og:type\" content=\"article\" \/>\n<meta property=\"og:title\" content=\"Sonora en Equipo. Con el reciclaje se protege el entorno ambiental y la vida humana Sonora\" \/>\n<meta property=\"og:description\" content=\"HERMOSILLO, SONORA. MX. \u2014 A no esperar a que haya infraestructura disponible para la separaci\u00f3n de la basura, sustancias o materiales t\u00f3xicos, sino que se En Sonora en Equipo publicamos toda la informaci\u00f3n de Sonora, M\u00e9xico y el Mundo de manera oportuna y busca que la libertad de expresi\u00f3n sea real. Visita nuestro medio informativo publicado desde Hermosillo, Sonora. %\" \/>\n<meta property=\"og:url\" content=\"https:\/\/www.sonoraenequipo.com.mx\/con-el-reciclaje-se-protege-el-entorno-ambiental-y-la-vida-humana\/\" \/>\n<meta property=\"og:site_name\" content=\"Sonora en Equipo.\" \/>\n<meta property=\"article:publisher\" content=\"https:\/\/www.facebook.com\/SonoraEE\/\" \/>\n<meta property=\"article:author\" content=\"https:\/\/www.facebook.com\/SonoraEE\" \/>\n<meta property=\"article:published_time\" content=\"2022-05-18T06:55:08+00:00\" \/>\n<meta property=\"article:modified_time\" content=\"2022-05-18T15:21:13+00:00\" \/>\n<meta property=\"og:image\" content=\"https:\/\/www.sonoraenequipo.com.mx\/storage\/2022\/05\/reciclaje-unison.jpg\" \/>\n\t<meta property=\"og:image:width\" content=\"700\" \/>\n\t<meta property=\"og:image:height\" content=\"400\" \/>\n\t<meta property=\"og:image:type\" content=\"image\/jpeg\" \/>\n<meta name=\"author\" content=\"enequipo\" \/>\n<meta name=\"twitter:card\" content=\"summary_large_image\" \/>\n<meta name=\"twitter:creator\" content=\"@sonoraenequipo\" \/>\n<meta name=\"twitter:site\" content=\"@sonoraenequipo\" \/>\n<meta name=\"twitter:label1\" content=\"Escrito por\" \/>\n\t<meta name=\"twitter:data1\" content=\"enequipo\" \/>\n\t<meta name=\"twitter:label2\" content=\"Tiempo de lectura\" \/>\n\t<meta name=\"twitter:data2\" content=\"4 minutos\" \/>\n<script type=\"application\/ld+json\" class=\"yoast-schema-graph\">{\"@context\":\"https:\/\/schema.org\",\"@graph\":[{\"@type\":\"Article\",\"@id\":\"https:\/\/www.sonoraenequipo.com.mx\/con-el-reciclaje-se-protege-el-entorno-ambiental-y-la-vida-humana\/#article\",\"isPartOf\":{\"@id\":\"https:\/\/www.sonoraenequipo.com.mx\/con-el-reciclaje-se-protege-el-entorno-ambiental-y-la-vida-humana\/\"},\"author\":{\"name\":\"enequipo\",\"@id\":\"https:\/\/www.sonoraenequipo.com.mx\/#\/schema\/person\/50102df0fb23a8fa9e8effad8fa81386\"},\"headline\":\"Con el reciclaje se protege el entorno ambiental y la vida humana\",\"datePublished\":\"2022-05-18T06:55:08+00:00\",\"dateModified\":\"2022-05-18T15:21:13+00:00\",\"mainEntityOfPage\":{\"@id\":\"https:\/\/www.sonoraenequipo.com.mx\/con-el-reciclaje-se-protege-el-entorno-ambiental-y-la-vida-humana\/\"},\"wordCount\":835,\"commentCount\":0,\"publisher\":{\"@id\":\"https:\/\/www.sonoraenequipo.com.mx\/#organization\"},\"image\":{\"@id\":\"https:\/\/www.sonoraenequipo.com.mx\/con-el-reciclaje-se-protege-el-entorno-ambiental-y-la-vida-humana\/#primaryimage\"},\"thumbnailUrl\":\"https:\/\/www.sonoraenequipo.com.mx\/storage\/2022\/05\/reciclaje-unison.jpg\",\"articleSection\":[\"Sonora\"],\"inLanguage\":\"es\",\"potentialAction\":[{\"@type\":\"CommentAction\",\"name\":\"Comment\",\"target\":[\"https:\/\/www.sonoraenequipo.com.mx\/con-el-reciclaje-se-protege-el-entorno-ambiental-y-la-vida-humana\/#respond\"]}]},{\"@type\":\"WebPage\",\"@id\":\"https:\/\/www.sonoraenequipo.com.mx\/con-el-reciclaje-se-protege-el-entorno-ambiental-y-la-vida-humana\/\",\"url\":\"https:\/\/www.sonoraenequipo.com.mx\/con-el-reciclaje-se-protege-el-entorno-ambiental-y-la-vida-humana\/\",\"name\":\"Sonora en Equipo. Con el reciclaje se protege el entorno ambiental y la vida humana Sonora\",\"isPartOf\":{\"@id\":\"https:\/\/www.sonoraenequipo.com.mx\/#website\"},\"primaryImageOfPage\":{\"@id\":\"https:\/\/www.sonoraenequipo.com.mx\/con-el-reciclaje-se-protege-el-entorno-ambiental-y-la-vida-humana\/#primaryimage\"},\"image\":{\"@id\":\"https:\/\/www.sonoraenequipo.com.mx\/con-el-reciclaje-se-protege-el-entorno-ambiental-y-la-vida-humana\/#primaryimage\"},\"thumbnailUrl\":\"https:\/\/www.sonoraenequipo.com.mx\/storage\/2022\/05\/reciclaje-unison.jpg\",\"datePublished\":\"2022-05-18T06:55:08+00:00\",\"dateModified\":\"2022-05-18T15:21:13+00:00\",\"description\":\"HERMOSILLO, SONORA. MX. \u2014 A no esperar a que haya infraestructura disponible para la separaci\u00f3n de la basura, sustancias o materiales t\u00f3xicos, sino que se En Sonora en Equipo publicamos toda la informaci\u00f3n de Sonora, M\u00e9xico y el Mundo de manera oportuna y busca que la libertad de expresi\u00f3n sea real. Visita nuestro medio informativo publicado desde Hermosillo, Sonora. %\",\"breadcrumb\":{\"@id\":\"https:\/\/www.sonoraenequipo.com.mx\/con-el-reciclaje-se-protege-el-entorno-ambiental-y-la-vida-humana\/#breadcrumb\"},\"inLanguage\":\"es\",\"potentialAction\":[{\"@type\":\"ReadAction\",\"target\":[\"https:\/\/www.sonoraenequipo.com.mx\/con-el-reciclaje-se-protege-el-entorno-ambiental-y-la-vida-humana\/\"]}]},{\"@type\":\"ImageObject\",\"inLanguage\":\"es\",\"@id\":\"https:\/\/www.sonoraenequipo.com.mx\/con-el-reciclaje-se-protege-el-entorno-ambiental-y-la-vida-humana\/#primaryimage\",\"url\":\"https:\/\/www.sonoraenequipo.com.mx\/storage\/2022\/05\/reciclaje-unison.jpg\",\"contentUrl\":\"https:\/\/www.sonoraenequipo.com.mx\/storage\/2022\/05\/reciclaje-unison.jpg\",\"width\":700,\"height\":400},{\"@type\":\"BreadcrumbList\",\"@id\":\"https:\/\/www.sonoraenequipo.com.mx\/con-el-reciclaje-se-protege-el-entorno-ambiental-y-la-vida-humana\/#breadcrumb\",\"itemListElement\":[{\"@type\":\"ListItem\",\"position\":1,\"name\":\"Portada\",\"item\":\"https:\/\/www.sonoraenequipo.com.mx\/\"},{\"@type\":\"ListItem\",\"position\":2,\"name\":\"Con el reciclaje se protege el entorno ambiental y la vida humana\"}]},{\"@type\":\"WebSite\",\"@id\":\"https:\/\/www.sonoraenequipo.com.mx\/#website\",\"url\":\"https:\/\/www.sonoraenequipo.com.mx\/\",\"name\":\"Sonora en Equipo.\",\"description\":\"Diario en l\u00ednea con Noticias desde Hermosillo, Sonora\",\"publisher\":{\"@id\":\"https:\/\/www.sonoraenequipo.com.mx\/#organization\"},\"potentialAction\":[{\"@type\":\"SearchAction\",\"target\":{\"@type\":\"EntryPoint\",\"urlTemplate\":\"https:\/\/www.sonoraenequipo.com.mx\/?s={search_term_string}\"},\"query-input\":{\"@type\":\"PropertyValueSpecification\",\"valueRequired\":true,\"valueName\":\"search_term_string\"}}],\"inLanguage\":\"es\"},{\"@type\":\"Organization\",\"@id\":\"https:\/\/www.sonoraenequipo.com.mx\/#organization\",\"name\":\"Sonoraenequipo.com.mx\",\"url\":\"https:\/\/www.sonoraenequipo.com.mx\/\",\"logo\":{\"@type\":\"ImageObject\",\"inLanguage\":\"es\",\"@id\":\"https:\/\/www.sonoraenequipo.com.mx\/#\/schema\/logo\/image\/\",\"url\":\"https:\/\/www.sonoraenequipo.com.mx\/storage\/2019\/01\/sonoraenequipo_opt.png\",\"contentUrl\":\"https:\/\/www.sonoraenequipo.com.mx\/storage\/2019\/01\/sonoraenequipo_opt.png\",\"width\":375,\"height\":125,\"caption\":\"Sonoraenequipo.com.mx\"},\"image\":{\"@id\":\"https:\/\/www.sonoraenequipo.com.mx\/#\/schema\/logo\/image\/\"},\"sameAs\":[\"https:\/\/www.facebook.com\/SonoraEE\/\",\"https:\/\/x.com\/sonoraenequipo\",\"https:\/\/www.youtube.com\/channel\/UC338nW-lPEYmJQs4ZABQ1SQ\"]},{\"@type\":\"Person\",\"@id\":\"https:\/\/www.sonoraenequipo.com.mx\/#\/schema\/person\/50102df0fb23a8fa9e8effad8fa81386\",\"name\":\"enequipo\",\"image\":{\"@type\":\"ImageObject\",\"inLanguage\":\"es\",\"@id\":\"https:\/\/www.sonoraenequipo.com.mx\/#\/schema\/person\/image\/\",\"url\":\"https:\/\/secure.gravatar.com\/avatar\/049821681b589dabc0bc20695993ccebb09f5b5d4d790cd9251b97faac7c652b?s=96&d=blank&r=g\",\"contentUrl\":\"https:\/\/secure.gravatar.com\/avatar\/049821681b589dabc0bc20695993ccebb09f5b5d4d790cd9251b97faac7c652b?s=96&d=blank&r=g\",\"caption\":\"enequipo\"},\"sameAs\":[\"https:\/\/www.facebook.com\/SonoraEE\"]}]}<\/script>\n ","yoast_head_json":{"title":"Sonora en Equipo. Con el reciclaje se protege el entorno ambiental y la vida humana Sonora","description":"HERMOSILLO, SONORA. MX. \u2014 A no esperar a que haya infraestructura disponible para la separaci\u00f3n de la basura, sustancias o materiales t\u00f3xicos, sino que se En Sonora en Equipo publicamos toda la informaci\u00f3n de Sonora, M\u00e9xico y el Mundo de manera oportuna y busca que la libertad de expresi\u00f3n sea real. Visita nuestro medio informativo publicado desde Hermosillo, Sonora. %","robots":{"index":"index","follow":"follow","max-snippet":"max-snippet:-1","max-image-preview":"max-image-preview:large","max-video-preview":"max-video-preview:-1"},"canonical":"https:\/\/www.sonoraenequipo.com.mx\/con-el-reciclaje-se-protege-el-entorno-ambiental-y-la-vida-humana\/","og_locale":"es_ES","og_type":"article","og_title":"Sonora en Equipo. Con el reciclaje se protege el entorno ambiental y la vida humana Sonora","og_description":"HERMOSILLO, SONORA. MX. \u2014 A no esperar a que haya infraestructura disponible para la separaci\u00f3n de la basura, sustancias o materiales t\u00f3xicos, sino que se En Sonora en Equipo publicamos toda la informaci\u00f3n de Sonora, M\u00e9xico y el Mundo de manera oportuna y busca que la libertad de expresi\u00f3n sea real. Visita nuestro medio informativo publicado desde Hermosillo, Sonora. %","og_url":"https:\/\/www.sonoraenequipo.com.mx\/con-el-reciclaje-se-protege-el-entorno-ambiental-y-la-vida-humana\/","og_site_name":"Sonora en Equipo.","article_publisher":"https:\/\/www.facebook.com\/SonoraEE\/","article_author":"https:\/\/www.facebook.com\/SonoraEE","article_published_time":"2022-05-18T06:55:08+00:00","article_modified_time":"2022-05-18T15:21:13+00:00","og_image":[{"width":700,"height":400,"url":"https:\/\/www.sonoraenequipo.com.mx\/storage\/2022\/05\/reciclaje-unison.jpg","type":"image\/jpeg"}],"author":"enequipo","twitter_card":"summary_large_image","twitter_creator":"@sonoraenequipo","twitter_site":"@sonoraenequipo","twitter_misc":{"Escrito por":"enequipo","Tiempo de lectura":"4 minutos"},"schema":{"@context":"https:\/\/schema.org","@graph":[{"@type":"Article","@id":"https:\/\/www.sonoraenequipo.com.mx\/con-el-reciclaje-se-protege-el-entorno-ambiental-y-la-vida-humana\/#article","isPartOf":{"@id":"https:\/\/www.sonoraenequipo.com.mx\/con-el-reciclaje-se-protege-el-entorno-ambiental-y-la-vida-humana\/"},"author":{"name":"enequipo","@id":"https:\/\/www.sonoraenequipo.com.mx\/#\/schema\/person\/50102df0fb23a8fa9e8effad8fa81386"},"headline":"Con el reciclaje se protege el entorno ambiental y la vida humana","datePublished":"2022-05-18T06:55:08+00:00","dateModified":"2022-05-18T15:21:13+00:00","mainEntityOfPage":{"@id":"https:\/\/www.sonoraenequipo.com.mx\/con-el-reciclaje-se-protege-el-entorno-ambiental-y-la-vida-humana\/"},"wordCount":835,"commentCount":0,"publisher":{"@id":"https:\/\/www.sonoraenequipo.com.mx\/#organization"},"image":{"@id":"https:\/\/www.sonoraenequipo.com.mx\/con-el-reciclaje-se-protege-el-entorno-ambiental-y-la-vida-humana\/#primaryimage"},"thumbnailUrl":"https:\/\/www.sonoraenequipo.com.mx\/storage\/2022\/05\/reciclaje-unison.jpg","articleSection":["Sonora"],"inLanguage":"es","potentialAction":[{"@type":"CommentAction","name":"Comment","target":["https:\/\/www.sonoraenequipo.com.mx\/con-el-reciclaje-se-protege-el-entorno-ambiental-y-la-vida-humana\/#respond"]}]},{"@type":"WebPage","@id":"https:\/\/www.sonoraenequipo.com.mx\/con-el-reciclaje-se-protege-el-entorno-ambiental-y-la-vida-humana\/","url":"https:\/\/www.sonoraenequipo.com.mx\/con-el-reciclaje-se-protege-el-entorno-ambiental-y-la-vida-humana\/","name":"Sonora en Equipo. Con el reciclaje se protege el entorno ambiental y la vida humana Sonora","isPartOf":{"@id":"https:\/\/www.sonoraenequipo.com.mx\/#website"},"primaryImageOfPage":{"@id":"https:\/\/www.sonoraenequipo.com.mx\/con-el-reciclaje-se-protege-el-entorno-ambiental-y-la-vida-humana\/#primaryimage"},"image":{"@id":"https:\/\/www.sonoraenequipo.com.mx\/con-el-reciclaje-se-protege-el-entorno-ambiental-y-la-vida-humana\/#primaryimage"},"thumbnailUrl":"https:\/\/www.sonoraenequipo.com.mx\/storage\/2022\/05\/reciclaje-unison.jpg","datePublished":"2022-05-18T06:55:08+00:00","dateModified":"2022-05-18T15:21:13+00:00","description":"HERMOSILLO, SONORA. MX. \u2014 A no esperar a que haya infraestructura disponible para la separaci\u00f3n de la basura, sustancias o materiales t\u00f3xicos, sino que se En Sonora en Equipo publicamos toda la informaci\u00f3n de Sonora, M\u00e9xico y el Mundo de manera oportuna y busca que la libertad de expresi\u00f3n sea real. Visita nuestro medio informativo publicado desde Hermosillo, Sonora. %","breadcrumb":{"@id":"https:\/\/www.sonoraenequipo.com.mx\/con-el-reciclaje-se-protege-el-entorno-ambiental-y-la-vida-humana\/#breadcrumb"},"inLanguage":"es","potentialAction":[{"@type":"ReadAction","target":["https:\/\/www.sonoraenequipo.com.mx\/con-el-reciclaje-se-protege-el-entorno-ambiental-y-la-vida-humana\/"]}]},{"@type":"ImageObject","inLanguage":"es","@id":"https:\/\/www.sonoraenequipo.com.mx\/con-el-reciclaje-se-protege-el-entorno-ambiental-y-la-vida-humana\/#primaryimage","url":"https:\/\/www.sonoraenequipo.com.mx\/storage\/2022\/05\/reciclaje-unison.jpg","contentUrl":"https:\/\/www.sonoraenequipo.com.mx\/storage\/2022\/05\/reciclaje-unison.jpg","width":700,"height":400},{"@type":"BreadcrumbList","@id":"https:\/\/www.sonoraenequipo.com.mx\/con-el-reciclaje-se-protege-el-entorno-ambiental-y-la-vida-humana\/#breadcrumb","itemListElement":[{"@type":"ListItem","position":1,"name":"Portada","item":"https:\/\/www.sonoraenequipo.com.mx\/"},{"@type":"ListItem","position":2,"name":"Con el reciclaje se protege el entorno ambiental y la vida humana"}]},{"@type":"WebSite","@id":"https:\/\/www.sonoraenequipo.com.mx\/#website","url":"https:\/\/www.sonoraenequipo.com.mx\/","name":"Sonora en Equipo.","description":"Diario en l\u00ednea con Noticias desde Hermosillo, Sonora","publisher":{"@id":"https:\/\/www.sonoraenequipo.com.mx\/#organization"},"potentialAction":[{"@type":"SearchAction","target":{"@type":"EntryPoint","urlTemplate":"https:\/\/www.sonoraenequipo.com.mx\/?s={search_term_string}"},"query-input":{"@type":"PropertyValueSpecification","valueRequired":true,"valueName":"search_term_string"}}],"inLanguage":"es"},{"@type":"Organization","@id":"https:\/\/www.sonoraenequipo.com.mx\/#organization","name":"Sonoraenequipo.com.mx","url":"https:\/\/www.sonoraenequipo.com.mx\/","logo":{"@type":"ImageObject","inLanguage":"es","@id":"https:\/\/www.sonoraenequipo.com.mx\/#\/schema\/logo\/image\/","url":"https:\/\/www.sonoraenequipo.com.mx\/storage\/2019\/01\/sonoraenequipo_opt.png","contentUrl":"https:\/\/www.sonoraenequipo.com.mx\/storage\/2019\/01\/sonoraenequipo_opt.png","width":375,"height":125,"caption":"Sonoraenequipo.com.mx"},"image":{"@id":"https:\/\/www.sonoraenequipo.com.mx\/#\/schema\/logo\/image\/"},"sameAs":["https:\/\/www.facebook.com\/SonoraEE\/","https:\/\/x.com\/sonoraenequipo","https:\/\/www.youtube.com\/channel\/UC338nW-lPEYmJQs4ZABQ1SQ"]},{"@type":"Person","@id":"https:\/\/www.sonoraenequipo.com.mx\/#\/schema\/person\/50102df0fb23a8fa9e8effad8fa81386","name":"enequipo","image":{"@type":"ImageObject","inLanguage":"es","@id":"https:\/\/www.sonoraenequipo.com.mx\/#\/schema\/person\/image\/","url":"https:\/\/secure.gravatar.com\/avatar\/049821681b589dabc0bc20695993ccebb09f5b5d4d790cd9251b97faac7c652b?s=96&d=blank&r=g","contentUrl":"https:\/\/secure.gravatar.com\/avatar\/049821681b589dabc0bc20695993ccebb09f5b5d4d790cd9251b97faac7c652b?s=96&d=blank&r=g","caption":"enequipo"},"sameAs":["https:\/\/www.facebook.com\/SonoraEE"]}]}},"jetpack_featured_media_url":"https:\/\/www.sonoraenequipo.com.mx\/storage\/2022\/05\/reciclaje-unison.jpg","_links":{"self":[{"href":"https:\/\/www.sonoraenequipo.com.mx\/api\/wp\/v2\/posts\/138752","targetHints":{"allow":["GET"]}}],"collection":[{"href":"https:\/\/www.sonoraenequipo.com.mx\/api\/wp\/v2\/posts"}],"about":[{"href":"https:\/\/www.sonoraenequipo.com.mx\/api\/wp\/v2\/types\/post"}],"author":[{"embeddable":true,"href":"https:\/\/www.sonoraenequipo.com.mx\/api\/wp\/v2\/users\/1"}],"replies":[{"embeddable":true,"href":"https:\/\/www.sonoraenequipo.com.mx\/api\/wp\/v2\/comments?post=138752"}],"version-history":[{"count":1,"href":"https:\/\/www.sonoraenequipo.com.mx\/api\/wp\/v2\/posts\/138752\/revisions"}],"predecessor-version":[{"id":138754,"href":"https:\/\/www.sonoraenequipo.com.mx\/api\/wp\/v2\/posts\/138752\/revisions\/138754"}],"wp:featuredmedia":[{"embeddable":true,"href":"https:\/\/www.sonoraenequipo.com.mx\/api\/wp\/v2\/media\/138753"}],"wp:attachment":[{"href":"https:\/\/www.sonoraenequipo.com.mx\/api\/wp\/v2\/media?parent=138752"}],"wp:term":[{"taxonomy":"category","embeddable":true,"href":"https:\/\/www.sonoraenequipo.com.mx\/api\/wp\/v2\/categories?post=138752"},{"taxonomy":"post_tag","embeddable":true,"href":"https:\/\/www.sonoraenequipo.com.mx\/api\/wp\/v2\/tags?post=138752"}],"curies":[{"name":"wp","href":"https:\/\/api.w.org\/{rel}","templated":true}]}}