{"id":138783,"date":"2022-05-18T08:28:24","date_gmt":"2022-05-18T15:28:24","guid":{"rendered":"https:\/\/www.sonoraenequipo.com.mx\/?p=138783"},"modified":"2022-05-18T13:06:59","modified_gmt":"2022-05-18T20:06:59","slug":"presidente-anuncia-convocatoria-para-contratacion-inmediata-de-medicos-especialistas-en-el-pais","status":"publish","type":"post","link":"https:\/\/www.sonoraenequipo.com.mx\/presidente-anuncia-convocatoria-para-contratacion-inmediata-de-medicos-especialistas-en-el-pais\/","title":{"rendered":"Presidente anuncia convocatoria para contrataci\u00f3n inmediata de m\u00e9dicos especialistas en el pa\u00eds"},"content":{"rendered":"<p><strong>CIUDAD DE M\u00c9XICO. MX. \u2014<\/strong> El pr\u00f3ximo martes 24 de mayo se dar\u00e1n a conocer las plazas disponibles en instituciones p\u00fablicas del pa\u00eds para m\u00e9dicas y m\u00e9dicos especialistas, anunci\u00f3 el presidente Andr\u00e9s Manuel L\u00f3pez Obrador.<\/p>\n<p>&nbsp;<\/p>\n<p>&nbsp;<\/p>\n<p> <\/p>\n<p>&nbsp;<\/p>\n<p>\u201cSe abre la convocatoria. (\u2026) Tenemos el compromiso de contrataci\u00f3n inmediata a todos los m\u00e9dicos con los mejores sueldos\u201d, apunt\u00f3.<\/p>\n<p>&nbsp;<\/p>\n<p>En conferencia de prensa matutina, el jefe del Ejecutivo se\u00f1al\u00f3 la necesidad de contratar personal general y especializado que brinde servicio m\u00e9dico de calidad las 24 horas del d\u00eda en todo el pa\u00eds, particularmente en comunidades rurales, en donde son frecuentes las defunciones a causa de infartos.<\/p>\n<p>&nbsp;<\/p>\n<p><em>\u201cNo hay cardi\u00f3logos, ni siquiera medicamentos para que el paciente infartado resista y pueda llegar a un hospital y ser atendido. (\u2026) No tenemos la especialidad de intervencionistas, que son los que hacen cateterismo y es una de las principales causas de muerte en el pa\u00eds. Yo no quiero eso\u201d,<\/em> asever\u00f3.<\/p>\n<p>&nbsp;<\/p>\n<p>&nbsp;<\/p>\n<p>Record\u00f3 que las convocatorias para contratar especialistas en el Instituto Mexicano del Seguro Social (IMSS) y en el Instituto de Seguridad y Servicios Sociales para los Trabajadores del Estado (ISSSTE) se repiten durante varios a\u00f1os, sin embargo, los cargos no son ocupados por factores como la distancia.<\/p>\n<p>&nbsp;<\/p>\n<p>&nbsp;<\/p>\n<p>El presidente record\u00f3 que al inicio de este mes, durante su gira de trabajo en Centroam\u00e9rica y el Caribe, los gobiernos de M\u00e9xico y Cuba establecieron un acuerdo en materia de salud que permitir\u00e1 contratar en el pa\u00eds a m\u00e9dicos cubanos, quienes ayudar\u00e1n a reforzar la atenci\u00f3n m\u00e9dica en el sistema p\u00fablico.<\/p>\n<p>&nbsp;<\/p>\n<p>\u201cSi estamos haciendo lo de Cuba es porque necesitamos m\u00e9dicos y le agradecemos al pueblo de Cuba, al gobierno de Cuba, a los m\u00e9dicos cubanos por su solidaridad\u201d, expres\u00f3.<\/p>\n<p>&nbsp;<\/p>\n<p>La salud, dijo el mandatario, no debe tener fronteras porque es un derecho humano.<\/p>\n<p>&nbsp;<\/p>\n<p><em>\u201cSi yo tengo el compromiso de que no falten los m\u00e9dicos, que no falten los medicamentos, que se garantice el derecho constitucional a la salud, que deje de ser letra muerta y no tengo m\u00e9dicos, pues de Cuba, de Estados Unidos o de Francia, de donde sea, pero que la gente sea atendida\u201d<\/em>, enfatiz\u00f3.<\/p>\n<p>&nbsp;<\/p>\n<p>&nbsp;<\/p>\n<p>El mandatario reiter\u00f3 que el Gobierno de M\u00e9xico no dar\u00e1 un paso atr\u00e1s en el fortalecimiento del Plan de Salud para el Bienestar en beneficio de quienes no tienen acceso a la seguridad social.<\/p>\n<p>&nbsp;<\/p>\n<p>&nbsp;<\/p>\n<p>&nbsp;<\/p>\n<p>(Publicada el 18\/05\/2022<\/p>\n","protected":false},"excerpt":{"rendered":"<p>CIUDAD DE M\u00c9XICO. MX. \u2014 El pr\u00f3ximo martes 24 de mayo se dar\u00e1n a conocer&#8230;<\/p>\n","protected":false},"author":1,"featured_media":138784,"comment_status":"open","ping_status":"open","sticky":false,"template":"","format":"standard","meta":{"_monsterinsights_skip_tracking":false,"_monsterinsights_sitenote_active":false,"_monsterinsights_sitenote_note":"","_monsterinsights_sitenote_category":0,"footnotes":""},"categories":[5],"tags":[],"class_list":["post"],"yoast_head":" \n<title>Sonora en Equipo. Presidente anuncia convocatoria para contrataci\u00f3n inmediata de m\u00e9dicos especialistas en el pa\u00eds Rep\u00fablica<\/title>\n<meta name=\"description\" content=\"CIUDAD DE M\u00c9XICO. MX. \u2014 El pr\u00f3ximo martes 24 de mayo se dar\u00e1n a conocer las plazas disponibles en instituciones p\u00fablicas del pa\u00eds para m\u00e9dicas y m\u00e9dicos En Sonora en Equipo publicamos toda la informaci\u00f3n de Sonora, M\u00e9xico y el Mundo de manera oportuna y busca que la libertad de expresi\u00f3n sea real. Visita nuestro medio informativo publicado desde Hermosillo, Sonora. %\" \/>\n<meta name=\"robots\" content=\"index, follow, max-snippet:-1, max-image-preview:large, max-video-preview:-1\" \/>\n<link rel=\"canonical\" href=\"https:\/\/www.sonoraenequipo.com.mx\/presidente-anuncia-convocatoria-para-contratacion-inmediata-de-medicos-especialistas-en-el-pais\/\" \/>\n<meta property=\"og:locale\" content=\"es_ES\" \/>\n<meta property=\"og:type\" content=\"article\" \/>\n<meta property=\"og:title\" content=\"Sonora en Equipo. Presidente anuncia convocatoria para contrataci\u00f3n inmediata de m\u00e9dicos especialistas en el pa\u00eds Rep\u00fablica\" \/>\n<meta property=\"og:description\" content=\"CIUDAD DE M\u00c9XICO. MX. \u2014 El pr\u00f3ximo martes 24 de mayo se dar\u00e1n a conocer las plazas disponibles en instituciones p\u00fablicas del pa\u00eds para m\u00e9dicas y m\u00e9dicos En Sonora en Equipo publicamos toda la informaci\u00f3n de Sonora, M\u00e9xico y el Mundo de manera oportuna y busca que la libertad de expresi\u00f3n sea real. Visita nuestro medio informativo publicado desde Hermosillo, Sonora. %\" \/>\n<meta property=\"og:url\" content=\"https:\/\/www.sonoraenequipo.com.mx\/presidente-anuncia-convocatoria-para-contratacion-inmediata-de-medicos-especialistas-en-el-pais\/\" \/>\n<meta property=\"og:site_name\" content=\"Sonora en Equipo.\" \/>\n<meta property=\"article:publisher\" content=\"https:\/\/www.facebook.com\/SonoraEE\/\" \/>\n<meta property=\"article:author\" content=\"https:\/\/www.facebook.com\/SonoraEE\" \/>\n<meta property=\"article:published_time\" content=\"2022-05-18T15:28:24+00:00\" \/>\n<meta property=\"article:modified_time\" content=\"2022-05-18T20:06:59+00:00\" \/>\n<meta property=\"og:image\" content=\"https:\/\/www.sonoraenequipo.com.mx\/storage\/2022\/05\/onferencia-de-prensa-Palacio-Nacional.jpg\" \/>\n\t<meta property=\"og:image:width\" content=\"700\" \/>\n\t<meta property=\"og:image:height\" content=\"400\" \/>\n\t<meta property=\"og:image:type\" content=\"image\/jpeg\" \/>\n<meta name=\"author\" content=\"enequipo\" \/>\n<meta name=\"twitter:card\" content=\"summary_large_image\" \/>\n<meta name=\"twitter:creator\" content=\"@sonoraenequipo\" \/>\n<meta name=\"twitter:site\" content=\"@sonoraenequipo\" \/>\n<meta name=\"twitter:label1\" content=\"Escrito por\" \/>\n\t<meta name=\"twitter:data1\" content=\"enequipo\" \/>\n\t<meta name=\"twitter:label2\" content=\"Tiempo de lectura\" \/>\n\t<meta name=\"twitter:data2\" content=\"2 minutos\" \/>\n<script type=\"application\/ld+json\" class=\"yoast-schema-graph\">{\"@context\":\"https:\/\/schema.org\",\"@graph\":[{\"@type\":\"Article\",\"@id\":\"https:\/\/www.sonoraenequipo.com.mx\/presidente-anuncia-convocatoria-para-contratacion-inmediata-de-medicos-especialistas-en-el-pais\/#article\",\"isPartOf\":{\"@id\":\"https:\/\/www.sonoraenequipo.com.mx\/presidente-anuncia-convocatoria-para-contratacion-inmediata-de-medicos-especialistas-en-el-pais\/\"},\"author\":{\"name\":\"enequipo\",\"@id\":\"https:\/\/www.sonoraenequipo.com.mx\/#\/schema\/person\/50102df0fb23a8fa9e8effad8fa81386\"},\"headline\":\"Presidente anuncia convocatoria para contrataci\u00f3n inmediata de m\u00e9dicos especialistas en el pa\u00eds\",\"datePublished\":\"2022-05-18T15:28:24+00:00\",\"dateModified\":\"2022-05-18T20:06:59+00:00\",\"mainEntityOfPage\":{\"@id\":\"https:\/\/www.sonoraenequipo.com.mx\/presidente-anuncia-convocatoria-para-contratacion-inmediata-de-medicos-especialistas-en-el-pais\/\"},\"wordCount\":444,\"commentCount\":0,\"publisher\":{\"@id\":\"https:\/\/www.sonoraenequipo.com.mx\/#organization\"},\"image\":{\"@id\":\"https:\/\/www.sonoraenequipo.com.mx\/presidente-anuncia-convocatoria-para-contratacion-inmediata-de-medicos-especialistas-en-el-pais\/#primaryimage\"},\"thumbnailUrl\":\"https:\/\/www.sonoraenequipo.com.mx\/storage\/2022\/05\/onferencia-de-prensa-Palacio-Nacional.jpg\",\"articleSection\":[\"Rep\u00fablica\"],\"inLanguage\":\"es\",\"potentialAction\":[{\"@type\":\"CommentAction\",\"name\":\"Comment\",\"target\":[\"https:\/\/www.sonoraenequipo.com.mx\/presidente-anuncia-convocatoria-para-contratacion-inmediata-de-medicos-especialistas-en-el-pais\/#respond\"]}]},{\"@type\":\"WebPage\",\"@id\":\"https:\/\/www.sonoraenequipo.com.mx\/presidente-anuncia-convocatoria-para-contratacion-inmediata-de-medicos-especialistas-en-el-pais\/\",\"url\":\"https:\/\/www.sonoraenequipo.com.mx\/presidente-anuncia-convocatoria-para-contratacion-inmediata-de-medicos-especialistas-en-el-pais\/\",\"name\":\"Sonora en Equipo. Presidente anuncia convocatoria para contrataci\u00f3n inmediata de m\u00e9dicos especialistas en el pa\u00eds Rep\u00fablica\",\"isPartOf\":{\"@id\":\"https:\/\/www.sonoraenequipo.com.mx\/#website\"},\"primaryImageOfPage\":{\"@id\":\"https:\/\/www.sonoraenequipo.com.mx\/presidente-anuncia-convocatoria-para-contratacion-inmediata-de-medicos-especialistas-en-el-pais\/#primaryimage\"},\"image\":{\"@id\":\"https:\/\/www.sonoraenequipo.com.mx\/presidente-anuncia-convocatoria-para-contratacion-inmediata-de-medicos-especialistas-en-el-pais\/#primaryimage\"},\"thumbnailUrl\":\"https:\/\/www.sonoraenequipo.com.mx\/storage\/2022\/05\/onferencia-de-prensa-Palacio-Nacional.jpg\",\"datePublished\":\"2022-05-18T15:28:24+00:00\",\"dateModified\":\"2022-05-18T20:06:59+00:00\",\"description\":\"CIUDAD DE M\u00c9XICO. MX. \u2014 El pr\u00f3ximo martes 24 de mayo se dar\u00e1n a conocer las plazas disponibles en instituciones p\u00fablicas del pa\u00eds para m\u00e9dicas y m\u00e9dicos En Sonora en Equipo publicamos toda la informaci\u00f3n de Sonora, M\u00e9xico y el Mundo de manera oportuna y busca que la libertad de expresi\u00f3n sea real. Visita nuestro medio informativo publicado desde Hermosillo, Sonora. %\",\"breadcrumb\":{\"@id\":\"https:\/\/www.sonoraenequipo.com.mx\/presidente-anuncia-convocatoria-para-contratacion-inmediata-de-medicos-especialistas-en-el-pais\/#breadcrumb\"},\"inLanguage\":\"es\",\"potentialAction\":[{\"@type\":\"ReadAction\",\"target\":[\"https:\/\/www.sonoraenequipo.com.mx\/presidente-anuncia-convocatoria-para-contratacion-inmediata-de-medicos-especialistas-en-el-pais\/\"]}]},{\"@type\":\"ImageObject\",\"inLanguage\":\"es\",\"@id\":\"https:\/\/www.sonoraenequipo.com.mx\/presidente-anuncia-convocatoria-para-contratacion-inmediata-de-medicos-especialistas-en-el-pais\/#primaryimage\",\"url\":\"https:\/\/www.sonoraenequipo.com.mx\/storage\/2022\/05\/onferencia-de-prensa-Palacio-Nacional.jpg\",\"contentUrl\":\"https:\/\/www.sonoraenequipo.com.mx\/storage\/2022\/05\/onferencia-de-prensa-Palacio-Nacional.jpg\",\"width\":700,\"height\":400},{\"@type\":\"BreadcrumbList\",\"@id\":\"https:\/\/www.sonoraenequipo.com.mx\/presidente-anuncia-convocatoria-para-contratacion-inmediata-de-medicos-especialistas-en-el-pais\/#breadcrumb\",\"itemListElement\":[{\"@type\":\"ListItem\",\"position\":1,\"name\":\"Portada\",\"item\":\"https:\/\/www.sonoraenequipo.com.mx\/\"},{\"@type\":\"ListItem\",\"position\":2,\"name\":\"Presidente anuncia convocatoria para contrataci\u00f3n inmediata de m\u00e9dicos especialistas en el pa\u00eds\"}]},{\"@type\":\"WebSite\",\"@id\":\"https:\/\/www.sonoraenequipo.com.mx\/#website\",\"url\":\"https:\/\/www.sonoraenequipo.com.mx\/\",\"name\":\"Sonora en Equipo.\",\"description\":\"Diario en l\u00ednea con Noticias desde Hermosillo, Sonora\",\"publisher\":{\"@id\":\"https:\/\/www.sonoraenequipo.com.mx\/#organization\"},\"potentialAction\":[{\"@type\":\"SearchAction\",\"target\":{\"@type\":\"EntryPoint\",\"urlTemplate\":\"https:\/\/www.sonoraenequipo.com.mx\/?s={search_term_string}\"},\"query-input\":{\"@type\":\"PropertyValueSpecification\",\"valueRequired\":true,\"valueName\":\"search_term_string\"}}],\"inLanguage\":\"es\"},{\"@type\":\"Organization\",\"@id\":\"https:\/\/www.sonoraenequipo.com.mx\/#organization\",\"name\":\"Sonoraenequipo.com.mx\",\"url\":\"https:\/\/www.sonoraenequipo.com.mx\/\",\"logo\":{\"@type\":\"ImageObject\",\"inLanguage\":\"es\",\"@id\":\"https:\/\/www.sonoraenequipo.com.mx\/#\/schema\/logo\/image\/\",\"url\":\"https:\/\/www.sonoraenequipo.com.mx\/storage\/2019\/01\/sonoraenequipo_opt.png\",\"contentUrl\":\"https:\/\/www.sonoraenequipo.com.mx\/storage\/2019\/01\/sonoraenequipo_opt.png\",\"width\":375,\"height\":125,\"caption\":\"Sonoraenequipo.com.mx\"},\"image\":{\"@id\":\"https:\/\/www.sonoraenequipo.com.mx\/#\/schema\/logo\/image\/\"},\"sameAs\":[\"https:\/\/www.facebook.com\/SonoraEE\/\",\"https:\/\/x.com\/sonoraenequipo\",\"https:\/\/www.youtube.com\/channel\/UC338nW-lPEYmJQs4ZABQ1SQ\"]},{\"@type\":\"Person\",\"@id\":\"https:\/\/www.sonoraenequipo.com.mx\/#\/schema\/person\/50102df0fb23a8fa9e8effad8fa81386\",\"name\":\"enequipo\",\"image\":{\"@type\":\"ImageObject\",\"inLanguage\":\"es\",\"@id\":\"https:\/\/www.sonoraenequipo.com.mx\/#\/schema\/person\/image\/\",\"url\":\"https:\/\/secure.gravatar.com\/avatar\/049821681b589dabc0bc20695993ccebb09f5b5d4d790cd9251b97faac7c652b?s=96&d=blank&r=g\",\"contentUrl\":\"https:\/\/secure.gravatar.com\/avatar\/049821681b589dabc0bc20695993ccebb09f5b5d4d790cd9251b97faac7c652b?s=96&d=blank&r=g\",\"caption\":\"enequipo\"},\"sameAs\":[\"https:\/\/www.facebook.com\/SonoraEE\"]}]}<\/script>\n ","yoast_head_json":{"title":"Sonora en Equipo. Presidente anuncia convocatoria para contrataci\u00f3n inmediata de m\u00e9dicos especialistas en el pa\u00eds Rep\u00fablica","description":"CIUDAD DE M\u00c9XICO. MX. \u2014 El pr\u00f3ximo martes 24 de mayo se dar\u00e1n a conocer las plazas disponibles en instituciones p\u00fablicas del pa\u00eds para m\u00e9dicas y m\u00e9dicos En Sonora en Equipo publicamos toda la informaci\u00f3n de Sonora, M\u00e9xico y el Mundo de manera oportuna y busca que la libertad de expresi\u00f3n sea real. Visita nuestro medio informativo publicado desde Hermosillo, Sonora. %","robots":{"index":"index","follow":"follow","max-snippet":"max-snippet:-1","max-image-preview":"max-image-preview:large","max-video-preview":"max-video-preview:-1"},"canonical":"https:\/\/www.sonoraenequipo.com.mx\/presidente-anuncia-convocatoria-para-contratacion-inmediata-de-medicos-especialistas-en-el-pais\/","og_locale":"es_ES","og_type":"article","og_title":"Sonora en Equipo. Presidente anuncia convocatoria para contrataci\u00f3n inmediata de m\u00e9dicos especialistas en el pa\u00eds Rep\u00fablica","og_description":"CIUDAD DE M\u00c9XICO. MX. \u2014 El pr\u00f3ximo martes 24 de mayo se dar\u00e1n a conocer las plazas disponibles en instituciones p\u00fablicas del pa\u00eds para m\u00e9dicas y m\u00e9dicos En Sonora en Equipo publicamos toda la informaci\u00f3n de Sonora, M\u00e9xico y el Mundo de manera oportuna y busca que la libertad de expresi\u00f3n sea real. Visita nuestro medio informativo publicado desde Hermosillo, Sonora. %","og_url":"https:\/\/www.sonoraenequipo.com.mx\/presidente-anuncia-convocatoria-para-contratacion-inmediata-de-medicos-especialistas-en-el-pais\/","og_site_name":"Sonora en Equipo.","article_publisher":"https:\/\/www.facebook.com\/SonoraEE\/","article_author":"https:\/\/www.facebook.com\/SonoraEE","article_published_time":"2022-05-18T15:28:24+00:00","article_modified_time":"2022-05-18T20:06:59+00:00","og_image":[{"width":700,"height":400,"url":"https:\/\/www.sonoraenequipo.com.mx\/storage\/2022\/05\/onferencia-de-prensa-Palacio-Nacional.jpg","type":"image\/jpeg"}],"author":"enequipo","twitter_card":"summary_large_image","twitter_creator":"@sonoraenequipo","twitter_site":"@sonoraenequipo","twitter_misc":{"Escrito por":"enequipo","Tiempo de lectura":"2 minutos"},"schema":{"@context":"https:\/\/schema.org","@graph":[{"@type":"Article","@id":"https:\/\/www.sonoraenequipo.com.mx\/presidente-anuncia-convocatoria-para-contratacion-inmediata-de-medicos-especialistas-en-el-pais\/#article","isPartOf":{"@id":"https:\/\/www.sonoraenequipo.com.mx\/presidente-anuncia-convocatoria-para-contratacion-inmediata-de-medicos-especialistas-en-el-pais\/"},"author":{"name":"enequipo","@id":"https:\/\/www.sonoraenequipo.com.mx\/#\/schema\/person\/50102df0fb23a8fa9e8effad8fa81386"},"headline":"Presidente anuncia convocatoria para contrataci\u00f3n inmediata de m\u00e9dicos especialistas en el pa\u00eds","datePublished":"2022-05-18T15:28:24+00:00","dateModified":"2022-05-18T20:06:59+00:00","mainEntityOfPage":{"@id":"https:\/\/www.sonoraenequipo.com.mx\/presidente-anuncia-convocatoria-para-contratacion-inmediata-de-medicos-especialistas-en-el-pais\/"},"wordCount":444,"commentCount":0,"publisher":{"@id":"https:\/\/www.sonoraenequipo.com.mx\/#organization"},"image":{"@id":"https:\/\/www.sonoraenequipo.com.mx\/presidente-anuncia-convocatoria-para-contratacion-inmediata-de-medicos-especialistas-en-el-pais\/#primaryimage"},"thumbnailUrl":"https:\/\/www.sonoraenequipo.com.mx\/storage\/2022\/05\/onferencia-de-prensa-Palacio-Nacional.jpg","articleSection":["Rep\u00fablica"],"inLanguage":"es","potentialAction":[{"@type":"CommentAction","name":"Comment","target":["https:\/\/www.sonoraenequipo.com.mx\/presidente-anuncia-convocatoria-para-contratacion-inmediata-de-medicos-especialistas-en-el-pais\/#respond"]}]},{"@type":"WebPage","@id":"https:\/\/www.sonoraenequipo.com.mx\/presidente-anuncia-convocatoria-para-contratacion-inmediata-de-medicos-especialistas-en-el-pais\/","url":"https:\/\/www.sonoraenequipo.com.mx\/presidente-anuncia-convocatoria-para-contratacion-inmediata-de-medicos-especialistas-en-el-pais\/","name":"Sonora en Equipo. Presidente anuncia convocatoria para contrataci\u00f3n inmediata de m\u00e9dicos especialistas en el pa\u00eds Rep\u00fablica","isPartOf":{"@id":"https:\/\/www.sonoraenequipo.com.mx\/#website"},"primaryImageOfPage":{"@id":"https:\/\/www.sonoraenequipo.com.mx\/presidente-anuncia-convocatoria-para-contratacion-inmediata-de-medicos-especialistas-en-el-pais\/#primaryimage"},"image":{"@id":"https:\/\/www.sonoraenequipo.com.mx\/presidente-anuncia-convocatoria-para-contratacion-inmediata-de-medicos-especialistas-en-el-pais\/#primaryimage"},"thumbnailUrl":"https:\/\/www.sonoraenequipo.com.mx\/storage\/2022\/05\/onferencia-de-prensa-Palacio-Nacional.jpg","datePublished":"2022-05-18T15:28:24+00:00","dateModified":"2022-05-18T20:06:59+00:00","description":"CIUDAD DE M\u00c9XICO. MX. \u2014 El pr\u00f3ximo martes 24 de mayo se dar\u00e1n a conocer las plazas disponibles en instituciones p\u00fablicas del pa\u00eds para m\u00e9dicas y m\u00e9dicos En Sonora en Equipo publicamos toda la informaci\u00f3n de Sonora, M\u00e9xico y el Mundo de manera oportuna y busca que la libertad de expresi\u00f3n sea real. Visita nuestro medio informativo publicado desde Hermosillo, Sonora. %","breadcrumb":{"@id":"https:\/\/www.sonoraenequipo.com.mx\/presidente-anuncia-convocatoria-para-contratacion-inmediata-de-medicos-especialistas-en-el-pais\/#breadcrumb"},"inLanguage":"es","potentialAction":[{"@type":"ReadAction","target":["https:\/\/www.sonoraenequipo.com.mx\/presidente-anuncia-convocatoria-para-contratacion-inmediata-de-medicos-especialistas-en-el-pais\/"]}]},{"@type":"ImageObject","inLanguage":"es","@id":"https:\/\/www.sonoraenequipo.com.mx\/presidente-anuncia-convocatoria-para-contratacion-inmediata-de-medicos-especialistas-en-el-pais\/#primaryimage","url":"https:\/\/www.sonoraenequipo.com.mx\/storage\/2022\/05\/onferencia-de-prensa-Palacio-Nacional.jpg","contentUrl":"https:\/\/www.sonoraenequipo.com.mx\/storage\/2022\/05\/onferencia-de-prensa-Palacio-Nacional.jpg","width":700,"height":400},{"@type":"BreadcrumbList","@id":"https:\/\/www.sonoraenequipo.com.mx\/presidente-anuncia-convocatoria-para-contratacion-inmediata-de-medicos-especialistas-en-el-pais\/#breadcrumb","itemListElement":[{"@type":"ListItem","position":1,"name":"Portada","item":"https:\/\/www.sonoraenequipo.com.mx\/"},{"@type":"ListItem","position":2,"name":"Presidente anuncia convocatoria para contrataci\u00f3n inmediata de m\u00e9dicos especialistas en el pa\u00eds"}]},{"@type":"WebSite","@id":"https:\/\/www.sonoraenequipo.com.mx\/#website","url":"https:\/\/www.sonoraenequipo.com.mx\/","name":"Sonora en Equipo.","description":"Diario en l\u00ednea con Noticias desde Hermosillo, Sonora","publisher":{"@id":"https:\/\/www.sonoraenequipo.com.mx\/#organization"},"potentialAction":[{"@type":"SearchAction","target":{"@type":"EntryPoint","urlTemplate":"https:\/\/www.sonoraenequipo.com.mx\/?s={search_term_string}"},"query-input":{"@type":"PropertyValueSpecification","valueRequired":true,"valueName":"search_term_string"}}],"inLanguage":"es"},{"@type":"Organization","@id":"https:\/\/www.sonoraenequipo.com.mx\/#organization","name":"Sonoraenequipo.com.mx","url":"https:\/\/www.sonoraenequipo.com.mx\/","logo":{"@type":"ImageObject","inLanguage":"es","@id":"https:\/\/www.sonoraenequipo.com.mx\/#\/schema\/logo\/image\/","url":"https:\/\/www.sonoraenequipo.com.mx\/storage\/2019\/01\/sonoraenequipo_opt.png","contentUrl":"https:\/\/www.sonoraenequipo.com.mx\/storage\/2019\/01\/sonoraenequipo_opt.png","width":375,"height":125,"caption":"Sonoraenequipo.com.mx"},"image":{"@id":"https:\/\/www.sonoraenequipo.com.mx\/#\/schema\/logo\/image\/"},"sameAs":["https:\/\/www.facebook.com\/SonoraEE\/","https:\/\/x.com\/sonoraenequipo","https:\/\/www.youtube.com\/channel\/UC338nW-lPEYmJQs4ZABQ1SQ"]},{"@type":"Person","@id":"https:\/\/www.sonoraenequipo.com.mx\/#\/schema\/person\/50102df0fb23a8fa9e8effad8fa81386","name":"enequipo","image":{"@type":"ImageObject","inLanguage":"es","@id":"https:\/\/www.sonoraenequipo.com.mx\/#\/schema\/person\/image\/","url":"https:\/\/secure.gravatar.com\/avatar\/049821681b589dabc0bc20695993ccebb09f5b5d4d790cd9251b97faac7c652b?s=96&d=blank&r=g","contentUrl":"https:\/\/secure.gravatar.com\/avatar\/049821681b589dabc0bc20695993ccebb09f5b5d4d790cd9251b97faac7c652b?s=96&d=blank&r=g","caption":"enequipo"},"sameAs":["https:\/\/www.facebook.com\/SonoraEE"]}]}},"jetpack_featured_media_url":"https:\/\/www.sonoraenequipo.com.mx\/storage\/2022\/05\/onferencia-de-prensa-Palacio-Nacional.jpg","_links":{"self":[{"href":"https:\/\/www.sonoraenequipo.com.mx\/api\/wp\/v2\/posts\/138783","targetHints":{"allow":["GET"]}}],"collection":[{"href":"https:\/\/www.sonoraenequipo.com.mx\/api\/wp\/v2\/posts"}],"about":[{"href":"https:\/\/www.sonoraenequipo.com.mx\/api\/wp\/v2\/types\/post"}],"author":[{"embeddable":true,"href":"https:\/\/www.sonoraenequipo.com.mx\/api\/wp\/v2\/users\/1"}],"replies":[{"embeddable":true,"href":"https:\/\/www.sonoraenequipo.com.mx\/api\/wp\/v2\/comments?post=138783"}],"version-history":[{"count":1,"href":"https:\/\/www.sonoraenequipo.com.mx\/api\/wp\/v2\/posts\/138783\/revisions"}],"predecessor-version":[{"id":138786,"href":"https:\/\/www.sonoraenequipo.com.mx\/api\/wp\/v2\/posts\/138783\/revisions\/138786"}],"wp:featuredmedia":[{"embeddable":true,"href":"https:\/\/www.sonoraenequipo.com.mx\/api\/wp\/v2\/media\/138784"}],"wp:attachment":[{"href":"https:\/\/www.sonoraenequipo.com.mx\/api\/wp\/v2\/media?parent=138783"}],"wp:term":[{"taxonomy":"category","embeddable":true,"href":"https:\/\/www.sonoraenequipo.com.mx\/api\/wp\/v2\/categories?post=138783"},{"taxonomy":"post_tag","embeddable":true,"href":"https:\/\/www.sonoraenequipo.com.mx\/api\/wp\/v2\/tags?post=138783"}],"curies":[{"name":"wp","href":"https:\/\/api.w.org\/{rel}","templated":true}]}}