{"id":139097,"date":"2022-05-25T10:00:37","date_gmt":"2022-05-25T17:00:37","guid":{"rendered":"https:\/\/www.sonoraenequipo.com.mx\/?p=139097"},"modified":"2022-05-25T10:42:42","modified_gmt":"2022-05-25T17:42:42","slug":"gobierno-de-mexico-busca-restablecer-los-trenes-de-pasajeros","status":"publish","type":"post","link":"https:\/\/www.sonoraenequipo.com.mx\/gobierno-de-mexico-busca-restablecer-los-trenes-de-pasajeros\/","title":{"rendered":"Gobierno de M\u00e9xico busca restablecer los trenes de pasajeros"},"content":{"rendered":"<p><strong>CIUDAD DE M\u00c9XICO. MX.<\/strong> \u2014 El presidente, Andr\u00e9s Manuel L\u00f3pez Obrador (AMLO), busca reestablecer el sistema de trenes de pasajeros en M\u00e9xico, por ser parte de la historia del pa\u00eds.<\/p>\n<p>&nbsp;<\/p>\n<p> <\/p>\n<p>&nbsp;<\/p>\n<p>&nbsp;<\/p>\n<p><em>\u201cYo lo que estoy procurando es reestablecer el sistema de trenes de pasajeros en M\u00e9xico, que es parte de nuestra historia. Desde que se inici\u00f3 el primer tramo de la Ciudad de M\u00e9xico a Veracruz con el presidente Ju\u00e1rez y lo inaugur\u00f3 en 1873 el presidente Lerdo de Tejada. A partir de ah\u00ed se inicia la construcci\u00f3n de v\u00edas f\u00e9rreas\u201d.<\/em> coment\u00f3 AMLO en su conferencia ma\u00f1anera desde Palacio Nacional.<\/p>\n<p>&nbsp;<\/p>\n<p>L\u00f3pez Obrador asegur\u00f3 que los trenes de pasajeros en M\u00e9xico se acabaron debido a los tecn\u00f3cratas y la corrupci\u00f3n en el pa\u00eds.<\/p>\n<p>&nbsp;<\/p>\n<p>Durante su conferencia ma\u00f1anera, el Presidente de M\u00e9xico explic\u00f3 nuevamente la ruta que recorrer\u00e1 el Tren Maya y la ampliaci\u00f3n de las rutas que su gobierno busca realizar para transportar pasajeros. \u201cEstamos calculando rehabilitar y construir alrededor de 2,600 kil\u00f3metros\u201d, explic\u00f3.<\/p>\n<p>&nbsp;<\/p>\n<p>Revel\u00f3 que se plantean rehabilitar la l\u00ednea f\u00e9rrea que va de Coatzacoalcos a Oaxaca, sin embargo, record\u00f3 que\u00a0 hay puentes en mal estado. Tambi\u00e9n dijo que se est\u00e1 pensando en modernizar la v\u00eda que va del Istmo de Tehuantepec hacia Guatemala.<\/p>\n<p>&nbsp;<\/p>\n<p>El Presidente de M\u00e9xico indic\u00f3 que se tiene como proyecto la construcci\u00f3n de un tren en Nuevo Le\u00f3n, que por cierto ya fue anunciado por el gobernador de esa entidad.<\/p>\n<p>&nbsp;<\/p>\n<p>\u201cTenemos en el norte, en Monterrey, un proyecto con recursos y una concesi\u00f3n para utilizar las v\u00edas del ferrocarril que atraviesan Monterrey y poder utilizar las v\u00edas y hacer un tren interurbano que va a ayudar mucho en la vialidad .<\/p>\n<p>&nbsp;<\/p>\n<p>Finalmente, AMLO anunci\u00f3 que quedar\u00e1 como proyecto la construcci\u00f3n del tren que conectar\u00e1 la Ciudad de M\u00e9xico con Quer\u00e9taro, Guanajuato, San Luis, Guadalajara y la frontera de Baja California, pero ser\u00e1 su relevo generacional, quien se encargue de rehabilitar las v\u00edas f\u00e9rreas en esa zona.<\/p>\n<p>&nbsp;<\/p>\n<p>&nbsp;<\/p>\n<p>(Publicada el 25\/05\/2022)<\/p>\n","protected":false},"excerpt":{"rendered":"<p>CIUDAD DE M\u00c9XICO. MX. \u2014 El presidente, Andr\u00e9s Manuel L\u00f3pez Obrador (AMLO), busca reestablecer el&#8230;<\/p>\n","protected":false},"author":1,"featured_media":139098,"comment_status":"open","ping_status":"open","sticky":false,"template":"","format":"standard","meta":{"_monsterinsights_skip_tracking":false,"_monsterinsights_sitenote_active":false,"_monsterinsights_sitenote_note":"","_monsterinsights_sitenote_category":0,"footnotes":""},"categories":[5],"tags":[],"class_list":["post"],"yoast_head":" \n<title>Sonora en Equipo. Gobierno de M\u00e9xico busca restablecer los trenes de pasajeros Rep\u00fablica<\/title>\n<meta name=\"description\" content=\"CIUDAD DE M\u00c9XICO. MX. \u2014 El presidente, Andr\u00e9s Manuel L\u00f3pez Obrador (AMLO), busca reestablecer el sistema de trenes de pasajeros en M\u00e9xico, por ser parte En Sonora en Equipo publicamos toda la informaci\u00f3n de Sonora, M\u00e9xico y el Mundo de manera oportuna y busca que la libertad de expresi\u00f3n sea real. Visita nuestro medio informativo publicado desde Hermosillo, Sonora. %\" \/>\n<meta name=\"robots\" content=\"index, follow, max-snippet:-1, max-image-preview:large, max-video-preview:-1\" \/>\n<link rel=\"canonical\" href=\"https:\/\/www.sonoraenequipo.com.mx\/gobierno-de-mexico-busca-restablecer-los-trenes-de-pasajeros\/\" \/>\n<meta property=\"og:locale\" content=\"es_ES\" \/>\n<meta property=\"og:type\" content=\"article\" \/>\n<meta property=\"og:title\" content=\"Sonora en Equipo. Gobierno de M\u00e9xico busca restablecer los trenes de pasajeros Rep\u00fablica\" \/>\n<meta property=\"og:description\" content=\"CIUDAD DE M\u00c9XICO. MX. \u2014 El presidente, Andr\u00e9s Manuel L\u00f3pez Obrador (AMLO), busca reestablecer el sistema de trenes de pasajeros en M\u00e9xico, por ser parte En Sonora en Equipo publicamos toda la informaci\u00f3n de Sonora, M\u00e9xico y el Mundo de manera oportuna y busca que la libertad de expresi\u00f3n sea real. Visita nuestro medio informativo publicado desde Hermosillo, Sonora. %\" \/>\n<meta property=\"og:url\" content=\"https:\/\/www.sonoraenequipo.com.mx\/gobierno-de-mexico-busca-restablecer-los-trenes-de-pasajeros\/\" \/>\n<meta property=\"og:site_name\" content=\"Sonora en Equipo.\" \/>\n<meta property=\"article:publisher\" content=\"https:\/\/www.facebook.com\/SonoraEE\/\" \/>\n<meta property=\"article:author\" content=\"https:\/\/www.facebook.com\/SonoraEE\" \/>\n<meta property=\"article:published_time\" content=\"2022-05-25T17:00:37+00:00\" \/>\n<meta property=\"article:modified_time\" content=\"2022-05-25T17:42:42+00:00\" \/>\n<meta property=\"og:image\" content=\"https:\/\/www.sonoraenequipo.com.mx\/storage\/2022\/05\/Lopez-Obrador-conferencia25.jpg\" \/>\n\t<meta property=\"og:image:width\" content=\"700\" \/>\n\t<meta property=\"og:image:height\" content=\"400\" \/>\n\t<meta property=\"og:image:type\" content=\"image\/jpeg\" \/>\n<meta name=\"author\" content=\"enequipo\" \/>\n<meta name=\"twitter:card\" content=\"summary_large_image\" \/>\n<meta name=\"twitter:creator\" content=\"@sonoraenequipo\" \/>\n<meta name=\"twitter:site\" content=\"@sonoraenequipo\" \/>\n<meta name=\"twitter:label1\" content=\"Escrito por\" \/>\n\t<meta name=\"twitter:data1\" content=\"enequipo\" \/>\n\t<meta name=\"twitter:label2\" content=\"Tiempo de lectura\" \/>\n\t<meta name=\"twitter:data2\" content=\"2 minutos\" \/>\n<script type=\"application\/ld+json\" class=\"yoast-schema-graph\">{\"@context\":\"https:\/\/schema.org\",\"@graph\":[{\"@type\":\"Article\",\"@id\":\"https:\/\/www.sonoraenequipo.com.mx\/gobierno-de-mexico-busca-restablecer-los-trenes-de-pasajeros\/#article\",\"isPartOf\":{\"@id\":\"https:\/\/www.sonoraenequipo.com.mx\/gobierno-de-mexico-busca-restablecer-los-trenes-de-pasajeros\/\"},\"author\":{\"name\":\"enequipo\",\"@id\":\"https:\/\/www.sonoraenequipo.com.mx\/#\/schema\/person\/50102df0fb23a8fa9e8effad8fa81386\"},\"headline\":\"Gobierno de M\u00e9xico busca restablecer los trenes de pasajeros\",\"datePublished\":\"2022-05-25T17:00:37+00:00\",\"dateModified\":\"2022-05-25T17:42:42+00:00\",\"mainEntityOfPage\":{\"@id\":\"https:\/\/www.sonoraenequipo.com.mx\/gobierno-de-mexico-busca-restablecer-los-trenes-de-pasajeros\/\"},\"wordCount\":374,\"commentCount\":0,\"publisher\":{\"@id\":\"https:\/\/www.sonoraenequipo.com.mx\/#organization\"},\"image\":{\"@id\":\"https:\/\/www.sonoraenequipo.com.mx\/gobierno-de-mexico-busca-restablecer-los-trenes-de-pasajeros\/#primaryimage\"},\"thumbnailUrl\":\"https:\/\/www.sonoraenequipo.com.mx\/storage\/2022\/05\/Lopez-Obrador-conferencia25.jpg\",\"articleSection\":[\"Rep\u00fablica\"],\"inLanguage\":\"es\",\"potentialAction\":[{\"@type\":\"CommentAction\",\"name\":\"Comment\",\"target\":[\"https:\/\/www.sonoraenequipo.com.mx\/gobierno-de-mexico-busca-restablecer-los-trenes-de-pasajeros\/#respond\"]}]},{\"@type\":\"WebPage\",\"@id\":\"https:\/\/www.sonoraenequipo.com.mx\/gobierno-de-mexico-busca-restablecer-los-trenes-de-pasajeros\/\",\"url\":\"https:\/\/www.sonoraenequipo.com.mx\/gobierno-de-mexico-busca-restablecer-los-trenes-de-pasajeros\/\",\"name\":\"Sonora en Equipo. Gobierno de M\u00e9xico busca restablecer los trenes de pasajeros Rep\u00fablica\",\"isPartOf\":{\"@id\":\"https:\/\/www.sonoraenequipo.com.mx\/#website\"},\"primaryImageOfPage\":{\"@id\":\"https:\/\/www.sonoraenequipo.com.mx\/gobierno-de-mexico-busca-restablecer-los-trenes-de-pasajeros\/#primaryimage\"},\"image\":{\"@id\":\"https:\/\/www.sonoraenequipo.com.mx\/gobierno-de-mexico-busca-restablecer-los-trenes-de-pasajeros\/#primaryimage\"},\"thumbnailUrl\":\"https:\/\/www.sonoraenequipo.com.mx\/storage\/2022\/05\/Lopez-Obrador-conferencia25.jpg\",\"datePublished\":\"2022-05-25T17:00:37+00:00\",\"dateModified\":\"2022-05-25T17:42:42+00:00\",\"description\":\"CIUDAD DE M\u00c9XICO. MX. \u2014 El presidente, Andr\u00e9s Manuel L\u00f3pez Obrador (AMLO), busca reestablecer el sistema de trenes de pasajeros en M\u00e9xico, por ser parte En Sonora en Equipo publicamos toda la informaci\u00f3n de Sonora, M\u00e9xico y el Mundo de manera oportuna y busca que la libertad de expresi\u00f3n sea real. Visita nuestro medio informativo publicado desde Hermosillo, Sonora. %\",\"breadcrumb\":{\"@id\":\"https:\/\/www.sonoraenequipo.com.mx\/gobierno-de-mexico-busca-restablecer-los-trenes-de-pasajeros\/#breadcrumb\"},\"inLanguage\":\"es\",\"potentialAction\":[{\"@type\":\"ReadAction\",\"target\":[\"https:\/\/www.sonoraenequipo.com.mx\/gobierno-de-mexico-busca-restablecer-los-trenes-de-pasajeros\/\"]}]},{\"@type\":\"ImageObject\",\"inLanguage\":\"es\",\"@id\":\"https:\/\/www.sonoraenequipo.com.mx\/gobierno-de-mexico-busca-restablecer-los-trenes-de-pasajeros\/#primaryimage\",\"url\":\"https:\/\/www.sonoraenequipo.com.mx\/storage\/2022\/05\/Lopez-Obrador-conferencia25.jpg\",\"contentUrl\":\"https:\/\/www.sonoraenequipo.com.mx\/storage\/2022\/05\/Lopez-Obrador-conferencia25.jpg\",\"width\":700,\"height\":400},{\"@type\":\"BreadcrumbList\",\"@id\":\"https:\/\/www.sonoraenequipo.com.mx\/gobierno-de-mexico-busca-restablecer-los-trenes-de-pasajeros\/#breadcrumb\",\"itemListElement\":[{\"@type\":\"ListItem\",\"position\":1,\"name\":\"Portada\",\"item\":\"https:\/\/www.sonoraenequipo.com.mx\/\"},{\"@type\":\"ListItem\",\"position\":2,\"name\":\"Gobierno de M\u00e9xico busca restablecer los trenes de pasajeros\"}]},{\"@type\":\"WebSite\",\"@id\":\"https:\/\/www.sonoraenequipo.com.mx\/#website\",\"url\":\"https:\/\/www.sonoraenequipo.com.mx\/\",\"name\":\"Sonora en Equipo.\",\"description\":\"Diario en l\u00ednea con Noticias desde Hermosillo, Sonora\",\"publisher\":{\"@id\":\"https:\/\/www.sonoraenequipo.com.mx\/#organization\"},\"potentialAction\":[{\"@type\":\"SearchAction\",\"target\":{\"@type\":\"EntryPoint\",\"urlTemplate\":\"https:\/\/www.sonoraenequipo.com.mx\/?s={search_term_string}\"},\"query-input\":{\"@type\":\"PropertyValueSpecification\",\"valueRequired\":true,\"valueName\":\"search_term_string\"}}],\"inLanguage\":\"es\"},{\"@type\":\"Organization\",\"@id\":\"https:\/\/www.sonoraenequipo.com.mx\/#organization\",\"name\":\"Sonoraenequipo.com.mx\",\"url\":\"https:\/\/www.sonoraenequipo.com.mx\/\",\"logo\":{\"@type\":\"ImageObject\",\"inLanguage\":\"es\",\"@id\":\"https:\/\/www.sonoraenequipo.com.mx\/#\/schema\/logo\/image\/\",\"url\":\"https:\/\/www.sonoraenequipo.com.mx\/storage\/2019\/01\/sonoraenequipo_opt.png\",\"contentUrl\":\"https:\/\/www.sonoraenequipo.com.mx\/storage\/2019\/01\/sonoraenequipo_opt.png\",\"width\":375,\"height\":125,\"caption\":\"Sonoraenequipo.com.mx\"},\"image\":{\"@id\":\"https:\/\/www.sonoraenequipo.com.mx\/#\/schema\/logo\/image\/\"},\"sameAs\":[\"https:\/\/www.facebook.com\/SonoraEE\/\",\"https:\/\/x.com\/sonoraenequipo\",\"https:\/\/www.youtube.com\/channel\/UC338nW-lPEYmJQs4ZABQ1SQ\"]},{\"@type\":\"Person\",\"@id\":\"https:\/\/www.sonoraenequipo.com.mx\/#\/schema\/person\/50102df0fb23a8fa9e8effad8fa81386\",\"name\":\"enequipo\",\"image\":{\"@type\":\"ImageObject\",\"inLanguage\":\"es\",\"@id\":\"https:\/\/www.sonoraenequipo.com.mx\/#\/schema\/person\/image\/\",\"url\":\"https:\/\/secure.gravatar.com\/avatar\/049821681b589dabc0bc20695993ccebb09f5b5d4d790cd9251b97faac7c652b?s=96&d=blank&r=g\",\"contentUrl\":\"https:\/\/secure.gravatar.com\/avatar\/049821681b589dabc0bc20695993ccebb09f5b5d4d790cd9251b97faac7c652b?s=96&d=blank&r=g\",\"caption\":\"enequipo\"},\"sameAs\":[\"https:\/\/www.facebook.com\/SonoraEE\"]}]}<\/script>\n ","yoast_head_json":{"title":"Sonora en Equipo. Gobierno de M\u00e9xico busca restablecer los trenes de pasajeros Rep\u00fablica","description":"CIUDAD DE M\u00c9XICO. MX. \u2014 El presidente, Andr\u00e9s Manuel L\u00f3pez Obrador (AMLO), busca reestablecer el sistema de trenes de pasajeros en M\u00e9xico, por ser parte En Sonora en Equipo publicamos toda la informaci\u00f3n de Sonora, M\u00e9xico y el Mundo de manera oportuna y busca que la libertad de expresi\u00f3n sea real. Visita nuestro medio informativo publicado desde Hermosillo, Sonora. %","robots":{"index":"index","follow":"follow","max-snippet":"max-snippet:-1","max-image-preview":"max-image-preview:large","max-video-preview":"max-video-preview:-1"},"canonical":"https:\/\/www.sonoraenequipo.com.mx\/gobierno-de-mexico-busca-restablecer-los-trenes-de-pasajeros\/","og_locale":"es_ES","og_type":"article","og_title":"Sonora en Equipo. Gobierno de M\u00e9xico busca restablecer los trenes de pasajeros Rep\u00fablica","og_description":"CIUDAD DE M\u00c9XICO. MX. \u2014 El presidente, Andr\u00e9s Manuel L\u00f3pez Obrador (AMLO), busca reestablecer el sistema de trenes de pasajeros en M\u00e9xico, por ser parte En Sonora en Equipo publicamos toda la informaci\u00f3n de Sonora, M\u00e9xico y el Mundo de manera oportuna y busca que la libertad de expresi\u00f3n sea real. Visita nuestro medio informativo publicado desde Hermosillo, Sonora. %","og_url":"https:\/\/www.sonoraenequipo.com.mx\/gobierno-de-mexico-busca-restablecer-los-trenes-de-pasajeros\/","og_site_name":"Sonora en Equipo.","article_publisher":"https:\/\/www.facebook.com\/SonoraEE\/","article_author":"https:\/\/www.facebook.com\/SonoraEE","article_published_time":"2022-05-25T17:00:37+00:00","article_modified_time":"2022-05-25T17:42:42+00:00","og_image":[{"width":700,"height":400,"url":"https:\/\/www.sonoraenequipo.com.mx\/storage\/2022\/05\/Lopez-Obrador-conferencia25.jpg","type":"image\/jpeg"}],"author":"enequipo","twitter_card":"summary_large_image","twitter_creator":"@sonoraenequipo","twitter_site":"@sonoraenequipo","twitter_misc":{"Escrito por":"enequipo","Tiempo de lectura":"2 minutos"},"schema":{"@context":"https:\/\/schema.org","@graph":[{"@type":"Article","@id":"https:\/\/www.sonoraenequipo.com.mx\/gobierno-de-mexico-busca-restablecer-los-trenes-de-pasajeros\/#article","isPartOf":{"@id":"https:\/\/www.sonoraenequipo.com.mx\/gobierno-de-mexico-busca-restablecer-los-trenes-de-pasajeros\/"},"author":{"name":"enequipo","@id":"https:\/\/www.sonoraenequipo.com.mx\/#\/schema\/person\/50102df0fb23a8fa9e8effad8fa81386"},"headline":"Gobierno de M\u00e9xico busca restablecer los trenes de pasajeros","datePublished":"2022-05-25T17:00:37+00:00","dateModified":"2022-05-25T17:42:42+00:00","mainEntityOfPage":{"@id":"https:\/\/www.sonoraenequipo.com.mx\/gobierno-de-mexico-busca-restablecer-los-trenes-de-pasajeros\/"},"wordCount":374,"commentCount":0,"publisher":{"@id":"https:\/\/www.sonoraenequipo.com.mx\/#organization"},"image":{"@id":"https:\/\/www.sonoraenequipo.com.mx\/gobierno-de-mexico-busca-restablecer-los-trenes-de-pasajeros\/#primaryimage"},"thumbnailUrl":"https:\/\/www.sonoraenequipo.com.mx\/storage\/2022\/05\/Lopez-Obrador-conferencia25.jpg","articleSection":["Rep\u00fablica"],"inLanguage":"es","potentialAction":[{"@type":"CommentAction","name":"Comment","target":["https:\/\/www.sonoraenequipo.com.mx\/gobierno-de-mexico-busca-restablecer-los-trenes-de-pasajeros\/#respond"]}]},{"@type":"WebPage","@id":"https:\/\/www.sonoraenequipo.com.mx\/gobierno-de-mexico-busca-restablecer-los-trenes-de-pasajeros\/","url":"https:\/\/www.sonoraenequipo.com.mx\/gobierno-de-mexico-busca-restablecer-los-trenes-de-pasajeros\/","name":"Sonora en Equipo. Gobierno de M\u00e9xico busca restablecer los trenes de pasajeros Rep\u00fablica","isPartOf":{"@id":"https:\/\/www.sonoraenequipo.com.mx\/#website"},"primaryImageOfPage":{"@id":"https:\/\/www.sonoraenequipo.com.mx\/gobierno-de-mexico-busca-restablecer-los-trenes-de-pasajeros\/#primaryimage"},"image":{"@id":"https:\/\/www.sonoraenequipo.com.mx\/gobierno-de-mexico-busca-restablecer-los-trenes-de-pasajeros\/#primaryimage"},"thumbnailUrl":"https:\/\/www.sonoraenequipo.com.mx\/storage\/2022\/05\/Lopez-Obrador-conferencia25.jpg","datePublished":"2022-05-25T17:00:37+00:00","dateModified":"2022-05-25T17:42:42+00:00","description":"CIUDAD DE M\u00c9XICO. MX. \u2014 El presidente, Andr\u00e9s Manuel L\u00f3pez Obrador (AMLO), busca reestablecer el sistema de trenes de pasajeros en M\u00e9xico, por ser parte En Sonora en Equipo publicamos toda la informaci\u00f3n de Sonora, M\u00e9xico y el Mundo de manera oportuna y busca que la libertad de expresi\u00f3n sea real. Visita nuestro medio informativo publicado desde Hermosillo, Sonora. %","breadcrumb":{"@id":"https:\/\/www.sonoraenequipo.com.mx\/gobierno-de-mexico-busca-restablecer-los-trenes-de-pasajeros\/#breadcrumb"},"inLanguage":"es","potentialAction":[{"@type":"ReadAction","target":["https:\/\/www.sonoraenequipo.com.mx\/gobierno-de-mexico-busca-restablecer-los-trenes-de-pasajeros\/"]}]},{"@type":"ImageObject","inLanguage":"es","@id":"https:\/\/www.sonoraenequipo.com.mx\/gobierno-de-mexico-busca-restablecer-los-trenes-de-pasajeros\/#primaryimage","url":"https:\/\/www.sonoraenequipo.com.mx\/storage\/2022\/05\/Lopez-Obrador-conferencia25.jpg","contentUrl":"https:\/\/www.sonoraenequipo.com.mx\/storage\/2022\/05\/Lopez-Obrador-conferencia25.jpg","width":700,"height":400},{"@type":"BreadcrumbList","@id":"https:\/\/www.sonoraenequipo.com.mx\/gobierno-de-mexico-busca-restablecer-los-trenes-de-pasajeros\/#breadcrumb","itemListElement":[{"@type":"ListItem","position":1,"name":"Portada","item":"https:\/\/www.sonoraenequipo.com.mx\/"},{"@type":"ListItem","position":2,"name":"Gobierno de M\u00e9xico busca restablecer los trenes de pasajeros"}]},{"@type":"WebSite","@id":"https:\/\/www.sonoraenequipo.com.mx\/#website","url":"https:\/\/www.sonoraenequipo.com.mx\/","name":"Sonora en Equipo.","description":"Diario en l\u00ednea con Noticias desde Hermosillo, Sonora","publisher":{"@id":"https:\/\/www.sonoraenequipo.com.mx\/#organization"},"potentialAction":[{"@type":"SearchAction","target":{"@type":"EntryPoint","urlTemplate":"https:\/\/www.sonoraenequipo.com.mx\/?s={search_term_string}"},"query-input":{"@type":"PropertyValueSpecification","valueRequired":true,"valueName":"search_term_string"}}],"inLanguage":"es"},{"@type":"Organization","@id":"https:\/\/www.sonoraenequipo.com.mx\/#organization","name":"Sonoraenequipo.com.mx","url":"https:\/\/www.sonoraenequipo.com.mx\/","logo":{"@type":"ImageObject","inLanguage":"es","@id":"https:\/\/www.sonoraenequipo.com.mx\/#\/schema\/logo\/image\/","url":"https:\/\/www.sonoraenequipo.com.mx\/storage\/2019\/01\/sonoraenequipo_opt.png","contentUrl":"https:\/\/www.sonoraenequipo.com.mx\/storage\/2019\/01\/sonoraenequipo_opt.png","width":375,"height":125,"caption":"Sonoraenequipo.com.mx"},"image":{"@id":"https:\/\/www.sonoraenequipo.com.mx\/#\/schema\/logo\/image\/"},"sameAs":["https:\/\/www.facebook.com\/SonoraEE\/","https:\/\/x.com\/sonoraenequipo","https:\/\/www.youtube.com\/channel\/UC338nW-lPEYmJQs4ZABQ1SQ"]},{"@type":"Person","@id":"https:\/\/www.sonoraenequipo.com.mx\/#\/schema\/person\/50102df0fb23a8fa9e8effad8fa81386","name":"enequipo","image":{"@type":"ImageObject","inLanguage":"es","@id":"https:\/\/www.sonoraenequipo.com.mx\/#\/schema\/person\/image\/","url":"https:\/\/secure.gravatar.com\/avatar\/049821681b589dabc0bc20695993ccebb09f5b5d4d790cd9251b97faac7c652b?s=96&d=blank&r=g","contentUrl":"https:\/\/secure.gravatar.com\/avatar\/049821681b589dabc0bc20695993ccebb09f5b5d4d790cd9251b97faac7c652b?s=96&d=blank&r=g","caption":"enequipo"},"sameAs":["https:\/\/www.facebook.com\/SonoraEE"]}]}},"jetpack_featured_media_url":"https:\/\/www.sonoraenequipo.com.mx\/storage\/2022\/05\/Lopez-Obrador-conferencia25.jpg","_links":{"self":[{"href":"https:\/\/www.sonoraenequipo.com.mx\/api\/wp\/v2\/posts\/139097","targetHints":{"allow":["GET"]}}],"collection":[{"href":"https:\/\/www.sonoraenequipo.com.mx\/api\/wp\/v2\/posts"}],"about":[{"href":"https:\/\/www.sonoraenequipo.com.mx\/api\/wp\/v2\/types\/post"}],"author":[{"embeddable":true,"href":"https:\/\/www.sonoraenequipo.com.mx\/api\/wp\/v2\/users\/1"}],"replies":[{"embeddable":true,"href":"https:\/\/www.sonoraenequipo.com.mx\/api\/wp\/v2\/comments?post=139097"}],"version-history":[{"count":1,"href":"https:\/\/www.sonoraenequipo.com.mx\/api\/wp\/v2\/posts\/139097\/revisions"}],"predecessor-version":[{"id":139101,"href":"https:\/\/www.sonoraenequipo.com.mx\/api\/wp\/v2\/posts\/139097\/revisions\/139101"}],"wp:featuredmedia":[{"embeddable":true,"href":"https:\/\/www.sonoraenequipo.com.mx\/api\/wp\/v2\/media\/139098"}],"wp:attachment":[{"href":"https:\/\/www.sonoraenequipo.com.mx\/api\/wp\/v2\/media?parent=139097"}],"wp:term":[{"taxonomy":"category","embeddable":true,"href":"https:\/\/www.sonoraenequipo.com.mx\/api\/wp\/v2\/categories?post=139097"},{"taxonomy":"post_tag","embeddable":true,"href":"https:\/\/www.sonoraenequipo.com.mx\/api\/wp\/v2\/tags?post=139097"}],"curies":[{"name":"wp","href":"https:\/\/api.w.org\/{rel}","templated":true}]}}