{"id":139108,"date":"2022-05-25T09:29:28","date_gmt":"2022-05-25T16:29:28","guid":{"rendered":"https:\/\/www.sonoraenequipo.com.mx\/?p=139108"},"modified":"2022-05-25T12:23:46","modified_gmt":"2022-05-25T19:23:46","slug":"2022-se-posiciona-como-el-ano-de-mayor-inversion-extranjera-en-mexico-presidente","status":"publish","type":"post","link":"https:\/\/www.sonoraenequipo.com.mx\/2022-se-posiciona-como-el-ano-de-mayor-inversion-extranjera-en-mexico-presidente\/","title":{"rendered":"2022 se posiciona como el a\u00f1o de mayor inversi\u00f3n extranjera en M\u00e9xico: presidente"},"content":{"rendered":"<p><strong>CIUDAD DE M\u00c9XICO. MX. \u2014<\/strong> El presidente Andr\u00e9s Manuel L\u00f3pez Obrador inform\u00f3 que la Inversi\u00f3n Extranjera Directa (IED) en el primer trimestre de 2022 alcanz\u00f3 la cifra hist\u00f3rica de 19 mil 428 millones de d\u00f3lares, por lo que ser\u00e1 el a\u00f1o de mayor captaci\u00f3n en este rubro<\/p>\n<p>&nbsp;<\/p>\n<p>&nbsp;<\/p>\n<p> <\/p>\n<p>&nbsp;<\/p>\n<p>&nbsp;<\/p>\n<p>En conferencia de prensa matutina, el mandatario precis\u00f3 que, aun sin considerar las operaciones empresariales at\u00edpicas, la IED aument\u00f3 5.8 por ciento e increment\u00f3 63.7 por ciento respecto de 2021.<\/p>\n<p>&nbsp;<\/p>\n<p><em>\u201cEste a\u00f1o va a ser el de mayor inversi\u00f3n extranjera en la historia de M\u00e9xico y esto tambi\u00e9n es importante porque son operaciones que significaron el pago de impuestos\u201d,<\/em> subray\u00f3 al referirse a la fusi\u00f3n Televisa-Univisi\u00f3n y la reestructura de Aerom\u00e9xico.<\/p>\n<p>&nbsp;<\/p>\n<p>&nbsp;<\/p>\n<p><em>\u201cM\u00e9xico es de los selectos pa\u00edses considerados como de los m\u00e1s atractivos para la inversi\u00f3n for\u00e1nea; esto ayuda much\u00edsimo\u201d<\/em>, agreg\u00f3.<\/p>\n<p>&nbsp;<\/p>\n<p>&nbsp;<\/p>\n<p>En el Sal\u00f3n de la Tesorer\u00eda de Palacio Nacional, el jefe del Ejecutivo precis\u00f3 que al 24 de mayo la recaudaci\u00f3n de impuestos fue de mil 733 millones 337 mil pesos. En t\u00e9rminos reales se encuentra 3.8 por ciento por arriba de lo registrado en el mismo periodo de 2021.<\/p>\n<p>&nbsp;<\/p>\n<p>&nbsp;<\/p>\n<p><em>\u201cEl impuesto sobre la renta, 17.7 por ciento de incremento con relaci\u00f3n al mismo periodo del a\u00f1o pasado, esto en t\u00e9rminos reales. Si le agregamos los 7.8 de inflaci\u00f3n, estamos hablando en t\u00e9rminos nominales de 25 por ciento de incremento\u201d<\/em>, explic\u00f3.<\/p>\n<div style=\"width: 640px;\" class=\"wp-video\"> \n<video class=\"wp-video-shortcode\" id=\"video-139108-1\" width=\"640\" height=\"360\" preload=\"metadata\" controls=\"controls\"><source type=\"video\/mp4\" src=\"http:\/\/presidente.gob.mx\/storage\/2022\/05\/Inversio%CC%81nExtranjera_2022.mp4?_=1\" \/><a href=\"http:\/\/presidente.gob.mx\/storage\/2022\/05\/Inversio%CC%81nExtranjera_2022.mp4\">http:\/\/presidente.gob.mx\/storage\/2022\/05\/Inversio%CC%81nExtranjera_2022.mp4<\/a><\/video><\/div>\n<p>Resalt\u00f3 que en el Gobierno de la Cuarta Transformaci\u00f3n las empresas cumplen con sus obligaciones fiscales y ya no se permite la evasi\u00f3n de pago de impuestos; lo recaudado sirve para ejecutar obras que impulsan el desarrollo del pa\u00eds.<\/p>\n<p>&nbsp;<\/p>\n<p>&nbsp;<\/p>\n<p><em>\u201cCuidamos que nadie se robe dinero del presupuesto, por eso todo mundo est\u00e1 contribuyendo y felicito a estos empresarios que est\u00e1n pagando; (\u2026) todos est\u00e1n pagando\u201d,<\/em> apunt\u00f3.<\/p>\n<p>&nbsp;<\/p>\n<h3>Econom\u00eda mexicana crece y se recupera, asegura presidente<\/h3>\n<p>&nbsp;<\/p>\n<p>El presidente L\u00f3pez Obrador sostuvo que la inflaci\u00f3n en M\u00e9xico comienza a disminuir y contin\u00faa por debajo de la que presentan otros pa\u00edses como resultado de las acciones de la administraci\u00f3n federal encaminadas al cuidado de la econom\u00eda popular.<\/p>\n<p>&nbsp;<\/p>\n<p>&nbsp;<\/p>\n<p>Indic\u00f3 que la inflaci\u00f3n es un factor externo que est\u00e1 siendo controlado debido a la pol\u00edtica energ\u00e9tica y al reciente acuerdo con productores, distribuidores y comerciantes de alimentos b\u00e1sicos.<\/p>\n<p>&nbsp;<\/p>\n<p>&nbsp;<\/p>\n<p><em>\u201cEst\u00e1 empezando la campa\u00f1a, pero s\u00ed se est\u00e1n moderando en los incrementos de precio; no est\u00e1n aprovech\u00e1ndose de la situaci\u00f3n y es importante reconocerlo\u201d,<\/em> expres\u00f3.<\/p>\n<p>&nbsp;<\/p>\n<p>&nbsp;<\/p>\n<p>Adem\u00e1s, el Gobierno de M\u00e9xico no opta por contraer deuda adicional y no permite la corrupci\u00f3n, factores que abonan a la distribuci\u00f3n equitativa de la riqueza a trav\u00e9s de los Programas para el Bienestar.<\/p>\n<p>&nbsp;<\/p>\n<p>&nbsp;<\/p>\n<p><em>\u201cLe ganamos a otros gobiernos en justicia social. (\u2026) Ahora le est\u00e1 llegando presupuesto a quienes no les llegaba nada. Estamos mejor que en la \u00e9poca del Milagro Mexicano y la \u00e9poca del Desarrollo Estabilizador\u201d<\/em>, asever\u00f3.<\/p>\n<p>&nbsp;<\/p>\n<p>&nbsp;<\/p>\n<p>El peso mexicano no se ha devaluado, al contrario, se ha apreciado y es considerado como una de las monedas m\u00e1s fuertes del mundo, remarc\u00f3 el mandatario.<\/p>\n<p>&nbsp;<\/p>\n<p>Record\u00f3 que las remesas son una importante fuente de ingresos y si contin\u00faan envi\u00e1ndose desde Estados Unidos como hasta ahora, podr\u00edan llegar a los 60 mil millones de d\u00f3lares este a\u00f1o.<\/p>\n<p>&nbsp;<\/p>\n<p>&nbsp;<\/p>\n<p>(Publicada el 25\/05\/2022 \/Con informaci\u00f3n de Presidencia de la Rep\u00fablica )<\/p>\n","protected":false},"excerpt":{"rendered":"<p>CIUDAD DE M\u00c9XICO. MX. \u2014 El presidente Andr\u00e9s Manuel L\u00f3pez Obrador inform\u00f3 que la Inversi\u00f3n&#8230;<\/p>\n","protected":false},"author":1,"featured_media":139110,"comment_status":"open","ping_status":"open","sticky":false,"template":"","format":"standard","meta":{"_monsterinsights_skip_tracking":false,"_monsterinsights_sitenote_active":false,"_monsterinsights_sitenote_note":"","_monsterinsights_sitenote_category":0,"footnotes":""},"categories":[5],"tags":[],"class_list":["post"],"yoast_head":" \n<title>Sonora en Equipo. 2022 se posiciona como el a\u00f1o de mayor inversi\u00f3n extranjera en M\u00e9xico: presidente Rep\u00fablica<\/title>\n<meta name=\"description\" content=\"CIUDAD DE M\u00c9XICO. MX. \u2014 El presidente Andr\u00e9s Manuel L\u00f3pez Obrador inform\u00f3 que la Inversi\u00f3n Extranjera Directa (IED) en el primer trimestre de 2022 alcanz\u00f3 En Sonora en Equipo publicamos toda la informaci\u00f3n de Sonora, M\u00e9xico y el Mundo de manera oportuna y busca que la libertad de expresi\u00f3n sea real. Visita nuestro medio informativo publicado desde Hermosillo, Sonora. %\" \/>\n<meta name=\"robots\" content=\"index, follow, max-snippet:-1, max-image-preview:large, max-video-preview:-1\" \/>\n<link rel=\"canonical\" href=\"https:\/\/www.sonoraenequipo.com.mx\/2022-se-posiciona-como-el-ano-de-mayor-inversion-extranjera-en-mexico-presidente\/\" \/>\n<meta property=\"og:locale\" content=\"es_ES\" \/>\n<meta property=\"og:type\" content=\"article\" \/>\n<meta property=\"og:title\" content=\"Sonora en Equipo. 2022 se posiciona como el a\u00f1o de mayor inversi\u00f3n extranjera en M\u00e9xico: presidente Rep\u00fablica\" \/>\n<meta property=\"og:description\" content=\"CIUDAD DE M\u00c9XICO. MX. \u2014 El presidente Andr\u00e9s Manuel L\u00f3pez Obrador inform\u00f3 que la Inversi\u00f3n Extranjera Directa (IED) en el primer trimestre de 2022 alcanz\u00f3 En Sonora en Equipo publicamos toda la informaci\u00f3n de Sonora, M\u00e9xico y el Mundo de manera oportuna y busca que la libertad de expresi\u00f3n sea real. Visita nuestro medio informativo publicado desde Hermosillo, Sonora. %\" \/>\n<meta property=\"og:url\" content=\"https:\/\/www.sonoraenequipo.com.mx\/2022-se-posiciona-como-el-ano-de-mayor-inversion-extranjera-en-mexico-presidente\/\" \/>\n<meta property=\"og:site_name\" content=\"Sonora en Equipo.\" \/>\n<meta property=\"article:publisher\" content=\"https:\/\/www.facebook.com\/SonoraEE\/\" \/>\n<meta property=\"article:author\" content=\"https:\/\/www.facebook.com\/SonoraEE\" \/>\n<meta property=\"article:published_time\" content=\"2022-05-25T16:29:28+00:00\" \/>\n<meta property=\"article:modified_time\" content=\"2022-05-25T19:23:46+00:00\" \/>\n<meta property=\"og:image\" content=\"https:\/\/www.sonoraenequipo.com.mx\/storage\/2022\/05\/25-05-2022-Conferencia-de-prensa-matutina-Palacio-Nacional-Foto-06.jpg\" \/>\n\t<meta property=\"og:image:width\" content=\"700\" \/>\n\t<meta property=\"og:image:height\" content=\"400\" \/>\n\t<meta property=\"og:image:type\" content=\"image\/jpeg\" \/>\n<meta name=\"author\" content=\"enequipo\" \/>\n<meta name=\"twitter:card\" content=\"summary_large_image\" \/>\n<meta name=\"twitter:creator\" content=\"@sonoraenequipo\" \/>\n<meta name=\"twitter:site\" content=\"@sonoraenequipo\" \/>\n<meta name=\"twitter:label1\" content=\"Escrito por\" \/>\n\t<meta name=\"twitter:data1\" content=\"enequipo\" \/>\n\t<meta name=\"twitter:label2\" content=\"Tiempo de lectura\" \/>\n\t<meta name=\"twitter:data2\" content=\"3 minutos\" \/>\n<script type=\"application\/ld+json\" class=\"yoast-schema-graph\">{\"@context\":\"https:\/\/schema.org\",\"@graph\":[{\"@type\":\"Article\",\"@id\":\"https:\/\/www.sonoraenequipo.com.mx\/2022-se-posiciona-como-el-ano-de-mayor-inversion-extranjera-en-mexico-presidente\/#article\",\"isPartOf\":{\"@id\":\"https:\/\/www.sonoraenequipo.com.mx\/2022-se-posiciona-como-el-ano-de-mayor-inversion-extranjera-en-mexico-presidente\/\"},\"author\":{\"name\":\"enequipo\",\"@id\":\"https:\/\/www.sonoraenequipo.com.mx\/#\/schema\/person\/50102df0fb23a8fa9e8effad8fa81386\"},\"headline\":\"2022 se posiciona como el a\u00f1o de mayor inversi\u00f3n extranjera en M\u00e9xico: presidente\",\"datePublished\":\"2022-05-25T16:29:28+00:00\",\"dateModified\":\"2022-05-25T19:23:46+00:00\",\"mainEntityOfPage\":{\"@id\":\"https:\/\/www.sonoraenequipo.com.mx\/2022-se-posiciona-como-el-ano-de-mayor-inversion-extranjera-en-mexico-presidente\/\"},\"wordCount\":634,\"commentCount\":0,\"publisher\":{\"@id\":\"https:\/\/www.sonoraenequipo.com.mx\/#organization\"},\"image\":{\"@id\":\"https:\/\/www.sonoraenequipo.com.mx\/2022-se-posiciona-como-el-ano-de-mayor-inversion-extranjera-en-mexico-presidente\/#primaryimage\"},\"thumbnailUrl\":\"https:\/\/www.sonoraenequipo.com.mx\/storage\/2022\/05\/25-05-2022-Conferencia-de-prensa-matutina-Palacio-Nacional-Foto-06.jpg\",\"articleSection\":[\"Rep\u00fablica\"],\"inLanguage\":\"es\",\"potentialAction\":[{\"@type\":\"CommentAction\",\"name\":\"Comment\",\"target\":[\"https:\/\/www.sonoraenequipo.com.mx\/2022-se-posiciona-como-el-ano-de-mayor-inversion-extranjera-en-mexico-presidente\/#respond\"]}]},{\"@type\":\"WebPage\",\"@id\":\"https:\/\/www.sonoraenequipo.com.mx\/2022-se-posiciona-como-el-ano-de-mayor-inversion-extranjera-en-mexico-presidente\/\",\"url\":\"https:\/\/www.sonoraenequipo.com.mx\/2022-se-posiciona-como-el-ano-de-mayor-inversion-extranjera-en-mexico-presidente\/\",\"name\":\"Sonora en Equipo. 2022 se posiciona como el a\u00f1o de mayor inversi\u00f3n extranjera en M\u00e9xico: presidente Rep\u00fablica\",\"isPartOf\":{\"@id\":\"https:\/\/www.sonoraenequipo.com.mx\/#website\"},\"primaryImageOfPage\":{\"@id\":\"https:\/\/www.sonoraenequipo.com.mx\/2022-se-posiciona-como-el-ano-de-mayor-inversion-extranjera-en-mexico-presidente\/#primaryimage\"},\"image\":{\"@id\":\"https:\/\/www.sonoraenequipo.com.mx\/2022-se-posiciona-como-el-ano-de-mayor-inversion-extranjera-en-mexico-presidente\/#primaryimage\"},\"thumbnailUrl\":\"https:\/\/www.sonoraenequipo.com.mx\/storage\/2022\/05\/25-05-2022-Conferencia-de-prensa-matutina-Palacio-Nacional-Foto-06.jpg\",\"datePublished\":\"2022-05-25T16:29:28+00:00\",\"dateModified\":\"2022-05-25T19:23:46+00:00\",\"description\":\"CIUDAD DE M\u00c9XICO. MX. \u2014 El presidente Andr\u00e9s Manuel L\u00f3pez Obrador inform\u00f3 que la Inversi\u00f3n Extranjera Directa (IED) en el primer trimestre de 2022 alcanz\u00f3 En Sonora en Equipo publicamos toda la informaci\u00f3n de Sonora, M\u00e9xico y el Mundo de manera oportuna y busca que la libertad de expresi\u00f3n sea real. Visita nuestro medio informativo publicado desde Hermosillo, Sonora. %\",\"breadcrumb\":{\"@id\":\"https:\/\/www.sonoraenequipo.com.mx\/2022-se-posiciona-como-el-ano-de-mayor-inversion-extranjera-en-mexico-presidente\/#breadcrumb\"},\"inLanguage\":\"es\",\"potentialAction\":[{\"@type\":\"ReadAction\",\"target\":[\"https:\/\/www.sonoraenequipo.com.mx\/2022-se-posiciona-como-el-ano-de-mayor-inversion-extranjera-en-mexico-presidente\/\"]}]},{\"@type\":\"ImageObject\",\"inLanguage\":\"es\",\"@id\":\"https:\/\/www.sonoraenequipo.com.mx\/2022-se-posiciona-como-el-ano-de-mayor-inversion-extranjera-en-mexico-presidente\/#primaryimage\",\"url\":\"https:\/\/www.sonoraenequipo.com.mx\/storage\/2022\/05\/25-05-2022-Conferencia-de-prensa-matutina-Palacio-Nacional-Foto-06.jpg\",\"contentUrl\":\"https:\/\/www.sonoraenequipo.com.mx\/storage\/2022\/05\/25-05-2022-Conferencia-de-prensa-matutina-Palacio-Nacional-Foto-06.jpg\",\"width\":700,\"height\":400},{\"@type\":\"BreadcrumbList\",\"@id\":\"https:\/\/www.sonoraenequipo.com.mx\/2022-se-posiciona-como-el-ano-de-mayor-inversion-extranjera-en-mexico-presidente\/#breadcrumb\",\"itemListElement\":[{\"@type\":\"ListItem\",\"position\":1,\"name\":\"Portada\",\"item\":\"https:\/\/www.sonoraenequipo.com.mx\/\"},{\"@type\":\"ListItem\",\"position\":2,\"name\":\"2022 se posiciona como el a\u00f1o de mayor inversi\u00f3n extranjera en M\u00e9xico: presidente\"}]},{\"@type\":\"WebSite\",\"@id\":\"https:\/\/www.sonoraenequipo.com.mx\/#website\",\"url\":\"https:\/\/www.sonoraenequipo.com.mx\/\",\"name\":\"Sonora en Equipo.\",\"description\":\"Diario en l\u00ednea con Noticias desde Hermosillo, Sonora\",\"publisher\":{\"@id\":\"https:\/\/www.sonoraenequipo.com.mx\/#organization\"},\"potentialAction\":[{\"@type\":\"SearchAction\",\"target\":{\"@type\":\"EntryPoint\",\"urlTemplate\":\"https:\/\/www.sonoraenequipo.com.mx\/?s={search_term_string}\"},\"query-input\":{\"@type\":\"PropertyValueSpecification\",\"valueRequired\":true,\"valueName\":\"search_term_string\"}}],\"inLanguage\":\"es\"},{\"@type\":\"Organization\",\"@id\":\"https:\/\/www.sonoraenequipo.com.mx\/#organization\",\"name\":\"Sonoraenequipo.com.mx\",\"url\":\"https:\/\/www.sonoraenequipo.com.mx\/\",\"logo\":{\"@type\":\"ImageObject\",\"inLanguage\":\"es\",\"@id\":\"https:\/\/www.sonoraenequipo.com.mx\/#\/schema\/logo\/image\/\",\"url\":\"https:\/\/www.sonoraenequipo.com.mx\/storage\/2019\/01\/sonoraenequipo_opt.png\",\"contentUrl\":\"https:\/\/www.sonoraenequipo.com.mx\/storage\/2019\/01\/sonoraenequipo_opt.png\",\"width\":375,\"height\":125,\"caption\":\"Sonoraenequipo.com.mx\"},\"image\":{\"@id\":\"https:\/\/www.sonoraenequipo.com.mx\/#\/schema\/logo\/image\/\"},\"sameAs\":[\"https:\/\/www.facebook.com\/SonoraEE\/\",\"https:\/\/x.com\/sonoraenequipo\",\"https:\/\/www.youtube.com\/channel\/UC338nW-lPEYmJQs4ZABQ1SQ\"]},{\"@type\":\"Person\",\"@id\":\"https:\/\/www.sonoraenequipo.com.mx\/#\/schema\/person\/50102df0fb23a8fa9e8effad8fa81386\",\"name\":\"enequipo\",\"image\":{\"@type\":\"ImageObject\",\"inLanguage\":\"es\",\"@id\":\"https:\/\/www.sonoraenequipo.com.mx\/#\/schema\/person\/image\/\",\"url\":\"https:\/\/secure.gravatar.com\/avatar\/049821681b589dabc0bc20695993ccebb09f5b5d4d790cd9251b97faac7c652b?s=96&d=blank&r=g\",\"contentUrl\":\"https:\/\/secure.gravatar.com\/avatar\/049821681b589dabc0bc20695993ccebb09f5b5d4d790cd9251b97faac7c652b?s=96&d=blank&r=g\",\"caption\":\"enequipo\"},\"sameAs\":[\"https:\/\/www.facebook.com\/SonoraEE\"]}]}<\/script>\n ","yoast_head_json":{"title":"Sonora en Equipo. 2022 se posiciona como el a\u00f1o de mayor inversi\u00f3n extranjera en M\u00e9xico: presidente Rep\u00fablica","description":"CIUDAD DE M\u00c9XICO. MX. \u2014 El presidente Andr\u00e9s Manuel L\u00f3pez Obrador inform\u00f3 que la Inversi\u00f3n Extranjera Directa (IED) en el primer trimestre de 2022 alcanz\u00f3 En Sonora en Equipo publicamos toda la informaci\u00f3n de Sonora, M\u00e9xico y el Mundo de manera oportuna y busca que la libertad de expresi\u00f3n sea real. Visita nuestro medio informativo publicado desde Hermosillo, Sonora. %","robots":{"index":"index","follow":"follow","max-snippet":"max-snippet:-1","max-image-preview":"max-image-preview:large","max-video-preview":"max-video-preview:-1"},"canonical":"https:\/\/www.sonoraenequipo.com.mx\/2022-se-posiciona-como-el-ano-de-mayor-inversion-extranjera-en-mexico-presidente\/","og_locale":"es_ES","og_type":"article","og_title":"Sonora en Equipo. 2022 se posiciona como el a\u00f1o de mayor inversi\u00f3n extranjera en M\u00e9xico: presidente Rep\u00fablica","og_description":"CIUDAD DE M\u00c9XICO. MX. \u2014 El presidente Andr\u00e9s Manuel L\u00f3pez Obrador inform\u00f3 que la Inversi\u00f3n Extranjera Directa (IED) en el primer trimestre de 2022 alcanz\u00f3 En Sonora en Equipo publicamos toda la informaci\u00f3n de Sonora, M\u00e9xico y el Mundo de manera oportuna y busca que la libertad de expresi\u00f3n sea real. Visita nuestro medio informativo publicado desde Hermosillo, Sonora. %","og_url":"https:\/\/www.sonoraenequipo.com.mx\/2022-se-posiciona-como-el-ano-de-mayor-inversion-extranjera-en-mexico-presidente\/","og_site_name":"Sonora en Equipo.","article_publisher":"https:\/\/www.facebook.com\/SonoraEE\/","article_author":"https:\/\/www.facebook.com\/SonoraEE","article_published_time":"2022-05-25T16:29:28+00:00","article_modified_time":"2022-05-25T19:23:46+00:00","og_image":[{"width":700,"height":400,"url":"https:\/\/www.sonoraenequipo.com.mx\/storage\/2022\/05\/25-05-2022-Conferencia-de-prensa-matutina-Palacio-Nacional-Foto-06.jpg","type":"image\/jpeg"}],"author":"enequipo","twitter_card":"summary_large_image","twitter_creator":"@sonoraenequipo","twitter_site":"@sonoraenequipo","twitter_misc":{"Escrito por":"enequipo","Tiempo de lectura":"3 minutos"},"schema":{"@context":"https:\/\/schema.org","@graph":[{"@type":"Article","@id":"https:\/\/www.sonoraenequipo.com.mx\/2022-se-posiciona-como-el-ano-de-mayor-inversion-extranjera-en-mexico-presidente\/#article","isPartOf":{"@id":"https:\/\/www.sonoraenequipo.com.mx\/2022-se-posiciona-como-el-ano-de-mayor-inversion-extranjera-en-mexico-presidente\/"},"author":{"name":"enequipo","@id":"https:\/\/www.sonoraenequipo.com.mx\/#\/schema\/person\/50102df0fb23a8fa9e8effad8fa81386"},"headline":"2022 se posiciona como el a\u00f1o de mayor inversi\u00f3n extranjera en M\u00e9xico: presidente","datePublished":"2022-05-25T16:29:28+00:00","dateModified":"2022-05-25T19:23:46+00:00","mainEntityOfPage":{"@id":"https:\/\/www.sonoraenequipo.com.mx\/2022-se-posiciona-como-el-ano-de-mayor-inversion-extranjera-en-mexico-presidente\/"},"wordCount":634,"commentCount":0,"publisher":{"@id":"https:\/\/www.sonoraenequipo.com.mx\/#organization"},"image":{"@id":"https:\/\/www.sonoraenequipo.com.mx\/2022-se-posiciona-como-el-ano-de-mayor-inversion-extranjera-en-mexico-presidente\/#primaryimage"},"thumbnailUrl":"https:\/\/www.sonoraenequipo.com.mx\/storage\/2022\/05\/25-05-2022-Conferencia-de-prensa-matutina-Palacio-Nacional-Foto-06.jpg","articleSection":["Rep\u00fablica"],"inLanguage":"es","potentialAction":[{"@type":"CommentAction","name":"Comment","target":["https:\/\/www.sonoraenequipo.com.mx\/2022-se-posiciona-como-el-ano-de-mayor-inversion-extranjera-en-mexico-presidente\/#respond"]}]},{"@type":"WebPage","@id":"https:\/\/www.sonoraenequipo.com.mx\/2022-se-posiciona-como-el-ano-de-mayor-inversion-extranjera-en-mexico-presidente\/","url":"https:\/\/www.sonoraenequipo.com.mx\/2022-se-posiciona-como-el-ano-de-mayor-inversion-extranjera-en-mexico-presidente\/","name":"Sonora en Equipo. 2022 se posiciona como el a\u00f1o de mayor inversi\u00f3n extranjera en M\u00e9xico: presidente Rep\u00fablica","isPartOf":{"@id":"https:\/\/www.sonoraenequipo.com.mx\/#website"},"primaryImageOfPage":{"@id":"https:\/\/www.sonoraenequipo.com.mx\/2022-se-posiciona-como-el-ano-de-mayor-inversion-extranjera-en-mexico-presidente\/#primaryimage"},"image":{"@id":"https:\/\/www.sonoraenequipo.com.mx\/2022-se-posiciona-como-el-ano-de-mayor-inversion-extranjera-en-mexico-presidente\/#primaryimage"},"thumbnailUrl":"https:\/\/www.sonoraenequipo.com.mx\/storage\/2022\/05\/25-05-2022-Conferencia-de-prensa-matutina-Palacio-Nacional-Foto-06.jpg","datePublished":"2022-05-25T16:29:28+00:00","dateModified":"2022-05-25T19:23:46+00:00","description":"CIUDAD DE M\u00c9XICO. MX. \u2014 El presidente Andr\u00e9s Manuel L\u00f3pez Obrador inform\u00f3 que la Inversi\u00f3n Extranjera Directa (IED) en el primer trimestre de 2022 alcanz\u00f3 En Sonora en Equipo publicamos toda la informaci\u00f3n de Sonora, M\u00e9xico y el Mundo de manera oportuna y busca que la libertad de expresi\u00f3n sea real. Visita nuestro medio informativo publicado desde Hermosillo, Sonora. %","breadcrumb":{"@id":"https:\/\/www.sonoraenequipo.com.mx\/2022-se-posiciona-como-el-ano-de-mayor-inversion-extranjera-en-mexico-presidente\/#breadcrumb"},"inLanguage":"es","potentialAction":[{"@type":"ReadAction","target":["https:\/\/www.sonoraenequipo.com.mx\/2022-se-posiciona-como-el-ano-de-mayor-inversion-extranjera-en-mexico-presidente\/"]}]},{"@type":"ImageObject","inLanguage":"es","@id":"https:\/\/www.sonoraenequipo.com.mx\/2022-se-posiciona-como-el-ano-de-mayor-inversion-extranjera-en-mexico-presidente\/#primaryimage","url":"https:\/\/www.sonoraenequipo.com.mx\/storage\/2022\/05\/25-05-2022-Conferencia-de-prensa-matutina-Palacio-Nacional-Foto-06.jpg","contentUrl":"https:\/\/www.sonoraenequipo.com.mx\/storage\/2022\/05\/25-05-2022-Conferencia-de-prensa-matutina-Palacio-Nacional-Foto-06.jpg","width":700,"height":400},{"@type":"BreadcrumbList","@id":"https:\/\/www.sonoraenequipo.com.mx\/2022-se-posiciona-como-el-ano-de-mayor-inversion-extranjera-en-mexico-presidente\/#breadcrumb","itemListElement":[{"@type":"ListItem","position":1,"name":"Portada","item":"https:\/\/www.sonoraenequipo.com.mx\/"},{"@type":"ListItem","position":2,"name":"2022 se posiciona como el a\u00f1o de mayor inversi\u00f3n extranjera en M\u00e9xico: presidente"}]},{"@type":"WebSite","@id":"https:\/\/www.sonoraenequipo.com.mx\/#website","url":"https:\/\/www.sonoraenequipo.com.mx\/","name":"Sonora en Equipo.","description":"Diario en l\u00ednea con Noticias desde Hermosillo, Sonora","publisher":{"@id":"https:\/\/www.sonoraenequipo.com.mx\/#organization"},"potentialAction":[{"@type":"SearchAction","target":{"@type":"EntryPoint","urlTemplate":"https:\/\/www.sonoraenequipo.com.mx\/?s={search_term_string}"},"query-input":{"@type":"PropertyValueSpecification","valueRequired":true,"valueName":"search_term_string"}}],"inLanguage":"es"},{"@type":"Organization","@id":"https:\/\/www.sonoraenequipo.com.mx\/#organization","name":"Sonoraenequipo.com.mx","url":"https:\/\/www.sonoraenequipo.com.mx\/","logo":{"@type":"ImageObject","inLanguage":"es","@id":"https:\/\/www.sonoraenequipo.com.mx\/#\/schema\/logo\/image\/","url":"https:\/\/www.sonoraenequipo.com.mx\/storage\/2019\/01\/sonoraenequipo_opt.png","contentUrl":"https:\/\/www.sonoraenequipo.com.mx\/storage\/2019\/01\/sonoraenequipo_opt.png","width":375,"height":125,"caption":"Sonoraenequipo.com.mx"},"image":{"@id":"https:\/\/www.sonoraenequipo.com.mx\/#\/schema\/logo\/image\/"},"sameAs":["https:\/\/www.facebook.com\/SonoraEE\/","https:\/\/x.com\/sonoraenequipo","https:\/\/www.youtube.com\/channel\/UC338nW-lPEYmJQs4ZABQ1SQ"]},{"@type":"Person","@id":"https:\/\/www.sonoraenequipo.com.mx\/#\/schema\/person\/50102df0fb23a8fa9e8effad8fa81386","name":"enequipo","image":{"@type":"ImageObject","inLanguage":"es","@id":"https:\/\/www.sonoraenequipo.com.mx\/#\/schema\/person\/image\/","url":"https:\/\/secure.gravatar.com\/avatar\/049821681b589dabc0bc20695993ccebb09f5b5d4d790cd9251b97faac7c652b?s=96&d=blank&r=g","contentUrl":"https:\/\/secure.gravatar.com\/avatar\/049821681b589dabc0bc20695993ccebb09f5b5d4d790cd9251b97faac7c652b?s=96&d=blank&r=g","caption":"enequipo"},"sameAs":["https:\/\/www.facebook.com\/SonoraEE"]}]}},"jetpack_featured_media_url":"https:\/\/www.sonoraenequipo.com.mx\/storage\/2022\/05\/25-05-2022-Conferencia-de-prensa-matutina-Palacio-Nacional-Foto-06.jpg","_links":{"self":[{"href":"https:\/\/www.sonoraenequipo.com.mx\/api\/wp\/v2\/posts\/139108","targetHints":{"allow":["GET"]}}],"collection":[{"href":"https:\/\/www.sonoraenequipo.com.mx\/api\/wp\/v2\/posts"}],"about":[{"href":"https:\/\/www.sonoraenequipo.com.mx\/api\/wp\/v2\/types\/post"}],"author":[{"embeddable":true,"href":"https:\/\/www.sonoraenequipo.com.mx\/api\/wp\/v2\/users\/1"}],"replies":[{"embeddable":true,"href":"https:\/\/www.sonoraenequipo.com.mx\/api\/wp\/v2\/comments?post=139108"}],"version-history":[{"count":1,"href":"https:\/\/www.sonoraenequipo.com.mx\/api\/wp\/v2\/posts\/139108\/revisions"}],"predecessor-version":[{"id":139111,"href":"https:\/\/www.sonoraenequipo.com.mx\/api\/wp\/v2\/posts\/139108\/revisions\/139111"}],"wp:featuredmedia":[{"embeddable":true,"href":"https:\/\/www.sonoraenequipo.com.mx\/api\/wp\/v2\/media\/139110"}],"wp:attachment":[{"href":"https:\/\/www.sonoraenequipo.com.mx\/api\/wp\/v2\/media?parent=139108"}],"wp:term":[{"taxonomy":"category","embeddable":true,"href":"https:\/\/www.sonoraenequipo.com.mx\/api\/wp\/v2\/categories?post=139108"},{"taxonomy":"post_tag","embeddable":true,"href":"https:\/\/www.sonoraenequipo.com.mx\/api\/wp\/v2\/tags?post=139108"}],"curies":[{"name":"wp","href":"https:\/\/api.w.org\/{rel}","templated":true}]}}