{"id":139113,"date":"2022-05-25T07:14:39","date_gmt":"2022-05-25T14:14:39","guid":{"rendered":"https:\/\/www.sonoraenequipo.com.mx\/?p=139113"},"modified":"2022-05-25T14:45:45","modified_gmt":"2022-05-25T21:45:45","slug":"los-centros-psiquiatricos-se-convertiran-en-hospitales-generales","status":"publish","type":"post","link":"https:\/\/www.sonoraenequipo.com.mx\/los-centros-psiquiatricos-se-convertiran-en-hospitales-generales\/","title":{"rendered":"Los centros psiquiatricos se convertir\u00e1n en hospitales generales"},"content":{"rendered":"<p><strong>CIUDAD DE M\u00c9XICO. MX. \u2014\u00a0 <\/strong>El pasado 5 de abril, la C\u00e1mara de Diputados aprob\u00f3 las reformas a la Ley General de Salud que, entre otras cosas, contemplan eliminar el modelo psiqui\u00e1trico asilar, por lo que se establece que no se deber\u00e1n construir m\u00e1s hospitales monoespecializados en psiquiatr\u00eda y que la atenci\u00f3n se brindar\u00e1 en hospitales generales.<\/p>\n<p>&nbsp;<\/p>\n<p> <\/p>\n<p>&nbsp;<\/p>\n<p>Las reformas contemplan tambi\u00e9n que los hospitales psiqui\u00e1tricos deber\u00e1n, progresivamente, convertirse en centros ambulatorios o en hospitales generales dentro de la red integrada de servicios de salud.<\/p>\n<p>&nbsp;<\/p>\n<p>La poblaci\u00f3n usuaria de los servicios de salud mental tendr\u00e1 derecho a no ser sometida a medidas de aislamiento, contenci\u00f3n coercitiva o cualquier pr\u00e1ctica que constituya tratos crueles, inhumanos o degradantes.<\/p>\n<p>&nbsp;<\/p>\n<p>Se establece que el internamiento solo podr\u00e1 llevarse a cabo de manera voluntaria y cuando aporte mayores beneficios terap\u00e9uticos para la persona que el resto de las intervenciones posibles, por lo que se realizar\u00e1 por el tiempo estrictamente necesario.<\/p>\n<p>&nbsp;<\/p>\n<p>Por ning\u00fan motivo el internamiento puede ser indicado o prolongado, si tiene el fin de resolver problemas familiares, sociales, laborales, o de vivienda y de cuidado del paciente.<\/p>\n<p>&nbsp;<\/p>\n<p>De acuerdo con estudios, uno de cada cuatro mexicanos padece, incluso sin reconocerlo o sin saberlo, problemas de salud mental como problemas de sue\u00f1o, depresi\u00f3n, estr\u00e9s, ira, incapacidad cognitiva y posibles adicciones y trastornos.<\/p>\n<p>&nbsp;<\/p>\n<p>Las reformas aprobadas por los diputados generaron pol\u00e9mica y hubo se\u00f1alamientos contra el gobierno por la desaparici\u00f3n de los hospitales psiqui\u00e1tricos, pero la Secretar\u00eda de Salud y el propio presidente Andr\u00e9s Manuel L\u00f3pez Obrador (AMLO) aclararon que no se trataba de una desaparici\u00f3n sino de una transformaci\u00f3n.<\/p>\n<p>&nbsp;<\/p>\n<p>El 3 de mayo, durante la conferencia ma\u00f1anera el propio presidente enfatiz\u00f3: \u201cNo desaparece nada\u201d, al ser cuestionado acerca de la reforma a la Ley General de Salud, aprobada por la C\u00e1mara de Diputados.<\/p>\n<p>&nbsp;<\/p>\n<p><strong>Jorge Alcocer, secretario de Salud, indic\u00f3 que los hospitales no desaparecen sino que se transforman y se cambia \u201clo que estaba mal\u201d.<\/strong><\/p>\n<p>&nbsp;<\/p>\n<p>Afirm\u00f3 que en M\u00e9xico no se tienen los lugares en donde se atiende de forma con derechos y de manera humanista a las personas con problemas de conducta.<\/p>\n<p>&nbsp;<\/p>\n<p><strong>\u201cLos hospitales van a seguir, todos estos hospitales de segundo nivel, que se tienen en lo que se ha mencionado, van a tener consulta de psicolog\u00eda y psiquiatr\u00eda con especialistas espec\u00edficos para ese manejo diferente\u201d,<\/strong> destac\u00f3.<\/p>\n<p>&nbsp;<\/p>\n<p>A\u00f1adi\u00f3 que habr\u00e1 lugares en donde se dar\u00e1 un seguimiento diario al paciente e incluso se tendr\u00e1 que hospitalizar, pero para esto se tendr\u00e1n camas en hospitales generales en donde se d\u00e9 esta atenci\u00f3n.<\/p>\n<p>&nbsp;<\/p>\n<p>El titular de Salud advirti\u00f3 que las afectaciones a la salud mental se elevaron durante la pandemia de COVID-19.<\/p>\n<h3>Salud mental requiere atenci\u00f3n integral<\/h3>\n<p>&nbsp;<\/p>\n<p>El secretario de Salud ser refiri\u00f3 nuevamente al tema durante la conferencia ma\u00f1anera del 24 de mayo, dedicado a temas de salud. Se\u00f1al\u00f3 que la salud mental requiere de atenci\u00f3n integral de la familia.<\/p>\n<p>&nbsp;<\/p>\n<p><em>\u201cEn la pr\u00e1ctica lo que ha llamado mucho la atenci\u00f3n es que ya no hay hospitales psiqui\u00e1tricos. Voy a tomar esta situaci\u00f3n como una decisi\u00f3n, una decisi\u00f3n que no s\u00f3lo es M\u00e9xico, es una decisi\u00f3n que progresivamente desde hace una d\u00e9cada se ha tomado como una realidad, de que un paciente, un individuo con alteraciones de salud mental, y m\u00e1s ahora despu\u00e9s de la pandemia, requiere una atenci\u00f3n integral desde la familia\u201d,<\/em> dijo.<\/p>\n<p>&nbsp;<\/p>\n<p>Alcocer Varela refiri\u00f3 que en los hospitales generales se cuenta con \u00e1reas de especialistas en salud mental, tanto psic\u00f3logos como psiquiatras, que atiendan a los pacientes y participen as\u00ed en el sistema de salud general.<\/p>\n<p>&nbsp;<\/p>\n<p>&nbsp;<\/p>\n<p>&nbsp;<\/p>\n<p>(Publicada el 25\/05\/2022)<\/p>\n","protected":false},"excerpt":{"rendered":"<p>CIUDAD DE M\u00c9XICO. MX. \u2014\u00a0 El pasado 5 de abril, la C\u00e1mara de Diputados aprob\u00f3&#8230;<\/p>\n","protected":false},"author":1,"featured_media":139115,"comment_status":"open","ping_status":"open","sticky":false,"template":"","format":"standard","meta":{"_monsterinsights_skip_tracking":false,"_monsterinsights_sitenote_active":false,"_monsterinsights_sitenote_note":"","_monsterinsights_sitenote_category":0,"footnotes":""},"categories":[5],"tags":[],"class_list":["post"],"yoast_head":" \n<title>Sonora en Equipo. Los centros psiquiatricos se convertir\u00e1n en hospitales generales Rep\u00fablica<\/title>\n<meta name=\"description\" content=\"CIUDAD DE M\u00c9XICO. MX. \u2014\u00a0 El pasado 5 de abril, la C\u00e1mara de Diputados aprob\u00f3 las reformas a la Ley General de Salud que, entre otras cosas, contemplan En Sonora en Equipo publicamos toda la informaci\u00f3n de Sonora, M\u00e9xico y el Mundo de manera oportuna y busca que la libertad de expresi\u00f3n sea real. Visita nuestro medio informativo publicado desde Hermosillo, Sonora. %\" \/>\n<meta name=\"robots\" content=\"index, follow, max-snippet:-1, max-image-preview:large, max-video-preview:-1\" \/>\n<link rel=\"canonical\" href=\"https:\/\/www.sonoraenequipo.com.mx\/los-centros-psiquiatricos-se-convertiran-en-hospitales-generales\/\" \/>\n<meta property=\"og:locale\" content=\"es_ES\" \/>\n<meta property=\"og:type\" content=\"article\" \/>\n<meta property=\"og:title\" content=\"Sonora en Equipo. Los centros psiquiatricos se convertir\u00e1n en hospitales generales Rep\u00fablica\" \/>\n<meta property=\"og:description\" content=\"CIUDAD DE M\u00c9XICO. MX. \u2014\u00a0 El pasado 5 de abril, la C\u00e1mara de Diputados aprob\u00f3 las reformas a la Ley General de Salud que, entre otras cosas, contemplan En Sonora en Equipo publicamos toda la informaci\u00f3n de Sonora, M\u00e9xico y el Mundo de manera oportuna y busca que la libertad de expresi\u00f3n sea real. Visita nuestro medio informativo publicado desde Hermosillo, Sonora. %\" \/>\n<meta property=\"og:url\" content=\"https:\/\/www.sonoraenequipo.com.mx\/los-centros-psiquiatricos-se-convertiran-en-hospitales-generales\/\" \/>\n<meta property=\"og:site_name\" content=\"Sonora en Equipo.\" \/>\n<meta property=\"article:publisher\" content=\"https:\/\/www.facebook.com\/SonoraEE\/\" \/>\n<meta property=\"article:author\" content=\"https:\/\/www.facebook.com\/SonoraEE\" \/>\n<meta property=\"article:published_time\" content=\"2022-05-25T14:14:39+00:00\" \/>\n<meta property=\"article:modified_time\" content=\"2022-05-25T21:45:45+00:00\" \/>\n<meta property=\"og:image\" content=\"https:\/\/www.sonoraenequipo.com.mx\/storage\/2022\/05\/hospitales-psiquiatricos.jpg\" \/>\n\t<meta property=\"og:image:width\" content=\"700\" \/>\n\t<meta property=\"og:image:height\" content=\"400\" \/>\n\t<meta property=\"og:image:type\" content=\"image\/jpeg\" \/>\n<meta name=\"author\" content=\"enequipo\" \/>\n<meta name=\"twitter:card\" content=\"summary_large_image\" \/>\n<meta name=\"twitter:creator\" content=\"@sonoraenequipo\" \/>\n<meta name=\"twitter:site\" content=\"@sonoraenequipo\" \/>\n<meta name=\"twitter:label1\" content=\"Escrito por\" \/>\n\t<meta name=\"twitter:data1\" content=\"enequipo\" \/>\n\t<meta name=\"twitter:label2\" content=\"Tiempo de lectura\" \/>\n\t<meta name=\"twitter:data2\" content=\"3 minutos\" \/>\n<script type=\"application\/ld+json\" class=\"yoast-schema-graph\">{\"@context\":\"https:\/\/schema.org\",\"@graph\":[{\"@type\":\"Article\",\"@id\":\"https:\/\/www.sonoraenequipo.com.mx\/los-centros-psiquiatricos-se-convertiran-en-hospitales-generales\/#article\",\"isPartOf\":{\"@id\":\"https:\/\/www.sonoraenequipo.com.mx\/los-centros-psiquiatricos-se-convertiran-en-hospitales-generales\/\"},\"author\":{\"name\":\"enequipo\",\"@id\":\"https:\/\/www.sonoraenequipo.com.mx\/#\/schema\/person\/50102df0fb23a8fa9e8effad8fa81386\"},\"headline\":\"Los centros psiquiatricos se convertir\u00e1n en hospitales generales\",\"datePublished\":\"2022-05-25T14:14:39+00:00\",\"dateModified\":\"2022-05-25T21:45:45+00:00\",\"mainEntityOfPage\":{\"@id\":\"https:\/\/www.sonoraenequipo.com.mx\/los-centros-psiquiatricos-se-convertiran-en-hospitales-generales\/\"},\"wordCount\":663,\"commentCount\":0,\"publisher\":{\"@id\":\"https:\/\/www.sonoraenequipo.com.mx\/#organization\"},\"image\":{\"@id\":\"https:\/\/www.sonoraenequipo.com.mx\/los-centros-psiquiatricos-se-convertiran-en-hospitales-generales\/#primaryimage\"},\"thumbnailUrl\":\"https:\/\/www.sonoraenequipo.com.mx\/storage\/2022\/05\/hospitales-psiquiatricos.jpg\",\"articleSection\":[\"Rep\u00fablica\"],\"inLanguage\":\"es\",\"potentialAction\":[{\"@type\":\"CommentAction\",\"name\":\"Comment\",\"target\":[\"https:\/\/www.sonoraenequipo.com.mx\/los-centros-psiquiatricos-se-convertiran-en-hospitales-generales\/#respond\"]}]},{\"@type\":\"WebPage\",\"@id\":\"https:\/\/www.sonoraenequipo.com.mx\/los-centros-psiquiatricos-se-convertiran-en-hospitales-generales\/\",\"url\":\"https:\/\/www.sonoraenequipo.com.mx\/los-centros-psiquiatricos-se-convertiran-en-hospitales-generales\/\",\"name\":\"Sonora en Equipo. Los centros psiquiatricos se convertir\u00e1n en hospitales generales Rep\u00fablica\",\"isPartOf\":{\"@id\":\"https:\/\/www.sonoraenequipo.com.mx\/#website\"},\"primaryImageOfPage\":{\"@id\":\"https:\/\/www.sonoraenequipo.com.mx\/los-centros-psiquiatricos-se-convertiran-en-hospitales-generales\/#primaryimage\"},\"image\":{\"@id\":\"https:\/\/www.sonoraenequipo.com.mx\/los-centros-psiquiatricos-se-convertiran-en-hospitales-generales\/#primaryimage\"},\"thumbnailUrl\":\"https:\/\/www.sonoraenequipo.com.mx\/storage\/2022\/05\/hospitales-psiquiatricos.jpg\",\"datePublished\":\"2022-05-25T14:14:39+00:00\",\"dateModified\":\"2022-05-25T21:45:45+00:00\",\"description\":\"CIUDAD DE M\u00c9XICO. MX. \u2014\u00a0 El pasado 5 de abril, la C\u00e1mara de Diputados aprob\u00f3 las reformas a la Ley General de Salud que, entre otras cosas, contemplan En Sonora en Equipo publicamos toda la informaci\u00f3n de Sonora, M\u00e9xico y el Mundo de manera oportuna y busca que la libertad de expresi\u00f3n sea real. Visita nuestro medio informativo publicado desde Hermosillo, Sonora. %\",\"breadcrumb\":{\"@id\":\"https:\/\/www.sonoraenequipo.com.mx\/los-centros-psiquiatricos-se-convertiran-en-hospitales-generales\/#breadcrumb\"},\"inLanguage\":\"es\",\"potentialAction\":[{\"@type\":\"ReadAction\",\"target\":[\"https:\/\/www.sonoraenequipo.com.mx\/los-centros-psiquiatricos-se-convertiran-en-hospitales-generales\/\"]}]},{\"@type\":\"ImageObject\",\"inLanguage\":\"es\",\"@id\":\"https:\/\/www.sonoraenequipo.com.mx\/los-centros-psiquiatricos-se-convertiran-en-hospitales-generales\/#primaryimage\",\"url\":\"https:\/\/www.sonoraenequipo.com.mx\/storage\/2022\/05\/hospitales-psiquiatricos.jpg\",\"contentUrl\":\"https:\/\/www.sonoraenequipo.com.mx\/storage\/2022\/05\/hospitales-psiquiatricos.jpg\",\"width\":700,\"height\":400},{\"@type\":\"BreadcrumbList\",\"@id\":\"https:\/\/www.sonoraenequipo.com.mx\/los-centros-psiquiatricos-se-convertiran-en-hospitales-generales\/#breadcrumb\",\"itemListElement\":[{\"@type\":\"ListItem\",\"position\":1,\"name\":\"Portada\",\"item\":\"https:\/\/www.sonoraenequipo.com.mx\/\"},{\"@type\":\"ListItem\",\"position\":2,\"name\":\"Los centros psiquiatricos se convertir\u00e1n en hospitales generales\"}]},{\"@type\":\"WebSite\",\"@id\":\"https:\/\/www.sonoraenequipo.com.mx\/#website\",\"url\":\"https:\/\/www.sonoraenequipo.com.mx\/\",\"name\":\"Sonora en Equipo.\",\"description\":\"Diario en l\u00ednea con Noticias desde Hermosillo, Sonora\",\"publisher\":{\"@id\":\"https:\/\/www.sonoraenequipo.com.mx\/#organization\"},\"potentialAction\":[{\"@type\":\"SearchAction\",\"target\":{\"@type\":\"EntryPoint\",\"urlTemplate\":\"https:\/\/www.sonoraenequipo.com.mx\/?s={search_term_string}\"},\"query-input\":{\"@type\":\"PropertyValueSpecification\",\"valueRequired\":true,\"valueName\":\"search_term_string\"}}],\"inLanguage\":\"es\"},{\"@type\":\"Organization\",\"@id\":\"https:\/\/www.sonoraenequipo.com.mx\/#organization\",\"name\":\"Sonoraenequipo.com.mx\",\"url\":\"https:\/\/www.sonoraenequipo.com.mx\/\",\"logo\":{\"@type\":\"ImageObject\",\"inLanguage\":\"es\",\"@id\":\"https:\/\/www.sonoraenequipo.com.mx\/#\/schema\/logo\/image\/\",\"url\":\"https:\/\/www.sonoraenequipo.com.mx\/storage\/2019\/01\/sonoraenequipo_opt.png\",\"contentUrl\":\"https:\/\/www.sonoraenequipo.com.mx\/storage\/2019\/01\/sonoraenequipo_opt.png\",\"width\":375,\"height\":125,\"caption\":\"Sonoraenequipo.com.mx\"},\"image\":{\"@id\":\"https:\/\/www.sonoraenequipo.com.mx\/#\/schema\/logo\/image\/\"},\"sameAs\":[\"https:\/\/www.facebook.com\/SonoraEE\/\",\"https:\/\/x.com\/sonoraenequipo\",\"https:\/\/www.youtube.com\/channel\/UC338nW-lPEYmJQs4ZABQ1SQ\"]},{\"@type\":\"Person\",\"@id\":\"https:\/\/www.sonoraenequipo.com.mx\/#\/schema\/person\/50102df0fb23a8fa9e8effad8fa81386\",\"name\":\"enequipo\",\"image\":{\"@type\":\"ImageObject\",\"inLanguage\":\"es\",\"@id\":\"https:\/\/www.sonoraenequipo.com.mx\/#\/schema\/person\/image\/\",\"url\":\"https:\/\/secure.gravatar.com\/avatar\/049821681b589dabc0bc20695993ccebb09f5b5d4d790cd9251b97faac7c652b?s=96&d=blank&r=g\",\"contentUrl\":\"https:\/\/secure.gravatar.com\/avatar\/049821681b589dabc0bc20695993ccebb09f5b5d4d790cd9251b97faac7c652b?s=96&d=blank&r=g\",\"caption\":\"enequipo\"},\"sameAs\":[\"https:\/\/www.facebook.com\/SonoraEE\"]}]}<\/script>\n ","yoast_head_json":{"title":"Sonora en Equipo. Los centros psiquiatricos se convertir\u00e1n en hospitales generales Rep\u00fablica","description":"CIUDAD DE M\u00c9XICO. MX. \u2014\u00a0 El pasado 5 de abril, la C\u00e1mara de Diputados aprob\u00f3 las reformas a la Ley General de Salud que, entre otras cosas, contemplan En Sonora en Equipo publicamos toda la informaci\u00f3n de Sonora, M\u00e9xico y el Mundo de manera oportuna y busca que la libertad de expresi\u00f3n sea real. Visita nuestro medio informativo publicado desde Hermosillo, Sonora. %","robots":{"index":"index","follow":"follow","max-snippet":"max-snippet:-1","max-image-preview":"max-image-preview:large","max-video-preview":"max-video-preview:-1"},"canonical":"https:\/\/www.sonoraenequipo.com.mx\/los-centros-psiquiatricos-se-convertiran-en-hospitales-generales\/","og_locale":"es_ES","og_type":"article","og_title":"Sonora en Equipo. Los centros psiquiatricos se convertir\u00e1n en hospitales generales Rep\u00fablica","og_description":"CIUDAD DE M\u00c9XICO. MX. \u2014\u00a0 El pasado 5 de abril, la C\u00e1mara de Diputados aprob\u00f3 las reformas a la Ley General de Salud que, entre otras cosas, contemplan En Sonora en Equipo publicamos toda la informaci\u00f3n de Sonora, M\u00e9xico y el Mundo de manera oportuna y busca que la libertad de expresi\u00f3n sea real. Visita nuestro medio informativo publicado desde Hermosillo, Sonora. %","og_url":"https:\/\/www.sonoraenequipo.com.mx\/los-centros-psiquiatricos-se-convertiran-en-hospitales-generales\/","og_site_name":"Sonora en Equipo.","article_publisher":"https:\/\/www.facebook.com\/SonoraEE\/","article_author":"https:\/\/www.facebook.com\/SonoraEE","article_published_time":"2022-05-25T14:14:39+00:00","article_modified_time":"2022-05-25T21:45:45+00:00","og_image":[{"width":700,"height":400,"url":"https:\/\/www.sonoraenequipo.com.mx\/storage\/2022\/05\/hospitales-psiquiatricos.jpg","type":"image\/jpeg"}],"author":"enequipo","twitter_card":"summary_large_image","twitter_creator":"@sonoraenequipo","twitter_site":"@sonoraenequipo","twitter_misc":{"Escrito por":"enequipo","Tiempo de lectura":"3 minutos"},"schema":{"@context":"https:\/\/schema.org","@graph":[{"@type":"Article","@id":"https:\/\/www.sonoraenequipo.com.mx\/los-centros-psiquiatricos-se-convertiran-en-hospitales-generales\/#article","isPartOf":{"@id":"https:\/\/www.sonoraenequipo.com.mx\/los-centros-psiquiatricos-se-convertiran-en-hospitales-generales\/"},"author":{"name":"enequipo","@id":"https:\/\/www.sonoraenequipo.com.mx\/#\/schema\/person\/50102df0fb23a8fa9e8effad8fa81386"},"headline":"Los centros psiquiatricos se convertir\u00e1n en hospitales generales","datePublished":"2022-05-25T14:14:39+00:00","dateModified":"2022-05-25T21:45:45+00:00","mainEntityOfPage":{"@id":"https:\/\/www.sonoraenequipo.com.mx\/los-centros-psiquiatricos-se-convertiran-en-hospitales-generales\/"},"wordCount":663,"commentCount":0,"publisher":{"@id":"https:\/\/www.sonoraenequipo.com.mx\/#organization"},"image":{"@id":"https:\/\/www.sonoraenequipo.com.mx\/los-centros-psiquiatricos-se-convertiran-en-hospitales-generales\/#primaryimage"},"thumbnailUrl":"https:\/\/www.sonoraenequipo.com.mx\/storage\/2022\/05\/hospitales-psiquiatricos.jpg","articleSection":["Rep\u00fablica"],"inLanguage":"es","potentialAction":[{"@type":"CommentAction","name":"Comment","target":["https:\/\/www.sonoraenequipo.com.mx\/los-centros-psiquiatricos-se-convertiran-en-hospitales-generales\/#respond"]}]},{"@type":"WebPage","@id":"https:\/\/www.sonoraenequipo.com.mx\/los-centros-psiquiatricos-se-convertiran-en-hospitales-generales\/","url":"https:\/\/www.sonoraenequipo.com.mx\/los-centros-psiquiatricos-se-convertiran-en-hospitales-generales\/","name":"Sonora en Equipo. Los centros psiquiatricos se convertir\u00e1n en hospitales generales Rep\u00fablica","isPartOf":{"@id":"https:\/\/www.sonoraenequipo.com.mx\/#website"},"primaryImageOfPage":{"@id":"https:\/\/www.sonoraenequipo.com.mx\/los-centros-psiquiatricos-se-convertiran-en-hospitales-generales\/#primaryimage"},"image":{"@id":"https:\/\/www.sonoraenequipo.com.mx\/los-centros-psiquiatricos-se-convertiran-en-hospitales-generales\/#primaryimage"},"thumbnailUrl":"https:\/\/www.sonoraenequipo.com.mx\/storage\/2022\/05\/hospitales-psiquiatricos.jpg","datePublished":"2022-05-25T14:14:39+00:00","dateModified":"2022-05-25T21:45:45+00:00","description":"CIUDAD DE M\u00c9XICO. MX. \u2014\u00a0 El pasado 5 de abril, la C\u00e1mara de Diputados aprob\u00f3 las reformas a la Ley General de Salud que, entre otras cosas, contemplan En Sonora en Equipo publicamos toda la informaci\u00f3n de Sonora, M\u00e9xico y el Mundo de manera oportuna y busca que la libertad de expresi\u00f3n sea real. Visita nuestro medio informativo publicado desde Hermosillo, Sonora. %","breadcrumb":{"@id":"https:\/\/www.sonoraenequipo.com.mx\/los-centros-psiquiatricos-se-convertiran-en-hospitales-generales\/#breadcrumb"},"inLanguage":"es","potentialAction":[{"@type":"ReadAction","target":["https:\/\/www.sonoraenequipo.com.mx\/los-centros-psiquiatricos-se-convertiran-en-hospitales-generales\/"]}]},{"@type":"ImageObject","inLanguage":"es","@id":"https:\/\/www.sonoraenequipo.com.mx\/los-centros-psiquiatricos-se-convertiran-en-hospitales-generales\/#primaryimage","url":"https:\/\/www.sonoraenequipo.com.mx\/storage\/2022\/05\/hospitales-psiquiatricos.jpg","contentUrl":"https:\/\/www.sonoraenequipo.com.mx\/storage\/2022\/05\/hospitales-psiquiatricos.jpg","width":700,"height":400},{"@type":"BreadcrumbList","@id":"https:\/\/www.sonoraenequipo.com.mx\/los-centros-psiquiatricos-se-convertiran-en-hospitales-generales\/#breadcrumb","itemListElement":[{"@type":"ListItem","position":1,"name":"Portada","item":"https:\/\/www.sonoraenequipo.com.mx\/"},{"@type":"ListItem","position":2,"name":"Los centros psiquiatricos se convertir\u00e1n en hospitales generales"}]},{"@type":"WebSite","@id":"https:\/\/www.sonoraenequipo.com.mx\/#website","url":"https:\/\/www.sonoraenequipo.com.mx\/","name":"Sonora en Equipo.","description":"Diario en l\u00ednea con Noticias desde Hermosillo, Sonora","publisher":{"@id":"https:\/\/www.sonoraenequipo.com.mx\/#organization"},"potentialAction":[{"@type":"SearchAction","target":{"@type":"EntryPoint","urlTemplate":"https:\/\/www.sonoraenequipo.com.mx\/?s={search_term_string}"},"query-input":{"@type":"PropertyValueSpecification","valueRequired":true,"valueName":"search_term_string"}}],"inLanguage":"es"},{"@type":"Organization","@id":"https:\/\/www.sonoraenequipo.com.mx\/#organization","name":"Sonoraenequipo.com.mx","url":"https:\/\/www.sonoraenequipo.com.mx\/","logo":{"@type":"ImageObject","inLanguage":"es","@id":"https:\/\/www.sonoraenequipo.com.mx\/#\/schema\/logo\/image\/","url":"https:\/\/www.sonoraenequipo.com.mx\/storage\/2019\/01\/sonoraenequipo_opt.png","contentUrl":"https:\/\/www.sonoraenequipo.com.mx\/storage\/2019\/01\/sonoraenequipo_opt.png","width":375,"height":125,"caption":"Sonoraenequipo.com.mx"},"image":{"@id":"https:\/\/www.sonoraenequipo.com.mx\/#\/schema\/logo\/image\/"},"sameAs":["https:\/\/www.facebook.com\/SonoraEE\/","https:\/\/x.com\/sonoraenequipo","https:\/\/www.youtube.com\/channel\/UC338nW-lPEYmJQs4ZABQ1SQ"]},{"@type":"Person","@id":"https:\/\/www.sonoraenequipo.com.mx\/#\/schema\/person\/50102df0fb23a8fa9e8effad8fa81386","name":"enequipo","image":{"@type":"ImageObject","inLanguage":"es","@id":"https:\/\/www.sonoraenequipo.com.mx\/#\/schema\/person\/image\/","url":"https:\/\/secure.gravatar.com\/avatar\/049821681b589dabc0bc20695993ccebb09f5b5d4d790cd9251b97faac7c652b?s=96&d=blank&r=g","contentUrl":"https:\/\/secure.gravatar.com\/avatar\/049821681b589dabc0bc20695993ccebb09f5b5d4d790cd9251b97faac7c652b?s=96&d=blank&r=g","caption":"enequipo"},"sameAs":["https:\/\/www.facebook.com\/SonoraEE"]}]}},"jetpack_featured_media_url":"https:\/\/www.sonoraenequipo.com.mx\/storage\/2022\/05\/hospitales-psiquiatricos.jpg","_links":{"self":[{"href":"https:\/\/www.sonoraenequipo.com.mx\/api\/wp\/v2\/posts\/139113","targetHints":{"allow":["GET"]}}],"collection":[{"href":"https:\/\/www.sonoraenequipo.com.mx\/api\/wp\/v2\/posts"}],"about":[{"href":"https:\/\/www.sonoraenequipo.com.mx\/api\/wp\/v2\/types\/post"}],"author":[{"embeddable":true,"href":"https:\/\/www.sonoraenequipo.com.mx\/api\/wp\/v2\/users\/1"}],"replies":[{"embeddable":true,"href":"https:\/\/www.sonoraenequipo.com.mx\/api\/wp\/v2\/comments?post=139113"}],"version-history":[{"count":2,"href":"https:\/\/www.sonoraenequipo.com.mx\/api\/wp\/v2\/posts\/139113\/revisions"}],"predecessor-version":[{"id":139117,"href":"https:\/\/www.sonoraenequipo.com.mx\/api\/wp\/v2\/posts\/139113\/revisions\/139117"}],"wp:featuredmedia":[{"embeddable":true,"href":"https:\/\/www.sonoraenequipo.com.mx\/api\/wp\/v2\/media\/139115"}],"wp:attachment":[{"href":"https:\/\/www.sonoraenequipo.com.mx\/api\/wp\/v2\/media?parent=139113"}],"wp:term":[{"taxonomy":"category","embeddable":true,"href":"https:\/\/www.sonoraenequipo.com.mx\/api\/wp\/v2\/categories?post=139113"},{"taxonomy":"post_tag","embeddable":true,"href":"https:\/\/www.sonoraenequipo.com.mx\/api\/wp\/v2\/tags?post=139113"}],"curies":[{"name":"wp","href":"https:\/\/api.w.org\/{rel}","templated":true}]}}