{"id":139120,"date":"2022-05-25T06:17:56","date_gmt":"2022-05-25T13:17:56","guid":{"rendered":"https:\/\/www.sonoraenequipo.com.mx\/?p=139120"},"modified":"2022-05-25T15:57:47","modified_gmt":"2022-05-25T22:57:47","slug":"a-los-periodistas-no-hay-que-matarlos-a-balazos-hay-que-matarlos-de-hambre-alito-moreno","status":"publish","type":"post","link":"https:\/\/www.sonoraenequipo.com.mx\/a-los-periodistas-no-hay-que-matarlos-a-balazos-hay-que-matarlos-de-hambre-alito-moreno\/","title":{"rendered":"\u201cA los periodistas no hay que matarlos a balazos, hay que matarlos de hambre\u201d: Alito Moreno"},"content":{"rendered":"<p><strong>CIUDAD DE M\u00c9XICO.MX.\u2014\u00a0<\/strong> Layda Sansores, gobernadora de Campeche, hizo p\u00fablico nuevos audios de Alejandro Moreno, l\u00edder nacional del PRI, donde habla despectivamente de los periodistas, en referencia a un comunicador campechano al que supuestamente le entregaba dinero en un malet\u00edn.<\/p>\n<p>&nbsp;<\/p>\n<p> <\/p>\n<p>&nbsp;<\/p>\n<p>&nbsp;<\/p>\n<p><em>\u201cYo siempre lo he dicho, al hijueputa que se pase de verga, una verguiza salvaje. A los periodistas no hay que matarlos a balazos, pap\u00e1, hay que matarlos de hambre\u201d, s<\/em>e oye una voz atribuida a Alejandro Moreno; el audio fue difundido en el programa <em>\u201cMartes del Jaguar\u201d.<\/em><\/p>\n<p>&nbsp;<\/p>\n<p>&nbsp;<\/p>\n<p>Las declaraciones se dieron despu\u00e9s de haber mencionado que le iba a \u201c<em>mentar la madre\u201d<\/em> a un supuesto Alexandro Arceo y pedirle que le <em>\u201cdevolviera su malet\u00edn\u201d,<\/em> posiblemente refiri\u00e9ndose a una transacci\u00f3n de dinero con un medio de comunicaci\u00f3n.<\/p>\n<p>&nbsp;<\/p>\n<p>&nbsp;<\/p>\n<p><em>\u201cQue terrible y doloroso\u201d,<\/em> as\u00ed calific\u00f3 la gobernadora a los dichos del dirigente priista.<em> \u201cGr\u00e1benselo, compa\u00f1eros periodistas, para que se den cuenta del verdadero valor que tienen para \u00e9l\u201c,<\/em> agreg\u00f3 Layda Sansores.<\/p>\n<p>&nbsp;<\/p>\n<p>&nbsp;<\/p>\n<p>En otro audio revelado por Sansores San Rom\u00e1n, se escucha presuntamente a Alejandro Moreno dialogar en una consulta con un supuesto cosmet\u00f3logo o cirujano pl\u00e1stico, lo cual confirm\u00f3, de acuerdo con la gobernadora, su supuesto gusto por las frivolidades, como la aplicaci\u00f3n est\u00e9tica de la toxina botul\u00ednica (botox).<\/p>\n<p><a class=\"twitter-timeline\" data-width=\"640\" data-height=\"960\" data-dnt=\"true\" href=\"https:\/\/twitter.com\/LaydaSansores?ref_src=twsrc%5Etfw\">Tweets by LaydaSansores<\/a><script async src=\"https:\/\/platform.twitter.com\/widgets.js\" charset=\"utf-8\"><\/script><\/p>\n<p>&nbsp;<\/p>\n<p>El exmandatario de Campeche, con 47 a\u00f1os cumplidos apenas en abril pasado, le comenta al doctor que quiere aplicarse el procedimiento igualmente en los p\u00e1rpados, y luego le comenta que le <em>\u201cdebe lo de Campeche\u201d. \u201cT\u00fa dime con qui\u00e9n quieres ir: cuatro, cinco, yo te pongo mi avi\u00f3n\u201d,<\/em> dice el priista.<\/p>\n<p>&nbsp;<\/p>\n<p>&nbsp;<\/p>\n<p>Anteriormente, la gobernadora hab\u00eda difundi\u00f3 otro audio en el que asegura que se escucha la voz del dirigente priista diciendo que la empresa Cin\u00e9polis entreg\u00f3 25 millones de pesos para campa\u00f1as electorales, pero que no fueron suficientes, tomando en cuenta la infraestructura de la empresa.<\/p>\n<p>&nbsp;<\/p>\n<p>&nbsp;<\/p>\n<p>Este martes, el propio Alejandro Moreno acus\u00f3 que es v\u00edctima de una persecuci\u00f3n y descart\u00f3 que vaya a huir del pa\u00eds, luego de los esc\u00e1ndalos que han provocado los audios difundidos Layda Sansores. <em>\u201cEstos ataques derivan claramente por el rechazo a la Reforma El\u00e9ctrica, porque rechazamos su propuesta de Reforma Electoral\u201d,<\/em> asegur\u00f3.<\/p>\n<p>&nbsp;<\/p>\n<p>&nbsp;<\/p>\n<p>Adem\u00e1s, dijo que los audios de Layda Sansores son <em>\u201chechizos\u201d. \u201cSi la gobernadora tuviera grabaciones reales, habr\u00eda presentado ya la denuncia correspondiente, pero no lo ha hecho. Esos audios son alterados, pero a ella no le importa violar la ley, misma que s\u00ed viola, al difundir extractos de grabaciones ilegalmente obtenidas\u201d,<\/em> destac\u00f3.<\/p>\n<p>&nbsp;<\/p>\n<p><a class=\"twitter-timeline\" data-width=\"640\" data-height=\"960\" data-dnt=\"true\" href=\"https:\/\/twitter.com\/PDesplazadosMX?ref_src=twsrc%5Etfw\">Tweets by PDesplazadosMX<\/a><script async src=\"https:\/\/platform.twitter.com\/widgets.js\" charset=\"utf-8\"><\/script><\/p>\n<p>(Publicada el 25\/05\/2022<\/p>\n","protected":false},"excerpt":{"rendered":"<p>CIUDAD DE M\u00c9XICO.MX.\u2014\u00a0 Layda Sansores, gobernadora de Campeche, hizo p\u00fablico nuevos audios de Alejandro Moreno,&#8230;<\/p>\n","protected":false},"author":1,"featured_media":139121,"comment_status":"open","ping_status":"open","sticky":false,"template":"","format":"standard","meta":{"_monsterinsights_skip_tracking":false,"_monsterinsights_sitenote_active":false,"_monsterinsights_sitenote_note":"","_monsterinsights_sitenote_category":0,"footnotes":""},"categories":[5],"tags":[],"class_list":["post"],"yoast_head":" \n<title>Sonora en Equipo. \u201cA los periodistas no hay que matarlos a balazos, hay que matarlos de hambre\u201d: Alito Moreno Rep\u00fablica<\/title>\n<meta name=\"description\" content=\"CIUDAD DE M\u00c9XICO.MX.\u2014\u00a0 Layda Sansores, gobernadora de Campeche, hizo p\u00fablico nuevos audios de Alejandro Moreno, l\u00edder nacional del PRI, donde habla En Sonora en Equipo publicamos toda la informaci\u00f3n de Sonora, M\u00e9xico y el Mundo de manera oportuna y busca que la libertad de expresi\u00f3n sea real. Visita nuestro medio informativo publicado desde Hermosillo, Sonora. %\" \/>\n<meta name=\"robots\" content=\"index, follow, max-snippet:-1, max-image-preview:large, max-video-preview:-1\" \/>\n<link rel=\"canonical\" href=\"https:\/\/www.sonoraenequipo.com.mx\/a-los-periodistas-no-hay-que-matarlos-a-balazos-hay-que-matarlos-de-hambre-alito-moreno\/\" \/>\n<meta property=\"og:locale\" content=\"es_ES\" \/>\n<meta property=\"og:type\" content=\"article\" \/>\n<meta property=\"og:title\" content=\"Sonora en Equipo. \u201cA los periodistas no hay que matarlos a balazos, hay que matarlos de hambre\u201d: Alito Moreno Rep\u00fablica\" \/>\n<meta property=\"og:description\" content=\"CIUDAD DE M\u00c9XICO.MX.\u2014\u00a0 Layda Sansores, gobernadora de Campeche, hizo p\u00fablico nuevos audios de Alejandro Moreno, l\u00edder nacional del PRI, donde habla En Sonora en Equipo publicamos toda la informaci\u00f3n de Sonora, M\u00e9xico y el Mundo de manera oportuna y busca que la libertad de expresi\u00f3n sea real. Visita nuestro medio informativo publicado desde Hermosillo, Sonora. %\" \/>\n<meta property=\"og:url\" content=\"https:\/\/www.sonoraenequipo.com.mx\/a-los-periodistas-no-hay-que-matarlos-a-balazos-hay-que-matarlos-de-hambre-alito-moreno\/\" \/>\n<meta property=\"og:site_name\" content=\"Sonora en Equipo.\" \/>\n<meta property=\"article:publisher\" content=\"https:\/\/www.facebook.com\/SonoraEE\/\" \/>\n<meta property=\"article:author\" content=\"https:\/\/www.facebook.com\/SonoraEE\" \/>\n<meta property=\"article:published_time\" content=\"2022-05-25T13:17:56+00:00\" \/>\n<meta property=\"article:modified_time\" content=\"2022-05-25T22:57:47+00:00\" \/>\n<meta property=\"og:image\" content=\"https:\/\/www.sonoraenequipo.com.mx\/storage\/2022\/05\/PRI-Moreno-periodistas.jpg\" \/>\n\t<meta property=\"og:image:width\" content=\"700\" \/>\n\t<meta property=\"og:image:height\" content=\"400\" \/>\n\t<meta property=\"og:image:type\" content=\"image\/jpeg\" \/>\n<meta name=\"author\" content=\"enequipo\" \/>\n<meta name=\"twitter:card\" content=\"summary_large_image\" \/>\n<meta name=\"twitter:creator\" content=\"@sonoraenequipo\" \/>\n<meta name=\"twitter:site\" content=\"@sonoraenequipo\" \/>\n<meta name=\"twitter:label1\" content=\"Escrito por\" \/>\n\t<meta name=\"twitter:data1\" content=\"enequipo\" \/>\n\t<meta name=\"twitter:label2\" content=\"Tiempo de lectura\" \/>\n\t<meta name=\"twitter:data2\" content=\"2 minutos\" \/>\n<script type=\"application\/ld+json\" class=\"yoast-schema-graph\">{\"@context\":\"https:\/\/schema.org\",\"@graph\":[{\"@type\":\"Article\",\"@id\":\"https:\/\/www.sonoraenequipo.com.mx\/a-los-periodistas-no-hay-que-matarlos-a-balazos-hay-que-matarlos-de-hambre-alito-moreno\/#article\",\"isPartOf\":{\"@id\":\"https:\/\/www.sonoraenequipo.com.mx\/a-los-periodistas-no-hay-que-matarlos-a-balazos-hay-que-matarlos-de-hambre-alito-moreno\/\"},\"author\":{\"name\":\"enequipo\",\"@id\":\"https:\/\/www.sonoraenequipo.com.mx\/#\/schema\/person\/50102df0fb23a8fa9e8effad8fa81386\"},\"headline\":\"\u201cA los periodistas no hay que matarlos a balazos, hay que matarlos de hambre\u201d: Alito Moreno\",\"datePublished\":\"2022-05-25T13:17:56+00:00\",\"dateModified\":\"2022-05-25T22:57:47+00:00\",\"mainEntityOfPage\":{\"@id\":\"https:\/\/www.sonoraenequipo.com.mx\/a-los-periodistas-no-hay-que-matarlos-a-balazos-hay-que-matarlos-de-hambre-alito-moreno\/\"},\"wordCount\":480,\"commentCount\":0,\"publisher\":{\"@id\":\"https:\/\/www.sonoraenequipo.com.mx\/#organization\"},\"image\":{\"@id\":\"https:\/\/www.sonoraenequipo.com.mx\/a-los-periodistas-no-hay-que-matarlos-a-balazos-hay-que-matarlos-de-hambre-alito-moreno\/#primaryimage\"},\"thumbnailUrl\":\"https:\/\/www.sonoraenequipo.com.mx\/storage\/2022\/05\/PRI-Moreno-periodistas.jpg\",\"articleSection\":[\"Rep\u00fablica\"],\"inLanguage\":\"es\",\"potentialAction\":[{\"@type\":\"CommentAction\",\"name\":\"Comment\",\"target\":[\"https:\/\/www.sonoraenequipo.com.mx\/a-los-periodistas-no-hay-que-matarlos-a-balazos-hay-que-matarlos-de-hambre-alito-moreno\/#respond\"]}]},{\"@type\":\"WebPage\",\"@id\":\"https:\/\/www.sonoraenequipo.com.mx\/a-los-periodistas-no-hay-que-matarlos-a-balazos-hay-que-matarlos-de-hambre-alito-moreno\/\",\"url\":\"https:\/\/www.sonoraenequipo.com.mx\/a-los-periodistas-no-hay-que-matarlos-a-balazos-hay-que-matarlos-de-hambre-alito-moreno\/\",\"name\":\"Sonora en Equipo. \u201cA los periodistas no hay que matarlos a balazos, hay que matarlos de hambre\u201d: Alito Moreno Rep\u00fablica\",\"isPartOf\":{\"@id\":\"https:\/\/www.sonoraenequipo.com.mx\/#website\"},\"primaryImageOfPage\":{\"@id\":\"https:\/\/www.sonoraenequipo.com.mx\/a-los-periodistas-no-hay-que-matarlos-a-balazos-hay-que-matarlos-de-hambre-alito-moreno\/#primaryimage\"},\"image\":{\"@id\":\"https:\/\/www.sonoraenequipo.com.mx\/a-los-periodistas-no-hay-que-matarlos-a-balazos-hay-que-matarlos-de-hambre-alito-moreno\/#primaryimage\"},\"thumbnailUrl\":\"https:\/\/www.sonoraenequipo.com.mx\/storage\/2022\/05\/PRI-Moreno-periodistas.jpg\",\"datePublished\":\"2022-05-25T13:17:56+00:00\",\"dateModified\":\"2022-05-25T22:57:47+00:00\",\"description\":\"CIUDAD DE M\u00c9XICO.MX.\u2014\u00a0 Layda Sansores, gobernadora de Campeche, hizo p\u00fablico nuevos audios de Alejandro Moreno, l\u00edder nacional del PRI, donde habla En Sonora en Equipo publicamos toda la informaci\u00f3n de Sonora, M\u00e9xico y el Mundo de manera oportuna y busca que la libertad de expresi\u00f3n sea real. Visita nuestro medio informativo publicado desde Hermosillo, Sonora. %\",\"breadcrumb\":{\"@id\":\"https:\/\/www.sonoraenequipo.com.mx\/a-los-periodistas-no-hay-que-matarlos-a-balazos-hay-que-matarlos-de-hambre-alito-moreno\/#breadcrumb\"},\"inLanguage\":\"es\",\"potentialAction\":[{\"@type\":\"ReadAction\",\"target\":[\"https:\/\/www.sonoraenequipo.com.mx\/a-los-periodistas-no-hay-que-matarlos-a-balazos-hay-que-matarlos-de-hambre-alito-moreno\/\"]}]},{\"@type\":\"ImageObject\",\"inLanguage\":\"es\",\"@id\":\"https:\/\/www.sonoraenequipo.com.mx\/a-los-periodistas-no-hay-que-matarlos-a-balazos-hay-que-matarlos-de-hambre-alito-moreno\/#primaryimage\",\"url\":\"https:\/\/www.sonoraenequipo.com.mx\/storage\/2022\/05\/PRI-Moreno-periodistas.jpg\",\"contentUrl\":\"https:\/\/www.sonoraenequipo.com.mx\/storage\/2022\/05\/PRI-Moreno-periodistas.jpg\",\"width\":700,\"height\":400},{\"@type\":\"BreadcrumbList\",\"@id\":\"https:\/\/www.sonoraenequipo.com.mx\/a-los-periodistas-no-hay-que-matarlos-a-balazos-hay-que-matarlos-de-hambre-alito-moreno\/#breadcrumb\",\"itemListElement\":[{\"@type\":\"ListItem\",\"position\":1,\"name\":\"Portada\",\"item\":\"https:\/\/www.sonoraenequipo.com.mx\/\"},{\"@type\":\"ListItem\",\"position\":2,\"name\":\"\u201cA los periodistas no hay que matarlos a balazos, hay que matarlos de hambre\u201d: Alito Moreno\"}]},{\"@type\":\"WebSite\",\"@id\":\"https:\/\/www.sonoraenequipo.com.mx\/#website\",\"url\":\"https:\/\/www.sonoraenequipo.com.mx\/\",\"name\":\"Sonora en Equipo.\",\"description\":\"Diario en l\u00ednea con Noticias desde Hermosillo, Sonora\",\"publisher\":{\"@id\":\"https:\/\/www.sonoraenequipo.com.mx\/#organization\"},\"potentialAction\":[{\"@type\":\"SearchAction\",\"target\":{\"@type\":\"EntryPoint\",\"urlTemplate\":\"https:\/\/www.sonoraenequipo.com.mx\/?s={search_term_string}\"},\"query-input\":{\"@type\":\"PropertyValueSpecification\",\"valueRequired\":true,\"valueName\":\"search_term_string\"}}],\"inLanguage\":\"es\"},{\"@type\":\"Organization\",\"@id\":\"https:\/\/www.sonoraenequipo.com.mx\/#organization\",\"name\":\"Sonoraenequipo.com.mx\",\"url\":\"https:\/\/www.sonoraenequipo.com.mx\/\",\"logo\":{\"@type\":\"ImageObject\",\"inLanguage\":\"es\",\"@id\":\"https:\/\/www.sonoraenequipo.com.mx\/#\/schema\/logo\/image\/\",\"url\":\"https:\/\/www.sonoraenequipo.com.mx\/storage\/2019\/01\/sonoraenequipo_opt.png\",\"contentUrl\":\"https:\/\/www.sonoraenequipo.com.mx\/storage\/2019\/01\/sonoraenequipo_opt.png\",\"width\":375,\"height\":125,\"caption\":\"Sonoraenequipo.com.mx\"},\"image\":{\"@id\":\"https:\/\/www.sonoraenequipo.com.mx\/#\/schema\/logo\/image\/\"},\"sameAs\":[\"https:\/\/www.facebook.com\/SonoraEE\/\",\"https:\/\/x.com\/sonoraenequipo\",\"https:\/\/www.youtube.com\/channel\/UC338nW-lPEYmJQs4ZABQ1SQ\"]},{\"@type\":\"Person\",\"@id\":\"https:\/\/www.sonoraenequipo.com.mx\/#\/schema\/person\/50102df0fb23a8fa9e8effad8fa81386\",\"name\":\"enequipo\",\"image\":{\"@type\":\"ImageObject\",\"inLanguage\":\"es\",\"@id\":\"https:\/\/www.sonoraenequipo.com.mx\/#\/schema\/person\/image\/\",\"url\":\"https:\/\/secure.gravatar.com\/avatar\/049821681b589dabc0bc20695993ccebb09f5b5d4d790cd9251b97faac7c652b?s=96&d=blank&r=g\",\"contentUrl\":\"https:\/\/secure.gravatar.com\/avatar\/049821681b589dabc0bc20695993ccebb09f5b5d4d790cd9251b97faac7c652b?s=96&d=blank&r=g\",\"caption\":\"enequipo\"},\"sameAs\":[\"https:\/\/www.facebook.com\/SonoraEE\"]}]}<\/script>\n ","yoast_head_json":{"title":"Sonora en Equipo. \u201cA los periodistas no hay que matarlos a balazos, hay que matarlos de hambre\u201d: Alito Moreno Rep\u00fablica","description":"CIUDAD DE M\u00c9XICO.MX.\u2014\u00a0 Layda Sansores, gobernadora de Campeche, hizo p\u00fablico nuevos audios de Alejandro Moreno, l\u00edder nacional del PRI, donde habla En Sonora en Equipo publicamos toda la informaci\u00f3n de Sonora, M\u00e9xico y el Mundo de manera oportuna y busca que la libertad de expresi\u00f3n sea real. Visita nuestro medio informativo publicado desde Hermosillo, Sonora. %","robots":{"index":"index","follow":"follow","max-snippet":"max-snippet:-1","max-image-preview":"max-image-preview:large","max-video-preview":"max-video-preview:-1"},"canonical":"https:\/\/www.sonoraenequipo.com.mx\/a-los-periodistas-no-hay-que-matarlos-a-balazos-hay-que-matarlos-de-hambre-alito-moreno\/","og_locale":"es_ES","og_type":"article","og_title":"Sonora en Equipo. \u201cA los periodistas no hay que matarlos a balazos, hay que matarlos de hambre\u201d: Alito Moreno Rep\u00fablica","og_description":"CIUDAD DE M\u00c9XICO.MX.\u2014\u00a0 Layda Sansores, gobernadora de Campeche, hizo p\u00fablico nuevos audios de Alejandro Moreno, l\u00edder nacional del PRI, donde habla En Sonora en Equipo publicamos toda la informaci\u00f3n de Sonora, M\u00e9xico y el Mundo de manera oportuna y busca que la libertad de expresi\u00f3n sea real. Visita nuestro medio informativo publicado desde Hermosillo, Sonora. %","og_url":"https:\/\/www.sonoraenequipo.com.mx\/a-los-periodistas-no-hay-que-matarlos-a-balazos-hay-que-matarlos-de-hambre-alito-moreno\/","og_site_name":"Sonora en Equipo.","article_publisher":"https:\/\/www.facebook.com\/SonoraEE\/","article_author":"https:\/\/www.facebook.com\/SonoraEE","article_published_time":"2022-05-25T13:17:56+00:00","article_modified_time":"2022-05-25T22:57:47+00:00","og_image":[{"width":700,"height":400,"url":"https:\/\/www.sonoraenequipo.com.mx\/storage\/2022\/05\/PRI-Moreno-periodistas.jpg","type":"image\/jpeg"}],"author":"enequipo","twitter_card":"summary_large_image","twitter_creator":"@sonoraenequipo","twitter_site":"@sonoraenequipo","twitter_misc":{"Escrito por":"enequipo","Tiempo de lectura":"2 minutos"},"schema":{"@context":"https:\/\/schema.org","@graph":[{"@type":"Article","@id":"https:\/\/www.sonoraenequipo.com.mx\/a-los-periodistas-no-hay-que-matarlos-a-balazos-hay-que-matarlos-de-hambre-alito-moreno\/#article","isPartOf":{"@id":"https:\/\/www.sonoraenequipo.com.mx\/a-los-periodistas-no-hay-que-matarlos-a-balazos-hay-que-matarlos-de-hambre-alito-moreno\/"},"author":{"name":"enequipo","@id":"https:\/\/www.sonoraenequipo.com.mx\/#\/schema\/person\/50102df0fb23a8fa9e8effad8fa81386"},"headline":"\u201cA los periodistas no hay que matarlos a balazos, hay que matarlos de hambre\u201d: Alito Moreno","datePublished":"2022-05-25T13:17:56+00:00","dateModified":"2022-05-25T22:57:47+00:00","mainEntityOfPage":{"@id":"https:\/\/www.sonoraenequipo.com.mx\/a-los-periodistas-no-hay-que-matarlos-a-balazos-hay-que-matarlos-de-hambre-alito-moreno\/"},"wordCount":480,"commentCount":0,"publisher":{"@id":"https:\/\/www.sonoraenequipo.com.mx\/#organization"},"image":{"@id":"https:\/\/www.sonoraenequipo.com.mx\/a-los-periodistas-no-hay-que-matarlos-a-balazos-hay-que-matarlos-de-hambre-alito-moreno\/#primaryimage"},"thumbnailUrl":"https:\/\/www.sonoraenequipo.com.mx\/storage\/2022\/05\/PRI-Moreno-periodistas.jpg","articleSection":["Rep\u00fablica"],"inLanguage":"es","potentialAction":[{"@type":"CommentAction","name":"Comment","target":["https:\/\/www.sonoraenequipo.com.mx\/a-los-periodistas-no-hay-que-matarlos-a-balazos-hay-que-matarlos-de-hambre-alito-moreno\/#respond"]}]},{"@type":"WebPage","@id":"https:\/\/www.sonoraenequipo.com.mx\/a-los-periodistas-no-hay-que-matarlos-a-balazos-hay-que-matarlos-de-hambre-alito-moreno\/","url":"https:\/\/www.sonoraenequipo.com.mx\/a-los-periodistas-no-hay-que-matarlos-a-balazos-hay-que-matarlos-de-hambre-alito-moreno\/","name":"Sonora en Equipo. \u201cA los periodistas no hay que matarlos a balazos, hay que matarlos de hambre\u201d: Alito Moreno Rep\u00fablica","isPartOf":{"@id":"https:\/\/www.sonoraenequipo.com.mx\/#website"},"primaryImageOfPage":{"@id":"https:\/\/www.sonoraenequipo.com.mx\/a-los-periodistas-no-hay-que-matarlos-a-balazos-hay-que-matarlos-de-hambre-alito-moreno\/#primaryimage"},"image":{"@id":"https:\/\/www.sonoraenequipo.com.mx\/a-los-periodistas-no-hay-que-matarlos-a-balazos-hay-que-matarlos-de-hambre-alito-moreno\/#primaryimage"},"thumbnailUrl":"https:\/\/www.sonoraenequipo.com.mx\/storage\/2022\/05\/PRI-Moreno-periodistas.jpg","datePublished":"2022-05-25T13:17:56+00:00","dateModified":"2022-05-25T22:57:47+00:00","description":"CIUDAD DE M\u00c9XICO.MX.\u2014\u00a0 Layda Sansores, gobernadora de Campeche, hizo p\u00fablico nuevos audios de Alejandro Moreno, l\u00edder nacional del PRI, donde habla En Sonora en Equipo publicamos toda la informaci\u00f3n de Sonora, M\u00e9xico y el Mundo de manera oportuna y busca que la libertad de expresi\u00f3n sea real. Visita nuestro medio informativo publicado desde Hermosillo, Sonora. %","breadcrumb":{"@id":"https:\/\/www.sonoraenequipo.com.mx\/a-los-periodistas-no-hay-que-matarlos-a-balazos-hay-que-matarlos-de-hambre-alito-moreno\/#breadcrumb"},"inLanguage":"es","potentialAction":[{"@type":"ReadAction","target":["https:\/\/www.sonoraenequipo.com.mx\/a-los-periodistas-no-hay-que-matarlos-a-balazos-hay-que-matarlos-de-hambre-alito-moreno\/"]}]},{"@type":"ImageObject","inLanguage":"es","@id":"https:\/\/www.sonoraenequipo.com.mx\/a-los-periodistas-no-hay-que-matarlos-a-balazos-hay-que-matarlos-de-hambre-alito-moreno\/#primaryimage","url":"https:\/\/www.sonoraenequipo.com.mx\/storage\/2022\/05\/PRI-Moreno-periodistas.jpg","contentUrl":"https:\/\/www.sonoraenequipo.com.mx\/storage\/2022\/05\/PRI-Moreno-periodistas.jpg","width":700,"height":400},{"@type":"BreadcrumbList","@id":"https:\/\/www.sonoraenequipo.com.mx\/a-los-periodistas-no-hay-que-matarlos-a-balazos-hay-que-matarlos-de-hambre-alito-moreno\/#breadcrumb","itemListElement":[{"@type":"ListItem","position":1,"name":"Portada","item":"https:\/\/www.sonoraenequipo.com.mx\/"},{"@type":"ListItem","position":2,"name":"\u201cA los periodistas no hay que matarlos a balazos, hay que matarlos de hambre\u201d: Alito Moreno"}]},{"@type":"WebSite","@id":"https:\/\/www.sonoraenequipo.com.mx\/#website","url":"https:\/\/www.sonoraenequipo.com.mx\/","name":"Sonora en Equipo.","description":"Diario en l\u00ednea con Noticias desde Hermosillo, Sonora","publisher":{"@id":"https:\/\/www.sonoraenequipo.com.mx\/#organization"},"potentialAction":[{"@type":"SearchAction","target":{"@type":"EntryPoint","urlTemplate":"https:\/\/www.sonoraenequipo.com.mx\/?s={search_term_string}"},"query-input":{"@type":"PropertyValueSpecification","valueRequired":true,"valueName":"search_term_string"}}],"inLanguage":"es"},{"@type":"Organization","@id":"https:\/\/www.sonoraenequipo.com.mx\/#organization","name":"Sonoraenequipo.com.mx","url":"https:\/\/www.sonoraenequipo.com.mx\/","logo":{"@type":"ImageObject","inLanguage":"es","@id":"https:\/\/www.sonoraenequipo.com.mx\/#\/schema\/logo\/image\/","url":"https:\/\/www.sonoraenequipo.com.mx\/storage\/2019\/01\/sonoraenequipo_opt.png","contentUrl":"https:\/\/www.sonoraenequipo.com.mx\/storage\/2019\/01\/sonoraenequipo_opt.png","width":375,"height":125,"caption":"Sonoraenequipo.com.mx"},"image":{"@id":"https:\/\/www.sonoraenequipo.com.mx\/#\/schema\/logo\/image\/"},"sameAs":["https:\/\/www.facebook.com\/SonoraEE\/","https:\/\/x.com\/sonoraenequipo","https:\/\/www.youtube.com\/channel\/UC338nW-lPEYmJQs4ZABQ1SQ"]},{"@type":"Person","@id":"https:\/\/www.sonoraenequipo.com.mx\/#\/schema\/person\/50102df0fb23a8fa9e8effad8fa81386","name":"enequipo","image":{"@type":"ImageObject","inLanguage":"es","@id":"https:\/\/www.sonoraenequipo.com.mx\/#\/schema\/person\/image\/","url":"https:\/\/secure.gravatar.com\/avatar\/049821681b589dabc0bc20695993ccebb09f5b5d4d790cd9251b97faac7c652b?s=96&d=blank&r=g","contentUrl":"https:\/\/secure.gravatar.com\/avatar\/049821681b589dabc0bc20695993ccebb09f5b5d4d790cd9251b97faac7c652b?s=96&d=blank&r=g","caption":"enequipo"},"sameAs":["https:\/\/www.facebook.com\/SonoraEE"]}]}},"jetpack_featured_media_url":"https:\/\/www.sonoraenequipo.com.mx\/storage\/2022\/05\/PRI-Moreno-periodistas.jpg","_links":{"self":[{"href":"https:\/\/www.sonoraenequipo.com.mx\/api\/wp\/v2\/posts\/139120","targetHints":{"allow":["GET"]}}],"collection":[{"href":"https:\/\/www.sonoraenequipo.com.mx\/api\/wp\/v2\/posts"}],"about":[{"href":"https:\/\/www.sonoraenequipo.com.mx\/api\/wp\/v2\/types\/post"}],"author":[{"embeddable":true,"href":"https:\/\/www.sonoraenequipo.com.mx\/api\/wp\/v2\/users\/1"}],"replies":[{"embeddable":true,"href":"https:\/\/www.sonoraenequipo.com.mx\/api\/wp\/v2\/comments?post=139120"}],"version-history":[{"count":2,"href":"https:\/\/www.sonoraenequipo.com.mx\/api\/wp\/v2\/posts\/139120\/revisions"}],"predecessor-version":[{"id":139123,"href":"https:\/\/www.sonoraenequipo.com.mx\/api\/wp\/v2\/posts\/139120\/revisions\/139123"}],"wp:featuredmedia":[{"embeddable":true,"href":"https:\/\/www.sonoraenequipo.com.mx\/api\/wp\/v2\/media\/139121"}],"wp:attachment":[{"href":"https:\/\/www.sonoraenequipo.com.mx\/api\/wp\/v2\/media?parent=139120"}],"wp:term":[{"taxonomy":"category","embeddable":true,"href":"https:\/\/www.sonoraenequipo.com.mx\/api\/wp\/v2\/categories?post=139120"},{"taxonomy":"post_tag","embeddable":true,"href":"https:\/\/www.sonoraenequipo.com.mx\/api\/wp\/v2\/tags?post=139120"}],"curies":[{"name":"wp","href":"https:\/\/api.w.org\/{rel}","templated":true}]}}