{"id":139138,"date":"2022-05-25T18:15:24","date_gmt":"2022-05-26T01:15:24","guid":{"rendered":"https:\/\/www.sonoraenequipo.com.mx\/?p=139138"},"modified":"2022-05-25T18:15:24","modified_gmt":"2022-05-26T01:15:24","slug":"iniciaran-fiestas-del-pitic-con-teatro-cine-y-espectaculo-musical-de-moderatto","status":"publish","type":"post","link":"https:\/\/www.sonoraenequipo.com.mx\/iniciaran-fiestas-del-pitic-con-teatro-cine-y-espectaculo-musical-de-moderatto\/","title":{"rendered":"Iniciar\u00e1n Fiestas del Pitic con teatro, cine y espect\u00e1culo musical\u00a0 de\u00a0 Moderatto"},"content":{"rendered":"<p>HERMOSILLO, SONORA,MX.\u2500 Las actividades y expresiones art\u00edsticas y culturales de las Fiestas del Pitic 2022 inician este jueves con la presentaci\u00f3n de la obra Seis exesposas desesperadas, en el Teatro Emiliana de Zubeld\u00eda, con la exhibici\u00f3n de la pel\u00edcula Miradas sobre la Conquista de M\u00e9xico y con rituales de los pueblos originarios, en la Plaza del Mezquite.<\/p>\n<p>&nbsp;<\/p>\n<p>La inauguraci\u00f3n oficial por parte del presidente municipal, Antonio Astiazar\u00e1n Guti\u00e9rrez, se llevar\u00e1 a cabo a las 20:00 horas en la Plaza Bicentenario, previo a la presentaci\u00f3n de los Rebel Cats; a la que le seguir\u00e1 el cierre del primer d\u00eda con el concierto del grupo Moderatto, en la Plaza Alonso Vidal, a partir de las 22.00 horas.<\/p>\n<p>&nbsp;<\/p>\n<p>\u201cEl objetivo primordial de estas Fiestas del Pitic es la reactivaci\u00f3n en todos los sentidos, en lo econ\u00f3mico, cultural, art\u00edstico y volvernos a encontrar\u201d, expres\u00f3 Marianna Gonz\u00e1lez Gast\u00e9lum, directora del Instituto Municipal de Cultura y Arte (IMCA), previo a la celebraci\u00f3n del 26 al 29 de mayo, en el Centro Hist\u00f3rico de la ciudad.<\/p>\n<p>&nbsp;<\/p>\n<p>Agradeci\u00f3 la visi\u00f3n del presidente municipal, Antonio Astiazar\u00e1n, de regresar al formato presencial, consciente de lo que significa esta plataforma, en el festejo de los 322 a\u00f1os de Hermosillo, desde el \u00e1mbito cultural y art\u00edstico, para rescatar la identidad de sus habitantes.<\/p>\n<p>&nbsp;<\/p>\n<p>\u201cEstamos muy agradecidos desde el IMCA con todas las dependencias que est\u00e1n haciendo esto posible, principalmente con el gremio y la comunidad art\u00edstica que va a participar\u201d, manifest\u00f3 Gonz\u00e1lez Gast\u00e9lum.<\/p>\n<p>&nbsp;<\/p>\n<p>Coment\u00f3 que se realizaron eventos previos como la Ruta del Arte, adem\u00e1s de uno muy exitoso el pasado martes en la Cineteca Sonora, que por primera vez se suma a esta celebraci\u00f3n.<\/p>\n<p>&nbsp;<\/p>\n<p>Destac\u00f3 que se ha realizado un trabajo intenso para que los operativos de las fiestas privilegien el sano esparcimiento familiar, para el disfrute de diversas disciplinas, como danza, teatro, m\u00fasica, cine, artes visuales, actividades literarias, dirigido a todo p\u00fablico, con una agenda nutrida para las ni\u00f1as, los ni\u00f1os y j\u00f3venes.<\/p>\n<p>&nbsp;<\/p>\n<p>La funcionaria invit\u00f3 a las y los ciudadanos descargar el programa oficial en la p\u00e1gina www.fiestasdelpitic.com, en el que se comparte el mapa para ubicar los escenarios y cu\u00e1les espacios quieren visitar. As\u00ed como seguir las redes sociales como Fiestas del Pitic, como Facebook.<\/p>\n<p>&nbsp;<\/p>\n<p>Primeros eventos del jueves 26 de mayo<\/p>\n<p>&nbsp;<\/p>\n<p>17:00 horas- Cineteca Sonora- Miradas sobre la Conquista de M\u00e9xico, pel\u00edcula de Er\u00e9ndira Ikikunari.<\/p>\n<p>&nbsp;<\/p>\n<p>17:00 horas- Teatro Emiliana de Zubeld\u00eda- Seis exesposas desesperadas, Tributo al musical Six compa\u00f1\u00eda de teatro Escena 170.<\/p>\n<p>&nbsp;<\/p>\n<p>17:30 horas- Caminata hacia la Plaza del Mezquite y bendici\u00f3n del lugar por parte de autoridades tradicionales, danza pascola de la comunidad Yaqui de la colonia Las Amapolas, animaci\u00f3n callejera.<\/p>\n<p>Fecha de publicaci\u00f3n mi\u00e9rcoles 25 de mayo de 2022<\/p>\n<p>&nbsp;<\/p>\n","protected":false},"excerpt":{"rendered":"<p>HERMOSILLO, SONORA,MX.\u2500 Las actividades y expresiones art\u00edsticas y culturales de las Fiestas del Pitic 2022&#8230;<\/p>\n","protected":false},"author":1,"featured_media":139139,"comment_status":"open","ping_status":"open","sticky":false,"template":"","format":"standard","meta":{"_monsterinsights_skip_tracking":false,"_monsterinsights_sitenote_active":false,"_monsterinsights_sitenote_note":"","_monsterinsights_sitenote_category":0,"footnotes":""},"categories":[2987],"tags":[6388,1538],"class_list":["post"],"yoast_head":" \n<title>Sonora en Equipo. Iniciar\u00e1n Fiestas del Pitic con teatro, cine y espect\u00e1culo musical\u00a0 de\u00a0 Moderatto Showbiz<\/title>\n<meta name=\"description\" content=\"HERMOSILLO, SONORA,MX.\u2500 Las actividades y expresiones art\u00edsticas y culturales de las Fiestas del Pitic 2022 inician este jueves con la presentaci\u00f3n de la En Sonora en Equipo publicamos toda la informaci\u00f3n de Sonora, M\u00e9xico y el Mundo de manera oportuna y busca que la libertad de expresi\u00f3n sea real. Visita nuestro medio informativo publicado desde Hermosillo, Sonora. %\" \/>\n<meta name=\"robots\" content=\"index, follow, max-snippet:-1, max-image-preview:large, max-video-preview:-1\" \/>\n<link rel=\"canonical\" href=\"https:\/\/www.sonoraenequipo.com.mx\/iniciaran-fiestas-del-pitic-con-teatro-cine-y-espectaculo-musical-de-moderatto\/\" \/>\n<meta property=\"og:locale\" content=\"es_ES\" \/>\n<meta property=\"og:type\" content=\"article\" \/>\n<meta property=\"og:title\" content=\"Sonora en Equipo. Iniciar\u00e1n Fiestas del Pitic con teatro, cine y espect\u00e1culo musical\u00a0 de\u00a0 Moderatto Showbiz\" \/>\n<meta property=\"og:description\" content=\"HERMOSILLO, SONORA,MX.\u2500 Las actividades y expresiones art\u00edsticas y culturales de las Fiestas del Pitic 2022 inician este jueves con la presentaci\u00f3n de la En Sonora en Equipo publicamos toda la informaci\u00f3n de Sonora, M\u00e9xico y el Mundo de manera oportuna y busca que la libertad de expresi\u00f3n sea real. Visita nuestro medio informativo publicado desde Hermosillo, Sonora. %\" \/>\n<meta property=\"og:url\" content=\"https:\/\/www.sonoraenequipo.com.mx\/iniciaran-fiestas-del-pitic-con-teatro-cine-y-espectaculo-musical-de-moderatto\/\" \/>\n<meta property=\"og:site_name\" content=\"Sonora en Equipo.\" \/>\n<meta property=\"article:publisher\" content=\"https:\/\/www.facebook.com\/SonoraEE\/\" \/>\n<meta property=\"article:author\" content=\"https:\/\/www.facebook.com\/SonoraEE\" \/>\n<meta property=\"article:published_time\" content=\"2022-05-26T01:15:24+00:00\" \/>\n<meta property=\"og:image\" content=\"https:\/\/www.sonoraenequipo.com.mx\/storage\/2022\/05\/moderato.jpg\" \/>\n\t<meta property=\"og:image:width\" content=\"700\" \/>\n\t<meta property=\"og:image:height\" content=\"400\" \/>\n\t<meta property=\"og:image:type\" content=\"image\/jpeg\" \/>\n<meta name=\"author\" content=\"enequipo\" \/>\n<meta name=\"twitter:card\" content=\"summary_large_image\" \/>\n<meta name=\"twitter:creator\" content=\"@sonoraenequipo\" \/>\n<meta name=\"twitter:site\" content=\"@sonoraenequipo\" \/>\n<meta name=\"twitter:label1\" content=\"Escrito por\" \/>\n\t<meta name=\"twitter:data1\" content=\"enequipo\" \/>\n\t<meta name=\"twitter:label2\" content=\"Tiempo de lectura\" \/>\n\t<meta name=\"twitter:data2\" content=\"3 minutos\" \/>\n<script type=\"application\/ld+json\" class=\"yoast-schema-graph\">{\"@context\":\"https:\/\/schema.org\",\"@graph\":[{\"@type\":\"Article\",\"@id\":\"https:\/\/www.sonoraenequipo.com.mx\/iniciaran-fiestas-del-pitic-con-teatro-cine-y-espectaculo-musical-de-moderatto\/#article\",\"isPartOf\":{\"@id\":\"https:\/\/www.sonoraenequipo.com.mx\/iniciaran-fiestas-del-pitic-con-teatro-cine-y-espectaculo-musical-de-moderatto\/\"},\"author\":{\"name\":\"enequipo\",\"@id\":\"https:\/\/www.sonoraenequipo.com.mx\/#\/schema\/person\/50102df0fb23a8fa9e8effad8fa81386\"},\"headline\":\"Iniciar\u00e1n Fiestas del Pitic con teatro, cine y espect\u00e1culo musical\u00a0 de\u00a0 Moderatto\",\"datePublished\":\"2022-05-26T01:15:24+00:00\",\"mainEntityOfPage\":{\"@id\":\"https:\/\/www.sonoraenequipo.com.mx\/iniciaran-fiestas-del-pitic-con-teatro-cine-y-espectaculo-musical-de-moderatto\/\"},\"wordCount\":505,\"commentCount\":0,\"publisher\":{\"@id\":\"https:\/\/www.sonoraenequipo.com.mx\/#organization\"},\"image\":{\"@id\":\"https:\/\/www.sonoraenequipo.com.mx\/iniciaran-fiestas-del-pitic-con-teatro-cine-y-espectaculo-musical-de-moderatto\/#primaryimage\"},\"thumbnailUrl\":\"https:\/\/www.sonoraenequipo.com.mx\/storage\/2022\/05\/moderato.jpg\",\"keywords\":[\"2022\",\"FIESTAS DEL PITIC\"],\"articleSection\":[\"Showbiz\"],\"inLanguage\":\"es\",\"potentialAction\":[{\"@type\":\"CommentAction\",\"name\":\"Comment\",\"target\":[\"https:\/\/www.sonoraenequipo.com.mx\/iniciaran-fiestas-del-pitic-con-teatro-cine-y-espectaculo-musical-de-moderatto\/#respond\"]}]},{\"@type\":\"WebPage\",\"@id\":\"https:\/\/www.sonoraenequipo.com.mx\/iniciaran-fiestas-del-pitic-con-teatro-cine-y-espectaculo-musical-de-moderatto\/\",\"url\":\"https:\/\/www.sonoraenequipo.com.mx\/iniciaran-fiestas-del-pitic-con-teatro-cine-y-espectaculo-musical-de-moderatto\/\",\"name\":\"Sonora en Equipo. Iniciar\u00e1n Fiestas del Pitic con teatro, cine y espect\u00e1culo musical\u00a0 de\u00a0 Moderatto Showbiz\",\"isPartOf\":{\"@id\":\"https:\/\/www.sonoraenequipo.com.mx\/#website\"},\"primaryImageOfPage\":{\"@id\":\"https:\/\/www.sonoraenequipo.com.mx\/iniciaran-fiestas-del-pitic-con-teatro-cine-y-espectaculo-musical-de-moderatto\/#primaryimage\"},\"image\":{\"@id\":\"https:\/\/www.sonoraenequipo.com.mx\/iniciaran-fiestas-del-pitic-con-teatro-cine-y-espectaculo-musical-de-moderatto\/#primaryimage\"},\"thumbnailUrl\":\"https:\/\/www.sonoraenequipo.com.mx\/storage\/2022\/05\/moderato.jpg\",\"datePublished\":\"2022-05-26T01:15:24+00:00\",\"description\":\"HERMOSILLO, SONORA,MX.\u2500 Las actividades y expresiones art\u00edsticas y culturales de las Fiestas del Pitic 2022 inician este jueves con la presentaci\u00f3n de la En Sonora en Equipo publicamos toda la informaci\u00f3n de Sonora, M\u00e9xico y el Mundo de manera oportuna y busca que la libertad de expresi\u00f3n sea real. Visita nuestro medio informativo publicado desde Hermosillo, Sonora. %\",\"breadcrumb\":{\"@id\":\"https:\/\/www.sonoraenequipo.com.mx\/iniciaran-fiestas-del-pitic-con-teatro-cine-y-espectaculo-musical-de-moderatto\/#breadcrumb\"},\"inLanguage\":\"es\",\"potentialAction\":[{\"@type\":\"ReadAction\",\"target\":[\"https:\/\/www.sonoraenequipo.com.mx\/iniciaran-fiestas-del-pitic-con-teatro-cine-y-espectaculo-musical-de-moderatto\/\"]}]},{\"@type\":\"ImageObject\",\"inLanguage\":\"es\",\"@id\":\"https:\/\/www.sonoraenequipo.com.mx\/iniciaran-fiestas-del-pitic-con-teatro-cine-y-espectaculo-musical-de-moderatto\/#primaryimage\",\"url\":\"https:\/\/www.sonoraenequipo.com.mx\/storage\/2022\/05\/moderato.jpg\",\"contentUrl\":\"https:\/\/www.sonoraenequipo.com.mx\/storage\/2022\/05\/moderato.jpg\",\"width\":700,\"height\":400},{\"@type\":\"BreadcrumbList\",\"@id\":\"https:\/\/www.sonoraenequipo.com.mx\/iniciaran-fiestas-del-pitic-con-teatro-cine-y-espectaculo-musical-de-moderatto\/#breadcrumb\",\"itemListElement\":[{\"@type\":\"ListItem\",\"position\":1,\"name\":\"Portada\",\"item\":\"https:\/\/www.sonoraenequipo.com.mx\/\"},{\"@type\":\"ListItem\",\"position\":2,\"name\":\"Iniciar\u00e1n Fiestas del Pitic con teatro, cine y espect\u00e1culo musical\u00a0 de\u00a0 Moderatto\"}]},{\"@type\":\"WebSite\",\"@id\":\"https:\/\/www.sonoraenequipo.com.mx\/#website\",\"url\":\"https:\/\/www.sonoraenequipo.com.mx\/\",\"name\":\"Sonora en Equipo.\",\"description\":\"Diario en l\u00ednea con Noticias desde Hermosillo, Sonora\",\"publisher\":{\"@id\":\"https:\/\/www.sonoraenequipo.com.mx\/#organization\"},\"potentialAction\":[{\"@type\":\"SearchAction\",\"target\":{\"@type\":\"EntryPoint\",\"urlTemplate\":\"https:\/\/www.sonoraenequipo.com.mx\/?s={search_term_string}\"},\"query-input\":{\"@type\":\"PropertyValueSpecification\",\"valueRequired\":true,\"valueName\":\"search_term_string\"}}],\"inLanguage\":\"es\"},{\"@type\":\"Organization\",\"@id\":\"https:\/\/www.sonoraenequipo.com.mx\/#organization\",\"name\":\"Sonoraenequipo.com.mx\",\"url\":\"https:\/\/www.sonoraenequipo.com.mx\/\",\"logo\":{\"@type\":\"ImageObject\",\"inLanguage\":\"es\",\"@id\":\"https:\/\/www.sonoraenequipo.com.mx\/#\/schema\/logo\/image\/\",\"url\":\"https:\/\/www.sonoraenequipo.com.mx\/storage\/2019\/01\/sonoraenequipo_opt.png\",\"contentUrl\":\"https:\/\/www.sonoraenequipo.com.mx\/storage\/2019\/01\/sonoraenequipo_opt.png\",\"width\":375,\"height\":125,\"caption\":\"Sonoraenequipo.com.mx\"},\"image\":{\"@id\":\"https:\/\/www.sonoraenequipo.com.mx\/#\/schema\/logo\/image\/\"},\"sameAs\":[\"https:\/\/www.facebook.com\/SonoraEE\/\",\"https:\/\/x.com\/sonoraenequipo\",\"https:\/\/www.youtube.com\/channel\/UC338nW-lPEYmJQs4ZABQ1SQ\"]},{\"@type\":\"Person\",\"@id\":\"https:\/\/www.sonoraenequipo.com.mx\/#\/schema\/person\/50102df0fb23a8fa9e8effad8fa81386\",\"name\":\"enequipo\",\"image\":{\"@type\":\"ImageObject\",\"inLanguage\":\"es\",\"@id\":\"https:\/\/www.sonoraenequipo.com.mx\/#\/schema\/person\/image\/\",\"url\":\"https:\/\/secure.gravatar.com\/avatar\/049821681b589dabc0bc20695993ccebb09f5b5d4d790cd9251b97faac7c652b?s=96&d=blank&r=g\",\"contentUrl\":\"https:\/\/secure.gravatar.com\/avatar\/049821681b589dabc0bc20695993ccebb09f5b5d4d790cd9251b97faac7c652b?s=96&d=blank&r=g\",\"caption\":\"enequipo\"},\"sameAs\":[\"https:\/\/www.facebook.com\/SonoraEE\"]}]}<\/script>\n ","yoast_head_json":{"title":"Sonora en Equipo. Iniciar\u00e1n Fiestas del Pitic con teatro, cine y espect\u00e1culo musical\u00a0 de\u00a0 Moderatto Showbiz","description":"HERMOSILLO, SONORA,MX.\u2500 Las actividades y expresiones art\u00edsticas y culturales de las Fiestas del Pitic 2022 inician este jueves con la presentaci\u00f3n de la En Sonora en Equipo publicamos toda la informaci\u00f3n de Sonora, M\u00e9xico y el Mundo de manera oportuna y busca que la libertad de expresi\u00f3n sea real. Visita nuestro medio informativo publicado desde Hermosillo, Sonora. %","robots":{"index":"index","follow":"follow","max-snippet":"max-snippet:-1","max-image-preview":"max-image-preview:large","max-video-preview":"max-video-preview:-1"},"canonical":"https:\/\/www.sonoraenequipo.com.mx\/iniciaran-fiestas-del-pitic-con-teatro-cine-y-espectaculo-musical-de-moderatto\/","og_locale":"es_ES","og_type":"article","og_title":"Sonora en Equipo. Iniciar\u00e1n Fiestas del Pitic con teatro, cine y espect\u00e1culo musical\u00a0 de\u00a0 Moderatto Showbiz","og_description":"HERMOSILLO, SONORA,MX.\u2500 Las actividades y expresiones art\u00edsticas y culturales de las Fiestas del Pitic 2022 inician este jueves con la presentaci\u00f3n de la En Sonora en Equipo publicamos toda la informaci\u00f3n de Sonora, M\u00e9xico y el Mundo de manera oportuna y busca que la libertad de expresi\u00f3n sea real. Visita nuestro medio informativo publicado desde Hermosillo, Sonora. %","og_url":"https:\/\/www.sonoraenequipo.com.mx\/iniciaran-fiestas-del-pitic-con-teatro-cine-y-espectaculo-musical-de-moderatto\/","og_site_name":"Sonora en Equipo.","article_publisher":"https:\/\/www.facebook.com\/SonoraEE\/","article_author":"https:\/\/www.facebook.com\/SonoraEE","article_published_time":"2022-05-26T01:15:24+00:00","og_image":[{"width":700,"height":400,"url":"https:\/\/www.sonoraenequipo.com.mx\/storage\/2022\/05\/moderato.jpg","type":"image\/jpeg"}],"author":"enequipo","twitter_card":"summary_large_image","twitter_creator":"@sonoraenequipo","twitter_site":"@sonoraenequipo","twitter_misc":{"Escrito por":"enequipo","Tiempo de lectura":"3 minutos"},"schema":{"@context":"https:\/\/schema.org","@graph":[{"@type":"Article","@id":"https:\/\/www.sonoraenequipo.com.mx\/iniciaran-fiestas-del-pitic-con-teatro-cine-y-espectaculo-musical-de-moderatto\/#article","isPartOf":{"@id":"https:\/\/www.sonoraenequipo.com.mx\/iniciaran-fiestas-del-pitic-con-teatro-cine-y-espectaculo-musical-de-moderatto\/"},"author":{"name":"enequipo","@id":"https:\/\/www.sonoraenequipo.com.mx\/#\/schema\/person\/50102df0fb23a8fa9e8effad8fa81386"},"headline":"Iniciar\u00e1n Fiestas del Pitic con teatro, cine y espect\u00e1culo musical\u00a0 de\u00a0 Moderatto","datePublished":"2022-05-26T01:15:24+00:00","mainEntityOfPage":{"@id":"https:\/\/www.sonoraenequipo.com.mx\/iniciaran-fiestas-del-pitic-con-teatro-cine-y-espectaculo-musical-de-moderatto\/"},"wordCount":505,"commentCount":0,"publisher":{"@id":"https:\/\/www.sonoraenequipo.com.mx\/#organization"},"image":{"@id":"https:\/\/www.sonoraenequipo.com.mx\/iniciaran-fiestas-del-pitic-con-teatro-cine-y-espectaculo-musical-de-moderatto\/#primaryimage"},"thumbnailUrl":"https:\/\/www.sonoraenequipo.com.mx\/storage\/2022\/05\/moderato.jpg","keywords":["2022","FIESTAS DEL PITIC"],"articleSection":["Showbiz"],"inLanguage":"es","potentialAction":[{"@type":"CommentAction","name":"Comment","target":["https:\/\/www.sonoraenequipo.com.mx\/iniciaran-fiestas-del-pitic-con-teatro-cine-y-espectaculo-musical-de-moderatto\/#respond"]}]},{"@type":"WebPage","@id":"https:\/\/www.sonoraenequipo.com.mx\/iniciaran-fiestas-del-pitic-con-teatro-cine-y-espectaculo-musical-de-moderatto\/","url":"https:\/\/www.sonoraenequipo.com.mx\/iniciaran-fiestas-del-pitic-con-teatro-cine-y-espectaculo-musical-de-moderatto\/","name":"Sonora en Equipo. Iniciar\u00e1n Fiestas del Pitic con teatro, cine y espect\u00e1culo musical\u00a0 de\u00a0 Moderatto Showbiz","isPartOf":{"@id":"https:\/\/www.sonoraenequipo.com.mx\/#website"},"primaryImageOfPage":{"@id":"https:\/\/www.sonoraenequipo.com.mx\/iniciaran-fiestas-del-pitic-con-teatro-cine-y-espectaculo-musical-de-moderatto\/#primaryimage"},"image":{"@id":"https:\/\/www.sonoraenequipo.com.mx\/iniciaran-fiestas-del-pitic-con-teatro-cine-y-espectaculo-musical-de-moderatto\/#primaryimage"},"thumbnailUrl":"https:\/\/www.sonoraenequipo.com.mx\/storage\/2022\/05\/moderato.jpg","datePublished":"2022-05-26T01:15:24+00:00","description":"HERMOSILLO, SONORA,MX.\u2500 Las actividades y expresiones art\u00edsticas y culturales de las Fiestas del Pitic 2022 inician este jueves con la presentaci\u00f3n de la En Sonora en Equipo publicamos toda la informaci\u00f3n de Sonora, M\u00e9xico y el Mundo de manera oportuna y busca que la libertad de expresi\u00f3n sea real. Visita nuestro medio informativo publicado desde Hermosillo, Sonora. %","breadcrumb":{"@id":"https:\/\/www.sonoraenequipo.com.mx\/iniciaran-fiestas-del-pitic-con-teatro-cine-y-espectaculo-musical-de-moderatto\/#breadcrumb"},"inLanguage":"es","potentialAction":[{"@type":"ReadAction","target":["https:\/\/www.sonoraenequipo.com.mx\/iniciaran-fiestas-del-pitic-con-teatro-cine-y-espectaculo-musical-de-moderatto\/"]}]},{"@type":"ImageObject","inLanguage":"es","@id":"https:\/\/www.sonoraenequipo.com.mx\/iniciaran-fiestas-del-pitic-con-teatro-cine-y-espectaculo-musical-de-moderatto\/#primaryimage","url":"https:\/\/www.sonoraenequipo.com.mx\/storage\/2022\/05\/moderato.jpg","contentUrl":"https:\/\/www.sonoraenequipo.com.mx\/storage\/2022\/05\/moderato.jpg","width":700,"height":400},{"@type":"BreadcrumbList","@id":"https:\/\/www.sonoraenequipo.com.mx\/iniciaran-fiestas-del-pitic-con-teatro-cine-y-espectaculo-musical-de-moderatto\/#breadcrumb","itemListElement":[{"@type":"ListItem","position":1,"name":"Portada","item":"https:\/\/www.sonoraenequipo.com.mx\/"},{"@type":"ListItem","position":2,"name":"Iniciar\u00e1n Fiestas del Pitic con teatro, cine y espect\u00e1culo musical\u00a0 de\u00a0 Moderatto"}]},{"@type":"WebSite","@id":"https:\/\/www.sonoraenequipo.com.mx\/#website","url":"https:\/\/www.sonoraenequipo.com.mx\/","name":"Sonora en Equipo.","description":"Diario en l\u00ednea con Noticias desde Hermosillo, Sonora","publisher":{"@id":"https:\/\/www.sonoraenequipo.com.mx\/#organization"},"potentialAction":[{"@type":"SearchAction","target":{"@type":"EntryPoint","urlTemplate":"https:\/\/www.sonoraenequipo.com.mx\/?s={search_term_string}"},"query-input":{"@type":"PropertyValueSpecification","valueRequired":true,"valueName":"search_term_string"}}],"inLanguage":"es"},{"@type":"Organization","@id":"https:\/\/www.sonoraenequipo.com.mx\/#organization","name":"Sonoraenequipo.com.mx","url":"https:\/\/www.sonoraenequipo.com.mx\/","logo":{"@type":"ImageObject","inLanguage":"es","@id":"https:\/\/www.sonoraenequipo.com.mx\/#\/schema\/logo\/image\/","url":"https:\/\/www.sonoraenequipo.com.mx\/storage\/2019\/01\/sonoraenequipo_opt.png","contentUrl":"https:\/\/www.sonoraenequipo.com.mx\/storage\/2019\/01\/sonoraenequipo_opt.png","width":375,"height":125,"caption":"Sonoraenequipo.com.mx"},"image":{"@id":"https:\/\/www.sonoraenequipo.com.mx\/#\/schema\/logo\/image\/"},"sameAs":["https:\/\/www.facebook.com\/SonoraEE\/","https:\/\/x.com\/sonoraenequipo","https:\/\/www.youtube.com\/channel\/UC338nW-lPEYmJQs4ZABQ1SQ"]},{"@type":"Person","@id":"https:\/\/www.sonoraenequipo.com.mx\/#\/schema\/person\/50102df0fb23a8fa9e8effad8fa81386","name":"enequipo","image":{"@type":"ImageObject","inLanguage":"es","@id":"https:\/\/www.sonoraenequipo.com.mx\/#\/schema\/person\/image\/","url":"https:\/\/secure.gravatar.com\/avatar\/049821681b589dabc0bc20695993ccebb09f5b5d4d790cd9251b97faac7c652b?s=96&d=blank&r=g","contentUrl":"https:\/\/secure.gravatar.com\/avatar\/049821681b589dabc0bc20695993ccebb09f5b5d4d790cd9251b97faac7c652b?s=96&d=blank&r=g","caption":"enequipo"},"sameAs":["https:\/\/www.facebook.com\/SonoraEE"]}]}},"jetpack_featured_media_url":"https:\/\/www.sonoraenequipo.com.mx\/storage\/2022\/05\/moderato.jpg","_links":{"self":[{"href":"https:\/\/www.sonoraenequipo.com.mx\/api\/wp\/v2\/posts\/139138","targetHints":{"allow":["GET"]}}],"collection":[{"href":"https:\/\/www.sonoraenequipo.com.mx\/api\/wp\/v2\/posts"}],"about":[{"href":"https:\/\/www.sonoraenequipo.com.mx\/api\/wp\/v2\/types\/post"}],"author":[{"embeddable":true,"href":"https:\/\/www.sonoraenequipo.com.mx\/api\/wp\/v2\/users\/1"}],"replies":[{"embeddable":true,"href":"https:\/\/www.sonoraenequipo.com.mx\/api\/wp\/v2\/comments?post=139138"}],"version-history":[{"count":1,"href":"https:\/\/www.sonoraenequipo.com.mx\/api\/wp\/v2\/posts\/139138\/revisions"}],"predecessor-version":[{"id":139140,"href":"https:\/\/www.sonoraenequipo.com.mx\/api\/wp\/v2\/posts\/139138\/revisions\/139140"}],"wp:featuredmedia":[{"embeddable":true,"href":"https:\/\/www.sonoraenequipo.com.mx\/api\/wp\/v2\/media\/139139"}],"wp:attachment":[{"href":"https:\/\/www.sonoraenequipo.com.mx\/api\/wp\/v2\/media?parent=139138"}],"wp:term":[{"taxonomy":"category","embeddable":true,"href":"https:\/\/www.sonoraenequipo.com.mx\/api\/wp\/v2\/categories?post=139138"},{"taxonomy":"post_tag","embeddable":true,"href":"https:\/\/www.sonoraenequipo.com.mx\/api\/wp\/v2\/tags?post=139138"}],"curies":[{"name":"wp","href":"https:\/\/api.w.org\/{rel}","templated":true}]}}