{"id":139145,"date":"2022-05-25T19:03:17","date_gmt":"2022-05-26T02:03:17","guid":{"rendered":"https:\/\/www.sonoraenequipo.com.mx\/?p=139145"},"modified":"2022-05-25T19:03:17","modified_gmt":"2022-05-26T02:03:17","slug":"asesor-de-la-oms-vincula-viruela-del-mono-a-fiestas-del-orgullo-gay","status":"publish","type":"post","link":"https:\/\/www.sonoraenequipo.com.mx\/asesor-de-la-oms-vincula-viruela-del-mono-a-fiestas-del-orgullo-gay\/","title":{"rendered":"Asesor de la OMS vincula viruela del mono a fiestas del orgullo gay"},"content":{"rendered":"<p>Asesor de la OMS vincula viruela del mono a fiestas del orgullo gay<\/p>\n<p>Un destacado experto y asesor de la Organizaci\u00f3n Mundial de la Salud (OMS) asegur\u00f3 que el reciente brote de la viruela del mono se vio amplificado a causa de dos grandes fiestas gay realizadas en Europa.<\/p>\n<p>&nbsp;<\/p>\n<p>Seg\u00fan informa The Associated Press (AP), el Dr. David Heymann, que dirigi\u00f3 el departamento de emergencias de la OMS, dijo que la principal teor\u00eda para explicar la epidemia de la viruela del mono apunta a dos fiestas en la localidad de Maspalomas en Las Islas Canarias (Espa\u00f1a) y otra en B\u00e9lgica.<\/p>\n<p>&nbsp;<\/p>\n<p>\u201cSabemos que la viruela del mono se puede propagar cuando hay un contacto cercano con las lesiones de alguien que est\u00e1 infectado, y parece que el contacto sexual ahora ha amplificado esa transmisi\u00f3n\u201d, dijo Heymann.<\/p>\n<p>&nbsp;<\/p>\n<p>AP indica adem\u00e1s que \u201cfuncionarios de salud afirman que la mayor\u00eda de los casos conocidos en Europa han sido entre hombres que tienen sexo con hombres\u201d, aunque cualquiera podr\u00eda infectarse por el contacto cercano con una persona enferma.<\/p>\n<p>&nbsp;<\/p>\n<p>El Dr. Heymann, catedr\u00e1tico de enfermedades infecciosas en el London School of Hygiene and Tropical Medicine, explic\u00f3 asimismo que \u201ces muy posible que haya alguien que se infect\u00f3, desarroll\u00f3 lesiones en los genitales, las manos o en alg\u00fan otro lugar, y luego se lo transmiti\u00f3 a otros cuando hubo contacto sexual o f\u00edsico cercano\u201d.<\/p>\n<p>&nbsp;<\/p>\n<p>\u201cLuego hubo estos eventos internacionales que sembraron el brote en todo el mundo, en los Estados Unidos y en otros pa\u00edses de Europa\u201d, refiri\u00f3 el experto en relaci\u00f3n a las fiestas homosexuales.<\/p>\n<p>&nbsp;<\/p>\n<p>La OMS ha registrado m\u00e1s de 90 casos de viruela del simio en una docena de pa\u00edses, incluidos Canad\u00e1, Espa\u00f1a, Israel, Francia, Suiza, Estados Unidos y Australia.<\/p>\n<p>&nbsp;<\/p>\n<p>La viruela del mono causa fiebre, escalofr\u00edos, sarpullido y lesiones en la cara o los genitales. La recuperaci\u00f3n suele tomar algunas semanas y no es necesaria la hospitalizaci\u00f3n.<\/p>\n<p>&nbsp;<\/p>\n<p>El Dr. Alejandro Mac\u00edas, que fue el zar contra la influenza en 2009 en M\u00e9xico, dijo en su cuenta de Twitter sobre la viruela del mono que \u201cparece que la fiesta de 80000 personas del colectivo gay en Canarias podr\u00eda ser el inicio del brote, con dispersi\u00f3n a otros pa\u00edses\u201d.<\/p>\n<p>&nbsp;<\/p>\n<p>\u201cAlgunos casos de Madrid (que despu\u00e9s podr\u00edan haber estado en el Sauna Para\u00edso) estuvieron en la fiesta as\u00ed como 3 de los italianos\u201d, agreg\u00f3.<\/p>\n<p>&nbsp;<\/p>\n<p>Tras un comentario que consideraba \u201cdesafortunado\u201d su tuit por referirse al \u201ccolectivo gay\u201d, el experto mexicano dijo que no fue su intenci\u00f3n \u201cdiscriminar a nadie\u201d y que pondr\u00eda el tuit \u201ccon otra redacci\u00f3n\u201d.<\/p>\n<p>&nbsp;<\/p>\n<p>Lo dicho por el experto mexicano coincide con lo expresado por el Dr. Heymann sobre el posible origen del brote de la viruela del mono.<\/p>\n<p>El Dr. David Heymann dijo tambi\u00e9n a AP que la viruela del mono \u201cno es covid\u201d y si bien \u201cnecesitamos reducir su velocidad\u201d, a diferencia de la enfermedad causada por el nuevo coronavirus \u201cno se propaga en el aire y tenemos vacunas para protegernos\u201d.<\/p>\n<p>Fecha de publicaci\u00f3n mi\u00e9rcoles 25 de mayo de 2022 ACI Prensa<\/p>\n<p>&nbsp;<\/p>\n","protected":false},"excerpt":{"rendered":"<p>Asesor de la OMS vincula viruela del mono a fiestas del orgullo gay Un destacado&#8230;<\/p>\n","protected":false},"author":1,"featured_media":139146,"comment_status":"open","ping_status":"open","sticky":false,"template":"","format":"standard","meta":{"_monsterinsights_skip_tracking":false,"_monsterinsights_sitenote_active":false,"_monsterinsights_sitenote_note":"","_monsterinsights_sitenote_category":0,"footnotes":""},"categories":[3],"tags":[7128,7127],"class_list":["post"],"yoast_head":" \n<title>Sonora en Equipo. Asesor de la OMS vincula viruela del mono a fiestas del orgullo gay MUNDO<\/title>\n<meta name=\"description\" content=\"Asesor de la OMS vincula viruela del mono a fiestas del orgullo gay Un destacado experto y asesor de la Organizaci\u00f3n Mundial de la Salud (OMS) asegur\u00f3 que En Sonora en Equipo publicamos toda la informaci\u00f3n de Sonora, M\u00e9xico y el Mundo de manera oportuna y busca que la libertad de expresi\u00f3n sea real. Visita nuestro medio informativo publicado desde Hermosillo, Sonora. %\" \/>\n<meta name=\"robots\" content=\"index, follow, max-snippet:-1, max-image-preview:large, max-video-preview:-1\" \/>\n<link rel=\"canonical\" href=\"https:\/\/www.sonoraenequipo.com.mx\/asesor-de-la-oms-vincula-viruela-del-mono-a-fiestas-del-orgullo-gay\/\" \/>\n<meta property=\"og:locale\" content=\"es_ES\" \/>\n<meta property=\"og:type\" content=\"article\" \/>\n<meta property=\"og:title\" content=\"Sonora en Equipo. Asesor de la OMS vincula viruela del mono a fiestas del orgullo gay MUNDO\" \/>\n<meta property=\"og:description\" content=\"Asesor de la OMS vincula viruela del mono a fiestas del orgullo gay Un destacado experto y asesor de la Organizaci\u00f3n Mundial de la Salud (OMS) asegur\u00f3 que En Sonora en Equipo publicamos toda la informaci\u00f3n de Sonora, M\u00e9xico y el Mundo de manera oportuna y busca que la libertad de expresi\u00f3n sea real. Visita nuestro medio informativo publicado desde Hermosillo, Sonora. %\" \/>\n<meta property=\"og:url\" content=\"https:\/\/www.sonoraenequipo.com.mx\/asesor-de-la-oms-vincula-viruela-del-mono-a-fiestas-del-orgullo-gay\/\" \/>\n<meta property=\"og:site_name\" content=\"Sonora en Equipo.\" \/>\n<meta property=\"article:publisher\" content=\"https:\/\/www.facebook.com\/SonoraEE\/\" \/>\n<meta property=\"article:author\" content=\"https:\/\/www.facebook.com\/SonoraEE\" \/>\n<meta property=\"article:published_time\" content=\"2022-05-26T02:03:17+00:00\" \/>\n<meta property=\"og:image\" content=\"https:\/\/www.sonoraenequipo.com.mx\/storage\/2022\/05\/bandera-gay.jpg\" \/>\n\t<meta property=\"og:image:width\" content=\"700\" \/>\n\t<meta property=\"og:image:height\" content=\"400\" \/>\n\t<meta property=\"og:image:type\" content=\"image\/jpeg\" \/>\n<meta name=\"author\" content=\"enequipo\" \/>\n<meta name=\"twitter:card\" content=\"summary_large_image\" \/>\n<meta name=\"twitter:creator\" content=\"@sonoraenequipo\" \/>\n<meta name=\"twitter:site\" content=\"@sonoraenequipo\" \/>\n<meta name=\"twitter:label1\" content=\"Escrito por\" \/>\n\t<meta name=\"twitter:data1\" content=\"enequipo\" \/>\n\t<meta name=\"twitter:label2\" content=\"Tiempo de lectura\" \/>\n\t<meta name=\"twitter:data2\" content=\"3 minutos\" \/>\n<script type=\"application\/ld+json\" class=\"yoast-schema-graph\">{\"@context\":\"https:\/\/schema.org\",\"@graph\":[{\"@type\":\"Article\",\"@id\":\"https:\/\/www.sonoraenequipo.com.mx\/asesor-de-la-oms-vincula-viruela-del-mono-a-fiestas-del-orgullo-gay\/#article\",\"isPartOf\":{\"@id\":\"https:\/\/www.sonoraenequipo.com.mx\/asesor-de-la-oms-vincula-viruela-del-mono-a-fiestas-del-orgullo-gay\/\"},\"author\":{\"name\":\"enequipo\",\"@id\":\"https:\/\/www.sonoraenequipo.com.mx\/#\/schema\/person\/50102df0fb23a8fa9e8effad8fa81386\"},\"headline\":\"Asesor de la OMS vincula viruela del mono a fiestas del orgullo gay\",\"datePublished\":\"2022-05-26T02:03:17+00:00\",\"mainEntityOfPage\":{\"@id\":\"https:\/\/www.sonoraenequipo.com.mx\/asesor-de-la-oms-vincula-viruela-del-mono-a-fiestas-del-orgullo-gay\/\"},\"wordCount\":554,\"commentCount\":0,\"publisher\":{\"@id\":\"https:\/\/www.sonoraenequipo.com.mx\/#organization\"},\"image\":{\"@id\":\"https:\/\/www.sonoraenequipo.com.mx\/asesor-de-la-oms-vincula-viruela-del-mono-a-fiestas-del-orgullo-gay\/#primaryimage\"},\"thumbnailUrl\":\"https:\/\/www.sonoraenequipo.com.mx\/storage\/2022\/05\/bandera-gay.jpg\",\"keywords\":[\"mono\",\"viruela\"],\"articleSection\":[\"MUNDO\"],\"inLanguage\":\"es\",\"potentialAction\":[{\"@type\":\"CommentAction\",\"name\":\"Comment\",\"target\":[\"https:\/\/www.sonoraenequipo.com.mx\/asesor-de-la-oms-vincula-viruela-del-mono-a-fiestas-del-orgullo-gay\/#respond\"]}]},{\"@type\":\"WebPage\",\"@id\":\"https:\/\/www.sonoraenequipo.com.mx\/asesor-de-la-oms-vincula-viruela-del-mono-a-fiestas-del-orgullo-gay\/\",\"url\":\"https:\/\/www.sonoraenequipo.com.mx\/asesor-de-la-oms-vincula-viruela-del-mono-a-fiestas-del-orgullo-gay\/\",\"name\":\"Sonora en Equipo. Asesor de la OMS vincula viruela del mono a fiestas del orgullo gay MUNDO\",\"isPartOf\":{\"@id\":\"https:\/\/www.sonoraenequipo.com.mx\/#website\"},\"primaryImageOfPage\":{\"@id\":\"https:\/\/www.sonoraenequipo.com.mx\/asesor-de-la-oms-vincula-viruela-del-mono-a-fiestas-del-orgullo-gay\/#primaryimage\"},\"image\":{\"@id\":\"https:\/\/www.sonoraenequipo.com.mx\/asesor-de-la-oms-vincula-viruela-del-mono-a-fiestas-del-orgullo-gay\/#primaryimage\"},\"thumbnailUrl\":\"https:\/\/www.sonoraenequipo.com.mx\/storage\/2022\/05\/bandera-gay.jpg\",\"datePublished\":\"2022-05-26T02:03:17+00:00\",\"description\":\"Asesor de la OMS vincula viruela del mono a fiestas del orgullo gay Un destacado experto y asesor de la Organizaci\u00f3n Mundial de la Salud (OMS) asegur\u00f3 que En Sonora en Equipo publicamos toda la informaci\u00f3n de Sonora, M\u00e9xico y el Mundo de manera oportuna y busca que la libertad de expresi\u00f3n sea real. Visita nuestro medio informativo publicado desde Hermosillo, Sonora. %\",\"breadcrumb\":{\"@id\":\"https:\/\/www.sonoraenequipo.com.mx\/asesor-de-la-oms-vincula-viruela-del-mono-a-fiestas-del-orgullo-gay\/#breadcrumb\"},\"inLanguage\":\"es\",\"potentialAction\":[{\"@type\":\"ReadAction\",\"target\":[\"https:\/\/www.sonoraenequipo.com.mx\/asesor-de-la-oms-vincula-viruela-del-mono-a-fiestas-del-orgullo-gay\/\"]}]},{\"@type\":\"ImageObject\",\"inLanguage\":\"es\",\"@id\":\"https:\/\/www.sonoraenequipo.com.mx\/asesor-de-la-oms-vincula-viruela-del-mono-a-fiestas-del-orgullo-gay\/#primaryimage\",\"url\":\"https:\/\/www.sonoraenequipo.com.mx\/storage\/2022\/05\/bandera-gay.jpg\",\"contentUrl\":\"https:\/\/www.sonoraenequipo.com.mx\/storage\/2022\/05\/bandera-gay.jpg\",\"width\":700,\"height\":400},{\"@type\":\"BreadcrumbList\",\"@id\":\"https:\/\/www.sonoraenequipo.com.mx\/asesor-de-la-oms-vincula-viruela-del-mono-a-fiestas-del-orgullo-gay\/#breadcrumb\",\"itemListElement\":[{\"@type\":\"ListItem\",\"position\":1,\"name\":\"Portada\",\"item\":\"https:\/\/www.sonoraenequipo.com.mx\/\"},{\"@type\":\"ListItem\",\"position\":2,\"name\":\"Asesor de la OMS vincula viruela del mono a fiestas del orgullo gay\"}]},{\"@type\":\"WebSite\",\"@id\":\"https:\/\/www.sonoraenequipo.com.mx\/#website\",\"url\":\"https:\/\/www.sonoraenequipo.com.mx\/\",\"name\":\"Sonora en Equipo.\",\"description\":\"Diario en l\u00ednea con Noticias desde Hermosillo, Sonora\",\"publisher\":{\"@id\":\"https:\/\/www.sonoraenequipo.com.mx\/#organization\"},\"potentialAction\":[{\"@type\":\"SearchAction\",\"target\":{\"@type\":\"EntryPoint\",\"urlTemplate\":\"https:\/\/www.sonoraenequipo.com.mx\/?s={search_term_string}\"},\"query-input\":{\"@type\":\"PropertyValueSpecification\",\"valueRequired\":true,\"valueName\":\"search_term_string\"}}],\"inLanguage\":\"es\"},{\"@type\":\"Organization\",\"@id\":\"https:\/\/www.sonoraenequipo.com.mx\/#organization\",\"name\":\"Sonoraenequipo.com.mx\",\"url\":\"https:\/\/www.sonoraenequipo.com.mx\/\",\"logo\":{\"@type\":\"ImageObject\",\"inLanguage\":\"es\",\"@id\":\"https:\/\/www.sonoraenequipo.com.mx\/#\/schema\/logo\/image\/\",\"url\":\"https:\/\/www.sonoraenequipo.com.mx\/storage\/2019\/01\/sonoraenequipo_opt.png\",\"contentUrl\":\"https:\/\/www.sonoraenequipo.com.mx\/storage\/2019\/01\/sonoraenequipo_opt.png\",\"width\":375,\"height\":125,\"caption\":\"Sonoraenequipo.com.mx\"},\"image\":{\"@id\":\"https:\/\/www.sonoraenequipo.com.mx\/#\/schema\/logo\/image\/\"},\"sameAs\":[\"https:\/\/www.facebook.com\/SonoraEE\/\",\"https:\/\/x.com\/sonoraenequipo\",\"https:\/\/www.youtube.com\/channel\/UC338nW-lPEYmJQs4ZABQ1SQ\"]},{\"@type\":\"Person\",\"@id\":\"https:\/\/www.sonoraenequipo.com.mx\/#\/schema\/person\/50102df0fb23a8fa9e8effad8fa81386\",\"name\":\"enequipo\",\"image\":{\"@type\":\"ImageObject\",\"inLanguage\":\"es\",\"@id\":\"https:\/\/www.sonoraenequipo.com.mx\/#\/schema\/person\/image\/\",\"url\":\"https:\/\/secure.gravatar.com\/avatar\/049821681b589dabc0bc20695993ccebb09f5b5d4d790cd9251b97faac7c652b?s=96&d=blank&r=g\",\"contentUrl\":\"https:\/\/secure.gravatar.com\/avatar\/049821681b589dabc0bc20695993ccebb09f5b5d4d790cd9251b97faac7c652b?s=96&d=blank&r=g\",\"caption\":\"enequipo\"},\"sameAs\":[\"https:\/\/www.facebook.com\/SonoraEE\"]}]}<\/script>\n ","yoast_head_json":{"title":"Sonora en Equipo. Asesor de la OMS vincula viruela del mono a fiestas del orgullo gay MUNDO","description":"Asesor de la OMS vincula viruela del mono a fiestas del orgullo gay Un destacado experto y asesor de la Organizaci\u00f3n Mundial de la Salud (OMS) asegur\u00f3 que En Sonora en Equipo publicamos toda la informaci\u00f3n de Sonora, M\u00e9xico y el Mundo de manera oportuna y busca que la libertad de expresi\u00f3n sea real. Visita nuestro medio informativo publicado desde Hermosillo, Sonora. %","robots":{"index":"index","follow":"follow","max-snippet":"max-snippet:-1","max-image-preview":"max-image-preview:large","max-video-preview":"max-video-preview:-1"},"canonical":"https:\/\/www.sonoraenequipo.com.mx\/asesor-de-la-oms-vincula-viruela-del-mono-a-fiestas-del-orgullo-gay\/","og_locale":"es_ES","og_type":"article","og_title":"Sonora en Equipo. Asesor de la OMS vincula viruela del mono a fiestas del orgullo gay MUNDO","og_description":"Asesor de la OMS vincula viruela del mono a fiestas del orgullo gay Un destacado experto y asesor de la Organizaci\u00f3n Mundial de la Salud (OMS) asegur\u00f3 que En Sonora en Equipo publicamos toda la informaci\u00f3n de Sonora, M\u00e9xico y el Mundo de manera oportuna y busca que la libertad de expresi\u00f3n sea real. Visita nuestro medio informativo publicado desde Hermosillo, Sonora. %","og_url":"https:\/\/www.sonoraenequipo.com.mx\/asesor-de-la-oms-vincula-viruela-del-mono-a-fiestas-del-orgullo-gay\/","og_site_name":"Sonora en Equipo.","article_publisher":"https:\/\/www.facebook.com\/SonoraEE\/","article_author":"https:\/\/www.facebook.com\/SonoraEE","article_published_time":"2022-05-26T02:03:17+00:00","og_image":[{"width":700,"height":400,"url":"https:\/\/www.sonoraenequipo.com.mx\/storage\/2022\/05\/bandera-gay.jpg","type":"image\/jpeg"}],"author":"enequipo","twitter_card":"summary_large_image","twitter_creator":"@sonoraenequipo","twitter_site":"@sonoraenequipo","twitter_misc":{"Escrito por":"enequipo","Tiempo de lectura":"3 minutos"},"schema":{"@context":"https:\/\/schema.org","@graph":[{"@type":"Article","@id":"https:\/\/www.sonoraenequipo.com.mx\/asesor-de-la-oms-vincula-viruela-del-mono-a-fiestas-del-orgullo-gay\/#article","isPartOf":{"@id":"https:\/\/www.sonoraenequipo.com.mx\/asesor-de-la-oms-vincula-viruela-del-mono-a-fiestas-del-orgullo-gay\/"},"author":{"name":"enequipo","@id":"https:\/\/www.sonoraenequipo.com.mx\/#\/schema\/person\/50102df0fb23a8fa9e8effad8fa81386"},"headline":"Asesor de la OMS vincula viruela del mono a fiestas del orgullo gay","datePublished":"2022-05-26T02:03:17+00:00","mainEntityOfPage":{"@id":"https:\/\/www.sonoraenequipo.com.mx\/asesor-de-la-oms-vincula-viruela-del-mono-a-fiestas-del-orgullo-gay\/"},"wordCount":554,"commentCount":0,"publisher":{"@id":"https:\/\/www.sonoraenequipo.com.mx\/#organization"},"image":{"@id":"https:\/\/www.sonoraenequipo.com.mx\/asesor-de-la-oms-vincula-viruela-del-mono-a-fiestas-del-orgullo-gay\/#primaryimage"},"thumbnailUrl":"https:\/\/www.sonoraenequipo.com.mx\/storage\/2022\/05\/bandera-gay.jpg","keywords":["mono","viruela"],"articleSection":["MUNDO"],"inLanguage":"es","potentialAction":[{"@type":"CommentAction","name":"Comment","target":["https:\/\/www.sonoraenequipo.com.mx\/asesor-de-la-oms-vincula-viruela-del-mono-a-fiestas-del-orgullo-gay\/#respond"]}]},{"@type":"WebPage","@id":"https:\/\/www.sonoraenequipo.com.mx\/asesor-de-la-oms-vincula-viruela-del-mono-a-fiestas-del-orgullo-gay\/","url":"https:\/\/www.sonoraenequipo.com.mx\/asesor-de-la-oms-vincula-viruela-del-mono-a-fiestas-del-orgullo-gay\/","name":"Sonora en Equipo. Asesor de la OMS vincula viruela del mono a fiestas del orgullo gay MUNDO","isPartOf":{"@id":"https:\/\/www.sonoraenequipo.com.mx\/#website"},"primaryImageOfPage":{"@id":"https:\/\/www.sonoraenequipo.com.mx\/asesor-de-la-oms-vincula-viruela-del-mono-a-fiestas-del-orgullo-gay\/#primaryimage"},"image":{"@id":"https:\/\/www.sonoraenequipo.com.mx\/asesor-de-la-oms-vincula-viruela-del-mono-a-fiestas-del-orgullo-gay\/#primaryimage"},"thumbnailUrl":"https:\/\/www.sonoraenequipo.com.mx\/storage\/2022\/05\/bandera-gay.jpg","datePublished":"2022-05-26T02:03:17+00:00","description":"Asesor de la OMS vincula viruela del mono a fiestas del orgullo gay Un destacado experto y asesor de la Organizaci\u00f3n Mundial de la Salud (OMS) asegur\u00f3 que En Sonora en Equipo publicamos toda la informaci\u00f3n de Sonora, M\u00e9xico y el Mundo de manera oportuna y busca que la libertad de expresi\u00f3n sea real. Visita nuestro medio informativo publicado desde Hermosillo, Sonora. %","breadcrumb":{"@id":"https:\/\/www.sonoraenequipo.com.mx\/asesor-de-la-oms-vincula-viruela-del-mono-a-fiestas-del-orgullo-gay\/#breadcrumb"},"inLanguage":"es","potentialAction":[{"@type":"ReadAction","target":["https:\/\/www.sonoraenequipo.com.mx\/asesor-de-la-oms-vincula-viruela-del-mono-a-fiestas-del-orgullo-gay\/"]}]},{"@type":"ImageObject","inLanguage":"es","@id":"https:\/\/www.sonoraenequipo.com.mx\/asesor-de-la-oms-vincula-viruela-del-mono-a-fiestas-del-orgullo-gay\/#primaryimage","url":"https:\/\/www.sonoraenequipo.com.mx\/storage\/2022\/05\/bandera-gay.jpg","contentUrl":"https:\/\/www.sonoraenequipo.com.mx\/storage\/2022\/05\/bandera-gay.jpg","width":700,"height":400},{"@type":"BreadcrumbList","@id":"https:\/\/www.sonoraenequipo.com.mx\/asesor-de-la-oms-vincula-viruela-del-mono-a-fiestas-del-orgullo-gay\/#breadcrumb","itemListElement":[{"@type":"ListItem","position":1,"name":"Portada","item":"https:\/\/www.sonoraenequipo.com.mx\/"},{"@type":"ListItem","position":2,"name":"Asesor de la OMS vincula viruela del mono a fiestas del orgullo gay"}]},{"@type":"WebSite","@id":"https:\/\/www.sonoraenequipo.com.mx\/#website","url":"https:\/\/www.sonoraenequipo.com.mx\/","name":"Sonora en Equipo.","description":"Diario en l\u00ednea con Noticias desde Hermosillo, Sonora","publisher":{"@id":"https:\/\/www.sonoraenequipo.com.mx\/#organization"},"potentialAction":[{"@type":"SearchAction","target":{"@type":"EntryPoint","urlTemplate":"https:\/\/www.sonoraenequipo.com.mx\/?s={search_term_string}"},"query-input":{"@type":"PropertyValueSpecification","valueRequired":true,"valueName":"search_term_string"}}],"inLanguage":"es"},{"@type":"Organization","@id":"https:\/\/www.sonoraenequipo.com.mx\/#organization","name":"Sonoraenequipo.com.mx","url":"https:\/\/www.sonoraenequipo.com.mx\/","logo":{"@type":"ImageObject","inLanguage":"es","@id":"https:\/\/www.sonoraenequipo.com.mx\/#\/schema\/logo\/image\/","url":"https:\/\/www.sonoraenequipo.com.mx\/storage\/2019\/01\/sonoraenequipo_opt.png","contentUrl":"https:\/\/www.sonoraenequipo.com.mx\/storage\/2019\/01\/sonoraenequipo_opt.png","width":375,"height":125,"caption":"Sonoraenequipo.com.mx"},"image":{"@id":"https:\/\/www.sonoraenequipo.com.mx\/#\/schema\/logo\/image\/"},"sameAs":["https:\/\/www.facebook.com\/SonoraEE\/","https:\/\/x.com\/sonoraenequipo","https:\/\/www.youtube.com\/channel\/UC338nW-lPEYmJQs4ZABQ1SQ"]},{"@type":"Person","@id":"https:\/\/www.sonoraenequipo.com.mx\/#\/schema\/person\/50102df0fb23a8fa9e8effad8fa81386","name":"enequipo","image":{"@type":"ImageObject","inLanguage":"es","@id":"https:\/\/www.sonoraenequipo.com.mx\/#\/schema\/person\/image\/","url":"https:\/\/secure.gravatar.com\/avatar\/049821681b589dabc0bc20695993ccebb09f5b5d4d790cd9251b97faac7c652b?s=96&d=blank&r=g","contentUrl":"https:\/\/secure.gravatar.com\/avatar\/049821681b589dabc0bc20695993ccebb09f5b5d4d790cd9251b97faac7c652b?s=96&d=blank&r=g","caption":"enequipo"},"sameAs":["https:\/\/www.facebook.com\/SonoraEE"]}]}},"jetpack_featured_media_url":"https:\/\/www.sonoraenequipo.com.mx\/storage\/2022\/05\/bandera-gay.jpg","_links":{"self":[{"href":"https:\/\/www.sonoraenequipo.com.mx\/api\/wp\/v2\/posts\/139145","targetHints":{"allow":["GET"]}}],"collection":[{"href":"https:\/\/www.sonoraenequipo.com.mx\/api\/wp\/v2\/posts"}],"about":[{"href":"https:\/\/www.sonoraenequipo.com.mx\/api\/wp\/v2\/types\/post"}],"author":[{"embeddable":true,"href":"https:\/\/www.sonoraenequipo.com.mx\/api\/wp\/v2\/users\/1"}],"replies":[{"embeddable":true,"href":"https:\/\/www.sonoraenequipo.com.mx\/api\/wp\/v2\/comments?post=139145"}],"version-history":[{"count":1,"href":"https:\/\/www.sonoraenequipo.com.mx\/api\/wp\/v2\/posts\/139145\/revisions"}],"predecessor-version":[{"id":139147,"href":"https:\/\/www.sonoraenequipo.com.mx\/api\/wp\/v2\/posts\/139145\/revisions\/139147"}],"wp:featuredmedia":[{"embeddable":true,"href":"https:\/\/www.sonoraenequipo.com.mx\/api\/wp\/v2\/media\/139146"}],"wp:attachment":[{"href":"https:\/\/www.sonoraenequipo.com.mx\/api\/wp\/v2\/media?parent=139145"}],"wp:term":[{"taxonomy":"category","embeddable":true,"href":"https:\/\/www.sonoraenequipo.com.mx\/api\/wp\/v2\/categories?post=139145"},{"taxonomy":"post_tag","embeddable":true,"href":"https:\/\/www.sonoraenequipo.com.mx\/api\/wp\/v2\/tags?post=139145"}],"curies":[{"name":"wp","href":"https:\/\/api.w.org\/{rel}","templated":true}]}}