{"id":139151,"date":"2022-05-25T20:13:12","date_gmt":"2022-05-26T03:13:12","guid":{"rendered":"https:\/\/www.sonoraenequipo.com.mx\/?p=139151"},"modified":"2022-05-25T20:13:12","modified_gmt":"2022-05-26T03:13:12","slug":"temporada-de-huracanes-en-el-pacifico-sera-inferior-a-la-normal-pronostica-la-noaa","status":"publish","type":"post","link":"https:\/\/www.sonoraenequipo.com.mx\/temporada-de-huracanes-en-el-pacifico-sera-inferior-a-la-normal-pronostica-la-noaa\/","title":{"rendered":"Temporada de huracanes en el Pac\u00edfico Ser\u00e1 inferior a la normal, pronostica la NOAA"},"content":{"rendered":"<p>Temporada de huracanes en el Pac\u00edfico Ser\u00e1 inferior a la normal, pronostica la NOAA<br \/>\nLos pron\u00f3sticos del Centro de Predicci\u00f3n Clim\u00e1tica de la NOAA (Administraci\u00f3n Nacional Oce\u00e1nica y de la Atmosfera) (por sus siglas en ingl\u00e9s), una divisi\u00f3n del Servicio Meteorol\u00f3gico Nacional, de Estados Unidos, inform\u00f3 que hay hay un 60% de probabilidades de que la actividad de los ciclones tropicales durante la temporada de huracanes del Pac\u00edfico Central sea inferior a la normal este a\u00f1o.<br \/>\nLa perspectiva tambi\u00e9n indica un 30% de probabilidad de actividad casi normal, y s\u00f3lo un 10% de probabilidad de una temporada por encima de lo normal.<\/p>\n<p>Para el conjunto de la temporada, se prev\u00e9n de 2 a 4 ciclones tropicales en la regi\u00f3n de los huracanes del Pac\u00edfico central, situada al norte del ecuador entre los 140\u00b0W y la l\u00ednea internacional de la fecha. Este n\u00famero incluye depresiones tropicales, tormentas con nombre y huracanes. Una temporada casi normal tiene 4 o 5 ciclones tropicales.<\/p>\n<p>\u00abEste a\u00f1o prevemos una menor actividad en la regi\u00f3n del Pac\u00edfico Central en comparaci\u00f3n con las temporadas normales\u00bb, dijo Matthew Rosencrans, principal pronosticador estacional de huracanes de la NOAA en el Centro de Predicci\u00f3n del Clima. \u00abEs probable que elactual fen\u00f3meno de La Ni\u00f1a provoque una fuerte cizalladura(1)<br \/>\nvertical del viento que dificulte el desarrollo de los huracanes o su desplazamiento hacia el Oc\u00e9ano Pac\u00edfico Central\u00bb.<br \/>\nLa temporada de huracanes en el Pac\u00edfico Central comienza el 1 de junio y se extiende hasta el 30 de noviembre.<br \/>\nPreste atenci\u00f3n a los consejos de los funcionarios de seguridad p\u00fablica. Haga un plan de preparaci\u00f3n y comun\u00edquelo a sus amigos y familiares. Juntos, podemos hacer que nuestras comunidades est\u00e9n m\u00e1s preparadas para el clima y sean m\u00e1s resistentes\u00bb. El Centro de Huracanes del Pac\u00edfico Central vigila continuamente las condiciones meteorol\u00f3gicas, empleando una red de sat\u00e9lites, sensores terrestres y oce\u00e1nicos y misiones de reconocimiento a\u00e9reo operadas por la NOAA y sus socios. Este conjunto de datos suministra la informaci\u00f3n para la compleja modelizaci\u00f3n inform\u00e1tica y la experiencia humana, que son la base de las previsiones de trayectoria e intensidad de las tormentas del Centro. Estas previsiones se ponen a disposici\u00f3n del p\u00fablico y de los medios de comunicaci\u00f3n, y ayudan a proporcionar servicios de apoyo a la toma de decisiones a los gestores de emergencias a nivel federal, estatal y municipal.<br \/>\n(1) cizalladura del viento:<br \/>\nConsiste en un cambio brusco en la direcci\u00f3n o la velocidad del viento y puede tener lugar en cualquier nivel de la atm\u00f3sfera. Cuando ocurre cerca del suelo, donde el avi\u00f3n no lleva tanta velocidad, puede suponer un problema para mantener el control del avi\u00f3n durante las fases de despegue y aterrizaje.<br \/>\nFecha de publicaci\u00f3n mi\u00e9rcoles 25 de mayo de 2022<\/p>\n","protected":false},"excerpt":{"rendered":"<p>Temporada de huracanes en el Pac\u00edfico Ser\u00e1 inferior a la normal, pronostica la NOAA Los&#8230;<\/p>\n","protected":false},"author":1,"featured_media":42039,"comment_status":"open","ping_status":"open","sticky":false,"template":"","format":"standard","meta":{"_monsterinsights_skip_tracking":false,"_monsterinsights_sitenote_active":false,"_monsterinsights_sitenote_note":"","_monsterinsights_sitenote_category":0,"footnotes":""},"categories":[5],"tags":[175],"class_list":["post"],"yoast_head":" \n<title>Sonora en Equipo. Temporada de huracanes en el Pac\u00edfico Ser\u00e1 inferior a la normal, pronostica la NOAA Rep\u00fablica<\/title>\n<meta name=\"description\" content=\"Temporada de huracanes en el Pac\u00edfico Ser\u00e1 inferior a la normal, pronostica la NOAA Los pron\u00f3sticos del Centro de Predicci\u00f3n Clim\u00e1tica de la NOAA En Sonora en Equipo publicamos toda la informaci\u00f3n de Sonora, M\u00e9xico y el Mundo de manera oportuna y busca que la libertad de expresi\u00f3n sea real. Visita nuestro medio informativo publicado desde Hermosillo, Sonora. %\" \/>\n<meta name=\"robots\" content=\"index, follow, max-snippet:-1, max-image-preview:large, max-video-preview:-1\" \/>\n<link rel=\"canonical\" href=\"https:\/\/www.sonoraenequipo.com.mx\/temporada-de-huracanes-en-el-pacifico-sera-inferior-a-la-normal-pronostica-la-noaa\/\" \/>\n<meta property=\"og:locale\" content=\"es_ES\" \/>\n<meta property=\"og:type\" content=\"article\" \/>\n<meta property=\"og:title\" content=\"Sonora en Equipo. Temporada de huracanes en el Pac\u00edfico Ser\u00e1 inferior a la normal, pronostica la NOAA Rep\u00fablica\" \/>\n<meta property=\"og:description\" content=\"Temporada de huracanes en el Pac\u00edfico Ser\u00e1 inferior a la normal, pronostica la NOAA Los pron\u00f3sticos del Centro de Predicci\u00f3n Clim\u00e1tica de la NOAA En Sonora en Equipo publicamos toda la informaci\u00f3n de Sonora, M\u00e9xico y el Mundo de manera oportuna y busca que la libertad de expresi\u00f3n sea real. Visita nuestro medio informativo publicado desde Hermosillo, Sonora. %\" \/>\n<meta property=\"og:url\" content=\"https:\/\/www.sonoraenequipo.com.mx\/temporada-de-huracanes-en-el-pacifico-sera-inferior-a-la-normal-pronostica-la-noaa\/\" \/>\n<meta property=\"og:site_name\" content=\"Sonora en Equipo.\" \/>\n<meta property=\"article:publisher\" content=\"https:\/\/www.facebook.com\/SonoraEE\/\" \/>\n<meta property=\"article:author\" content=\"https:\/\/www.facebook.com\/SonoraEE\" \/>\n<meta property=\"article:published_time\" content=\"2022-05-26T03:13:12+00:00\" \/>\n<meta property=\"og:image\" content=\"https:\/\/www.sonoraenequipo.com.mx\/storage\/2018\/08\/formaciondehuracan_opt.jpg\" \/>\n\t<meta property=\"og:image:width\" content=\"711\" \/>\n\t<meta property=\"og:image:height\" content=\"400\" \/>\n\t<meta property=\"og:image:type\" content=\"image\/jpeg\" \/>\n<meta name=\"author\" content=\"enequipo\" \/>\n<meta name=\"twitter:card\" content=\"summary_large_image\" \/>\n<meta name=\"twitter:creator\" content=\"@sonoraenequipo\" \/>\n<meta name=\"twitter:site\" content=\"@sonoraenequipo\" \/>\n<meta name=\"twitter:label1\" content=\"Escrito por\" \/>\n\t<meta name=\"twitter:data1\" content=\"enequipo\" \/>\n\t<meta name=\"twitter:label2\" content=\"Tiempo de lectura\" \/>\n\t<meta name=\"twitter:data2\" content=\"2 minutos\" \/>\n<script type=\"application\/ld+json\" class=\"yoast-schema-graph\">{\"@context\":\"https:\/\/schema.org\",\"@graph\":[{\"@type\":\"Article\",\"@id\":\"https:\/\/www.sonoraenequipo.com.mx\/temporada-de-huracanes-en-el-pacifico-sera-inferior-a-la-normal-pronostica-la-noaa\/#article\",\"isPartOf\":{\"@id\":\"https:\/\/www.sonoraenequipo.com.mx\/temporada-de-huracanes-en-el-pacifico-sera-inferior-a-la-normal-pronostica-la-noaa\/\"},\"author\":{\"name\":\"enequipo\",\"@id\":\"https:\/\/www.sonoraenequipo.com.mx\/#\/schema\/person\/50102df0fb23a8fa9e8effad8fa81386\"},\"headline\":\"Temporada de huracanes en el Pac\u00edfico Ser\u00e1 inferior a la normal, pronostica la NOAA\",\"datePublished\":\"2022-05-26T03:13:12+00:00\",\"mainEntityOfPage\":{\"@id\":\"https:\/\/www.sonoraenequipo.com.mx\/temporada-de-huracanes-en-el-pacifico-sera-inferior-a-la-normal-pronostica-la-noaa\/\"},\"wordCount\":508,\"commentCount\":0,\"publisher\":{\"@id\":\"https:\/\/www.sonoraenequipo.com.mx\/#organization\"},\"image\":{\"@id\":\"https:\/\/www.sonoraenequipo.com.mx\/temporada-de-huracanes-en-el-pacifico-sera-inferior-a-la-normal-pronostica-la-noaa\/#primaryimage\"},\"thumbnailUrl\":\"https:\/\/www.sonoraenequipo.com.mx\/storage\/2018\/08\/formaciondehuracan_opt.jpg\",\"keywords\":[\"huracanes\"],\"articleSection\":[\"Rep\u00fablica\"],\"inLanguage\":\"es\",\"potentialAction\":[{\"@type\":\"CommentAction\",\"name\":\"Comment\",\"target\":[\"https:\/\/www.sonoraenequipo.com.mx\/temporada-de-huracanes-en-el-pacifico-sera-inferior-a-la-normal-pronostica-la-noaa\/#respond\"]}]},{\"@type\":\"WebPage\",\"@id\":\"https:\/\/www.sonoraenequipo.com.mx\/temporada-de-huracanes-en-el-pacifico-sera-inferior-a-la-normal-pronostica-la-noaa\/\",\"url\":\"https:\/\/www.sonoraenequipo.com.mx\/temporada-de-huracanes-en-el-pacifico-sera-inferior-a-la-normal-pronostica-la-noaa\/\",\"name\":\"Sonora en Equipo. Temporada de huracanes en el Pac\u00edfico Ser\u00e1 inferior a la normal, pronostica la NOAA Rep\u00fablica\",\"isPartOf\":{\"@id\":\"https:\/\/www.sonoraenequipo.com.mx\/#website\"},\"primaryImageOfPage\":{\"@id\":\"https:\/\/www.sonoraenequipo.com.mx\/temporada-de-huracanes-en-el-pacifico-sera-inferior-a-la-normal-pronostica-la-noaa\/#primaryimage\"},\"image\":{\"@id\":\"https:\/\/www.sonoraenequipo.com.mx\/temporada-de-huracanes-en-el-pacifico-sera-inferior-a-la-normal-pronostica-la-noaa\/#primaryimage\"},\"thumbnailUrl\":\"https:\/\/www.sonoraenequipo.com.mx\/storage\/2018\/08\/formaciondehuracan_opt.jpg\",\"datePublished\":\"2022-05-26T03:13:12+00:00\",\"description\":\"Temporada de huracanes en el Pac\u00edfico Ser\u00e1 inferior a la normal, pronostica la NOAA Los pron\u00f3sticos del Centro de Predicci\u00f3n Clim\u00e1tica de la NOAA En Sonora en Equipo publicamos toda la informaci\u00f3n de Sonora, M\u00e9xico y el Mundo de manera oportuna y busca que la libertad de expresi\u00f3n sea real. Visita nuestro medio informativo publicado desde Hermosillo, Sonora. %\",\"breadcrumb\":{\"@id\":\"https:\/\/www.sonoraenequipo.com.mx\/temporada-de-huracanes-en-el-pacifico-sera-inferior-a-la-normal-pronostica-la-noaa\/#breadcrumb\"},\"inLanguage\":\"es\",\"potentialAction\":[{\"@type\":\"ReadAction\",\"target\":[\"https:\/\/www.sonoraenequipo.com.mx\/temporada-de-huracanes-en-el-pacifico-sera-inferior-a-la-normal-pronostica-la-noaa\/\"]}]},{\"@type\":\"ImageObject\",\"inLanguage\":\"es\",\"@id\":\"https:\/\/www.sonoraenequipo.com.mx\/temporada-de-huracanes-en-el-pacifico-sera-inferior-a-la-normal-pronostica-la-noaa\/#primaryimage\",\"url\":\"https:\/\/www.sonoraenequipo.com.mx\/storage\/2018\/08\/formaciondehuracan_opt.jpg\",\"contentUrl\":\"https:\/\/www.sonoraenequipo.com.mx\/storage\/2018\/08\/formaciondehuracan_opt.jpg\",\"width\":711,\"height\":400},{\"@type\":\"BreadcrumbList\",\"@id\":\"https:\/\/www.sonoraenequipo.com.mx\/temporada-de-huracanes-en-el-pacifico-sera-inferior-a-la-normal-pronostica-la-noaa\/#breadcrumb\",\"itemListElement\":[{\"@type\":\"ListItem\",\"position\":1,\"name\":\"Portada\",\"item\":\"https:\/\/www.sonoraenequipo.com.mx\/\"},{\"@type\":\"ListItem\",\"position\":2,\"name\":\"Temporada de huracanes en el Pac\u00edfico Ser\u00e1 inferior a la normal, pronostica la NOAA\"}]},{\"@type\":\"WebSite\",\"@id\":\"https:\/\/www.sonoraenequipo.com.mx\/#website\",\"url\":\"https:\/\/www.sonoraenequipo.com.mx\/\",\"name\":\"Sonora en Equipo.\",\"description\":\"Diario en l\u00ednea con Noticias desde Hermosillo, Sonora\",\"publisher\":{\"@id\":\"https:\/\/www.sonoraenequipo.com.mx\/#organization\"},\"potentialAction\":[{\"@type\":\"SearchAction\",\"target\":{\"@type\":\"EntryPoint\",\"urlTemplate\":\"https:\/\/www.sonoraenequipo.com.mx\/?s={search_term_string}\"},\"query-input\":{\"@type\":\"PropertyValueSpecification\",\"valueRequired\":true,\"valueName\":\"search_term_string\"}}],\"inLanguage\":\"es\"},{\"@type\":\"Organization\",\"@id\":\"https:\/\/www.sonoraenequipo.com.mx\/#organization\",\"name\":\"Sonoraenequipo.com.mx\",\"url\":\"https:\/\/www.sonoraenequipo.com.mx\/\",\"logo\":{\"@type\":\"ImageObject\",\"inLanguage\":\"es\",\"@id\":\"https:\/\/www.sonoraenequipo.com.mx\/#\/schema\/logo\/image\/\",\"url\":\"https:\/\/www.sonoraenequipo.com.mx\/storage\/2019\/01\/sonoraenequipo_opt.png\",\"contentUrl\":\"https:\/\/www.sonoraenequipo.com.mx\/storage\/2019\/01\/sonoraenequipo_opt.png\",\"width\":375,\"height\":125,\"caption\":\"Sonoraenequipo.com.mx\"},\"image\":{\"@id\":\"https:\/\/www.sonoraenequipo.com.mx\/#\/schema\/logo\/image\/\"},\"sameAs\":[\"https:\/\/www.facebook.com\/SonoraEE\/\",\"https:\/\/x.com\/sonoraenequipo\",\"https:\/\/www.youtube.com\/channel\/UC338nW-lPEYmJQs4ZABQ1SQ\"]},{\"@type\":\"Person\",\"@id\":\"https:\/\/www.sonoraenequipo.com.mx\/#\/schema\/person\/50102df0fb23a8fa9e8effad8fa81386\",\"name\":\"enequipo\",\"image\":{\"@type\":\"ImageObject\",\"inLanguage\":\"es\",\"@id\":\"https:\/\/www.sonoraenequipo.com.mx\/#\/schema\/person\/image\/\",\"url\":\"https:\/\/secure.gravatar.com\/avatar\/049821681b589dabc0bc20695993ccebb09f5b5d4d790cd9251b97faac7c652b?s=96&d=blank&r=g\",\"contentUrl\":\"https:\/\/secure.gravatar.com\/avatar\/049821681b589dabc0bc20695993ccebb09f5b5d4d790cd9251b97faac7c652b?s=96&d=blank&r=g\",\"caption\":\"enequipo\"},\"sameAs\":[\"https:\/\/www.facebook.com\/SonoraEE\"]}]}<\/script>\n ","yoast_head_json":{"title":"Sonora en Equipo. Temporada de huracanes en el Pac\u00edfico Ser\u00e1 inferior a la normal, pronostica la NOAA Rep\u00fablica","description":"Temporada de huracanes en el Pac\u00edfico Ser\u00e1 inferior a la normal, pronostica la NOAA Los pron\u00f3sticos del Centro de Predicci\u00f3n Clim\u00e1tica de la NOAA En Sonora en Equipo publicamos toda la informaci\u00f3n de Sonora, M\u00e9xico y el Mundo de manera oportuna y busca que la libertad de expresi\u00f3n sea real. Visita nuestro medio informativo publicado desde Hermosillo, Sonora. %","robots":{"index":"index","follow":"follow","max-snippet":"max-snippet:-1","max-image-preview":"max-image-preview:large","max-video-preview":"max-video-preview:-1"},"canonical":"https:\/\/www.sonoraenequipo.com.mx\/temporada-de-huracanes-en-el-pacifico-sera-inferior-a-la-normal-pronostica-la-noaa\/","og_locale":"es_ES","og_type":"article","og_title":"Sonora en Equipo. Temporada de huracanes en el Pac\u00edfico Ser\u00e1 inferior a la normal, pronostica la NOAA Rep\u00fablica","og_description":"Temporada de huracanes en el Pac\u00edfico Ser\u00e1 inferior a la normal, pronostica la NOAA Los pron\u00f3sticos del Centro de Predicci\u00f3n Clim\u00e1tica de la NOAA En Sonora en Equipo publicamos toda la informaci\u00f3n de Sonora, M\u00e9xico y el Mundo de manera oportuna y busca que la libertad de expresi\u00f3n sea real. Visita nuestro medio informativo publicado desde Hermosillo, Sonora. %","og_url":"https:\/\/www.sonoraenequipo.com.mx\/temporada-de-huracanes-en-el-pacifico-sera-inferior-a-la-normal-pronostica-la-noaa\/","og_site_name":"Sonora en Equipo.","article_publisher":"https:\/\/www.facebook.com\/SonoraEE\/","article_author":"https:\/\/www.facebook.com\/SonoraEE","article_published_time":"2022-05-26T03:13:12+00:00","og_image":[{"width":711,"height":400,"url":"https:\/\/www.sonoraenequipo.com.mx\/storage\/2018\/08\/formaciondehuracan_opt.jpg","type":"image\/jpeg"}],"author":"enequipo","twitter_card":"summary_large_image","twitter_creator":"@sonoraenequipo","twitter_site":"@sonoraenequipo","twitter_misc":{"Escrito por":"enequipo","Tiempo de lectura":"2 minutos"},"schema":{"@context":"https:\/\/schema.org","@graph":[{"@type":"Article","@id":"https:\/\/www.sonoraenequipo.com.mx\/temporada-de-huracanes-en-el-pacifico-sera-inferior-a-la-normal-pronostica-la-noaa\/#article","isPartOf":{"@id":"https:\/\/www.sonoraenequipo.com.mx\/temporada-de-huracanes-en-el-pacifico-sera-inferior-a-la-normal-pronostica-la-noaa\/"},"author":{"name":"enequipo","@id":"https:\/\/www.sonoraenequipo.com.mx\/#\/schema\/person\/50102df0fb23a8fa9e8effad8fa81386"},"headline":"Temporada de huracanes en el Pac\u00edfico Ser\u00e1 inferior a la normal, pronostica la NOAA","datePublished":"2022-05-26T03:13:12+00:00","mainEntityOfPage":{"@id":"https:\/\/www.sonoraenequipo.com.mx\/temporada-de-huracanes-en-el-pacifico-sera-inferior-a-la-normal-pronostica-la-noaa\/"},"wordCount":508,"commentCount":0,"publisher":{"@id":"https:\/\/www.sonoraenequipo.com.mx\/#organization"},"image":{"@id":"https:\/\/www.sonoraenequipo.com.mx\/temporada-de-huracanes-en-el-pacifico-sera-inferior-a-la-normal-pronostica-la-noaa\/#primaryimage"},"thumbnailUrl":"https:\/\/www.sonoraenequipo.com.mx\/storage\/2018\/08\/formaciondehuracan_opt.jpg","keywords":["huracanes"],"articleSection":["Rep\u00fablica"],"inLanguage":"es","potentialAction":[{"@type":"CommentAction","name":"Comment","target":["https:\/\/www.sonoraenequipo.com.mx\/temporada-de-huracanes-en-el-pacifico-sera-inferior-a-la-normal-pronostica-la-noaa\/#respond"]}]},{"@type":"WebPage","@id":"https:\/\/www.sonoraenequipo.com.mx\/temporada-de-huracanes-en-el-pacifico-sera-inferior-a-la-normal-pronostica-la-noaa\/","url":"https:\/\/www.sonoraenequipo.com.mx\/temporada-de-huracanes-en-el-pacifico-sera-inferior-a-la-normal-pronostica-la-noaa\/","name":"Sonora en Equipo. Temporada de huracanes en el Pac\u00edfico Ser\u00e1 inferior a la normal, pronostica la NOAA Rep\u00fablica","isPartOf":{"@id":"https:\/\/www.sonoraenequipo.com.mx\/#website"},"primaryImageOfPage":{"@id":"https:\/\/www.sonoraenequipo.com.mx\/temporada-de-huracanes-en-el-pacifico-sera-inferior-a-la-normal-pronostica-la-noaa\/#primaryimage"},"image":{"@id":"https:\/\/www.sonoraenequipo.com.mx\/temporada-de-huracanes-en-el-pacifico-sera-inferior-a-la-normal-pronostica-la-noaa\/#primaryimage"},"thumbnailUrl":"https:\/\/www.sonoraenequipo.com.mx\/storage\/2018\/08\/formaciondehuracan_opt.jpg","datePublished":"2022-05-26T03:13:12+00:00","description":"Temporada de huracanes en el Pac\u00edfico Ser\u00e1 inferior a la normal, pronostica la NOAA Los pron\u00f3sticos del Centro de Predicci\u00f3n Clim\u00e1tica de la NOAA En Sonora en Equipo publicamos toda la informaci\u00f3n de Sonora, M\u00e9xico y el Mundo de manera oportuna y busca que la libertad de expresi\u00f3n sea real. Visita nuestro medio informativo publicado desde Hermosillo, Sonora. %","breadcrumb":{"@id":"https:\/\/www.sonoraenequipo.com.mx\/temporada-de-huracanes-en-el-pacifico-sera-inferior-a-la-normal-pronostica-la-noaa\/#breadcrumb"},"inLanguage":"es","potentialAction":[{"@type":"ReadAction","target":["https:\/\/www.sonoraenequipo.com.mx\/temporada-de-huracanes-en-el-pacifico-sera-inferior-a-la-normal-pronostica-la-noaa\/"]}]},{"@type":"ImageObject","inLanguage":"es","@id":"https:\/\/www.sonoraenequipo.com.mx\/temporada-de-huracanes-en-el-pacifico-sera-inferior-a-la-normal-pronostica-la-noaa\/#primaryimage","url":"https:\/\/www.sonoraenequipo.com.mx\/storage\/2018\/08\/formaciondehuracan_opt.jpg","contentUrl":"https:\/\/www.sonoraenequipo.com.mx\/storage\/2018\/08\/formaciondehuracan_opt.jpg","width":711,"height":400},{"@type":"BreadcrumbList","@id":"https:\/\/www.sonoraenequipo.com.mx\/temporada-de-huracanes-en-el-pacifico-sera-inferior-a-la-normal-pronostica-la-noaa\/#breadcrumb","itemListElement":[{"@type":"ListItem","position":1,"name":"Portada","item":"https:\/\/www.sonoraenequipo.com.mx\/"},{"@type":"ListItem","position":2,"name":"Temporada de huracanes en el Pac\u00edfico Ser\u00e1 inferior a la normal, pronostica la NOAA"}]},{"@type":"WebSite","@id":"https:\/\/www.sonoraenequipo.com.mx\/#website","url":"https:\/\/www.sonoraenequipo.com.mx\/","name":"Sonora en Equipo.","description":"Diario en l\u00ednea con Noticias desde Hermosillo, Sonora","publisher":{"@id":"https:\/\/www.sonoraenequipo.com.mx\/#organization"},"potentialAction":[{"@type":"SearchAction","target":{"@type":"EntryPoint","urlTemplate":"https:\/\/www.sonoraenequipo.com.mx\/?s={search_term_string}"},"query-input":{"@type":"PropertyValueSpecification","valueRequired":true,"valueName":"search_term_string"}}],"inLanguage":"es"},{"@type":"Organization","@id":"https:\/\/www.sonoraenequipo.com.mx\/#organization","name":"Sonoraenequipo.com.mx","url":"https:\/\/www.sonoraenequipo.com.mx\/","logo":{"@type":"ImageObject","inLanguage":"es","@id":"https:\/\/www.sonoraenequipo.com.mx\/#\/schema\/logo\/image\/","url":"https:\/\/www.sonoraenequipo.com.mx\/storage\/2019\/01\/sonoraenequipo_opt.png","contentUrl":"https:\/\/www.sonoraenequipo.com.mx\/storage\/2019\/01\/sonoraenequipo_opt.png","width":375,"height":125,"caption":"Sonoraenequipo.com.mx"},"image":{"@id":"https:\/\/www.sonoraenequipo.com.mx\/#\/schema\/logo\/image\/"},"sameAs":["https:\/\/www.facebook.com\/SonoraEE\/","https:\/\/x.com\/sonoraenequipo","https:\/\/www.youtube.com\/channel\/UC338nW-lPEYmJQs4ZABQ1SQ"]},{"@type":"Person","@id":"https:\/\/www.sonoraenequipo.com.mx\/#\/schema\/person\/50102df0fb23a8fa9e8effad8fa81386","name":"enequipo","image":{"@type":"ImageObject","inLanguage":"es","@id":"https:\/\/www.sonoraenequipo.com.mx\/#\/schema\/person\/image\/","url":"https:\/\/secure.gravatar.com\/avatar\/049821681b589dabc0bc20695993ccebb09f5b5d4d790cd9251b97faac7c652b?s=96&d=blank&r=g","contentUrl":"https:\/\/secure.gravatar.com\/avatar\/049821681b589dabc0bc20695993ccebb09f5b5d4d790cd9251b97faac7c652b?s=96&d=blank&r=g","caption":"enequipo"},"sameAs":["https:\/\/www.facebook.com\/SonoraEE"]}]}},"jetpack_featured_media_url":"https:\/\/www.sonoraenequipo.com.mx\/storage\/2018\/08\/formaciondehuracan_opt.jpg","_links":{"self":[{"href":"https:\/\/www.sonoraenequipo.com.mx\/api\/wp\/v2\/posts\/139151","targetHints":{"allow":["GET"]}}],"collection":[{"href":"https:\/\/www.sonoraenequipo.com.mx\/api\/wp\/v2\/posts"}],"about":[{"href":"https:\/\/www.sonoraenequipo.com.mx\/api\/wp\/v2\/types\/post"}],"author":[{"embeddable":true,"href":"https:\/\/www.sonoraenequipo.com.mx\/api\/wp\/v2\/users\/1"}],"replies":[{"embeddable":true,"href":"https:\/\/www.sonoraenequipo.com.mx\/api\/wp\/v2\/comments?post=139151"}],"version-history":[{"count":1,"href":"https:\/\/www.sonoraenequipo.com.mx\/api\/wp\/v2\/posts\/139151\/revisions"}],"predecessor-version":[{"id":139152,"href":"https:\/\/www.sonoraenequipo.com.mx\/api\/wp\/v2\/posts\/139151\/revisions\/139152"}],"wp:featuredmedia":[{"embeddable":true,"href":"https:\/\/www.sonoraenequipo.com.mx\/api\/wp\/v2\/media\/42039"}],"wp:attachment":[{"href":"https:\/\/www.sonoraenequipo.com.mx\/api\/wp\/v2\/media?parent=139151"}],"wp:term":[{"taxonomy":"category","embeddable":true,"href":"https:\/\/www.sonoraenequipo.com.mx\/api\/wp\/v2\/categories?post=139151"},{"taxonomy":"post_tag","embeddable":true,"href":"https:\/\/www.sonoraenequipo.com.mx\/api\/wp\/v2\/tags?post=139151"}],"curies":[{"name":"wp","href":"https:\/\/api.w.org\/{rel}","templated":true}]}}