{"id":139171,"date":"2022-05-25T21:36:03","date_gmt":"2022-05-26T04:36:03","guid":{"rendered":"https:\/\/www.sonoraenequipo.com.mx\/?p=139171"},"modified":"2022-05-26T14:18:40","modified_gmt":"2022-05-26T21:18:40","slug":"el-asesino-de-texas-aviso-de-la-masacre","status":"publish","type":"post","link":"https:\/\/www.sonoraenequipo.com.mx\/el-asesino-de-texas-aviso-de-la-masacre\/","title":{"rendered":"El asesino de Texas \u201cavis\u00f3 de la masacre\u201d"},"content":{"rendered":"<p><strong>TEXAS. ESTADOS UNIDOS.<\/strong> \u2014 Minutos antes de perpetrar la masacre en la Escuela Primaria Robb en Uvalde, Texas, Salvador Ramos anunci\u00f3 sus intenciones a trav\u00e9s de redes sociales, escribiendo en Facebook: \u201cVoy a dispararle a una primaria\u201d.<\/p>\n<p>&nbsp;<\/p>\n<p> <\/p>\n<p>&nbsp;<\/p>\n<p>Ayer mi\u00e9rcoles (25.05.2022) el gobernador de Texas, Gregg Abbott di\u00f3 a conocer que el j\u00f3ven de 18 a\u00f1os, escribi\u00f3 el aviso en las redes. Primero escribi\u00f3: \u201cVoy a dispararle a mi abuela\u201d alrededor de 30 minutos antes de irrumpir en la escuela. El muchacho confirm\u00f3 el hecho cuando lo consum\u00f3: \u201cLe dispar\u00e9 a mi abuela\u201d<\/p>\n<p>&nbsp;<\/p>\n<p>&nbsp;<\/p>\n<p>Ramos dispar\u00f3 en la frente a la abuela antes de partir a la escuela a perpetrar su matanza. La mujer se encuentra hospitalizada y hoy fue sometida a cirug\u00eda.<\/p>\n<p>&nbsp;<\/p>\n<p>En conferencia de prensa un d\u00eda despu\u00e9s de los hechos, el gobernador texano dio algunos avances de la investigaci\u00f3n.<\/p>\n<p>&nbsp;<\/p>\n<p>Aclar\u00f3 que hasta el momento no se tiene constancia de que Ramos tuviera antecedentes criminales o alg\u00fan historial de delitos juveniles.<\/p>\n<h3>No tuvo una vida f\u00e1cil<\/h3>\n<p>&nbsp;<\/p>\n<p>El diario The Washington Post habl\u00f3 con algunos de quienes fueron sus amigos, como Santos Valdez, quien iba con Ramos en la primaria.<\/p>\n<p>&nbsp;<\/p>\n<p>Valdez dijo que sol\u00eda jugar Fortnite y Call of Duty con Ramos, pero que de repente empez\u00f3 a cambiar.<\/p>\n<p>&nbsp;<\/p>\n<p>Tras verlo con cortes en toda la cara, Ramos le confes\u00f3 que se cortaba con cuchillos \u201cpor diversi\u00f3n\u201d.<\/p>\n<p>&nbsp;<\/p>\n<p>En la escuela, su tartamudez y su fuerte seseo convirti\u00f3 a Ramos en v\u00edctima de bullying.<\/p>\n<p>&nbsp;<\/p>\n<p>Valdez dijo que hace alrededor de un a\u00f1o, Ramos public\u00f3 en redes sociales fotos de rifles autom\u00e1ticos, como su \u201clista de deseos\u201d.<\/p>\n<p>&nbsp;<\/p>\n<p>D\u00edas antes de la masacre subi\u00f3 fotos de dos rifles que compr\u00f3 por su cumplea\u00f1os 18. Una de ellas fue localizada en la escuela donde atac\u00f3 el joven.<\/p>\n<p>&nbsp;<\/p>\n<p>Nadia Reyes, compa\u00f1era de secundaria de Ramos, se\u00f1al\u00f3 que \u00e9ste public\u00f3 en Instagram videos donde se enfrentaba a su madre de forma muy agresiva.<\/p>\n<p>&nbsp;<\/p>\n<p>En los \u00faltimos a\u00f1os, sus amigos se alejaron m\u00e1s de \u00e9l por sus reacciones violentas, tanto con personas cercanas como con desconocidos.<\/p>\n<h3>Problema de salud mental<\/h3>\n<p>Abbott revel\u00f3 que mantuvo reuniones con representantes policiacos, l\u00edderes locales y otros miembros de la comunidad, para tratar de discernir la situaci\u00f3n.<\/p>\n<p>&nbsp;<\/p>\n<p>Asegur\u00f3 que la mayor\u00eda de las personas consultadas coincidieron en que se trata de un problema de salud mental.<\/p>\n<p>&nbsp;<\/p>\n<p>Exhort\u00f3 a la ciudadan\u00eda a acercarse a los distintos canales de ayuda para personas con problemas de salud mental.<\/p>\n<p>&nbsp;<\/p>\n<p>Adem\u00e1s, prometi\u00f3 m\u00e1s apoyo de su gobierno a las instancias dedicadas a estas cuestiones, como una forma de prevenir posibles actos de violencia armada.<\/p>\n<p>&nbsp;<\/p>\n<p>&nbsp;<\/p>\n<p>(Publicada el 25\/05\/2022)<\/p>\n","protected":false},"excerpt":{"rendered":"<p>TEXAS. ESTADOS UNIDOS. \u2014 Minutos antes de perpetrar la masacre en la Escuela Primaria Robb&#8230;<\/p>\n","protected":false},"author":1,"featured_media":139181,"comment_status":"open","ping_status":"open","sticky":false,"template":"","format":"standard","meta":{"_monsterinsights_skip_tracking":false,"_monsterinsights_sitenote_active":false,"_monsterinsights_sitenote_note":"","_monsterinsights_sitenote_category":0,"footnotes":""},"categories":[3],"tags":[],"class_list":["post"],"yoast_head":" \n<title>Sonora en Equipo. El asesino de Texas \u201cavis\u00f3 de la masacre\u201d MUNDO<\/title>\n<meta name=\"description\" content=\"TEXAS. ESTADOS UNIDOS. \u2014 Minutos antes de perpetrar la masacre en la Escuela Primaria Robb en Uvalde, Texas, Salvador Ramos anunci\u00f3 sus intenciones a En Sonora en Equipo publicamos toda la informaci\u00f3n de Sonora, M\u00e9xico y el Mundo de manera oportuna y busca que la libertad de expresi\u00f3n sea real. Visita nuestro medio informativo publicado desde Hermosillo, Sonora. %\" \/>\n<meta name=\"robots\" content=\"index, follow, max-snippet:-1, max-image-preview:large, max-video-preview:-1\" \/>\n<link rel=\"canonical\" href=\"https:\/\/www.sonoraenequipo.com.mx\/el-asesino-de-texas-aviso-de-la-masacre\/\" \/>\n<meta property=\"og:locale\" content=\"es_ES\" \/>\n<meta property=\"og:type\" content=\"article\" \/>\n<meta property=\"og:title\" content=\"Sonora en Equipo. El asesino de Texas \u201cavis\u00f3 de la masacre\u201d MUNDO\" \/>\n<meta property=\"og:description\" content=\"TEXAS. ESTADOS UNIDOS. \u2014 Minutos antes de perpetrar la masacre en la Escuela Primaria Robb en Uvalde, Texas, Salvador Ramos anunci\u00f3 sus intenciones a En Sonora en Equipo publicamos toda la informaci\u00f3n de Sonora, M\u00e9xico y el Mundo de manera oportuna y busca que la libertad de expresi\u00f3n sea real. Visita nuestro medio informativo publicado desde Hermosillo, Sonora. %\" \/>\n<meta property=\"og:url\" content=\"https:\/\/www.sonoraenequipo.com.mx\/el-asesino-de-texas-aviso-de-la-masacre\/\" \/>\n<meta property=\"og:site_name\" content=\"Sonora en Equipo.\" \/>\n<meta property=\"article:publisher\" content=\"https:\/\/www.facebook.com\/SonoraEE\/\" \/>\n<meta property=\"article:author\" content=\"https:\/\/www.facebook.com\/SonoraEE\" \/>\n<meta property=\"article:published_time\" content=\"2022-05-26T04:36:03+00:00\" \/>\n<meta property=\"article:modified_time\" content=\"2022-05-26T21:18:40+00:00\" \/>\n<meta property=\"og:image\" content=\"https:\/\/www.sonoraenequipo.com.mx\/storage\/2022\/05\/masacre-en-texas-25.jpg\" \/>\n\t<meta property=\"og:image:width\" content=\"700\" \/>\n\t<meta property=\"og:image:height\" content=\"400\" \/>\n\t<meta property=\"og:image:type\" content=\"image\/jpeg\" \/>\n<meta name=\"author\" content=\"enequipo\" \/>\n<meta name=\"twitter:card\" content=\"summary_large_image\" \/>\n<meta name=\"twitter:creator\" content=\"@sonoraenequipo\" \/>\n<meta name=\"twitter:site\" content=\"@sonoraenequipo\" \/>\n<meta name=\"twitter:label1\" content=\"Escrito por\" \/>\n\t<meta name=\"twitter:data1\" content=\"enequipo\" \/>\n\t<meta name=\"twitter:label2\" content=\"Tiempo de lectura\" \/>\n\t<meta name=\"twitter:data2\" content=\"2 minutos\" \/>\n<script type=\"application\/ld+json\" class=\"yoast-schema-graph\">{\"@context\":\"https:\/\/schema.org\",\"@graph\":[{\"@type\":\"Article\",\"@id\":\"https:\/\/www.sonoraenequipo.com.mx\/el-asesino-de-texas-aviso-de-la-masacre\/#article\",\"isPartOf\":{\"@id\":\"https:\/\/www.sonoraenequipo.com.mx\/el-asesino-de-texas-aviso-de-la-masacre\/\"},\"author\":{\"name\":\"enequipo\",\"@id\":\"https:\/\/www.sonoraenequipo.com.mx\/#\/schema\/person\/50102df0fb23a8fa9e8effad8fa81386\"},\"headline\":\"El asesino de Texas \u201cavis\u00f3 de la masacre\u201d\",\"datePublished\":\"2022-05-26T04:36:03+00:00\",\"dateModified\":\"2022-05-26T21:18:40+00:00\",\"mainEntityOfPage\":{\"@id\":\"https:\/\/www.sonoraenequipo.com.mx\/el-asesino-de-texas-aviso-de-la-masacre\/\"},\"wordCount\":477,\"commentCount\":0,\"publisher\":{\"@id\":\"https:\/\/www.sonoraenequipo.com.mx\/#organization\"},\"image\":{\"@id\":\"https:\/\/www.sonoraenequipo.com.mx\/el-asesino-de-texas-aviso-de-la-masacre\/#primaryimage\"},\"thumbnailUrl\":\"https:\/\/www.sonoraenequipo.com.mx\/storage\/2022\/05\/masacre-en-texas-25.jpg\",\"articleSection\":[\"MUNDO\"],\"inLanguage\":\"es\",\"potentialAction\":[{\"@type\":\"CommentAction\",\"name\":\"Comment\",\"target\":[\"https:\/\/www.sonoraenequipo.com.mx\/el-asesino-de-texas-aviso-de-la-masacre\/#respond\"]}]},{\"@type\":\"WebPage\",\"@id\":\"https:\/\/www.sonoraenequipo.com.mx\/el-asesino-de-texas-aviso-de-la-masacre\/\",\"url\":\"https:\/\/www.sonoraenequipo.com.mx\/el-asesino-de-texas-aviso-de-la-masacre\/\",\"name\":\"Sonora en Equipo. El asesino de Texas \u201cavis\u00f3 de la masacre\u201d MUNDO\",\"isPartOf\":{\"@id\":\"https:\/\/www.sonoraenequipo.com.mx\/#website\"},\"primaryImageOfPage\":{\"@id\":\"https:\/\/www.sonoraenequipo.com.mx\/el-asesino-de-texas-aviso-de-la-masacre\/#primaryimage\"},\"image\":{\"@id\":\"https:\/\/www.sonoraenequipo.com.mx\/el-asesino-de-texas-aviso-de-la-masacre\/#primaryimage\"},\"thumbnailUrl\":\"https:\/\/www.sonoraenequipo.com.mx\/storage\/2022\/05\/masacre-en-texas-25.jpg\",\"datePublished\":\"2022-05-26T04:36:03+00:00\",\"dateModified\":\"2022-05-26T21:18:40+00:00\",\"description\":\"TEXAS. ESTADOS UNIDOS. \u2014 Minutos antes de perpetrar la masacre en la Escuela Primaria Robb en Uvalde, Texas, Salvador Ramos anunci\u00f3 sus intenciones a En Sonora en Equipo publicamos toda la informaci\u00f3n de Sonora, M\u00e9xico y el Mundo de manera oportuna y busca que la libertad de expresi\u00f3n sea real. Visita nuestro medio informativo publicado desde Hermosillo, Sonora. %\",\"breadcrumb\":{\"@id\":\"https:\/\/www.sonoraenequipo.com.mx\/el-asesino-de-texas-aviso-de-la-masacre\/#breadcrumb\"},\"inLanguage\":\"es\",\"potentialAction\":[{\"@type\":\"ReadAction\",\"target\":[\"https:\/\/www.sonoraenequipo.com.mx\/el-asesino-de-texas-aviso-de-la-masacre\/\"]}]},{\"@type\":\"ImageObject\",\"inLanguage\":\"es\",\"@id\":\"https:\/\/www.sonoraenequipo.com.mx\/el-asesino-de-texas-aviso-de-la-masacre\/#primaryimage\",\"url\":\"https:\/\/www.sonoraenequipo.com.mx\/storage\/2022\/05\/masacre-en-texas-25.jpg\",\"contentUrl\":\"https:\/\/www.sonoraenequipo.com.mx\/storage\/2022\/05\/masacre-en-texas-25.jpg\",\"width\":700,\"height\":400},{\"@type\":\"BreadcrumbList\",\"@id\":\"https:\/\/www.sonoraenequipo.com.mx\/el-asesino-de-texas-aviso-de-la-masacre\/#breadcrumb\",\"itemListElement\":[{\"@type\":\"ListItem\",\"position\":1,\"name\":\"Portada\",\"item\":\"https:\/\/www.sonoraenequipo.com.mx\/\"},{\"@type\":\"ListItem\",\"position\":2,\"name\":\"El asesino de Texas \u201cavis\u00f3 de la masacre\u201d\"}]},{\"@type\":\"WebSite\",\"@id\":\"https:\/\/www.sonoraenequipo.com.mx\/#website\",\"url\":\"https:\/\/www.sonoraenequipo.com.mx\/\",\"name\":\"Sonora en Equipo.\",\"description\":\"Diario en l\u00ednea con Noticias desde Hermosillo, Sonora\",\"publisher\":{\"@id\":\"https:\/\/www.sonoraenequipo.com.mx\/#organization\"},\"potentialAction\":[{\"@type\":\"SearchAction\",\"target\":{\"@type\":\"EntryPoint\",\"urlTemplate\":\"https:\/\/www.sonoraenequipo.com.mx\/?s={search_term_string}\"},\"query-input\":{\"@type\":\"PropertyValueSpecification\",\"valueRequired\":true,\"valueName\":\"search_term_string\"}}],\"inLanguage\":\"es\"},{\"@type\":\"Organization\",\"@id\":\"https:\/\/www.sonoraenequipo.com.mx\/#organization\",\"name\":\"Sonoraenequipo.com.mx\",\"url\":\"https:\/\/www.sonoraenequipo.com.mx\/\",\"logo\":{\"@type\":\"ImageObject\",\"inLanguage\":\"es\",\"@id\":\"https:\/\/www.sonoraenequipo.com.mx\/#\/schema\/logo\/image\/\",\"url\":\"https:\/\/www.sonoraenequipo.com.mx\/storage\/2019\/01\/sonoraenequipo_opt.png\",\"contentUrl\":\"https:\/\/www.sonoraenequipo.com.mx\/storage\/2019\/01\/sonoraenequipo_opt.png\",\"width\":375,\"height\":125,\"caption\":\"Sonoraenequipo.com.mx\"},\"image\":{\"@id\":\"https:\/\/www.sonoraenequipo.com.mx\/#\/schema\/logo\/image\/\"},\"sameAs\":[\"https:\/\/www.facebook.com\/SonoraEE\/\",\"https:\/\/x.com\/sonoraenequipo\",\"https:\/\/www.youtube.com\/channel\/UC338nW-lPEYmJQs4ZABQ1SQ\"]},{\"@type\":\"Person\",\"@id\":\"https:\/\/www.sonoraenequipo.com.mx\/#\/schema\/person\/50102df0fb23a8fa9e8effad8fa81386\",\"name\":\"enequipo\",\"image\":{\"@type\":\"ImageObject\",\"inLanguage\":\"es\",\"@id\":\"https:\/\/www.sonoraenequipo.com.mx\/#\/schema\/person\/image\/\",\"url\":\"https:\/\/secure.gravatar.com\/avatar\/049821681b589dabc0bc20695993ccebb09f5b5d4d790cd9251b97faac7c652b?s=96&d=blank&r=g\",\"contentUrl\":\"https:\/\/secure.gravatar.com\/avatar\/049821681b589dabc0bc20695993ccebb09f5b5d4d790cd9251b97faac7c652b?s=96&d=blank&r=g\",\"caption\":\"enequipo\"},\"sameAs\":[\"https:\/\/www.facebook.com\/SonoraEE\"]}]}<\/script>\n ","yoast_head_json":{"title":"Sonora en Equipo. El asesino de Texas \u201cavis\u00f3 de la masacre\u201d MUNDO","description":"TEXAS. ESTADOS UNIDOS. \u2014 Minutos antes de perpetrar la masacre en la Escuela Primaria Robb en Uvalde, Texas, Salvador Ramos anunci\u00f3 sus intenciones a En Sonora en Equipo publicamos toda la informaci\u00f3n de Sonora, M\u00e9xico y el Mundo de manera oportuna y busca que la libertad de expresi\u00f3n sea real. Visita nuestro medio informativo publicado desde Hermosillo, Sonora. %","robots":{"index":"index","follow":"follow","max-snippet":"max-snippet:-1","max-image-preview":"max-image-preview:large","max-video-preview":"max-video-preview:-1"},"canonical":"https:\/\/www.sonoraenequipo.com.mx\/el-asesino-de-texas-aviso-de-la-masacre\/","og_locale":"es_ES","og_type":"article","og_title":"Sonora en Equipo. El asesino de Texas \u201cavis\u00f3 de la masacre\u201d MUNDO","og_description":"TEXAS. ESTADOS UNIDOS. \u2014 Minutos antes de perpetrar la masacre en la Escuela Primaria Robb en Uvalde, Texas, Salvador Ramos anunci\u00f3 sus intenciones a En Sonora en Equipo publicamos toda la informaci\u00f3n de Sonora, M\u00e9xico y el Mundo de manera oportuna y busca que la libertad de expresi\u00f3n sea real. Visita nuestro medio informativo publicado desde Hermosillo, Sonora. %","og_url":"https:\/\/www.sonoraenequipo.com.mx\/el-asesino-de-texas-aviso-de-la-masacre\/","og_site_name":"Sonora en Equipo.","article_publisher":"https:\/\/www.facebook.com\/SonoraEE\/","article_author":"https:\/\/www.facebook.com\/SonoraEE","article_published_time":"2022-05-26T04:36:03+00:00","article_modified_time":"2022-05-26T21:18:40+00:00","og_image":[{"width":700,"height":400,"url":"https:\/\/www.sonoraenequipo.com.mx\/storage\/2022\/05\/masacre-en-texas-25.jpg","type":"image\/jpeg"}],"author":"enequipo","twitter_card":"summary_large_image","twitter_creator":"@sonoraenequipo","twitter_site":"@sonoraenequipo","twitter_misc":{"Escrito por":"enequipo","Tiempo de lectura":"2 minutos"},"schema":{"@context":"https:\/\/schema.org","@graph":[{"@type":"Article","@id":"https:\/\/www.sonoraenequipo.com.mx\/el-asesino-de-texas-aviso-de-la-masacre\/#article","isPartOf":{"@id":"https:\/\/www.sonoraenequipo.com.mx\/el-asesino-de-texas-aviso-de-la-masacre\/"},"author":{"name":"enequipo","@id":"https:\/\/www.sonoraenequipo.com.mx\/#\/schema\/person\/50102df0fb23a8fa9e8effad8fa81386"},"headline":"El asesino de Texas \u201cavis\u00f3 de la masacre\u201d","datePublished":"2022-05-26T04:36:03+00:00","dateModified":"2022-05-26T21:18:40+00:00","mainEntityOfPage":{"@id":"https:\/\/www.sonoraenequipo.com.mx\/el-asesino-de-texas-aviso-de-la-masacre\/"},"wordCount":477,"commentCount":0,"publisher":{"@id":"https:\/\/www.sonoraenequipo.com.mx\/#organization"},"image":{"@id":"https:\/\/www.sonoraenequipo.com.mx\/el-asesino-de-texas-aviso-de-la-masacre\/#primaryimage"},"thumbnailUrl":"https:\/\/www.sonoraenequipo.com.mx\/storage\/2022\/05\/masacre-en-texas-25.jpg","articleSection":["MUNDO"],"inLanguage":"es","potentialAction":[{"@type":"CommentAction","name":"Comment","target":["https:\/\/www.sonoraenequipo.com.mx\/el-asesino-de-texas-aviso-de-la-masacre\/#respond"]}]},{"@type":"WebPage","@id":"https:\/\/www.sonoraenequipo.com.mx\/el-asesino-de-texas-aviso-de-la-masacre\/","url":"https:\/\/www.sonoraenequipo.com.mx\/el-asesino-de-texas-aviso-de-la-masacre\/","name":"Sonora en Equipo. El asesino de Texas \u201cavis\u00f3 de la masacre\u201d MUNDO","isPartOf":{"@id":"https:\/\/www.sonoraenequipo.com.mx\/#website"},"primaryImageOfPage":{"@id":"https:\/\/www.sonoraenequipo.com.mx\/el-asesino-de-texas-aviso-de-la-masacre\/#primaryimage"},"image":{"@id":"https:\/\/www.sonoraenequipo.com.mx\/el-asesino-de-texas-aviso-de-la-masacre\/#primaryimage"},"thumbnailUrl":"https:\/\/www.sonoraenequipo.com.mx\/storage\/2022\/05\/masacre-en-texas-25.jpg","datePublished":"2022-05-26T04:36:03+00:00","dateModified":"2022-05-26T21:18:40+00:00","description":"TEXAS. ESTADOS UNIDOS. \u2014 Minutos antes de perpetrar la masacre en la Escuela Primaria Robb en Uvalde, Texas, Salvador Ramos anunci\u00f3 sus intenciones a En Sonora en Equipo publicamos toda la informaci\u00f3n de Sonora, M\u00e9xico y el Mundo de manera oportuna y busca que la libertad de expresi\u00f3n sea real. Visita nuestro medio informativo publicado desde Hermosillo, Sonora. %","breadcrumb":{"@id":"https:\/\/www.sonoraenequipo.com.mx\/el-asesino-de-texas-aviso-de-la-masacre\/#breadcrumb"},"inLanguage":"es","potentialAction":[{"@type":"ReadAction","target":["https:\/\/www.sonoraenequipo.com.mx\/el-asesino-de-texas-aviso-de-la-masacre\/"]}]},{"@type":"ImageObject","inLanguage":"es","@id":"https:\/\/www.sonoraenequipo.com.mx\/el-asesino-de-texas-aviso-de-la-masacre\/#primaryimage","url":"https:\/\/www.sonoraenequipo.com.mx\/storage\/2022\/05\/masacre-en-texas-25.jpg","contentUrl":"https:\/\/www.sonoraenequipo.com.mx\/storage\/2022\/05\/masacre-en-texas-25.jpg","width":700,"height":400},{"@type":"BreadcrumbList","@id":"https:\/\/www.sonoraenequipo.com.mx\/el-asesino-de-texas-aviso-de-la-masacre\/#breadcrumb","itemListElement":[{"@type":"ListItem","position":1,"name":"Portada","item":"https:\/\/www.sonoraenequipo.com.mx\/"},{"@type":"ListItem","position":2,"name":"El asesino de Texas \u201cavis\u00f3 de la masacre\u201d"}]},{"@type":"WebSite","@id":"https:\/\/www.sonoraenequipo.com.mx\/#website","url":"https:\/\/www.sonoraenequipo.com.mx\/","name":"Sonora en Equipo.","description":"Diario en l\u00ednea con Noticias desde Hermosillo, Sonora","publisher":{"@id":"https:\/\/www.sonoraenequipo.com.mx\/#organization"},"potentialAction":[{"@type":"SearchAction","target":{"@type":"EntryPoint","urlTemplate":"https:\/\/www.sonoraenequipo.com.mx\/?s={search_term_string}"},"query-input":{"@type":"PropertyValueSpecification","valueRequired":true,"valueName":"search_term_string"}}],"inLanguage":"es"},{"@type":"Organization","@id":"https:\/\/www.sonoraenequipo.com.mx\/#organization","name":"Sonoraenequipo.com.mx","url":"https:\/\/www.sonoraenequipo.com.mx\/","logo":{"@type":"ImageObject","inLanguage":"es","@id":"https:\/\/www.sonoraenequipo.com.mx\/#\/schema\/logo\/image\/","url":"https:\/\/www.sonoraenequipo.com.mx\/storage\/2019\/01\/sonoraenequipo_opt.png","contentUrl":"https:\/\/www.sonoraenequipo.com.mx\/storage\/2019\/01\/sonoraenequipo_opt.png","width":375,"height":125,"caption":"Sonoraenequipo.com.mx"},"image":{"@id":"https:\/\/www.sonoraenequipo.com.mx\/#\/schema\/logo\/image\/"},"sameAs":["https:\/\/www.facebook.com\/SonoraEE\/","https:\/\/x.com\/sonoraenequipo","https:\/\/www.youtube.com\/channel\/UC338nW-lPEYmJQs4ZABQ1SQ"]},{"@type":"Person","@id":"https:\/\/www.sonoraenequipo.com.mx\/#\/schema\/person\/50102df0fb23a8fa9e8effad8fa81386","name":"enequipo","image":{"@type":"ImageObject","inLanguage":"es","@id":"https:\/\/www.sonoraenequipo.com.mx\/#\/schema\/person\/image\/","url":"https:\/\/secure.gravatar.com\/avatar\/049821681b589dabc0bc20695993ccebb09f5b5d4d790cd9251b97faac7c652b?s=96&d=blank&r=g","contentUrl":"https:\/\/secure.gravatar.com\/avatar\/049821681b589dabc0bc20695993ccebb09f5b5d4d790cd9251b97faac7c652b?s=96&d=blank&r=g","caption":"enequipo"},"sameAs":["https:\/\/www.facebook.com\/SonoraEE"]}]}},"jetpack_featured_media_url":"https:\/\/www.sonoraenequipo.com.mx\/storage\/2022\/05\/masacre-en-texas-25.jpg","_links":{"self":[{"href":"https:\/\/www.sonoraenequipo.com.mx\/api\/wp\/v2\/posts\/139171","targetHints":{"allow":["GET"]}}],"collection":[{"href":"https:\/\/www.sonoraenequipo.com.mx\/api\/wp\/v2\/posts"}],"about":[{"href":"https:\/\/www.sonoraenequipo.com.mx\/api\/wp\/v2\/types\/post"}],"author":[{"embeddable":true,"href":"https:\/\/www.sonoraenequipo.com.mx\/api\/wp\/v2\/users\/1"}],"replies":[{"embeddable":true,"href":"https:\/\/www.sonoraenequipo.com.mx\/api\/wp\/v2\/comments?post=139171"}],"version-history":[{"count":2,"href":"https:\/\/www.sonoraenequipo.com.mx\/api\/wp\/v2\/posts\/139171\/revisions"}],"predecessor-version":[{"id":139183,"href":"https:\/\/www.sonoraenequipo.com.mx\/api\/wp\/v2\/posts\/139171\/revisions\/139183"}],"wp:featuredmedia":[{"embeddable":true,"href":"https:\/\/www.sonoraenequipo.com.mx\/api\/wp\/v2\/media\/139181"}],"wp:attachment":[{"href":"https:\/\/www.sonoraenequipo.com.mx\/api\/wp\/v2\/media?parent=139171"}],"wp:term":[{"taxonomy":"category","embeddable":true,"href":"https:\/\/www.sonoraenequipo.com.mx\/api\/wp\/v2\/categories?post=139171"},{"taxonomy":"post_tag","embeddable":true,"href":"https:\/\/www.sonoraenequipo.com.mx\/api\/wp\/v2\/tags?post=139171"}],"curies":[{"name":"wp","href":"https:\/\/api.w.org\/{rel}","templated":true}]}}