{"id":139173,"date":"2022-05-26T13:35:36","date_gmt":"2022-05-26T20:35:36","guid":{"rendered":"https:\/\/www.sonoraenequipo.com.mx\/?p=139173"},"modified":"2022-05-26T15:06:47","modified_gmt":"2022-05-26T22:06:47","slug":"anuncia-seguridad-publica-de-sonora-convocatoria-para-custodios-penitenciarios","status":"publish","type":"post","link":"https:\/\/www.sonoraenequipo.com.mx\/anuncia-seguridad-publica-de-sonora-convocatoria-para-custodios-penitenciarios\/","title":{"rendered":"Anuncia Seguridad P\u00fablica de Sonora convocatoria para custodios penitenciarios"},"content":{"rendered":"<p>HERMOSILLO, SONORA,MX.\u2500 La Secretar\u00eda de Seguridad P\u00fablica (SSP) de Sonora dio a conocer la convocatoria para Custodios Penitenciarios, dirigida a mujeres y hombres con vocaci\u00f3n de servicio y compromiso para laborar en los Centros de Reinserci\u00f3n Social, inform\u00f3 Nicollino Cangiamilla Enr\u00edquez.<\/p>\n<p>&nbsp;<\/p>\n<p>El coordinador del Sistema Estatal Penitenciario explic\u00f3 que las personas interesadas en sumarse al estado de fuerza de los 13 Ceresos en Sonora, deben tener alto sentido de responsabilidad, honradez y respeto a los derechos humanos de las Personas Privadas de su Libertad.<\/p>\n<p>&nbsp;<\/p>\n<p>Se\u00f1al\u00f3 que los requisitos para las y los aspirantes son no contar con antecedentes penales, tener entre los 18 y 35 a\u00f1os, escolaridad m\u00ednima de secundaria, aprobar los ex\u00e1menes de control y confianza y, en el caso de los hombres, tener cartilla militar liberada.<\/p>\n<p>&nbsp;<\/p>\n<p>La formaci\u00f3n inicial como Custodio Penitenciario, dijo, se impartir\u00e1 en las instalaciones del Instituto Superior de Seguridad P\u00fablica del Estado (Isspe) con una duraci\u00f3n de tres meses, periodo en el cual se les proporcionar\u00e1 uniforme, alimentaci\u00f3n y hospedaje.<\/p>\n<p>Cangiamilla Enr\u00edquez precis\u00f3 que se buscan perfiles con compromiso y profesionalismo para participar desde el \u00e1rea de seguridad, en los procesos de reinserci\u00f3n social de la poblaci\u00f3n de los Ceresos.<\/p>\n<p>Para mayor informaci\u00f3n, invit\u00f3 a las y los interesados en sumarse al trabajo de seguridad penitenciaria a comunicarse al tel\u00e9fono 6621 080400, extensi\u00f3n 10153, y al correo electr\u00f3nico reclutamiento@siepsonora.gob.mx y <a href=\"mailto:reclutamiento@isspe.gob.mx\">reclutamiento@isspe.gob.mx<\/a>.<\/p>\n<p>Fecha de publicaci\u00f3n jueves\u00a0 26 de mayo de 2022<\/p>\n","protected":false},"excerpt":{"rendered":"<p>HERMOSILLO, SONORA,MX.\u2500 La Secretar\u00eda de Seguridad P\u00fablica (SSP) de Sonora dio a conocer la convocatoria&#8230;<\/p>\n","protected":false},"author":1,"featured_media":139174,"comment_status":"open","ping_status":"open","sticky":false,"template":"","format":"standard","meta":{"_monsterinsights_skip_tracking":false,"_monsterinsights_sitenote_active":false,"_monsterinsights_sitenote_note":"","_monsterinsights_sitenote_category":0,"footnotes":""},"categories":[22],"tags":[5168,7129,15],"class_list":["post"],"yoast_head":" \n<title>Sonora en Equipo. Anuncia Seguridad P\u00fablica de Sonora convocatoria para custodios penitenciarios Sonora<\/title>\n<meta name=\"description\" content=\"HERMOSILLO, SONORA,MX.\u2500 La Secretar\u00eda de Seguridad P\u00fablica (SSP) de Sonora dio a conocer la convocatoria para Custodios Penitenciarios, dirigida a mujeres En Sonora en Equipo publicamos toda la informaci\u00f3n de Sonora, M\u00e9xico y el Mundo de manera oportuna y busca que la libertad de expresi\u00f3n sea real. Visita nuestro medio informativo publicado desde Hermosillo, Sonora. %\" \/>\n<meta name=\"robots\" content=\"index, follow, max-snippet:-1, max-image-preview:large, max-video-preview:-1\" \/>\n<link rel=\"canonical\" href=\"https:\/\/www.sonoraenequipo.com.mx\/anuncia-seguridad-publica-de-sonora-convocatoria-para-custodios-penitenciarios\/\" \/>\n<meta property=\"og:locale\" content=\"es_ES\" \/>\n<meta property=\"og:type\" content=\"article\" \/>\n<meta property=\"og:title\" content=\"Sonora en Equipo. Anuncia Seguridad P\u00fablica de Sonora convocatoria para custodios penitenciarios Sonora\" \/>\n<meta property=\"og:description\" content=\"HERMOSILLO, SONORA,MX.\u2500 La Secretar\u00eda de Seguridad P\u00fablica (SSP) de Sonora dio a conocer la convocatoria para Custodios Penitenciarios, dirigida a mujeres En Sonora en Equipo publicamos toda la informaci\u00f3n de Sonora, M\u00e9xico y el Mundo de manera oportuna y busca que la libertad de expresi\u00f3n sea real. Visita nuestro medio informativo publicado desde Hermosillo, Sonora. %\" \/>\n<meta property=\"og:url\" content=\"https:\/\/www.sonoraenequipo.com.mx\/anuncia-seguridad-publica-de-sonora-convocatoria-para-custodios-penitenciarios\/\" \/>\n<meta property=\"og:site_name\" content=\"Sonora en Equipo.\" \/>\n<meta property=\"article:publisher\" content=\"https:\/\/www.facebook.com\/SonoraEE\/\" \/>\n<meta property=\"article:author\" content=\"https:\/\/www.facebook.com\/SonoraEE\" \/>\n<meta property=\"article:published_time\" content=\"2022-05-26T20:35:36+00:00\" \/>\n<meta property=\"article:modified_time\" content=\"2022-05-26T22:06:47+00:00\" \/>\n<meta property=\"og:image\" content=\"https:\/\/www.sonoraenequipo.com.mx\/storage\/2022\/05\/cereso-hmo.jpg\" \/>\n\t<meta property=\"og:image:width\" content=\"700\" \/>\n\t<meta property=\"og:image:height\" content=\"400\" \/>\n\t<meta property=\"og:image:type\" content=\"image\/jpeg\" \/>\n<meta name=\"author\" content=\"enequipo\" \/>\n<meta name=\"twitter:card\" content=\"summary_large_image\" \/>\n<meta name=\"twitter:creator\" content=\"@sonoraenequipo\" \/>\n<meta name=\"twitter:site\" content=\"@sonoraenequipo\" \/>\n<meta name=\"twitter:label1\" content=\"Escrito por\" \/>\n\t<meta name=\"twitter:data1\" content=\"enequipo\" \/>\n\t<meta name=\"twitter:label2\" content=\"Tiempo de lectura\" \/>\n\t<meta name=\"twitter:data2\" content=\"2 minutos\" \/>\n<script type=\"application\/ld+json\" class=\"yoast-schema-graph\">{\"@context\":\"https:\/\/schema.org\",\"@graph\":[{\"@type\":\"Article\",\"@id\":\"https:\/\/www.sonoraenequipo.com.mx\/anuncia-seguridad-publica-de-sonora-convocatoria-para-custodios-penitenciarios\/#article\",\"isPartOf\":{\"@id\":\"https:\/\/www.sonoraenequipo.com.mx\/anuncia-seguridad-publica-de-sonora-convocatoria-para-custodios-penitenciarios\/\"},\"author\":{\"name\":\"enequipo\",\"@id\":\"https:\/\/www.sonoraenequipo.com.mx\/#\/schema\/person\/50102df0fb23a8fa9e8effad8fa81386\"},\"headline\":\"Anuncia Seguridad P\u00fablica de Sonora convocatoria para custodios penitenciarios\",\"datePublished\":\"2022-05-26T20:35:36+00:00\",\"dateModified\":\"2022-05-26T22:06:47+00:00\",\"mainEntityOfPage\":{\"@id\":\"https:\/\/www.sonoraenequipo.com.mx\/anuncia-seguridad-publica-de-sonora-convocatoria-para-custodios-penitenciarios\/\"},\"wordCount\":269,\"commentCount\":0,\"publisher\":{\"@id\":\"https:\/\/www.sonoraenequipo.com.mx\/#organization\"},\"image\":{\"@id\":\"https:\/\/www.sonoraenequipo.com.mx\/anuncia-seguridad-publica-de-sonora-convocatoria-para-custodios-penitenciarios\/#primaryimage\"},\"thumbnailUrl\":\"https:\/\/www.sonoraenequipo.com.mx\/storage\/2022\/05\/cereso-hmo.jpg\",\"keywords\":[\"ceresos\",\"custpdios\",\"Sonora\"],\"articleSection\":[\"Sonora\"],\"inLanguage\":\"es\",\"potentialAction\":[{\"@type\":\"CommentAction\",\"name\":\"Comment\",\"target\":[\"https:\/\/www.sonoraenequipo.com.mx\/anuncia-seguridad-publica-de-sonora-convocatoria-para-custodios-penitenciarios\/#respond\"]}]},{\"@type\":\"WebPage\",\"@id\":\"https:\/\/www.sonoraenequipo.com.mx\/anuncia-seguridad-publica-de-sonora-convocatoria-para-custodios-penitenciarios\/\",\"url\":\"https:\/\/www.sonoraenequipo.com.mx\/anuncia-seguridad-publica-de-sonora-convocatoria-para-custodios-penitenciarios\/\",\"name\":\"Sonora en Equipo. Anuncia Seguridad P\u00fablica de Sonora convocatoria para custodios penitenciarios Sonora\",\"isPartOf\":{\"@id\":\"https:\/\/www.sonoraenequipo.com.mx\/#website\"},\"primaryImageOfPage\":{\"@id\":\"https:\/\/www.sonoraenequipo.com.mx\/anuncia-seguridad-publica-de-sonora-convocatoria-para-custodios-penitenciarios\/#primaryimage\"},\"image\":{\"@id\":\"https:\/\/www.sonoraenequipo.com.mx\/anuncia-seguridad-publica-de-sonora-convocatoria-para-custodios-penitenciarios\/#primaryimage\"},\"thumbnailUrl\":\"https:\/\/www.sonoraenequipo.com.mx\/storage\/2022\/05\/cereso-hmo.jpg\",\"datePublished\":\"2022-05-26T20:35:36+00:00\",\"dateModified\":\"2022-05-26T22:06:47+00:00\",\"description\":\"HERMOSILLO, SONORA,MX.\u2500 La Secretar\u00eda de Seguridad P\u00fablica (SSP) de Sonora dio a conocer la convocatoria para Custodios Penitenciarios, dirigida a mujeres En Sonora en Equipo publicamos toda la informaci\u00f3n de Sonora, M\u00e9xico y el Mundo de manera oportuna y busca que la libertad de expresi\u00f3n sea real. Visita nuestro medio informativo publicado desde Hermosillo, Sonora. %\",\"breadcrumb\":{\"@id\":\"https:\/\/www.sonoraenequipo.com.mx\/anuncia-seguridad-publica-de-sonora-convocatoria-para-custodios-penitenciarios\/#breadcrumb\"},\"inLanguage\":\"es\",\"potentialAction\":[{\"@type\":\"ReadAction\",\"target\":[\"https:\/\/www.sonoraenequipo.com.mx\/anuncia-seguridad-publica-de-sonora-convocatoria-para-custodios-penitenciarios\/\"]}]},{\"@type\":\"ImageObject\",\"inLanguage\":\"es\",\"@id\":\"https:\/\/www.sonoraenequipo.com.mx\/anuncia-seguridad-publica-de-sonora-convocatoria-para-custodios-penitenciarios\/#primaryimage\",\"url\":\"https:\/\/www.sonoraenequipo.com.mx\/storage\/2022\/05\/cereso-hmo.jpg\",\"contentUrl\":\"https:\/\/www.sonoraenequipo.com.mx\/storage\/2022\/05\/cereso-hmo.jpg\",\"width\":700,\"height\":400},{\"@type\":\"BreadcrumbList\",\"@id\":\"https:\/\/www.sonoraenequipo.com.mx\/anuncia-seguridad-publica-de-sonora-convocatoria-para-custodios-penitenciarios\/#breadcrumb\",\"itemListElement\":[{\"@type\":\"ListItem\",\"position\":1,\"name\":\"Portada\",\"item\":\"https:\/\/www.sonoraenequipo.com.mx\/\"},{\"@type\":\"ListItem\",\"position\":2,\"name\":\"Anuncia Seguridad P\u00fablica de Sonora convocatoria para custodios penitenciarios\"}]},{\"@type\":\"WebSite\",\"@id\":\"https:\/\/www.sonoraenequipo.com.mx\/#website\",\"url\":\"https:\/\/www.sonoraenequipo.com.mx\/\",\"name\":\"Sonora en Equipo.\",\"description\":\"Diario en l\u00ednea con Noticias desde Hermosillo, Sonora\",\"publisher\":{\"@id\":\"https:\/\/www.sonoraenequipo.com.mx\/#organization\"},\"potentialAction\":[{\"@type\":\"SearchAction\",\"target\":{\"@type\":\"EntryPoint\",\"urlTemplate\":\"https:\/\/www.sonoraenequipo.com.mx\/?s={search_term_string}\"},\"query-input\":{\"@type\":\"PropertyValueSpecification\",\"valueRequired\":true,\"valueName\":\"search_term_string\"}}],\"inLanguage\":\"es\"},{\"@type\":\"Organization\",\"@id\":\"https:\/\/www.sonoraenequipo.com.mx\/#organization\",\"name\":\"Sonoraenequipo.com.mx\",\"url\":\"https:\/\/www.sonoraenequipo.com.mx\/\",\"logo\":{\"@type\":\"ImageObject\",\"inLanguage\":\"es\",\"@id\":\"https:\/\/www.sonoraenequipo.com.mx\/#\/schema\/logo\/image\/\",\"url\":\"https:\/\/www.sonoraenequipo.com.mx\/storage\/2019\/01\/sonoraenequipo_opt.png\",\"contentUrl\":\"https:\/\/www.sonoraenequipo.com.mx\/storage\/2019\/01\/sonoraenequipo_opt.png\",\"width\":375,\"height\":125,\"caption\":\"Sonoraenequipo.com.mx\"},\"image\":{\"@id\":\"https:\/\/www.sonoraenequipo.com.mx\/#\/schema\/logo\/image\/\"},\"sameAs\":[\"https:\/\/www.facebook.com\/SonoraEE\/\",\"https:\/\/x.com\/sonoraenequipo\",\"https:\/\/www.youtube.com\/channel\/UC338nW-lPEYmJQs4ZABQ1SQ\"]},{\"@type\":\"Person\",\"@id\":\"https:\/\/www.sonoraenequipo.com.mx\/#\/schema\/person\/50102df0fb23a8fa9e8effad8fa81386\",\"name\":\"enequipo\",\"image\":{\"@type\":\"ImageObject\",\"inLanguage\":\"es\",\"@id\":\"https:\/\/www.sonoraenequipo.com.mx\/#\/schema\/person\/image\/\",\"url\":\"https:\/\/secure.gravatar.com\/avatar\/049821681b589dabc0bc20695993ccebb09f5b5d4d790cd9251b97faac7c652b?s=96&d=blank&r=g\",\"contentUrl\":\"https:\/\/secure.gravatar.com\/avatar\/049821681b589dabc0bc20695993ccebb09f5b5d4d790cd9251b97faac7c652b?s=96&d=blank&r=g\",\"caption\":\"enequipo\"},\"sameAs\":[\"https:\/\/www.facebook.com\/SonoraEE\"]}]}<\/script>\n ","yoast_head_json":{"title":"Sonora en Equipo. Anuncia Seguridad P\u00fablica de Sonora convocatoria para custodios penitenciarios Sonora","description":"HERMOSILLO, SONORA,MX.\u2500 La Secretar\u00eda de Seguridad P\u00fablica (SSP) de Sonora dio a conocer la convocatoria para Custodios Penitenciarios, dirigida a mujeres En Sonora en Equipo publicamos toda la informaci\u00f3n de Sonora, M\u00e9xico y el Mundo de manera oportuna y busca que la libertad de expresi\u00f3n sea real. Visita nuestro medio informativo publicado desde Hermosillo, Sonora. %","robots":{"index":"index","follow":"follow","max-snippet":"max-snippet:-1","max-image-preview":"max-image-preview:large","max-video-preview":"max-video-preview:-1"},"canonical":"https:\/\/www.sonoraenequipo.com.mx\/anuncia-seguridad-publica-de-sonora-convocatoria-para-custodios-penitenciarios\/","og_locale":"es_ES","og_type":"article","og_title":"Sonora en Equipo. Anuncia Seguridad P\u00fablica de Sonora convocatoria para custodios penitenciarios Sonora","og_description":"HERMOSILLO, SONORA,MX.\u2500 La Secretar\u00eda de Seguridad P\u00fablica (SSP) de Sonora dio a conocer la convocatoria para Custodios Penitenciarios, dirigida a mujeres En Sonora en Equipo publicamos toda la informaci\u00f3n de Sonora, M\u00e9xico y el Mundo de manera oportuna y busca que la libertad de expresi\u00f3n sea real. Visita nuestro medio informativo publicado desde Hermosillo, Sonora. %","og_url":"https:\/\/www.sonoraenequipo.com.mx\/anuncia-seguridad-publica-de-sonora-convocatoria-para-custodios-penitenciarios\/","og_site_name":"Sonora en Equipo.","article_publisher":"https:\/\/www.facebook.com\/SonoraEE\/","article_author":"https:\/\/www.facebook.com\/SonoraEE","article_published_time":"2022-05-26T20:35:36+00:00","article_modified_time":"2022-05-26T22:06:47+00:00","og_image":[{"width":700,"height":400,"url":"https:\/\/www.sonoraenequipo.com.mx\/storage\/2022\/05\/cereso-hmo.jpg","type":"image\/jpeg"}],"author":"enequipo","twitter_card":"summary_large_image","twitter_creator":"@sonoraenequipo","twitter_site":"@sonoraenequipo","twitter_misc":{"Escrito por":"enequipo","Tiempo de lectura":"2 minutos"},"schema":{"@context":"https:\/\/schema.org","@graph":[{"@type":"Article","@id":"https:\/\/www.sonoraenequipo.com.mx\/anuncia-seguridad-publica-de-sonora-convocatoria-para-custodios-penitenciarios\/#article","isPartOf":{"@id":"https:\/\/www.sonoraenequipo.com.mx\/anuncia-seguridad-publica-de-sonora-convocatoria-para-custodios-penitenciarios\/"},"author":{"name":"enequipo","@id":"https:\/\/www.sonoraenequipo.com.mx\/#\/schema\/person\/50102df0fb23a8fa9e8effad8fa81386"},"headline":"Anuncia Seguridad P\u00fablica de Sonora convocatoria para custodios penitenciarios","datePublished":"2022-05-26T20:35:36+00:00","dateModified":"2022-05-26T22:06:47+00:00","mainEntityOfPage":{"@id":"https:\/\/www.sonoraenequipo.com.mx\/anuncia-seguridad-publica-de-sonora-convocatoria-para-custodios-penitenciarios\/"},"wordCount":269,"commentCount":0,"publisher":{"@id":"https:\/\/www.sonoraenequipo.com.mx\/#organization"},"image":{"@id":"https:\/\/www.sonoraenequipo.com.mx\/anuncia-seguridad-publica-de-sonora-convocatoria-para-custodios-penitenciarios\/#primaryimage"},"thumbnailUrl":"https:\/\/www.sonoraenequipo.com.mx\/storage\/2022\/05\/cereso-hmo.jpg","keywords":["ceresos","custpdios","Sonora"],"articleSection":["Sonora"],"inLanguage":"es","potentialAction":[{"@type":"CommentAction","name":"Comment","target":["https:\/\/www.sonoraenequipo.com.mx\/anuncia-seguridad-publica-de-sonora-convocatoria-para-custodios-penitenciarios\/#respond"]}]},{"@type":"WebPage","@id":"https:\/\/www.sonoraenequipo.com.mx\/anuncia-seguridad-publica-de-sonora-convocatoria-para-custodios-penitenciarios\/","url":"https:\/\/www.sonoraenequipo.com.mx\/anuncia-seguridad-publica-de-sonora-convocatoria-para-custodios-penitenciarios\/","name":"Sonora en Equipo. Anuncia Seguridad P\u00fablica de Sonora convocatoria para custodios penitenciarios Sonora","isPartOf":{"@id":"https:\/\/www.sonoraenequipo.com.mx\/#website"},"primaryImageOfPage":{"@id":"https:\/\/www.sonoraenequipo.com.mx\/anuncia-seguridad-publica-de-sonora-convocatoria-para-custodios-penitenciarios\/#primaryimage"},"image":{"@id":"https:\/\/www.sonoraenequipo.com.mx\/anuncia-seguridad-publica-de-sonora-convocatoria-para-custodios-penitenciarios\/#primaryimage"},"thumbnailUrl":"https:\/\/www.sonoraenequipo.com.mx\/storage\/2022\/05\/cereso-hmo.jpg","datePublished":"2022-05-26T20:35:36+00:00","dateModified":"2022-05-26T22:06:47+00:00","description":"HERMOSILLO, SONORA,MX.\u2500 La Secretar\u00eda de Seguridad P\u00fablica (SSP) de Sonora dio a conocer la convocatoria para Custodios Penitenciarios, dirigida a mujeres En Sonora en Equipo publicamos toda la informaci\u00f3n de Sonora, M\u00e9xico y el Mundo de manera oportuna y busca que la libertad de expresi\u00f3n sea real. Visita nuestro medio informativo publicado desde Hermosillo, Sonora. %","breadcrumb":{"@id":"https:\/\/www.sonoraenequipo.com.mx\/anuncia-seguridad-publica-de-sonora-convocatoria-para-custodios-penitenciarios\/#breadcrumb"},"inLanguage":"es","potentialAction":[{"@type":"ReadAction","target":["https:\/\/www.sonoraenequipo.com.mx\/anuncia-seguridad-publica-de-sonora-convocatoria-para-custodios-penitenciarios\/"]}]},{"@type":"ImageObject","inLanguage":"es","@id":"https:\/\/www.sonoraenequipo.com.mx\/anuncia-seguridad-publica-de-sonora-convocatoria-para-custodios-penitenciarios\/#primaryimage","url":"https:\/\/www.sonoraenequipo.com.mx\/storage\/2022\/05\/cereso-hmo.jpg","contentUrl":"https:\/\/www.sonoraenequipo.com.mx\/storage\/2022\/05\/cereso-hmo.jpg","width":700,"height":400},{"@type":"BreadcrumbList","@id":"https:\/\/www.sonoraenequipo.com.mx\/anuncia-seguridad-publica-de-sonora-convocatoria-para-custodios-penitenciarios\/#breadcrumb","itemListElement":[{"@type":"ListItem","position":1,"name":"Portada","item":"https:\/\/www.sonoraenequipo.com.mx\/"},{"@type":"ListItem","position":2,"name":"Anuncia Seguridad P\u00fablica de Sonora convocatoria para custodios penitenciarios"}]},{"@type":"WebSite","@id":"https:\/\/www.sonoraenequipo.com.mx\/#website","url":"https:\/\/www.sonoraenequipo.com.mx\/","name":"Sonora en Equipo.","description":"Diario en l\u00ednea con Noticias desde Hermosillo, Sonora","publisher":{"@id":"https:\/\/www.sonoraenequipo.com.mx\/#organization"},"potentialAction":[{"@type":"SearchAction","target":{"@type":"EntryPoint","urlTemplate":"https:\/\/www.sonoraenequipo.com.mx\/?s={search_term_string}"},"query-input":{"@type":"PropertyValueSpecification","valueRequired":true,"valueName":"search_term_string"}}],"inLanguage":"es"},{"@type":"Organization","@id":"https:\/\/www.sonoraenequipo.com.mx\/#organization","name":"Sonoraenequipo.com.mx","url":"https:\/\/www.sonoraenequipo.com.mx\/","logo":{"@type":"ImageObject","inLanguage":"es","@id":"https:\/\/www.sonoraenequipo.com.mx\/#\/schema\/logo\/image\/","url":"https:\/\/www.sonoraenequipo.com.mx\/storage\/2019\/01\/sonoraenequipo_opt.png","contentUrl":"https:\/\/www.sonoraenequipo.com.mx\/storage\/2019\/01\/sonoraenequipo_opt.png","width":375,"height":125,"caption":"Sonoraenequipo.com.mx"},"image":{"@id":"https:\/\/www.sonoraenequipo.com.mx\/#\/schema\/logo\/image\/"},"sameAs":["https:\/\/www.facebook.com\/SonoraEE\/","https:\/\/x.com\/sonoraenequipo","https:\/\/www.youtube.com\/channel\/UC338nW-lPEYmJQs4ZABQ1SQ"]},{"@type":"Person","@id":"https:\/\/www.sonoraenequipo.com.mx\/#\/schema\/person\/50102df0fb23a8fa9e8effad8fa81386","name":"enequipo","image":{"@type":"ImageObject","inLanguage":"es","@id":"https:\/\/www.sonoraenequipo.com.mx\/#\/schema\/person\/image\/","url":"https:\/\/secure.gravatar.com\/avatar\/049821681b589dabc0bc20695993ccebb09f5b5d4d790cd9251b97faac7c652b?s=96&d=blank&r=g","contentUrl":"https:\/\/secure.gravatar.com\/avatar\/049821681b589dabc0bc20695993ccebb09f5b5d4d790cd9251b97faac7c652b?s=96&d=blank&r=g","caption":"enequipo"},"sameAs":["https:\/\/www.facebook.com\/SonoraEE"]}]}},"jetpack_featured_media_url":"https:\/\/www.sonoraenequipo.com.mx\/storage\/2022\/05\/cereso-hmo.jpg","_links":{"self":[{"href":"https:\/\/www.sonoraenequipo.com.mx\/api\/wp\/v2\/posts\/139173","targetHints":{"allow":["GET"]}}],"collection":[{"href":"https:\/\/www.sonoraenequipo.com.mx\/api\/wp\/v2\/posts"}],"about":[{"href":"https:\/\/www.sonoraenequipo.com.mx\/api\/wp\/v2\/types\/post"}],"author":[{"embeddable":true,"href":"https:\/\/www.sonoraenequipo.com.mx\/api\/wp\/v2\/users\/1"}],"replies":[{"embeddable":true,"href":"https:\/\/www.sonoraenequipo.com.mx\/api\/wp\/v2\/comments?post=139173"}],"version-history":[{"count":1,"href":"https:\/\/www.sonoraenequipo.com.mx\/api\/wp\/v2\/posts\/139173\/revisions"}],"predecessor-version":[{"id":139175,"href":"https:\/\/www.sonoraenequipo.com.mx\/api\/wp\/v2\/posts\/139173\/revisions\/139175"}],"wp:featuredmedia":[{"embeddable":true,"href":"https:\/\/www.sonoraenequipo.com.mx\/api\/wp\/v2\/media\/139174"}],"wp:attachment":[{"href":"https:\/\/www.sonoraenequipo.com.mx\/api\/wp\/v2\/media?parent=139173"}],"wp:term":[{"taxonomy":"category","embeddable":true,"href":"https:\/\/www.sonoraenequipo.com.mx\/api\/wp\/v2\/categories?post=139173"},{"taxonomy":"post_tag","embeddable":true,"href":"https:\/\/www.sonoraenequipo.com.mx\/api\/wp\/v2\/tags?post=139173"}],"curies":[{"name":"wp","href":"https:\/\/api.w.org\/{rel}","templated":true}]}}