{"id":139176,"date":"2022-05-26T14:01:17","date_gmt":"2022-05-26T21:01:17","guid":{"rendered":"https:\/\/www.sonoraenequipo.com.mx\/?p=139176"},"modified":"2022-05-26T14:01:17","modified_gmt":"2022-05-26T21:01:17","slug":"supervisara-proteccion-civil-estatal-fiestas-del-pitic-2022","status":"publish","type":"post","link":"https:\/\/www.sonoraenequipo.com.mx\/supervisara-proteccion-civil-estatal-fiestas-del-pitic-2022\/","title":{"rendered":"Supervisar\u00e1 Protecci\u00f3n Civil estatal Fiestas del Pitic 2022"},"content":{"rendered":"<p>HERMOSILLO, SONORA,MX.\u2500 La Coordinaci\u00f3n Estatal de Protecci\u00f3n Civil (CEPC), en colaboraci\u00f3n con autoridades del Ayuntamiento de Hermosillo, supervisar\u00e1 que las actividades programadas en las Fiestas del Pitic 2022 cumplan con los protocolos que se\u00f1ala su programa especial de protecci\u00f3n civil.<\/p>\n<p>&nbsp;<\/p>\n<p>Esta supervisi\u00f3n se llevar\u00e1 a cabo con fundamento en lo establecido por la Ley de Protecci\u00f3n Civil para el Estado de Sonora y su Reglamento, donde se se\u00f1ala que los eventos o espect\u00e1culos p\u00fablicos que concentren a m\u00e1s de 500 personas, son competencia de la Coordinaci\u00f3n Estatal de Protecci\u00f3n Civil.<\/p>\n<p>&nbsp;<\/p>\n<p>Para llevar a cabo esta actividad, se destinar\u00e1n a alrededor de 50 elementos, mismos que estar\u00e1n presentes en los eventos de mayor asistencia y en donde se vigilar\u00e1 que se cumpla lo establecido por el programa especial que entreg\u00f3 el Ayuntamiento de Hermosillo en tiempo y forma a dependencia estatal.<\/p>\n<p>&nbsp;<\/p>\n<p>En coordinaci\u00f3n con Protecci\u00f3n Civil municipal, se revisar\u00e1 que las Fiestas del Pitic cumplan con los suficientes elementos de seguridad, param\u00e9dicos y bomberos, y que se verifique la correcta instalaci\u00f3n de las l\u00edneas de gas en locales de venta de comida, revisi\u00f3n de estructuras de los escenarios, entre otras actividades.<\/p>\n<p>Fecha de publicaci\u00f3n jueves\u00a0 26 de mayo de 2022<\/p>\n","protected":false},"excerpt":{"rendered":"<p>HERMOSILLO, SONORA,MX.\u2500 La Coordinaci\u00f3n Estatal de Protecci\u00f3n Civil (CEPC), en colaboraci\u00f3n con autoridades del Ayuntamiento&#8230;<\/p>\n","protected":false},"author":1,"featured_media":139177,"comment_status":"open","ping_status":"open","sticky":false,"template":"","format":"standard","meta":{"_monsterinsights_skip_tracking":false,"_monsterinsights_sitenote_active":false,"_monsterinsights_sitenote_note":"","_monsterinsights_sitenote_category":0,"footnotes":""},"categories":[22],"tags":[3097,7130],"class_list":["post"],"yoast_head":" \n<title>Sonora en Equipo. Supervisar\u00e1 Protecci\u00f3n Civil estatal Fiestas del Pitic 2022 Sonora<\/title>\n<meta name=\"description\" content=\"HERMOSILLO, SONORA,MX.\u2500 La Coordinaci\u00f3n Estatal de Protecci\u00f3n Civil (CEPC), en colaboraci\u00f3n con autoridades del Ayuntamiento de Hermosillo, supervisar\u00e1 En Sonora en Equipo publicamos toda la informaci\u00f3n de Sonora, M\u00e9xico y el Mundo de manera oportuna y busca que la libertad de expresi\u00f3n sea real. Visita nuestro medio informativo publicado desde Hermosillo, Sonora. %\" \/>\n<meta name=\"robots\" content=\"index, follow, max-snippet:-1, max-image-preview:large, max-video-preview:-1\" \/>\n<link rel=\"canonical\" href=\"https:\/\/www.sonoraenequipo.com.mx\/supervisara-proteccion-civil-estatal-fiestas-del-pitic-2022\/\" \/>\n<meta property=\"og:locale\" content=\"es_ES\" \/>\n<meta property=\"og:type\" content=\"article\" \/>\n<meta property=\"og:title\" content=\"Sonora en Equipo. Supervisar\u00e1 Protecci\u00f3n Civil estatal Fiestas del Pitic 2022 Sonora\" \/>\n<meta property=\"og:description\" content=\"HERMOSILLO, SONORA,MX.\u2500 La Coordinaci\u00f3n Estatal de Protecci\u00f3n Civil (CEPC), en colaboraci\u00f3n con autoridades del Ayuntamiento de Hermosillo, supervisar\u00e1 En Sonora en Equipo publicamos toda la informaci\u00f3n de Sonora, M\u00e9xico y el Mundo de manera oportuna y busca que la libertad de expresi\u00f3n sea real. Visita nuestro medio informativo publicado desde Hermosillo, Sonora. %\" \/>\n<meta property=\"og:url\" content=\"https:\/\/www.sonoraenequipo.com.mx\/supervisara-proteccion-civil-estatal-fiestas-del-pitic-2022\/\" \/>\n<meta property=\"og:site_name\" content=\"Sonora en Equipo.\" \/>\n<meta property=\"article:publisher\" content=\"https:\/\/www.facebook.com\/SonoraEE\/\" \/>\n<meta property=\"article:author\" content=\"https:\/\/www.facebook.com\/SonoraEE\" \/>\n<meta property=\"article:published_time\" content=\"2022-05-26T21:01:17+00:00\" \/>\n<meta property=\"og:image\" content=\"https:\/\/www.sonoraenequipo.com.mx\/storage\/2022\/05\/cepc-fiestas.jpg\" \/>\n\t<meta property=\"og:image:width\" content=\"700\" \/>\n\t<meta property=\"og:image:height\" content=\"400\" \/>\n\t<meta property=\"og:image:type\" content=\"image\/jpeg\" \/>\n<meta name=\"author\" content=\"enequipo\" \/>\n<meta name=\"twitter:card\" content=\"summary_large_image\" \/>\n<meta name=\"twitter:creator\" content=\"@sonoraenequipo\" \/>\n<meta name=\"twitter:site\" content=\"@sonoraenequipo\" \/>\n<meta name=\"twitter:label1\" content=\"Escrito por\" \/>\n\t<meta name=\"twitter:data1\" content=\"enequipo\" \/>\n\t<meta name=\"twitter:label2\" content=\"Tiempo de lectura\" \/>\n\t<meta name=\"twitter:data2\" content=\"1 minuto\" \/>\n<script type=\"application\/ld+json\" class=\"yoast-schema-graph\">{\"@context\":\"https:\/\/schema.org\",\"@graph\":[{\"@type\":\"Article\",\"@id\":\"https:\/\/www.sonoraenequipo.com.mx\/supervisara-proteccion-civil-estatal-fiestas-del-pitic-2022\/#article\",\"isPartOf\":{\"@id\":\"https:\/\/www.sonoraenequipo.com.mx\/supervisara-proteccion-civil-estatal-fiestas-del-pitic-2022\/\"},\"author\":{\"name\":\"enequipo\",\"@id\":\"https:\/\/www.sonoraenequipo.com.mx\/#\/schema\/person\/50102df0fb23a8fa9e8effad8fa81386\"},\"headline\":\"Supervisar\u00e1 Protecci\u00f3n Civil estatal Fiestas del Pitic 2022\",\"datePublished\":\"2022-05-26T21:01:17+00:00\",\"mainEntityOfPage\":{\"@id\":\"https:\/\/www.sonoraenequipo.com.mx\/supervisara-proteccion-civil-estatal-fiestas-del-pitic-2022\/\"},\"wordCount\":228,\"commentCount\":0,\"publisher\":{\"@id\":\"https:\/\/www.sonoraenequipo.com.mx\/#organization\"},\"image\":{\"@id\":\"https:\/\/www.sonoraenequipo.com.mx\/supervisara-proteccion-civil-estatal-fiestas-del-pitic-2022\/#primaryimage\"},\"thumbnailUrl\":\"https:\/\/www.sonoraenequipo.com.mx\/storage\/2022\/05\/cepc-fiestas.jpg\",\"keywords\":[\"fiestas\",\"pitic2022\"],\"articleSection\":[\"Sonora\"],\"inLanguage\":\"es\",\"potentialAction\":[{\"@type\":\"CommentAction\",\"name\":\"Comment\",\"target\":[\"https:\/\/www.sonoraenequipo.com.mx\/supervisara-proteccion-civil-estatal-fiestas-del-pitic-2022\/#respond\"]}]},{\"@type\":\"WebPage\",\"@id\":\"https:\/\/www.sonoraenequipo.com.mx\/supervisara-proteccion-civil-estatal-fiestas-del-pitic-2022\/\",\"url\":\"https:\/\/www.sonoraenequipo.com.mx\/supervisara-proteccion-civil-estatal-fiestas-del-pitic-2022\/\",\"name\":\"Sonora en Equipo. Supervisar\u00e1 Protecci\u00f3n Civil estatal Fiestas del Pitic 2022 Sonora\",\"isPartOf\":{\"@id\":\"https:\/\/www.sonoraenequipo.com.mx\/#website\"},\"primaryImageOfPage\":{\"@id\":\"https:\/\/www.sonoraenequipo.com.mx\/supervisara-proteccion-civil-estatal-fiestas-del-pitic-2022\/#primaryimage\"},\"image\":{\"@id\":\"https:\/\/www.sonoraenequipo.com.mx\/supervisara-proteccion-civil-estatal-fiestas-del-pitic-2022\/#primaryimage\"},\"thumbnailUrl\":\"https:\/\/www.sonoraenequipo.com.mx\/storage\/2022\/05\/cepc-fiestas.jpg\",\"datePublished\":\"2022-05-26T21:01:17+00:00\",\"description\":\"HERMOSILLO, SONORA,MX.\u2500 La Coordinaci\u00f3n Estatal de Protecci\u00f3n Civil (CEPC), en colaboraci\u00f3n con autoridades del Ayuntamiento de Hermosillo, supervisar\u00e1 En Sonora en Equipo publicamos toda la informaci\u00f3n de Sonora, M\u00e9xico y el Mundo de manera oportuna y busca que la libertad de expresi\u00f3n sea real. Visita nuestro medio informativo publicado desde Hermosillo, Sonora. %\",\"breadcrumb\":{\"@id\":\"https:\/\/www.sonoraenequipo.com.mx\/supervisara-proteccion-civil-estatal-fiestas-del-pitic-2022\/#breadcrumb\"},\"inLanguage\":\"es\",\"potentialAction\":[{\"@type\":\"ReadAction\",\"target\":[\"https:\/\/www.sonoraenequipo.com.mx\/supervisara-proteccion-civil-estatal-fiestas-del-pitic-2022\/\"]}]},{\"@type\":\"ImageObject\",\"inLanguage\":\"es\",\"@id\":\"https:\/\/www.sonoraenequipo.com.mx\/supervisara-proteccion-civil-estatal-fiestas-del-pitic-2022\/#primaryimage\",\"url\":\"https:\/\/www.sonoraenequipo.com.mx\/storage\/2022\/05\/cepc-fiestas.jpg\",\"contentUrl\":\"https:\/\/www.sonoraenequipo.com.mx\/storage\/2022\/05\/cepc-fiestas.jpg\",\"width\":700,\"height\":400},{\"@type\":\"BreadcrumbList\",\"@id\":\"https:\/\/www.sonoraenequipo.com.mx\/supervisara-proteccion-civil-estatal-fiestas-del-pitic-2022\/#breadcrumb\",\"itemListElement\":[{\"@type\":\"ListItem\",\"position\":1,\"name\":\"Portada\",\"item\":\"https:\/\/www.sonoraenequipo.com.mx\/\"},{\"@type\":\"ListItem\",\"position\":2,\"name\":\"Supervisar\u00e1 Protecci\u00f3n Civil estatal Fiestas del Pitic 2022\"}]},{\"@type\":\"WebSite\",\"@id\":\"https:\/\/www.sonoraenequipo.com.mx\/#website\",\"url\":\"https:\/\/www.sonoraenequipo.com.mx\/\",\"name\":\"Sonora en Equipo.\",\"description\":\"Diario en l\u00ednea con Noticias desde Hermosillo, Sonora\",\"publisher\":{\"@id\":\"https:\/\/www.sonoraenequipo.com.mx\/#organization\"},\"potentialAction\":[{\"@type\":\"SearchAction\",\"target\":{\"@type\":\"EntryPoint\",\"urlTemplate\":\"https:\/\/www.sonoraenequipo.com.mx\/?s={search_term_string}\"},\"query-input\":{\"@type\":\"PropertyValueSpecification\",\"valueRequired\":true,\"valueName\":\"search_term_string\"}}],\"inLanguage\":\"es\"},{\"@type\":\"Organization\",\"@id\":\"https:\/\/www.sonoraenequipo.com.mx\/#organization\",\"name\":\"Sonoraenequipo.com.mx\",\"url\":\"https:\/\/www.sonoraenequipo.com.mx\/\",\"logo\":{\"@type\":\"ImageObject\",\"inLanguage\":\"es\",\"@id\":\"https:\/\/www.sonoraenequipo.com.mx\/#\/schema\/logo\/image\/\",\"url\":\"https:\/\/www.sonoraenequipo.com.mx\/storage\/2019\/01\/sonoraenequipo_opt.png\",\"contentUrl\":\"https:\/\/www.sonoraenequipo.com.mx\/storage\/2019\/01\/sonoraenequipo_opt.png\",\"width\":375,\"height\":125,\"caption\":\"Sonoraenequipo.com.mx\"},\"image\":{\"@id\":\"https:\/\/www.sonoraenequipo.com.mx\/#\/schema\/logo\/image\/\"},\"sameAs\":[\"https:\/\/www.facebook.com\/SonoraEE\/\",\"https:\/\/x.com\/sonoraenequipo\",\"https:\/\/www.youtube.com\/channel\/UC338nW-lPEYmJQs4ZABQ1SQ\"]},{\"@type\":\"Person\",\"@id\":\"https:\/\/www.sonoraenequipo.com.mx\/#\/schema\/person\/50102df0fb23a8fa9e8effad8fa81386\",\"name\":\"enequipo\",\"image\":{\"@type\":\"ImageObject\",\"inLanguage\":\"es\",\"@id\":\"https:\/\/www.sonoraenequipo.com.mx\/#\/schema\/person\/image\/\",\"url\":\"https:\/\/secure.gravatar.com\/avatar\/049821681b589dabc0bc20695993ccebb09f5b5d4d790cd9251b97faac7c652b?s=96&d=blank&r=g\",\"contentUrl\":\"https:\/\/secure.gravatar.com\/avatar\/049821681b589dabc0bc20695993ccebb09f5b5d4d790cd9251b97faac7c652b?s=96&d=blank&r=g\",\"caption\":\"enequipo\"},\"sameAs\":[\"https:\/\/www.facebook.com\/SonoraEE\"]}]}<\/script>\n ","yoast_head_json":{"title":"Sonora en Equipo. Supervisar\u00e1 Protecci\u00f3n Civil estatal Fiestas del Pitic 2022 Sonora","description":"HERMOSILLO, SONORA,MX.\u2500 La Coordinaci\u00f3n Estatal de Protecci\u00f3n Civil (CEPC), en colaboraci\u00f3n con autoridades del Ayuntamiento de Hermosillo, supervisar\u00e1 En Sonora en Equipo publicamos toda la informaci\u00f3n de Sonora, M\u00e9xico y el Mundo de manera oportuna y busca que la libertad de expresi\u00f3n sea real. Visita nuestro medio informativo publicado desde Hermosillo, Sonora. %","robots":{"index":"index","follow":"follow","max-snippet":"max-snippet:-1","max-image-preview":"max-image-preview:large","max-video-preview":"max-video-preview:-1"},"canonical":"https:\/\/www.sonoraenequipo.com.mx\/supervisara-proteccion-civil-estatal-fiestas-del-pitic-2022\/","og_locale":"es_ES","og_type":"article","og_title":"Sonora en Equipo. Supervisar\u00e1 Protecci\u00f3n Civil estatal Fiestas del Pitic 2022 Sonora","og_description":"HERMOSILLO, SONORA,MX.\u2500 La Coordinaci\u00f3n Estatal de Protecci\u00f3n Civil (CEPC), en colaboraci\u00f3n con autoridades del Ayuntamiento de Hermosillo, supervisar\u00e1 En Sonora en Equipo publicamos toda la informaci\u00f3n de Sonora, M\u00e9xico y el Mundo de manera oportuna y busca que la libertad de expresi\u00f3n sea real. Visita nuestro medio informativo publicado desde Hermosillo, Sonora. %","og_url":"https:\/\/www.sonoraenequipo.com.mx\/supervisara-proteccion-civil-estatal-fiestas-del-pitic-2022\/","og_site_name":"Sonora en Equipo.","article_publisher":"https:\/\/www.facebook.com\/SonoraEE\/","article_author":"https:\/\/www.facebook.com\/SonoraEE","article_published_time":"2022-05-26T21:01:17+00:00","og_image":[{"width":700,"height":400,"url":"https:\/\/www.sonoraenequipo.com.mx\/storage\/2022\/05\/cepc-fiestas.jpg","type":"image\/jpeg"}],"author":"enequipo","twitter_card":"summary_large_image","twitter_creator":"@sonoraenequipo","twitter_site":"@sonoraenequipo","twitter_misc":{"Escrito por":"enequipo","Tiempo de lectura":"1 minuto"},"schema":{"@context":"https:\/\/schema.org","@graph":[{"@type":"Article","@id":"https:\/\/www.sonoraenequipo.com.mx\/supervisara-proteccion-civil-estatal-fiestas-del-pitic-2022\/#article","isPartOf":{"@id":"https:\/\/www.sonoraenequipo.com.mx\/supervisara-proteccion-civil-estatal-fiestas-del-pitic-2022\/"},"author":{"name":"enequipo","@id":"https:\/\/www.sonoraenequipo.com.mx\/#\/schema\/person\/50102df0fb23a8fa9e8effad8fa81386"},"headline":"Supervisar\u00e1 Protecci\u00f3n Civil estatal Fiestas del Pitic 2022","datePublished":"2022-05-26T21:01:17+00:00","mainEntityOfPage":{"@id":"https:\/\/www.sonoraenequipo.com.mx\/supervisara-proteccion-civil-estatal-fiestas-del-pitic-2022\/"},"wordCount":228,"commentCount":0,"publisher":{"@id":"https:\/\/www.sonoraenequipo.com.mx\/#organization"},"image":{"@id":"https:\/\/www.sonoraenequipo.com.mx\/supervisara-proteccion-civil-estatal-fiestas-del-pitic-2022\/#primaryimage"},"thumbnailUrl":"https:\/\/www.sonoraenequipo.com.mx\/storage\/2022\/05\/cepc-fiestas.jpg","keywords":["fiestas","pitic2022"],"articleSection":["Sonora"],"inLanguage":"es","potentialAction":[{"@type":"CommentAction","name":"Comment","target":["https:\/\/www.sonoraenequipo.com.mx\/supervisara-proteccion-civil-estatal-fiestas-del-pitic-2022\/#respond"]}]},{"@type":"WebPage","@id":"https:\/\/www.sonoraenequipo.com.mx\/supervisara-proteccion-civil-estatal-fiestas-del-pitic-2022\/","url":"https:\/\/www.sonoraenequipo.com.mx\/supervisara-proteccion-civil-estatal-fiestas-del-pitic-2022\/","name":"Sonora en Equipo. Supervisar\u00e1 Protecci\u00f3n Civil estatal Fiestas del Pitic 2022 Sonora","isPartOf":{"@id":"https:\/\/www.sonoraenequipo.com.mx\/#website"},"primaryImageOfPage":{"@id":"https:\/\/www.sonoraenequipo.com.mx\/supervisara-proteccion-civil-estatal-fiestas-del-pitic-2022\/#primaryimage"},"image":{"@id":"https:\/\/www.sonoraenequipo.com.mx\/supervisara-proteccion-civil-estatal-fiestas-del-pitic-2022\/#primaryimage"},"thumbnailUrl":"https:\/\/www.sonoraenequipo.com.mx\/storage\/2022\/05\/cepc-fiestas.jpg","datePublished":"2022-05-26T21:01:17+00:00","description":"HERMOSILLO, SONORA,MX.\u2500 La Coordinaci\u00f3n Estatal de Protecci\u00f3n Civil (CEPC), en colaboraci\u00f3n con autoridades del Ayuntamiento de Hermosillo, supervisar\u00e1 En Sonora en Equipo publicamos toda la informaci\u00f3n de Sonora, M\u00e9xico y el Mundo de manera oportuna y busca que la libertad de expresi\u00f3n sea real. Visita nuestro medio informativo publicado desde Hermosillo, Sonora. %","breadcrumb":{"@id":"https:\/\/www.sonoraenequipo.com.mx\/supervisara-proteccion-civil-estatal-fiestas-del-pitic-2022\/#breadcrumb"},"inLanguage":"es","potentialAction":[{"@type":"ReadAction","target":["https:\/\/www.sonoraenequipo.com.mx\/supervisara-proteccion-civil-estatal-fiestas-del-pitic-2022\/"]}]},{"@type":"ImageObject","inLanguage":"es","@id":"https:\/\/www.sonoraenequipo.com.mx\/supervisara-proteccion-civil-estatal-fiestas-del-pitic-2022\/#primaryimage","url":"https:\/\/www.sonoraenequipo.com.mx\/storage\/2022\/05\/cepc-fiestas.jpg","contentUrl":"https:\/\/www.sonoraenequipo.com.mx\/storage\/2022\/05\/cepc-fiestas.jpg","width":700,"height":400},{"@type":"BreadcrumbList","@id":"https:\/\/www.sonoraenequipo.com.mx\/supervisara-proteccion-civil-estatal-fiestas-del-pitic-2022\/#breadcrumb","itemListElement":[{"@type":"ListItem","position":1,"name":"Portada","item":"https:\/\/www.sonoraenequipo.com.mx\/"},{"@type":"ListItem","position":2,"name":"Supervisar\u00e1 Protecci\u00f3n Civil estatal Fiestas del Pitic 2022"}]},{"@type":"WebSite","@id":"https:\/\/www.sonoraenequipo.com.mx\/#website","url":"https:\/\/www.sonoraenequipo.com.mx\/","name":"Sonora en Equipo.","description":"Diario en l\u00ednea con Noticias desde Hermosillo, Sonora","publisher":{"@id":"https:\/\/www.sonoraenequipo.com.mx\/#organization"},"potentialAction":[{"@type":"SearchAction","target":{"@type":"EntryPoint","urlTemplate":"https:\/\/www.sonoraenequipo.com.mx\/?s={search_term_string}"},"query-input":{"@type":"PropertyValueSpecification","valueRequired":true,"valueName":"search_term_string"}}],"inLanguage":"es"},{"@type":"Organization","@id":"https:\/\/www.sonoraenequipo.com.mx\/#organization","name":"Sonoraenequipo.com.mx","url":"https:\/\/www.sonoraenequipo.com.mx\/","logo":{"@type":"ImageObject","inLanguage":"es","@id":"https:\/\/www.sonoraenequipo.com.mx\/#\/schema\/logo\/image\/","url":"https:\/\/www.sonoraenequipo.com.mx\/storage\/2019\/01\/sonoraenequipo_opt.png","contentUrl":"https:\/\/www.sonoraenequipo.com.mx\/storage\/2019\/01\/sonoraenequipo_opt.png","width":375,"height":125,"caption":"Sonoraenequipo.com.mx"},"image":{"@id":"https:\/\/www.sonoraenequipo.com.mx\/#\/schema\/logo\/image\/"},"sameAs":["https:\/\/www.facebook.com\/SonoraEE\/","https:\/\/x.com\/sonoraenequipo","https:\/\/www.youtube.com\/channel\/UC338nW-lPEYmJQs4ZABQ1SQ"]},{"@type":"Person","@id":"https:\/\/www.sonoraenequipo.com.mx\/#\/schema\/person\/50102df0fb23a8fa9e8effad8fa81386","name":"enequipo","image":{"@type":"ImageObject","inLanguage":"es","@id":"https:\/\/www.sonoraenequipo.com.mx\/#\/schema\/person\/image\/","url":"https:\/\/secure.gravatar.com\/avatar\/049821681b589dabc0bc20695993ccebb09f5b5d4d790cd9251b97faac7c652b?s=96&d=blank&r=g","contentUrl":"https:\/\/secure.gravatar.com\/avatar\/049821681b589dabc0bc20695993ccebb09f5b5d4d790cd9251b97faac7c652b?s=96&d=blank&r=g","caption":"enequipo"},"sameAs":["https:\/\/www.facebook.com\/SonoraEE"]}]}},"jetpack_featured_media_url":"https:\/\/www.sonoraenequipo.com.mx\/storage\/2022\/05\/cepc-fiestas.jpg","_links":{"self":[{"href":"https:\/\/www.sonoraenequipo.com.mx\/api\/wp\/v2\/posts\/139176","targetHints":{"allow":["GET"]}}],"collection":[{"href":"https:\/\/www.sonoraenequipo.com.mx\/api\/wp\/v2\/posts"}],"about":[{"href":"https:\/\/www.sonoraenequipo.com.mx\/api\/wp\/v2\/types\/post"}],"author":[{"embeddable":true,"href":"https:\/\/www.sonoraenequipo.com.mx\/api\/wp\/v2\/users\/1"}],"replies":[{"embeddable":true,"href":"https:\/\/www.sonoraenequipo.com.mx\/api\/wp\/v2\/comments?post=139176"}],"version-history":[{"count":1,"href":"https:\/\/www.sonoraenequipo.com.mx\/api\/wp\/v2\/posts\/139176\/revisions"}],"predecessor-version":[{"id":139178,"href":"https:\/\/www.sonoraenequipo.com.mx\/api\/wp\/v2\/posts\/139176\/revisions\/139178"}],"wp:featuredmedia":[{"embeddable":true,"href":"https:\/\/www.sonoraenequipo.com.mx\/api\/wp\/v2\/media\/139177"}],"wp:attachment":[{"href":"https:\/\/www.sonoraenequipo.com.mx\/api\/wp\/v2\/media?parent=139176"}],"wp:term":[{"taxonomy":"category","embeddable":true,"href":"https:\/\/www.sonoraenequipo.com.mx\/api\/wp\/v2\/categories?post=139176"},{"taxonomy":"post_tag","embeddable":true,"href":"https:\/\/www.sonoraenequipo.com.mx\/api\/wp\/v2\/tags?post=139176"}],"curies":[{"name":"wp","href":"https:\/\/api.w.org\/{rel}","templated":true}]}}