{"id":139185,"date":"2022-05-25T15:00:53","date_gmt":"2022-05-25T22:00:53","guid":{"rendered":"https:\/\/www.sonoraenequipo.com.mx\/?p=139185"},"modified":"2022-05-26T15:03:23","modified_gmt":"2022-05-26T22:03:23","slug":"sismo-de-magnitud-5-5-remece-a-oaxaca","status":"publish","type":"post","link":"https:\/\/www.sonoraenequipo.com.mx\/sismo-de-magnitud-5-5-remece-a-oaxaca\/","title":{"rendered":"Sismo de magnitud 5.5 remece a Oaxaca"},"content":{"rendered":"<p><strong>OAXACA.OAXACA. MX.<\/strong> \u2014 El Servicio Sismol\u00f3gico Nacional (SSN) inform\u00f3 que la tarde de este mi\u00e9rcoles se registr\u00f3 un sismo de magnitud 5.5 en el estado de Oaxaca.<\/p>\n<p>&nbsp;<\/p>\n<p>&nbsp;<\/p>\n<p> <\/p>\n<p>&nbsp;<\/p>\n<p>El epicentro del sismo se localiz\u00f3 a 41 kil\u00f3metros al noreste de la Crucecita, Oaxaca, a las 16:43 horas y una profundidad de 10 kil\u00f3metros, detall\u00f3 el Sismol\u00f3gico Nacional a trav\u00e9s de redes sociales.<\/p>\n<p>&nbsp;<\/p>\n<p>La alerta s\u00edsmica no fue activada en los altavoces de la Ciudad de M\u00e9xico ni en sus alrededores; sin embargo, se report\u00f3 que se activ\u00f3 en tel\u00e9fonos celulares.<\/p>\n<p>&nbsp;<\/p>\n<p>Por su parte, la Coordinaci\u00f3n Nacional de Protecci\u00f3n Civil indic\u00f3 que, tras el sismo, no se reportan afectaciones en los estados donde fue percibido. Sin embargo, apunt\u00f3 que se mantiene el monitoreo.<\/p>\n<p>&nbsp;<\/p>\n<p><a class=\"twitter-timeline\" data-width=\"640\" data-height=\"960\" data-dnt=\"true\" href=\"https:\/\/twitter.com\/CNPC_MX?ref_src=twsrc%5Etfw\">Tweets by CNPC_MX<\/a><script async src=\"https:\/\/platform.twitter.com\/widgets.js\" charset=\"utf-8\"><\/script><\/p>\n<p>Agreg\u00f3: \u201c<em>De acuerdo con bolet\u00edn del Centro de Alerta de Tsunamis de la Marina, tras el sismo de magnitud preliminar 5.8 al noreste de Crucecita, Oaxaca, NO se espera la generaci\u00f3n de variaciones del nivel del mar por la ubicaci\u00f3n del epicentro\u201c.<\/em><\/p>\n<p>&nbsp;<\/p>\n<p>Por su parte, la jefa de Gobierno, Claudia Sheinbaum, inform\u00f3 que se registr\u00f3 un sismo con leve percepci\u00f3n en la capital del pa\u00eds, pero que la magnitud no amerit\u00f3 la activaci\u00f3n de la alerta s\u00edsmica; aunque anunci\u00f3 que se activaron los protocolos de protecci\u00f3n civil.<\/p>\n<p><a class=\"twitter-timeline\" data-width=\"640\" data-height=\"960\" data-dnt=\"true\" href=\"https:\/\/twitter.com\/Claudiashein?ref_src=twsrc%5Etfw\">Tweets by Claudiashein<\/a><script async src=\"https:\/\/platform.twitter.com\/widgets.js\" charset=\"utf-8\"><\/script><\/p>\n<p>En tanto, el secretario de Seguridad Ciudadana capitalino, Omar Grac\u00eda Harfuch, inform\u00f3 que cinco helic\u00f3pteros c\u00f3ndores sobrevuelan la ciudad para evaluar posibles da\u00f1os por el sismo de 5.5 grados con epicentro en las costas de Oaxaca.<\/p>\n<p>&nbsp;<\/p>\n<p>(Publicada el 25\/05\/2022)<\/p>\n","protected":false},"excerpt":{"rendered":"<p>OAXACA.OAXACA. MX. \u2014 El Servicio Sismol\u00f3gico Nacional (SSN) inform\u00f3 que la tarde de este mi\u00e9rcoles&#8230;<\/p>\n","protected":false},"author":1,"featured_media":139189,"comment_status":"open","ping_status":"open","sticky":false,"template":"","format":"standard","meta":{"_monsterinsights_skip_tracking":false,"_monsterinsights_sitenote_active":false,"_monsterinsights_sitenote_note":"","_monsterinsights_sitenote_category":0,"footnotes":""},"categories":[5],"tags":[],"class_list":["post"],"yoast_head":" \n<title>Sonora en Equipo. Sismo de magnitud 5.5 remece a Oaxaca Rep\u00fablica<\/title>\n<meta name=\"description\" content=\"OAXACA.OAXACA. MX. \u2014 El Servicio Sismol\u00f3gico Nacional (SSN) inform\u00f3 que la tarde de este mi\u00e9rcoles se registr\u00f3 un sismo de magnitud 5.5 en el estado de En Sonora en Equipo publicamos toda la informaci\u00f3n de Sonora, M\u00e9xico y el Mundo de manera oportuna y busca que la libertad de expresi\u00f3n sea real. Visita nuestro medio informativo publicado desde Hermosillo, Sonora. %\" \/>\n<meta name=\"robots\" content=\"index, follow, max-snippet:-1, max-image-preview:large, max-video-preview:-1\" \/>\n<link rel=\"canonical\" href=\"https:\/\/www.sonoraenequipo.com.mx\/sismo-de-magnitud-5-5-remece-a-oaxaca\/\" \/>\n<meta property=\"og:locale\" content=\"es_ES\" \/>\n<meta property=\"og:type\" content=\"article\" \/>\n<meta property=\"og:title\" content=\"Sonora en Equipo. Sismo de magnitud 5.5 remece a Oaxaca Rep\u00fablica\" \/>\n<meta property=\"og:description\" content=\"OAXACA.OAXACA. MX. \u2014 El Servicio Sismol\u00f3gico Nacional (SSN) inform\u00f3 que la tarde de este mi\u00e9rcoles se registr\u00f3 un sismo de magnitud 5.5 en el estado de En Sonora en Equipo publicamos toda la informaci\u00f3n de Sonora, M\u00e9xico y el Mundo de manera oportuna y busca que la libertad de expresi\u00f3n sea real. Visita nuestro medio informativo publicado desde Hermosillo, Sonora. %\" \/>\n<meta property=\"og:url\" content=\"https:\/\/www.sonoraenequipo.com.mx\/sismo-de-magnitud-5-5-remece-a-oaxaca\/\" \/>\n<meta property=\"og:site_name\" content=\"Sonora en Equipo.\" \/>\n<meta property=\"article:publisher\" content=\"https:\/\/www.facebook.com\/SonoraEE\/\" \/>\n<meta property=\"article:author\" content=\"https:\/\/www.facebook.com\/SonoraEE\" \/>\n<meta property=\"article:published_time\" content=\"2022-05-25T22:00:53+00:00\" \/>\n<meta property=\"article:modified_time\" content=\"2022-05-26T22:03:23+00:00\" \/>\n<meta property=\"og:image\" content=\"https:\/\/www.sonoraenequipo.com.mx\/storage\/2022\/05\/sismo...jpg\" \/>\n\t<meta property=\"og:image:width\" content=\"696\" \/>\n\t<meta property=\"og:image:height\" content=\"398\" \/>\n\t<meta property=\"og:image:type\" content=\"image\/jpeg\" \/>\n<meta name=\"author\" content=\"enequipo\" \/>\n<meta name=\"twitter:card\" content=\"summary_large_image\" \/>\n<meta name=\"twitter:creator\" content=\"@sonoraenequipo\" \/>\n<meta name=\"twitter:site\" content=\"@sonoraenequipo\" \/>\n<meta name=\"twitter:label1\" content=\"Escrito por\" \/>\n\t<meta name=\"twitter:data1\" content=\"enequipo\" \/>\n\t<meta name=\"twitter:label2\" content=\"Tiempo de lectura\" \/>\n\t<meta name=\"twitter:data2\" content=\"2 minutos\" \/>\n<script type=\"application\/ld+json\" class=\"yoast-schema-graph\">{\"@context\":\"https:\/\/schema.org\",\"@graph\":[{\"@type\":\"Article\",\"@id\":\"https:\/\/www.sonoraenequipo.com.mx\/sismo-de-magnitud-5-5-remece-a-oaxaca\/#article\",\"isPartOf\":{\"@id\":\"https:\/\/www.sonoraenequipo.com.mx\/sismo-de-magnitud-5-5-remece-a-oaxaca\/\"},\"author\":{\"name\":\"enequipo\",\"@id\":\"https:\/\/www.sonoraenequipo.com.mx\/#\/schema\/person\/50102df0fb23a8fa9e8effad8fa81386\"},\"headline\":\"Sismo de magnitud 5.5 remece a Oaxaca\",\"datePublished\":\"2022-05-25T22:00:53+00:00\",\"dateModified\":\"2022-05-26T22:03:23+00:00\",\"mainEntityOfPage\":{\"@id\":\"https:\/\/www.sonoraenequipo.com.mx\/sismo-de-magnitud-5-5-remece-a-oaxaca\/\"},\"wordCount\":286,\"commentCount\":0,\"publisher\":{\"@id\":\"https:\/\/www.sonoraenequipo.com.mx\/#organization\"},\"image\":{\"@id\":\"https:\/\/www.sonoraenequipo.com.mx\/sismo-de-magnitud-5-5-remece-a-oaxaca\/#primaryimage\"},\"thumbnailUrl\":\"https:\/\/www.sonoraenequipo.com.mx\/storage\/2022\/05\/sismo...jpg\",\"articleSection\":[\"Rep\u00fablica\"],\"inLanguage\":\"es\",\"potentialAction\":[{\"@type\":\"CommentAction\",\"name\":\"Comment\",\"target\":[\"https:\/\/www.sonoraenequipo.com.mx\/sismo-de-magnitud-5-5-remece-a-oaxaca\/#respond\"]}]},{\"@type\":\"WebPage\",\"@id\":\"https:\/\/www.sonoraenequipo.com.mx\/sismo-de-magnitud-5-5-remece-a-oaxaca\/\",\"url\":\"https:\/\/www.sonoraenequipo.com.mx\/sismo-de-magnitud-5-5-remece-a-oaxaca\/\",\"name\":\"Sonora en Equipo. Sismo de magnitud 5.5 remece a Oaxaca Rep\u00fablica\",\"isPartOf\":{\"@id\":\"https:\/\/www.sonoraenequipo.com.mx\/#website\"},\"primaryImageOfPage\":{\"@id\":\"https:\/\/www.sonoraenequipo.com.mx\/sismo-de-magnitud-5-5-remece-a-oaxaca\/#primaryimage\"},\"image\":{\"@id\":\"https:\/\/www.sonoraenequipo.com.mx\/sismo-de-magnitud-5-5-remece-a-oaxaca\/#primaryimage\"},\"thumbnailUrl\":\"https:\/\/www.sonoraenequipo.com.mx\/storage\/2022\/05\/sismo...jpg\",\"datePublished\":\"2022-05-25T22:00:53+00:00\",\"dateModified\":\"2022-05-26T22:03:23+00:00\",\"description\":\"OAXACA.OAXACA. MX. \u2014 El Servicio Sismol\u00f3gico Nacional (SSN) inform\u00f3 que la tarde de este mi\u00e9rcoles se registr\u00f3 un sismo de magnitud 5.5 en el estado de En Sonora en Equipo publicamos toda la informaci\u00f3n de Sonora, M\u00e9xico y el Mundo de manera oportuna y busca que la libertad de expresi\u00f3n sea real. Visita nuestro medio informativo publicado desde Hermosillo, Sonora. %\",\"breadcrumb\":{\"@id\":\"https:\/\/www.sonoraenequipo.com.mx\/sismo-de-magnitud-5-5-remece-a-oaxaca\/#breadcrumb\"},\"inLanguage\":\"es\",\"potentialAction\":[{\"@type\":\"ReadAction\",\"target\":[\"https:\/\/www.sonoraenequipo.com.mx\/sismo-de-magnitud-5-5-remece-a-oaxaca\/\"]}]},{\"@type\":\"ImageObject\",\"inLanguage\":\"es\",\"@id\":\"https:\/\/www.sonoraenequipo.com.mx\/sismo-de-magnitud-5-5-remece-a-oaxaca\/#primaryimage\",\"url\":\"https:\/\/www.sonoraenequipo.com.mx\/storage\/2022\/05\/sismo...jpg\",\"contentUrl\":\"https:\/\/www.sonoraenequipo.com.mx\/storage\/2022\/05\/sismo...jpg\",\"width\":696,\"height\":398},{\"@type\":\"BreadcrumbList\",\"@id\":\"https:\/\/www.sonoraenequipo.com.mx\/sismo-de-magnitud-5-5-remece-a-oaxaca\/#breadcrumb\",\"itemListElement\":[{\"@type\":\"ListItem\",\"position\":1,\"name\":\"Portada\",\"item\":\"https:\/\/www.sonoraenequipo.com.mx\/\"},{\"@type\":\"ListItem\",\"position\":2,\"name\":\"Sismo de magnitud 5.5 remece a Oaxaca\"}]},{\"@type\":\"WebSite\",\"@id\":\"https:\/\/www.sonoraenequipo.com.mx\/#website\",\"url\":\"https:\/\/www.sonoraenequipo.com.mx\/\",\"name\":\"Sonora en Equipo.\",\"description\":\"Diario en l\u00ednea con Noticias desde Hermosillo, Sonora\",\"publisher\":{\"@id\":\"https:\/\/www.sonoraenequipo.com.mx\/#organization\"},\"potentialAction\":[{\"@type\":\"SearchAction\",\"target\":{\"@type\":\"EntryPoint\",\"urlTemplate\":\"https:\/\/www.sonoraenequipo.com.mx\/?s={search_term_string}\"},\"query-input\":{\"@type\":\"PropertyValueSpecification\",\"valueRequired\":true,\"valueName\":\"search_term_string\"}}],\"inLanguage\":\"es\"},{\"@type\":\"Organization\",\"@id\":\"https:\/\/www.sonoraenequipo.com.mx\/#organization\",\"name\":\"Sonoraenequipo.com.mx\",\"url\":\"https:\/\/www.sonoraenequipo.com.mx\/\",\"logo\":{\"@type\":\"ImageObject\",\"inLanguage\":\"es\",\"@id\":\"https:\/\/www.sonoraenequipo.com.mx\/#\/schema\/logo\/image\/\",\"url\":\"https:\/\/www.sonoraenequipo.com.mx\/storage\/2019\/01\/sonoraenequipo_opt.png\",\"contentUrl\":\"https:\/\/www.sonoraenequipo.com.mx\/storage\/2019\/01\/sonoraenequipo_opt.png\",\"width\":375,\"height\":125,\"caption\":\"Sonoraenequipo.com.mx\"},\"image\":{\"@id\":\"https:\/\/www.sonoraenequipo.com.mx\/#\/schema\/logo\/image\/\"},\"sameAs\":[\"https:\/\/www.facebook.com\/SonoraEE\/\",\"https:\/\/x.com\/sonoraenequipo\",\"https:\/\/www.youtube.com\/channel\/UC338nW-lPEYmJQs4ZABQ1SQ\"]},{\"@type\":\"Person\",\"@id\":\"https:\/\/www.sonoraenequipo.com.mx\/#\/schema\/person\/50102df0fb23a8fa9e8effad8fa81386\",\"name\":\"enequipo\",\"image\":{\"@type\":\"ImageObject\",\"inLanguage\":\"es\",\"@id\":\"https:\/\/www.sonoraenequipo.com.mx\/#\/schema\/person\/image\/\",\"url\":\"https:\/\/secure.gravatar.com\/avatar\/049821681b589dabc0bc20695993ccebb09f5b5d4d790cd9251b97faac7c652b?s=96&d=blank&r=g\",\"contentUrl\":\"https:\/\/secure.gravatar.com\/avatar\/049821681b589dabc0bc20695993ccebb09f5b5d4d790cd9251b97faac7c652b?s=96&d=blank&r=g\",\"caption\":\"enequipo\"},\"sameAs\":[\"https:\/\/www.facebook.com\/SonoraEE\"]}]}<\/script>\n ","yoast_head_json":{"title":"Sonora en Equipo. Sismo de magnitud 5.5 remece a Oaxaca Rep\u00fablica","description":"OAXACA.OAXACA. MX. \u2014 El Servicio Sismol\u00f3gico Nacional (SSN) inform\u00f3 que la tarde de este mi\u00e9rcoles se registr\u00f3 un sismo de magnitud 5.5 en el estado de En Sonora en Equipo publicamos toda la informaci\u00f3n de Sonora, M\u00e9xico y el Mundo de manera oportuna y busca que la libertad de expresi\u00f3n sea real. Visita nuestro medio informativo publicado desde Hermosillo, Sonora. %","robots":{"index":"index","follow":"follow","max-snippet":"max-snippet:-1","max-image-preview":"max-image-preview:large","max-video-preview":"max-video-preview:-1"},"canonical":"https:\/\/www.sonoraenequipo.com.mx\/sismo-de-magnitud-5-5-remece-a-oaxaca\/","og_locale":"es_ES","og_type":"article","og_title":"Sonora en Equipo. Sismo de magnitud 5.5 remece a Oaxaca Rep\u00fablica","og_description":"OAXACA.OAXACA. MX. \u2014 El Servicio Sismol\u00f3gico Nacional (SSN) inform\u00f3 que la tarde de este mi\u00e9rcoles se registr\u00f3 un sismo de magnitud 5.5 en el estado de En Sonora en Equipo publicamos toda la informaci\u00f3n de Sonora, M\u00e9xico y el Mundo de manera oportuna y busca que la libertad de expresi\u00f3n sea real. Visita nuestro medio informativo publicado desde Hermosillo, Sonora. %","og_url":"https:\/\/www.sonoraenequipo.com.mx\/sismo-de-magnitud-5-5-remece-a-oaxaca\/","og_site_name":"Sonora en Equipo.","article_publisher":"https:\/\/www.facebook.com\/SonoraEE\/","article_author":"https:\/\/www.facebook.com\/SonoraEE","article_published_time":"2022-05-25T22:00:53+00:00","article_modified_time":"2022-05-26T22:03:23+00:00","og_image":[{"width":696,"height":398,"url":"https:\/\/www.sonoraenequipo.com.mx\/storage\/2022\/05\/sismo...jpg","type":"image\/jpeg"}],"author":"enequipo","twitter_card":"summary_large_image","twitter_creator":"@sonoraenequipo","twitter_site":"@sonoraenequipo","twitter_misc":{"Escrito por":"enequipo","Tiempo de lectura":"2 minutos"},"schema":{"@context":"https:\/\/schema.org","@graph":[{"@type":"Article","@id":"https:\/\/www.sonoraenequipo.com.mx\/sismo-de-magnitud-5-5-remece-a-oaxaca\/#article","isPartOf":{"@id":"https:\/\/www.sonoraenequipo.com.mx\/sismo-de-magnitud-5-5-remece-a-oaxaca\/"},"author":{"name":"enequipo","@id":"https:\/\/www.sonoraenequipo.com.mx\/#\/schema\/person\/50102df0fb23a8fa9e8effad8fa81386"},"headline":"Sismo de magnitud 5.5 remece a Oaxaca","datePublished":"2022-05-25T22:00:53+00:00","dateModified":"2022-05-26T22:03:23+00:00","mainEntityOfPage":{"@id":"https:\/\/www.sonoraenequipo.com.mx\/sismo-de-magnitud-5-5-remece-a-oaxaca\/"},"wordCount":286,"commentCount":0,"publisher":{"@id":"https:\/\/www.sonoraenequipo.com.mx\/#organization"},"image":{"@id":"https:\/\/www.sonoraenequipo.com.mx\/sismo-de-magnitud-5-5-remece-a-oaxaca\/#primaryimage"},"thumbnailUrl":"https:\/\/www.sonoraenequipo.com.mx\/storage\/2022\/05\/sismo...jpg","articleSection":["Rep\u00fablica"],"inLanguage":"es","potentialAction":[{"@type":"CommentAction","name":"Comment","target":["https:\/\/www.sonoraenequipo.com.mx\/sismo-de-magnitud-5-5-remece-a-oaxaca\/#respond"]}]},{"@type":"WebPage","@id":"https:\/\/www.sonoraenequipo.com.mx\/sismo-de-magnitud-5-5-remece-a-oaxaca\/","url":"https:\/\/www.sonoraenequipo.com.mx\/sismo-de-magnitud-5-5-remece-a-oaxaca\/","name":"Sonora en Equipo. Sismo de magnitud 5.5 remece a Oaxaca Rep\u00fablica","isPartOf":{"@id":"https:\/\/www.sonoraenequipo.com.mx\/#website"},"primaryImageOfPage":{"@id":"https:\/\/www.sonoraenequipo.com.mx\/sismo-de-magnitud-5-5-remece-a-oaxaca\/#primaryimage"},"image":{"@id":"https:\/\/www.sonoraenequipo.com.mx\/sismo-de-magnitud-5-5-remece-a-oaxaca\/#primaryimage"},"thumbnailUrl":"https:\/\/www.sonoraenequipo.com.mx\/storage\/2022\/05\/sismo...jpg","datePublished":"2022-05-25T22:00:53+00:00","dateModified":"2022-05-26T22:03:23+00:00","description":"OAXACA.OAXACA. MX. \u2014 El Servicio Sismol\u00f3gico Nacional (SSN) inform\u00f3 que la tarde de este mi\u00e9rcoles se registr\u00f3 un sismo de magnitud 5.5 en el estado de En Sonora en Equipo publicamos toda la informaci\u00f3n de Sonora, M\u00e9xico y el Mundo de manera oportuna y busca que la libertad de expresi\u00f3n sea real. Visita nuestro medio informativo publicado desde Hermosillo, Sonora. %","breadcrumb":{"@id":"https:\/\/www.sonoraenequipo.com.mx\/sismo-de-magnitud-5-5-remece-a-oaxaca\/#breadcrumb"},"inLanguage":"es","potentialAction":[{"@type":"ReadAction","target":["https:\/\/www.sonoraenequipo.com.mx\/sismo-de-magnitud-5-5-remece-a-oaxaca\/"]}]},{"@type":"ImageObject","inLanguage":"es","@id":"https:\/\/www.sonoraenequipo.com.mx\/sismo-de-magnitud-5-5-remece-a-oaxaca\/#primaryimage","url":"https:\/\/www.sonoraenequipo.com.mx\/storage\/2022\/05\/sismo...jpg","contentUrl":"https:\/\/www.sonoraenequipo.com.mx\/storage\/2022\/05\/sismo...jpg","width":696,"height":398},{"@type":"BreadcrumbList","@id":"https:\/\/www.sonoraenequipo.com.mx\/sismo-de-magnitud-5-5-remece-a-oaxaca\/#breadcrumb","itemListElement":[{"@type":"ListItem","position":1,"name":"Portada","item":"https:\/\/www.sonoraenequipo.com.mx\/"},{"@type":"ListItem","position":2,"name":"Sismo de magnitud 5.5 remece a Oaxaca"}]},{"@type":"WebSite","@id":"https:\/\/www.sonoraenequipo.com.mx\/#website","url":"https:\/\/www.sonoraenequipo.com.mx\/","name":"Sonora en Equipo.","description":"Diario en l\u00ednea con Noticias desde Hermosillo, Sonora","publisher":{"@id":"https:\/\/www.sonoraenequipo.com.mx\/#organization"},"potentialAction":[{"@type":"SearchAction","target":{"@type":"EntryPoint","urlTemplate":"https:\/\/www.sonoraenequipo.com.mx\/?s={search_term_string}"},"query-input":{"@type":"PropertyValueSpecification","valueRequired":true,"valueName":"search_term_string"}}],"inLanguage":"es"},{"@type":"Organization","@id":"https:\/\/www.sonoraenequipo.com.mx\/#organization","name":"Sonoraenequipo.com.mx","url":"https:\/\/www.sonoraenequipo.com.mx\/","logo":{"@type":"ImageObject","inLanguage":"es","@id":"https:\/\/www.sonoraenequipo.com.mx\/#\/schema\/logo\/image\/","url":"https:\/\/www.sonoraenequipo.com.mx\/storage\/2019\/01\/sonoraenequipo_opt.png","contentUrl":"https:\/\/www.sonoraenequipo.com.mx\/storage\/2019\/01\/sonoraenequipo_opt.png","width":375,"height":125,"caption":"Sonoraenequipo.com.mx"},"image":{"@id":"https:\/\/www.sonoraenequipo.com.mx\/#\/schema\/logo\/image\/"},"sameAs":["https:\/\/www.facebook.com\/SonoraEE\/","https:\/\/x.com\/sonoraenequipo","https:\/\/www.youtube.com\/channel\/UC338nW-lPEYmJQs4ZABQ1SQ"]},{"@type":"Person","@id":"https:\/\/www.sonoraenequipo.com.mx\/#\/schema\/person\/50102df0fb23a8fa9e8effad8fa81386","name":"enequipo","image":{"@type":"ImageObject","inLanguage":"es","@id":"https:\/\/www.sonoraenequipo.com.mx\/#\/schema\/person\/image\/","url":"https:\/\/secure.gravatar.com\/avatar\/049821681b589dabc0bc20695993ccebb09f5b5d4d790cd9251b97faac7c652b?s=96&d=blank&r=g","contentUrl":"https:\/\/secure.gravatar.com\/avatar\/049821681b589dabc0bc20695993ccebb09f5b5d4d790cd9251b97faac7c652b?s=96&d=blank&r=g","caption":"enequipo"},"sameAs":["https:\/\/www.facebook.com\/SonoraEE"]}]}},"jetpack_featured_media_url":"https:\/\/www.sonoraenequipo.com.mx\/storage\/2022\/05\/sismo...jpg","_links":{"self":[{"href":"https:\/\/www.sonoraenequipo.com.mx\/api\/wp\/v2\/posts\/139185","targetHints":{"allow":["GET"]}}],"collection":[{"href":"https:\/\/www.sonoraenequipo.com.mx\/api\/wp\/v2\/posts"}],"about":[{"href":"https:\/\/www.sonoraenequipo.com.mx\/api\/wp\/v2\/types\/post"}],"author":[{"embeddable":true,"href":"https:\/\/www.sonoraenequipo.com.mx\/api\/wp\/v2\/users\/1"}],"replies":[{"embeddable":true,"href":"https:\/\/www.sonoraenequipo.com.mx\/api\/wp\/v2\/comments?post=139185"}],"version-history":[{"count":1,"href":"https:\/\/www.sonoraenequipo.com.mx\/api\/wp\/v2\/posts\/139185\/revisions"}],"predecessor-version":[{"id":139190,"href":"https:\/\/www.sonoraenequipo.com.mx\/api\/wp\/v2\/posts\/139185\/revisions\/139190"}],"wp:featuredmedia":[{"embeddable":true,"href":"https:\/\/www.sonoraenequipo.com.mx\/api\/wp\/v2\/media\/139189"}],"wp:attachment":[{"href":"https:\/\/www.sonoraenequipo.com.mx\/api\/wp\/v2\/media?parent=139185"}],"wp:term":[{"taxonomy":"category","embeddable":true,"href":"https:\/\/www.sonoraenequipo.com.mx\/api\/wp\/v2\/categories?post=139185"},{"taxonomy":"post_tag","embeddable":true,"href":"https:\/\/www.sonoraenequipo.com.mx\/api\/wp\/v2\/tags?post=139185"}],"curies":[{"name":"wp","href":"https:\/\/api.w.org\/{rel}","templated":true}]}}