{"id":139195,"date":"2022-05-25T22:20:54","date_gmt":"2022-05-26T05:20:54","guid":{"rendered":"https:\/\/www.sonoraenequipo.com.mx\/?p=139195"},"modified":"2022-05-26T16:01:50","modified_gmt":"2022-05-26T23:01:50","slug":"con-30-mdp-para-ejidatarios-termina-conflicto-por-terrenos-de-dzibilchaltun","status":"publish","type":"post","link":"https:\/\/www.sonoraenequipo.com.mx\/con-30-mdp-para-ejidatarios-termina-conflicto-por-terrenos-de-dzibilchaltun\/","title":{"rendered":"Con 30 mdp para ejidatarios, termina conflicto por terrenos de Dzibilchalt\u00fan"},"content":{"rendered":"<p><strong>CHABLEKAL, YUCAT\u00c1N. MX. \u2014<\/strong> El pr\u00f3ximo 17 de junio, el Instituto Nacional de Antropolog\u00eda e Historia (INAH) dar\u00e1 el pago de la expropiaci\u00f3n de los terrenos de la Zona Arqueol\u00f3gica de Dzibilchalt\u00fan; se indemnizar\u00e1 con 30 millones de pesos a los ejidatarios de Chablekal, comisar\u00eda de M\u00e9rida.<\/p>\n<p>&nbsp;<\/p>\n<p> <\/p>\n<p>&nbsp;<\/p>\n<p>El encargado del Centro INAH Yucat\u00e1n, Arturo Chab C\u00e1rdenas, revel\u00f3 que, con el fin de que el acuerdo entre las partes sea fruct\u00edfero para la conservaci\u00f3n y salvaguarda del patrimonio cultural de Dzibilchalt\u00fan, se otorgar\u00e1 la compensaci\u00f3n por medio de una cartera de inversi\u00f3n ya autorizada por la Secretar\u00eda de Hacienda y se pagar\u00e1 el pr\u00f3ximo 17 de junio.<\/p>\n<p>&nbsp;<\/p>\n<p>\u21d2 Con lo anterior, se resolver\u00e1 un conflicto que ha durando m\u00e1s de 60 a\u00f1os entre la autoridad y los ejidatarios, quienes demandaban la indemnizaci\u00f3n por las tierras que ocupa el sitio arqueol\u00f3gico. El sitio actualmente est\u00e1 cerrado por parte de un grupo de ejidatarios inconformes.<\/p>\n<blockquote class=\"twitter-tweet\" data-width=\"550\" data-dnt=\"true\">\n<p lang=\"es\" dir=\"ltr\">La zona arqueol\u00f3gica de <a href=\"https:\/\/twitter.com\/hashtag\/Dzibilchalt%C3%BAn?src=hash&amp;ref_src=twsrc%5Etfw\">#Dzibilchalt\u00fan<\/a> est\u00e1 ubicada en Yucat\u00e1n, y en ella se conservan los tesoros m\u00e1s preciados de nuestros antepasados.v\ud83e\udd70 Desc\u00fabrela en <a href=\"https:\/\/twitter.com\/hashtag\/M%C3%A9xicoBiocultural?src=hash&amp;ref_src=twsrc%5Etfw\">#M\u00e9xicoBiocultural<\/a>, una producci\u00f3n de <a href=\"https:\/\/twitter.com\/hashtag\/ElOnce?src=hash&amp;ref_src=twsrc%5Etfw\">#ElOnce<\/a> y <a href=\"https:\/\/twitter.com\/SEMARNAT_mx?ref_src=twsrc%5Etfw\">@SEMARNAT_mx<\/a>, todos los martes a las 20:30h. <a href=\"https:\/\/t.co\/N1LfsHvb2M\">pic.twitter.com\/N1LfsHvb2M<\/a><\/p>\n<p>&mdash; Canal Once (@CanalOnceTV) <a href=\"https:\/\/twitter.com\/CanalOnceTV\/status\/1529198047300927488?ref_src=twsrc%5Etfw\">May 24, 2022<\/a><\/p><\/blockquote>\n<p><script async src=\"https:\/\/platform.twitter.com\/widgets.js\" charset=\"utf-8\"><\/script><\/p>\n<p>&nbsp;<\/p>\n<p>\u201cDzibilchalt\u00fan es parte de un expediente expropiatorio que el INAH ha integrado desde hace dos a\u00f1os para adquirir el n\u00facleo central del sitio arqueol\u00f3gico, es una deuda hist\u00f3rica que el Gobierno ten\u00eda con los ejidatarios\u201c, indic\u00f3 el funcionario. \u201cYa se firm\u00f3 el acuerdo para la indemnizaci\u00f3n a favor del ejido\u201d, el cual vence el 17 de junio.<\/p>\n<p>&nbsp;<\/p>\n<p>En cuanto al n\u00famero de ejidatarios beneficiados, Chab C\u00e1rdenas indic\u00f3 que no se conoce ya que hubo una depuraci\u00f3n como parte de las estrategias del comisario actual. \u201cNosotros cubriremos a favor del ejido y ellos har\u00e1n la repartici\u00f3n de recursos\u201d, apunt\u00f3.<\/p>\n<p>\u201dEs importante aclarar que el INAH no compr\u00f3 los terrenos, sino que es un procedimiento expropiatorio, en virtud de la presencia de vestigios, que a la vez forman parte de la zona arqueol\u00f3gica de Dzibilchalt\u00fan y del parque nacional\u201d, precis\u00f3 el funcionario. \u201dEs un procedimiento expropiatorio por medio del cual, la Federaci\u00f3n recupera el dominio pleno de la tierra mediante una indemnizaci\u00f3n\u201d.<\/p>\n<blockquote class=\"twitter-tweet\" data-width=\"550\" data-dnt=\"true\">\n<p lang=\"es\" dir=\"ltr\">El pr\u00f3ximo 17 de junio, el INAH dar\u00e1 el pago de la expropiaci\u00f3n de los terrenos de la zona arqueol\u00f3gica de Dzibilchalt\u00fan, por lo que se indemnizar\u00e1 con 30 millones de pesos a los ejidatarios de Chablekal.<\/p>\n<p>Conoce m\u00e1s \ud83d\udc49\ud83c\udffc <a href=\"https:\/\/t.co\/4m0WQylZiB\">https:\/\/t.co\/4m0WQylZiB<\/a> <a href=\"https:\/\/t.co\/aGcsw116lx\">pic.twitter.com\/aGcsw116lx<\/a><\/p>\n<p>&mdash; Yucat\u00e1n Ahora (@yucatanahora) <a href=\"https:\/\/twitter.com\/yucatanahora\/status\/1529350372162248704?ref_src=twsrc%5Etfw\">May 25, 2022<\/a><\/p><\/blockquote>\n<p><script async src=\"https:\/\/platform.twitter.com\/widgets.js\" charset=\"utf-8\"><\/script><\/p>\n<p>&nbsp;<\/p>\n<p>&nbsp;<\/p>\n<p>&nbsp;<\/p>\n<p>(Publicada el 25\/05\/2022)<\/p>\n","protected":false},"excerpt":{"rendered":"<p>CHABLEKAL, YUCAT\u00c1N. MX. \u2014 El pr\u00f3ximo 17 de junio, el Instituto Nacional de Antropolog\u00eda e&#8230;<\/p>\n","protected":false},"author":1,"featured_media":139196,"comment_status":"open","ping_status":"open","sticky":false,"template":"","format":"standard","meta":{"_monsterinsights_skip_tracking":false,"_monsterinsights_sitenote_active":false,"_monsterinsights_sitenote_note":"","_monsterinsights_sitenote_category":0,"footnotes":""},"categories":[5],"tags":[],"class_list":["post"],"yoast_head":" \n<title>Sonora en Equipo. Con 30 mdp para ejidatarios, termina conflicto por terrenos de Dzibilchalt\u00fan Rep\u00fablica<\/title>\n<meta name=\"description\" content=\"CHABLEKAL, YUCAT\u00c1N. MX. \u2014 El pr\u00f3ximo 17 de junio, el Instituto Nacional de Antropolog\u00eda e Historia (INAH) dar\u00e1 el pago de la expropiaci\u00f3n de los terrenos En Sonora en Equipo publicamos toda la informaci\u00f3n de Sonora, M\u00e9xico y el Mundo de manera oportuna y busca que la libertad de expresi\u00f3n sea real. Visita nuestro medio informativo publicado desde Hermosillo, Sonora. %\" \/>\n<meta name=\"robots\" content=\"index, follow, max-snippet:-1, max-image-preview:large, max-video-preview:-1\" \/>\n<link rel=\"canonical\" href=\"https:\/\/www.sonoraenequipo.com.mx\/con-30-mdp-para-ejidatarios-termina-conflicto-por-terrenos-de-dzibilchaltun\/\" \/>\n<meta property=\"og:locale\" content=\"es_ES\" \/>\n<meta property=\"og:type\" content=\"article\" \/>\n<meta property=\"og:title\" content=\"Sonora en Equipo. Con 30 mdp para ejidatarios, termina conflicto por terrenos de Dzibilchalt\u00fan Rep\u00fablica\" \/>\n<meta property=\"og:description\" content=\"CHABLEKAL, YUCAT\u00c1N. MX. \u2014 El pr\u00f3ximo 17 de junio, el Instituto Nacional de Antropolog\u00eda e Historia (INAH) dar\u00e1 el pago de la expropiaci\u00f3n de los terrenos En Sonora en Equipo publicamos toda la informaci\u00f3n de Sonora, M\u00e9xico y el Mundo de manera oportuna y busca que la libertad de expresi\u00f3n sea real. Visita nuestro medio informativo publicado desde Hermosillo, Sonora. %\" \/>\n<meta property=\"og:url\" content=\"https:\/\/www.sonoraenequipo.com.mx\/con-30-mdp-para-ejidatarios-termina-conflicto-por-terrenos-de-dzibilchaltun\/\" \/>\n<meta property=\"og:site_name\" content=\"Sonora en Equipo.\" \/>\n<meta property=\"article:publisher\" content=\"https:\/\/www.facebook.com\/SonoraEE\/\" \/>\n<meta property=\"article:author\" content=\"https:\/\/www.facebook.com\/SonoraEE\" \/>\n<meta property=\"article:published_time\" content=\"2022-05-26T05:20:54+00:00\" \/>\n<meta property=\"article:modified_time\" content=\"2022-05-26T23:01:50+00:00\" \/>\n<meta property=\"og:image\" content=\"https:\/\/www.sonoraenequipo.com.mx\/storage\/2022\/05\/terrenos-de-Dzibilchaltun.jpg\" \/>\n\t<meta property=\"og:image:width\" content=\"700\" \/>\n\t<meta property=\"og:image:height\" content=\"400\" \/>\n\t<meta property=\"og:image:type\" content=\"image\/jpeg\" \/>\n<meta name=\"author\" content=\"enequipo\" \/>\n<meta name=\"twitter:card\" content=\"summary_large_image\" \/>\n<meta name=\"twitter:creator\" content=\"@sonoraenequipo\" \/>\n<meta name=\"twitter:site\" content=\"@sonoraenequipo\" \/>\n<meta name=\"twitter:label1\" content=\"Escrito por\" \/>\n\t<meta name=\"twitter:data1\" content=\"enequipo\" \/>\n\t<meta name=\"twitter:label2\" content=\"Tiempo de lectura\" \/>\n\t<meta name=\"twitter:data2\" content=\"2 minutos\" \/>\n<script type=\"application\/ld+json\" class=\"yoast-schema-graph\">{\"@context\":\"https:\/\/schema.org\",\"@graph\":[{\"@type\":\"Article\",\"@id\":\"https:\/\/www.sonoraenequipo.com.mx\/con-30-mdp-para-ejidatarios-termina-conflicto-por-terrenos-de-dzibilchaltun\/#article\",\"isPartOf\":{\"@id\":\"https:\/\/www.sonoraenequipo.com.mx\/con-30-mdp-para-ejidatarios-termina-conflicto-por-terrenos-de-dzibilchaltun\/\"},\"author\":{\"name\":\"enequipo\",\"@id\":\"https:\/\/www.sonoraenequipo.com.mx\/#\/schema\/person\/50102df0fb23a8fa9e8effad8fa81386\"},\"headline\":\"Con 30 mdp para ejidatarios, termina conflicto por terrenos de Dzibilchalt\u00fan\",\"datePublished\":\"2022-05-26T05:20:54+00:00\",\"dateModified\":\"2022-05-26T23:01:50+00:00\",\"mainEntityOfPage\":{\"@id\":\"https:\/\/www.sonoraenequipo.com.mx\/con-30-mdp-para-ejidatarios-termina-conflicto-por-terrenos-de-dzibilchaltun\/\"},\"wordCount\":391,\"commentCount\":0,\"publisher\":{\"@id\":\"https:\/\/www.sonoraenequipo.com.mx\/#organization\"},\"image\":{\"@id\":\"https:\/\/www.sonoraenequipo.com.mx\/con-30-mdp-para-ejidatarios-termina-conflicto-por-terrenos-de-dzibilchaltun\/#primaryimage\"},\"thumbnailUrl\":\"https:\/\/www.sonoraenequipo.com.mx\/storage\/2022\/05\/terrenos-de-Dzibilchaltun.jpg\",\"articleSection\":[\"Rep\u00fablica\"],\"inLanguage\":\"es\",\"potentialAction\":[{\"@type\":\"CommentAction\",\"name\":\"Comment\",\"target\":[\"https:\/\/www.sonoraenequipo.com.mx\/con-30-mdp-para-ejidatarios-termina-conflicto-por-terrenos-de-dzibilchaltun\/#respond\"]}]},{\"@type\":\"WebPage\",\"@id\":\"https:\/\/www.sonoraenequipo.com.mx\/con-30-mdp-para-ejidatarios-termina-conflicto-por-terrenos-de-dzibilchaltun\/\",\"url\":\"https:\/\/www.sonoraenequipo.com.mx\/con-30-mdp-para-ejidatarios-termina-conflicto-por-terrenos-de-dzibilchaltun\/\",\"name\":\"Sonora en Equipo. Con 30 mdp para ejidatarios, termina conflicto por terrenos de Dzibilchalt\u00fan Rep\u00fablica\",\"isPartOf\":{\"@id\":\"https:\/\/www.sonoraenequipo.com.mx\/#website\"},\"primaryImageOfPage\":{\"@id\":\"https:\/\/www.sonoraenequipo.com.mx\/con-30-mdp-para-ejidatarios-termina-conflicto-por-terrenos-de-dzibilchaltun\/#primaryimage\"},\"image\":{\"@id\":\"https:\/\/www.sonoraenequipo.com.mx\/con-30-mdp-para-ejidatarios-termina-conflicto-por-terrenos-de-dzibilchaltun\/#primaryimage\"},\"thumbnailUrl\":\"https:\/\/www.sonoraenequipo.com.mx\/storage\/2022\/05\/terrenos-de-Dzibilchaltun.jpg\",\"datePublished\":\"2022-05-26T05:20:54+00:00\",\"dateModified\":\"2022-05-26T23:01:50+00:00\",\"description\":\"CHABLEKAL, YUCAT\u00c1N. MX. \u2014 El pr\u00f3ximo 17 de junio, el Instituto Nacional de Antropolog\u00eda e Historia (INAH) dar\u00e1 el pago de la expropiaci\u00f3n de los terrenos En Sonora en Equipo publicamos toda la informaci\u00f3n de Sonora, M\u00e9xico y el Mundo de manera oportuna y busca que la libertad de expresi\u00f3n sea real. Visita nuestro medio informativo publicado desde Hermosillo, Sonora. %\",\"breadcrumb\":{\"@id\":\"https:\/\/www.sonoraenequipo.com.mx\/con-30-mdp-para-ejidatarios-termina-conflicto-por-terrenos-de-dzibilchaltun\/#breadcrumb\"},\"inLanguage\":\"es\",\"potentialAction\":[{\"@type\":\"ReadAction\",\"target\":[\"https:\/\/www.sonoraenequipo.com.mx\/con-30-mdp-para-ejidatarios-termina-conflicto-por-terrenos-de-dzibilchaltun\/\"]}]},{\"@type\":\"ImageObject\",\"inLanguage\":\"es\",\"@id\":\"https:\/\/www.sonoraenequipo.com.mx\/con-30-mdp-para-ejidatarios-termina-conflicto-por-terrenos-de-dzibilchaltun\/#primaryimage\",\"url\":\"https:\/\/www.sonoraenequipo.com.mx\/storage\/2022\/05\/terrenos-de-Dzibilchaltun.jpg\",\"contentUrl\":\"https:\/\/www.sonoraenequipo.com.mx\/storage\/2022\/05\/terrenos-de-Dzibilchaltun.jpg\",\"width\":700,\"height\":400},{\"@type\":\"BreadcrumbList\",\"@id\":\"https:\/\/www.sonoraenequipo.com.mx\/con-30-mdp-para-ejidatarios-termina-conflicto-por-terrenos-de-dzibilchaltun\/#breadcrumb\",\"itemListElement\":[{\"@type\":\"ListItem\",\"position\":1,\"name\":\"Portada\",\"item\":\"https:\/\/www.sonoraenequipo.com.mx\/\"},{\"@type\":\"ListItem\",\"position\":2,\"name\":\"Con 30 mdp para ejidatarios, termina conflicto por terrenos de Dzibilchalt\u00fan\"}]},{\"@type\":\"WebSite\",\"@id\":\"https:\/\/www.sonoraenequipo.com.mx\/#website\",\"url\":\"https:\/\/www.sonoraenequipo.com.mx\/\",\"name\":\"Sonora en Equipo.\",\"description\":\"Diario en l\u00ednea con Noticias desde Hermosillo, Sonora\",\"publisher\":{\"@id\":\"https:\/\/www.sonoraenequipo.com.mx\/#organization\"},\"potentialAction\":[{\"@type\":\"SearchAction\",\"target\":{\"@type\":\"EntryPoint\",\"urlTemplate\":\"https:\/\/www.sonoraenequipo.com.mx\/?s={search_term_string}\"},\"query-input\":{\"@type\":\"PropertyValueSpecification\",\"valueRequired\":true,\"valueName\":\"search_term_string\"}}],\"inLanguage\":\"es\"},{\"@type\":\"Organization\",\"@id\":\"https:\/\/www.sonoraenequipo.com.mx\/#organization\",\"name\":\"Sonoraenequipo.com.mx\",\"url\":\"https:\/\/www.sonoraenequipo.com.mx\/\",\"logo\":{\"@type\":\"ImageObject\",\"inLanguage\":\"es\",\"@id\":\"https:\/\/www.sonoraenequipo.com.mx\/#\/schema\/logo\/image\/\",\"url\":\"https:\/\/www.sonoraenequipo.com.mx\/storage\/2019\/01\/sonoraenequipo_opt.png\",\"contentUrl\":\"https:\/\/www.sonoraenequipo.com.mx\/storage\/2019\/01\/sonoraenequipo_opt.png\",\"width\":375,\"height\":125,\"caption\":\"Sonoraenequipo.com.mx\"},\"image\":{\"@id\":\"https:\/\/www.sonoraenequipo.com.mx\/#\/schema\/logo\/image\/\"},\"sameAs\":[\"https:\/\/www.facebook.com\/SonoraEE\/\",\"https:\/\/x.com\/sonoraenequipo\",\"https:\/\/www.youtube.com\/channel\/UC338nW-lPEYmJQs4ZABQ1SQ\"]},{\"@type\":\"Person\",\"@id\":\"https:\/\/www.sonoraenequipo.com.mx\/#\/schema\/person\/50102df0fb23a8fa9e8effad8fa81386\",\"name\":\"enequipo\",\"image\":{\"@type\":\"ImageObject\",\"inLanguage\":\"es\",\"@id\":\"https:\/\/www.sonoraenequipo.com.mx\/#\/schema\/person\/image\/\",\"url\":\"https:\/\/secure.gravatar.com\/avatar\/049821681b589dabc0bc20695993ccebb09f5b5d4d790cd9251b97faac7c652b?s=96&d=blank&r=g\",\"contentUrl\":\"https:\/\/secure.gravatar.com\/avatar\/049821681b589dabc0bc20695993ccebb09f5b5d4d790cd9251b97faac7c652b?s=96&d=blank&r=g\",\"caption\":\"enequipo\"},\"sameAs\":[\"https:\/\/www.facebook.com\/SonoraEE\"]}]}<\/script>\n ","yoast_head_json":{"title":"Sonora en Equipo. Con 30 mdp para ejidatarios, termina conflicto por terrenos de Dzibilchalt\u00fan Rep\u00fablica","description":"CHABLEKAL, YUCAT\u00c1N. MX. \u2014 El pr\u00f3ximo 17 de junio, el Instituto Nacional de Antropolog\u00eda e Historia (INAH) dar\u00e1 el pago de la expropiaci\u00f3n de los terrenos En Sonora en Equipo publicamos toda la informaci\u00f3n de Sonora, M\u00e9xico y el Mundo de manera oportuna y busca que la libertad de expresi\u00f3n sea real. Visita nuestro medio informativo publicado desde Hermosillo, Sonora. %","robots":{"index":"index","follow":"follow","max-snippet":"max-snippet:-1","max-image-preview":"max-image-preview:large","max-video-preview":"max-video-preview:-1"},"canonical":"https:\/\/www.sonoraenequipo.com.mx\/con-30-mdp-para-ejidatarios-termina-conflicto-por-terrenos-de-dzibilchaltun\/","og_locale":"es_ES","og_type":"article","og_title":"Sonora en Equipo. Con 30 mdp para ejidatarios, termina conflicto por terrenos de Dzibilchalt\u00fan Rep\u00fablica","og_description":"CHABLEKAL, YUCAT\u00c1N. MX. \u2014 El pr\u00f3ximo 17 de junio, el Instituto Nacional de Antropolog\u00eda e Historia (INAH) dar\u00e1 el pago de la expropiaci\u00f3n de los terrenos En Sonora en Equipo publicamos toda la informaci\u00f3n de Sonora, M\u00e9xico y el Mundo de manera oportuna y busca que la libertad de expresi\u00f3n sea real. Visita nuestro medio informativo publicado desde Hermosillo, Sonora. %","og_url":"https:\/\/www.sonoraenequipo.com.mx\/con-30-mdp-para-ejidatarios-termina-conflicto-por-terrenos-de-dzibilchaltun\/","og_site_name":"Sonora en Equipo.","article_publisher":"https:\/\/www.facebook.com\/SonoraEE\/","article_author":"https:\/\/www.facebook.com\/SonoraEE","article_published_time":"2022-05-26T05:20:54+00:00","article_modified_time":"2022-05-26T23:01:50+00:00","og_image":[{"width":700,"height":400,"url":"https:\/\/www.sonoraenequipo.com.mx\/storage\/2022\/05\/terrenos-de-Dzibilchaltun.jpg","type":"image\/jpeg"}],"author":"enequipo","twitter_card":"summary_large_image","twitter_creator":"@sonoraenequipo","twitter_site":"@sonoraenequipo","twitter_misc":{"Escrito por":"enequipo","Tiempo de lectura":"2 minutos"},"schema":{"@context":"https:\/\/schema.org","@graph":[{"@type":"Article","@id":"https:\/\/www.sonoraenequipo.com.mx\/con-30-mdp-para-ejidatarios-termina-conflicto-por-terrenos-de-dzibilchaltun\/#article","isPartOf":{"@id":"https:\/\/www.sonoraenequipo.com.mx\/con-30-mdp-para-ejidatarios-termina-conflicto-por-terrenos-de-dzibilchaltun\/"},"author":{"name":"enequipo","@id":"https:\/\/www.sonoraenequipo.com.mx\/#\/schema\/person\/50102df0fb23a8fa9e8effad8fa81386"},"headline":"Con 30 mdp para ejidatarios, termina conflicto por terrenos de Dzibilchalt\u00fan","datePublished":"2022-05-26T05:20:54+00:00","dateModified":"2022-05-26T23:01:50+00:00","mainEntityOfPage":{"@id":"https:\/\/www.sonoraenequipo.com.mx\/con-30-mdp-para-ejidatarios-termina-conflicto-por-terrenos-de-dzibilchaltun\/"},"wordCount":391,"commentCount":0,"publisher":{"@id":"https:\/\/www.sonoraenequipo.com.mx\/#organization"},"image":{"@id":"https:\/\/www.sonoraenequipo.com.mx\/con-30-mdp-para-ejidatarios-termina-conflicto-por-terrenos-de-dzibilchaltun\/#primaryimage"},"thumbnailUrl":"https:\/\/www.sonoraenequipo.com.mx\/storage\/2022\/05\/terrenos-de-Dzibilchaltun.jpg","articleSection":["Rep\u00fablica"],"inLanguage":"es","potentialAction":[{"@type":"CommentAction","name":"Comment","target":["https:\/\/www.sonoraenequipo.com.mx\/con-30-mdp-para-ejidatarios-termina-conflicto-por-terrenos-de-dzibilchaltun\/#respond"]}]},{"@type":"WebPage","@id":"https:\/\/www.sonoraenequipo.com.mx\/con-30-mdp-para-ejidatarios-termina-conflicto-por-terrenos-de-dzibilchaltun\/","url":"https:\/\/www.sonoraenequipo.com.mx\/con-30-mdp-para-ejidatarios-termina-conflicto-por-terrenos-de-dzibilchaltun\/","name":"Sonora en Equipo. Con 30 mdp para ejidatarios, termina conflicto por terrenos de Dzibilchalt\u00fan Rep\u00fablica","isPartOf":{"@id":"https:\/\/www.sonoraenequipo.com.mx\/#website"},"primaryImageOfPage":{"@id":"https:\/\/www.sonoraenequipo.com.mx\/con-30-mdp-para-ejidatarios-termina-conflicto-por-terrenos-de-dzibilchaltun\/#primaryimage"},"image":{"@id":"https:\/\/www.sonoraenequipo.com.mx\/con-30-mdp-para-ejidatarios-termina-conflicto-por-terrenos-de-dzibilchaltun\/#primaryimage"},"thumbnailUrl":"https:\/\/www.sonoraenequipo.com.mx\/storage\/2022\/05\/terrenos-de-Dzibilchaltun.jpg","datePublished":"2022-05-26T05:20:54+00:00","dateModified":"2022-05-26T23:01:50+00:00","description":"CHABLEKAL, YUCAT\u00c1N. MX. \u2014 El pr\u00f3ximo 17 de junio, el Instituto Nacional de Antropolog\u00eda e Historia (INAH) dar\u00e1 el pago de la expropiaci\u00f3n de los terrenos En Sonora en Equipo publicamos toda la informaci\u00f3n de Sonora, M\u00e9xico y el Mundo de manera oportuna y busca que la libertad de expresi\u00f3n sea real. Visita nuestro medio informativo publicado desde Hermosillo, Sonora. %","breadcrumb":{"@id":"https:\/\/www.sonoraenequipo.com.mx\/con-30-mdp-para-ejidatarios-termina-conflicto-por-terrenos-de-dzibilchaltun\/#breadcrumb"},"inLanguage":"es","potentialAction":[{"@type":"ReadAction","target":["https:\/\/www.sonoraenequipo.com.mx\/con-30-mdp-para-ejidatarios-termina-conflicto-por-terrenos-de-dzibilchaltun\/"]}]},{"@type":"ImageObject","inLanguage":"es","@id":"https:\/\/www.sonoraenequipo.com.mx\/con-30-mdp-para-ejidatarios-termina-conflicto-por-terrenos-de-dzibilchaltun\/#primaryimage","url":"https:\/\/www.sonoraenequipo.com.mx\/storage\/2022\/05\/terrenos-de-Dzibilchaltun.jpg","contentUrl":"https:\/\/www.sonoraenequipo.com.mx\/storage\/2022\/05\/terrenos-de-Dzibilchaltun.jpg","width":700,"height":400},{"@type":"BreadcrumbList","@id":"https:\/\/www.sonoraenequipo.com.mx\/con-30-mdp-para-ejidatarios-termina-conflicto-por-terrenos-de-dzibilchaltun\/#breadcrumb","itemListElement":[{"@type":"ListItem","position":1,"name":"Portada","item":"https:\/\/www.sonoraenequipo.com.mx\/"},{"@type":"ListItem","position":2,"name":"Con 30 mdp para ejidatarios, termina conflicto por terrenos de Dzibilchalt\u00fan"}]},{"@type":"WebSite","@id":"https:\/\/www.sonoraenequipo.com.mx\/#website","url":"https:\/\/www.sonoraenequipo.com.mx\/","name":"Sonora en Equipo.","description":"Diario en l\u00ednea con Noticias desde Hermosillo, Sonora","publisher":{"@id":"https:\/\/www.sonoraenequipo.com.mx\/#organization"},"potentialAction":[{"@type":"SearchAction","target":{"@type":"EntryPoint","urlTemplate":"https:\/\/www.sonoraenequipo.com.mx\/?s={search_term_string}"},"query-input":{"@type":"PropertyValueSpecification","valueRequired":true,"valueName":"search_term_string"}}],"inLanguage":"es"},{"@type":"Organization","@id":"https:\/\/www.sonoraenequipo.com.mx\/#organization","name":"Sonoraenequipo.com.mx","url":"https:\/\/www.sonoraenequipo.com.mx\/","logo":{"@type":"ImageObject","inLanguage":"es","@id":"https:\/\/www.sonoraenequipo.com.mx\/#\/schema\/logo\/image\/","url":"https:\/\/www.sonoraenequipo.com.mx\/storage\/2019\/01\/sonoraenequipo_opt.png","contentUrl":"https:\/\/www.sonoraenequipo.com.mx\/storage\/2019\/01\/sonoraenequipo_opt.png","width":375,"height":125,"caption":"Sonoraenequipo.com.mx"},"image":{"@id":"https:\/\/www.sonoraenequipo.com.mx\/#\/schema\/logo\/image\/"},"sameAs":["https:\/\/www.facebook.com\/SonoraEE\/","https:\/\/x.com\/sonoraenequipo","https:\/\/www.youtube.com\/channel\/UC338nW-lPEYmJQs4ZABQ1SQ"]},{"@type":"Person","@id":"https:\/\/www.sonoraenequipo.com.mx\/#\/schema\/person\/50102df0fb23a8fa9e8effad8fa81386","name":"enequipo","image":{"@type":"ImageObject","inLanguage":"es","@id":"https:\/\/www.sonoraenequipo.com.mx\/#\/schema\/person\/image\/","url":"https:\/\/secure.gravatar.com\/avatar\/049821681b589dabc0bc20695993ccebb09f5b5d4d790cd9251b97faac7c652b?s=96&d=blank&r=g","contentUrl":"https:\/\/secure.gravatar.com\/avatar\/049821681b589dabc0bc20695993ccebb09f5b5d4d790cd9251b97faac7c652b?s=96&d=blank&r=g","caption":"enequipo"},"sameAs":["https:\/\/www.facebook.com\/SonoraEE"]}]}},"jetpack_featured_media_url":"https:\/\/www.sonoraenequipo.com.mx\/storage\/2022\/05\/terrenos-de-Dzibilchaltun.jpg","_links":{"self":[{"href":"https:\/\/www.sonoraenequipo.com.mx\/api\/wp\/v2\/posts\/139195","targetHints":{"allow":["GET"]}}],"collection":[{"href":"https:\/\/www.sonoraenequipo.com.mx\/api\/wp\/v2\/posts"}],"about":[{"href":"https:\/\/www.sonoraenequipo.com.mx\/api\/wp\/v2\/types\/post"}],"author":[{"embeddable":true,"href":"https:\/\/www.sonoraenequipo.com.mx\/api\/wp\/v2\/users\/1"}],"replies":[{"embeddable":true,"href":"https:\/\/www.sonoraenequipo.com.mx\/api\/wp\/v2\/comments?post=139195"}],"version-history":[{"count":1,"href":"https:\/\/www.sonoraenequipo.com.mx\/api\/wp\/v2\/posts\/139195\/revisions"}],"predecessor-version":[{"id":139198,"href":"https:\/\/www.sonoraenequipo.com.mx\/api\/wp\/v2\/posts\/139195\/revisions\/139198"}],"wp:featuredmedia":[{"embeddable":true,"href":"https:\/\/www.sonoraenequipo.com.mx\/api\/wp\/v2\/media\/139196"}],"wp:attachment":[{"href":"https:\/\/www.sonoraenequipo.com.mx\/api\/wp\/v2\/media?parent=139195"}],"wp:term":[{"taxonomy":"category","embeddable":true,"href":"https:\/\/www.sonoraenequipo.com.mx\/api\/wp\/v2\/categories?post=139195"},{"taxonomy":"post_tag","embeddable":true,"href":"https:\/\/www.sonoraenequipo.com.mx\/api\/wp\/v2\/tags?post=139195"}],"curies":[{"name":"wp","href":"https:\/\/api.w.org\/{rel}","templated":true}]}}