{"id":139201,"date":"2022-05-26T11:02:26","date_gmt":"2022-05-26T18:02:26","guid":{"rendered":"https:\/\/www.sonoraenequipo.com.mx\/?p=139201"},"modified":"2022-05-26T16:35:17","modified_gmt":"2022-05-26T23:35:17","slug":"inseguridad-no-sera-obstaculo-para-tianguis-turistico-en-cdmx-sheinbaum","status":"publish","type":"post","link":"https:\/\/www.sonoraenequipo.com.mx\/inseguridad-no-sera-obstaculo-para-tianguis-turistico-en-cdmx-sheinbaum\/","title":{"rendered":"Inseguridad no ser\u00e1 obst\u00e1culo para Tianguis Tur\u00edstico en CDMX: Sheinbaum"},"content":{"rendered":"<p><strong>CIUDAD DE M\u00c9XICO.MX. \u2014<\/strong> La jefa de Gobierno, Claudia Sheinbaum, asegur\u00f3 en conferencia de prensa que la inseguridad en la Ciudad de M\u00e9xico no ser\u00e1 un obst\u00e1culo para la realizaci\u00f3n del Tianguis Tur\u00edstico 2023, evento que se llevar\u00e1 a cabo en la capital del pa\u00eds por primera vez.<\/p>\n<p>&nbsp;<\/p>\n<p> <\/p>\n<p>&nbsp;<\/p>\n<p><em>\u201cEn la ciudad el robo de veh\u00edculos est\u00e1 en los m\u00ednimos hist\u00f3ricos, delitos de alto impacto disminuyen, se ha convertido en un lugar magn\u00edfico para pasear\u2026 Es parte de nuestro trabajo recibir la estafeta y garantizar la seguridad, es fundamental, debemos potenciar la ciudad\u201d,<\/em> afirm\u00f3 la mandataria capitalina.<\/p>\n<p>&nbsp;<\/p>\n<p>&nbsp;<\/p>\n<p>En el marco del Tianguis Tur\u00edstico de Acapulco, la jefa de Gobierno revel\u00f3 que el Tianguis Tur\u00edstico 2023 se realizar\u00e1 del 30 de abril al 3 de mayo, en el Centro Citibanamex. Aunque en diversos puntos de la ciudad habr\u00e1 m\u00e1s actividades con el fin de potenciar el turismo.<\/p>\n<p>&nbsp;<\/p>\n<p>En conferencia de prensa la Jefa @GobCDMX @Claudiashein y el Secretario de Turismo de M\u00e9xico @TorrucoTurismo, dieron a conocer detalles de la edici\u00f3n 47 del #TianguisTur\u00edstico que tendr\u00e1 como sede a la #CiudadDeM\u00e9xico, un gran evento que potencializar\u00e1 el turismo de la Ciudad.<\/p>\n<p><a class=\"twitter-timeline\" data-width=\"640\" data-height=\"960\" data-dnt=\"true\" href=\"https:\/\/twitter.com\/Claudiashein?ref_src=twsrc%5Etfw\">Tweets by Claudiashein<\/a><script async src=\"https:\/\/platform.twitter.com\/widgets.js\" charset=\"utf-8\"><\/script><\/p>\n<p>&nbsp;<\/p>\n<p>&nbsp;<\/p>\n<p>Claudia Sheinbaum destac\u00f3 que el turismo en la Ciudad de M\u00e9xico muestra una recuperaci\u00f3n significativa a niveles pre \u2013 pandemia, pues actualmente se tiene registro del 60 por ciento en ocupaci\u00f3n hotelera; asimismo, se\u00f1al\u00f3 que algunas de las personas que trabajan a distancia han elegido a la capital como lugar para vivir.<\/p>\n<p>&nbsp;<\/p>\n<p>&nbsp;<\/p>\n<p>Asimismo, la mandataria mencion\u00f3 que el programa \u201cCiudad al Aire Libre\u201d permiti\u00f3 que ciertas zonas en la capital se conviertan en las preferidas por los turistas, adem\u00e1s resalt\u00f3 que su administraci\u00f3n realiza acciones para generar turismo, tal como la apertura de la IV secci\u00f3n del Bosque de Chapultepec.<\/p>\n<p>&nbsp;<\/p>\n<p>&nbsp;<\/p>\n<p><em>\u201cDurante mucho tiempo el turismo en la CDMX fue para negocios y hoy est\u00e1 convirti\u00e9ndose en turismo de fin de sem<\/em>ana\u201d, apunt\u00f3.<\/p>\n<p>&nbsp;<\/p>\n<p>&nbsp;<\/p>\n<p>Por su parte, Miguel Torruco, secretario de Turismo federal, precis\u00f3 que para la pr\u00f3xima edici\u00f3n habr\u00e1 m\u00e1s actividades nuevas para atraer a los compradores y visitantes, tales como un \u00e1rea espec\u00edficamente de tecnolog\u00eda y otra con los nuevos modelos de los productos tur\u00edsticos.<\/p>\n<p>&nbsp;<\/p>\n<p>&nbsp;<\/p>\n<p>Para la edici\u00f3n de 2023, indic\u00f3 el funcionario, el evento tendr\u00e1 un arribo aproximado de 3 mil compradores, lo que significar\u00e1 un aumento anual de 76 por ciento. En citas de negocios se tendr\u00e1 80 mil citas de negocios, con lo cual al menos de tendr\u00eda un aumento de 21 por ciento.<\/p>\n<p>&nbsp;<\/p>\n<p>&nbsp;<\/p>\n<p>La noche de este martes, la gobernadora de Guerrero, Evelyn Salgado, entreg\u00f3 a la jefa de Gobierno, Claudia Sheinbuam, la estafeta para la realizaci\u00f3n de Tianguis Tur\u00edstico 2023.<\/p>\n<p>&nbsp;<\/p>\n<p>&nbsp;<\/p>\n<p><a class=\"twitter-timeline\" data-width=\"640\" data-height=\"960\" data-dnt=\"true\" href=\"https:\/\/twitter.com\/SECTUR_mx?ref_src=twsrc%5Etfw\">Tweets by SECTUR_mx<\/a><script async src=\"https:\/\/platform.twitter.com\/widgets.js\" charset=\"utf-8\"><\/script><\/p>\n<p>(Publicada el 26\/05\/2022)<\/p>\n","protected":false},"excerpt":{"rendered":"<p>CIUDAD DE M\u00c9XICO.MX. \u2014 La jefa de Gobierno, Claudia Sheinbaum, asegur\u00f3 en conferencia de prensa&#8230;<\/p>\n","protected":false},"author":1,"featured_media":0,"comment_status":"open","ping_status":"open","sticky":false,"template":"","format":"standard","meta":{"_monsterinsights_skip_tracking":false,"_monsterinsights_sitenote_active":false,"_monsterinsights_sitenote_note":"","_monsterinsights_sitenote_category":0,"footnotes":""},"categories":[5],"tags":[],"class_list":["post"],"yoast_head":" \n<title>Sonora en Equipo. Inseguridad no ser\u00e1 obst\u00e1culo para Tianguis Tur\u00edstico en CDMX: Sheinbaum Rep\u00fablica<\/title>\n<meta name=\"description\" content=\"CIUDAD DE M\u00c9XICO.MX. \u2014 La jefa de Gobierno, Claudia Sheinbaum, asegur\u00f3 en conferencia de prensa que la inseguridad en la Ciudad de M\u00e9xico no ser\u00e1 un En Sonora en Equipo publicamos toda la informaci\u00f3n de Sonora, M\u00e9xico y el Mundo de manera oportuna y busca que la libertad de expresi\u00f3n sea real. Visita nuestro medio informativo publicado desde Hermosillo, Sonora. %\" \/>\n<meta name=\"robots\" content=\"index, follow, max-snippet:-1, max-image-preview:large, max-video-preview:-1\" \/>\n<link rel=\"canonical\" href=\"https:\/\/www.sonoraenequipo.com.mx\/inseguridad-no-sera-obstaculo-para-tianguis-turistico-en-cdmx-sheinbaum\/\" \/>\n<meta property=\"og:locale\" content=\"es_ES\" \/>\n<meta property=\"og:type\" content=\"article\" \/>\n<meta property=\"og:title\" content=\"Sonora en Equipo. Inseguridad no ser\u00e1 obst\u00e1culo para Tianguis Tur\u00edstico en CDMX: Sheinbaum Rep\u00fablica\" \/>\n<meta property=\"og:description\" content=\"CIUDAD DE M\u00c9XICO.MX. \u2014 La jefa de Gobierno, Claudia Sheinbaum, asegur\u00f3 en conferencia de prensa que la inseguridad en la Ciudad de M\u00e9xico no ser\u00e1 un En Sonora en Equipo publicamos toda la informaci\u00f3n de Sonora, M\u00e9xico y el Mundo de manera oportuna y busca que la libertad de expresi\u00f3n sea real. Visita nuestro medio informativo publicado desde Hermosillo, Sonora. %\" \/>\n<meta property=\"og:url\" content=\"https:\/\/www.sonoraenequipo.com.mx\/inseguridad-no-sera-obstaculo-para-tianguis-turistico-en-cdmx-sheinbaum\/\" \/>\n<meta property=\"og:site_name\" content=\"Sonora en Equipo.\" \/>\n<meta property=\"article:publisher\" content=\"https:\/\/www.facebook.com\/SonoraEE\/\" \/>\n<meta property=\"article:author\" content=\"https:\/\/www.facebook.com\/SonoraEE\" \/>\n<meta property=\"article:published_time\" content=\"2022-05-26T18:02:26+00:00\" \/>\n<meta property=\"article:modified_time\" content=\"2022-05-26T23:35:17+00:00\" \/>\n<meta name=\"author\" content=\"enequipo\" \/>\n<meta name=\"twitter:card\" content=\"summary_large_image\" \/>\n<meta name=\"twitter:creator\" content=\"@sonoraenequipo\" \/>\n<meta name=\"twitter:site\" content=\"@sonoraenequipo\" \/>\n<meta name=\"twitter:label1\" content=\"Escrito por\" \/>\n\t<meta name=\"twitter:data1\" content=\"enequipo\" \/>\n\t<meta name=\"twitter:label2\" content=\"Tiempo de lectura\" \/>\n\t<meta name=\"twitter:data2\" content=\"3 minutos\" \/>\n<script type=\"application\/ld+json\" class=\"yoast-schema-graph\">{\"@context\":\"https:\/\/schema.org\",\"@graph\":[{\"@type\":\"Article\",\"@id\":\"https:\/\/www.sonoraenequipo.com.mx\/inseguridad-no-sera-obstaculo-para-tianguis-turistico-en-cdmx-sheinbaum\/#article\",\"isPartOf\":{\"@id\":\"https:\/\/www.sonoraenequipo.com.mx\/inseguridad-no-sera-obstaculo-para-tianguis-turistico-en-cdmx-sheinbaum\/\"},\"author\":{\"name\":\"enequipo\",\"@id\":\"https:\/\/www.sonoraenequipo.com.mx\/#\/schema\/person\/50102df0fb23a8fa9e8effad8fa81386\"},\"headline\":\"Inseguridad no ser\u00e1 obst\u00e1culo para Tianguis Tur\u00edstico en CDMX: Sheinbaum\",\"datePublished\":\"2022-05-26T18:02:26+00:00\",\"dateModified\":\"2022-05-26T23:35:17+00:00\",\"mainEntityOfPage\":{\"@id\":\"https:\/\/www.sonoraenequipo.com.mx\/inseguridad-no-sera-obstaculo-para-tianguis-turistico-en-cdmx-sheinbaum\/\"},\"wordCount\":497,\"commentCount\":0,\"publisher\":{\"@id\":\"https:\/\/www.sonoraenequipo.com.mx\/#organization\"},\"articleSection\":[\"Rep\u00fablica\"],\"inLanguage\":\"es\",\"potentialAction\":[{\"@type\":\"CommentAction\",\"name\":\"Comment\",\"target\":[\"https:\/\/www.sonoraenequipo.com.mx\/inseguridad-no-sera-obstaculo-para-tianguis-turistico-en-cdmx-sheinbaum\/#respond\"]}]},{\"@type\":\"WebPage\",\"@id\":\"https:\/\/www.sonoraenequipo.com.mx\/inseguridad-no-sera-obstaculo-para-tianguis-turistico-en-cdmx-sheinbaum\/\",\"url\":\"https:\/\/www.sonoraenequipo.com.mx\/inseguridad-no-sera-obstaculo-para-tianguis-turistico-en-cdmx-sheinbaum\/\",\"name\":\"Sonora en Equipo. Inseguridad no ser\u00e1 obst\u00e1culo para Tianguis Tur\u00edstico en CDMX: Sheinbaum Rep\u00fablica\",\"isPartOf\":{\"@id\":\"https:\/\/www.sonoraenequipo.com.mx\/#website\"},\"datePublished\":\"2022-05-26T18:02:26+00:00\",\"dateModified\":\"2022-05-26T23:35:17+00:00\",\"description\":\"CIUDAD DE M\u00c9XICO.MX. \u2014 La jefa de Gobierno, Claudia Sheinbaum, asegur\u00f3 en conferencia de prensa que la inseguridad en la Ciudad de M\u00e9xico no ser\u00e1 un En Sonora en Equipo publicamos toda la informaci\u00f3n de Sonora, M\u00e9xico y el Mundo de manera oportuna y busca que la libertad de expresi\u00f3n sea real. Visita nuestro medio informativo publicado desde Hermosillo, Sonora. %\",\"breadcrumb\":{\"@id\":\"https:\/\/www.sonoraenequipo.com.mx\/inseguridad-no-sera-obstaculo-para-tianguis-turistico-en-cdmx-sheinbaum\/#breadcrumb\"},\"inLanguage\":\"es\",\"potentialAction\":[{\"@type\":\"ReadAction\",\"target\":[\"https:\/\/www.sonoraenequipo.com.mx\/inseguridad-no-sera-obstaculo-para-tianguis-turistico-en-cdmx-sheinbaum\/\"]}]},{\"@type\":\"BreadcrumbList\",\"@id\":\"https:\/\/www.sonoraenequipo.com.mx\/inseguridad-no-sera-obstaculo-para-tianguis-turistico-en-cdmx-sheinbaum\/#breadcrumb\",\"itemListElement\":[{\"@type\":\"ListItem\",\"position\":1,\"name\":\"Portada\",\"item\":\"https:\/\/www.sonoraenequipo.com.mx\/\"},{\"@type\":\"ListItem\",\"position\":2,\"name\":\"Inseguridad no ser\u00e1 obst\u00e1culo para Tianguis Tur\u00edstico en CDMX: Sheinbaum\"}]},{\"@type\":\"WebSite\",\"@id\":\"https:\/\/www.sonoraenequipo.com.mx\/#website\",\"url\":\"https:\/\/www.sonoraenequipo.com.mx\/\",\"name\":\"Sonora en Equipo.\",\"description\":\"Diario en l\u00ednea con Noticias desde Hermosillo, Sonora\",\"publisher\":{\"@id\":\"https:\/\/www.sonoraenequipo.com.mx\/#organization\"},\"potentialAction\":[{\"@type\":\"SearchAction\",\"target\":{\"@type\":\"EntryPoint\",\"urlTemplate\":\"https:\/\/www.sonoraenequipo.com.mx\/?s={search_term_string}\"},\"query-input\":{\"@type\":\"PropertyValueSpecification\",\"valueRequired\":true,\"valueName\":\"search_term_string\"}}],\"inLanguage\":\"es\"},{\"@type\":\"Organization\",\"@id\":\"https:\/\/www.sonoraenequipo.com.mx\/#organization\",\"name\":\"Sonoraenequipo.com.mx\",\"url\":\"https:\/\/www.sonoraenequipo.com.mx\/\",\"logo\":{\"@type\":\"ImageObject\",\"inLanguage\":\"es\",\"@id\":\"https:\/\/www.sonoraenequipo.com.mx\/#\/schema\/logo\/image\/\",\"url\":\"https:\/\/www.sonoraenequipo.com.mx\/storage\/2019\/01\/sonoraenequipo_opt.png\",\"contentUrl\":\"https:\/\/www.sonoraenequipo.com.mx\/storage\/2019\/01\/sonoraenequipo_opt.png\",\"width\":375,\"height\":125,\"caption\":\"Sonoraenequipo.com.mx\"},\"image\":{\"@id\":\"https:\/\/www.sonoraenequipo.com.mx\/#\/schema\/logo\/image\/\"},\"sameAs\":[\"https:\/\/www.facebook.com\/SonoraEE\/\",\"https:\/\/x.com\/sonoraenequipo\",\"https:\/\/www.youtube.com\/channel\/UC338nW-lPEYmJQs4ZABQ1SQ\"]},{\"@type\":\"Person\",\"@id\":\"https:\/\/www.sonoraenequipo.com.mx\/#\/schema\/person\/50102df0fb23a8fa9e8effad8fa81386\",\"name\":\"enequipo\",\"image\":{\"@type\":\"ImageObject\",\"inLanguage\":\"es\",\"@id\":\"https:\/\/www.sonoraenequipo.com.mx\/#\/schema\/person\/image\/\",\"url\":\"https:\/\/secure.gravatar.com\/avatar\/049821681b589dabc0bc20695993ccebb09f5b5d4d790cd9251b97faac7c652b?s=96&d=blank&r=g\",\"contentUrl\":\"https:\/\/secure.gravatar.com\/avatar\/049821681b589dabc0bc20695993ccebb09f5b5d4d790cd9251b97faac7c652b?s=96&d=blank&r=g\",\"caption\":\"enequipo\"},\"sameAs\":[\"https:\/\/www.facebook.com\/SonoraEE\"]}]}<\/script>\n ","yoast_head_json":{"title":"Sonora en Equipo. Inseguridad no ser\u00e1 obst\u00e1culo para Tianguis Tur\u00edstico en CDMX: Sheinbaum Rep\u00fablica","description":"CIUDAD DE M\u00c9XICO.MX. \u2014 La jefa de Gobierno, Claudia Sheinbaum, asegur\u00f3 en conferencia de prensa que la inseguridad en la Ciudad de M\u00e9xico no ser\u00e1 un En Sonora en Equipo publicamos toda la informaci\u00f3n de Sonora, M\u00e9xico y el Mundo de manera oportuna y busca que la libertad de expresi\u00f3n sea real. Visita nuestro medio informativo publicado desde Hermosillo, Sonora. %","robots":{"index":"index","follow":"follow","max-snippet":"max-snippet:-1","max-image-preview":"max-image-preview:large","max-video-preview":"max-video-preview:-1"},"canonical":"https:\/\/www.sonoraenequipo.com.mx\/inseguridad-no-sera-obstaculo-para-tianguis-turistico-en-cdmx-sheinbaum\/","og_locale":"es_ES","og_type":"article","og_title":"Sonora en Equipo. Inseguridad no ser\u00e1 obst\u00e1culo para Tianguis Tur\u00edstico en CDMX: Sheinbaum Rep\u00fablica","og_description":"CIUDAD DE M\u00c9XICO.MX. \u2014 La jefa de Gobierno, Claudia Sheinbaum, asegur\u00f3 en conferencia de prensa que la inseguridad en la Ciudad de M\u00e9xico no ser\u00e1 un En Sonora en Equipo publicamos toda la informaci\u00f3n de Sonora, M\u00e9xico y el Mundo de manera oportuna y busca que la libertad de expresi\u00f3n sea real. Visita nuestro medio informativo publicado desde Hermosillo, Sonora. %","og_url":"https:\/\/www.sonoraenequipo.com.mx\/inseguridad-no-sera-obstaculo-para-tianguis-turistico-en-cdmx-sheinbaum\/","og_site_name":"Sonora en Equipo.","article_publisher":"https:\/\/www.facebook.com\/SonoraEE\/","article_author":"https:\/\/www.facebook.com\/SonoraEE","article_published_time":"2022-05-26T18:02:26+00:00","article_modified_time":"2022-05-26T23:35:17+00:00","author":"enequipo","twitter_card":"summary_large_image","twitter_creator":"@sonoraenequipo","twitter_site":"@sonoraenequipo","twitter_misc":{"Escrito por":"enequipo","Tiempo de lectura":"3 minutos"},"schema":{"@context":"https:\/\/schema.org","@graph":[{"@type":"Article","@id":"https:\/\/www.sonoraenequipo.com.mx\/inseguridad-no-sera-obstaculo-para-tianguis-turistico-en-cdmx-sheinbaum\/#article","isPartOf":{"@id":"https:\/\/www.sonoraenequipo.com.mx\/inseguridad-no-sera-obstaculo-para-tianguis-turistico-en-cdmx-sheinbaum\/"},"author":{"name":"enequipo","@id":"https:\/\/www.sonoraenequipo.com.mx\/#\/schema\/person\/50102df0fb23a8fa9e8effad8fa81386"},"headline":"Inseguridad no ser\u00e1 obst\u00e1culo para Tianguis Tur\u00edstico en CDMX: Sheinbaum","datePublished":"2022-05-26T18:02:26+00:00","dateModified":"2022-05-26T23:35:17+00:00","mainEntityOfPage":{"@id":"https:\/\/www.sonoraenequipo.com.mx\/inseguridad-no-sera-obstaculo-para-tianguis-turistico-en-cdmx-sheinbaum\/"},"wordCount":497,"commentCount":0,"publisher":{"@id":"https:\/\/www.sonoraenequipo.com.mx\/#organization"},"articleSection":["Rep\u00fablica"],"inLanguage":"es","potentialAction":[{"@type":"CommentAction","name":"Comment","target":["https:\/\/www.sonoraenequipo.com.mx\/inseguridad-no-sera-obstaculo-para-tianguis-turistico-en-cdmx-sheinbaum\/#respond"]}]},{"@type":"WebPage","@id":"https:\/\/www.sonoraenequipo.com.mx\/inseguridad-no-sera-obstaculo-para-tianguis-turistico-en-cdmx-sheinbaum\/","url":"https:\/\/www.sonoraenequipo.com.mx\/inseguridad-no-sera-obstaculo-para-tianguis-turistico-en-cdmx-sheinbaum\/","name":"Sonora en Equipo. Inseguridad no ser\u00e1 obst\u00e1culo para Tianguis Tur\u00edstico en CDMX: Sheinbaum Rep\u00fablica","isPartOf":{"@id":"https:\/\/www.sonoraenequipo.com.mx\/#website"},"datePublished":"2022-05-26T18:02:26+00:00","dateModified":"2022-05-26T23:35:17+00:00","description":"CIUDAD DE M\u00c9XICO.MX. \u2014 La jefa de Gobierno, Claudia Sheinbaum, asegur\u00f3 en conferencia de prensa que la inseguridad en la Ciudad de M\u00e9xico no ser\u00e1 un En Sonora en Equipo publicamos toda la informaci\u00f3n de Sonora, M\u00e9xico y el Mundo de manera oportuna y busca que la libertad de expresi\u00f3n sea real. Visita nuestro medio informativo publicado desde Hermosillo, Sonora. %","breadcrumb":{"@id":"https:\/\/www.sonoraenequipo.com.mx\/inseguridad-no-sera-obstaculo-para-tianguis-turistico-en-cdmx-sheinbaum\/#breadcrumb"},"inLanguage":"es","potentialAction":[{"@type":"ReadAction","target":["https:\/\/www.sonoraenequipo.com.mx\/inseguridad-no-sera-obstaculo-para-tianguis-turistico-en-cdmx-sheinbaum\/"]}]},{"@type":"BreadcrumbList","@id":"https:\/\/www.sonoraenequipo.com.mx\/inseguridad-no-sera-obstaculo-para-tianguis-turistico-en-cdmx-sheinbaum\/#breadcrumb","itemListElement":[{"@type":"ListItem","position":1,"name":"Portada","item":"https:\/\/www.sonoraenequipo.com.mx\/"},{"@type":"ListItem","position":2,"name":"Inseguridad no ser\u00e1 obst\u00e1culo para Tianguis Tur\u00edstico en CDMX: Sheinbaum"}]},{"@type":"WebSite","@id":"https:\/\/www.sonoraenequipo.com.mx\/#website","url":"https:\/\/www.sonoraenequipo.com.mx\/","name":"Sonora en Equipo.","description":"Diario en l\u00ednea con Noticias desde Hermosillo, Sonora","publisher":{"@id":"https:\/\/www.sonoraenequipo.com.mx\/#organization"},"potentialAction":[{"@type":"SearchAction","target":{"@type":"EntryPoint","urlTemplate":"https:\/\/www.sonoraenequipo.com.mx\/?s={search_term_string}"},"query-input":{"@type":"PropertyValueSpecification","valueRequired":true,"valueName":"search_term_string"}}],"inLanguage":"es"},{"@type":"Organization","@id":"https:\/\/www.sonoraenequipo.com.mx\/#organization","name":"Sonoraenequipo.com.mx","url":"https:\/\/www.sonoraenequipo.com.mx\/","logo":{"@type":"ImageObject","inLanguage":"es","@id":"https:\/\/www.sonoraenequipo.com.mx\/#\/schema\/logo\/image\/","url":"https:\/\/www.sonoraenequipo.com.mx\/storage\/2019\/01\/sonoraenequipo_opt.png","contentUrl":"https:\/\/www.sonoraenequipo.com.mx\/storage\/2019\/01\/sonoraenequipo_opt.png","width":375,"height":125,"caption":"Sonoraenequipo.com.mx"},"image":{"@id":"https:\/\/www.sonoraenequipo.com.mx\/#\/schema\/logo\/image\/"},"sameAs":["https:\/\/www.facebook.com\/SonoraEE\/","https:\/\/x.com\/sonoraenequipo","https:\/\/www.youtube.com\/channel\/UC338nW-lPEYmJQs4ZABQ1SQ"]},{"@type":"Person","@id":"https:\/\/www.sonoraenequipo.com.mx\/#\/schema\/person\/50102df0fb23a8fa9e8effad8fa81386","name":"enequipo","image":{"@type":"ImageObject","inLanguage":"es","@id":"https:\/\/www.sonoraenequipo.com.mx\/#\/schema\/person\/image\/","url":"https:\/\/secure.gravatar.com\/avatar\/049821681b589dabc0bc20695993ccebb09f5b5d4d790cd9251b97faac7c652b?s=96&d=blank&r=g","contentUrl":"https:\/\/secure.gravatar.com\/avatar\/049821681b589dabc0bc20695993ccebb09f5b5d4d790cd9251b97faac7c652b?s=96&d=blank&r=g","caption":"enequipo"},"sameAs":["https:\/\/www.facebook.com\/SonoraEE"]}]}},"jetpack_featured_media_url":"","_links":{"self":[{"href":"https:\/\/www.sonoraenequipo.com.mx\/api\/wp\/v2\/posts\/139201","targetHints":{"allow":["GET"]}}],"collection":[{"href":"https:\/\/www.sonoraenequipo.com.mx\/api\/wp\/v2\/posts"}],"about":[{"href":"https:\/\/www.sonoraenequipo.com.mx\/api\/wp\/v2\/types\/post"}],"author":[{"embeddable":true,"href":"https:\/\/www.sonoraenequipo.com.mx\/api\/wp\/v2\/users\/1"}],"replies":[{"embeddable":true,"href":"https:\/\/www.sonoraenequipo.com.mx\/api\/wp\/v2\/comments?post=139201"}],"version-history":[{"count":1,"href":"https:\/\/www.sonoraenequipo.com.mx\/api\/wp\/v2\/posts\/139201\/revisions"}],"predecessor-version":[{"id":139203,"href":"https:\/\/www.sonoraenequipo.com.mx\/api\/wp\/v2\/posts\/139201\/revisions\/139203"}],"wp:attachment":[{"href":"https:\/\/www.sonoraenequipo.com.mx\/api\/wp\/v2\/media?parent=139201"}],"wp:term":[{"taxonomy":"category","embeddable":true,"href":"https:\/\/www.sonoraenequipo.com.mx\/api\/wp\/v2\/categories?post=139201"},{"taxonomy":"post_tag","embeddable":true,"href":"https:\/\/www.sonoraenequipo.com.mx\/api\/wp\/v2\/tags?post=139201"}],"curies":[{"name":"wp","href":"https:\/\/api.w.org\/{rel}","templated":true}]}}