{"id":139209,"date":"2022-05-26T08:12:01","date_gmt":"2022-05-26T15:12:01","guid":{"rendered":"https:\/\/www.sonoraenequipo.com.mx\/?p=139209"},"modified":"2022-05-26T21:10:52","modified_gmt":"2022-05-27T04:10:52","slug":"dan-la-bienvenida-a-61-estudiantes-visitantes-a-la-unison-del-programa-delfin-2022","status":"publish","type":"post","link":"https:\/\/www.sonoraenequipo.com.mx\/dan-la-bienvenida-a-61-estudiantes-visitantes-a-la-unison-del-programa-delfin-2022\/","title":{"rendered":"Dan la bienvenida a 61 estudiantes visitantes a la Unison del Programa Delf\u00edn 2022"},"content":{"rendered":"<p><strong>HERMOSILLO, SONORA. MX. \u2014<\/strong> Ampliar conocimientos, as\u00ed como experiencias acad\u00e9micas y reforzar lo aprendido en sus respectivas universidades son algunos de los objetivos de los 61 estudiantes que realizan desde esta semana una estancia presencial y virtual en diferentes \u00e1reas de investigaci\u00f3n en la Universidad de Sonora (Unison), a trav\u00e9s del Programa Delf\u00edn 2022.<\/p>\n<p>&nbsp;<\/p>\n<p>&nbsp;<\/p>\n<p> <\/p>\n<p>&nbsp;<\/p>\n<p>Mediante din\u00e1micas, charlas sobre la Universidad de Sonora y un refrigerio, los alumnos recibieron la bienvenida por parte de autoridades universitarias, encabezadas por Geira Lizbeth Rodr\u00edguez Le\u00f3n, coordinadora de Movilidad Nacional y Consejera T\u00e9cnica del Programa Delf\u00edn en la instituci\u00f3n.<\/p>\n<p>&nbsp;<\/p>\n<p>En esta ocasi\u00f3n, participan 52 estudiantes de manera presencial y nueve de manera virtual en las \u00e1reas de biotecnolog\u00eda y ciencias agropecuarias; ingenier\u00eda e industria; biolog\u00eda y qu\u00edmica; medicina y salud; sociales y econ\u00f3micas; f\u00edsica, matem\u00e1ticas y ciencias de la tierra; y humanidades y ciencias de la conducta.<\/p>\n<p>&nbsp;<\/p>\n<p>El verano cient\u00edfico del Programa Delf\u00edn abarca desde el 23 de mayo al 01 de junio de este a\u00f1o y entre los estudiantes que se encuentran de manera presencial Hermosillo est\u00e1 una joven que se prepara en Ingenier\u00eda Ambiental de la Fundaci\u00f3n Universitaria del \u00c1rea Andina de Colombia.<\/p>\n<p>&nbsp;<\/p>\n<p>&nbsp;<\/p>\n<p>Ella es Carolina Sarabia y coment\u00f3 que su inter\u00e9s por la Universidad de Sonora fue por los programas acad\u00e9micos que oferta y le permiten involucrarse m\u00e1s en los conocimientos y actividades de la carrera que cursa, y por el contacto que tuvo en Colombia con la investigadora con la que est\u00e1 trabajando aqu\u00ed en la Unison.<\/p>\n<p>&nbsp;<\/p>\n<p>\u201cEspero desenvolverme mucho m\u00e1s dentro de lo acad\u00e9mico y en el \u00e1rea de investigaci\u00f3n que es lo que me interesa mucho; adem\u00e1s de conocer la cultura de ac\u00e1 y crecer profesionalmente\u201d, expres\u00f3.<\/p>\n<p>&nbsp;<\/p>\n<p>De las instituciones nacionales, las universidades que est\u00e1n presentes con uno o m\u00e1s alumnos son la Benem\u00e9rita Universidad Aut\u00f3noma de Puebla, el Instituto Tecnol\u00f3gico de Sonora, el Tecnol\u00f3gico de Estudios Superiores de Chicoloapan, y la Universidad Aut\u00f3noma de Chiapas.<\/p>\n<p>&nbsp;<\/p>\n<p>&nbsp;<\/p>\n<p>Tambi\u00e9n, la Universidad Aut\u00f3noma de Nayarit, la Aut\u00f3noma de Occidente, la Aut\u00f3noma de Sinaloa, y la de Ciencias y Artes de Chiapas; la Universidad de Colima, de Guadalajara, de la Ci\u00e9nega del Estado de Michoac\u00e1n de Ocampo, la Universidad Vizcaya de las Am\u00e9ricas y de la Universidad de Sonora.<\/p>\n<p>&nbsp;<\/p>\n<p>&nbsp;<\/p>\n<p>De manera virtual participan dos alumnos de la Universidad Nacional Abierta y a Distancia, y la Universidad de Sim\u00f3n Bol\u00edvar; y del Pa\u00eds est\u00e1n la Benem\u00e9rita Universidad Aut\u00f3noma de Puebla, el Instituto Tecnol\u00f3gico Superior de Uruapan, con tres alumnos, y las Universidades de Guadalajara, la Veracruzana y la Universidad Vizcaya de las Am\u00e9ricas.<\/p>\n<p>&nbsp;<\/p>\n<p>&nbsp;<\/p>\n<p>En este periodo de seis semanas, los acad\u00e9micos de la Universidad de Sonora que atender\u00e1n a los estudiantes son: Juana Alvarado Ibarra, David Octavio Corona Mart\u00ednez, Alfonso Corte L\u00f3pez, Carmen Lizette del Toro S\u00e1nchez, Ram\u00f3n Francisco D\u00f3rame Miranda, Claudia Esthela Espinoza Cid y Zarina Estrada Fern\u00e1ndez.<\/p>\n<p>&nbsp;<\/p>\n<p>&nbsp;<\/p>\n<p>Tambi\u00e9n Alma Iliana Garc\u00eda Ca\u00f1edo, Diego Hern\u00e1ndez Mart\u00ednez, Cristina Ibarra Zazueta, Mar\u00eda Guadalupe L\u00f3pez Robles, Blayra Maldonado Cabrera, Alf Enrique Meling L\u00f3pez, Rayna Fabiola Osuna Ch\u00e1vez, Ricardo Arturo P\u00e9rez Enciso, Maribel Plascencia Jatomea, Mar\u00eda Eugenia Renter\u00eda Mart\u00ednez, Enrique Rivera Guerrero, Edgar Omar Rueda Puente, Ana Gloria Villalba Villalba y Ricardo Zamorano Algandar.<\/p>\n<p>&nbsp;<\/p>\n<p>Atrae a estudiantes la academia y la infraestructura de la Unison<\/p>\n<p>&nbsp;<\/p>\n<p>&nbsp;<\/p>\n<p>Para los estudiantes que se encuentran en la estancia del Verano Cient\u00edfico del Programa Delf\u00edn 2022, la referencia acad\u00e9mica que hay de la Unison y sus instalaciones, son los principales motivos para querer venir.<\/p>\n<p>&nbsp;<\/p>\n<p>Adem\u00e1s, conocer Sonora, su cultura y la forma de trabajar de los docentes universitarios, como lo expresaron algunos de ellos.<\/p>\n<p>&nbsp;<\/p>\n<p>Roc\u00edo Moreno, procedente de la Universidad Aut\u00f3noma de Sinaloa (UAS), le llam\u00f3 la atenci\u00f3n el espacio, el campus grande de la Unison y la gran cantidad de carreras, as\u00ed como la referencia de sus profesores e investigadores.<\/p>\n<p>&nbsp;<\/p>\n<p>Enrique Quevedo, quien estudia Ingenier\u00eda en Energ\u00edas Renovables en la Universidad de Ciencias y Artes de Chiapas, dijo que eligi\u00f3 a la Universidad de Sonora para hacer esta estancia porque quiere ampliar sus conocimientos sobre lo que est\u00e1 trabajando para terminar su carrera.<\/p>\n<p>&nbsp;<\/p>\n<p>Rosa Preciado, de la Universidad de Colima donde estudia la carrera de Administraci\u00f3n de Empresas, coment\u00f3 que busc\u00f3 en varias universidades del pa\u00eds y consider\u00f3 que la Universidad de Sonora ofrece carreras interesantes, adem\u00e1s de que es enorme y tiene mucha infraestructura.<\/p>\n<p>&nbsp;<\/p>\n<p>\u201cAl terminar la estancia espero haber recibido m\u00e1s conocimientos y haber conocido Sonora\u201d, coment\u00f3.<\/p>\n<p>&nbsp;<\/p>\n<p>&nbsp;<\/p>\n<p>(Publicada el 26\/05\/2022)<\/p>\n","protected":false},"excerpt":{"rendered":"<p>HERMOSILLO, SONORA. MX. \u2014 Ampliar conocimientos, as\u00ed como experiencias acad\u00e9micas y reforzar lo aprendido en&#8230;<\/p>\n","protected":false},"author":1,"featured_media":139210,"comment_status":"open","ping_status":"open","sticky":false,"template":"","format":"standard","meta":{"_monsterinsights_skip_tracking":false,"_monsterinsights_sitenote_active":false,"_monsterinsights_sitenote_note":"","_monsterinsights_sitenote_category":0,"footnotes":""},"categories":[22],"tags":[],"class_list":["post"],"yoast_head":" \n<title>Sonora en Equipo. Dan la bienvenida a 61 estudiantes visitantes a la Unison del Programa Delf\u00edn 2022 Sonora<\/title>\n<meta name=\"description\" content=\"HERMOSILLO, SONORA. MX. \u2014 Ampliar conocimientos, as\u00ed como experiencias acad\u00e9micas y reforzar lo aprendido en sus respectivas universidades son algunos de En Sonora en Equipo publicamos toda la informaci\u00f3n de Sonora, M\u00e9xico y el Mundo de manera oportuna y busca que la libertad de expresi\u00f3n sea real. Visita nuestro medio informativo publicado desde Hermosillo, Sonora. %\" \/>\n<meta name=\"robots\" content=\"index, follow, max-snippet:-1, max-image-preview:large, max-video-preview:-1\" \/>\n<link rel=\"canonical\" href=\"https:\/\/www.sonoraenequipo.com.mx\/dan-la-bienvenida-a-61-estudiantes-visitantes-a-la-unison-del-programa-delfin-2022\/\" \/>\n<meta property=\"og:locale\" content=\"es_ES\" \/>\n<meta property=\"og:type\" content=\"article\" \/>\n<meta property=\"og:title\" content=\"Sonora en Equipo. Dan la bienvenida a 61 estudiantes visitantes a la Unison del Programa Delf\u00edn 2022 Sonora\" \/>\n<meta property=\"og:description\" content=\"HERMOSILLO, SONORA. MX. \u2014 Ampliar conocimientos, as\u00ed como experiencias acad\u00e9micas y reforzar lo aprendido en sus respectivas universidades son algunos de En Sonora en Equipo publicamos toda la informaci\u00f3n de Sonora, M\u00e9xico y el Mundo de manera oportuna y busca que la libertad de expresi\u00f3n sea real. Visita nuestro medio informativo publicado desde Hermosillo, Sonora. %\" \/>\n<meta property=\"og:url\" content=\"https:\/\/www.sonoraenequipo.com.mx\/dan-la-bienvenida-a-61-estudiantes-visitantes-a-la-unison-del-programa-delfin-2022\/\" \/>\n<meta property=\"og:site_name\" content=\"Sonora en Equipo.\" \/>\n<meta property=\"article:publisher\" content=\"https:\/\/www.facebook.com\/SonoraEE\/\" \/>\n<meta property=\"article:author\" content=\"https:\/\/www.facebook.com\/SonoraEE\" \/>\n<meta property=\"article:published_time\" content=\"2022-05-26T15:12:01+00:00\" \/>\n<meta property=\"article:modified_time\" content=\"2022-05-27T04:10:52+00:00\" \/>\n<meta property=\"og:image\" content=\"https:\/\/www.sonoraenequipo.com.mx\/storage\/2022\/05\/Programa-Delfin2022-2.jpg\" \/>\n\t<meta property=\"og:image:width\" content=\"700\" \/>\n\t<meta property=\"og:image:height\" content=\"400\" \/>\n\t<meta property=\"og:image:type\" content=\"image\/jpeg\" \/>\n<meta name=\"author\" content=\"enequipo\" \/>\n<meta name=\"twitter:card\" content=\"summary_large_image\" \/>\n<meta name=\"twitter:creator\" content=\"@sonoraenequipo\" \/>\n<meta name=\"twitter:site\" content=\"@sonoraenequipo\" \/>\n<meta name=\"twitter:label1\" content=\"Escrito por\" \/>\n\t<meta name=\"twitter:data1\" content=\"enequipo\" \/>\n\t<meta name=\"twitter:label2\" content=\"Tiempo de lectura\" \/>\n\t<meta name=\"twitter:data2\" content=\"4 minutos\" \/>\n<script type=\"application\/ld+json\" class=\"yoast-schema-graph\">{\"@context\":\"https:\/\/schema.org\",\"@graph\":[{\"@type\":\"Article\",\"@id\":\"https:\/\/www.sonoraenequipo.com.mx\/dan-la-bienvenida-a-61-estudiantes-visitantes-a-la-unison-del-programa-delfin-2022\/#article\",\"isPartOf\":{\"@id\":\"https:\/\/www.sonoraenequipo.com.mx\/dan-la-bienvenida-a-61-estudiantes-visitantes-a-la-unison-del-programa-delfin-2022\/\"},\"author\":{\"name\":\"enequipo\",\"@id\":\"https:\/\/www.sonoraenequipo.com.mx\/#\/schema\/person\/50102df0fb23a8fa9e8effad8fa81386\"},\"headline\":\"Dan la bienvenida a 61 estudiantes visitantes a la Unison del Programa Delf\u00edn 2022\",\"datePublished\":\"2022-05-26T15:12:01+00:00\",\"dateModified\":\"2022-05-27T04:10:52+00:00\",\"mainEntityOfPage\":{\"@id\":\"https:\/\/www.sonoraenequipo.com.mx\/dan-la-bienvenida-a-61-estudiantes-visitantes-a-la-unison-del-programa-delfin-2022\/\"},\"wordCount\":839,\"commentCount\":0,\"publisher\":{\"@id\":\"https:\/\/www.sonoraenequipo.com.mx\/#organization\"},\"image\":{\"@id\":\"https:\/\/www.sonoraenequipo.com.mx\/dan-la-bienvenida-a-61-estudiantes-visitantes-a-la-unison-del-programa-delfin-2022\/#primaryimage\"},\"thumbnailUrl\":\"https:\/\/www.sonoraenequipo.com.mx\/storage\/2022\/05\/Programa-Delfin2022-2.jpg\",\"articleSection\":[\"Sonora\"],\"inLanguage\":\"es\",\"potentialAction\":[{\"@type\":\"CommentAction\",\"name\":\"Comment\",\"target\":[\"https:\/\/www.sonoraenequipo.com.mx\/dan-la-bienvenida-a-61-estudiantes-visitantes-a-la-unison-del-programa-delfin-2022\/#respond\"]}]},{\"@type\":\"WebPage\",\"@id\":\"https:\/\/www.sonoraenequipo.com.mx\/dan-la-bienvenida-a-61-estudiantes-visitantes-a-la-unison-del-programa-delfin-2022\/\",\"url\":\"https:\/\/www.sonoraenequipo.com.mx\/dan-la-bienvenida-a-61-estudiantes-visitantes-a-la-unison-del-programa-delfin-2022\/\",\"name\":\"Sonora en Equipo. Dan la bienvenida a 61 estudiantes visitantes a la Unison del Programa Delf\u00edn 2022 Sonora\",\"isPartOf\":{\"@id\":\"https:\/\/www.sonoraenequipo.com.mx\/#website\"},\"primaryImageOfPage\":{\"@id\":\"https:\/\/www.sonoraenequipo.com.mx\/dan-la-bienvenida-a-61-estudiantes-visitantes-a-la-unison-del-programa-delfin-2022\/#primaryimage\"},\"image\":{\"@id\":\"https:\/\/www.sonoraenequipo.com.mx\/dan-la-bienvenida-a-61-estudiantes-visitantes-a-la-unison-del-programa-delfin-2022\/#primaryimage\"},\"thumbnailUrl\":\"https:\/\/www.sonoraenequipo.com.mx\/storage\/2022\/05\/Programa-Delfin2022-2.jpg\",\"datePublished\":\"2022-05-26T15:12:01+00:00\",\"dateModified\":\"2022-05-27T04:10:52+00:00\",\"description\":\"HERMOSILLO, SONORA. MX. \u2014 Ampliar conocimientos, as\u00ed como experiencias acad\u00e9micas y reforzar lo aprendido en sus respectivas universidades son algunos de En Sonora en Equipo publicamos toda la informaci\u00f3n de Sonora, M\u00e9xico y el Mundo de manera oportuna y busca que la libertad de expresi\u00f3n sea real. Visita nuestro medio informativo publicado desde Hermosillo, Sonora. %\",\"breadcrumb\":{\"@id\":\"https:\/\/www.sonoraenequipo.com.mx\/dan-la-bienvenida-a-61-estudiantes-visitantes-a-la-unison-del-programa-delfin-2022\/#breadcrumb\"},\"inLanguage\":\"es\",\"potentialAction\":[{\"@type\":\"ReadAction\",\"target\":[\"https:\/\/www.sonoraenequipo.com.mx\/dan-la-bienvenida-a-61-estudiantes-visitantes-a-la-unison-del-programa-delfin-2022\/\"]}]},{\"@type\":\"ImageObject\",\"inLanguage\":\"es\",\"@id\":\"https:\/\/www.sonoraenequipo.com.mx\/dan-la-bienvenida-a-61-estudiantes-visitantes-a-la-unison-del-programa-delfin-2022\/#primaryimage\",\"url\":\"https:\/\/www.sonoraenequipo.com.mx\/storage\/2022\/05\/Programa-Delfin2022-2.jpg\",\"contentUrl\":\"https:\/\/www.sonoraenequipo.com.mx\/storage\/2022\/05\/Programa-Delfin2022-2.jpg\",\"width\":700,\"height\":400},{\"@type\":\"BreadcrumbList\",\"@id\":\"https:\/\/www.sonoraenequipo.com.mx\/dan-la-bienvenida-a-61-estudiantes-visitantes-a-la-unison-del-programa-delfin-2022\/#breadcrumb\",\"itemListElement\":[{\"@type\":\"ListItem\",\"position\":1,\"name\":\"Portada\",\"item\":\"https:\/\/www.sonoraenequipo.com.mx\/\"},{\"@type\":\"ListItem\",\"position\":2,\"name\":\"Dan la bienvenida a 61 estudiantes visitantes a la Unison del Programa Delf\u00edn 2022\"}]},{\"@type\":\"WebSite\",\"@id\":\"https:\/\/www.sonoraenequipo.com.mx\/#website\",\"url\":\"https:\/\/www.sonoraenequipo.com.mx\/\",\"name\":\"Sonora en Equipo.\",\"description\":\"Diario en l\u00ednea con Noticias desde Hermosillo, Sonora\",\"publisher\":{\"@id\":\"https:\/\/www.sonoraenequipo.com.mx\/#organization\"},\"potentialAction\":[{\"@type\":\"SearchAction\",\"target\":{\"@type\":\"EntryPoint\",\"urlTemplate\":\"https:\/\/www.sonoraenequipo.com.mx\/?s={search_term_string}\"},\"query-input\":{\"@type\":\"PropertyValueSpecification\",\"valueRequired\":true,\"valueName\":\"search_term_string\"}}],\"inLanguage\":\"es\"},{\"@type\":\"Organization\",\"@id\":\"https:\/\/www.sonoraenequipo.com.mx\/#organization\",\"name\":\"Sonoraenequipo.com.mx\",\"url\":\"https:\/\/www.sonoraenequipo.com.mx\/\",\"logo\":{\"@type\":\"ImageObject\",\"inLanguage\":\"es\",\"@id\":\"https:\/\/www.sonoraenequipo.com.mx\/#\/schema\/logo\/image\/\",\"url\":\"https:\/\/www.sonoraenequipo.com.mx\/storage\/2019\/01\/sonoraenequipo_opt.png\",\"contentUrl\":\"https:\/\/www.sonoraenequipo.com.mx\/storage\/2019\/01\/sonoraenequipo_opt.png\",\"width\":375,\"height\":125,\"caption\":\"Sonoraenequipo.com.mx\"},\"image\":{\"@id\":\"https:\/\/www.sonoraenequipo.com.mx\/#\/schema\/logo\/image\/\"},\"sameAs\":[\"https:\/\/www.facebook.com\/SonoraEE\/\",\"https:\/\/x.com\/sonoraenequipo\",\"https:\/\/www.youtube.com\/channel\/UC338nW-lPEYmJQs4ZABQ1SQ\"]},{\"@type\":\"Person\",\"@id\":\"https:\/\/www.sonoraenequipo.com.mx\/#\/schema\/person\/50102df0fb23a8fa9e8effad8fa81386\",\"name\":\"enequipo\",\"image\":{\"@type\":\"ImageObject\",\"inLanguage\":\"es\",\"@id\":\"https:\/\/www.sonoraenequipo.com.mx\/#\/schema\/person\/image\/\",\"url\":\"https:\/\/secure.gravatar.com\/avatar\/049821681b589dabc0bc20695993ccebb09f5b5d4d790cd9251b97faac7c652b?s=96&d=blank&r=g\",\"contentUrl\":\"https:\/\/secure.gravatar.com\/avatar\/049821681b589dabc0bc20695993ccebb09f5b5d4d790cd9251b97faac7c652b?s=96&d=blank&r=g\",\"caption\":\"enequipo\"},\"sameAs\":[\"https:\/\/www.facebook.com\/SonoraEE\"]}]}<\/script>\n ","yoast_head_json":{"title":"Sonora en Equipo. Dan la bienvenida a 61 estudiantes visitantes a la Unison del Programa Delf\u00edn 2022 Sonora","description":"HERMOSILLO, SONORA. MX. \u2014 Ampliar conocimientos, as\u00ed como experiencias acad\u00e9micas y reforzar lo aprendido en sus respectivas universidades son algunos de En Sonora en Equipo publicamos toda la informaci\u00f3n de Sonora, M\u00e9xico y el Mundo de manera oportuna y busca que la libertad de expresi\u00f3n sea real. Visita nuestro medio informativo publicado desde Hermosillo, Sonora. %","robots":{"index":"index","follow":"follow","max-snippet":"max-snippet:-1","max-image-preview":"max-image-preview:large","max-video-preview":"max-video-preview:-1"},"canonical":"https:\/\/www.sonoraenequipo.com.mx\/dan-la-bienvenida-a-61-estudiantes-visitantes-a-la-unison-del-programa-delfin-2022\/","og_locale":"es_ES","og_type":"article","og_title":"Sonora en Equipo. Dan la bienvenida a 61 estudiantes visitantes a la Unison del Programa Delf\u00edn 2022 Sonora","og_description":"HERMOSILLO, SONORA. MX. \u2014 Ampliar conocimientos, as\u00ed como experiencias acad\u00e9micas y reforzar lo aprendido en sus respectivas universidades son algunos de En Sonora en Equipo publicamos toda la informaci\u00f3n de Sonora, M\u00e9xico y el Mundo de manera oportuna y busca que la libertad de expresi\u00f3n sea real. Visita nuestro medio informativo publicado desde Hermosillo, Sonora. %","og_url":"https:\/\/www.sonoraenequipo.com.mx\/dan-la-bienvenida-a-61-estudiantes-visitantes-a-la-unison-del-programa-delfin-2022\/","og_site_name":"Sonora en Equipo.","article_publisher":"https:\/\/www.facebook.com\/SonoraEE\/","article_author":"https:\/\/www.facebook.com\/SonoraEE","article_published_time":"2022-05-26T15:12:01+00:00","article_modified_time":"2022-05-27T04:10:52+00:00","og_image":[{"width":700,"height":400,"url":"https:\/\/www.sonoraenequipo.com.mx\/storage\/2022\/05\/Programa-Delfin2022-2.jpg","type":"image\/jpeg"}],"author":"enequipo","twitter_card":"summary_large_image","twitter_creator":"@sonoraenequipo","twitter_site":"@sonoraenequipo","twitter_misc":{"Escrito por":"enequipo","Tiempo de lectura":"4 minutos"},"schema":{"@context":"https:\/\/schema.org","@graph":[{"@type":"Article","@id":"https:\/\/www.sonoraenequipo.com.mx\/dan-la-bienvenida-a-61-estudiantes-visitantes-a-la-unison-del-programa-delfin-2022\/#article","isPartOf":{"@id":"https:\/\/www.sonoraenequipo.com.mx\/dan-la-bienvenida-a-61-estudiantes-visitantes-a-la-unison-del-programa-delfin-2022\/"},"author":{"name":"enequipo","@id":"https:\/\/www.sonoraenequipo.com.mx\/#\/schema\/person\/50102df0fb23a8fa9e8effad8fa81386"},"headline":"Dan la bienvenida a 61 estudiantes visitantes a la Unison del Programa Delf\u00edn 2022","datePublished":"2022-05-26T15:12:01+00:00","dateModified":"2022-05-27T04:10:52+00:00","mainEntityOfPage":{"@id":"https:\/\/www.sonoraenequipo.com.mx\/dan-la-bienvenida-a-61-estudiantes-visitantes-a-la-unison-del-programa-delfin-2022\/"},"wordCount":839,"commentCount":0,"publisher":{"@id":"https:\/\/www.sonoraenequipo.com.mx\/#organization"},"image":{"@id":"https:\/\/www.sonoraenequipo.com.mx\/dan-la-bienvenida-a-61-estudiantes-visitantes-a-la-unison-del-programa-delfin-2022\/#primaryimage"},"thumbnailUrl":"https:\/\/www.sonoraenequipo.com.mx\/storage\/2022\/05\/Programa-Delfin2022-2.jpg","articleSection":["Sonora"],"inLanguage":"es","potentialAction":[{"@type":"CommentAction","name":"Comment","target":["https:\/\/www.sonoraenequipo.com.mx\/dan-la-bienvenida-a-61-estudiantes-visitantes-a-la-unison-del-programa-delfin-2022\/#respond"]}]},{"@type":"WebPage","@id":"https:\/\/www.sonoraenequipo.com.mx\/dan-la-bienvenida-a-61-estudiantes-visitantes-a-la-unison-del-programa-delfin-2022\/","url":"https:\/\/www.sonoraenequipo.com.mx\/dan-la-bienvenida-a-61-estudiantes-visitantes-a-la-unison-del-programa-delfin-2022\/","name":"Sonora en Equipo. Dan la bienvenida a 61 estudiantes visitantes a la Unison del Programa Delf\u00edn 2022 Sonora","isPartOf":{"@id":"https:\/\/www.sonoraenequipo.com.mx\/#website"},"primaryImageOfPage":{"@id":"https:\/\/www.sonoraenequipo.com.mx\/dan-la-bienvenida-a-61-estudiantes-visitantes-a-la-unison-del-programa-delfin-2022\/#primaryimage"},"image":{"@id":"https:\/\/www.sonoraenequipo.com.mx\/dan-la-bienvenida-a-61-estudiantes-visitantes-a-la-unison-del-programa-delfin-2022\/#primaryimage"},"thumbnailUrl":"https:\/\/www.sonoraenequipo.com.mx\/storage\/2022\/05\/Programa-Delfin2022-2.jpg","datePublished":"2022-05-26T15:12:01+00:00","dateModified":"2022-05-27T04:10:52+00:00","description":"HERMOSILLO, SONORA. MX. \u2014 Ampliar conocimientos, as\u00ed como experiencias acad\u00e9micas y reforzar lo aprendido en sus respectivas universidades son algunos de En Sonora en Equipo publicamos toda la informaci\u00f3n de Sonora, M\u00e9xico y el Mundo de manera oportuna y busca que la libertad de expresi\u00f3n sea real. Visita nuestro medio informativo publicado desde Hermosillo, Sonora. %","breadcrumb":{"@id":"https:\/\/www.sonoraenequipo.com.mx\/dan-la-bienvenida-a-61-estudiantes-visitantes-a-la-unison-del-programa-delfin-2022\/#breadcrumb"},"inLanguage":"es","potentialAction":[{"@type":"ReadAction","target":["https:\/\/www.sonoraenequipo.com.mx\/dan-la-bienvenida-a-61-estudiantes-visitantes-a-la-unison-del-programa-delfin-2022\/"]}]},{"@type":"ImageObject","inLanguage":"es","@id":"https:\/\/www.sonoraenequipo.com.mx\/dan-la-bienvenida-a-61-estudiantes-visitantes-a-la-unison-del-programa-delfin-2022\/#primaryimage","url":"https:\/\/www.sonoraenequipo.com.mx\/storage\/2022\/05\/Programa-Delfin2022-2.jpg","contentUrl":"https:\/\/www.sonoraenequipo.com.mx\/storage\/2022\/05\/Programa-Delfin2022-2.jpg","width":700,"height":400},{"@type":"BreadcrumbList","@id":"https:\/\/www.sonoraenequipo.com.mx\/dan-la-bienvenida-a-61-estudiantes-visitantes-a-la-unison-del-programa-delfin-2022\/#breadcrumb","itemListElement":[{"@type":"ListItem","position":1,"name":"Portada","item":"https:\/\/www.sonoraenequipo.com.mx\/"},{"@type":"ListItem","position":2,"name":"Dan la bienvenida a 61 estudiantes visitantes a la Unison del Programa Delf\u00edn 2022"}]},{"@type":"WebSite","@id":"https:\/\/www.sonoraenequipo.com.mx\/#website","url":"https:\/\/www.sonoraenequipo.com.mx\/","name":"Sonora en Equipo.","description":"Diario en l\u00ednea con Noticias desde Hermosillo, Sonora","publisher":{"@id":"https:\/\/www.sonoraenequipo.com.mx\/#organization"},"potentialAction":[{"@type":"SearchAction","target":{"@type":"EntryPoint","urlTemplate":"https:\/\/www.sonoraenequipo.com.mx\/?s={search_term_string}"},"query-input":{"@type":"PropertyValueSpecification","valueRequired":true,"valueName":"search_term_string"}}],"inLanguage":"es"},{"@type":"Organization","@id":"https:\/\/www.sonoraenequipo.com.mx\/#organization","name":"Sonoraenequipo.com.mx","url":"https:\/\/www.sonoraenequipo.com.mx\/","logo":{"@type":"ImageObject","inLanguage":"es","@id":"https:\/\/www.sonoraenequipo.com.mx\/#\/schema\/logo\/image\/","url":"https:\/\/www.sonoraenequipo.com.mx\/storage\/2019\/01\/sonoraenequipo_opt.png","contentUrl":"https:\/\/www.sonoraenequipo.com.mx\/storage\/2019\/01\/sonoraenequipo_opt.png","width":375,"height":125,"caption":"Sonoraenequipo.com.mx"},"image":{"@id":"https:\/\/www.sonoraenequipo.com.mx\/#\/schema\/logo\/image\/"},"sameAs":["https:\/\/www.facebook.com\/SonoraEE\/","https:\/\/x.com\/sonoraenequipo","https:\/\/www.youtube.com\/channel\/UC338nW-lPEYmJQs4ZABQ1SQ"]},{"@type":"Person","@id":"https:\/\/www.sonoraenequipo.com.mx\/#\/schema\/person\/50102df0fb23a8fa9e8effad8fa81386","name":"enequipo","image":{"@type":"ImageObject","inLanguage":"es","@id":"https:\/\/www.sonoraenequipo.com.mx\/#\/schema\/person\/image\/","url":"https:\/\/secure.gravatar.com\/avatar\/049821681b589dabc0bc20695993ccebb09f5b5d4d790cd9251b97faac7c652b?s=96&d=blank&r=g","contentUrl":"https:\/\/secure.gravatar.com\/avatar\/049821681b589dabc0bc20695993ccebb09f5b5d4d790cd9251b97faac7c652b?s=96&d=blank&r=g","caption":"enequipo"},"sameAs":["https:\/\/www.facebook.com\/SonoraEE"]}]}},"jetpack_featured_media_url":"https:\/\/www.sonoraenequipo.com.mx\/storage\/2022\/05\/Programa-Delfin2022-2.jpg","_links":{"self":[{"href":"https:\/\/www.sonoraenequipo.com.mx\/api\/wp\/v2\/posts\/139209","targetHints":{"allow":["GET"]}}],"collection":[{"href":"https:\/\/www.sonoraenequipo.com.mx\/api\/wp\/v2\/posts"}],"about":[{"href":"https:\/\/www.sonoraenequipo.com.mx\/api\/wp\/v2\/types\/post"}],"author":[{"embeddable":true,"href":"https:\/\/www.sonoraenequipo.com.mx\/api\/wp\/v2\/users\/1"}],"replies":[{"embeddable":true,"href":"https:\/\/www.sonoraenequipo.com.mx\/api\/wp\/v2\/comments?post=139209"}],"version-history":[{"count":1,"href":"https:\/\/www.sonoraenequipo.com.mx\/api\/wp\/v2\/posts\/139209\/revisions"}],"predecessor-version":[{"id":139211,"href":"https:\/\/www.sonoraenequipo.com.mx\/api\/wp\/v2\/posts\/139209\/revisions\/139211"}],"wp:featuredmedia":[{"embeddable":true,"href":"https:\/\/www.sonoraenequipo.com.mx\/api\/wp\/v2\/media\/139210"}],"wp:attachment":[{"href":"https:\/\/www.sonoraenequipo.com.mx\/api\/wp\/v2\/media?parent=139209"}],"wp:term":[{"taxonomy":"category","embeddable":true,"href":"https:\/\/www.sonoraenequipo.com.mx\/api\/wp\/v2\/categories?post=139209"},{"taxonomy":"post_tag","embeddable":true,"href":"https:\/\/www.sonoraenequipo.com.mx\/api\/wp\/v2\/tags?post=139209"}],"curies":[{"name":"wp","href":"https:\/\/api.w.org\/{rel}","templated":true}]}}