{"id":139212,"date":"2022-05-26T06:12:14","date_gmt":"2022-05-26T13:12:14","guid":{"rendered":"https:\/\/www.sonoraenequipo.com.mx\/?p=139212"},"modified":"2022-05-26T21:40:04","modified_gmt":"2022-05-27T04:40:04","slug":"inauguran-primera-exposicion-de-la-ruta-del-arte-en-el-marco-de-los-20-anos-de-fiestas-del-pitic","status":"publish","type":"post","link":"https:\/\/www.sonoraenequipo.com.mx\/inauguran-primera-exposicion-de-la-ruta-del-arte-en-el-marco-de-los-20-anos-de-fiestas-del-pitic\/","title":{"rendered":"Inauguran primera exposici\u00f3n de la Ruta del Arte, en el marco de los 20 a\u00f1os de Fiestas del Pitic"},"content":{"rendered":"<p><strong>HERMOSILLO, SONORA. MX. \u2014 <\/strong>2022.- Con la representaci\u00f3n del Presidente Municipal Antonio Astiazar\u00e1n Guti\u00e9rrez, Patricia Ruibal Zaragoza, presidenta de DIF Hermosillo, inaugur\u00f3 la primera de las exposiciones que conforman \u201cLa Ruta del Arte\u201d, como parte de la oferta cultural de Fiestas del Pitic 2022.<\/p>\n<p>&nbsp;<\/p>\n<p> <\/p>\n<p>&nbsp;<\/p>\n<p>Junto con Mariana Gonz\u00e1lez, directora del Instituto Municipal de Cultura y Arte (IMCA); Isela Montes de Oca, Directora de DIF Municipal, y Juan Poom Medina, rector del Colegio de Sonora (COLSON), Patricia Ruibal cort\u00f3 el list\u00f3n de la exposici\u00f3n \u201cEntre Bronces y Maderas\u201d, de la escultora de origen sueco Monika Ejerhed.<\/p>\n<p>&nbsp;<\/p>\n<p>&nbsp;<\/p>\n<p>Sus obras permanecer\u00e1n en los pasillos del COLSON, para disfrute de hermosillenses y visitantes hasta el 30 de mayo pr\u00f3ximo.<\/p>\n<p>&nbsp;<\/p>\n<p>&nbsp;<\/p>\n<p>Aprovech\u00f3 el encuentro para hacer entrega de sus respectivas constancias tanto a Monika Ejerhed como a Ema Alicia Mondaca Ochoa, creadora de la exposici\u00f3n<strong><em> \u201cSed y hambre\u201d,<\/em><\/strong> que estar\u00e1 en el lobby del teatro del Colegio de Bachilleres (COBACH), a la vez que agradeci\u00f3 a ambas por participar en el dise\u00f1o y construcci\u00f3n del proyecto \u201c<em><strong>Rutas del Arte\u201d.<\/strong><\/em><\/p>\n<p>&nbsp;<\/p>\n<p>&nbsp;<\/p>\n<p>La Directora del IMCA hizo notar que los protocolos inaugurales son m\u00e1s que eso, ya que representan oportunidades de reencuentro y conversaci\u00f3n sobre un tema que une, como lo es la cultura.<\/p>\n<p>&nbsp;<\/p>\n<p>&nbsp;<\/p>\n<p>La ocasi\u00f3n reuni\u00f3 en el inmueble del Colegio de Sonora a miembros de la Asociaci\u00f3n Sonorense de Artistas Pl\u00e1sticos (ASAP) A.C., galeristas, miembros de la comunidad acad\u00e9mica y ciudadanas y ciudadanos en lo particular.<\/p>\n<p>&nbsp;<\/p>\n<p>&nbsp;<\/p>\n<p>(Publicada el 26\/05\/2022\/Con informaci\u00f3n de GOBHMO 342\/2022)<\/p>\n","protected":false},"excerpt":{"rendered":"<p>HERMOSILLO, SONORA. MX. \u2014 2022.- Con la representaci\u00f3n del Presidente Municipal Antonio Astiazar\u00e1n Guti\u00e9rrez, Patricia&#8230;<\/p>\n","protected":false},"author":1,"featured_media":139214,"comment_status":"open","ping_status":"open","sticky":false,"template":"","format":"standard","meta":{"_monsterinsights_skip_tracking":false,"_monsterinsights_sitenote_active":false,"_monsterinsights_sitenote_note":"","_monsterinsights_sitenote_category":0,"footnotes":""},"categories":[22],"tags":[],"class_list":["post"],"yoast_head":" \n<title>Sonora en Equipo. Inauguran primera exposici\u00f3n de la Ruta del Arte, en el marco de los 20 a\u00f1os de Fiestas del Pitic Sonora<\/title>\n<meta name=\"description\" content=\"HERMOSILLO, SONORA. MX. \u2014 2022.- Con la representaci\u00f3n del Presidente Municipal Antonio Astiazar\u00e1n Guti\u00e9rrez, Patricia Ruibal Zaragoza, presidenta de DIF En Sonora en Equipo publicamos toda la informaci\u00f3n de Sonora, M\u00e9xico y el Mundo de manera oportuna y busca que la libertad de expresi\u00f3n sea real. Visita nuestro medio informativo publicado desde Hermosillo, Sonora. %\" \/>\n<meta name=\"robots\" content=\"index, follow, max-snippet:-1, max-image-preview:large, max-video-preview:-1\" \/>\n<link rel=\"canonical\" href=\"https:\/\/www.sonoraenequipo.com.mx\/inauguran-primera-exposicion-de-la-ruta-del-arte-en-el-marco-de-los-20-anos-de-fiestas-del-pitic\/\" \/>\n<meta property=\"og:locale\" content=\"es_ES\" \/>\n<meta property=\"og:type\" content=\"article\" \/>\n<meta property=\"og:title\" content=\"Sonora en Equipo. Inauguran primera exposici\u00f3n de la Ruta del Arte, en el marco de los 20 a\u00f1os de Fiestas del Pitic Sonora\" \/>\n<meta property=\"og:description\" content=\"HERMOSILLO, SONORA. MX. \u2014 2022.- Con la representaci\u00f3n del Presidente Municipal Antonio Astiazar\u00e1n Guti\u00e9rrez, Patricia Ruibal Zaragoza, presidenta de DIF En Sonora en Equipo publicamos toda la informaci\u00f3n de Sonora, M\u00e9xico y el Mundo de manera oportuna y busca que la libertad de expresi\u00f3n sea real. Visita nuestro medio informativo publicado desde Hermosillo, Sonora. %\" \/>\n<meta property=\"og:url\" content=\"https:\/\/www.sonoraenequipo.com.mx\/inauguran-primera-exposicion-de-la-ruta-del-arte-en-el-marco-de-los-20-anos-de-fiestas-del-pitic\/\" \/>\n<meta property=\"og:site_name\" content=\"Sonora en Equipo.\" \/>\n<meta property=\"article:publisher\" content=\"https:\/\/www.facebook.com\/SonoraEE\/\" \/>\n<meta property=\"article:author\" content=\"https:\/\/www.facebook.com\/SonoraEE\" \/>\n<meta property=\"article:published_time\" content=\"2022-05-26T13:12:14+00:00\" \/>\n<meta property=\"article:modified_time\" content=\"2022-05-27T04:40:04+00:00\" \/>\n<meta property=\"og:image\" content=\"https:\/\/www.sonoraenequipo.com.mx\/storage\/2022\/05\/RUTA-DEL-ARTE.jpg\" \/>\n\t<meta property=\"og:image:width\" content=\"700\" \/>\n\t<meta property=\"og:image:height\" content=\"400\" \/>\n\t<meta property=\"og:image:type\" content=\"image\/jpeg\" \/>\n<meta name=\"author\" content=\"enequipo\" \/>\n<meta name=\"twitter:card\" content=\"summary_large_image\" \/>\n<meta name=\"twitter:creator\" content=\"@sonoraenequipo\" \/>\n<meta name=\"twitter:site\" content=\"@sonoraenequipo\" \/>\n<meta name=\"twitter:label1\" content=\"Escrito por\" \/>\n\t<meta name=\"twitter:data1\" content=\"enequipo\" \/>\n\t<meta name=\"twitter:label2\" content=\"Tiempo de lectura\" \/>\n\t<meta name=\"twitter:data2\" content=\"2 minutos\" \/>\n<script type=\"application\/ld+json\" class=\"yoast-schema-graph\">{\"@context\":\"https:\/\/schema.org\",\"@graph\":[{\"@type\":\"Article\",\"@id\":\"https:\/\/www.sonoraenequipo.com.mx\/inauguran-primera-exposicion-de-la-ruta-del-arte-en-el-marco-de-los-20-anos-de-fiestas-del-pitic\/#article\",\"isPartOf\":{\"@id\":\"https:\/\/www.sonoraenequipo.com.mx\/inauguran-primera-exposicion-de-la-ruta-del-arte-en-el-marco-de-los-20-anos-de-fiestas-del-pitic\/\"},\"author\":{\"name\":\"enequipo\",\"@id\":\"https:\/\/www.sonoraenequipo.com.mx\/#\/schema\/person\/50102df0fb23a8fa9e8effad8fa81386\"},\"headline\":\"Inauguran primera exposici\u00f3n de la Ruta del Arte, en el marco de los 20 a\u00f1os de Fiestas del Pitic\",\"datePublished\":\"2022-05-26T13:12:14+00:00\",\"dateModified\":\"2022-05-27T04:40:04+00:00\",\"mainEntityOfPage\":{\"@id\":\"https:\/\/www.sonoraenequipo.com.mx\/inauguran-primera-exposicion-de-la-ruta-del-arte-en-el-marco-de-los-20-anos-de-fiestas-del-pitic\/\"},\"wordCount\":293,\"commentCount\":0,\"publisher\":{\"@id\":\"https:\/\/www.sonoraenequipo.com.mx\/#organization\"},\"image\":{\"@id\":\"https:\/\/www.sonoraenequipo.com.mx\/inauguran-primera-exposicion-de-la-ruta-del-arte-en-el-marco-de-los-20-anos-de-fiestas-del-pitic\/#primaryimage\"},\"thumbnailUrl\":\"https:\/\/www.sonoraenequipo.com.mx\/storage\/2022\/05\/RUTA-DEL-ARTE.jpg\",\"articleSection\":[\"Sonora\"],\"inLanguage\":\"es\",\"potentialAction\":[{\"@type\":\"CommentAction\",\"name\":\"Comment\",\"target\":[\"https:\/\/www.sonoraenequipo.com.mx\/inauguran-primera-exposicion-de-la-ruta-del-arte-en-el-marco-de-los-20-anos-de-fiestas-del-pitic\/#respond\"]}]},{\"@type\":\"WebPage\",\"@id\":\"https:\/\/www.sonoraenequipo.com.mx\/inauguran-primera-exposicion-de-la-ruta-del-arte-en-el-marco-de-los-20-anos-de-fiestas-del-pitic\/\",\"url\":\"https:\/\/www.sonoraenequipo.com.mx\/inauguran-primera-exposicion-de-la-ruta-del-arte-en-el-marco-de-los-20-anos-de-fiestas-del-pitic\/\",\"name\":\"Sonora en Equipo. Inauguran primera exposici\u00f3n de la Ruta del Arte, en el marco de los 20 a\u00f1os de Fiestas del Pitic Sonora\",\"isPartOf\":{\"@id\":\"https:\/\/www.sonoraenequipo.com.mx\/#website\"},\"primaryImageOfPage\":{\"@id\":\"https:\/\/www.sonoraenequipo.com.mx\/inauguran-primera-exposicion-de-la-ruta-del-arte-en-el-marco-de-los-20-anos-de-fiestas-del-pitic\/#primaryimage\"},\"image\":{\"@id\":\"https:\/\/www.sonoraenequipo.com.mx\/inauguran-primera-exposicion-de-la-ruta-del-arte-en-el-marco-de-los-20-anos-de-fiestas-del-pitic\/#primaryimage\"},\"thumbnailUrl\":\"https:\/\/www.sonoraenequipo.com.mx\/storage\/2022\/05\/RUTA-DEL-ARTE.jpg\",\"datePublished\":\"2022-05-26T13:12:14+00:00\",\"dateModified\":\"2022-05-27T04:40:04+00:00\",\"description\":\"HERMOSILLO, SONORA. MX. \u2014 2022.- Con la representaci\u00f3n del Presidente Municipal Antonio Astiazar\u00e1n Guti\u00e9rrez, Patricia Ruibal Zaragoza, presidenta de DIF En Sonora en Equipo publicamos toda la informaci\u00f3n de Sonora, M\u00e9xico y el Mundo de manera oportuna y busca que la libertad de expresi\u00f3n sea real. Visita nuestro medio informativo publicado desde Hermosillo, Sonora. %\",\"breadcrumb\":{\"@id\":\"https:\/\/www.sonoraenequipo.com.mx\/inauguran-primera-exposicion-de-la-ruta-del-arte-en-el-marco-de-los-20-anos-de-fiestas-del-pitic\/#breadcrumb\"},\"inLanguage\":\"es\",\"potentialAction\":[{\"@type\":\"ReadAction\",\"target\":[\"https:\/\/www.sonoraenequipo.com.mx\/inauguran-primera-exposicion-de-la-ruta-del-arte-en-el-marco-de-los-20-anos-de-fiestas-del-pitic\/\"]}]},{\"@type\":\"ImageObject\",\"inLanguage\":\"es\",\"@id\":\"https:\/\/www.sonoraenequipo.com.mx\/inauguran-primera-exposicion-de-la-ruta-del-arte-en-el-marco-de-los-20-anos-de-fiestas-del-pitic\/#primaryimage\",\"url\":\"https:\/\/www.sonoraenequipo.com.mx\/storage\/2022\/05\/RUTA-DEL-ARTE.jpg\",\"contentUrl\":\"https:\/\/www.sonoraenequipo.com.mx\/storage\/2022\/05\/RUTA-DEL-ARTE.jpg\",\"width\":700,\"height\":400},{\"@type\":\"BreadcrumbList\",\"@id\":\"https:\/\/www.sonoraenequipo.com.mx\/inauguran-primera-exposicion-de-la-ruta-del-arte-en-el-marco-de-los-20-anos-de-fiestas-del-pitic\/#breadcrumb\",\"itemListElement\":[{\"@type\":\"ListItem\",\"position\":1,\"name\":\"Portada\",\"item\":\"https:\/\/www.sonoraenequipo.com.mx\/\"},{\"@type\":\"ListItem\",\"position\":2,\"name\":\"Inauguran primera exposici\u00f3n de la Ruta del Arte, en el marco de los 20 a\u00f1os de Fiestas del Pitic\"}]},{\"@type\":\"WebSite\",\"@id\":\"https:\/\/www.sonoraenequipo.com.mx\/#website\",\"url\":\"https:\/\/www.sonoraenequipo.com.mx\/\",\"name\":\"Sonora en Equipo.\",\"description\":\"Diario en l\u00ednea con Noticias desde Hermosillo, Sonora\",\"publisher\":{\"@id\":\"https:\/\/www.sonoraenequipo.com.mx\/#organization\"},\"potentialAction\":[{\"@type\":\"SearchAction\",\"target\":{\"@type\":\"EntryPoint\",\"urlTemplate\":\"https:\/\/www.sonoraenequipo.com.mx\/?s={search_term_string}\"},\"query-input\":{\"@type\":\"PropertyValueSpecification\",\"valueRequired\":true,\"valueName\":\"search_term_string\"}}],\"inLanguage\":\"es\"},{\"@type\":\"Organization\",\"@id\":\"https:\/\/www.sonoraenequipo.com.mx\/#organization\",\"name\":\"Sonoraenequipo.com.mx\",\"url\":\"https:\/\/www.sonoraenequipo.com.mx\/\",\"logo\":{\"@type\":\"ImageObject\",\"inLanguage\":\"es\",\"@id\":\"https:\/\/www.sonoraenequipo.com.mx\/#\/schema\/logo\/image\/\",\"url\":\"https:\/\/www.sonoraenequipo.com.mx\/storage\/2019\/01\/sonoraenequipo_opt.png\",\"contentUrl\":\"https:\/\/www.sonoraenequipo.com.mx\/storage\/2019\/01\/sonoraenequipo_opt.png\",\"width\":375,\"height\":125,\"caption\":\"Sonoraenequipo.com.mx\"},\"image\":{\"@id\":\"https:\/\/www.sonoraenequipo.com.mx\/#\/schema\/logo\/image\/\"},\"sameAs\":[\"https:\/\/www.facebook.com\/SonoraEE\/\",\"https:\/\/x.com\/sonoraenequipo\",\"https:\/\/www.youtube.com\/channel\/UC338nW-lPEYmJQs4ZABQ1SQ\"]},{\"@type\":\"Person\",\"@id\":\"https:\/\/www.sonoraenequipo.com.mx\/#\/schema\/person\/50102df0fb23a8fa9e8effad8fa81386\",\"name\":\"enequipo\",\"image\":{\"@type\":\"ImageObject\",\"inLanguage\":\"es\",\"@id\":\"https:\/\/www.sonoraenequipo.com.mx\/#\/schema\/person\/image\/\",\"url\":\"https:\/\/secure.gravatar.com\/avatar\/049821681b589dabc0bc20695993ccebb09f5b5d4d790cd9251b97faac7c652b?s=96&d=blank&r=g\",\"contentUrl\":\"https:\/\/secure.gravatar.com\/avatar\/049821681b589dabc0bc20695993ccebb09f5b5d4d790cd9251b97faac7c652b?s=96&d=blank&r=g\",\"caption\":\"enequipo\"},\"sameAs\":[\"https:\/\/www.facebook.com\/SonoraEE\"]}]}<\/script>\n ","yoast_head_json":{"title":"Sonora en Equipo. Inauguran primera exposici\u00f3n de la Ruta del Arte, en el marco de los 20 a\u00f1os de Fiestas del Pitic Sonora","description":"HERMOSILLO, SONORA. MX. \u2014 2022.- Con la representaci\u00f3n del Presidente Municipal Antonio Astiazar\u00e1n Guti\u00e9rrez, Patricia Ruibal Zaragoza, presidenta de DIF En Sonora en Equipo publicamos toda la informaci\u00f3n de Sonora, M\u00e9xico y el Mundo de manera oportuna y busca que la libertad de expresi\u00f3n sea real. Visita nuestro medio informativo publicado desde Hermosillo, Sonora. %","robots":{"index":"index","follow":"follow","max-snippet":"max-snippet:-1","max-image-preview":"max-image-preview:large","max-video-preview":"max-video-preview:-1"},"canonical":"https:\/\/www.sonoraenequipo.com.mx\/inauguran-primera-exposicion-de-la-ruta-del-arte-en-el-marco-de-los-20-anos-de-fiestas-del-pitic\/","og_locale":"es_ES","og_type":"article","og_title":"Sonora en Equipo. Inauguran primera exposici\u00f3n de la Ruta del Arte, en el marco de los 20 a\u00f1os de Fiestas del Pitic Sonora","og_description":"HERMOSILLO, SONORA. MX. \u2014 2022.- Con la representaci\u00f3n del Presidente Municipal Antonio Astiazar\u00e1n Guti\u00e9rrez, Patricia Ruibal Zaragoza, presidenta de DIF En Sonora en Equipo publicamos toda la informaci\u00f3n de Sonora, M\u00e9xico y el Mundo de manera oportuna y busca que la libertad de expresi\u00f3n sea real. Visita nuestro medio informativo publicado desde Hermosillo, Sonora. %","og_url":"https:\/\/www.sonoraenequipo.com.mx\/inauguran-primera-exposicion-de-la-ruta-del-arte-en-el-marco-de-los-20-anos-de-fiestas-del-pitic\/","og_site_name":"Sonora en Equipo.","article_publisher":"https:\/\/www.facebook.com\/SonoraEE\/","article_author":"https:\/\/www.facebook.com\/SonoraEE","article_published_time":"2022-05-26T13:12:14+00:00","article_modified_time":"2022-05-27T04:40:04+00:00","og_image":[{"width":700,"height":400,"url":"https:\/\/www.sonoraenequipo.com.mx\/storage\/2022\/05\/RUTA-DEL-ARTE.jpg","type":"image\/jpeg"}],"author":"enequipo","twitter_card":"summary_large_image","twitter_creator":"@sonoraenequipo","twitter_site":"@sonoraenequipo","twitter_misc":{"Escrito por":"enequipo","Tiempo de lectura":"2 minutos"},"schema":{"@context":"https:\/\/schema.org","@graph":[{"@type":"Article","@id":"https:\/\/www.sonoraenequipo.com.mx\/inauguran-primera-exposicion-de-la-ruta-del-arte-en-el-marco-de-los-20-anos-de-fiestas-del-pitic\/#article","isPartOf":{"@id":"https:\/\/www.sonoraenequipo.com.mx\/inauguran-primera-exposicion-de-la-ruta-del-arte-en-el-marco-de-los-20-anos-de-fiestas-del-pitic\/"},"author":{"name":"enequipo","@id":"https:\/\/www.sonoraenequipo.com.mx\/#\/schema\/person\/50102df0fb23a8fa9e8effad8fa81386"},"headline":"Inauguran primera exposici\u00f3n de la Ruta del Arte, en el marco de los 20 a\u00f1os de Fiestas del Pitic","datePublished":"2022-05-26T13:12:14+00:00","dateModified":"2022-05-27T04:40:04+00:00","mainEntityOfPage":{"@id":"https:\/\/www.sonoraenequipo.com.mx\/inauguran-primera-exposicion-de-la-ruta-del-arte-en-el-marco-de-los-20-anos-de-fiestas-del-pitic\/"},"wordCount":293,"commentCount":0,"publisher":{"@id":"https:\/\/www.sonoraenequipo.com.mx\/#organization"},"image":{"@id":"https:\/\/www.sonoraenequipo.com.mx\/inauguran-primera-exposicion-de-la-ruta-del-arte-en-el-marco-de-los-20-anos-de-fiestas-del-pitic\/#primaryimage"},"thumbnailUrl":"https:\/\/www.sonoraenequipo.com.mx\/storage\/2022\/05\/RUTA-DEL-ARTE.jpg","articleSection":["Sonora"],"inLanguage":"es","potentialAction":[{"@type":"CommentAction","name":"Comment","target":["https:\/\/www.sonoraenequipo.com.mx\/inauguran-primera-exposicion-de-la-ruta-del-arte-en-el-marco-de-los-20-anos-de-fiestas-del-pitic\/#respond"]}]},{"@type":"WebPage","@id":"https:\/\/www.sonoraenequipo.com.mx\/inauguran-primera-exposicion-de-la-ruta-del-arte-en-el-marco-de-los-20-anos-de-fiestas-del-pitic\/","url":"https:\/\/www.sonoraenequipo.com.mx\/inauguran-primera-exposicion-de-la-ruta-del-arte-en-el-marco-de-los-20-anos-de-fiestas-del-pitic\/","name":"Sonora en Equipo. Inauguran primera exposici\u00f3n de la Ruta del Arte, en el marco de los 20 a\u00f1os de Fiestas del Pitic Sonora","isPartOf":{"@id":"https:\/\/www.sonoraenequipo.com.mx\/#website"},"primaryImageOfPage":{"@id":"https:\/\/www.sonoraenequipo.com.mx\/inauguran-primera-exposicion-de-la-ruta-del-arte-en-el-marco-de-los-20-anos-de-fiestas-del-pitic\/#primaryimage"},"image":{"@id":"https:\/\/www.sonoraenequipo.com.mx\/inauguran-primera-exposicion-de-la-ruta-del-arte-en-el-marco-de-los-20-anos-de-fiestas-del-pitic\/#primaryimage"},"thumbnailUrl":"https:\/\/www.sonoraenequipo.com.mx\/storage\/2022\/05\/RUTA-DEL-ARTE.jpg","datePublished":"2022-05-26T13:12:14+00:00","dateModified":"2022-05-27T04:40:04+00:00","description":"HERMOSILLO, SONORA. MX. \u2014 2022.- Con la representaci\u00f3n del Presidente Municipal Antonio Astiazar\u00e1n Guti\u00e9rrez, Patricia Ruibal Zaragoza, presidenta de DIF En Sonora en Equipo publicamos toda la informaci\u00f3n de Sonora, M\u00e9xico y el Mundo de manera oportuna y busca que la libertad de expresi\u00f3n sea real. Visita nuestro medio informativo publicado desde Hermosillo, Sonora. %","breadcrumb":{"@id":"https:\/\/www.sonoraenequipo.com.mx\/inauguran-primera-exposicion-de-la-ruta-del-arte-en-el-marco-de-los-20-anos-de-fiestas-del-pitic\/#breadcrumb"},"inLanguage":"es","potentialAction":[{"@type":"ReadAction","target":["https:\/\/www.sonoraenequipo.com.mx\/inauguran-primera-exposicion-de-la-ruta-del-arte-en-el-marco-de-los-20-anos-de-fiestas-del-pitic\/"]}]},{"@type":"ImageObject","inLanguage":"es","@id":"https:\/\/www.sonoraenequipo.com.mx\/inauguran-primera-exposicion-de-la-ruta-del-arte-en-el-marco-de-los-20-anos-de-fiestas-del-pitic\/#primaryimage","url":"https:\/\/www.sonoraenequipo.com.mx\/storage\/2022\/05\/RUTA-DEL-ARTE.jpg","contentUrl":"https:\/\/www.sonoraenequipo.com.mx\/storage\/2022\/05\/RUTA-DEL-ARTE.jpg","width":700,"height":400},{"@type":"BreadcrumbList","@id":"https:\/\/www.sonoraenequipo.com.mx\/inauguran-primera-exposicion-de-la-ruta-del-arte-en-el-marco-de-los-20-anos-de-fiestas-del-pitic\/#breadcrumb","itemListElement":[{"@type":"ListItem","position":1,"name":"Portada","item":"https:\/\/www.sonoraenequipo.com.mx\/"},{"@type":"ListItem","position":2,"name":"Inauguran primera exposici\u00f3n de la Ruta del Arte, en el marco de los 20 a\u00f1os de Fiestas del Pitic"}]},{"@type":"WebSite","@id":"https:\/\/www.sonoraenequipo.com.mx\/#website","url":"https:\/\/www.sonoraenequipo.com.mx\/","name":"Sonora en Equipo.","description":"Diario en l\u00ednea con Noticias desde Hermosillo, Sonora","publisher":{"@id":"https:\/\/www.sonoraenequipo.com.mx\/#organization"},"potentialAction":[{"@type":"SearchAction","target":{"@type":"EntryPoint","urlTemplate":"https:\/\/www.sonoraenequipo.com.mx\/?s={search_term_string}"},"query-input":{"@type":"PropertyValueSpecification","valueRequired":true,"valueName":"search_term_string"}}],"inLanguage":"es"},{"@type":"Organization","@id":"https:\/\/www.sonoraenequipo.com.mx\/#organization","name":"Sonoraenequipo.com.mx","url":"https:\/\/www.sonoraenequipo.com.mx\/","logo":{"@type":"ImageObject","inLanguage":"es","@id":"https:\/\/www.sonoraenequipo.com.mx\/#\/schema\/logo\/image\/","url":"https:\/\/www.sonoraenequipo.com.mx\/storage\/2019\/01\/sonoraenequipo_opt.png","contentUrl":"https:\/\/www.sonoraenequipo.com.mx\/storage\/2019\/01\/sonoraenequipo_opt.png","width":375,"height":125,"caption":"Sonoraenequipo.com.mx"},"image":{"@id":"https:\/\/www.sonoraenequipo.com.mx\/#\/schema\/logo\/image\/"},"sameAs":["https:\/\/www.facebook.com\/SonoraEE\/","https:\/\/x.com\/sonoraenequipo","https:\/\/www.youtube.com\/channel\/UC338nW-lPEYmJQs4ZABQ1SQ"]},{"@type":"Person","@id":"https:\/\/www.sonoraenequipo.com.mx\/#\/schema\/person\/50102df0fb23a8fa9e8effad8fa81386","name":"enequipo","image":{"@type":"ImageObject","inLanguage":"es","@id":"https:\/\/www.sonoraenequipo.com.mx\/#\/schema\/person\/image\/","url":"https:\/\/secure.gravatar.com\/avatar\/049821681b589dabc0bc20695993ccebb09f5b5d4d790cd9251b97faac7c652b?s=96&d=blank&r=g","contentUrl":"https:\/\/secure.gravatar.com\/avatar\/049821681b589dabc0bc20695993ccebb09f5b5d4d790cd9251b97faac7c652b?s=96&d=blank&r=g","caption":"enequipo"},"sameAs":["https:\/\/www.facebook.com\/SonoraEE"]}]}},"jetpack_featured_media_url":"https:\/\/www.sonoraenequipo.com.mx\/storage\/2022\/05\/RUTA-DEL-ARTE.jpg","_links":{"self":[{"href":"https:\/\/www.sonoraenequipo.com.mx\/api\/wp\/v2\/posts\/139212","targetHints":{"allow":["GET"]}}],"collection":[{"href":"https:\/\/www.sonoraenequipo.com.mx\/api\/wp\/v2\/posts"}],"about":[{"href":"https:\/\/www.sonoraenequipo.com.mx\/api\/wp\/v2\/types\/post"}],"author":[{"embeddable":true,"href":"https:\/\/www.sonoraenequipo.com.mx\/api\/wp\/v2\/users\/1"}],"replies":[{"embeddable":true,"href":"https:\/\/www.sonoraenequipo.com.mx\/api\/wp\/v2\/comments?post=139212"}],"version-history":[{"count":1,"href":"https:\/\/www.sonoraenequipo.com.mx\/api\/wp\/v2\/posts\/139212\/revisions"}],"predecessor-version":[{"id":139216,"href":"https:\/\/www.sonoraenequipo.com.mx\/api\/wp\/v2\/posts\/139212\/revisions\/139216"}],"wp:featuredmedia":[{"embeddable":true,"href":"https:\/\/www.sonoraenequipo.com.mx\/api\/wp\/v2\/media\/139214"}],"wp:attachment":[{"href":"https:\/\/www.sonoraenequipo.com.mx\/api\/wp\/v2\/media?parent=139212"}],"wp:term":[{"taxonomy":"category","embeddable":true,"href":"https:\/\/www.sonoraenequipo.com.mx\/api\/wp\/v2\/categories?post=139212"},{"taxonomy":"post_tag","embeddable":true,"href":"https:\/\/www.sonoraenequipo.com.mx\/api\/wp\/v2\/tags?post=139212"}],"curies":[{"name":"wp","href":"https:\/\/api.w.org\/{rel}","templated":true}]}}