{"id":139217,"date":"2022-05-26T07:20:04","date_gmt":"2022-05-26T14:20:04","guid":{"rendered":"https:\/\/www.sonoraenequipo.com.mx\/?p=139217"},"modified":"2022-05-26T21:54:16","modified_gmt":"2022-05-27T04:54:16","slug":"ofertan-mas-de-500-plazas-de-trabajo-en-feria-regional-del-empleo","status":"publish","type":"post","link":"https:\/\/www.sonoraenequipo.com.mx\/ofertan-mas-de-500-plazas-de-trabajo-en-feria-regional-del-empleo\/","title":{"rendered":"Ofertan m\u00e1s de 500 plazas de trabajo en Feria Regional del Empleo"},"content":{"rendered":"<p><strong>CIUDAD OBREG\u00d3N, SONORA. MX. \u2014 <\/strong>Ciudad Obreg\u00f3n, Sonora; 25 de mayo del 2022.- Como parte de las acciones para lograr la transformaci\u00f3n de Sonora impulsada por el gobernador Alfonso Durazo Monta\u00f1o, hoy se llev\u00f3 a cabo la primera Feria Regional del Empleo, donde se ofertaron m\u00e1s de 500 plazas de trabajo.<\/p>\n<p>&nbsp;<\/p>\n<p> <\/p>\n<p>&nbsp;<\/p>\n<p>Ante la presencia de los alcaldes de Cajeme y Benito Ju\u00e1rez, Javier Lamarque Cano y Florentino Jusacamea Valencia, respectivamente, Efra\u00edn Zamora Ru\u00edz, representante de la secretaria del Trabajo, Olga Armida Grijalva, reafirm\u00f3 el compromiso del Gobierno de Sonora de generar empleos de calidad y mejor pagados.<\/p>\n<p>&nbsp;<\/p>\n<p>La feria, celebrada en la sala de Cabildo de Cajeme, logr\u00f3 congregar a 20 empresas que ofrecieron m\u00e1s de 500 empleos, derivados de la promoci\u00f3n realizada por la propia Secretar\u00eda del Trabajo a trav\u00e9s del Servicio Estatal del Empleo y con el apoyo del H. Ayuntamiento de Cajeme.<\/p>\n<p>&nbsp;<\/p>\n<p>Zamora Ru\u00edz, manifest\u00f3 que, gracias a la pol\u00edtica del gobierno estatal de ser un facilitador de la inversi\u00f3n, en Sonora existen m\u00e1s y mejores oportunidades de trabajo, y este tipo de ferias representan un escaparate importante para que las empresas puedan ofertar nuevas fuentes de trabajo.<\/p>\n<p>&nbsp;<\/p>\n<p>Por su parte, el alcalde Javier Lamarque Cano, reconoci\u00f3 que el empleo es la fuente de la riqueza de nuestro pa\u00eds y la fuerza transformadora que genera los bienes, servicios y todo aquello que se produce y distribuye en beneficio del bienestar de las familias.<\/p>\n<p>&nbsp;<\/p>\n<p>En esta ocasi\u00f3n las empresas participantes ofertaron vacantes que van desde gerente de puestos, supervisores, operadores de producci\u00f3n, asesores comerciales, auxiliares contables, ni\u00f1eras, vendedores de mostrador y piso, choferes, vigilantes, entre otras \u00e1reas y especialidades.<\/p>\n<p>&nbsp;<\/p>\n<p>En el evento tambi\u00e9n participaron la secretaria del Ayuntamiento, Lucy Haydee Navarro Gallegos; Rodolfo Castro Armenta, representante de la empresa Kuu Consultores y Asociados; la regidora y secretaria general del SUTSAC, Matilde Lemus Fierros y el regidor Fidel Covarrubias Miranda.<\/p>\n<p>&nbsp;<\/p>\n<p>&nbsp;<\/p>\n<p>(Publicada el 26\/05\/2022 \/Con informaci\u00f3n de GOBSON 0522-228)<\/p>\n","protected":false},"excerpt":{"rendered":"<p>CIUDAD OBREG\u00d3N, SONORA. MX. \u2014 Ciudad Obreg\u00f3n, Sonora; 25 de mayo del 2022.- Como parte&#8230;<\/p>\n","protected":false},"author":1,"featured_media":139219,"comment_status":"open","ping_status":"open","sticky":false,"template":"","format":"standard","meta":{"_monsterinsights_skip_tracking":false,"_monsterinsights_sitenote_active":false,"_monsterinsights_sitenote_note":"","_monsterinsights_sitenote_category":0,"footnotes":""},"categories":[22],"tags":[],"class_list":["post"],"yoast_head":" \n<title>Sonora en Equipo. Ofertan m\u00e1s de 500 plazas de trabajo en Feria Regional del Empleo<\/title>\n<meta name=\"description\" content=\"CIUDAD OBREG\u00d3N, SONORA. MX. \u2014 Ciudad Obreg\u00f3n, Sonora; 25 de mayo del 2022.- Como parte de las acciones para lograr la transformaci\u00f3n de Sonora impulsada En Sonora en Equipo publicamos toda la informaci\u00f3n de Sonora, M\u00e9xico y el Mundo de manera oportuna y busca que la libertad de expresi\u00f3n sea real. Visita nuestro medio informativo publicado desde Hermosillo, Sonora. %\" \/>\n<meta name=\"robots\" content=\"index, follow, max-snippet:-1, max-image-preview:large, max-video-preview:-1\" \/>\n<link rel=\"canonical\" href=\"https:\/\/www.sonoraenequipo.com.mx\/ofertan-mas-de-500-plazas-de-trabajo-en-feria-regional-del-empleo\/\" \/>\n<meta property=\"og:locale\" content=\"es_ES\" \/>\n<meta property=\"og:type\" content=\"article\" \/>\n<meta property=\"og:title\" content=\"Sonora en Equipo. Ofertan m\u00e1s de 500 plazas de trabajo en Feria Regional del Empleo\" \/>\n<meta property=\"og:description\" content=\"CIUDAD OBREG\u00d3N, SONORA. MX. \u2014 Ciudad Obreg\u00f3n, Sonora; 25 de mayo del 2022.- Como parte de las acciones para lograr la transformaci\u00f3n de Sonora impulsada En Sonora en Equipo publicamos toda la informaci\u00f3n de Sonora, M\u00e9xico y el Mundo de manera oportuna y busca que la libertad de expresi\u00f3n sea real. Visita nuestro medio informativo publicado desde Hermosillo, Sonora. %\" \/>\n<meta property=\"og:url\" content=\"https:\/\/www.sonoraenequipo.com.mx\/ofertan-mas-de-500-plazas-de-trabajo-en-feria-regional-del-empleo\/\" \/>\n<meta property=\"og:site_name\" content=\"Sonora en Equipo.\" \/>\n<meta property=\"article:publisher\" content=\"https:\/\/www.facebook.com\/SonoraEE\/\" \/>\n<meta property=\"article:author\" content=\"https:\/\/www.facebook.com\/SonoraEE\" \/>\n<meta property=\"article:published_time\" content=\"2022-05-26T14:20:04+00:00\" \/>\n<meta property=\"article:modified_time\" content=\"2022-05-27T04:54:16+00:00\" \/>\n<meta property=\"og:image\" content=\"https:\/\/www.sonoraenequipo.com.mx\/storage\/2022\/05\/feria-del-empleo4.jpg\" \/>\n\t<meta property=\"og:image:width\" content=\"700\" \/>\n\t<meta property=\"og:image:height\" content=\"400\" \/>\n\t<meta property=\"og:image:type\" content=\"image\/jpeg\" \/>\n<meta name=\"author\" content=\"enequipo\" \/>\n<meta name=\"twitter:card\" content=\"summary_large_image\" \/>\n<meta name=\"twitter:creator\" content=\"@sonoraenequipo\" \/>\n<meta name=\"twitter:site\" content=\"@sonoraenequipo\" \/>\n<meta name=\"twitter:label1\" content=\"Escrito por\" \/>\n\t<meta name=\"twitter:data1\" content=\"enequipo\" \/>\n\t<meta name=\"twitter:label2\" content=\"Tiempo de lectura\" \/>\n\t<meta name=\"twitter:data2\" content=\"2 minutos\" \/>\n<script type=\"application\/ld+json\" class=\"yoast-schema-graph\">{\"@context\":\"https:\/\/schema.org\",\"@graph\":[{\"@type\":\"Article\",\"@id\":\"https:\/\/www.sonoraenequipo.com.mx\/ofertan-mas-de-500-plazas-de-trabajo-en-feria-regional-del-empleo\/#article\",\"isPartOf\":{\"@id\":\"https:\/\/www.sonoraenequipo.com.mx\/ofertan-mas-de-500-plazas-de-trabajo-en-feria-regional-del-empleo\/\"},\"author\":{\"name\":\"enequipo\",\"@id\":\"https:\/\/www.sonoraenequipo.com.mx\/#\/schema\/person\/50102df0fb23a8fa9e8effad8fa81386\"},\"headline\":\"Ofertan m\u00e1s de 500 plazas de trabajo en Feria Regional del Empleo\",\"datePublished\":\"2022-05-26T14:20:04+00:00\",\"dateModified\":\"2022-05-27T04:54:16+00:00\",\"mainEntityOfPage\":{\"@id\":\"https:\/\/www.sonoraenequipo.com.mx\/ofertan-mas-de-500-plazas-de-trabajo-en-feria-regional-del-empleo\/\"},\"wordCount\":356,\"commentCount\":0,\"publisher\":{\"@id\":\"https:\/\/www.sonoraenequipo.com.mx\/#organization\"},\"image\":{\"@id\":\"https:\/\/www.sonoraenequipo.com.mx\/ofertan-mas-de-500-plazas-de-trabajo-en-feria-regional-del-empleo\/#primaryimage\"},\"thumbnailUrl\":\"https:\/\/www.sonoraenequipo.com.mx\/storage\/2022\/05\/feria-del-empleo4.jpg\",\"articleSection\":[\"Sonora\"],\"inLanguage\":\"es\",\"potentialAction\":[{\"@type\":\"CommentAction\",\"name\":\"Comment\",\"target\":[\"https:\/\/www.sonoraenequipo.com.mx\/ofertan-mas-de-500-plazas-de-trabajo-en-feria-regional-del-empleo\/#respond\"]}]},{\"@type\":\"WebPage\",\"@id\":\"https:\/\/www.sonoraenequipo.com.mx\/ofertan-mas-de-500-plazas-de-trabajo-en-feria-regional-del-empleo\/\",\"url\":\"https:\/\/www.sonoraenequipo.com.mx\/ofertan-mas-de-500-plazas-de-trabajo-en-feria-regional-del-empleo\/\",\"name\":\"Sonora en Equipo. Ofertan m\u00e1s de 500 plazas de trabajo en Feria Regional del Empleo\",\"isPartOf\":{\"@id\":\"https:\/\/www.sonoraenequipo.com.mx\/#website\"},\"primaryImageOfPage\":{\"@id\":\"https:\/\/www.sonoraenequipo.com.mx\/ofertan-mas-de-500-plazas-de-trabajo-en-feria-regional-del-empleo\/#primaryimage\"},\"image\":{\"@id\":\"https:\/\/www.sonoraenequipo.com.mx\/ofertan-mas-de-500-plazas-de-trabajo-en-feria-regional-del-empleo\/#primaryimage\"},\"thumbnailUrl\":\"https:\/\/www.sonoraenequipo.com.mx\/storage\/2022\/05\/feria-del-empleo4.jpg\",\"datePublished\":\"2022-05-26T14:20:04+00:00\",\"dateModified\":\"2022-05-27T04:54:16+00:00\",\"description\":\"CIUDAD OBREG\u00d3N, SONORA. MX. \u2014 Ciudad Obreg\u00f3n, Sonora; 25 de mayo del 2022.- Como parte de las acciones para lograr la transformaci\u00f3n de Sonora impulsada En Sonora en Equipo publicamos toda la informaci\u00f3n de Sonora, M\u00e9xico y el Mundo de manera oportuna y busca que la libertad de expresi\u00f3n sea real. Visita nuestro medio informativo publicado desde Hermosillo, Sonora. %\",\"breadcrumb\":{\"@id\":\"https:\/\/www.sonoraenequipo.com.mx\/ofertan-mas-de-500-plazas-de-trabajo-en-feria-regional-del-empleo\/#breadcrumb\"},\"inLanguage\":\"es\",\"potentialAction\":[{\"@type\":\"ReadAction\",\"target\":[\"https:\/\/www.sonoraenequipo.com.mx\/ofertan-mas-de-500-plazas-de-trabajo-en-feria-regional-del-empleo\/\"]}]},{\"@type\":\"ImageObject\",\"inLanguage\":\"es\",\"@id\":\"https:\/\/www.sonoraenequipo.com.mx\/ofertan-mas-de-500-plazas-de-trabajo-en-feria-regional-del-empleo\/#primaryimage\",\"url\":\"https:\/\/www.sonoraenequipo.com.mx\/storage\/2022\/05\/feria-del-empleo4.jpg\",\"contentUrl\":\"https:\/\/www.sonoraenequipo.com.mx\/storage\/2022\/05\/feria-del-empleo4.jpg\",\"width\":700,\"height\":400},{\"@type\":\"BreadcrumbList\",\"@id\":\"https:\/\/www.sonoraenequipo.com.mx\/ofertan-mas-de-500-plazas-de-trabajo-en-feria-regional-del-empleo\/#breadcrumb\",\"itemListElement\":[{\"@type\":\"ListItem\",\"position\":1,\"name\":\"Portada\",\"item\":\"https:\/\/www.sonoraenequipo.com.mx\/\"},{\"@type\":\"ListItem\",\"position\":2,\"name\":\"Ofertan m\u00e1s de 500 plazas de trabajo en Feria Regional del Empleo\"}]},{\"@type\":\"WebSite\",\"@id\":\"https:\/\/www.sonoraenequipo.com.mx\/#website\",\"url\":\"https:\/\/www.sonoraenequipo.com.mx\/\",\"name\":\"Sonora en Equipo.\",\"description\":\"Diario en l\u00ednea con Noticias desde Hermosillo, Sonora\",\"publisher\":{\"@id\":\"https:\/\/www.sonoraenequipo.com.mx\/#organization\"},\"potentialAction\":[{\"@type\":\"SearchAction\",\"target\":{\"@type\":\"EntryPoint\",\"urlTemplate\":\"https:\/\/www.sonoraenequipo.com.mx\/?s={search_term_string}\"},\"query-input\":{\"@type\":\"PropertyValueSpecification\",\"valueRequired\":true,\"valueName\":\"search_term_string\"}}],\"inLanguage\":\"es\"},{\"@type\":\"Organization\",\"@id\":\"https:\/\/www.sonoraenequipo.com.mx\/#organization\",\"name\":\"Sonoraenequipo.com.mx\",\"url\":\"https:\/\/www.sonoraenequipo.com.mx\/\",\"logo\":{\"@type\":\"ImageObject\",\"inLanguage\":\"es\",\"@id\":\"https:\/\/www.sonoraenequipo.com.mx\/#\/schema\/logo\/image\/\",\"url\":\"https:\/\/www.sonoraenequipo.com.mx\/storage\/2019\/01\/sonoraenequipo_opt.png\",\"contentUrl\":\"https:\/\/www.sonoraenequipo.com.mx\/storage\/2019\/01\/sonoraenequipo_opt.png\",\"width\":375,\"height\":125,\"caption\":\"Sonoraenequipo.com.mx\"},\"image\":{\"@id\":\"https:\/\/www.sonoraenequipo.com.mx\/#\/schema\/logo\/image\/\"},\"sameAs\":[\"https:\/\/www.facebook.com\/SonoraEE\/\",\"https:\/\/x.com\/sonoraenequipo\",\"https:\/\/www.youtube.com\/channel\/UC338nW-lPEYmJQs4ZABQ1SQ\"]},{\"@type\":\"Person\",\"@id\":\"https:\/\/www.sonoraenequipo.com.mx\/#\/schema\/person\/50102df0fb23a8fa9e8effad8fa81386\",\"name\":\"enequipo\",\"image\":{\"@type\":\"ImageObject\",\"inLanguage\":\"es\",\"@id\":\"https:\/\/www.sonoraenequipo.com.mx\/#\/schema\/person\/image\/\",\"url\":\"https:\/\/secure.gravatar.com\/avatar\/049821681b589dabc0bc20695993ccebb09f5b5d4d790cd9251b97faac7c652b?s=96&d=blank&r=g\",\"contentUrl\":\"https:\/\/secure.gravatar.com\/avatar\/049821681b589dabc0bc20695993ccebb09f5b5d4d790cd9251b97faac7c652b?s=96&d=blank&r=g\",\"caption\":\"enequipo\"},\"sameAs\":[\"https:\/\/www.facebook.com\/SonoraEE\"]}]}<\/script>\n ","yoast_head_json":{"title":"Sonora en Equipo. Ofertan m\u00e1s de 500 plazas de trabajo en Feria Regional del Empleo","description":"CIUDAD OBREG\u00d3N, SONORA. MX. \u2014 Ciudad Obreg\u00f3n, Sonora; 25 de mayo del 2022.- Como parte de las acciones para lograr la transformaci\u00f3n de Sonora impulsada En Sonora en Equipo publicamos toda la informaci\u00f3n de Sonora, M\u00e9xico y el Mundo de manera oportuna y busca que la libertad de expresi\u00f3n sea real. Visita nuestro medio informativo publicado desde Hermosillo, Sonora. %","robots":{"index":"index","follow":"follow","max-snippet":"max-snippet:-1","max-image-preview":"max-image-preview:large","max-video-preview":"max-video-preview:-1"},"canonical":"https:\/\/www.sonoraenequipo.com.mx\/ofertan-mas-de-500-plazas-de-trabajo-en-feria-regional-del-empleo\/","og_locale":"es_ES","og_type":"article","og_title":"Sonora en Equipo. Ofertan m\u00e1s de 500 plazas de trabajo en Feria Regional del Empleo","og_description":"CIUDAD OBREG\u00d3N, SONORA. MX. \u2014 Ciudad Obreg\u00f3n, Sonora; 25 de mayo del 2022.- Como parte de las acciones para lograr la transformaci\u00f3n de Sonora impulsada En Sonora en Equipo publicamos toda la informaci\u00f3n de Sonora, M\u00e9xico y el Mundo de manera oportuna y busca que la libertad de expresi\u00f3n sea real. Visita nuestro medio informativo publicado desde Hermosillo, Sonora. %","og_url":"https:\/\/www.sonoraenequipo.com.mx\/ofertan-mas-de-500-plazas-de-trabajo-en-feria-regional-del-empleo\/","og_site_name":"Sonora en Equipo.","article_publisher":"https:\/\/www.facebook.com\/SonoraEE\/","article_author":"https:\/\/www.facebook.com\/SonoraEE","article_published_time":"2022-05-26T14:20:04+00:00","article_modified_time":"2022-05-27T04:54:16+00:00","og_image":[{"width":700,"height":400,"url":"https:\/\/www.sonoraenequipo.com.mx\/storage\/2022\/05\/feria-del-empleo4.jpg","type":"image\/jpeg"}],"author":"enequipo","twitter_card":"summary_large_image","twitter_creator":"@sonoraenequipo","twitter_site":"@sonoraenequipo","twitter_misc":{"Escrito por":"enequipo","Tiempo de lectura":"2 minutos"},"schema":{"@context":"https:\/\/schema.org","@graph":[{"@type":"Article","@id":"https:\/\/www.sonoraenequipo.com.mx\/ofertan-mas-de-500-plazas-de-trabajo-en-feria-regional-del-empleo\/#article","isPartOf":{"@id":"https:\/\/www.sonoraenequipo.com.mx\/ofertan-mas-de-500-plazas-de-trabajo-en-feria-regional-del-empleo\/"},"author":{"name":"enequipo","@id":"https:\/\/www.sonoraenequipo.com.mx\/#\/schema\/person\/50102df0fb23a8fa9e8effad8fa81386"},"headline":"Ofertan m\u00e1s de 500 plazas de trabajo en Feria Regional del Empleo","datePublished":"2022-05-26T14:20:04+00:00","dateModified":"2022-05-27T04:54:16+00:00","mainEntityOfPage":{"@id":"https:\/\/www.sonoraenequipo.com.mx\/ofertan-mas-de-500-plazas-de-trabajo-en-feria-regional-del-empleo\/"},"wordCount":356,"commentCount":0,"publisher":{"@id":"https:\/\/www.sonoraenequipo.com.mx\/#organization"},"image":{"@id":"https:\/\/www.sonoraenequipo.com.mx\/ofertan-mas-de-500-plazas-de-trabajo-en-feria-regional-del-empleo\/#primaryimage"},"thumbnailUrl":"https:\/\/www.sonoraenequipo.com.mx\/storage\/2022\/05\/feria-del-empleo4.jpg","articleSection":["Sonora"],"inLanguage":"es","potentialAction":[{"@type":"CommentAction","name":"Comment","target":["https:\/\/www.sonoraenequipo.com.mx\/ofertan-mas-de-500-plazas-de-trabajo-en-feria-regional-del-empleo\/#respond"]}]},{"@type":"WebPage","@id":"https:\/\/www.sonoraenequipo.com.mx\/ofertan-mas-de-500-plazas-de-trabajo-en-feria-regional-del-empleo\/","url":"https:\/\/www.sonoraenequipo.com.mx\/ofertan-mas-de-500-plazas-de-trabajo-en-feria-regional-del-empleo\/","name":"Sonora en Equipo. Ofertan m\u00e1s de 500 plazas de trabajo en Feria Regional del Empleo","isPartOf":{"@id":"https:\/\/www.sonoraenequipo.com.mx\/#website"},"primaryImageOfPage":{"@id":"https:\/\/www.sonoraenequipo.com.mx\/ofertan-mas-de-500-plazas-de-trabajo-en-feria-regional-del-empleo\/#primaryimage"},"image":{"@id":"https:\/\/www.sonoraenequipo.com.mx\/ofertan-mas-de-500-plazas-de-trabajo-en-feria-regional-del-empleo\/#primaryimage"},"thumbnailUrl":"https:\/\/www.sonoraenequipo.com.mx\/storage\/2022\/05\/feria-del-empleo4.jpg","datePublished":"2022-05-26T14:20:04+00:00","dateModified":"2022-05-27T04:54:16+00:00","description":"CIUDAD OBREG\u00d3N, SONORA. MX. \u2014 Ciudad Obreg\u00f3n, Sonora; 25 de mayo del 2022.- Como parte de las acciones para lograr la transformaci\u00f3n de Sonora impulsada En Sonora en Equipo publicamos toda la informaci\u00f3n de Sonora, M\u00e9xico y el Mundo de manera oportuna y busca que la libertad de expresi\u00f3n sea real. Visita nuestro medio informativo publicado desde Hermosillo, Sonora. %","breadcrumb":{"@id":"https:\/\/www.sonoraenequipo.com.mx\/ofertan-mas-de-500-plazas-de-trabajo-en-feria-regional-del-empleo\/#breadcrumb"},"inLanguage":"es","potentialAction":[{"@type":"ReadAction","target":["https:\/\/www.sonoraenequipo.com.mx\/ofertan-mas-de-500-plazas-de-trabajo-en-feria-regional-del-empleo\/"]}]},{"@type":"ImageObject","inLanguage":"es","@id":"https:\/\/www.sonoraenequipo.com.mx\/ofertan-mas-de-500-plazas-de-trabajo-en-feria-regional-del-empleo\/#primaryimage","url":"https:\/\/www.sonoraenequipo.com.mx\/storage\/2022\/05\/feria-del-empleo4.jpg","contentUrl":"https:\/\/www.sonoraenequipo.com.mx\/storage\/2022\/05\/feria-del-empleo4.jpg","width":700,"height":400},{"@type":"BreadcrumbList","@id":"https:\/\/www.sonoraenequipo.com.mx\/ofertan-mas-de-500-plazas-de-trabajo-en-feria-regional-del-empleo\/#breadcrumb","itemListElement":[{"@type":"ListItem","position":1,"name":"Portada","item":"https:\/\/www.sonoraenequipo.com.mx\/"},{"@type":"ListItem","position":2,"name":"Ofertan m\u00e1s de 500 plazas de trabajo en Feria Regional del Empleo"}]},{"@type":"WebSite","@id":"https:\/\/www.sonoraenequipo.com.mx\/#website","url":"https:\/\/www.sonoraenequipo.com.mx\/","name":"Sonora en Equipo.","description":"Diario en l\u00ednea con Noticias desde Hermosillo, Sonora","publisher":{"@id":"https:\/\/www.sonoraenequipo.com.mx\/#organization"},"potentialAction":[{"@type":"SearchAction","target":{"@type":"EntryPoint","urlTemplate":"https:\/\/www.sonoraenequipo.com.mx\/?s={search_term_string}"},"query-input":{"@type":"PropertyValueSpecification","valueRequired":true,"valueName":"search_term_string"}}],"inLanguage":"es"},{"@type":"Organization","@id":"https:\/\/www.sonoraenequipo.com.mx\/#organization","name":"Sonoraenequipo.com.mx","url":"https:\/\/www.sonoraenequipo.com.mx\/","logo":{"@type":"ImageObject","inLanguage":"es","@id":"https:\/\/www.sonoraenequipo.com.mx\/#\/schema\/logo\/image\/","url":"https:\/\/www.sonoraenequipo.com.mx\/storage\/2019\/01\/sonoraenequipo_opt.png","contentUrl":"https:\/\/www.sonoraenequipo.com.mx\/storage\/2019\/01\/sonoraenequipo_opt.png","width":375,"height":125,"caption":"Sonoraenequipo.com.mx"},"image":{"@id":"https:\/\/www.sonoraenequipo.com.mx\/#\/schema\/logo\/image\/"},"sameAs":["https:\/\/www.facebook.com\/SonoraEE\/","https:\/\/x.com\/sonoraenequipo","https:\/\/www.youtube.com\/channel\/UC338nW-lPEYmJQs4ZABQ1SQ"]},{"@type":"Person","@id":"https:\/\/www.sonoraenequipo.com.mx\/#\/schema\/person\/50102df0fb23a8fa9e8effad8fa81386","name":"enequipo","image":{"@type":"ImageObject","inLanguage":"es","@id":"https:\/\/www.sonoraenequipo.com.mx\/#\/schema\/person\/image\/","url":"https:\/\/secure.gravatar.com\/avatar\/049821681b589dabc0bc20695993ccebb09f5b5d4d790cd9251b97faac7c652b?s=96&d=blank&r=g","contentUrl":"https:\/\/secure.gravatar.com\/avatar\/049821681b589dabc0bc20695993ccebb09f5b5d4d790cd9251b97faac7c652b?s=96&d=blank&r=g","caption":"enequipo"},"sameAs":["https:\/\/www.facebook.com\/SonoraEE"]}]}},"jetpack_featured_media_url":"https:\/\/www.sonoraenequipo.com.mx\/storage\/2022\/05\/feria-del-empleo4.jpg","_links":{"self":[{"href":"https:\/\/www.sonoraenequipo.com.mx\/api\/wp\/v2\/posts\/139217","targetHints":{"allow":["GET"]}}],"collection":[{"href":"https:\/\/www.sonoraenequipo.com.mx\/api\/wp\/v2\/posts"}],"about":[{"href":"https:\/\/www.sonoraenequipo.com.mx\/api\/wp\/v2\/types\/post"}],"author":[{"embeddable":true,"href":"https:\/\/www.sonoraenequipo.com.mx\/api\/wp\/v2\/users\/1"}],"replies":[{"embeddable":true,"href":"https:\/\/www.sonoraenequipo.com.mx\/api\/wp\/v2\/comments?post=139217"}],"version-history":[{"count":2,"href":"https:\/\/www.sonoraenequipo.com.mx\/api\/wp\/v2\/posts\/139217\/revisions"}],"predecessor-version":[{"id":139221,"href":"https:\/\/www.sonoraenequipo.com.mx\/api\/wp\/v2\/posts\/139217\/revisions\/139221"}],"wp:featuredmedia":[{"embeddable":true,"href":"https:\/\/www.sonoraenequipo.com.mx\/api\/wp\/v2\/media\/139219"}],"wp:attachment":[{"href":"https:\/\/www.sonoraenequipo.com.mx\/api\/wp\/v2\/media?parent=139217"}],"wp:term":[{"taxonomy":"category","embeddable":true,"href":"https:\/\/www.sonoraenequipo.com.mx\/api\/wp\/v2\/categories?post=139217"},{"taxonomy":"post_tag","embeddable":true,"href":"https:\/\/www.sonoraenequipo.com.mx\/api\/wp\/v2\/tags?post=139217"}],"curies":[{"name":"wp","href":"https:\/\/api.w.org\/{rel}","templated":true}]}}